{"id":143387,"date":"2023-08-10T14:41:04","date_gmt":"2023-08-10T12:41:04","guid":{"rendered":"https:\/\/www.bellunopress.it\/?p=143387"},"modified":"2023-08-10T14:41:04","modified_gmt":"2023-08-10T12:41:04","slug":"gli-incontri-senza-appuntamento-del-mercoledi-del-sindaco-oscar-de-pellegrin","status":"publish","type":"post","link":"https:\/\/www.bellunopress.it\/fr\/2023\/08\/10\/gli-incontri-senza-appuntamento-del-mercoledi-del-sindaco-oscar-de-pellegrin\/","title":{"rendered":"Gli incontri senza appuntamento del mercoled\u00ec del sindaco Oscar De Pellegrin"},"content":{"rendered":"<figure id=\"attachment_135245\" aria-describedby=\"caption-attachment-135245\" style=\"width: 803px\" class=\"wp-caption alignleft\"><img loading=\"lazy\" decoding=\"async\" class=\"size-full wp-image-135245\" src=\"https:\/\/www.bellunopress.it\/wp-content\/uploads\/2022\/07\/Oscar-De-Pellegrin-sindaco-di-Belluno_edited.jpg\" alt=\"\" width=\"803\" height=\"1000\" srcset=\"https:\/\/www.bellunopress.it\/wp-content\/uploads\/2022\/07\/Oscar-De-Pellegrin-sindaco-di-Belluno_edited.jpg 803w, https:\/\/www.bellunopress.it\/wp-content\/uploads\/2022\/07\/Oscar-De-Pellegrin-sindaco-di-Belluno_edited-402x500.jpg 402w, https:\/\/www.bellunopress.it\/wp-content\/uploads\/2022\/07\/Oscar-De-Pellegrin-sindaco-di-Belluno_edited-696x867.jpg 696w, https:\/\/www.bellunopress.it\/wp-content\/uploads\/2022\/07\/Oscar-De-Pellegrin-sindaco-di-Belluno_edited-337x420.jpg 337w\" sizes=\"auto, (max-width: 803px) 100vw, 803px\" \/><figcaption id=\"caption-attachment-135245\" class=\"wp-caption-text\">Oscar De Pellegrin, sindaco di Belluno<\/figcaption><\/figure>\n<p><em><strong>Compie un anno l\u2019iniziativa avviata dal sindaco per dialogare in modo diretto con la popolazione<\/strong><\/em><\/p>\n<p>Belluno, 10 agosto 2023 &#8211;\u00a0Cinquantatr\u00e9 incontri e una media di 5-6 cittadini a settimana: compie un anno l\u2019iniziativa dei colloqui del mercoled\u00ec senza appuntamento. \u00c8 positivo il bilancio dei primi 12 mesi di incontri con il sindaco Oscar De Pellegrin senza appuntamento a Palazzo Rosso. L\u2019iniziativa aveva preso il via il 10 agosto del 2022 con l\u2019intento di favorire il dialogo con l\u2019amministrazione da parte della popolazione che, in questo modo, ogni mercoled\u00ec mattina dalle 8.30 alle 10, ha potuto accedere liberamente senza appuntamento al colloquio con il primo cittadino o con un assessore, in caso di assenza per motivi improrogabili del sindaco.<\/p>\n<p>\u201cQuello del mercoled\u00ec \u00e8 un appuntamento a cui tengo molto \u2013 commenta De Pellegrin \u2013, permette di mantenere un filo diretto, costante e vero con la gente. E i cittadini apprezzano perch\u00e9 nonostante siano passati diversi mesi, il mercoled\u00ec fuori dall\u2019ufficio continua a formarsi un gruppetto di 5-6 persone. Credo molto nel dialogo diretto, pi\u00f9 che in quello attraverso i social, e vorrei puntare sempre di pi\u00f9 su questa forma di comunicazione con i cittadini, avviando anche altre iniziative in questa direzione. Ci sono persone che sono tornate pi\u00f9 e pi\u00f9 volte, c\u2019\u00e8 bisogno di contatto umano e di sapere di poter trovare nell\u2019istituzione Comune un punto di riferimento e di supporto\u201d.<\/p>\n<p>Dall\u2019avvio dell\u2019iniziativa ad oggi sono state 53 le mattinate di ricevimento senza appuntamento, per un totale di circa 74 ore e oltre 270 cittadini ascoltati. A gran parte degli incontri \u00e8 stato il sindaco a ricevere, in sua assenza sono intervenuti gli assessori perch\u00e9 l\u2019iniziativa proseguisse senza interruzioni. In questo modo \u00e8 stato semplificato l\u2019iter per dialogare con la giunta, andando incontro a quella parte di popolazione a cui risulta difficile se non impossibile fissare un appuntamento inviando una mail o telefonando agli uffici come da prassi. Il ricevimento con appuntamento \u00e8 comunque stato mantenuto, per tutti gli altri giorni della settimana.<\/p>\n<p>I ricevimenti liberi si tengono tutto l\u2019anno, ogni mercoled\u00ec dalle 8.30 alle 10, al secondo piano del municipio.<\/p>\n<p>&nbsp;<\/p>\n<p>&nbsp;<\/p>\n<p>&nbsp;<\/p>","protected":false},"excerpt":{"rendered":"<p>Compie un anno l\u2019iniziativa avviata dal sindaco per dialogare in modo diretto con la popolazione Belluno, 10 agosto 2023 &#8211;\u00a0Cinquantatr\u00e9 incontri e una media di 5-6 cittadini a settimana: compie un anno l\u2019iniziativa dei colloqui del mercoled\u00ec senza appuntamento. \u00c8 positivo il bilancio dei primi 12 mesi di incontri con il sindaco Oscar De Pellegrin [&hellip;]<\/p>\n","protected":false},"author":2,"featured_media":135245,"comment_status":"closed","ping_status":"open","sticky":false,"template":"","format":"standard","meta":{"footnotes":""},"categories":[5,8],"tags":[],"class_list":["post-143387","post","type-post","status-publish","format-standard","has-post-thumbnail","category-cronaca","category-societa-istituzioni"],"yoast_head":"<!-- This site is optimized with the Yoast SEO plugin v28.4 - https:\/\/yoast.com\/product\/yoast-seo-wordpress\/ -->\n<title>Gli incontri senza appuntamento del mercoled\u00ec del sindaco Oscar De Pellegrin - Bellunopress - Dolomiti<\/title>\n<meta name=\"robots\" content=\"index, follow, max-snippet:-1, max-image-preview:large, max-video-preview:-1\" \/>\n<link rel=\"canonical\" href=\"https:\/\/www.bellunopress.it\/fr\/2023\/08\/10\/gli-incontri-senza-appuntamento-del-mercoledi-del-sindaco-oscar-de-pellegrin\/\" \/>\n<meta property=\"og:locale\" content=\"fr_FR\" \/>\n<meta property=\"og:type\" content=\"article\" \/>\n<meta property=\"og:title\" content=\"Gli incontri senza appuntamento del mercoled\u00ec del sindaco Oscar De Pellegrin - Bellunopress - Dolomiti\" \/>\n<meta property=\"og:description\" content=\"Compie un anno l\u2019iniziativa avviata dal sindaco per dialogare in modo diretto con la popolazione Belluno, 10 agosto 2023 &#8211;\u00a0Cinquantatr\u00e9 incontri e una media di 5-6 cittadini a settimana: compie un anno l\u2019iniziativa dei colloqui del mercoled\u00ec senza appuntamento. \u00c8 positivo il bilancio dei primi 12 mesi di incontri con il sindaco Oscar De Pellegrin [&hellip;]\" \/>\n<meta property=\"og:url\" content=\"https:\/\/www.bellunopress.it\/fr\/2023\/08\/10\/gli-incontri-senza-appuntamento-del-mercoledi-del-sindaco-oscar-de-pellegrin\/\" \/>\n<meta property=\"og:site_name\" content=\"Bellunopress - Dolomiti\" \/>\n<meta property=\"article:publisher\" content=\"https:\/\/www.facebook.com\/profile.php?id=100008943462799\" \/>\n<meta property=\"article:published_time\" content=\"2023-08-10T12:41:04+00:00\" \/>\n<meta property=\"og:image\" content=\"https:\/\/www.bellunopress.it\/wp-content\/uploads\/2022\/07\/Oscar-De-Pellegrin-sindaco-di-Belluno_edited.jpg\" \/>\n\t<meta property=\"og:image:width\" content=\"803\" \/>\n\t<meta property=\"og:image:height\" content=\"1000\" \/>\n\t<meta property=\"og:image:type\" content=\"image\/jpeg\" \/>\n<meta name=\"author\" content=\"redazione\" \/>\n<meta name=\"twitter:card\" content=\"summary_large_image\" \/>\n<meta name=\"twitter:creator\" content=\"@bellunopress\" \/>\n<meta name=\"twitter:site\" content=\"@bellunopress\" \/>\n<meta name=\"twitter:label1\" content=\"\u00c9crit par\" \/>\n\t<meta name=\"twitter:data1\" content=\"redazione\" \/>\n\t<meta name=\"twitter:label2\" content=\"Dur\u00e9e de lecture estim\u00e9e\" \/>\n\t<meta name=\"twitter:data2\" content=\"2 minutes\" \/>\n<script type=\"application\/ld+json\" class=\"yoast-schema-graph\">{\"@context\":\"https:\\\/\\\/schema.org\",\"@graph\":[{\"@type\":\"Article\",\"@id\":\"https:\\\/\\\/www.bellunopress.it\\\/2023\\\/08\\\/10\\\/gli-incontri-senza-appuntamento-del-mercoledi-del-sindaco-oscar-de-pellegrin\\\/#article\",\"isPartOf\":{\"@id\":\"https:\\\/\\\/www.bellunopress.it\\\/2023\\\/08\\\/10\\\/gli-incontri-senza-appuntamento-del-mercoledi-del-sindaco-oscar-de-pellegrin\\\/\"},\"author\":{\"name\":\"redazione\",\"@id\":\"https:\\\/\\\/www.bellunopress.it\\\/#\\\/schema\\\/person\\\/79bb06722b37ece1c03d3e94beb30d73\"},\"headline\":\"Gli incontri senza appuntamento del mercoled\u00ec del sindaco Oscar De Pellegrin\",\"datePublished\":\"2023-08-10T12:41:04+00:00\",\"mainEntityOfPage\":{\"@id\":\"https:\\\/\\\/www.bellunopress.it\\\/2023\\\/08\\\/10\\\/gli-incontri-senza-appuntamento-del-mercoledi-del-sindaco-oscar-de-pellegrin\\\/\"},\"wordCount\":371,\"publisher\":{\"@id\":\"https:\\\/\\\/www.bellunopress.it\\\/#organization\"},\"image\":{\"@id\":\"https:\\\/\\\/www.bellunopress.it\\\/2023\\\/08\\\/10\\\/gli-incontri-senza-appuntamento-del-mercoledi-del-sindaco-oscar-de-pellegrin\\\/#primaryimage\"},\"thumbnailUrl\":\"https:\\\/\\\/www.bellunopress.it\\\/wp-content\\\/uploads\\\/2022\\\/07\\\/Oscar-De-Pellegrin-sindaco-di-Belluno_edited.jpg\",\"articleSection\":[\"Cronaca\\\/Politica\",\"Societ\u00e0, Associazioni, Istituzioni\"],\"inLanguage\":\"fr-FR\"},{\"@type\":\"WebPage\",\"@id\":\"https:\\\/\\\/www.bellunopress.it\\\/2023\\\/08\\\/10\\\/gli-incontri-senza-appuntamento-del-mercoledi-del-sindaco-oscar-de-pellegrin\\\/\",\"url\":\"https:\\\/\\\/www.bellunopress.it\\\/2023\\\/08\\\/10\\\/gli-incontri-senza-appuntamento-del-mercoledi-del-sindaco-oscar-de-pellegrin\\\/\",\"name\":\"Gli incontri senza appuntamento del mercoled\u00ec del sindaco Oscar De Pellegrin - Bellunopress - Dolomiti\",\"isPartOf\":{\"@id\":\"https:\\\/\\\/www.bellunopress.it\\\/#website\"},\"primaryImageOfPage\":{\"@id\":\"https:\\\/\\\/www.bellunopress.it\\\/2023\\\/08\\\/10\\\/gli-incontri-senza-appuntamento-del-mercoledi-del-sindaco-oscar-de-pellegrin\\\/#primaryimage\"},\"image\":{\"@id\":\"https:\\\/\\\/www.bellunopress.it\\\/2023\\\/08\\\/10\\\/gli-incontri-senza-appuntamento-del-mercoledi-del-sindaco-oscar-de-pellegrin\\\/#primaryimage\"},\"thumbnailUrl\":\"https:\\\/\\\/www.bellunopress.it\\\/wp-content\\\/uploads\\\/2022\\\/07\\\/Oscar-De-Pellegrin-sindaco-di-Belluno_edited.jpg\",\"datePublished\":\"2023-08-10T12:41:04+00:00\",\"breadcrumb\":{\"@id\":\"https:\\\/\\\/www.bellunopress.it\\\/2023\\\/08\\\/10\\\/gli-incontri-senza-appuntamento-del-mercoledi-del-sindaco-oscar-de-pellegrin\\\/#breadcrumb\"},\"inLanguage\":\"fr-FR\",\"potentialAction\":[{\"@type\":\"ReadAction\",\"target\":[\"https:\\\/\\\/www.bellunopress.it\\\/2023\\\/08\\\/10\\\/gli-incontri-senza-appuntamento-del-mercoledi-del-sindaco-oscar-de-pellegrin\\\/\"]}]},{\"@type\":\"ImageObject\",\"inLanguage\":\"fr-FR\",\"@id\":\"https:\\\/\\\/www.bellunopress.it\\\/2023\\\/08\\\/10\\\/gli-incontri-senza-appuntamento-del-mercoledi-del-sindaco-oscar-de-pellegrin\\\/#primaryimage\",\"url\":\"https:\\\/\\\/www.bellunopress.it\\\/wp-content\\\/uploads\\\/2022\\\/07\\\/Oscar-De-Pellegrin-sindaco-di-Belluno_edited.jpg\",\"contentUrl\":\"https:\\\/\\\/www.bellunopress.it\\\/wp-content\\\/uploads\\\/2022\\\/07\\\/Oscar-De-Pellegrin-sindaco-di-Belluno_edited.jpg\",\"width\":803,\"height\":1000,\"caption\":\"Oscar De Pellegrin, sindaco di Belluno\"},{\"@type\":\"BreadcrumbList\",\"@id\":\"https:\\\/\\\/www.bellunopress.it\\\/2023\\\/08\\\/10\\\/gli-incontri-senza-appuntamento-del-mercoledi-del-sindaco-oscar-de-pellegrin\\\/#breadcrumb\",\"itemListElement\":[{\"@type\":\"ListItem\",\"position\":1,\"name\":\"Home\",\"item\":\"https:\\\/\\\/www.bellunopress.it\\\/\"},{\"@type\":\"ListItem\",\"position\":2,\"name\":\"Gli incontri senza appuntamento del mercoled\u00ec del sindaco Oscar De Pellegrin\"}]},{\"@type\":\"WebSite\",\"@id\":\"https:\\\/\\\/www.bellunopress.it\\\/#website\",\"url\":\"https:\\\/\\\/www.bellunopress.it\\\/\",\"name\":\"Bellunopress - Dolomiti\",\"description\":\"e-mail: redazione@bellunopress.it\",\"publisher\":{\"@id\":\"https:\\\/\\\/www.bellunopress.it\\\/#organization\"},\"potentialAction\":[{\"@type\":\"SearchAction\",\"target\":{\"@type\":\"EntryPoint\",\"urlTemplate\":\"https:\\\/\\\/www.bellunopress.it\\\/?s={search_term_string}\"},\"query-input\":{\"@type\":\"PropertyValueSpecification\",\"valueRequired\":true,\"valueName\":\"search_term_string\"}}],\"inLanguage\":\"fr-FR\"},{\"@type\":\"Organization\",\"@id\":\"https:\\\/\\\/www.bellunopress.it\\\/#organization\",\"name\":\"Bellunopress\",\"url\":\"https:\\\/\\\/www.bellunopress.it\\\/\",\"logo\":{\"@type\":\"ImageObject\",\"inLanguage\":\"fr-FR\",\"@id\":\"https:\\\/\\\/www.bellunopress.it\\\/#\\\/schema\\\/logo\\\/image\\\/\",\"url\":\"https:\\\/\\\/www.bellunopress.it\\\/wp-content\\\/uploads\\\/2011\\\/05\\\/cropped-logo-bellunopress-.jpg\",\"contentUrl\":\"https:\\\/\\\/www.bellunopress.it\\\/wp-content\\\/uploads\\\/2011\\\/05\\\/cropped-logo-bellunopress-.jpg\",\"width\":512,\"height\":512,\"caption\":\"Bellunopress\"},\"image\":{\"@id\":\"https:\\\/\\\/www.bellunopress.it\\\/#\\\/schema\\\/logo\\\/image\\\/\"},\"sameAs\":[\"https:\\\/\\\/www.facebook.com\\\/profile.php?id=100008943462799\",\"https:\\\/\\\/x.com\\\/bellunopress\",\"https:\\\/\\\/www.linkedin.com\\\/hp\\\/?dnr=JBzUWaJfMUw8vbXJJ2tVW5-I3jZKvC4wsoxE&amp;amp;amp;amp;amp;amp;trk=nav_responsive_tab_home\",\"https:\\\/\\\/www.youtube.com\\\/channel\\\/UCxL0wu1uN0_3_7hGG0306cw\"]},{\"@type\":\"Person\",\"@id\":\"https:\\\/\\\/www.bellunopress.it\\\/#\\\/schema\\\/person\\\/79bb06722b37ece1c03d3e94beb30d73\",\"name\":\"redazione\",\"image\":{\"@type\":\"ImageObject\",\"inLanguage\":\"fr-FR\",\"@id\":\"https:\\\/\\\/secure.gravatar.com\\\/avatar\\\/37d968a2e67a6fd04c169c4bdef102d0bc5d31b2546345219e348575eb80e9a0?s=96&d=mm&r=g\",\"url\":\"https:\\\/\\\/secure.gravatar.com\\\/avatar\\\/37d968a2e67a6fd04c169c4bdef102d0bc5d31b2546345219e348575eb80e9a0?s=96&d=mm&r=g\",\"contentUrl\":\"https:\\\/\\\/secure.gravatar.com\\\/avatar\\\/37d968a2e67a6fd04c169c4bdef102d0bc5d31b2546345219e348575eb80e9a0?s=96&d=mm&r=g\",\"caption\":\"redazione\"},\"sameAs\":[\"http:\\\/\\\/www.bellunopress.it\",\"https:\\\/\\\/x.com\\\/bellunopress\"],\"url\":\"https:\\\/\\\/www.bellunopress.it\\\/fr\\\/author\\\/redazione\\\/\"}]}<\/script>\n<!-- \/ Yoast SEO plugin. -->","yoast_head_json":{"title":"Gli incontri senza appuntamento del mercoled\u00ec del sindaco Oscar De Pellegrin - Bellunopress - Dolomiti","robots":{"index":"index","follow":"follow","max-snippet":"max-snippet:-1","max-image-preview":"max-image-preview:large","max-video-preview":"max-video-preview:-1"},"canonical":"https:\/\/www.bellunopress.it\/fr\/2023\/08\/10\/gli-incontri-senza-appuntamento-del-mercoledi-del-sindaco-oscar-de-pellegrin\/","og_locale":"fr_FR","og_type":"article","og_title":"Gli incontri senza appuntamento del mercoled\u00ec del sindaco Oscar De Pellegrin - Bellunopress - Dolomiti","og_description":"Compie un anno l\u2019iniziativa avviata dal sindaco per dialogare in modo diretto con la popolazione Belluno, 10 agosto 2023 &#8211;\u00a0Cinquantatr\u00e9 incontri e una media di 5-6 cittadini a settimana: compie un anno l\u2019iniziativa dei colloqui del mercoled\u00ec senza appuntamento. \u00c8 positivo il bilancio dei primi 12 mesi di incontri con il sindaco Oscar De Pellegrin [&hellip;]","og_url":"https:\/\/www.bellunopress.it\/fr\/2023\/08\/10\/gli-incontri-senza-appuntamento-del-mercoledi-del-sindaco-oscar-de-pellegrin\/","og_site_name":"Bellunopress - Dolomiti","article_publisher":"https:\/\/www.facebook.com\/profile.php?id=100008943462799","article_published_time":"2023-08-10T12:41:04+00:00","og_image":[{"width":803,"height":1000,"url":"https:\/\/www.bellunopress.it\/wp-content\/uploads\/2022\/07\/Oscar-De-Pellegrin-sindaco-di-Belluno_edited.jpg","type":"image\/jpeg"}],"author":"redazione","twitter_card":"summary_large_image","twitter_creator":"@bellunopress","twitter_site":"@bellunopress","twitter_misc":{"\u00c9crit par":"redazione","Dur\u00e9e de lecture estim\u00e9e":"2 minutes"},"schema":{"@context":"https:\/\/schema.org","@graph":[{"@type":"Article","@id":"https:\/\/www.bellunopress.it\/2023\/08\/10\/gli-incontri-senza-appuntamento-del-mercoledi-del-sindaco-oscar-de-pellegrin\/#article","isPartOf":{"@id":"https:\/\/www.bellunopress.it\/2023\/08\/10\/gli-incontri-senza-appuntamento-del-mercoledi-del-sindaco-oscar-de-pellegrin\/"},"author":{"name":"redazione","@id":"https:\/\/www.bellunopress.it\/#\/schema\/person\/79bb06722b37ece1c03d3e94beb30d73"},"headline":"Gli incontri senza appuntamento del mercoled\u00ec del sindaco Oscar De Pellegrin","datePublished":"2023-08-10T12:41:04+00:00","mainEntityOfPage":{"@id":"https:\/\/www.bellunopress.it\/2023\/08\/10\/gli-incontri-senza-appuntamento-del-mercoledi-del-sindaco-oscar-de-pellegrin\/"},"wordCount":371,"publisher":{"@id":"https:\/\/www.bellunopress.it\/#organization"},"image":{"@id":"https:\/\/www.bellunopress.it\/2023\/08\/10\/gli-incontri-senza-appuntamento-del-mercoledi-del-sindaco-oscar-de-pellegrin\/#primaryimage"},"thumbnailUrl":"https:\/\/www.bellunopress.it\/wp-content\/uploads\/2022\/07\/Oscar-De-Pellegrin-sindaco-di-Belluno_edited.jpg","articleSection":["Cronaca\/Politica","Societ\u00e0, Associazioni, Istituzioni"],"inLanguage":"fr-FR"},{"@type":"WebPage","@id":"https:\/\/www.bellunopress.it\/2023\/08\/10\/gli-incontri-senza-appuntamento-del-mercoledi-del-sindaco-oscar-de-pellegrin\/","url":"https:\/\/www.bellunopress.it\/2023\/08\/10\/gli-incontri-senza-appuntamento-del-mercoledi-del-sindaco-oscar-de-pellegrin\/","name":"Gli incontri senza appuntamento del mercoled\u00ec del sindaco Oscar De Pellegrin - Bellunopress - Dolomiti","isPartOf":{"@id":"https:\/\/www.bellunopress.it\/#website"},"primaryImageOfPage":{"@id":"https:\/\/www.bellunopress.it\/2023\/08\/10\/gli-incontri-senza-appuntamento-del-mercoledi-del-sindaco-oscar-de-pellegrin\/#primaryimage"},"image":{"@id":"https:\/\/www.bellunopress.it\/2023\/08\/10\/gli-incontri-senza-appuntamento-del-mercoledi-del-sindaco-oscar-de-pellegrin\/#primaryimage"},"thumbnailUrl":"https:\/\/www.bellunopress.it\/wp-content\/uploads\/2022\/07\/Oscar-De-Pellegrin-sindaco-di-Belluno_edited.jpg","datePublished":"2023-08-10T12:41:04+00:00","breadcrumb":{"@id":"https:\/\/www.bellunopress.it\/2023\/08\/10\/gli-incontri-senza-appuntamento-del-mercoledi-del-sindaco-oscar-de-pellegrin\/#breadcrumb"},"inLanguage":"fr-FR","potentialAction":[{"@type":"ReadAction","target":["https:\/\/www.bellunopress.it\/2023\/08\/10\/gli-incontri-senza-appuntamento-del-mercoledi-del-sindaco-oscar-de-pellegrin\/"]}]},{"@type":"ImageObject","inLanguage":"fr-FR","@id":"https:\/\/www.bellunopress.it\/2023\/08\/10\/gli-incontri-senza-appuntamento-del-mercoledi-del-sindaco-oscar-de-pellegrin\/#primaryimage","url":"https:\/\/www.bellunopress.it\/wp-content\/uploads\/2022\/07\/Oscar-De-Pellegrin-sindaco-di-Belluno_edited.jpg","contentUrl":"https:\/\/www.bellunopress.it\/wp-content\/uploads\/2022\/07\/Oscar-De-Pellegrin-sindaco-di-Belluno_edited.jpg","width":803,"height":1000,"caption":"Oscar De Pellegrin, sindaco di Belluno"},{"@type":"BreadcrumbList","@id":"https:\/\/www.bellunopress.it\/2023\/08\/10\/gli-incontri-senza-appuntamento-del-mercoledi-del-sindaco-oscar-de-pellegrin\/#breadcrumb","itemListElement":[{"@type":"ListItem","position":1,"name":"Home","item":"https:\/\/www.bellunopress.it\/"},{"@type":"ListItem","position":2,"name":"Gli incontri senza appuntamento del mercoled\u00ec del sindaco Oscar De Pellegrin"}]},{"@type":"WebSite","@id":"https:\/\/www.bellunopress.it\/#website","url":"https:\/\/www.bellunopress.it\/","name":"Bellunopress - Dolomiti","description":"e-mail: redazione@bellunopress.it","publisher":{"@id":"https:\/\/www.bellunopress.it\/#organization"},"potentialAction":[{"@type":"SearchAction","target":{"@type":"EntryPoint","urlTemplate":"https:\/\/www.bellunopress.it\/?s={search_term_string}"},"query-input":{"@type":"PropertyValueSpecification","valueRequired":true,"valueName":"search_term_string"}}],"inLanguage":"fr-FR"},{"@type":"Organization","@id":"https:\/\/www.bellunopress.it\/#organization","name":"Bellunopress","url":"https:\/\/www.bellunopress.it\/","logo":{"@type":"ImageObject","inLanguage":"fr-FR","@id":"https:\/\/www.bellunopress.it\/#\/schema\/logo\/image\/","url":"https:\/\/www.bellunopress.it\/wp-content\/uploads\/2011\/05\/cropped-logo-bellunopress-.jpg","contentUrl":"https:\/\/www.bellunopress.it\/wp-content\/uploads\/2011\/05\/cropped-logo-bellunopress-.jpg","width":512,"height":512,"caption":"Bellunopress"},"image":{"@id":"https:\/\/www.bellunopress.it\/#\/schema\/logo\/image\/"},"sameAs":["https:\/\/www.facebook.com\/profile.php?id=100008943462799","https:\/\/x.com\/bellunopress","https:\/\/www.linkedin.com\/hp\/?dnr=JBzUWaJfMUw8vbXJJ2tVW5-I3jZKvC4wsoxE&amp;amp;amp;amp;amp;amp;trk=nav_responsive_tab_home","https:\/\/www.youtube.com\/channel\/UCxL0wu1uN0_3_7hGG0306cw"]},{"@type":"Person","@id":"https:\/\/www.bellunopress.it\/#\/schema\/person\/79bb06722b37ece1c03d3e94beb30d73","name":"r\u00e9daction","image":{"@type":"ImageObject","inLanguage":"fr-FR","@id":"https:\/\/secure.gravatar.com\/avatar\/37d968a2e67a6fd04c169c4bdef102d0bc5d31b2546345219e348575eb80e9a0?s=96&d=mm&r=g","url":"https:\/\/secure.gravatar.com\/avatar\/37d968a2e67a6fd04c169c4bdef102d0bc5d31b2546345219e348575eb80e9a0?s=96&d=mm&r=g","contentUrl":"https:\/\/secure.gravatar.com\/avatar\/37d968a2e67a6fd04c169c4bdef102d0bc5d31b2546345219e348575eb80e9a0?s=96&d=mm&r=g","caption":"redazione"},"sameAs":["http:\/\/www.bellunopress.it","https:\/\/x.com\/bellunopress"],"url":"https:\/\/www.bellunopress.it\/fr\/author\/redazione\/"}]}},"_links":{"self":[{"href":"https:\/\/www.bellunopress.it\/fr\/wp-json\/wp\/v2\/posts\/143387","targetHints":{"allow":["GET"]}}],"collection":[{"href":"https:\/\/www.bellunopress.it\/fr\/wp-json\/wp\/v2\/posts"}],"about":[{"href":"https:\/\/www.bellunopress.it\/fr\/wp-json\/wp\/v2\/types\/post"}],"author":[{"embeddable":true,"href":"https:\/\/www.bellunopress.it\/fr\/wp-json\/wp\/v2\/users\/2"}],"replies":[{"embeddable":true,"href":"https:\/\/www.bellunopress.it\/fr\/wp-json\/wp\/v2\/comments?post=143387"}],"version-history":[{"count":1,"href":"https:\/\/www.bellunopress.it\/fr\/wp-json\/wp\/v2\/posts\/143387\/revisions"}],"predecessor-version":[{"id":143388,"href":"https:\/\/www.bellunopress.it\/fr\/wp-json\/wp\/v2\/posts\/143387\/revisions\/143388"}],"wp:featuredmedia":[{"embeddable":true,"href":"https:\/\/www.bellunopress.it\/fr\/wp-json\/wp\/v2\/media\/135245"}],"wp:attachment":[{"href":"https:\/\/www.bellunopress.it\/fr\/wp-json\/wp\/v2\/media?parent=143387"}],"wp:term":[{"taxonomy":"category","embeddable":true,"href":"https:\/\/www.bellunopress.it\/fr\/wp-json\/wp\/v2\/categories?post=143387"},{"taxonomy":"post_tag","embeddable":true,"href":"https:\/\/www.bellunopress.it\/fr\/wp-json\/wp\/v2\/tags?post=143387"}],"curies":[{"name":"wp","href":"https:\/\/api.w.org\/{rel}","templated":true}]}}