{"id":143378,"date":"2023-08-09T19:52:45","date_gmt":"2023-08-09T17:52:45","guid":{"rendered":"https:\/\/www.bellunopress.it\/?p=143378"},"modified":"2023-08-09T19:52:45","modified_gmt":"2023-08-09T17:52:45","slug":"rete-italiana-pace-e-disarmo-sabato-mattina-in-piazza-duomo-contro-le-armi-nucleari","status":"publish","type":"post","link":"https:\/\/www.bellunopress.it\/fr\/2023\/08\/09\/rete-italiana-pace-e-disarmo-sabato-mattina-in-piazza-duomo-contro-le-armi-nucleari\/","title":{"rendered":"Rete italiana Pace e Disarmo sabato mattina in piazza Duomo contro le armi nucleari"},"content":{"rendered":"<p><img loading=\"lazy\" decoding=\"async\" class=\"alignleft size-full wp-image-132304\" src=\"https:\/\/www.bellunopress.it\/wp-content\/uploads\/2022\/03\/Pace-disarmo-Belluno.jpg\" alt=\"\" width=\"241\" height=\"240\" \/>Il 9 agosto si commemora il tragico anniversario delle esplosioni nucleari su Hiroshima e Nagasaki. Oggi nel mondo sono dispiegate circa 12.500 testate nucleari, di cui un centinaio sono presenti anche in Italia. Anche in Europa, dove \u00e8 in corso una terribile guerra, i principali contendenti sono possessori di armi nucleari. Gli stati del mondo con il maggior numero di ordigni nucleari sono la Russia, gli Stati Uniti, la Cina, la Francia, il<br \/>\nRegno Unito, l\u2019India, il Pakistan, Israele.<\/p>\n<p>In questo contesto vogliamo rilanciare la campagna \u201cITALIA, RIPENSACI\u201d, lanciata dalla<br \/>\nRete Italiana Pace e Disarmo e dai movimenti \u201cSenzatomica\u201d, per chiedere l\u2019adesione del<br \/>\nnostro governo al Trattato ONU di Proibizione delle Armi Nucleari del luglio 2017 (TPNW),<br \/>\nche mette al bando le armi nucleari, promosso dall\u2019ICAN (Campagna internazionale per<br \/>\nl\u2019abolizione delle armi nucleari), premio Nobel per la pace 2017. Il 22 gennaio 2021 tale<br \/>\ntrattato \u00e8 entrato in vigore in quanto 51 Stati lo hanno ratificato. Oggi vi aderiscono 68<br \/>\npaesi tra cui l\u2019Austria. Il Brasile \u00e8 prossimo all\u2019adesione. Il Trattato \u00e8 la prima norma<br \/>\ninternazionale che mette fuorilegge gli ordigni pi\u00f9 distruttivi e inumani della storia, ma<br \/>\nl\u2019Italia non lo ha ancora firmato dal 2017.<\/p>\n<p>Per queste ragioni saremo in piazza Duomo a Belluno dalle ore 9,00 alle 13,00 di<br \/>\nsabato 12 agosto 2023 e invitiamo tutti a firmare l\u2019appello della campagna, affinch\u00e9<br \/>\nanche il comune di Belluno, capoluogo della provincia, come Padova, Modena, Torino, ed<br \/>\naltri comuni hanno gi\u00e0 fatto, inviti l\u2019Italia a sottoscrivere il trattato ONU di proibizione delle<br \/>\narmi nucleari<\/p>\n<p>(https:\/\/retepacedisarmo.org\/disarmo-nucleare\/appello-delle-citta-a-favore-del-trattatotpnw\/).<br \/>\nLa sottoscrizione \u00e8 aperta anche su Change.org ( https:\/\/chng.it\/c9wQNS7pwn )<br \/>\nCoordinamento provinciale Pace e Disarmo<br \/>\nPagina Facebook: Pace e Disarmo Coordinamento Provinciale Belluno<\/p>","protected":false},"excerpt":{"rendered":"<p>Il 9 agosto si commemora il tragico anniversario delle esplosioni nucleari su Hiroshima e Nagasaki. Oggi nel mondo sono dispiegate circa 12.500 testate nucleari, di cui un centinaio sono presenti anche in Italia. Anche in Europa, dove \u00e8 in corso una terribile guerra, i principali contendenti sono possessori di armi nucleari. Gli stati del mondo [&hellip;]<\/p>\n","protected":false},"author":2,"featured_media":0,"comment_status":"closed","ping_status":"open","sticky":false,"template":"","format":"standard","meta":{"footnotes":""},"categories":[8],"tags":[],"class_list":["post-143378","post","type-post","status-publish","format-standard","category-societa-istituzioni"],"yoast_head":"<!-- This site is optimized with the Yoast SEO plugin v28.4 - https:\/\/yoast.com\/product\/yoast-seo-wordpress\/ -->\n<title>Rete italiana Pace e Disarmo sabato mattina in piazza Duomo contro le armi nucleari - Bellunopress - Dolomiti<\/title>\n<meta name=\"robots\" content=\"index, follow, max-snippet:-1, max-image-preview:large, max-video-preview:-1\" \/>\n<link rel=\"canonical\" href=\"https:\/\/www.bellunopress.it\/fr\/2023\/08\/09\/rete-italiana-pace-e-disarmo-sabato-mattina-in-piazza-duomo-contro-le-armi-nucleari\/\" \/>\n<meta property=\"og:locale\" content=\"fr_FR\" \/>\n<meta property=\"og:type\" content=\"article\" \/>\n<meta property=\"og:title\" content=\"Rete italiana Pace e Disarmo sabato mattina in piazza Duomo contro le armi nucleari - Bellunopress - Dolomiti\" \/>\n<meta property=\"og:description\" content=\"Il 9 agosto si commemora il tragico anniversario delle esplosioni nucleari su Hiroshima e Nagasaki. Oggi nel mondo sono dispiegate circa 12.500 testate nucleari, di cui un centinaio sono presenti anche in Italia. Anche in Europa, dove \u00e8 in corso una terribile guerra, i principali contendenti sono possessori di armi nucleari. Gli stati del mondo [&hellip;]\" \/>\n<meta property=\"og:url\" content=\"https:\/\/www.bellunopress.it\/fr\/2023\/08\/09\/rete-italiana-pace-e-disarmo-sabato-mattina-in-piazza-duomo-contro-le-armi-nucleari\/\" \/>\n<meta property=\"og:site_name\" content=\"Bellunopress - Dolomiti\" \/>\n<meta property=\"article:publisher\" content=\"https:\/\/www.facebook.com\/profile.php?id=100008943462799\" \/>\n<meta property=\"article:published_time\" content=\"2023-08-09T17:52:45+00:00\" \/>\n<meta property=\"og:image\" content=\"http:\/\/www.bellunopress.it\/wp-content\/uploads\/2012\/07\/logo-bellunopress-250x250-2012.jpg\" \/>\n<meta name=\"author\" content=\"redazione\" \/>\n<meta name=\"twitter:card\" content=\"summary_large_image\" \/>\n<meta name=\"twitter:creator\" content=\"@bellunopress\" \/>\n<meta name=\"twitter:site\" content=\"@bellunopress\" \/>\n<meta name=\"twitter:label1\" content=\"\u00c9crit par\" \/>\n\t<meta name=\"twitter:data1\" content=\"redazione\" \/>\n\t<meta name=\"twitter:label2\" content=\"Dur\u00e9e de lecture estim\u00e9e\" \/>\n\t<meta name=\"twitter:data2\" content=\"1 minute\" \/>\n<script type=\"application\/ld+json\" class=\"yoast-schema-graph\">{\"@context\":\"https:\\\/\\\/schema.org\",\"@graph\":[{\"@type\":\"Article\",\"@id\":\"https:\\\/\\\/www.bellunopress.it\\\/2023\\\/08\\\/09\\\/rete-italiana-pace-e-disarmo-sabato-mattina-in-piazza-duomo-contro-le-armi-nucleari\\\/#article\",\"isPartOf\":{\"@id\":\"https:\\\/\\\/www.bellunopress.it\\\/2023\\\/08\\\/09\\\/rete-italiana-pace-e-disarmo-sabato-mattina-in-piazza-duomo-contro-le-armi-nucleari\\\/\"},\"author\":{\"name\":\"redazione\",\"@id\":\"https:\\\/\\\/www.bellunopress.it\\\/#\\\/schema\\\/person\\\/79bb06722b37ece1c03d3e94beb30d73\"},\"headline\":\"Rete italiana Pace e Disarmo sabato mattina in piazza Duomo contro le armi nucleari\",\"datePublished\":\"2023-08-09T17:52:45+00:00\",\"mainEntityOfPage\":{\"@id\":\"https:\\\/\\\/www.bellunopress.it\\\/2023\\\/08\\\/09\\\/rete-italiana-pace-e-disarmo-sabato-mattina-in-piazza-duomo-contro-le-armi-nucleari\\\/\"},\"wordCount\":291,\"publisher\":{\"@id\":\"https:\\\/\\\/www.bellunopress.it\\\/#organization\"},\"image\":{\"@id\":\"https:\\\/\\\/www.bellunopress.it\\\/2023\\\/08\\\/09\\\/rete-italiana-pace-e-disarmo-sabato-mattina-in-piazza-duomo-contro-le-armi-nucleari\\\/#primaryimage\"},\"thumbnailUrl\":\"https:\\\/\\\/www.bellunopress.it\\\/wp-content\\\/uploads\\\/2022\\\/03\\\/Pace-disarmo-Belluno.jpg\",\"articleSection\":[\"Societ\u00e0, Associazioni, Istituzioni\"],\"inLanguage\":\"fr-FR\"},{\"@type\":\"WebPage\",\"@id\":\"https:\\\/\\\/www.bellunopress.it\\\/2023\\\/08\\\/09\\\/rete-italiana-pace-e-disarmo-sabato-mattina-in-piazza-duomo-contro-le-armi-nucleari\\\/\",\"url\":\"https:\\\/\\\/www.bellunopress.it\\\/2023\\\/08\\\/09\\\/rete-italiana-pace-e-disarmo-sabato-mattina-in-piazza-duomo-contro-le-armi-nucleari\\\/\",\"name\":\"Rete italiana Pace e Disarmo sabato mattina in piazza Duomo contro le armi nucleari - Bellunopress - Dolomiti\",\"isPartOf\":{\"@id\":\"https:\\\/\\\/www.bellunopress.it\\\/#website\"},\"primaryImageOfPage\":{\"@id\":\"https:\\\/\\\/www.bellunopress.it\\\/2023\\\/08\\\/09\\\/rete-italiana-pace-e-disarmo-sabato-mattina-in-piazza-duomo-contro-le-armi-nucleari\\\/#primaryimage\"},\"image\":{\"@id\":\"https:\\\/\\\/www.bellunopress.it\\\/2023\\\/08\\\/09\\\/rete-italiana-pace-e-disarmo-sabato-mattina-in-piazza-duomo-contro-le-armi-nucleari\\\/#primaryimage\"},\"thumbnailUrl\":\"https:\\\/\\\/www.bellunopress.it\\\/wp-content\\\/uploads\\\/2022\\\/03\\\/Pace-disarmo-Belluno.jpg\",\"datePublished\":\"2023-08-09T17:52:45+00:00\",\"breadcrumb\":{\"@id\":\"https:\\\/\\\/www.bellunopress.it\\\/2023\\\/08\\\/09\\\/rete-italiana-pace-e-disarmo-sabato-mattina-in-piazza-duomo-contro-le-armi-nucleari\\\/#breadcrumb\"},\"inLanguage\":\"fr-FR\",\"potentialAction\":[{\"@type\":\"ReadAction\",\"target\":[\"https:\\\/\\\/www.bellunopress.it\\\/2023\\\/08\\\/09\\\/rete-italiana-pace-e-disarmo-sabato-mattina-in-piazza-duomo-contro-le-armi-nucleari\\\/\"]}]},{\"@type\":\"ImageObject\",\"inLanguage\":\"fr-FR\",\"@id\":\"https:\\\/\\\/www.bellunopress.it\\\/2023\\\/08\\\/09\\\/rete-italiana-pace-e-disarmo-sabato-mattina-in-piazza-duomo-contro-le-armi-nucleari\\\/#primaryimage\",\"url\":\"https:\\\/\\\/www.bellunopress.it\\\/wp-content\\\/uploads\\\/2022\\\/03\\\/Pace-disarmo-Belluno.jpg\",\"contentUrl\":\"https:\\\/\\\/www.bellunopress.it\\\/wp-content\\\/uploads\\\/2022\\\/03\\\/Pace-disarmo-Belluno.jpg\"},{\"@type\":\"BreadcrumbList\",\"@id\":\"https:\\\/\\\/www.bellunopress.it\\\/2023\\\/08\\\/09\\\/rete-italiana-pace-e-disarmo-sabato-mattina-in-piazza-duomo-contro-le-armi-nucleari\\\/#breadcrumb\",\"itemListElement\":[{\"@type\":\"ListItem\",\"position\":1,\"name\":\"Home\",\"item\":\"https:\\\/\\\/www.bellunopress.it\\\/\"},{\"@type\":\"ListItem\",\"position\":2,\"name\":\"Rete italiana Pace e Disarmo sabato mattina in piazza Duomo contro le armi nucleari\"}]},{\"@type\":\"WebSite\",\"@id\":\"https:\\\/\\\/www.bellunopress.it\\\/#website\",\"url\":\"https:\\\/\\\/www.bellunopress.it\\\/\",\"name\":\"Bellunopress - Dolomiti\",\"description\":\"e-mail: redazione@bellunopress.it\",\"publisher\":{\"@id\":\"https:\\\/\\\/www.bellunopress.it\\\/#organization\"},\"potentialAction\":[{\"@type\":\"SearchAction\",\"target\":{\"@type\":\"EntryPoint\",\"urlTemplate\":\"https:\\\/\\\/www.bellunopress.it\\\/?s={search_term_string}\"},\"query-input\":{\"@type\":\"PropertyValueSpecification\",\"valueRequired\":true,\"valueName\":\"search_term_string\"}}],\"inLanguage\":\"fr-FR\"},{\"@type\":\"Organization\",\"@id\":\"https:\\\/\\\/www.bellunopress.it\\\/#organization\",\"name\":\"Bellunopress\",\"url\":\"https:\\\/\\\/www.bellunopress.it\\\/\",\"logo\":{\"@type\":\"ImageObject\",\"inLanguage\":\"fr-FR\",\"@id\":\"https:\\\/\\\/www.bellunopress.it\\\/#\\\/schema\\\/logo\\\/image\\\/\",\"url\":\"https:\\\/\\\/www.bellunopress.it\\\/wp-content\\\/uploads\\\/2011\\\/05\\\/cropped-logo-bellunopress-.jpg\",\"contentUrl\":\"https:\\\/\\\/www.bellunopress.it\\\/wp-content\\\/uploads\\\/2011\\\/05\\\/cropped-logo-bellunopress-.jpg\",\"width\":512,\"height\":512,\"caption\":\"Bellunopress\"},\"image\":{\"@id\":\"https:\\\/\\\/www.bellunopress.it\\\/#\\\/schema\\\/logo\\\/image\\\/\"},\"sameAs\":[\"https:\\\/\\\/www.facebook.com\\\/profile.php?id=100008943462799\",\"https:\\\/\\\/x.com\\\/bellunopress\",\"https:\\\/\\\/www.linkedin.com\\\/hp\\\/?dnr=JBzUWaJfMUw8vbXJJ2tVW5-I3jZKvC4wsoxE&amp;amp;amp;amp;amp;amp;trk=nav_responsive_tab_home\",\"https:\\\/\\\/www.youtube.com\\\/channel\\\/UCxL0wu1uN0_3_7hGG0306cw\"]},{\"@type\":\"Person\",\"@id\":\"https:\\\/\\\/www.bellunopress.it\\\/#\\\/schema\\\/person\\\/79bb06722b37ece1c03d3e94beb30d73\",\"name\":\"redazione\",\"image\":{\"@type\":\"ImageObject\",\"inLanguage\":\"fr-FR\",\"@id\":\"https:\\\/\\\/secure.gravatar.com\\\/avatar\\\/37d968a2e67a6fd04c169c4bdef102d0bc5d31b2546345219e348575eb80e9a0?s=96&d=mm&r=g\",\"url\":\"https:\\\/\\\/secure.gravatar.com\\\/avatar\\\/37d968a2e67a6fd04c169c4bdef102d0bc5d31b2546345219e348575eb80e9a0?s=96&d=mm&r=g\",\"contentUrl\":\"https:\\\/\\\/secure.gravatar.com\\\/avatar\\\/37d968a2e67a6fd04c169c4bdef102d0bc5d31b2546345219e348575eb80e9a0?s=96&d=mm&r=g\",\"caption\":\"redazione\"},\"sameAs\":[\"http:\\\/\\\/www.bellunopress.it\",\"https:\\\/\\\/x.com\\\/bellunopress\"],\"url\":\"https:\\\/\\\/www.bellunopress.it\\\/fr\\\/author\\\/redazione\\\/\"}]}<\/script>\n<!-- \/ Yoast SEO plugin. -->","yoast_head_json":{"title":"Rete italiana Pace e Disarmo sabato mattina in piazza Duomo contro le armi nucleari - Bellunopress - Dolomiti","robots":{"index":"index","follow":"follow","max-snippet":"max-snippet:-1","max-image-preview":"max-image-preview:large","max-video-preview":"max-video-preview:-1"},"canonical":"https:\/\/www.bellunopress.it\/fr\/2023\/08\/09\/rete-italiana-pace-e-disarmo-sabato-mattina-in-piazza-duomo-contro-le-armi-nucleari\/","og_locale":"fr_FR","og_type":"article","og_title":"Rete italiana Pace e Disarmo sabato mattina in piazza Duomo contro le armi nucleari - Bellunopress - Dolomiti","og_description":"Il 9 agosto si commemora il tragico anniversario delle esplosioni nucleari su Hiroshima e Nagasaki. Oggi nel mondo sono dispiegate circa 12.500 testate nucleari, di cui un centinaio sono presenti anche in Italia. Anche in Europa, dove \u00e8 in corso una terribile guerra, i principali contendenti sono possessori di armi nucleari. Gli stati del mondo [&hellip;]","og_url":"https:\/\/www.bellunopress.it\/fr\/2023\/08\/09\/rete-italiana-pace-e-disarmo-sabato-mattina-in-piazza-duomo-contro-le-armi-nucleari\/","og_site_name":"Bellunopress - Dolomiti","article_publisher":"https:\/\/www.facebook.com\/profile.php?id=100008943462799","article_published_time":"2023-08-09T17:52:45+00:00","og_image":[{"url":"http:\/\/www.bellunopress.it\/wp-content\/uploads\/2012\/07\/logo-bellunopress-250x250-2012.jpg","type":"","width":"","height":""}],"author":"redazione","twitter_card":"summary_large_image","twitter_creator":"@bellunopress","twitter_site":"@bellunopress","twitter_misc":{"\u00c9crit par":"redazione","Dur\u00e9e de lecture estim\u00e9e":"1 minute"},"schema":{"@context":"https:\/\/schema.org","@graph":[{"@type":"Article","@id":"https:\/\/www.bellunopress.it\/2023\/08\/09\/rete-italiana-pace-e-disarmo-sabato-mattina-in-piazza-duomo-contro-le-armi-nucleari\/#article","isPartOf":{"@id":"https:\/\/www.bellunopress.it\/2023\/08\/09\/rete-italiana-pace-e-disarmo-sabato-mattina-in-piazza-duomo-contro-le-armi-nucleari\/"},"author":{"name":"redazione","@id":"https:\/\/www.bellunopress.it\/#\/schema\/person\/79bb06722b37ece1c03d3e94beb30d73"},"headline":"Rete italiana Pace e Disarmo sabato mattina in piazza Duomo contro le armi nucleari","datePublished":"2023-08-09T17:52:45+00:00","mainEntityOfPage":{"@id":"https:\/\/www.bellunopress.it\/2023\/08\/09\/rete-italiana-pace-e-disarmo-sabato-mattina-in-piazza-duomo-contro-le-armi-nucleari\/"},"wordCount":291,"publisher":{"@id":"https:\/\/www.bellunopress.it\/#organization"},"image":{"@id":"https:\/\/www.bellunopress.it\/2023\/08\/09\/rete-italiana-pace-e-disarmo-sabato-mattina-in-piazza-duomo-contro-le-armi-nucleari\/#primaryimage"},"thumbnailUrl":"https:\/\/www.bellunopress.it\/wp-content\/uploads\/2022\/03\/Pace-disarmo-Belluno.jpg","articleSection":["Societ\u00e0, Associazioni, Istituzioni"],"inLanguage":"fr-FR"},{"@type":"WebPage","@id":"https:\/\/www.bellunopress.it\/2023\/08\/09\/rete-italiana-pace-e-disarmo-sabato-mattina-in-piazza-duomo-contro-le-armi-nucleari\/","url":"https:\/\/www.bellunopress.it\/2023\/08\/09\/rete-italiana-pace-e-disarmo-sabato-mattina-in-piazza-duomo-contro-le-armi-nucleari\/","name":"Rete italiana Pace e Disarmo sabato mattina in piazza Duomo contro le armi nucleari - Bellunopress - Dolomiti","isPartOf":{"@id":"https:\/\/www.bellunopress.it\/#website"},"primaryImageOfPage":{"@id":"https:\/\/www.bellunopress.it\/2023\/08\/09\/rete-italiana-pace-e-disarmo-sabato-mattina-in-piazza-duomo-contro-le-armi-nucleari\/#primaryimage"},"image":{"@id":"https:\/\/www.bellunopress.it\/2023\/08\/09\/rete-italiana-pace-e-disarmo-sabato-mattina-in-piazza-duomo-contro-le-armi-nucleari\/#primaryimage"},"thumbnailUrl":"https:\/\/www.bellunopress.it\/wp-content\/uploads\/2022\/03\/Pace-disarmo-Belluno.jpg","datePublished":"2023-08-09T17:52:45+00:00","breadcrumb":{"@id":"https:\/\/www.bellunopress.it\/2023\/08\/09\/rete-italiana-pace-e-disarmo-sabato-mattina-in-piazza-duomo-contro-le-armi-nucleari\/#breadcrumb"},"inLanguage":"fr-FR","potentialAction":[{"@type":"ReadAction","target":["https:\/\/www.bellunopress.it\/2023\/08\/09\/rete-italiana-pace-e-disarmo-sabato-mattina-in-piazza-duomo-contro-le-armi-nucleari\/"]}]},{"@type":"ImageObject","inLanguage":"fr-FR","@id":"https:\/\/www.bellunopress.it\/2023\/08\/09\/rete-italiana-pace-e-disarmo-sabato-mattina-in-piazza-duomo-contro-le-armi-nucleari\/#primaryimage","url":"https:\/\/www.bellunopress.it\/wp-content\/uploads\/2022\/03\/Pace-disarmo-Belluno.jpg","contentUrl":"https:\/\/www.bellunopress.it\/wp-content\/uploads\/2022\/03\/Pace-disarmo-Belluno.jpg"},{"@type":"BreadcrumbList","@id":"https:\/\/www.bellunopress.it\/2023\/08\/09\/rete-italiana-pace-e-disarmo-sabato-mattina-in-piazza-duomo-contro-le-armi-nucleari\/#breadcrumb","itemListElement":[{"@type":"ListItem","position":1,"name":"Home","item":"https:\/\/www.bellunopress.it\/"},{"@type":"ListItem","position":2,"name":"Rete italiana Pace e Disarmo sabato mattina in piazza Duomo contro le armi nucleari"}]},{"@type":"WebSite","@id":"https:\/\/www.bellunopress.it\/#website","url":"https:\/\/www.bellunopress.it\/","name":"Bellunopress - Dolomiti","description":"e-mail: redazione@bellunopress.it","publisher":{"@id":"https:\/\/www.bellunopress.it\/#organization"},"potentialAction":[{"@type":"SearchAction","target":{"@type":"EntryPoint","urlTemplate":"https:\/\/www.bellunopress.it\/?s={search_term_string}"},"query-input":{"@type":"PropertyValueSpecification","valueRequired":true,"valueName":"search_term_string"}}],"inLanguage":"fr-FR"},{"@type":"Organization","@id":"https:\/\/www.bellunopress.it\/#organization","name":"Bellunopress","url":"https:\/\/www.bellunopress.it\/","logo":{"@type":"ImageObject","inLanguage":"fr-FR","@id":"https:\/\/www.bellunopress.it\/#\/schema\/logo\/image\/","url":"https:\/\/www.bellunopress.it\/wp-content\/uploads\/2011\/05\/cropped-logo-bellunopress-.jpg","contentUrl":"https:\/\/www.bellunopress.it\/wp-content\/uploads\/2011\/05\/cropped-logo-bellunopress-.jpg","width":512,"height":512,"caption":"Bellunopress"},"image":{"@id":"https:\/\/www.bellunopress.it\/#\/schema\/logo\/image\/"},"sameAs":["https:\/\/www.facebook.com\/profile.php?id=100008943462799","https:\/\/x.com\/bellunopress","https:\/\/www.linkedin.com\/hp\/?dnr=JBzUWaJfMUw8vbXJJ2tVW5-I3jZKvC4wsoxE&amp;amp;amp;amp;amp;amp;trk=nav_responsive_tab_home","https:\/\/www.youtube.com\/channel\/UCxL0wu1uN0_3_7hGG0306cw"]},{"@type":"Person","@id":"https:\/\/www.bellunopress.it\/#\/schema\/person\/79bb06722b37ece1c03d3e94beb30d73","name":"r\u00e9daction","image":{"@type":"ImageObject","inLanguage":"fr-FR","@id":"https:\/\/secure.gravatar.com\/avatar\/37d968a2e67a6fd04c169c4bdef102d0bc5d31b2546345219e348575eb80e9a0?s=96&d=mm&r=g","url":"https:\/\/secure.gravatar.com\/avatar\/37d968a2e67a6fd04c169c4bdef102d0bc5d31b2546345219e348575eb80e9a0?s=96&d=mm&r=g","contentUrl":"https:\/\/secure.gravatar.com\/avatar\/37d968a2e67a6fd04c169c4bdef102d0bc5d31b2546345219e348575eb80e9a0?s=96&d=mm&r=g","caption":"redazione"},"sameAs":["http:\/\/www.bellunopress.it","https:\/\/x.com\/bellunopress"],"url":"https:\/\/www.bellunopress.it\/fr\/author\/redazione\/"}]}},"_links":{"self":[{"href":"https:\/\/www.bellunopress.it\/fr\/wp-json\/wp\/v2\/posts\/143378","targetHints":{"allow":["GET"]}}],"collection":[{"href":"https:\/\/www.bellunopress.it\/fr\/wp-json\/wp\/v2\/posts"}],"about":[{"href":"https:\/\/www.bellunopress.it\/fr\/wp-json\/wp\/v2\/types\/post"}],"author":[{"embeddable":true,"href":"https:\/\/www.bellunopress.it\/fr\/wp-json\/wp\/v2\/users\/2"}],"replies":[{"embeddable":true,"href":"https:\/\/www.bellunopress.it\/fr\/wp-json\/wp\/v2\/comments?post=143378"}],"version-history":[{"count":1,"href":"https:\/\/www.bellunopress.it\/fr\/wp-json\/wp\/v2\/posts\/143378\/revisions"}],"predecessor-version":[{"id":143379,"href":"https:\/\/www.bellunopress.it\/fr\/wp-json\/wp\/v2\/posts\/143378\/revisions\/143379"}],"wp:attachment":[{"href":"https:\/\/www.bellunopress.it\/fr\/wp-json\/wp\/v2\/media?parent=143378"}],"wp:term":[{"taxonomy":"category","embeddable":true,"href":"https:\/\/www.bellunopress.it\/fr\/wp-json\/wp\/v2\/categories?post=143378"},{"taxonomy":"post_tag","embeddable":true,"href":"https:\/\/www.bellunopress.it\/fr\/wp-json\/wp\/v2\/tags?post=143378"}],"curies":[{"name":"wp","href":"https:\/\/api.w.org\/{rel}","templated":true}]}}