{"id":143375,"date":"2023-08-09T19:23:34","date_gmt":"2023-08-09T17:23:34","guid":{"rendered":"https:\/\/www.bellunopress.it\/?p=143375"},"modified":"2023-08-09T19:23:34","modified_gmt":"2023-08-09T17:23:34","slug":"riprende-e-state-a-feltre-ultimi-due-appuntamenti-da-non-perdere","status":"publish","type":"post","link":"https:\/\/www.bellunopress.it\/fr\/2023\/08\/09\/riprende-e-state-a-feltre-ultimi-due-appuntamenti-da-non-perdere\/","title":{"rendered":"Riprende \u201cE&#8230;state a Feltre\u201d, ultimi due appuntamenti da non perdere"},"content":{"rendered":"<p><img loading=\"lazy\" decoding=\"async\" class=\"alignleft size-full wp-image-116457\" src=\"https:\/\/www.bellunopress.it\/wp-content\/uploads\/2020\/08\/feltre-notte-2_edited.jpg\" alt=\"\" width=\"800\" height=\"532\" srcset=\"https:\/\/www.bellunopress.it\/wp-content\/uploads\/2020\/08\/feltre-notte-2_edited.jpg 800w, https:\/\/www.bellunopress.it\/wp-content\/uploads\/2020\/08\/feltre-notte-2_edited-500x333.jpg 500w, https:\/\/www.bellunopress.it\/wp-content\/uploads\/2020\/08\/feltre-notte-2_edited-696x463.jpg 696w, https:\/\/www.bellunopress.it\/wp-content\/uploads\/2020\/08\/feltre-notte-2_edited-632x420.jpg 632w\" sizes=\"auto, (max-width: 800px) 100vw, 800px\" \/>Riprende venerd\u00ec 11 agosto la rassegna \u201cE&#8230;state a Feltre\u201d. Dalle 21 alle 23, le vie del<br \/>\ncentro cittadino si animeranno con le musiche per tutti i gusti, proposte da energiche<br \/>\nband, e con i giochi di una volta.<\/p>\n<p>Il programma prevede l&#8217;esibizione del gruppo \u201cWalkman\u201d in Largo Castaldi con musica pop anni &#8217;80, la band \u201cMsq and FreeHands\u201d in Via XXXI ottobre e la carica della \u201cPugliese Rock Stories\u201d in Piazza Isola. Grande blues in Piazzetta Trento e Trieste con Stefano Zabeo e Gabriele Collin e in Via Tezze musica latina con Loca Combination e Mario Crespo Martinez.<br \/>\nIn Largo Castaldi, ci sar\u00e0 anche la possibilit\u00e0 per grandi e piccini di divertirsi con i giochi di un tempo, che tanto successo hanno riscosso nell&#8217;appuntamento di luglio.<\/p>\n<p>Il prossimo appuntamento \u00e8 per venerd\u00ec 18 agosto. In caso di maltempo, la manifestazione purtroppo dovr\u00e0 essere annullata. Sar\u00e0 data tempestiva comunicazione attraverso i social network del Comune di Feltre e del Consorzio Turistico Dolomiti Prealpi. L&#8217;iniziativa \u00e8 organizzata dall&#8217;Assessorato alle attivit\u00e0 produttive del Comune di Feltre, Confcommercio Belluno, Consorzio Turistico Dolomiti Prealpi, con il contributo del Comune di Feltre, della Camera di Commercio di Belluno e Treviso e dei commercianti feltrini.<\/p>","protected":false},"excerpt":{"rendered":"<p>Riprende venerd\u00ec 11 agosto la rassegna \u201cE&#8230;state a Feltre\u201d. Dalle 21 alle 23, le vie del centro cittadino si animeranno con le musiche per tutti i gusti, proposte da energiche band, e con i giochi di una volta. Il programma prevede l&#8217;esibizione del gruppo \u201cWalkman\u201d in Largo Castaldi con musica pop anni &#8217;80, la band [&hellip;]<\/p>\n","protected":false},"author":2,"featured_media":116457,"comment_status":"closed","ping_status":"open","sticky":false,"template":"","format":"standard","meta":{"footnotes":""},"categories":[27,25],"tags":[],"class_list":["post-143375","post","type-post","status-publish","format-standard","has-post-thumbnail","category-appuntamenti","category-pausa-caffe"],"yoast_head":"<!-- This site is optimized with the Yoast SEO plugin v28.4 - https:\/\/yoast.com\/product\/yoast-seo-wordpress\/ -->\n<title>Riprende \u201cE...state a Feltre\u201d, ultimi due appuntamenti da non perdere - Bellunopress - Dolomiti<\/title>\n<meta name=\"robots\" content=\"index, follow, max-snippet:-1, max-image-preview:large, max-video-preview:-1\" \/>\n<link rel=\"canonical\" href=\"https:\/\/www.bellunopress.it\/fr\/2023\/08\/09\/riprende-e-state-a-feltre-ultimi-due-appuntamenti-da-non-perdere\/\" \/>\n<meta property=\"og:locale\" content=\"fr_FR\" \/>\n<meta property=\"og:type\" content=\"article\" \/>\n<meta property=\"og:title\" content=\"Riprende \u201cE...state a Feltre\u201d, ultimi due appuntamenti da non perdere - Bellunopress - Dolomiti\" \/>\n<meta property=\"og:description\" content=\"Riprende venerd\u00ec 11 agosto la rassegna \u201cE&#8230;state a Feltre\u201d. Dalle 21 alle 23, le vie del centro cittadino si animeranno con le musiche per tutti i gusti, proposte da energiche band, e con i giochi di una volta. Il programma prevede l&#8217;esibizione del gruppo \u201cWalkman\u201d in Largo Castaldi con musica pop anni &#8217;80, la band [&hellip;]\" \/>\n<meta property=\"og:url\" content=\"https:\/\/www.bellunopress.it\/fr\/2023\/08\/09\/riprende-e-state-a-feltre-ultimi-due-appuntamenti-da-non-perdere\/\" \/>\n<meta property=\"og:site_name\" content=\"Bellunopress - Dolomiti\" \/>\n<meta property=\"article:publisher\" content=\"https:\/\/www.facebook.com\/profile.php?id=100008943462799\" \/>\n<meta property=\"article:published_time\" content=\"2023-08-09T17:23:34+00:00\" \/>\n<meta property=\"og:image\" content=\"https:\/\/www.bellunopress.it\/wp-content\/uploads\/2020\/08\/feltre-notte-2_edited.jpg\" \/>\n\t<meta property=\"og:image:width\" content=\"800\" \/>\n\t<meta property=\"og:image:height\" content=\"532\" \/>\n\t<meta property=\"og:image:type\" content=\"image\/jpeg\" \/>\n<meta name=\"author\" content=\"redazione\" \/>\n<meta name=\"twitter:card\" content=\"summary_large_image\" \/>\n<meta name=\"twitter:creator\" content=\"@bellunopress\" \/>\n<meta name=\"twitter:site\" content=\"@bellunopress\" \/>\n<meta name=\"twitter:label1\" content=\"\u00c9crit par\" \/>\n\t<meta name=\"twitter:data1\" content=\"redazione\" \/>\n\t<meta name=\"twitter:label2\" content=\"Dur\u00e9e de lecture estim\u00e9e\" \/>\n\t<meta name=\"twitter:data2\" content=\"1 minute\" \/>\n<script type=\"application\/ld+json\" class=\"yoast-schema-graph\">{\"@context\":\"https:\\\/\\\/schema.org\",\"@graph\":[{\"@type\":\"Article\",\"@id\":\"https:\\\/\\\/www.bellunopress.it\\\/2023\\\/08\\\/09\\\/riprende-e-state-a-feltre-ultimi-due-appuntamenti-da-non-perdere\\\/#article\",\"isPartOf\":{\"@id\":\"https:\\\/\\\/www.bellunopress.it\\\/2023\\\/08\\\/09\\\/riprende-e-state-a-feltre-ultimi-due-appuntamenti-da-non-perdere\\\/\"},\"author\":{\"name\":\"redazione\",\"@id\":\"https:\\\/\\\/www.bellunopress.it\\\/#\\\/schema\\\/person\\\/79bb06722b37ece1c03d3e94beb30d73\"},\"headline\":\"Riprende \u201cE&#8230;state a Feltre\u201d, ultimi due appuntamenti da non perdere\",\"datePublished\":\"2023-08-09T17:23:34+00:00\",\"mainEntityOfPage\":{\"@id\":\"https:\\\/\\\/www.bellunopress.it\\\/2023\\\/08\\\/09\\\/riprende-e-state-a-feltre-ultimi-due-appuntamenti-da-non-perdere\\\/\"},\"wordCount\":207,\"publisher\":{\"@id\":\"https:\\\/\\\/www.bellunopress.it\\\/#organization\"},\"image\":{\"@id\":\"https:\\\/\\\/www.bellunopress.it\\\/2023\\\/08\\\/09\\\/riprende-e-state-a-feltre-ultimi-due-appuntamenti-da-non-perdere\\\/#primaryimage\"},\"thumbnailUrl\":\"https:\\\/\\\/www.bellunopress.it\\\/wp-content\\\/uploads\\\/2020\\\/08\\\/feltre-notte-2_edited.jpg\",\"articleSection\":[\"Appuntamenti, Eventi\",\"Pausa Caff\u00e8\"],\"inLanguage\":\"fr-FR\"},{\"@type\":\"WebPage\",\"@id\":\"https:\\\/\\\/www.bellunopress.it\\\/2023\\\/08\\\/09\\\/riprende-e-state-a-feltre-ultimi-due-appuntamenti-da-non-perdere\\\/\",\"url\":\"https:\\\/\\\/www.bellunopress.it\\\/2023\\\/08\\\/09\\\/riprende-e-state-a-feltre-ultimi-due-appuntamenti-da-non-perdere\\\/\",\"name\":\"Riprende \u201cE...state a Feltre\u201d, ultimi due appuntamenti da non perdere - Bellunopress - Dolomiti\",\"isPartOf\":{\"@id\":\"https:\\\/\\\/www.bellunopress.it\\\/#website\"},\"primaryImageOfPage\":{\"@id\":\"https:\\\/\\\/www.bellunopress.it\\\/2023\\\/08\\\/09\\\/riprende-e-state-a-feltre-ultimi-due-appuntamenti-da-non-perdere\\\/#primaryimage\"},\"image\":{\"@id\":\"https:\\\/\\\/www.bellunopress.it\\\/2023\\\/08\\\/09\\\/riprende-e-state-a-feltre-ultimi-due-appuntamenti-da-non-perdere\\\/#primaryimage\"},\"thumbnailUrl\":\"https:\\\/\\\/www.bellunopress.it\\\/wp-content\\\/uploads\\\/2020\\\/08\\\/feltre-notte-2_edited.jpg\",\"datePublished\":\"2023-08-09T17:23:34+00:00\",\"breadcrumb\":{\"@id\":\"https:\\\/\\\/www.bellunopress.it\\\/2023\\\/08\\\/09\\\/riprende-e-state-a-feltre-ultimi-due-appuntamenti-da-non-perdere\\\/#breadcrumb\"},\"inLanguage\":\"fr-FR\",\"potentialAction\":[{\"@type\":\"ReadAction\",\"target\":[\"https:\\\/\\\/www.bellunopress.it\\\/2023\\\/08\\\/09\\\/riprende-e-state-a-feltre-ultimi-due-appuntamenti-da-non-perdere\\\/\"]}]},{\"@type\":\"ImageObject\",\"inLanguage\":\"fr-FR\",\"@id\":\"https:\\\/\\\/www.bellunopress.it\\\/2023\\\/08\\\/09\\\/riprende-e-state-a-feltre-ultimi-due-appuntamenti-da-non-perdere\\\/#primaryimage\",\"url\":\"https:\\\/\\\/www.bellunopress.it\\\/wp-content\\\/uploads\\\/2020\\\/08\\\/feltre-notte-2_edited.jpg\",\"contentUrl\":\"https:\\\/\\\/www.bellunopress.it\\\/wp-content\\\/uploads\\\/2020\\\/08\\\/feltre-notte-2_edited.jpg\",\"width\":800,\"height\":532},{\"@type\":\"BreadcrumbList\",\"@id\":\"https:\\\/\\\/www.bellunopress.it\\\/2023\\\/08\\\/09\\\/riprende-e-state-a-feltre-ultimi-due-appuntamenti-da-non-perdere\\\/#breadcrumb\",\"itemListElement\":[{\"@type\":\"ListItem\",\"position\":1,\"name\":\"Home\",\"item\":\"https:\\\/\\\/www.bellunopress.it\\\/\"},{\"@type\":\"ListItem\",\"position\":2,\"name\":\"Riprende \u201cE&#8230;state a Feltre\u201d, ultimi due appuntamenti da non perdere\"}]},{\"@type\":\"WebSite\",\"@id\":\"https:\\\/\\\/www.bellunopress.it\\\/#website\",\"url\":\"https:\\\/\\\/www.bellunopress.it\\\/\",\"name\":\"Bellunopress - Dolomiti\",\"description\":\"e-mail: redazione@bellunopress.it\",\"publisher\":{\"@id\":\"https:\\\/\\\/www.bellunopress.it\\\/#organization\"},\"potentialAction\":[{\"@type\":\"SearchAction\",\"target\":{\"@type\":\"EntryPoint\",\"urlTemplate\":\"https:\\\/\\\/www.bellunopress.it\\\/?s={search_term_string}\"},\"query-input\":{\"@type\":\"PropertyValueSpecification\",\"valueRequired\":true,\"valueName\":\"search_term_string\"}}],\"inLanguage\":\"fr-FR\"},{\"@type\":\"Organization\",\"@id\":\"https:\\\/\\\/www.bellunopress.it\\\/#organization\",\"name\":\"Bellunopress\",\"url\":\"https:\\\/\\\/www.bellunopress.it\\\/\",\"logo\":{\"@type\":\"ImageObject\",\"inLanguage\":\"fr-FR\",\"@id\":\"https:\\\/\\\/www.bellunopress.it\\\/#\\\/schema\\\/logo\\\/image\\\/\",\"url\":\"https:\\\/\\\/www.bellunopress.it\\\/wp-content\\\/uploads\\\/2011\\\/05\\\/cropped-logo-bellunopress-.jpg\",\"contentUrl\":\"https:\\\/\\\/www.bellunopress.it\\\/wp-content\\\/uploads\\\/2011\\\/05\\\/cropped-logo-bellunopress-.jpg\",\"width\":512,\"height\":512,\"caption\":\"Bellunopress\"},\"image\":{\"@id\":\"https:\\\/\\\/www.bellunopress.it\\\/#\\\/schema\\\/logo\\\/image\\\/\"},\"sameAs\":[\"https:\\\/\\\/www.facebook.com\\\/profile.php?id=100008943462799\",\"https:\\\/\\\/x.com\\\/bellunopress\",\"https:\\\/\\\/www.linkedin.com\\\/hp\\\/?dnr=JBzUWaJfMUw8vbXJJ2tVW5-I3jZKvC4wsoxE&amp;amp;amp;amp;amp;amp;trk=nav_responsive_tab_home\",\"https:\\\/\\\/www.youtube.com\\\/channel\\\/UCxL0wu1uN0_3_7hGG0306cw\"]},{\"@type\":\"Person\",\"@id\":\"https:\\\/\\\/www.bellunopress.it\\\/#\\\/schema\\\/person\\\/79bb06722b37ece1c03d3e94beb30d73\",\"name\":\"redazione\",\"image\":{\"@type\":\"ImageObject\",\"inLanguage\":\"fr-FR\",\"@id\":\"https:\\\/\\\/secure.gravatar.com\\\/avatar\\\/37d968a2e67a6fd04c169c4bdef102d0bc5d31b2546345219e348575eb80e9a0?s=96&d=mm&r=g\",\"url\":\"https:\\\/\\\/secure.gravatar.com\\\/avatar\\\/37d968a2e67a6fd04c169c4bdef102d0bc5d31b2546345219e348575eb80e9a0?s=96&d=mm&r=g\",\"contentUrl\":\"https:\\\/\\\/secure.gravatar.com\\\/avatar\\\/37d968a2e67a6fd04c169c4bdef102d0bc5d31b2546345219e348575eb80e9a0?s=96&d=mm&r=g\",\"caption\":\"redazione\"},\"sameAs\":[\"http:\\\/\\\/www.bellunopress.it\",\"https:\\\/\\\/x.com\\\/bellunopress\"],\"url\":\"https:\\\/\\\/www.bellunopress.it\\\/fr\\\/author\\\/redazione\\\/\"}]}<\/script>\n<!-- \/ Yoast SEO plugin. -->","yoast_head_json":{"title":"Riprende \u201cE...state a Feltre\u201d, ultimi due appuntamenti da non perdere - Bellunopress - Dolomiti","robots":{"index":"index","follow":"follow","max-snippet":"max-snippet:-1","max-image-preview":"max-image-preview:large","max-video-preview":"max-video-preview:-1"},"canonical":"https:\/\/www.bellunopress.it\/fr\/2023\/08\/09\/riprende-e-state-a-feltre-ultimi-due-appuntamenti-da-non-perdere\/","og_locale":"fr_FR","og_type":"article","og_title":"Riprende \u201cE...state a Feltre\u201d, ultimi due appuntamenti da non perdere - Bellunopress - Dolomiti","og_description":"Riprende venerd\u00ec 11 agosto la rassegna \u201cE&#8230;state a Feltre\u201d. Dalle 21 alle 23, le vie del centro cittadino si animeranno con le musiche per tutti i gusti, proposte da energiche band, e con i giochi di una volta. Il programma prevede l&#8217;esibizione del gruppo \u201cWalkman\u201d in Largo Castaldi con musica pop anni &#8217;80, la band [&hellip;]","og_url":"https:\/\/www.bellunopress.it\/fr\/2023\/08\/09\/riprende-e-state-a-feltre-ultimi-due-appuntamenti-da-non-perdere\/","og_site_name":"Bellunopress - Dolomiti","article_publisher":"https:\/\/www.facebook.com\/profile.php?id=100008943462799","article_published_time":"2023-08-09T17:23:34+00:00","og_image":[{"width":800,"height":532,"url":"https:\/\/www.bellunopress.it\/wp-content\/uploads\/2020\/08\/feltre-notte-2_edited.jpg","type":"image\/jpeg"}],"author":"redazione","twitter_card":"summary_large_image","twitter_creator":"@bellunopress","twitter_site":"@bellunopress","twitter_misc":{"\u00c9crit par":"redazione","Dur\u00e9e de lecture estim\u00e9e":"1 minute"},"schema":{"@context":"https:\/\/schema.org","@graph":[{"@type":"Article","@id":"https:\/\/www.bellunopress.it\/2023\/08\/09\/riprende-e-state-a-feltre-ultimi-due-appuntamenti-da-non-perdere\/#article","isPartOf":{"@id":"https:\/\/www.bellunopress.it\/2023\/08\/09\/riprende-e-state-a-feltre-ultimi-due-appuntamenti-da-non-perdere\/"},"author":{"name":"redazione","@id":"https:\/\/www.bellunopress.it\/#\/schema\/person\/79bb06722b37ece1c03d3e94beb30d73"},"headline":"Riprende \u201cE&#8230;state a Feltre\u201d, ultimi due appuntamenti da non perdere","datePublished":"2023-08-09T17:23:34+00:00","mainEntityOfPage":{"@id":"https:\/\/www.bellunopress.it\/2023\/08\/09\/riprende-e-state-a-feltre-ultimi-due-appuntamenti-da-non-perdere\/"},"wordCount":207,"publisher":{"@id":"https:\/\/www.bellunopress.it\/#organization"},"image":{"@id":"https:\/\/www.bellunopress.it\/2023\/08\/09\/riprende-e-state-a-feltre-ultimi-due-appuntamenti-da-non-perdere\/#primaryimage"},"thumbnailUrl":"https:\/\/www.bellunopress.it\/wp-content\/uploads\/2020\/08\/feltre-notte-2_edited.jpg","articleSection":["Appuntamenti, Eventi","Pausa Caff\u00e8"],"inLanguage":"fr-FR"},{"@type":"WebPage","@id":"https:\/\/www.bellunopress.it\/2023\/08\/09\/riprende-e-state-a-feltre-ultimi-due-appuntamenti-da-non-perdere\/","url":"https:\/\/www.bellunopress.it\/2023\/08\/09\/riprende-e-state-a-feltre-ultimi-due-appuntamenti-da-non-perdere\/","name":"Riprende \u201cE...state a Feltre\u201d, ultimi due appuntamenti da non perdere - Bellunopress - Dolomiti","isPartOf":{"@id":"https:\/\/www.bellunopress.it\/#website"},"primaryImageOfPage":{"@id":"https:\/\/www.bellunopress.it\/2023\/08\/09\/riprende-e-state-a-feltre-ultimi-due-appuntamenti-da-non-perdere\/#primaryimage"},"image":{"@id":"https:\/\/www.bellunopress.it\/2023\/08\/09\/riprende-e-state-a-feltre-ultimi-due-appuntamenti-da-non-perdere\/#primaryimage"},"thumbnailUrl":"https:\/\/www.bellunopress.it\/wp-content\/uploads\/2020\/08\/feltre-notte-2_edited.jpg","datePublished":"2023-08-09T17:23:34+00:00","breadcrumb":{"@id":"https:\/\/www.bellunopress.it\/2023\/08\/09\/riprende-e-state-a-feltre-ultimi-due-appuntamenti-da-non-perdere\/#breadcrumb"},"inLanguage":"fr-FR","potentialAction":[{"@type":"ReadAction","target":["https:\/\/www.bellunopress.it\/2023\/08\/09\/riprende-e-state-a-feltre-ultimi-due-appuntamenti-da-non-perdere\/"]}]},{"@type":"ImageObject","inLanguage":"fr-FR","@id":"https:\/\/www.bellunopress.it\/2023\/08\/09\/riprende-e-state-a-feltre-ultimi-due-appuntamenti-da-non-perdere\/#primaryimage","url":"https:\/\/www.bellunopress.it\/wp-content\/uploads\/2020\/08\/feltre-notte-2_edited.jpg","contentUrl":"https:\/\/www.bellunopress.it\/wp-content\/uploads\/2020\/08\/feltre-notte-2_edited.jpg","width":800,"height":532},{"@type":"BreadcrumbList","@id":"https:\/\/www.bellunopress.it\/2023\/08\/09\/riprende-e-state-a-feltre-ultimi-due-appuntamenti-da-non-perdere\/#breadcrumb","itemListElement":[{"@type":"ListItem","position":1,"name":"Home","item":"https:\/\/www.bellunopress.it\/"},{"@type":"ListItem","position":2,"name":"Riprende \u201cE&#8230;state a Feltre\u201d, ultimi due appuntamenti da non perdere"}]},{"@type":"WebSite","@id":"https:\/\/www.bellunopress.it\/#website","url":"https:\/\/www.bellunopress.it\/","name":"Bellunopress - Dolomiti","description":"e-mail: redazione@bellunopress.it","publisher":{"@id":"https:\/\/www.bellunopress.it\/#organization"},"potentialAction":[{"@type":"SearchAction","target":{"@type":"EntryPoint","urlTemplate":"https:\/\/www.bellunopress.it\/?s={search_term_string}"},"query-input":{"@type":"PropertyValueSpecification","valueRequired":true,"valueName":"search_term_string"}}],"inLanguage":"fr-FR"},{"@type":"Organization","@id":"https:\/\/www.bellunopress.it\/#organization","name":"Bellunopress","url":"https:\/\/www.bellunopress.it\/","logo":{"@type":"ImageObject","inLanguage":"fr-FR","@id":"https:\/\/www.bellunopress.it\/#\/schema\/logo\/image\/","url":"https:\/\/www.bellunopress.it\/wp-content\/uploads\/2011\/05\/cropped-logo-bellunopress-.jpg","contentUrl":"https:\/\/www.bellunopress.it\/wp-content\/uploads\/2011\/05\/cropped-logo-bellunopress-.jpg","width":512,"height":512,"caption":"Bellunopress"},"image":{"@id":"https:\/\/www.bellunopress.it\/#\/schema\/logo\/image\/"},"sameAs":["https:\/\/www.facebook.com\/profile.php?id=100008943462799","https:\/\/x.com\/bellunopress","https:\/\/www.linkedin.com\/hp\/?dnr=JBzUWaJfMUw8vbXJJ2tVW5-I3jZKvC4wsoxE&amp;amp;amp;amp;amp;amp;trk=nav_responsive_tab_home","https:\/\/www.youtube.com\/channel\/UCxL0wu1uN0_3_7hGG0306cw"]},{"@type":"Person","@id":"https:\/\/www.bellunopress.it\/#\/schema\/person\/79bb06722b37ece1c03d3e94beb30d73","name":"r\u00e9daction","image":{"@type":"ImageObject","inLanguage":"fr-FR","@id":"https:\/\/secure.gravatar.com\/avatar\/37d968a2e67a6fd04c169c4bdef102d0bc5d31b2546345219e348575eb80e9a0?s=96&d=mm&r=g","url":"https:\/\/secure.gravatar.com\/avatar\/37d968a2e67a6fd04c169c4bdef102d0bc5d31b2546345219e348575eb80e9a0?s=96&d=mm&r=g","contentUrl":"https:\/\/secure.gravatar.com\/avatar\/37d968a2e67a6fd04c169c4bdef102d0bc5d31b2546345219e348575eb80e9a0?s=96&d=mm&r=g","caption":"redazione"},"sameAs":["http:\/\/www.bellunopress.it","https:\/\/x.com\/bellunopress"],"url":"https:\/\/www.bellunopress.it\/fr\/author\/redazione\/"}]}},"_links":{"self":[{"href":"https:\/\/www.bellunopress.it\/fr\/wp-json\/wp\/v2\/posts\/143375","targetHints":{"allow":["GET"]}}],"collection":[{"href":"https:\/\/www.bellunopress.it\/fr\/wp-json\/wp\/v2\/posts"}],"about":[{"href":"https:\/\/www.bellunopress.it\/fr\/wp-json\/wp\/v2\/types\/post"}],"author":[{"embeddable":true,"href":"https:\/\/www.bellunopress.it\/fr\/wp-json\/wp\/v2\/users\/2"}],"replies":[{"embeddable":true,"href":"https:\/\/www.bellunopress.it\/fr\/wp-json\/wp\/v2\/comments?post=143375"}],"version-history":[{"count":1,"href":"https:\/\/www.bellunopress.it\/fr\/wp-json\/wp\/v2\/posts\/143375\/revisions"}],"predecessor-version":[{"id":143376,"href":"https:\/\/www.bellunopress.it\/fr\/wp-json\/wp\/v2\/posts\/143375\/revisions\/143376"}],"wp:featuredmedia":[{"embeddable":true,"href":"https:\/\/www.bellunopress.it\/fr\/wp-json\/wp\/v2\/media\/116457"}],"wp:attachment":[{"href":"https:\/\/www.bellunopress.it\/fr\/wp-json\/wp\/v2\/media?parent=143375"}],"wp:term":[{"taxonomy":"category","embeddable":true,"href":"https:\/\/www.bellunopress.it\/fr\/wp-json\/wp\/v2\/categories?post=143375"},{"taxonomy":"post_tag","embeddable":true,"href":"https:\/\/www.bellunopress.it\/fr\/wp-json\/wp\/v2\/tags?post=143375"}],"curies":[{"name":"wp","href":"https:\/\/api.w.org\/{rel}","templated":true}]}}