{"id":143229,"date":"2023-08-03T16:20:34","date_gmt":"2023-08-03T14:20:34","guid":{"rendered":"https:\/\/www.bellunopress.it\/?p=143229"},"modified":"2023-08-03T18:05:13","modified_gmt":"2023-08-03T16:05:13","slug":"la-supercar-frangivento-asfane-apripista-della-49ma-alpe-del-nevegal-al-belluno-di-sera-i-giovedi","status":"publish","type":"post","link":"https:\/\/www.bellunopress.it\/fr\/2023\/08\/03\/la-supercar-frangivento-asfane-apripista-della-49ma-alpe-del-nevegal-al-belluno-di-sera-i-giovedi\/","title":{"rendered":"La supercar Frangivento Asfan\u00e8, apripista della 49ma Alpe del Nevegal, al Belluno di sera i gioved\u00ec"},"content":{"rendered":"<figure id=\"attachment_142902\" aria-describedby=\"caption-attachment-142902\" style=\"width: 1000px\" class=\"wp-caption alignleft\"><img loading=\"lazy\" decoding=\"async\" class=\"size-full wp-image-142902\" src=\"https:\/\/www.bellunopress.it\/wp-content\/uploads\/2023\/07\/Frangivento_edited.jpg\" alt=\"\" width=\"1000\" height=\"615\" srcset=\"https:\/\/www.bellunopress.it\/wp-content\/uploads\/2023\/07\/Frangivento_edited.jpg 1000w, https:\/\/www.bellunopress.it\/wp-content\/uploads\/2023\/07\/Frangivento_edited-500x308.jpg 500w, https:\/\/www.bellunopress.it\/wp-content\/uploads\/2023\/07\/Frangivento_edited-696x428.jpg 696w, https:\/\/www.bellunopress.it\/wp-content\/uploads\/2023\/07\/Frangivento_edited-683x420.jpg 683w, https:\/\/www.bellunopress.it\/wp-content\/uploads\/2023\/07\/Frangivento_edited-356x220.jpg 356w\" sizes=\"auto, (max-width: 1000px) 100vw, 1000px\" \/><figcaption id=\"caption-attachment-142902\" class=\"wp-caption-text\">Frangivento Asfan\u00e8<\/figcaption><\/figure>\n<p>Belluno, 3 agosto 2023 &#8211;\u00a0Ci sar\u00e0, questa sera, a partire dalle 20, nella centralissima Piazza dei Martiri di Belluno e nelle adiacenti vie del centro storico, una interessante anteprima della 49^ Alpe del Neveg\u00e0l, nono appuntamento stagionale del CIVM di Aci Sport, organizzato da Tre Cime Promotor asd.<\/p>\n<p>Alcune delle 262 vetture iscritte alla competizione saranno esposte al pubblico in occasione del classico appuntamento estivo \u201cBelluno di sera, i gioved\u00ec\u201d. Ci sar\u00e0, davanti alla chiesa di San Rocco che si affaccia sul \u201csalotto buono\u201d della citt\u00e0, anche la Frangivento Asfan\u00e8, il bolide hyper vitaminizzato e dalle linee avveniristiche creato dal designer bellunese Giorgio Pirolo. Sabato e domenica il poliedrico imprenditore, con al fianco il sindaco Oscar De Pellegrin, sfiler\u00e0 al volante della Asfan\u00e8 in qualit\u00e0 di apripista d\u2019eccezione della corsa tricolore. Un\u2019occasione ghiotta, forse irripetibile, per ammirare, in azione, la vettura \u201cbellunese\u201d che sta conquistando il mercato mondiale delle hypercar.<\/p>\n<p>Mentre nella piana Castionese i paddock destinati all\u2019evento hanno cominciato ad animarsi di colori e rombi, domani entreranno in scena gli Ufficiali di gara chiamati a verificare i 262 concorrenti e vetture partecipanti alla 49^ Alpe del Neveg\u00e0l. A proposito degli iscritti, senza trucchi e senza inganni, c\u2019\u00e8 da dire che il numero di quest\u2019anno ha fatto registrare un lieve calo rispetto alla passata edizione, con 17 unit\u00e0 in meno rispetto alle 279 del 2022, ma va sottolineato che \u00e8, comunque, il secondo pi\u00f9 alto di sempre dal 1954 ad oggi.<br \/>\nSabato, di buon mattino, inizieranno le salite con le vetture partecipanti alla Parata Alpe del Neveg\u00e0l, anche questo un appuntamento ormai diventato classico. Di seguito scatteranno le salite di ricognizione che vedranno impegnati i conduttori delle auto storiche, e quelli delle moderne impegnati nel Trofeo Italiano Velocit\u00e0 Montagna e nel Campionato Italiano Velocit\u00e0 Montagna.<\/p>\n<p>In serata, alla \u201cNogherazza\u201d, nel corso della cena di gala dell\u2019evento, alla presenza delle autorit\u00e0 cittadine e provinciali, Tre Cime Promotor asd proceder\u00e0 alla consegna del terzo \u201cPremio Giovanni Festuccia\u201d, dedicato all\u2019indimenticato e caro \u201cgentiluomo reatino\u201d scomparso nel dicembre 2020 e destinato ad un personaggio di spessore e qualit\u00e0 dell\u2019automobilismo sportivo nazionale.<\/p>","protected":false},"excerpt":{"rendered":"<p>Belluno, 3 agosto 2023 &#8211;\u00a0Ci sar\u00e0, questa sera, a partire dalle 20, nella centralissima Piazza dei Martiri di Belluno e nelle adiacenti vie del centro storico, una interessante anteprima della 49^ Alpe del Neveg\u00e0l, nono appuntamento stagionale del CIVM di Aci Sport, organizzato da Tre Cime Promotor asd. Alcune delle 262 vetture iscritte alla competizione [&hellip;]<\/p>\n","protected":false},"author":2,"featured_media":142902,"comment_status":"closed","ping_status":"open","sticky":false,"template":"","format":"standard","meta":{"footnotes":""},"categories":[26,4],"tags":[],"class_list":["post-143229","post","type-post","status-publish","format-standard","has-post-thumbnail","category-prima-pagina","category-sport"],"yoast_head":"<!-- This site is optimized with the Yoast SEO plugin v28.4 - https:\/\/yoast.com\/product\/yoast-seo-wordpress\/ -->\n<title>La supercar Frangivento Asfan\u00e8, apripista della 49ma Alpe del Nevegal, al Belluno di sera i gioved\u00ec - Bellunopress - Dolomiti<\/title>\n<meta name=\"robots\" content=\"index, follow, max-snippet:-1, max-image-preview:large, max-video-preview:-1\" \/>\n<link rel=\"canonical\" href=\"https:\/\/www.bellunopress.it\/fr\/2023\/08\/03\/la-supercar-frangivento-asfane-apripista-della-49ma-alpe-del-nevegal-al-belluno-di-sera-i-giovedi\/\" \/>\n<meta property=\"og:locale\" content=\"fr_FR\" \/>\n<meta property=\"og:type\" content=\"article\" \/>\n<meta property=\"og:title\" content=\"La supercar Frangivento Asfan\u00e8, apripista della 49ma Alpe del Nevegal, al Belluno di sera i gioved\u00ec - Bellunopress - Dolomiti\" \/>\n<meta property=\"og:description\" content=\"Belluno, 3 agosto 2023 &#8211;\u00a0Ci sar\u00e0, questa sera, a partire dalle 20, nella centralissima Piazza dei Martiri di Belluno e nelle adiacenti vie del centro storico, una interessante anteprima della 49^ Alpe del Neveg\u00e0l, nono appuntamento stagionale del CIVM di Aci Sport, organizzato da Tre Cime Promotor asd. Alcune delle 262 vetture iscritte alla competizione [&hellip;]\" \/>\n<meta property=\"og:url\" content=\"https:\/\/www.bellunopress.it\/fr\/2023\/08\/03\/la-supercar-frangivento-asfane-apripista-della-49ma-alpe-del-nevegal-al-belluno-di-sera-i-giovedi\/\" \/>\n<meta property=\"og:site_name\" content=\"Bellunopress - Dolomiti\" \/>\n<meta property=\"article:publisher\" content=\"https:\/\/www.facebook.com\/profile.php?id=100008943462799\" \/>\n<meta property=\"article:published_time\" content=\"2023-08-03T14:20:34+00:00\" \/>\n<meta property=\"article:modified_time\" content=\"2023-08-03T16:05:13+00:00\" \/>\n<meta property=\"og:image\" content=\"https:\/\/www.bellunopress.it\/wp-content\/uploads\/2023\/07\/Frangivento_edited.jpg\" \/>\n\t<meta property=\"og:image:width\" content=\"1000\" \/>\n\t<meta property=\"og:image:height\" content=\"615\" \/>\n\t<meta property=\"og:image:type\" content=\"image\/jpeg\" \/>\n<meta name=\"author\" content=\"redazione\" \/>\n<meta name=\"twitter:card\" content=\"summary_large_image\" \/>\n<meta name=\"twitter:creator\" content=\"@bellunopress\" \/>\n<meta name=\"twitter:site\" content=\"@bellunopress\" \/>\n<meta name=\"twitter:label1\" content=\"\u00c9crit par\" \/>\n\t<meta name=\"twitter:data1\" content=\"redazione\" \/>\n\t<meta name=\"twitter:label2\" content=\"Dur\u00e9e de lecture estim\u00e9e\" \/>\n\t<meta name=\"twitter:data2\" content=\"2 minutes\" \/>\n<script type=\"application\/ld+json\" class=\"yoast-schema-graph\">{\"@context\":\"https:\\\/\\\/schema.org\",\"@graph\":[{\"@type\":\"Article\",\"@id\":\"https:\\\/\\\/www.bellunopress.it\\\/2023\\\/08\\\/03\\\/la-supercar-frangivento-asfane-apripista-della-49ma-alpe-del-nevegal-al-belluno-di-sera-i-giovedi\\\/#article\",\"isPartOf\":{\"@id\":\"https:\\\/\\\/www.bellunopress.it\\\/2023\\\/08\\\/03\\\/la-supercar-frangivento-asfane-apripista-della-49ma-alpe-del-nevegal-al-belluno-di-sera-i-giovedi\\\/\"},\"author\":{\"name\":\"redazione\",\"@id\":\"https:\\\/\\\/www.bellunopress.it\\\/#\\\/schema\\\/person\\\/79bb06722b37ece1c03d3e94beb30d73\"},\"headline\":\"La supercar Frangivento Asfan\u00e8, apripista della 49ma Alpe del Nevegal, al Belluno di sera i gioved\u00ec\",\"datePublished\":\"2023-08-03T14:20:34+00:00\",\"dateModified\":\"2023-08-03T16:05:13+00:00\",\"mainEntityOfPage\":{\"@id\":\"https:\\\/\\\/www.bellunopress.it\\\/2023\\\/08\\\/03\\\/la-supercar-frangivento-asfane-apripista-della-49ma-alpe-del-nevegal-al-belluno-di-sera-i-giovedi\\\/\"},\"wordCount\":370,\"publisher\":{\"@id\":\"https:\\\/\\\/www.bellunopress.it\\\/#organization\"},\"image\":{\"@id\":\"https:\\\/\\\/www.bellunopress.it\\\/2023\\\/08\\\/03\\\/la-supercar-frangivento-asfane-apripista-della-49ma-alpe-del-nevegal-al-belluno-di-sera-i-giovedi\\\/#primaryimage\"},\"thumbnailUrl\":\"https:\\\/\\\/www.bellunopress.it\\\/wp-content\\\/uploads\\\/2023\\\/07\\\/Frangivento_edited.jpg\",\"articleSection\":[\"Prima Pagina\",\"Sport, tempo libero\"],\"inLanguage\":\"fr-FR\"},{\"@type\":\"WebPage\",\"@id\":\"https:\\\/\\\/www.bellunopress.it\\\/2023\\\/08\\\/03\\\/la-supercar-frangivento-asfane-apripista-della-49ma-alpe-del-nevegal-al-belluno-di-sera-i-giovedi\\\/\",\"url\":\"https:\\\/\\\/www.bellunopress.it\\\/2023\\\/08\\\/03\\\/la-supercar-frangivento-asfane-apripista-della-49ma-alpe-del-nevegal-al-belluno-di-sera-i-giovedi\\\/\",\"name\":\"La supercar Frangivento Asfan\u00e8, apripista della 49ma Alpe del Nevegal, al Belluno di sera i gioved\u00ec - Bellunopress - Dolomiti\",\"isPartOf\":{\"@id\":\"https:\\\/\\\/www.bellunopress.it\\\/#website\"},\"primaryImageOfPage\":{\"@id\":\"https:\\\/\\\/www.bellunopress.it\\\/2023\\\/08\\\/03\\\/la-supercar-frangivento-asfane-apripista-della-49ma-alpe-del-nevegal-al-belluno-di-sera-i-giovedi\\\/#primaryimage\"},\"image\":{\"@id\":\"https:\\\/\\\/www.bellunopress.it\\\/2023\\\/08\\\/03\\\/la-supercar-frangivento-asfane-apripista-della-49ma-alpe-del-nevegal-al-belluno-di-sera-i-giovedi\\\/#primaryimage\"},\"thumbnailUrl\":\"https:\\\/\\\/www.bellunopress.it\\\/wp-content\\\/uploads\\\/2023\\\/07\\\/Frangivento_edited.jpg\",\"datePublished\":\"2023-08-03T14:20:34+00:00\",\"dateModified\":\"2023-08-03T16:05:13+00:00\",\"breadcrumb\":{\"@id\":\"https:\\\/\\\/www.bellunopress.it\\\/2023\\\/08\\\/03\\\/la-supercar-frangivento-asfane-apripista-della-49ma-alpe-del-nevegal-al-belluno-di-sera-i-giovedi\\\/#breadcrumb\"},\"inLanguage\":\"fr-FR\",\"potentialAction\":[{\"@type\":\"ReadAction\",\"target\":[\"https:\\\/\\\/www.bellunopress.it\\\/2023\\\/08\\\/03\\\/la-supercar-frangivento-asfane-apripista-della-49ma-alpe-del-nevegal-al-belluno-di-sera-i-giovedi\\\/\"]}]},{\"@type\":\"ImageObject\",\"inLanguage\":\"fr-FR\",\"@id\":\"https:\\\/\\\/www.bellunopress.it\\\/2023\\\/08\\\/03\\\/la-supercar-frangivento-asfane-apripista-della-49ma-alpe-del-nevegal-al-belluno-di-sera-i-giovedi\\\/#primaryimage\",\"url\":\"https:\\\/\\\/www.bellunopress.it\\\/wp-content\\\/uploads\\\/2023\\\/07\\\/Frangivento_edited.jpg\",\"contentUrl\":\"https:\\\/\\\/www.bellunopress.it\\\/wp-content\\\/uploads\\\/2023\\\/07\\\/Frangivento_edited.jpg\",\"width\":1000,\"height\":615,\"caption\":\"Frangivento Asfan\u00e8\"},{\"@type\":\"BreadcrumbList\",\"@id\":\"https:\\\/\\\/www.bellunopress.it\\\/2023\\\/08\\\/03\\\/la-supercar-frangivento-asfane-apripista-della-49ma-alpe-del-nevegal-al-belluno-di-sera-i-giovedi\\\/#breadcrumb\",\"itemListElement\":[{\"@type\":\"ListItem\",\"position\":1,\"name\":\"Home\",\"item\":\"https:\\\/\\\/www.bellunopress.it\\\/\"},{\"@type\":\"ListItem\",\"position\":2,\"name\":\"La supercar Frangivento Asfan\u00e8, apripista della 49ma Alpe del Nevegal, al Belluno di sera i gioved\u00ec\"}]},{\"@type\":\"WebSite\",\"@id\":\"https:\\\/\\\/www.bellunopress.it\\\/#website\",\"url\":\"https:\\\/\\\/www.bellunopress.it\\\/\",\"name\":\"Bellunopress - Dolomiti\",\"description\":\"e-mail: redazione@bellunopress.it\",\"publisher\":{\"@id\":\"https:\\\/\\\/www.bellunopress.it\\\/#organization\"},\"potentialAction\":[{\"@type\":\"SearchAction\",\"target\":{\"@type\":\"EntryPoint\",\"urlTemplate\":\"https:\\\/\\\/www.bellunopress.it\\\/?s={search_term_string}\"},\"query-input\":{\"@type\":\"PropertyValueSpecification\",\"valueRequired\":true,\"valueName\":\"search_term_string\"}}],\"inLanguage\":\"fr-FR\"},{\"@type\":\"Organization\",\"@id\":\"https:\\\/\\\/www.bellunopress.it\\\/#organization\",\"name\":\"Bellunopress\",\"url\":\"https:\\\/\\\/www.bellunopress.it\\\/\",\"logo\":{\"@type\":\"ImageObject\",\"inLanguage\":\"fr-FR\",\"@id\":\"https:\\\/\\\/www.bellunopress.it\\\/#\\\/schema\\\/logo\\\/image\\\/\",\"url\":\"https:\\\/\\\/www.bellunopress.it\\\/wp-content\\\/uploads\\\/2011\\\/05\\\/cropped-logo-bellunopress-.jpg\",\"contentUrl\":\"https:\\\/\\\/www.bellunopress.it\\\/wp-content\\\/uploads\\\/2011\\\/05\\\/cropped-logo-bellunopress-.jpg\",\"width\":512,\"height\":512,\"caption\":\"Bellunopress\"},\"image\":{\"@id\":\"https:\\\/\\\/www.bellunopress.it\\\/#\\\/schema\\\/logo\\\/image\\\/\"},\"sameAs\":[\"https:\\\/\\\/www.facebook.com\\\/profile.php?id=100008943462799\",\"https:\\\/\\\/x.com\\\/bellunopress\",\"https:\\\/\\\/www.linkedin.com\\\/hp\\\/?dnr=JBzUWaJfMUw8vbXJJ2tVW5-I3jZKvC4wsoxE&amp;amp;amp;amp;amp;amp;trk=nav_responsive_tab_home\",\"https:\\\/\\\/www.youtube.com\\\/channel\\\/UCxL0wu1uN0_3_7hGG0306cw\"]},{\"@type\":\"Person\",\"@id\":\"https:\\\/\\\/www.bellunopress.it\\\/#\\\/schema\\\/person\\\/79bb06722b37ece1c03d3e94beb30d73\",\"name\":\"redazione\",\"image\":{\"@type\":\"ImageObject\",\"inLanguage\":\"fr-FR\",\"@id\":\"https:\\\/\\\/secure.gravatar.com\\\/avatar\\\/37d968a2e67a6fd04c169c4bdef102d0bc5d31b2546345219e348575eb80e9a0?s=96&d=mm&r=g\",\"url\":\"https:\\\/\\\/secure.gravatar.com\\\/avatar\\\/37d968a2e67a6fd04c169c4bdef102d0bc5d31b2546345219e348575eb80e9a0?s=96&d=mm&r=g\",\"contentUrl\":\"https:\\\/\\\/secure.gravatar.com\\\/avatar\\\/37d968a2e67a6fd04c169c4bdef102d0bc5d31b2546345219e348575eb80e9a0?s=96&d=mm&r=g\",\"caption\":\"redazione\"},\"sameAs\":[\"http:\\\/\\\/www.bellunopress.it\",\"https:\\\/\\\/x.com\\\/bellunopress\"],\"url\":\"https:\\\/\\\/www.bellunopress.it\\\/fr\\\/author\\\/redazione\\\/\"}]}<\/script>\n<!-- \/ Yoast SEO plugin. -->","yoast_head_json":{"title":"La supercar Frangivento Asfan\u00e8, apripista della 49ma Alpe del Nevegal, al Belluno di sera i gioved\u00ec - Bellunopress - Dolomiti","robots":{"index":"index","follow":"follow","max-snippet":"max-snippet:-1","max-image-preview":"max-image-preview:large","max-video-preview":"max-video-preview:-1"},"canonical":"https:\/\/www.bellunopress.it\/fr\/2023\/08\/03\/la-supercar-frangivento-asfane-apripista-della-49ma-alpe-del-nevegal-al-belluno-di-sera-i-giovedi\/","og_locale":"fr_FR","og_type":"article","og_title":"La supercar Frangivento Asfan\u00e8, apripista della 49ma Alpe del Nevegal, al Belluno di sera i gioved\u00ec - Bellunopress - Dolomiti","og_description":"Belluno, 3 agosto 2023 &#8211;\u00a0Ci sar\u00e0, questa sera, a partire dalle 20, nella centralissima Piazza dei Martiri di Belluno e nelle adiacenti vie del centro storico, una interessante anteprima della 49^ Alpe del Neveg\u00e0l, nono appuntamento stagionale del CIVM di Aci Sport, organizzato da Tre Cime Promotor asd. Alcune delle 262 vetture iscritte alla competizione [&hellip;]","og_url":"https:\/\/www.bellunopress.it\/fr\/2023\/08\/03\/la-supercar-frangivento-asfane-apripista-della-49ma-alpe-del-nevegal-al-belluno-di-sera-i-giovedi\/","og_site_name":"Bellunopress - Dolomiti","article_publisher":"https:\/\/www.facebook.com\/profile.php?id=100008943462799","article_published_time":"2023-08-03T14:20:34+00:00","article_modified_time":"2023-08-03T16:05:13+00:00","og_image":[{"width":1000,"height":615,"url":"https:\/\/www.bellunopress.it\/wp-content\/uploads\/2023\/07\/Frangivento_edited.jpg","type":"image\/jpeg"}],"author":"redazione","twitter_card":"summary_large_image","twitter_creator":"@bellunopress","twitter_site":"@bellunopress","twitter_misc":{"\u00c9crit par":"redazione","Dur\u00e9e de lecture estim\u00e9e":"2 minutes"},"schema":{"@context":"https:\/\/schema.org","@graph":[{"@type":"Article","@id":"https:\/\/www.bellunopress.it\/2023\/08\/03\/la-supercar-frangivento-asfane-apripista-della-49ma-alpe-del-nevegal-al-belluno-di-sera-i-giovedi\/#article","isPartOf":{"@id":"https:\/\/www.bellunopress.it\/2023\/08\/03\/la-supercar-frangivento-asfane-apripista-della-49ma-alpe-del-nevegal-al-belluno-di-sera-i-giovedi\/"},"author":{"name":"redazione","@id":"https:\/\/www.bellunopress.it\/#\/schema\/person\/79bb06722b37ece1c03d3e94beb30d73"},"headline":"La supercar Frangivento Asfan\u00e8, apripista della 49ma Alpe del Nevegal, al Belluno di sera i gioved\u00ec","datePublished":"2023-08-03T14:20:34+00:00","dateModified":"2023-08-03T16:05:13+00:00","mainEntityOfPage":{"@id":"https:\/\/www.bellunopress.it\/2023\/08\/03\/la-supercar-frangivento-asfane-apripista-della-49ma-alpe-del-nevegal-al-belluno-di-sera-i-giovedi\/"},"wordCount":370,"publisher":{"@id":"https:\/\/www.bellunopress.it\/#organization"},"image":{"@id":"https:\/\/www.bellunopress.it\/2023\/08\/03\/la-supercar-frangivento-asfane-apripista-della-49ma-alpe-del-nevegal-al-belluno-di-sera-i-giovedi\/#primaryimage"},"thumbnailUrl":"https:\/\/www.bellunopress.it\/wp-content\/uploads\/2023\/07\/Frangivento_edited.jpg","articleSection":["Prima Pagina","Sport, tempo libero"],"inLanguage":"fr-FR"},{"@type":"WebPage","@id":"https:\/\/www.bellunopress.it\/2023\/08\/03\/la-supercar-frangivento-asfane-apripista-della-49ma-alpe-del-nevegal-al-belluno-di-sera-i-giovedi\/","url":"https:\/\/www.bellunopress.it\/2023\/08\/03\/la-supercar-frangivento-asfane-apripista-della-49ma-alpe-del-nevegal-al-belluno-di-sera-i-giovedi\/","name":"La supercar Frangivento Asfan\u00e8, apripista della 49ma Alpe del Nevegal, al Belluno di sera i gioved\u00ec - Bellunopress - Dolomiti","isPartOf":{"@id":"https:\/\/www.bellunopress.it\/#website"},"primaryImageOfPage":{"@id":"https:\/\/www.bellunopress.it\/2023\/08\/03\/la-supercar-frangivento-asfane-apripista-della-49ma-alpe-del-nevegal-al-belluno-di-sera-i-giovedi\/#primaryimage"},"image":{"@id":"https:\/\/www.bellunopress.it\/2023\/08\/03\/la-supercar-frangivento-asfane-apripista-della-49ma-alpe-del-nevegal-al-belluno-di-sera-i-giovedi\/#primaryimage"},"thumbnailUrl":"https:\/\/www.bellunopress.it\/wp-content\/uploads\/2023\/07\/Frangivento_edited.jpg","datePublished":"2023-08-03T14:20:34+00:00","dateModified":"2023-08-03T16:05:13+00:00","breadcrumb":{"@id":"https:\/\/www.bellunopress.it\/2023\/08\/03\/la-supercar-frangivento-asfane-apripista-della-49ma-alpe-del-nevegal-al-belluno-di-sera-i-giovedi\/#breadcrumb"},"inLanguage":"fr-FR","potentialAction":[{"@type":"ReadAction","target":["https:\/\/www.bellunopress.it\/2023\/08\/03\/la-supercar-frangivento-asfane-apripista-della-49ma-alpe-del-nevegal-al-belluno-di-sera-i-giovedi\/"]}]},{"@type":"ImageObject","inLanguage":"fr-FR","@id":"https:\/\/www.bellunopress.it\/2023\/08\/03\/la-supercar-frangivento-asfane-apripista-della-49ma-alpe-del-nevegal-al-belluno-di-sera-i-giovedi\/#primaryimage","url":"https:\/\/www.bellunopress.it\/wp-content\/uploads\/2023\/07\/Frangivento_edited.jpg","contentUrl":"https:\/\/www.bellunopress.it\/wp-content\/uploads\/2023\/07\/Frangivento_edited.jpg","width":1000,"height":615,"caption":"Frangivento Asfan\u00e8"},{"@type":"BreadcrumbList","@id":"https:\/\/www.bellunopress.it\/2023\/08\/03\/la-supercar-frangivento-asfane-apripista-della-49ma-alpe-del-nevegal-al-belluno-di-sera-i-giovedi\/#breadcrumb","itemListElement":[{"@type":"ListItem","position":1,"name":"Home","item":"https:\/\/www.bellunopress.it\/"},{"@type":"ListItem","position":2,"name":"La supercar Frangivento Asfan\u00e8, apripista della 49ma Alpe del Nevegal, al Belluno di sera i gioved\u00ec"}]},{"@type":"WebSite","@id":"https:\/\/www.bellunopress.it\/#website","url":"https:\/\/www.bellunopress.it\/","name":"Bellunopress - Dolomiti","description":"e-mail: redazione@bellunopress.it","publisher":{"@id":"https:\/\/www.bellunopress.it\/#organization"},"potentialAction":[{"@type":"SearchAction","target":{"@type":"EntryPoint","urlTemplate":"https:\/\/www.bellunopress.it\/?s={search_term_string}"},"query-input":{"@type":"PropertyValueSpecification","valueRequired":true,"valueName":"search_term_string"}}],"inLanguage":"fr-FR"},{"@type":"Organization","@id":"https:\/\/www.bellunopress.it\/#organization","name":"Bellunopress","url":"https:\/\/www.bellunopress.it\/","logo":{"@type":"ImageObject","inLanguage":"fr-FR","@id":"https:\/\/www.bellunopress.it\/#\/schema\/logo\/image\/","url":"https:\/\/www.bellunopress.it\/wp-content\/uploads\/2011\/05\/cropped-logo-bellunopress-.jpg","contentUrl":"https:\/\/www.bellunopress.it\/wp-content\/uploads\/2011\/05\/cropped-logo-bellunopress-.jpg","width":512,"height":512,"caption":"Bellunopress"},"image":{"@id":"https:\/\/www.bellunopress.it\/#\/schema\/logo\/image\/"},"sameAs":["https:\/\/www.facebook.com\/profile.php?id=100008943462799","https:\/\/x.com\/bellunopress","https:\/\/www.linkedin.com\/hp\/?dnr=JBzUWaJfMUw8vbXJJ2tVW5-I3jZKvC4wsoxE&amp;amp;amp;amp;amp;amp;trk=nav_responsive_tab_home","https:\/\/www.youtube.com\/channel\/UCxL0wu1uN0_3_7hGG0306cw"]},{"@type":"Person","@id":"https:\/\/www.bellunopress.it\/#\/schema\/person\/79bb06722b37ece1c03d3e94beb30d73","name":"r\u00e9daction","image":{"@type":"ImageObject","inLanguage":"fr-FR","@id":"https:\/\/secure.gravatar.com\/avatar\/37d968a2e67a6fd04c169c4bdef102d0bc5d31b2546345219e348575eb80e9a0?s=96&d=mm&r=g","url":"https:\/\/secure.gravatar.com\/avatar\/37d968a2e67a6fd04c169c4bdef102d0bc5d31b2546345219e348575eb80e9a0?s=96&d=mm&r=g","contentUrl":"https:\/\/secure.gravatar.com\/avatar\/37d968a2e67a6fd04c169c4bdef102d0bc5d31b2546345219e348575eb80e9a0?s=96&d=mm&r=g","caption":"redazione"},"sameAs":["http:\/\/www.bellunopress.it","https:\/\/x.com\/bellunopress"],"url":"https:\/\/www.bellunopress.it\/fr\/author\/redazione\/"}]}},"_links":{"self":[{"href":"https:\/\/www.bellunopress.it\/fr\/wp-json\/wp\/v2\/posts\/143229","targetHints":{"allow":["GET"]}}],"collection":[{"href":"https:\/\/www.bellunopress.it\/fr\/wp-json\/wp\/v2\/posts"}],"about":[{"href":"https:\/\/www.bellunopress.it\/fr\/wp-json\/wp\/v2\/types\/post"}],"author":[{"embeddable":true,"href":"https:\/\/www.bellunopress.it\/fr\/wp-json\/wp\/v2\/users\/2"}],"replies":[{"embeddable":true,"href":"https:\/\/www.bellunopress.it\/fr\/wp-json\/wp\/v2\/comments?post=143229"}],"version-history":[{"count":1,"href":"https:\/\/www.bellunopress.it\/fr\/wp-json\/wp\/v2\/posts\/143229\/revisions"}],"predecessor-version":[{"id":143230,"href":"https:\/\/www.bellunopress.it\/fr\/wp-json\/wp\/v2\/posts\/143229\/revisions\/143230"}],"wp:featuredmedia":[{"embeddable":true,"href":"https:\/\/www.bellunopress.it\/fr\/wp-json\/wp\/v2\/media\/142902"}],"wp:attachment":[{"href":"https:\/\/www.bellunopress.it\/fr\/wp-json\/wp\/v2\/media?parent=143229"}],"wp:term":[{"taxonomy":"category","embeddable":true,"href":"https:\/\/www.bellunopress.it\/fr\/wp-json\/wp\/v2\/categories?post=143229"},{"taxonomy":"post_tag","embeddable":true,"href":"https:\/\/www.bellunopress.it\/fr\/wp-json\/wp\/v2\/tags?post=143229"}],"curies":[{"name":"wp","href":"https:\/\/api.w.org\/{rel}","templated":true}]}}