{"id":143220,"date":"2023-08-03T16:58:27","date_gmt":"2023-08-03T14:58:27","guid":{"rendered":"https:\/\/www.bellunopress.it\/?p=143220"},"modified":"2023-08-04T14:48:03","modified_gmt":"2023-08-04T12:48:03","slug":"nevegal-presentato-il-grande-progetto-di-rilancio-del-colle-un-piano-di-60-milioni-di-investimenti","status":"publish","type":"post","link":"https:\/\/www.bellunopress.it\/fr\/2023\/08\/03\/nevegal-presentato-il-grande-progetto-di-rilancio-del-colle-un-piano-di-60-milioni-di-investimenti\/","title":{"rendered":"Nevegal. Presentato il grande\u00a0 progetto di rilancio del Colle. Un piano di 60 milioni di euro"},"content":{"rendered":"<p><img loading=\"lazy\" decoding=\"async\" class=\"alignleft size-full wp-image-143221\" src=\"https:\/\/www.bellunopress.it\/wp-content\/uploads\/2023\/08\/conferenza-Nevegal_edited.jpg\" alt=\"\" width=\"1000\" height=\"750\" srcset=\"https:\/\/www.bellunopress.it\/wp-content\/uploads\/2023\/08\/conferenza-Nevegal_edited.jpg 1000w, https:\/\/www.bellunopress.it\/wp-content\/uploads\/2023\/08\/conferenza-Nevegal_edited-500x375.jpg 500w, https:\/\/www.bellunopress.it\/wp-content\/uploads\/2023\/08\/conferenza-Nevegal_edited-696x522.jpg 696w, https:\/\/www.bellunopress.it\/wp-content\/uploads\/2023\/08\/conferenza-Nevegal_edited-560x420.jpg 560w, https:\/\/www.bellunopress.it\/wp-content\/uploads\/2023\/08\/conferenza-Nevegal_edited-80x60.jpg 80w, https:\/\/www.bellunopress.it\/wp-content\/uploads\/2023\/08\/conferenza-Nevegal_edited-265x198.jpg 265w\" sizes=\"auto, (max-width: 1000px) 100vw, 1000px\" \/>Belluno, 3 agosto 2023 \u2013 E\u2019 stato presentato questa mattina a Palazzo Rosso il grande piano di investimenti per il Nevegal. Ad illustrare il progetto il sindaco di Belluno Oscar De Pellegrin, Kamel Layachi e Ivano Viel per la societ\u00e0 interlocutrice costituita ieri la Nevegal 365 srl, l\u2019assessore regionale Federico Caner, il presidente della provincia Roberto Padrin, gli assessori comunali Franco Roccon e Paolo Gamba.<\/p>\n<p>Un progetto ciclopico da 60 milioni di euro (+30 milioni per la scuola) che prevede la realizzazioni di nuovi impianti di risalita per tutte le piste, il laghetto per l\u2019innevamento artificiale, l\u2019allestimento dei percorsi estivi per gli appassionati di bike, parchi avventura, campo da golf, l\u2019acquisizione di 4 strutture alberghiere che diventeranno hotel a quattro stelle con spa, la scuola svizzera il vecchio progetto strategico di Paolo Gamba del 2009 giacente in Regione, per accogliere un primo gruppo di 50 allievi con una potenzialit\u00e0 di 600 ragazzi. Insomma un grande sogno che tutti auspichiamo possa diventare realt\u00e0.<\/p>\n<p>Alla nostra domanda, chi sono i finanziatori di questo formidabile progetto di rilancio del Nevegal, ci \u00e8 stato risposto che sono gi\u00e0 stati sottoscritti gli accordi con la banca svizzera UBS che finanzierebbe i 60 milioni provenienti da una societ\u00e0 di gestione di fondi europei non meglio precisati. Kamel Layachi, al riguardo, ha detto che sar\u00e0 reso noto in seguito il nome del fondo europeo che finanzia il progetto.<\/p>\n<p>Per quanto riguarda la societ\u00e0 Nevegal 365 che gestisce l\u2019intera operazione, si tratta di una srl con capitale versato di 10mila euro, formata da cinque persone fisiche. Con Ivano Viel, unico socio bellunese, imprenditore della Arredo Parco sas, <a href=\"https:\/\/www.accademiacattolicadibrescia.it\/press-rassegna-stampa\/item\/kamel-layachi.html\">Kamel Layachi<\/a>, amministratore unico della societ\u00e0, algerino di nascita e veneto d\u2019adozione residente da un trentennio tra le province di Treviso e Vicenza, e altri tre soci, professionisti di nazionalit\u00e0 algerina.<\/p>\n<p>\u201cAbbiamo fatto la radiografia ai soggetti interessati al progetto &#8211; ha tenuto a precisare l\u2019assessore Franco Roccon, gi\u00e0 presidente di BimGsp &#8211; attraverso gli incontri istituzionali con il prefetto. Belluno &#8211; ha sottolineato Roccon &#8211; oltre che capitale geografica sar\u00e0 anche capitale turistica\u201d.<\/p>\n<p>L\u2019interesse al progetto presentato dagli amministratori a Palazzo Rosso,\u00a0 \u00e8 stato manifestato sia dalla Regione che dalla Provincia.<\/p>\n<p>\u201cLa Regione \u00e8 disponibile a fare la propria parte nel sostenere questo progetto di ricettivit\u00e0 di alto livello &#8211; ha detto l\u2019assessore regionale al Turismo Federico Caner &#8211; Abbiamo appena chiuso un bando da 20 milioni per gli impianti a fune, ma nel 2024 sono previsti altri bandi mirati alle strutture alberghiere e alla creazione di nuovi progetti turistici. E dunque il Nevegal rientra in questa partita dei fondi di coesione nazionale\u201d. Sulla stessa linea il presidente della provincia Roberto Padrin che ha espresso la sua soddisfazione per il reperimento dei fondi per il rilancio del Nevegal. Il sindaco di Belluno Oscar De Pellegrin, firmatario di questa lettera d\u2019intenti con la societ\u00e0 Nevegal 365, ha assicurato che ogni progetto sar\u00e0 concordato con i soggetti che in questi anni hanno tenuto alto il Colle con le loro iniziative.<\/p>\n<p>I video agli interventi:<\/p>\n<div class=\"youtube-embed\" data-video_id=\"jv9vRMrnnm8\"><iframe loading=\"lazy\" title=\"Conferenza di pesentazione del progetto Nevegal (Belluno) - Kamel Layachi\" width=\"696\" height=\"392\" src=\"https:\/\/www.youtube.com\/embed\/jv9vRMrnnm8?feature=oembed&#038;enablejsapi=1\" frameborder=\"0\" allow=\"accelerometer; autoplay; clipboard-write; encrypted-media; gyroscope; picture-in-picture; web-share\" allowfullscreen><\/iframe><\/div>\n<div class=\"youtube-embed\" data-video_id=\"YmuVrLEf1D0\"><iframe loading=\"lazy\" title=\"Conferenza di presentazione del progetto Nevegal (Belluno) - Ivano Viel\" width=\"696\" height=\"392\" src=\"https:\/\/www.youtube.com\/embed\/YmuVrLEf1D0?feature=oembed&#038;enablejsapi=1\" frameborder=\"0\" allow=\"accelerometer; autoplay; clipboard-write; encrypted-media; gyroscope; picture-in-picture; web-share\" allowfullscreen><\/iframe><\/div>\n<div class=\"youtube-embed\" data-video_id=\"zYK3RbeAJpw\"><iframe loading=\"lazy\" title=\"Conferenza di presentazione del Progetto Nevegal - Federico Caner, assessore regionale\" width=\"696\" height=\"392\" src=\"https:\/\/www.youtube.com\/embed\/zYK3RbeAJpw?feature=oembed&#038;enablejsapi=1\" frameborder=\"0\" allow=\"accelerometer; autoplay; clipboard-write; encrypted-media; gyroscope; picture-in-picture; web-share\" allowfullscreen><\/iframe><\/div>\n<div class=\"youtube-embed\" data-video_id=\"sGAQ-GYp8WE\"><iframe loading=\"lazy\" title=\"Conferenza di presentazione del progetto Nevegal - Oscar De Pellegrin\" width=\"696\" height=\"392\" src=\"https:\/\/www.youtube.com\/embed\/sGAQ-GYp8WE?feature=oembed&#038;enablejsapi=1\" frameborder=\"0\" allow=\"accelerometer; autoplay; clipboard-write; encrypted-media; gyroscope; picture-in-picture; web-share\" allowfullscreen><\/iframe><\/div>\n<div class=\"youtube-embed\" data-video_id=\"4omLkgCQEYs\"><iframe loading=\"lazy\" title=\"Conferenza di presentazione del Progetto Nevegal - Roberto Padrin, presidente Provincia Belluno\" width=\"696\" height=\"392\" src=\"https:\/\/www.youtube.com\/embed\/4omLkgCQEYs?feature=oembed&#038;enablejsapi=1\" frameborder=\"0\" allow=\"accelerometer; autoplay; clipboard-write; encrypted-media; gyroscope; picture-in-picture; web-share\" allowfullscreen><\/iframe><\/div>\n<p>&nbsp;<\/p>\n<p>&nbsp;<\/p>","protected":false},"excerpt":{"rendered":"<p>Belluno, 3 agosto 2023 \u2013 E\u2019 stato presentato questa mattina a Palazzo Rosso il grande piano di investimenti per il Nevegal. Ad illustrare il progetto il sindaco di Belluno Oscar De Pellegrin, Kamel Layachi e Ivano Viel per la societ\u00e0 interlocutrice costituita ieri la Nevegal 365 srl, l\u2019assessore regionale Federico Caner, il presidente della provincia [&hellip;]<\/p>\n","protected":false},"author":2,"featured_media":143221,"comment_status":"closed","ping_status":"open","sticky":false,"template":"","format":"standard","meta":{"footnotes":""},"categories":[5,3446,26],"tags":[],"class_list":["post-143220","post","type-post","status-publish","format-standard","has-post-thumbnail","category-cronaca","category-featured","category-prima-pagina"],"yoast_head":"<!-- This site is optimized with the Yoast SEO plugin v28.4 - https:\/\/yoast.com\/product\/yoast-seo-wordpress\/ -->\n<title>Nevegal. Presentato il grande\u00a0 progetto di rilancio del Colle. Un piano di 60 milioni di euro - Bellunopress - Dolomiti<\/title>\n<meta name=\"robots\" content=\"index, follow, max-snippet:-1, max-image-preview:large, max-video-preview:-1\" \/>\n<link rel=\"canonical\" href=\"https:\/\/www.bellunopress.it\/fr\/2023\/08\/03\/nevegal-presentato-il-grande-progetto-di-rilancio-del-colle-un-piano-di-60-milioni-di-investimenti\/\" \/>\n<meta property=\"og:locale\" content=\"fr_FR\" \/>\n<meta property=\"og:type\" content=\"article\" \/>\n<meta property=\"og:title\" content=\"Nevegal. Presentato il grande\u00a0 progetto di rilancio del Colle. Un piano di 60 milioni di euro - Bellunopress - Dolomiti\" \/>\n<meta property=\"og:description\" content=\"Belluno, 3 agosto 2023 \u2013 E\u2019 stato presentato questa mattina a Palazzo Rosso il grande piano di investimenti per il Nevegal. Ad illustrare il progetto il sindaco di Belluno Oscar De Pellegrin, Kamel Layachi e Ivano Viel per la societ\u00e0 interlocutrice costituita ieri la Nevegal 365 srl, l\u2019assessore regionale Federico Caner, il presidente della provincia [&hellip;]\" \/>\n<meta property=\"og:url\" content=\"https:\/\/www.bellunopress.it\/fr\/2023\/08\/03\/nevegal-presentato-il-grande-progetto-di-rilancio-del-colle-un-piano-di-60-milioni-di-investimenti\/\" \/>\n<meta property=\"og:site_name\" content=\"Bellunopress - Dolomiti\" \/>\n<meta property=\"article:publisher\" content=\"https:\/\/www.facebook.com\/profile.php?id=100008943462799\" \/>\n<meta property=\"article:published_time\" content=\"2023-08-03T14:58:27+00:00\" \/>\n<meta property=\"article:modified_time\" content=\"2023-08-04T12:48:03+00:00\" \/>\n<meta property=\"og:image\" content=\"https:\/\/www.bellunopress.it\/wp-content\/uploads\/2023\/08\/conferenza-Nevegal_edited.jpg\" \/>\n\t<meta property=\"og:image:width\" content=\"1000\" \/>\n\t<meta property=\"og:image:height\" content=\"750\" \/>\n\t<meta property=\"og:image:type\" content=\"image\/jpeg\" \/>\n<meta name=\"author\" content=\"redazione\" \/>\n<meta name=\"twitter:card\" content=\"summary_large_image\" \/>\n<meta name=\"twitter:creator\" content=\"@bellunopress\" \/>\n<meta name=\"twitter:site\" content=\"@bellunopress\" \/>\n<meta name=\"twitter:label1\" content=\"\u00c9crit par\" \/>\n\t<meta name=\"twitter:data1\" content=\"redazione\" \/>\n\t<meta name=\"twitter:label2\" content=\"Dur\u00e9e de lecture estim\u00e9e\" \/>\n\t<meta name=\"twitter:data2\" content=\"3 minutes\" \/>\n<script type=\"application\/ld+json\" class=\"yoast-schema-graph\">{\"@context\":\"https:\\\/\\\/schema.org\",\"@graph\":[{\"@type\":\"Article\",\"@id\":\"https:\\\/\\\/www.bellunopress.it\\\/2023\\\/08\\\/03\\\/nevegal-presentato-il-grande-progetto-di-rilancio-del-colle-un-piano-di-60-milioni-di-investimenti\\\/#article\",\"isPartOf\":{\"@id\":\"https:\\\/\\\/www.bellunopress.it\\\/2023\\\/08\\\/03\\\/nevegal-presentato-il-grande-progetto-di-rilancio-del-colle-un-piano-di-60-milioni-di-investimenti\\\/\"},\"author\":{\"name\":\"redazione\",\"@id\":\"https:\\\/\\\/www.bellunopress.it\\\/#\\\/schema\\\/person\\\/79bb06722b37ece1c03d3e94beb30d73\"},\"headline\":\"Nevegal. Presentato il grande\u00a0 progetto di rilancio del Colle. Un piano di 60 milioni di euro\",\"datePublished\":\"2023-08-03T14:58:27+00:00\",\"dateModified\":\"2023-08-04T12:48:03+00:00\",\"mainEntityOfPage\":{\"@id\":\"https:\\\/\\\/www.bellunopress.it\\\/2023\\\/08\\\/03\\\/nevegal-presentato-il-grande-progetto-di-rilancio-del-colle-un-piano-di-60-milioni-di-investimenti\\\/\"},\"wordCount\":550,\"publisher\":{\"@id\":\"https:\\\/\\\/www.bellunopress.it\\\/#organization\"},\"image\":{\"@id\":\"https:\\\/\\\/www.bellunopress.it\\\/2023\\\/08\\\/03\\\/nevegal-presentato-il-grande-progetto-di-rilancio-del-colle-un-piano-di-60-milioni-di-investimenti\\\/#primaryimage\"},\"thumbnailUrl\":\"https:\\\/\\\/www.bellunopress.it\\\/wp-content\\\/uploads\\\/2023\\\/08\\\/conferenza-Nevegal_edited.jpg\",\"articleSection\":[\"Cronaca\\\/Politica\",\"Featured\",\"Prima Pagina\"],\"inLanguage\":\"fr-FR\"},{\"@type\":\"WebPage\",\"@id\":\"https:\\\/\\\/www.bellunopress.it\\\/2023\\\/08\\\/03\\\/nevegal-presentato-il-grande-progetto-di-rilancio-del-colle-un-piano-di-60-milioni-di-investimenti\\\/\",\"url\":\"https:\\\/\\\/www.bellunopress.it\\\/2023\\\/08\\\/03\\\/nevegal-presentato-il-grande-progetto-di-rilancio-del-colle-un-piano-di-60-milioni-di-investimenti\\\/\",\"name\":\"Nevegal. Presentato il grande\u00a0 progetto di rilancio del Colle. Un piano di 60 milioni di euro - Bellunopress - Dolomiti\",\"isPartOf\":{\"@id\":\"https:\\\/\\\/www.bellunopress.it\\\/#website\"},\"primaryImageOfPage\":{\"@id\":\"https:\\\/\\\/www.bellunopress.it\\\/2023\\\/08\\\/03\\\/nevegal-presentato-il-grande-progetto-di-rilancio-del-colle-un-piano-di-60-milioni-di-investimenti\\\/#primaryimage\"},\"image\":{\"@id\":\"https:\\\/\\\/www.bellunopress.it\\\/2023\\\/08\\\/03\\\/nevegal-presentato-il-grande-progetto-di-rilancio-del-colle-un-piano-di-60-milioni-di-investimenti\\\/#primaryimage\"},\"thumbnailUrl\":\"https:\\\/\\\/www.bellunopress.it\\\/wp-content\\\/uploads\\\/2023\\\/08\\\/conferenza-Nevegal_edited.jpg\",\"datePublished\":\"2023-08-03T14:58:27+00:00\",\"dateModified\":\"2023-08-04T12:48:03+00:00\",\"breadcrumb\":{\"@id\":\"https:\\\/\\\/www.bellunopress.it\\\/2023\\\/08\\\/03\\\/nevegal-presentato-il-grande-progetto-di-rilancio-del-colle-un-piano-di-60-milioni-di-investimenti\\\/#breadcrumb\"},\"inLanguage\":\"fr-FR\",\"potentialAction\":[{\"@type\":\"ReadAction\",\"target\":[\"https:\\\/\\\/www.bellunopress.it\\\/2023\\\/08\\\/03\\\/nevegal-presentato-il-grande-progetto-di-rilancio-del-colle-un-piano-di-60-milioni-di-investimenti\\\/\"]}]},{\"@type\":\"ImageObject\",\"inLanguage\":\"fr-FR\",\"@id\":\"https:\\\/\\\/www.bellunopress.it\\\/2023\\\/08\\\/03\\\/nevegal-presentato-il-grande-progetto-di-rilancio-del-colle-un-piano-di-60-milioni-di-investimenti\\\/#primaryimage\",\"url\":\"https:\\\/\\\/www.bellunopress.it\\\/wp-content\\\/uploads\\\/2023\\\/08\\\/conferenza-Nevegal_edited.jpg\",\"contentUrl\":\"https:\\\/\\\/www.bellunopress.it\\\/wp-content\\\/uploads\\\/2023\\\/08\\\/conferenza-Nevegal_edited.jpg\",\"width\":1000,\"height\":750},{\"@type\":\"BreadcrumbList\",\"@id\":\"https:\\\/\\\/www.bellunopress.it\\\/2023\\\/08\\\/03\\\/nevegal-presentato-il-grande-progetto-di-rilancio-del-colle-un-piano-di-60-milioni-di-investimenti\\\/#breadcrumb\",\"itemListElement\":[{\"@type\":\"ListItem\",\"position\":1,\"name\":\"Home\",\"item\":\"https:\\\/\\\/www.bellunopress.it\\\/\"},{\"@type\":\"ListItem\",\"position\":2,\"name\":\"Nevegal. Presentato il grande\u00a0 progetto di rilancio del Colle. Un piano di 60 milioni di euro\"}]},{\"@type\":\"WebSite\",\"@id\":\"https:\\\/\\\/www.bellunopress.it\\\/#website\",\"url\":\"https:\\\/\\\/www.bellunopress.it\\\/\",\"name\":\"Bellunopress - Dolomiti\",\"description\":\"e-mail: redazione@bellunopress.it\",\"publisher\":{\"@id\":\"https:\\\/\\\/www.bellunopress.it\\\/#organization\"},\"potentialAction\":[{\"@type\":\"SearchAction\",\"target\":{\"@type\":\"EntryPoint\",\"urlTemplate\":\"https:\\\/\\\/www.bellunopress.it\\\/?s={search_term_string}\"},\"query-input\":{\"@type\":\"PropertyValueSpecification\",\"valueRequired\":true,\"valueName\":\"search_term_string\"}}],\"inLanguage\":\"fr-FR\"},{\"@type\":\"Organization\",\"@id\":\"https:\\\/\\\/www.bellunopress.it\\\/#organization\",\"name\":\"Bellunopress\",\"url\":\"https:\\\/\\\/www.bellunopress.it\\\/\",\"logo\":{\"@type\":\"ImageObject\",\"inLanguage\":\"fr-FR\",\"@id\":\"https:\\\/\\\/www.bellunopress.it\\\/#\\\/schema\\\/logo\\\/image\\\/\",\"url\":\"https:\\\/\\\/www.bellunopress.it\\\/wp-content\\\/uploads\\\/2011\\\/05\\\/cropped-logo-bellunopress-.jpg\",\"contentUrl\":\"https:\\\/\\\/www.bellunopress.it\\\/wp-content\\\/uploads\\\/2011\\\/05\\\/cropped-logo-bellunopress-.jpg\",\"width\":512,\"height\":512,\"caption\":\"Bellunopress\"},\"image\":{\"@id\":\"https:\\\/\\\/www.bellunopress.it\\\/#\\\/schema\\\/logo\\\/image\\\/\"},\"sameAs\":[\"https:\\\/\\\/www.facebook.com\\\/profile.php?id=100008943462799\",\"https:\\\/\\\/x.com\\\/bellunopress\",\"https:\\\/\\\/www.linkedin.com\\\/hp\\\/?dnr=JBzUWaJfMUw8vbXJJ2tVW5-I3jZKvC4wsoxE&amp;amp;amp;amp;amp;amp;trk=nav_responsive_tab_home\",\"https:\\\/\\\/www.youtube.com\\\/channel\\\/UCxL0wu1uN0_3_7hGG0306cw\"]},{\"@type\":\"Person\",\"@id\":\"https:\\\/\\\/www.bellunopress.it\\\/#\\\/schema\\\/person\\\/79bb06722b37ece1c03d3e94beb30d73\",\"name\":\"redazione\",\"image\":{\"@type\":\"ImageObject\",\"inLanguage\":\"fr-FR\",\"@id\":\"https:\\\/\\\/secure.gravatar.com\\\/avatar\\\/37d968a2e67a6fd04c169c4bdef102d0bc5d31b2546345219e348575eb80e9a0?s=96&d=mm&r=g\",\"url\":\"https:\\\/\\\/secure.gravatar.com\\\/avatar\\\/37d968a2e67a6fd04c169c4bdef102d0bc5d31b2546345219e348575eb80e9a0?s=96&d=mm&r=g\",\"contentUrl\":\"https:\\\/\\\/secure.gravatar.com\\\/avatar\\\/37d968a2e67a6fd04c169c4bdef102d0bc5d31b2546345219e348575eb80e9a0?s=96&d=mm&r=g\",\"caption\":\"redazione\"},\"sameAs\":[\"http:\\\/\\\/www.bellunopress.it\",\"https:\\\/\\\/x.com\\\/bellunopress\"],\"url\":\"https:\\\/\\\/www.bellunopress.it\\\/fr\\\/author\\\/redazione\\\/\"}]}<\/script>\n<!-- \/ Yoast SEO plugin. -->","yoast_head_json":{"title":"Nevegal. Presentato il grande\u00a0 progetto di rilancio del Colle. Un piano di 60 milioni di euro - Bellunopress - Dolomiti","robots":{"index":"index","follow":"follow","max-snippet":"max-snippet:-1","max-image-preview":"max-image-preview:large","max-video-preview":"max-video-preview:-1"},"canonical":"https:\/\/www.bellunopress.it\/fr\/2023\/08\/03\/nevegal-presentato-il-grande-progetto-di-rilancio-del-colle-un-piano-di-60-milioni-di-investimenti\/","og_locale":"fr_FR","og_type":"article","og_title":"Nevegal. Presentato il grande\u00a0 progetto di rilancio del Colle. Un piano di 60 milioni di euro - Bellunopress - Dolomiti","og_description":"Belluno, 3 agosto 2023 \u2013 E\u2019 stato presentato questa mattina a Palazzo Rosso il grande piano di investimenti per il Nevegal. Ad illustrare il progetto il sindaco di Belluno Oscar De Pellegrin, Kamel Layachi e Ivano Viel per la societ\u00e0 interlocutrice costituita ieri la Nevegal 365 srl, l\u2019assessore regionale Federico Caner, il presidente della provincia [&hellip;]","og_url":"https:\/\/www.bellunopress.it\/fr\/2023\/08\/03\/nevegal-presentato-il-grande-progetto-di-rilancio-del-colle-un-piano-di-60-milioni-di-investimenti\/","og_site_name":"Bellunopress - Dolomiti","article_publisher":"https:\/\/www.facebook.com\/profile.php?id=100008943462799","article_published_time":"2023-08-03T14:58:27+00:00","article_modified_time":"2023-08-04T12:48:03+00:00","og_image":[{"width":1000,"height":750,"url":"https:\/\/www.bellunopress.it\/wp-content\/uploads\/2023\/08\/conferenza-Nevegal_edited.jpg","type":"image\/jpeg"}],"author":"redazione","twitter_card":"summary_large_image","twitter_creator":"@bellunopress","twitter_site":"@bellunopress","twitter_misc":{"\u00c9crit par":"redazione","Dur\u00e9e de lecture estim\u00e9e":"3 minutes"},"schema":{"@context":"https:\/\/schema.org","@graph":[{"@type":"Article","@id":"https:\/\/www.bellunopress.it\/2023\/08\/03\/nevegal-presentato-il-grande-progetto-di-rilancio-del-colle-un-piano-di-60-milioni-di-investimenti\/#article","isPartOf":{"@id":"https:\/\/www.bellunopress.it\/2023\/08\/03\/nevegal-presentato-il-grande-progetto-di-rilancio-del-colle-un-piano-di-60-milioni-di-investimenti\/"},"author":{"name":"redazione","@id":"https:\/\/www.bellunopress.it\/#\/schema\/person\/79bb06722b37ece1c03d3e94beb30d73"},"headline":"Nevegal. Presentato il grande\u00a0 progetto di rilancio del Colle. Un piano di 60 milioni di euro","datePublished":"2023-08-03T14:58:27+00:00","dateModified":"2023-08-04T12:48:03+00:00","mainEntityOfPage":{"@id":"https:\/\/www.bellunopress.it\/2023\/08\/03\/nevegal-presentato-il-grande-progetto-di-rilancio-del-colle-un-piano-di-60-milioni-di-investimenti\/"},"wordCount":550,"publisher":{"@id":"https:\/\/www.bellunopress.it\/#organization"},"image":{"@id":"https:\/\/www.bellunopress.it\/2023\/08\/03\/nevegal-presentato-il-grande-progetto-di-rilancio-del-colle-un-piano-di-60-milioni-di-investimenti\/#primaryimage"},"thumbnailUrl":"https:\/\/www.bellunopress.it\/wp-content\/uploads\/2023\/08\/conferenza-Nevegal_edited.jpg","articleSection":["Cronaca\/Politica","Featured","Prima Pagina"],"inLanguage":"fr-FR"},{"@type":"WebPage","@id":"https:\/\/www.bellunopress.it\/2023\/08\/03\/nevegal-presentato-il-grande-progetto-di-rilancio-del-colle-un-piano-di-60-milioni-di-investimenti\/","url":"https:\/\/www.bellunopress.it\/2023\/08\/03\/nevegal-presentato-il-grande-progetto-di-rilancio-del-colle-un-piano-di-60-milioni-di-investimenti\/","name":"Nevegal. Presentato il grande\u00a0 progetto di rilancio del Colle. Un piano di 60 milioni di euro - Bellunopress - Dolomiti","isPartOf":{"@id":"https:\/\/www.bellunopress.it\/#website"},"primaryImageOfPage":{"@id":"https:\/\/www.bellunopress.it\/2023\/08\/03\/nevegal-presentato-il-grande-progetto-di-rilancio-del-colle-un-piano-di-60-milioni-di-investimenti\/#primaryimage"},"image":{"@id":"https:\/\/www.bellunopress.it\/2023\/08\/03\/nevegal-presentato-il-grande-progetto-di-rilancio-del-colle-un-piano-di-60-milioni-di-investimenti\/#primaryimage"},"thumbnailUrl":"https:\/\/www.bellunopress.it\/wp-content\/uploads\/2023\/08\/conferenza-Nevegal_edited.jpg","datePublished":"2023-08-03T14:58:27+00:00","dateModified":"2023-08-04T12:48:03+00:00","breadcrumb":{"@id":"https:\/\/www.bellunopress.it\/2023\/08\/03\/nevegal-presentato-il-grande-progetto-di-rilancio-del-colle-un-piano-di-60-milioni-di-investimenti\/#breadcrumb"},"inLanguage":"fr-FR","potentialAction":[{"@type":"ReadAction","target":["https:\/\/www.bellunopress.it\/2023\/08\/03\/nevegal-presentato-il-grande-progetto-di-rilancio-del-colle-un-piano-di-60-milioni-di-investimenti\/"]}]},{"@type":"ImageObject","inLanguage":"fr-FR","@id":"https:\/\/www.bellunopress.it\/2023\/08\/03\/nevegal-presentato-il-grande-progetto-di-rilancio-del-colle-un-piano-di-60-milioni-di-investimenti\/#primaryimage","url":"https:\/\/www.bellunopress.it\/wp-content\/uploads\/2023\/08\/conferenza-Nevegal_edited.jpg","contentUrl":"https:\/\/www.bellunopress.it\/wp-content\/uploads\/2023\/08\/conferenza-Nevegal_edited.jpg","width":1000,"height":750},{"@type":"BreadcrumbList","@id":"https:\/\/www.bellunopress.it\/2023\/08\/03\/nevegal-presentato-il-grande-progetto-di-rilancio-del-colle-un-piano-di-60-milioni-di-investimenti\/#breadcrumb","itemListElement":[{"@type":"ListItem","position":1,"name":"Home","item":"https:\/\/www.bellunopress.it\/"},{"@type":"ListItem","position":2,"name":"Nevegal. Presentato il grande\u00a0 progetto di rilancio del Colle. Un piano di 60 milioni di euro"}]},{"@type":"WebSite","@id":"https:\/\/www.bellunopress.it\/#website","url":"https:\/\/www.bellunopress.it\/","name":"Bellunopress - Dolomiti","description":"e-mail: redazione@bellunopress.it","publisher":{"@id":"https:\/\/www.bellunopress.it\/#organization"},"potentialAction":[{"@type":"SearchAction","target":{"@type":"EntryPoint","urlTemplate":"https:\/\/www.bellunopress.it\/?s={search_term_string}"},"query-input":{"@type":"PropertyValueSpecification","valueRequired":true,"valueName":"search_term_string"}}],"inLanguage":"fr-FR"},{"@type":"Organization","@id":"https:\/\/www.bellunopress.it\/#organization","name":"Bellunopress","url":"https:\/\/www.bellunopress.it\/","logo":{"@type":"ImageObject","inLanguage":"fr-FR","@id":"https:\/\/www.bellunopress.it\/#\/schema\/logo\/image\/","url":"https:\/\/www.bellunopress.it\/wp-content\/uploads\/2011\/05\/cropped-logo-bellunopress-.jpg","contentUrl":"https:\/\/www.bellunopress.it\/wp-content\/uploads\/2011\/05\/cropped-logo-bellunopress-.jpg","width":512,"height":512,"caption":"Bellunopress"},"image":{"@id":"https:\/\/www.bellunopress.it\/#\/schema\/logo\/image\/"},"sameAs":["https:\/\/www.facebook.com\/profile.php?id=100008943462799","https:\/\/x.com\/bellunopress","https:\/\/www.linkedin.com\/hp\/?dnr=JBzUWaJfMUw8vbXJJ2tVW5-I3jZKvC4wsoxE&amp;amp;amp;amp;amp;amp;trk=nav_responsive_tab_home","https:\/\/www.youtube.com\/channel\/UCxL0wu1uN0_3_7hGG0306cw"]},{"@type":"Person","@id":"https:\/\/www.bellunopress.it\/#\/schema\/person\/79bb06722b37ece1c03d3e94beb30d73","name":"r\u00e9daction","image":{"@type":"ImageObject","inLanguage":"fr-FR","@id":"https:\/\/secure.gravatar.com\/avatar\/37d968a2e67a6fd04c169c4bdef102d0bc5d31b2546345219e348575eb80e9a0?s=96&d=mm&r=g","url":"https:\/\/secure.gravatar.com\/avatar\/37d968a2e67a6fd04c169c4bdef102d0bc5d31b2546345219e348575eb80e9a0?s=96&d=mm&r=g","contentUrl":"https:\/\/secure.gravatar.com\/avatar\/37d968a2e67a6fd04c169c4bdef102d0bc5d31b2546345219e348575eb80e9a0?s=96&d=mm&r=g","caption":"redazione"},"sameAs":["http:\/\/www.bellunopress.it","https:\/\/x.com\/bellunopress"],"url":"https:\/\/www.bellunopress.it\/fr\/author\/redazione\/"}]}},"_links":{"self":[{"href":"https:\/\/www.bellunopress.it\/fr\/wp-json\/wp\/v2\/posts\/143220","targetHints":{"allow":["GET"]}}],"collection":[{"href":"https:\/\/www.bellunopress.it\/fr\/wp-json\/wp\/v2\/posts"}],"about":[{"href":"https:\/\/www.bellunopress.it\/fr\/wp-json\/wp\/v2\/types\/post"}],"author":[{"embeddable":true,"href":"https:\/\/www.bellunopress.it\/fr\/wp-json\/wp\/v2\/users\/2"}],"replies":[{"embeddable":true,"href":"https:\/\/www.bellunopress.it\/fr\/wp-json\/wp\/v2\/comments?post=143220"}],"version-history":[{"count":5,"href":"https:\/\/www.bellunopress.it\/fr\/wp-json\/wp\/v2\/posts\/143220\/revisions"}],"predecessor-version":[{"id":143252,"href":"https:\/\/www.bellunopress.it\/fr\/wp-json\/wp\/v2\/posts\/143220\/revisions\/143252"}],"wp:featuredmedia":[{"embeddable":true,"href":"https:\/\/www.bellunopress.it\/fr\/wp-json\/wp\/v2\/media\/143221"}],"wp:attachment":[{"href":"https:\/\/www.bellunopress.it\/fr\/wp-json\/wp\/v2\/media?parent=143220"}],"wp:term":[{"taxonomy":"category","embeddable":true,"href":"https:\/\/www.bellunopress.it\/fr\/wp-json\/wp\/v2\/categories?post=143220"},{"taxonomy":"post_tag","embeddable":true,"href":"https:\/\/www.bellunopress.it\/fr\/wp-json\/wp\/v2\/tags?post=143220"}],"curies":[{"name":"wp","href":"https:\/\/api.w.org\/{rel}","templated":true}]}}