{"id":143208,"date":"2023-08-01T11:25:39","date_gmt":"2023-08-01T09:25:39","guid":{"rendered":"https:\/\/www.bellunopress.it\/?p=143208"},"modified":"2023-08-01T11:27:02","modified_gmt":"2023-08-01T09:27:02","slug":"proprietari-nevegal-in-assemblea-cordata-italo-algerina-sotto-la-lente-lago-artificiale-mancata-apertura-impianti-e-sfalcio-sentieri","status":"publish","type":"post","link":"https:\/\/www.bellunopress.it\/fr\/2023\/08\/01\/proprietari-nevegal-in-assemblea-cordata-italo-algerina-sotto-la-lente-lago-artificiale-mancata-apertura-impianti-e-sfalcio-sentieri\/","title":{"rendered":"Proprietari Nevegal in assemblea. Cordata italo-algerina sotto la lente, lago artificiale, mancata apertura impianti e sfalcio sentieri"},"content":{"rendered":"<figure id=\"attachment_118061\" aria-describedby=\"caption-attachment-118061\" style=\"width: 744px\" class=\"wp-caption alignleft\"><img loading=\"lazy\" decoding=\"async\" class=\"size-full wp-image-118061\" src=\"https:\/\/www.bellunopress.it\/wp-content\/uploads\/2020\/09\/NEVEGAL-LE-TORRI-30.09_edited.jpg\" alt=\"\" width=\"744\" height=\"506\" srcset=\"https:\/\/www.bellunopress.it\/wp-content\/uploads\/2020\/09\/NEVEGAL-LE-TORRI-30.09_edited.jpg 744w, https:\/\/www.bellunopress.it\/wp-content\/uploads\/2020\/09\/NEVEGAL-LE-TORRI-30.09_edited-500x340.jpg 500w, https:\/\/www.bellunopress.it\/wp-content\/uploads\/2020\/09\/NEVEGAL-LE-TORRI-30.09_edited-696x473.jpg 696w, https:\/\/www.bellunopress.it\/wp-content\/uploads\/2020\/09\/NEVEGAL-LE-TORRI-30.09_edited-618x420.jpg 618w\" sizes=\"auto, (max-width: 744px) 100vw, 744px\" \/><figcaption id=\"caption-attachment-118061\" class=\"wp-caption-text\">Le Torri &#8211; Nevegal (Belluno)<\/figcaption><\/figure>\n<p>Nevegal, l\u00ec 31 luglio 2023 &#8211; Prospettive, futuro e concretezza: sono queste le parole chiave dell\u2019assemblea dell\u2019Associazione Proprietari Nevegal che si svolger\u00e0 in data 13 agosto 2023, alle ore 15.00, in Localit\u00e0 Nevegal, presso la ex-Hall del Centro Congressi &#8220;Le Torri&#8221;.<\/p>\n<p>Il 2024 sar\u00e0 un anno fondamentale per lo sviluppo del Colle &#8211; recita la nota dell&#8217;Associazione Proprietari del Nevegal, che cos\u00ec prosegue &#8211; . Si stanno aprendo molte opportunit\u00e0 e l\u2019Associazione \u00e8 parte attiva nel processo di crescita in atto attraverso la partecipazione a un nuovo piano strategico studiato assieme alle associazioni principali del territorio, tra cui Nevegallika.<br \/>\nCome al solito, l\u2019Associazione che rappresenta chi ha sempre creduto in questo territorio, investendo sullo stesso, si pone con un approccio concreto, guardando con ottimismo al futuro e cercando di dare un contributo sempre propositivo, senza entrare in polemiche o dispute che poco la rappresentano.<br \/>\nA tal proposito l&#8217;Associazione Proprietari Nevegal, in un pensiero condiviso con l&#8217;Associazione Nevegallika, prende atto delle recenti dichiarazioni dell\u2019Assessore Roccon e del Signor Sindaco (che saranno graditi ospiti all&#8217;assemblea) relativamente alla cordata italo-algerina che dovrebbe investire sul territorio, confidando di poter prendere presto visione delle proposte sul tavolo, nello spirito di collaborazione pi\u00f9 volte indicato dal Sindaco stesso.<br \/>\nIn ogni caso, al di l\u00e0 di quello che far\u00e0 la potenziale cordata, il progetto di sviluppo e comunicazione strategica intrapreso dalle Associazioni del territorio, va avanti partendo da un elemento imprescindibile: la profonda conoscenza del territorio stesso&#8221;.<\/p>\n<p>&#8220;La negativit\u00e0 che si sta creando nuovamente attorno al Colle &#8211; sottolinea l&#8217;Associazione Proprietari del Nevegal &#8211;\u00a0 spinge ancora di pi\u00f9 ad agire autonomamente per il bene dello stesso.<br \/>\nDi certo la mancata apertura degli impianti estivi, gli intoppi per il lago artificiale, le continue diatribe politiche tra maggioranza e opposizione, il mancato sfalcio di alcuni sentieri, stanno oscurando gli aspetti positivi di un territorio che, al di l\u00e0 di investimenti milionari, ha tutto per crescere, alla luce di una analisi territoriale intrapresa con precisi criteri.<\/p>\n<p>L&#8217;Associazione Proprietari Nevegal e l&#8217;Associazione Nevegallika, ritengono che notizie come quelle della cordata italo-algerina vadano sicuramente approfondite con spirito costruttivo, ma senza abbandonare i propri progetti e le strategie di sviluppo, che rimangono invariati.<br \/>\nL\u2019assemblea sar\u00e0 occasione quindi di un interessante dibattito sul Nevegal, dove il Sindaco Oscar De Pellegrin, assieme agli Assessori Franco Roccon, Paolo Luciani e Monica Mazzoccoli, illustreranno le iniziative pensate per il territorio, compreso il progetto della Frazione.<br \/>\nPer questo motivo &#8211; conclude la nota &#8211; , l\u2019Assemblea sar\u00e0 aperta a tutti coloro che avranno piacere di partecipare&#8221;.<\/p>","protected":false},"excerpt":{"rendered":"<p>Nevegal, l\u00ec 31 luglio 2023 &#8211; Prospettive, futuro e concretezza: sono queste le parole chiave dell\u2019assemblea dell\u2019Associazione Proprietari Nevegal che si svolger\u00e0 in data 13 agosto 2023, alle ore 15.00, in Localit\u00e0 Nevegal, presso la ex-Hall del Centro Congressi &#8220;Le Torri&#8221;. Il 2024 sar\u00e0 un anno fondamentale per lo sviluppo del Colle &#8211; recita la [&hellip;]<\/p>\n","protected":false},"author":2,"featured_media":118061,"comment_status":"closed","ping_status":"open","sticky":false,"template":"","format":"standard","meta":{"footnotes":""},"categories":[26,8],"tags":[],"class_list":["post-143208","post","type-post","status-publish","format-standard","has-post-thumbnail","category-prima-pagina","category-societa-istituzioni"],"yoast_head":"<!-- This site is optimized with the Yoast SEO plugin v28.4 - https:\/\/yoast.com\/product\/yoast-seo-wordpress\/ -->\n<title>Proprietari Nevegal in assemblea. Cordata italo-algerina sotto la lente, lago artificiale, mancata apertura impianti e sfalcio sentieri - Bellunopress - Dolomiti<\/title>\n<meta name=\"robots\" content=\"index, follow, max-snippet:-1, max-image-preview:large, max-video-preview:-1\" \/>\n<link rel=\"canonical\" href=\"https:\/\/www.bellunopress.it\/fr\/2023\/08\/01\/proprietari-nevegal-in-assemblea-cordata-italo-algerina-sotto-la-lente-lago-artificiale-mancata-apertura-impianti-e-sfalcio-sentieri\/\" \/>\n<meta property=\"og:locale\" content=\"fr_FR\" \/>\n<meta property=\"og:type\" content=\"article\" \/>\n<meta property=\"og:title\" content=\"Proprietari Nevegal in assemblea. Cordata italo-algerina sotto la lente, lago artificiale, mancata apertura impianti e sfalcio sentieri - Bellunopress - Dolomiti\" \/>\n<meta property=\"og:description\" content=\"Nevegal, l\u00ec 31 luglio 2023 &#8211; Prospettive, futuro e concretezza: sono queste le parole chiave dell\u2019assemblea dell\u2019Associazione Proprietari Nevegal che si svolger\u00e0 in data 13 agosto 2023, alle ore 15.00, in Localit\u00e0 Nevegal, presso la ex-Hall del Centro Congressi &#8220;Le Torri&#8221;. Il 2024 sar\u00e0 un anno fondamentale per lo sviluppo del Colle &#8211; recita la [&hellip;]\" \/>\n<meta property=\"og:url\" content=\"https:\/\/www.bellunopress.it\/fr\/2023\/08\/01\/proprietari-nevegal-in-assemblea-cordata-italo-algerina-sotto-la-lente-lago-artificiale-mancata-apertura-impianti-e-sfalcio-sentieri\/\" \/>\n<meta property=\"og:site_name\" content=\"Bellunopress - Dolomiti\" \/>\n<meta property=\"article:publisher\" content=\"https:\/\/www.facebook.com\/profile.php?id=100008943462799\" \/>\n<meta property=\"article:published_time\" content=\"2023-08-01T09:25:39+00:00\" \/>\n<meta property=\"article:modified_time\" content=\"2023-08-01T09:27:02+00:00\" \/>\n<meta property=\"og:image\" content=\"https:\/\/www.bellunopress.it\/wp-content\/uploads\/2020\/09\/NEVEGAL-LE-TORRI-30.09_edited.jpg\" \/>\n\t<meta property=\"og:image:width\" content=\"744\" \/>\n\t<meta property=\"og:image:height\" content=\"506\" \/>\n\t<meta property=\"og:image:type\" content=\"image\/jpeg\" \/>\n<meta name=\"author\" content=\"redazione\" \/>\n<meta name=\"twitter:card\" content=\"summary_large_image\" \/>\n<meta name=\"twitter:creator\" content=\"@bellunopress\" \/>\n<meta name=\"twitter:site\" content=\"@bellunopress\" \/>\n<meta name=\"twitter:label1\" content=\"\u00c9crit par\" \/>\n\t<meta name=\"twitter:data1\" content=\"redazione\" \/>\n\t<meta name=\"twitter:label2\" content=\"Dur\u00e9e de lecture estim\u00e9e\" \/>\n\t<meta name=\"twitter:data2\" content=\"3 minutes\" \/>\n<script type=\"application\/ld+json\" class=\"yoast-schema-graph\">{\"@context\":\"https:\\\/\\\/schema.org\",\"@graph\":[{\"@type\":\"Article\",\"@id\":\"https:\\\/\\\/www.bellunopress.it\\\/2023\\\/08\\\/01\\\/proprietari-nevegal-in-assemblea-cordata-italo-algerina-sotto-la-lente-lago-artificiale-mancata-apertura-impianti-e-sfalcio-sentieri\\\/#article\",\"isPartOf\":{\"@id\":\"https:\\\/\\\/www.bellunopress.it\\\/2023\\\/08\\\/01\\\/proprietari-nevegal-in-assemblea-cordata-italo-algerina-sotto-la-lente-lago-artificiale-mancata-apertura-impianti-e-sfalcio-sentieri\\\/\"},\"author\":{\"name\":\"redazione\",\"@id\":\"https:\\\/\\\/www.bellunopress.it\\\/#\\\/schema\\\/person\\\/79bb06722b37ece1c03d3e94beb30d73\"},\"headline\":\"Proprietari Nevegal in assemblea. Cordata italo-algerina sotto la lente, lago artificiale, mancata apertura impianti e sfalcio sentieri\",\"datePublished\":\"2023-08-01T09:25:39+00:00\",\"dateModified\":\"2023-08-01T09:27:02+00:00\",\"mainEntityOfPage\":{\"@id\":\"https:\\\/\\\/www.bellunopress.it\\\/2023\\\/08\\\/01\\\/proprietari-nevegal-in-assemblea-cordata-italo-algerina-sotto-la-lente-lago-artificiale-mancata-apertura-impianti-e-sfalcio-sentieri\\\/\"},\"wordCount\":452,\"publisher\":{\"@id\":\"https:\\\/\\\/www.bellunopress.it\\\/#organization\"},\"image\":{\"@id\":\"https:\\\/\\\/www.bellunopress.it\\\/2023\\\/08\\\/01\\\/proprietari-nevegal-in-assemblea-cordata-italo-algerina-sotto-la-lente-lago-artificiale-mancata-apertura-impianti-e-sfalcio-sentieri\\\/#primaryimage\"},\"thumbnailUrl\":\"https:\\\/\\\/www.bellunopress.it\\\/wp-content\\\/uploads\\\/2020\\\/09\\\/NEVEGAL-LE-TORRI-30.09_edited.jpg\",\"articleSection\":[\"Prima Pagina\",\"Societ\u00e0, Associazioni, Istituzioni\"],\"inLanguage\":\"fr-FR\"},{\"@type\":\"WebPage\",\"@id\":\"https:\\\/\\\/www.bellunopress.it\\\/2023\\\/08\\\/01\\\/proprietari-nevegal-in-assemblea-cordata-italo-algerina-sotto-la-lente-lago-artificiale-mancata-apertura-impianti-e-sfalcio-sentieri\\\/\",\"url\":\"https:\\\/\\\/www.bellunopress.it\\\/2023\\\/08\\\/01\\\/proprietari-nevegal-in-assemblea-cordata-italo-algerina-sotto-la-lente-lago-artificiale-mancata-apertura-impianti-e-sfalcio-sentieri\\\/\",\"name\":\"Proprietari Nevegal in assemblea. Cordata italo-algerina sotto la lente, lago artificiale, mancata apertura impianti e sfalcio sentieri - Bellunopress - Dolomiti\",\"isPartOf\":{\"@id\":\"https:\\\/\\\/www.bellunopress.it\\\/#website\"},\"primaryImageOfPage\":{\"@id\":\"https:\\\/\\\/www.bellunopress.it\\\/2023\\\/08\\\/01\\\/proprietari-nevegal-in-assemblea-cordata-italo-algerina-sotto-la-lente-lago-artificiale-mancata-apertura-impianti-e-sfalcio-sentieri\\\/#primaryimage\"},\"image\":{\"@id\":\"https:\\\/\\\/www.bellunopress.it\\\/2023\\\/08\\\/01\\\/proprietari-nevegal-in-assemblea-cordata-italo-algerina-sotto-la-lente-lago-artificiale-mancata-apertura-impianti-e-sfalcio-sentieri\\\/#primaryimage\"},\"thumbnailUrl\":\"https:\\\/\\\/www.bellunopress.it\\\/wp-content\\\/uploads\\\/2020\\\/09\\\/NEVEGAL-LE-TORRI-30.09_edited.jpg\",\"datePublished\":\"2023-08-01T09:25:39+00:00\",\"dateModified\":\"2023-08-01T09:27:02+00:00\",\"breadcrumb\":{\"@id\":\"https:\\\/\\\/www.bellunopress.it\\\/2023\\\/08\\\/01\\\/proprietari-nevegal-in-assemblea-cordata-italo-algerina-sotto-la-lente-lago-artificiale-mancata-apertura-impianti-e-sfalcio-sentieri\\\/#breadcrumb\"},\"inLanguage\":\"fr-FR\",\"potentialAction\":[{\"@type\":\"ReadAction\",\"target\":[\"https:\\\/\\\/www.bellunopress.it\\\/2023\\\/08\\\/01\\\/proprietari-nevegal-in-assemblea-cordata-italo-algerina-sotto-la-lente-lago-artificiale-mancata-apertura-impianti-e-sfalcio-sentieri\\\/\"]}]},{\"@type\":\"ImageObject\",\"inLanguage\":\"fr-FR\",\"@id\":\"https:\\\/\\\/www.bellunopress.it\\\/2023\\\/08\\\/01\\\/proprietari-nevegal-in-assemblea-cordata-italo-algerina-sotto-la-lente-lago-artificiale-mancata-apertura-impianti-e-sfalcio-sentieri\\\/#primaryimage\",\"url\":\"https:\\\/\\\/www.bellunopress.it\\\/wp-content\\\/uploads\\\/2020\\\/09\\\/NEVEGAL-LE-TORRI-30.09_edited.jpg\",\"contentUrl\":\"https:\\\/\\\/www.bellunopress.it\\\/wp-content\\\/uploads\\\/2020\\\/09\\\/NEVEGAL-LE-TORRI-30.09_edited.jpg\",\"width\":744,\"height\":506,\"caption\":\"Le Torri - Nevegal (Belluno)\"},{\"@type\":\"BreadcrumbList\",\"@id\":\"https:\\\/\\\/www.bellunopress.it\\\/2023\\\/08\\\/01\\\/proprietari-nevegal-in-assemblea-cordata-italo-algerina-sotto-la-lente-lago-artificiale-mancata-apertura-impianti-e-sfalcio-sentieri\\\/#breadcrumb\",\"itemListElement\":[{\"@type\":\"ListItem\",\"position\":1,\"name\":\"Home\",\"item\":\"https:\\\/\\\/www.bellunopress.it\\\/\"},{\"@type\":\"ListItem\",\"position\":2,\"name\":\"Proprietari Nevegal in assemblea. Cordata italo-algerina sotto la lente, lago artificiale, mancata apertura impianti e sfalcio sentieri\"}]},{\"@type\":\"WebSite\",\"@id\":\"https:\\\/\\\/www.bellunopress.it\\\/#website\",\"url\":\"https:\\\/\\\/www.bellunopress.it\\\/\",\"name\":\"Bellunopress - Dolomiti\",\"description\":\"e-mail: redazione@bellunopress.it\",\"publisher\":{\"@id\":\"https:\\\/\\\/www.bellunopress.it\\\/#organization\"},\"potentialAction\":[{\"@type\":\"SearchAction\",\"target\":{\"@type\":\"EntryPoint\",\"urlTemplate\":\"https:\\\/\\\/www.bellunopress.it\\\/?s={search_term_string}\"},\"query-input\":{\"@type\":\"PropertyValueSpecification\",\"valueRequired\":true,\"valueName\":\"search_term_string\"}}],\"inLanguage\":\"fr-FR\"},{\"@type\":\"Organization\",\"@id\":\"https:\\\/\\\/www.bellunopress.it\\\/#organization\",\"name\":\"Bellunopress\",\"url\":\"https:\\\/\\\/www.bellunopress.it\\\/\",\"logo\":{\"@type\":\"ImageObject\",\"inLanguage\":\"fr-FR\",\"@id\":\"https:\\\/\\\/www.bellunopress.it\\\/#\\\/schema\\\/logo\\\/image\\\/\",\"url\":\"https:\\\/\\\/www.bellunopress.it\\\/wp-content\\\/uploads\\\/2011\\\/05\\\/cropped-logo-bellunopress-.jpg\",\"contentUrl\":\"https:\\\/\\\/www.bellunopress.it\\\/wp-content\\\/uploads\\\/2011\\\/05\\\/cropped-logo-bellunopress-.jpg\",\"width\":512,\"height\":512,\"caption\":\"Bellunopress\"},\"image\":{\"@id\":\"https:\\\/\\\/www.bellunopress.it\\\/#\\\/schema\\\/logo\\\/image\\\/\"},\"sameAs\":[\"https:\\\/\\\/www.facebook.com\\\/profile.php?id=100008943462799\",\"https:\\\/\\\/x.com\\\/bellunopress\",\"https:\\\/\\\/www.linkedin.com\\\/hp\\\/?dnr=JBzUWaJfMUw8vbXJJ2tVW5-I3jZKvC4wsoxE&amp;amp;amp;amp;amp;amp;trk=nav_responsive_tab_home\",\"https:\\\/\\\/www.youtube.com\\\/channel\\\/UCxL0wu1uN0_3_7hGG0306cw\"]},{\"@type\":\"Person\",\"@id\":\"https:\\\/\\\/www.bellunopress.it\\\/#\\\/schema\\\/person\\\/79bb06722b37ece1c03d3e94beb30d73\",\"name\":\"redazione\",\"image\":{\"@type\":\"ImageObject\",\"inLanguage\":\"fr-FR\",\"@id\":\"https:\\\/\\\/secure.gravatar.com\\\/avatar\\\/37d968a2e67a6fd04c169c4bdef102d0bc5d31b2546345219e348575eb80e9a0?s=96&d=mm&r=g\",\"url\":\"https:\\\/\\\/secure.gravatar.com\\\/avatar\\\/37d968a2e67a6fd04c169c4bdef102d0bc5d31b2546345219e348575eb80e9a0?s=96&d=mm&r=g\",\"contentUrl\":\"https:\\\/\\\/secure.gravatar.com\\\/avatar\\\/37d968a2e67a6fd04c169c4bdef102d0bc5d31b2546345219e348575eb80e9a0?s=96&d=mm&r=g\",\"caption\":\"redazione\"},\"sameAs\":[\"http:\\\/\\\/www.bellunopress.it\",\"https:\\\/\\\/x.com\\\/bellunopress\"],\"url\":\"https:\\\/\\\/www.bellunopress.it\\\/fr\\\/author\\\/redazione\\\/\"}]}<\/script>\n<!-- \/ Yoast SEO plugin. -->","yoast_head_json":{"title":"Proprietari Nevegal in assemblea. Cordata italo-algerina sotto la lente, lago artificiale, mancata apertura impianti e sfalcio sentieri - Bellunopress - Dolomiti","robots":{"index":"index","follow":"follow","max-snippet":"max-snippet:-1","max-image-preview":"max-image-preview:large","max-video-preview":"max-video-preview:-1"},"canonical":"https:\/\/www.bellunopress.it\/fr\/2023\/08\/01\/proprietari-nevegal-in-assemblea-cordata-italo-algerina-sotto-la-lente-lago-artificiale-mancata-apertura-impianti-e-sfalcio-sentieri\/","og_locale":"fr_FR","og_type":"article","og_title":"Proprietari Nevegal in assemblea. Cordata italo-algerina sotto la lente, lago artificiale, mancata apertura impianti e sfalcio sentieri - Bellunopress - Dolomiti","og_description":"Nevegal, l\u00ec 31 luglio 2023 &#8211; Prospettive, futuro e concretezza: sono queste le parole chiave dell\u2019assemblea dell\u2019Associazione Proprietari Nevegal che si svolger\u00e0 in data 13 agosto 2023, alle ore 15.00, in Localit\u00e0 Nevegal, presso la ex-Hall del Centro Congressi &#8220;Le Torri&#8221;. Il 2024 sar\u00e0 un anno fondamentale per lo sviluppo del Colle &#8211; recita la [&hellip;]","og_url":"https:\/\/www.bellunopress.it\/fr\/2023\/08\/01\/proprietari-nevegal-in-assemblea-cordata-italo-algerina-sotto-la-lente-lago-artificiale-mancata-apertura-impianti-e-sfalcio-sentieri\/","og_site_name":"Bellunopress - Dolomiti","article_publisher":"https:\/\/www.facebook.com\/profile.php?id=100008943462799","article_published_time":"2023-08-01T09:25:39+00:00","article_modified_time":"2023-08-01T09:27:02+00:00","og_image":[{"width":744,"height":506,"url":"https:\/\/www.bellunopress.it\/wp-content\/uploads\/2020\/09\/NEVEGAL-LE-TORRI-30.09_edited.jpg","type":"image\/jpeg"}],"author":"redazione","twitter_card":"summary_large_image","twitter_creator":"@bellunopress","twitter_site":"@bellunopress","twitter_misc":{"\u00c9crit par":"redazione","Dur\u00e9e de lecture estim\u00e9e":"3 minutes"},"schema":{"@context":"https:\/\/schema.org","@graph":[{"@type":"Article","@id":"https:\/\/www.bellunopress.it\/2023\/08\/01\/proprietari-nevegal-in-assemblea-cordata-italo-algerina-sotto-la-lente-lago-artificiale-mancata-apertura-impianti-e-sfalcio-sentieri\/#article","isPartOf":{"@id":"https:\/\/www.bellunopress.it\/2023\/08\/01\/proprietari-nevegal-in-assemblea-cordata-italo-algerina-sotto-la-lente-lago-artificiale-mancata-apertura-impianti-e-sfalcio-sentieri\/"},"author":{"name":"redazione","@id":"https:\/\/www.bellunopress.it\/#\/schema\/person\/79bb06722b37ece1c03d3e94beb30d73"},"headline":"Proprietari Nevegal in assemblea. Cordata italo-algerina sotto la lente, lago artificiale, mancata apertura impianti e sfalcio sentieri","datePublished":"2023-08-01T09:25:39+00:00","dateModified":"2023-08-01T09:27:02+00:00","mainEntityOfPage":{"@id":"https:\/\/www.bellunopress.it\/2023\/08\/01\/proprietari-nevegal-in-assemblea-cordata-italo-algerina-sotto-la-lente-lago-artificiale-mancata-apertura-impianti-e-sfalcio-sentieri\/"},"wordCount":452,"publisher":{"@id":"https:\/\/www.bellunopress.it\/#organization"},"image":{"@id":"https:\/\/www.bellunopress.it\/2023\/08\/01\/proprietari-nevegal-in-assemblea-cordata-italo-algerina-sotto-la-lente-lago-artificiale-mancata-apertura-impianti-e-sfalcio-sentieri\/#primaryimage"},"thumbnailUrl":"https:\/\/www.bellunopress.it\/wp-content\/uploads\/2020\/09\/NEVEGAL-LE-TORRI-30.09_edited.jpg","articleSection":["Prima Pagina","Societ\u00e0, Associazioni, Istituzioni"],"inLanguage":"fr-FR"},{"@type":"WebPage","@id":"https:\/\/www.bellunopress.it\/2023\/08\/01\/proprietari-nevegal-in-assemblea-cordata-italo-algerina-sotto-la-lente-lago-artificiale-mancata-apertura-impianti-e-sfalcio-sentieri\/","url":"https:\/\/www.bellunopress.it\/2023\/08\/01\/proprietari-nevegal-in-assemblea-cordata-italo-algerina-sotto-la-lente-lago-artificiale-mancata-apertura-impianti-e-sfalcio-sentieri\/","name":"Proprietari Nevegal in assemblea. Cordata italo-algerina sotto la lente, lago artificiale, mancata apertura impianti e sfalcio sentieri - Bellunopress - Dolomiti","isPartOf":{"@id":"https:\/\/www.bellunopress.it\/#website"},"primaryImageOfPage":{"@id":"https:\/\/www.bellunopress.it\/2023\/08\/01\/proprietari-nevegal-in-assemblea-cordata-italo-algerina-sotto-la-lente-lago-artificiale-mancata-apertura-impianti-e-sfalcio-sentieri\/#primaryimage"},"image":{"@id":"https:\/\/www.bellunopress.it\/2023\/08\/01\/proprietari-nevegal-in-assemblea-cordata-italo-algerina-sotto-la-lente-lago-artificiale-mancata-apertura-impianti-e-sfalcio-sentieri\/#primaryimage"},"thumbnailUrl":"https:\/\/www.bellunopress.it\/wp-content\/uploads\/2020\/09\/NEVEGAL-LE-TORRI-30.09_edited.jpg","datePublished":"2023-08-01T09:25:39+00:00","dateModified":"2023-08-01T09:27:02+00:00","breadcrumb":{"@id":"https:\/\/www.bellunopress.it\/2023\/08\/01\/proprietari-nevegal-in-assemblea-cordata-italo-algerina-sotto-la-lente-lago-artificiale-mancata-apertura-impianti-e-sfalcio-sentieri\/#breadcrumb"},"inLanguage":"fr-FR","potentialAction":[{"@type":"ReadAction","target":["https:\/\/www.bellunopress.it\/2023\/08\/01\/proprietari-nevegal-in-assemblea-cordata-italo-algerina-sotto-la-lente-lago-artificiale-mancata-apertura-impianti-e-sfalcio-sentieri\/"]}]},{"@type":"ImageObject","inLanguage":"fr-FR","@id":"https:\/\/www.bellunopress.it\/2023\/08\/01\/proprietari-nevegal-in-assemblea-cordata-italo-algerina-sotto-la-lente-lago-artificiale-mancata-apertura-impianti-e-sfalcio-sentieri\/#primaryimage","url":"https:\/\/www.bellunopress.it\/wp-content\/uploads\/2020\/09\/NEVEGAL-LE-TORRI-30.09_edited.jpg","contentUrl":"https:\/\/www.bellunopress.it\/wp-content\/uploads\/2020\/09\/NEVEGAL-LE-TORRI-30.09_edited.jpg","width":744,"height":506,"caption":"Le Torri - Nevegal (Belluno)"},{"@type":"BreadcrumbList","@id":"https:\/\/www.bellunopress.it\/2023\/08\/01\/proprietari-nevegal-in-assemblea-cordata-italo-algerina-sotto-la-lente-lago-artificiale-mancata-apertura-impianti-e-sfalcio-sentieri\/#breadcrumb","itemListElement":[{"@type":"ListItem","position":1,"name":"Home","item":"https:\/\/www.bellunopress.it\/"},{"@type":"ListItem","position":2,"name":"Proprietari Nevegal in assemblea. Cordata italo-algerina sotto la lente, lago artificiale, mancata apertura impianti e sfalcio sentieri"}]},{"@type":"WebSite","@id":"https:\/\/www.bellunopress.it\/#website","url":"https:\/\/www.bellunopress.it\/","name":"Bellunopress - Dolomiti","description":"e-mail: redazione@bellunopress.it","publisher":{"@id":"https:\/\/www.bellunopress.it\/#organization"},"potentialAction":[{"@type":"SearchAction","target":{"@type":"EntryPoint","urlTemplate":"https:\/\/www.bellunopress.it\/?s={search_term_string}"},"query-input":{"@type":"PropertyValueSpecification","valueRequired":true,"valueName":"search_term_string"}}],"inLanguage":"fr-FR"},{"@type":"Organization","@id":"https:\/\/www.bellunopress.it\/#organization","name":"Bellunopress","url":"https:\/\/www.bellunopress.it\/","logo":{"@type":"ImageObject","inLanguage":"fr-FR","@id":"https:\/\/www.bellunopress.it\/#\/schema\/logo\/image\/","url":"https:\/\/www.bellunopress.it\/wp-content\/uploads\/2011\/05\/cropped-logo-bellunopress-.jpg","contentUrl":"https:\/\/www.bellunopress.it\/wp-content\/uploads\/2011\/05\/cropped-logo-bellunopress-.jpg","width":512,"height":512,"caption":"Bellunopress"},"image":{"@id":"https:\/\/www.bellunopress.it\/#\/schema\/logo\/image\/"},"sameAs":["https:\/\/www.facebook.com\/profile.php?id=100008943462799","https:\/\/x.com\/bellunopress","https:\/\/www.linkedin.com\/hp\/?dnr=JBzUWaJfMUw8vbXJJ2tVW5-I3jZKvC4wsoxE&amp;amp;amp;amp;amp;amp;trk=nav_responsive_tab_home","https:\/\/www.youtube.com\/channel\/UCxL0wu1uN0_3_7hGG0306cw"]},{"@type":"Person","@id":"https:\/\/www.bellunopress.it\/#\/schema\/person\/79bb06722b37ece1c03d3e94beb30d73","name":"r\u00e9daction","image":{"@type":"ImageObject","inLanguage":"fr-FR","@id":"https:\/\/secure.gravatar.com\/avatar\/37d968a2e67a6fd04c169c4bdef102d0bc5d31b2546345219e348575eb80e9a0?s=96&d=mm&r=g","url":"https:\/\/secure.gravatar.com\/avatar\/37d968a2e67a6fd04c169c4bdef102d0bc5d31b2546345219e348575eb80e9a0?s=96&d=mm&r=g","contentUrl":"https:\/\/secure.gravatar.com\/avatar\/37d968a2e67a6fd04c169c4bdef102d0bc5d31b2546345219e348575eb80e9a0?s=96&d=mm&r=g","caption":"redazione"},"sameAs":["http:\/\/www.bellunopress.it","https:\/\/x.com\/bellunopress"],"url":"https:\/\/www.bellunopress.it\/fr\/author\/redazione\/"}]}},"_links":{"self":[{"href":"https:\/\/www.bellunopress.it\/fr\/wp-json\/wp\/v2\/posts\/143208","targetHints":{"allow":["GET"]}}],"collection":[{"href":"https:\/\/www.bellunopress.it\/fr\/wp-json\/wp\/v2\/posts"}],"about":[{"href":"https:\/\/www.bellunopress.it\/fr\/wp-json\/wp\/v2\/types\/post"}],"author":[{"embeddable":true,"href":"https:\/\/www.bellunopress.it\/fr\/wp-json\/wp\/v2\/users\/2"}],"replies":[{"embeddable":true,"href":"https:\/\/www.bellunopress.it\/fr\/wp-json\/wp\/v2\/comments?post=143208"}],"version-history":[{"count":2,"href":"https:\/\/www.bellunopress.it\/fr\/wp-json\/wp\/v2\/posts\/143208\/revisions"}],"predecessor-version":[{"id":143210,"href":"https:\/\/www.bellunopress.it\/fr\/wp-json\/wp\/v2\/posts\/143208\/revisions\/143210"}],"wp:featuredmedia":[{"embeddable":true,"href":"https:\/\/www.bellunopress.it\/fr\/wp-json\/wp\/v2\/media\/118061"}],"wp:attachment":[{"href":"https:\/\/www.bellunopress.it\/fr\/wp-json\/wp\/v2\/media?parent=143208"}],"wp:term":[{"taxonomy":"category","embeddable":true,"href":"https:\/\/www.bellunopress.it\/fr\/wp-json\/wp\/v2\/categories?post=143208"},{"taxonomy":"post_tag","embeddable":true,"href":"https:\/\/www.bellunopress.it\/fr\/wp-json\/wp\/v2\/tags?post=143208"}],"curies":[{"name":"wp","href":"https:\/\/api.w.org\/{rel}","templated":true}]}}