{"id":143205,"date":"2023-08-01T11:10:01","date_gmt":"2023-08-01T09:10:01","guid":{"rendered":"https:\/\/www.bellunopress.it\/?p=143205"},"modified":"2023-08-01T11:10:01","modified_gmt":"2023-08-01T09:10:01","slug":"omicidio-a-trastevere-mercoledi-a-cortina-giancarlo-de-cataldo-presenta-il-suo-romanzo-colpo-di-ritorno","status":"publish","type":"post","link":"https:\/\/www.bellunopress.it\/fr\/2023\/08\/01\/omicidio-a-trastevere-mercoledi-a-cortina-giancarlo-de-cataldo-presenta-il-suo-romanzo-colpo-di-ritorno\/","title":{"rendered":"Omicidio a Trastevere. Mercoled\u00ec a Cortina Giancarlo  De Cataldo presenta il suo romanzo Colpo di ritorno"},"content":{"rendered":"<p>&nbsp;<\/p>\n<figure id=\"attachment_143206\" aria-describedby=\"caption-attachment-143206\" style=\"width: 1000px\" class=\"wp-caption alignleft\"><img loading=\"lazy\" decoding=\"async\" class=\"size-full wp-image-143206\" src=\"https:\/\/www.bellunopress.it\/wp-content\/uploads\/2023\/08\/Palazzo-delle-Poste-Cortina_edited.jpg\" alt=\"\" width=\"1000\" height=\"750\" srcset=\"https:\/\/www.bellunopress.it\/wp-content\/uploads\/2023\/08\/Palazzo-delle-Poste-Cortina_edited.jpg 1000w, https:\/\/www.bellunopress.it\/wp-content\/uploads\/2023\/08\/Palazzo-delle-Poste-Cortina_edited-500x375.jpg 500w, https:\/\/www.bellunopress.it\/wp-content\/uploads\/2023\/08\/Palazzo-delle-Poste-Cortina_edited-696x522.jpg 696w, https:\/\/www.bellunopress.it\/wp-content\/uploads\/2023\/08\/Palazzo-delle-Poste-Cortina_edited-560x420.jpg 560w, https:\/\/www.bellunopress.it\/wp-content\/uploads\/2023\/08\/Palazzo-delle-Poste-Cortina_edited-80x60.jpg 80w, https:\/\/www.bellunopress.it\/wp-content\/uploads\/2023\/08\/Palazzo-delle-Poste-Cortina_edited-265x198.jpg 265w\" sizes=\"auto, (max-width: 1000px) 100vw, 1000px\" \/><figcaption id=\"caption-attachment-143206\" class=\"wp-caption-text\">Palazzo delle Poste &#8211; Cortina d&#8217;Ampezzo<\/figcaption><\/figure>\n<p>Un misterioso omicidio coinvolge l&#8217;alta societ\u00e0 romana. Giancarlo De Cataldo, scrittore protagonista del giallo italiano, indaga tramite Manrico Spinori, aristocratico con la passione della lirica, che segue indizi che inizialmente sembrano portarlo in vicoli ciechi. E l&#8217;ultimo romanzo di Cataldo, &#8220;Colpo di ritorno&#8221; (Einaudi) \u00e8 il protagonista del prossimo incontro di Una Montagna di Libri, la festa internazionale della letteratura di Cortina d&#8217;Ampezzo.<\/p>\n<p>L&#8217;appuntamento \u00e8 per mercoled\u00ec 2 agosto 2023, alle ore 18, presso la Sala Cultura del Palazzo delle Poste di Cortina. Con Valentina Berengo.<\/p>\n<p>&nbsp;<\/p>\n<p>L&#8217;incontro<\/p>\n<p>Un misterioso omicidio coinvolge l&#8217;alta societ\u00e0 romana. Per affrontare la situazione, parecchio delicata, oltre alle doti investigative serve la capacit\u00e0 di muoversi in certi ambienti. Il Pm Manrico Spinori, aristocratico con la passione della lirica, \u00e8 la persona adatta. Eusebio Baroni, meglio conosciuto con il nome d&#8217;arte di Heillel, viene trovato morto nel popoloso quartiere di Trastevere. L&#8217;uomo si spacciava per esperto in filtri d&#8217;amore e suggerimento di numeri vincenti. Aveva una clientela molto benestante, anche se non vasta: era il mago della Roma che conta e nella sua agenda elettronica ci sono i nomi di personalit\u00e0 del mondo dello spettacolo, del giornalismo, della politica. Incaricato delle indagini, Manrico Spinori ha subito l&#8217;impressione di girare a vuoto. La vicenda \u00e8 oscura a tal punto da non lasciar intravedere alcuna soluzione: potrebbe essere il primo fallimento di una carriera impeccabile. Poi, all&#8217;improvviso, un nuovo evento cambia la prospettiva, permettendo di tirare i fili dell&#8217;ingarbugliata matassa. A rimanere un groviglio, per\u00f2, sono le vite private di Manrico e dei membri della sua squadra, interamente composta da donne. In modo particolare quella dell&#8217;ispettora Deborah Cianchetti, elemento dal pessimo carattere ma utilissimo quando il fascino e il savoir-faire del \u00abcontino\u00bb non bastano e sono necessari metodi pi\u00f9 spicci.<\/p>\n<p>L&#8217;autore<\/p>\n<p>Giancarlo De Cataldo \u00e8 nato a Taranto e vive a Roma. Per Einaudi ha pubblicato: Teneri assassini (2000); Romanzo criminale (2002); Nero come il cuore (2006); Nelle mani giuste (2007); Onora il padre. Quarto comandamento (2008); Il padre e lo straniero (2010); Trilogia criminale (2009); I Traditori (2010); con Andrea Camilleri e Carlo Lucarelli, Giudici (2011); Io sono il Libanese (2012); con Massimo Carlotto e Gianrico Carofiglio, Cocaina (2013); Giochi criminali (2014, con Maurizio de Giovanni, Diego De Silva e Carlo Lucarelli); con Carlo Bonini, Suburra (2013, diventato prima un film di Stefano Sollima, poi serie Netflix) e La notte di Roma (2015); e il ciclo con protagonista il Pm romano Manrico Spinori: Io sono il castigo (2020), Un cuore sleale (2020) e Il suo freddo pianto (2021); La svedese (2022). Ha curato le antologie Crimini (2005) e Crimini italiani (2008). Nel 2019 sono usciti Alba nera (Rizzoli) e Quasi per caso (Mondadori).<\/p>","protected":false},"excerpt":{"rendered":"<p>&nbsp; Un misterioso omicidio coinvolge l&#8217;alta societ\u00e0 romana. Giancarlo De Cataldo, scrittore protagonista del giallo italiano, indaga tramite Manrico Spinori, aristocratico con la passione della lirica, che segue indizi che inizialmente sembrano portarlo in vicoli ciechi. E l&#8217;ultimo romanzo di Cataldo, &#8220;Colpo di ritorno&#8221; (Einaudi) \u00e8 il protagonista del prossimo incontro di Una Montagna di [&hellip;]<\/p>\n","protected":false},"author":2,"featured_media":143206,"comment_status":"closed","ping_status":"open","sticky":false,"template":"","format":"standard","meta":{"footnotes":""},"categories":[27,3,25],"tags":[],"class_list":["post-143205","post","type-post","status-publish","format-standard","has-post-thumbnail","category-appuntamenti","category-arte-cultura-spettacoli-scienza-archivi","category-pausa-caffe"],"yoast_head":"<!-- This site is optimized with the Yoast SEO plugin v28.4 - https:\/\/yoast.com\/product\/yoast-seo-wordpress\/ -->\n<title>Omicidio a Trastevere. Mercoled\u00ec a Cortina Giancarlo De Cataldo presenta il suo romanzo Colpo di ritorno - Bellunopress - Dolomiti<\/title>\n<meta name=\"robots\" content=\"index, follow, max-snippet:-1, max-image-preview:large, max-video-preview:-1\" \/>\n<link rel=\"canonical\" href=\"https:\/\/www.bellunopress.it\/fr\/2023\/08\/01\/omicidio-a-trastevere-mercoledi-a-cortina-giancarlo-de-cataldo-presenta-il-suo-romanzo-colpo-di-ritorno\/\" \/>\n<meta property=\"og:locale\" content=\"fr_FR\" \/>\n<meta property=\"og:type\" content=\"article\" \/>\n<meta property=\"og:title\" content=\"Omicidio a Trastevere. Mercoled\u00ec a Cortina Giancarlo De Cataldo presenta il suo romanzo Colpo di ritorno - Bellunopress - Dolomiti\" \/>\n<meta property=\"og:description\" content=\"&nbsp; Un misterioso omicidio coinvolge l&#8217;alta societ\u00e0 romana. Giancarlo De Cataldo, scrittore protagonista del giallo italiano, indaga tramite Manrico Spinori, aristocratico con la passione della lirica, che segue indizi che inizialmente sembrano portarlo in vicoli ciechi. E l&#8217;ultimo romanzo di Cataldo, &#8220;Colpo di ritorno&#8221; (Einaudi) \u00e8 il protagonista del prossimo incontro di Una Montagna di [&hellip;]\" \/>\n<meta property=\"og:url\" content=\"https:\/\/www.bellunopress.it\/fr\/2023\/08\/01\/omicidio-a-trastevere-mercoledi-a-cortina-giancarlo-de-cataldo-presenta-il-suo-romanzo-colpo-di-ritorno\/\" \/>\n<meta property=\"og:site_name\" content=\"Bellunopress - Dolomiti\" \/>\n<meta property=\"article:publisher\" content=\"https:\/\/www.facebook.com\/profile.php?id=100008943462799\" \/>\n<meta property=\"article:published_time\" content=\"2023-08-01T09:10:01+00:00\" \/>\n<meta property=\"og:image\" content=\"https:\/\/www.bellunopress.it\/wp-content\/uploads\/2023\/08\/Palazzo-delle-Poste-Cortina_edited.jpg\" \/>\n\t<meta property=\"og:image:width\" content=\"1000\" \/>\n\t<meta property=\"og:image:height\" content=\"750\" \/>\n\t<meta property=\"og:image:type\" content=\"image\/jpeg\" \/>\n<meta name=\"author\" content=\"redazione\" \/>\n<meta name=\"twitter:card\" content=\"summary_large_image\" \/>\n<meta name=\"twitter:creator\" content=\"@bellunopress\" \/>\n<meta name=\"twitter:site\" content=\"@bellunopress\" \/>\n<meta name=\"twitter:label1\" content=\"\u00c9crit par\" \/>\n\t<meta name=\"twitter:data1\" content=\"redazione\" \/>\n\t<meta name=\"twitter:label2\" content=\"Dur\u00e9e de lecture estim\u00e9e\" \/>\n\t<meta name=\"twitter:data2\" content=\"3 minutes\" \/>\n<script type=\"application\/ld+json\" class=\"yoast-schema-graph\">{\"@context\":\"https:\\\/\\\/schema.org\",\"@graph\":[{\"@type\":\"Article\",\"@id\":\"https:\\\/\\\/www.bellunopress.it\\\/2023\\\/08\\\/01\\\/omicidio-a-trastevere-mercoledi-a-cortina-giancarlo-de-cataldo-presenta-il-suo-romanzo-colpo-di-ritorno\\\/#article\",\"isPartOf\":{\"@id\":\"https:\\\/\\\/www.bellunopress.it\\\/2023\\\/08\\\/01\\\/omicidio-a-trastevere-mercoledi-a-cortina-giancarlo-de-cataldo-presenta-il-suo-romanzo-colpo-di-ritorno\\\/\"},\"author\":{\"name\":\"redazione\",\"@id\":\"https:\\\/\\\/www.bellunopress.it\\\/#\\\/schema\\\/person\\\/79bb06722b37ece1c03d3e94beb30d73\"},\"headline\":\"Omicidio a Trastevere. Mercoled\u00ec a Cortina Giancarlo De Cataldo presenta il suo romanzo Colpo di ritorno\",\"datePublished\":\"2023-08-01T09:10:01+00:00\",\"mainEntityOfPage\":{\"@id\":\"https:\\\/\\\/www.bellunopress.it\\\/2023\\\/08\\\/01\\\/omicidio-a-trastevere-mercoledi-a-cortina-giancarlo-de-cataldo-presenta-il-suo-romanzo-colpo-di-ritorno\\\/\"},\"wordCount\":462,\"publisher\":{\"@id\":\"https:\\\/\\\/www.bellunopress.it\\\/#organization\"},\"image\":{\"@id\":\"https:\\\/\\\/www.bellunopress.it\\\/2023\\\/08\\\/01\\\/omicidio-a-trastevere-mercoledi-a-cortina-giancarlo-de-cataldo-presenta-il-suo-romanzo-colpo-di-ritorno\\\/#primaryimage\"},\"thumbnailUrl\":\"https:\\\/\\\/www.bellunopress.it\\\/wp-content\\\/uploads\\\/2023\\\/08\\\/Palazzo-delle-Poste-Cortina_edited.jpg\",\"articleSection\":[\"Appuntamenti, Eventi\",\"Arte, Cultura, Spettacoli, Scienza\",\"Pausa Caff\u00e8\"],\"inLanguage\":\"fr-FR\"},{\"@type\":\"WebPage\",\"@id\":\"https:\\\/\\\/www.bellunopress.it\\\/2023\\\/08\\\/01\\\/omicidio-a-trastevere-mercoledi-a-cortina-giancarlo-de-cataldo-presenta-il-suo-romanzo-colpo-di-ritorno\\\/\",\"url\":\"https:\\\/\\\/www.bellunopress.it\\\/2023\\\/08\\\/01\\\/omicidio-a-trastevere-mercoledi-a-cortina-giancarlo-de-cataldo-presenta-il-suo-romanzo-colpo-di-ritorno\\\/\",\"name\":\"Omicidio a Trastevere. Mercoled\u00ec a Cortina Giancarlo De Cataldo presenta il suo romanzo Colpo di ritorno - Bellunopress - Dolomiti\",\"isPartOf\":{\"@id\":\"https:\\\/\\\/www.bellunopress.it\\\/#website\"},\"primaryImageOfPage\":{\"@id\":\"https:\\\/\\\/www.bellunopress.it\\\/2023\\\/08\\\/01\\\/omicidio-a-trastevere-mercoledi-a-cortina-giancarlo-de-cataldo-presenta-il-suo-romanzo-colpo-di-ritorno\\\/#primaryimage\"},\"image\":{\"@id\":\"https:\\\/\\\/www.bellunopress.it\\\/2023\\\/08\\\/01\\\/omicidio-a-trastevere-mercoledi-a-cortina-giancarlo-de-cataldo-presenta-il-suo-romanzo-colpo-di-ritorno\\\/#primaryimage\"},\"thumbnailUrl\":\"https:\\\/\\\/www.bellunopress.it\\\/wp-content\\\/uploads\\\/2023\\\/08\\\/Palazzo-delle-Poste-Cortina_edited.jpg\",\"datePublished\":\"2023-08-01T09:10:01+00:00\",\"breadcrumb\":{\"@id\":\"https:\\\/\\\/www.bellunopress.it\\\/2023\\\/08\\\/01\\\/omicidio-a-trastevere-mercoledi-a-cortina-giancarlo-de-cataldo-presenta-il-suo-romanzo-colpo-di-ritorno\\\/#breadcrumb\"},\"inLanguage\":\"fr-FR\",\"potentialAction\":[{\"@type\":\"ReadAction\",\"target\":[\"https:\\\/\\\/www.bellunopress.it\\\/2023\\\/08\\\/01\\\/omicidio-a-trastevere-mercoledi-a-cortina-giancarlo-de-cataldo-presenta-il-suo-romanzo-colpo-di-ritorno\\\/\"]}]},{\"@type\":\"ImageObject\",\"inLanguage\":\"fr-FR\",\"@id\":\"https:\\\/\\\/www.bellunopress.it\\\/2023\\\/08\\\/01\\\/omicidio-a-trastevere-mercoledi-a-cortina-giancarlo-de-cataldo-presenta-il-suo-romanzo-colpo-di-ritorno\\\/#primaryimage\",\"url\":\"https:\\\/\\\/www.bellunopress.it\\\/wp-content\\\/uploads\\\/2023\\\/08\\\/Palazzo-delle-Poste-Cortina_edited.jpg\",\"contentUrl\":\"https:\\\/\\\/www.bellunopress.it\\\/wp-content\\\/uploads\\\/2023\\\/08\\\/Palazzo-delle-Poste-Cortina_edited.jpg\",\"width\":1000,\"height\":750,\"caption\":\"Palazzo delle Poste - Cortina d'Ampezzo\"},{\"@type\":\"BreadcrumbList\",\"@id\":\"https:\\\/\\\/www.bellunopress.it\\\/2023\\\/08\\\/01\\\/omicidio-a-trastevere-mercoledi-a-cortina-giancarlo-de-cataldo-presenta-il-suo-romanzo-colpo-di-ritorno\\\/#breadcrumb\",\"itemListElement\":[{\"@type\":\"ListItem\",\"position\":1,\"name\":\"Home\",\"item\":\"https:\\\/\\\/www.bellunopress.it\\\/\"},{\"@type\":\"ListItem\",\"position\":2,\"name\":\"Omicidio a Trastevere. Mercoled\u00ec a Cortina Giancarlo De Cataldo presenta il suo romanzo Colpo di ritorno\"}]},{\"@type\":\"WebSite\",\"@id\":\"https:\\\/\\\/www.bellunopress.it\\\/#website\",\"url\":\"https:\\\/\\\/www.bellunopress.it\\\/\",\"name\":\"Bellunopress - Dolomiti\",\"description\":\"e-mail: redazione@bellunopress.it\",\"publisher\":{\"@id\":\"https:\\\/\\\/www.bellunopress.it\\\/#organization\"},\"potentialAction\":[{\"@type\":\"SearchAction\",\"target\":{\"@type\":\"EntryPoint\",\"urlTemplate\":\"https:\\\/\\\/www.bellunopress.it\\\/?s={search_term_string}\"},\"query-input\":{\"@type\":\"PropertyValueSpecification\",\"valueRequired\":true,\"valueName\":\"search_term_string\"}}],\"inLanguage\":\"fr-FR\"},{\"@type\":\"Organization\",\"@id\":\"https:\\\/\\\/www.bellunopress.it\\\/#organization\",\"name\":\"Bellunopress\",\"url\":\"https:\\\/\\\/www.bellunopress.it\\\/\",\"logo\":{\"@type\":\"ImageObject\",\"inLanguage\":\"fr-FR\",\"@id\":\"https:\\\/\\\/www.bellunopress.it\\\/#\\\/schema\\\/logo\\\/image\\\/\",\"url\":\"https:\\\/\\\/www.bellunopress.it\\\/wp-content\\\/uploads\\\/2011\\\/05\\\/cropped-logo-bellunopress-.jpg\",\"contentUrl\":\"https:\\\/\\\/www.bellunopress.it\\\/wp-content\\\/uploads\\\/2011\\\/05\\\/cropped-logo-bellunopress-.jpg\",\"width\":512,\"height\":512,\"caption\":\"Bellunopress\"},\"image\":{\"@id\":\"https:\\\/\\\/www.bellunopress.it\\\/#\\\/schema\\\/logo\\\/image\\\/\"},\"sameAs\":[\"https:\\\/\\\/www.facebook.com\\\/profile.php?id=100008943462799\",\"https:\\\/\\\/x.com\\\/bellunopress\",\"https:\\\/\\\/www.linkedin.com\\\/hp\\\/?dnr=JBzUWaJfMUw8vbXJJ2tVW5-I3jZKvC4wsoxE&amp;amp;amp;amp;amp;amp;trk=nav_responsive_tab_home\",\"https:\\\/\\\/www.youtube.com\\\/channel\\\/UCxL0wu1uN0_3_7hGG0306cw\"]},{\"@type\":\"Person\",\"@id\":\"https:\\\/\\\/www.bellunopress.it\\\/#\\\/schema\\\/person\\\/79bb06722b37ece1c03d3e94beb30d73\",\"name\":\"redazione\",\"image\":{\"@type\":\"ImageObject\",\"inLanguage\":\"fr-FR\",\"@id\":\"https:\\\/\\\/secure.gravatar.com\\\/avatar\\\/37d968a2e67a6fd04c169c4bdef102d0bc5d31b2546345219e348575eb80e9a0?s=96&d=mm&r=g\",\"url\":\"https:\\\/\\\/secure.gravatar.com\\\/avatar\\\/37d968a2e67a6fd04c169c4bdef102d0bc5d31b2546345219e348575eb80e9a0?s=96&d=mm&r=g\",\"contentUrl\":\"https:\\\/\\\/secure.gravatar.com\\\/avatar\\\/37d968a2e67a6fd04c169c4bdef102d0bc5d31b2546345219e348575eb80e9a0?s=96&d=mm&r=g\",\"caption\":\"redazione\"},\"sameAs\":[\"http:\\\/\\\/www.bellunopress.it\",\"https:\\\/\\\/x.com\\\/bellunopress\"],\"url\":\"https:\\\/\\\/www.bellunopress.it\\\/fr\\\/author\\\/redazione\\\/\"}]}<\/script>\n<!-- \/ Yoast SEO plugin. -->","yoast_head_json":{"title":"Omicidio a Trastevere. Mercoled\u00ec a Cortina Giancarlo De Cataldo presenta il suo romanzo Colpo di ritorno - Bellunopress - Dolomiti","robots":{"index":"index","follow":"follow","max-snippet":"max-snippet:-1","max-image-preview":"max-image-preview:large","max-video-preview":"max-video-preview:-1"},"canonical":"https:\/\/www.bellunopress.it\/fr\/2023\/08\/01\/omicidio-a-trastevere-mercoledi-a-cortina-giancarlo-de-cataldo-presenta-il-suo-romanzo-colpo-di-ritorno\/","og_locale":"fr_FR","og_type":"article","og_title":"Omicidio a Trastevere. Mercoled\u00ec a Cortina Giancarlo De Cataldo presenta il suo romanzo Colpo di ritorno - Bellunopress - Dolomiti","og_description":"&nbsp; Un misterioso omicidio coinvolge l&#8217;alta societ\u00e0 romana. Giancarlo De Cataldo, scrittore protagonista del giallo italiano, indaga tramite Manrico Spinori, aristocratico con la passione della lirica, che segue indizi che inizialmente sembrano portarlo in vicoli ciechi. E l&#8217;ultimo romanzo di Cataldo, &#8220;Colpo di ritorno&#8221; (Einaudi) \u00e8 il protagonista del prossimo incontro di Una Montagna di [&hellip;]","og_url":"https:\/\/www.bellunopress.it\/fr\/2023\/08\/01\/omicidio-a-trastevere-mercoledi-a-cortina-giancarlo-de-cataldo-presenta-il-suo-romanzo-colpo-di-ritorno\/","og_site_name":"Bellunopress - Dolomiti","article_publisher":"https:\/\/www.facebook.com\/profile.php?id=100008943462799","article_published_time":"2023-08-01T09:10:01+00:00","og_image":[{"width":1000,"height":750,"url":"https:\/\/www.bellunopress.it\/wp-content\/uploads\/2023\/08\/Palazzo-delle-Poste-Cortina_edited.jpg","type":"image\/jpeg"}],"author":"redazione","twitter_card":"summary_large_image","twitter_creator":"@bellunopress","twitter_site":"@bellunopress","twitter_misc":{"\u00c9crit par":"redazione","Dur\u00e9e de lecture estim\u00e9e":"3 minutes"},"schema":{"@context":"https:\/\/schema.org","@graph":[{"@type":"Article","@id":"https:\/\/www.bellunopress.it\/2023\/08\/01\/omicidio-a-trastevere-mercoledi-a-cortina-giancarlo-de-cataldo-presenta-il-suo-romanzo-colpo-di-ritorno\/#article","isPartOf":{"@id":"https:\/\/www.bellunopress.it\/2023\/08\/01\/omicidio-a-trastevere-mercoledi-a-cortina-giancarlo-de-cataldo-presenta-il-suo-romanzo-colpo-di-ritorno\/"},"author":{"name":"redazione","@id":"https:\/\/www.bellunopress.it\/#\/schema\/person\/79bb06722b37ece1c03d3e94beb30d73"},"headline":"Omicidio a Trastevere. Mercoled\u00ec a Cortina Giancarlo De Cataldo presenta il suo romanzo Colpo di ritorno","datePublished":"2023-08-01T09:10:01+00:00","mainEntityOfPage":{"@id":"https:\/\/www.bellunopress.it\/2023\/08\/01\/omicidio-a-trastevere-mercoledi-a-cortina-giancarlo-de-cataldo-presenta-il-suo-romanzo-colpo-di-ritorno\/"},"wordCount":462,"publisher":{"@id":"https:\/\/www.bellunopress.it\/#organization"},"image":{"@id":"https:\/\/www.bellunopress.it\/2023\/08\/01\/omicidio-a-trastevere-mercoledi-a-cortina-giancarlo-de-cataldo-presenta-il-suo-romanzo-colpo-di-ritorno\/#primaryimage"},"thumbnailUrl":"https:\/\/www.bellunopress.it\/wp-content\/uploads\/2023\/08\/Palazzo-delle-Poste-Cortina_edited.jpg","articleSection":["Appuntamenti, Eventi","Arte, Cultura, Spettacoli, Scienza","Pausa Caff\u00e8"],"inLanguage":"fr-FR"},{"@type":"WebPage","@id":"https:\/\/www.bellunopress.it\/2023\/08\/01\/omicidio-a-trastevere-mercoledi-a-cortina-giancarlo-de-cataldo-presenta-il-suo-romanzo-colpo-di-ritorno\/","url":"https:\/\/www.bellunopress.it\/2023\/08\/01\/omicidio-a-trastevere-mercoledi-a-cortina-giancarlo-de-cataldo-presenta-il-suo-romanzo-colpo-di-ritorno\/","name":"Omicidio a Trastevere. Mercoled\u00ec a Cortina Giancarlo De Cataldo presenta il suo romanzo Colpo di ritorno - Bellunopress - Dolomiti","isPartOf":{"@id":"https:\/\/www.bellunopress.it\/#website"},"primaryImageOfPage":{"@id":"https:\/\/www.bellunopress.it\/2023\/08\/01\/omicidio-a-trastevere-mercoledi-a-cortina-giancarlo-de-cataldo-presenta-il-suo-romanzo-colpo-di-ritorno\/#primaryimage"},"image":{"@id":"https:\/\/www.bellunopress.it\/2023\/08\/01\/omicidio-a-trastevere-mercoledi-a-cortina-giancarlo-de-cataldo-presenta-il-suo-romanzo-colpo-di-ritorno\/#primaryimage"},"thumbnailUrl":"https:\/\/www.bellunopress.it\/wp-content\/uploads\/2023\/08\/Palazzo-delle-Poste-Cortina_edited.jpg","datePublished":"2023-08-01T09:10:01+00:00","breadcrumb":{"@id":"https:\/\/www.bellunopress.it\/2023\/08\/01\/omicidio-a-trastevere-mercoledi-a-cortina-giancarlo-de-cataldo-presenta-il-suo-romanzo-colpo-di-ritorno\/#breadcrumb"},"inLanguage":"fr-FR","potentialAction":[{"@type":"ReadAction","target":["https:\/\/www.bellunopress.it\/2023\/08\/01\/omicidio-a-trastevere-mercoledi-a-cortina-giancarlo-de-cataldo-presenta-il-suo-romanzo-colpo-di-ritorno\/"]}]},{"@type":"ImageObject","inLanguage":"fr-FR","@id":"https:\/\/www.bellunopress.it\/2023\/08\/01\/omicidio-a-trastevere-mercoledi-a-cortina-giancarlo-de-cataldo-presenta-il-suo-romanzo-colpo-di-ritorno\/#primaryimage","url":"https:\/\/www.bellunopress.it\/wp-content\/uploads\/2023\/08\/Palazzo-delle-Poste-Cortina_edited.jpg","contentUrl":"https:\/\/www.bellunopress.it\/wp-content\/uploads\/2023\/08\/Palazzo-delle-Poste-Cortina_edited.jpg","width":1000,"height":750,"caption":"Palazzo delle Poste - Cortina d'Ampezzo"},{"@type":"BreadcrumbList","@id":"https:\/\/www.bellunopress.it\/2023\/08\/01\/omicidio-a-trastevere-mercoledi-a-cortina-giancarlo-de-cataldo-presenta-il-suo-romanzo-colpo-di-ritorno\/#breadcrumb","itemListElement":[{"@type":"ListItem","position":1,"name":"Home","item":"https:\/\/www.bellunopress.it\/"},{"@type":"ListItem","position":2,"name":"Omicidio a Trastevere. Mercoled\u00ec a Cortina Giancarlo De Cataldo presenta il suo romanzo Colpo di ritorno"}]},{"@type":"WebSite","@id":"https:\/\/www.bellunopress.it\/#website","url":"https:\/\/www.bellunopress.it\/","name":"Bellunopress - Dolomiti","description":"e-mail: redazione@bellunopress.it","publisher":{"@id":"https:\/\/www.bellunopress.it\/#organization"},"potentialAction":[{"@type":"SearchAction","target":{"@type":"EntryPoint","urlTemplate":"https:\/\/www.bellunopress.it\/?s={search_term_string}"},"query-input":{"@type":"PropertyValueSpecification","valueRequired":true,"valueName":"search_term_string"}}],"inLanguage":"fr-FR"},{"@type":"Organization","@id":"https:\/\/www.bellunopress.it\/#organization","name":"Bellunopress","url":"https:\/\/www.bellunopress.it\/","logo":{"@type":"ImageObject","inLanguage":"fr-FR","@id":"https:\/\/www.bellunopress.it\/#\/schema\/logo\/image\/","url":"https:\/\/www.bellunopress.it\/wp-content\/uploads\/2011\/05\/cropped-logo-bellunopress-.jpg","contentUrl":"https:\/\/www.bellunopress.it\/wp-content\/uploads\/2011\/05\/cropped-logo-bellunopress-.jpg","width":512,"height":512,"caption":"Bellunopress"},"image":{"@id":"https:\/\/www.bellunopress.it\/#\/schema\/logo\/image\/"},"sameAs":["https:\/\/www.facebook.com\/profile.php?id=100008943462799","https:\/\/x.com\/bellunopress","https:\/\/www.linkedin.com\/hp\/?dnr=JBzUWaJfMUw8vbXJJ2tVW5-I3jZKvC4wsoxE&amp;amp;amp;amp;amp;amp;trk=nav_responsive_tab_home","https:\/\/www.youtube.com\/channel\/UCxL0wu1uN0_3_7hGG0306cw"]},{"@type":"Person","@id":"https:\/\/www.bellunopress.it\/#\/schema\/person\/79bb06722b37ece1c03d3e94beb30d73","name":"r\u00e9daction","image":{"@type":"ImageObject","inLanguage":"fr-FR","@id":"https:\/\/secure.gravatar.com\/avatar\/37d968a2e67a6fd04c169c4bdef102d0bc5d31b2546345219e348575eb80e9a0?s=96&d=mm&r=g","url":"https:\/\/secure.gravatar.com\/avatar\/37d968a2e67a6fd04c169c4bdef102d0bc5d31b2546345219e348575eb80e9a0?s=96&d=mm&r=g","contentUrl":"https:\/\/secure.gravatar.com\/avatar\/37d968a2e67a6fd04c169c4bdef102d0bc5d31b2546345219e348575eb80e9a0?s=96&d=mm&r=g","caption":"redazione"},"sameAs":["http:\/\/www.bellunopress.it","https:\/\/x.com\/bellunopress"],"url":"https:\/\/www.bellunopress.it\/fr\/author\/redazione\/"}]}},"_links":{"self":[{"href":"https:\/\/www.bellunopress.it\/fr\/wp-json\/wp\/v2\/posts\/143205","targetHints":{"allow":["GET"]}}],"collection":[{"href":"https:\/\/www.bellunopress.it\/fr\/wp-json\/wp\/v2\/posts"}],"about":[{"href":"https:\/\/www.bellunopress.it\/fr\/wp-json\/wp\/v2\/types\/post"}],"author":[{"embeddable":true,"href":"https:\/\/www.bellunopress.it\/fr\/wp-json\/wp\/v2\/users\/2"}],"replies":[{"embeddable":true,"href":"https:\/\/www.bellunopress.it\/fr\/wp-json\/wp\/v2\/comments?post=143205"}],"version-history":[{"count":1,"href":"https:\/\/www.bellunopress.it\/fr\/wp-json\/wp\/v2\/posts\/143205\/revisions"}],"predecessor-version":[{"id":143207,"href":"https:\/\/www.bellunopress.it\/fr\/wp-json\/wp\/v2\/posts\/143205\/revisions\/143207"}],"wp:featuredmedia":[{"embeddable":true,"href":"https:\/\/www.bellunopress.it\/fr\/wp-json\/wp\/v2\/media\/143206"}],"wp:attachment":[{"href":"https:\/\/www.bellunopress.it\/fr\/wp-json\/wp\/v2\/media?parent=143205"}],"wp:term":[{"taxonomy":"category","embeddable":true,"href":"https:\/\/www.bellunopress.it\/fr\/wp-json\/wp\/v2\/categories?post=143205"},{"taxonomy":"post_tag","embeddable":true,"href":"https:\/\/www.bellunopress.it\/fr\/wp-json\/wp\/v2\/tags?post=143205"}],"curies":[{"name":"wp","href":"https:\/\/api.w.org\/{rel}","templated":true}]}}