{"id":143199,"date":"2023-08-01T08:55:17","date_gmt":"2023-08-01T06:55:17","guid":{"rendered":"https:\/\/www.bellunopress.it\/?p=143199"},"modified":"2023-08-01T08:58:43","modified_gmt":"2023-08-01T06:58:43","slug":"presentata-la-boheme-con-il-tenore-di-sossai-domenico-menini","status":"publish","type":"post","link":"https:\/\/www.bellunopress.it\/fr\/2023\/08\/01\/presentata-la-boheme-con-il-tenore-di-sossai-domenico-menini\/","title":{"rendered":"Presentata La Boh\u00e8me con il tenore di Sossai Domenico Menini"},"content":{"rendered":"<p><img loading=\"lazy\" decoding=\"async\" class=\"alignleft size-full wp-image-143200\" src=\"https:\/\/www.bellunopress.it\/wp-content\/uploads\/2023\/08\/domenico-menini-La-Boheme_edited.jpg\" alt=\"\" width=\"1000\" height=\"661\" srcset=\"https:\/\/www.bellunopress.it\/wp-content\/uploads\/2023\/08\/domenico-menini-La-Boheme_edited.jpg 1000w, https:\/\/www.bellunopress.it\/wp-content\/uploads\/2023\/08\/domenico-menini-La-Boheme_edited-500x331.jpg 500w, https:\/\/www.bellunopress.it\/wp-content\/uploads\/2023\/08\/domenico-menini-La-Boheme_edited-696x460.jpg 696w, https:\/\/www.bellunopress.it\/wp-content\/uploads\/2023\/08\/domenico-menini-La-Boheme_edited-635x420.jpg 635w\" sizes=\"auto, (max-width: 1000px) 100vw, 1000px\" \/>Belluno, 1\u00b0 agosto 2023 &#8211; Coinvolgente presentazione ieri sera al Teatro San Gaetano di Castion dell&#8217;opera lirica La Boh\u00e8me, che sar\u00e0 rappresentata sabato 19 Agosto alle ore 17 nel magico scenario del Teatro al Mut.<\/p>\n<p>Domenico Menini, il tenore di Sossai, ha magistralmente condotto una divertente serata illustrativa, con l&#8217;intervento a sorpresa di Giacomo Puccini, interpretato da Dario Turrini, che sar\u00e0 il regista e il conduttore dello spettacolo.<br \/>\nDopo aver brevemente illustrato la trama dell&#8217;opera, suddivisa in 4 quadri, coadiuvato dall&#8217;ascolto di alcune delle arie pi\u00f9 note, il duo sul palcoscenico ha raccontato simpatici aneddoti sulla vita dell&#8217;autore e sulla sua passione per le donne.<\/p>\n<p>Interessanti poi gli spunti e gli approfondimenti di Menini su aspetti peculiari della composizione musicale di Puccini, anche con raffronto ad altri compositori coevi.<br \/>\nLa serata ha quindi contribuito a creare nel pubblico ulteriore aspettativa per la rappresentazione del 19 Agosto, la cui prevendita di biglietti inizia oggi al caff\u00e8 Deon, in Piazza Martiri a Belluno. (orari 10-12,30 16,30-19)<\/p>","protected":false},"excerpt":{"rendered":"<p>Belluno, 1\u00b0 agosto 2023 &#8211; Coinvolgente presentazione ieri sera al Teatro San Gaetano di Castion dell&#8217;opera lirica La Boh\u00e8me, che sar\u00e0 rappresentata sabato 19 Agosto alle ore 17 nel magico scenario del Teatro al Mut. Domenico Menini, il tenore di Sossai, ha magistralmente condotto una divertente serata illustrativa, con l&#8217;intervento a sorpresa di Giacomo Puccini, [&hellip;]<\/p>\n","protected":false},"author":2,"featured_media":143200,"comment_status":"closed","ping_status":"open","sticky":false,"template":"","format":"standard","meta":{"footnotes":""},"categories":[27,49,25],"tags":[],"class_list":["post-143199","post","type-post","status-publish","format-standard","has-post-thumbnail","category-appuntamenti","category-speciali","category-pausa-caffe"],"yoast_head":"<!-- This site is optimized with the Yoast SEO plugin v28.4 - https:\/\/yoast.com\/product\/yoast-seo-wordpress\/ -->\n<title>Presentata La Boh\u00e8me con il tenore di Sossai Domenico Menini - Bellunopress - Dolomiti<\/title>\n<meta name=\"robots\" content=\"index, follow, max-snippet:-1, max-image-preview:large, max-video-preview:-1\" \/>\n<link rel=\"canonical\" href=\"https:\/\/www.bellunopress.it\/fr\/2023\/08\/01\/presentata-la-boheme-con-il-tenore-di-sossai-domenico-menini\/\" \/>\n<meta property=\"og:locale\" content=\"fr_FR\" \/>\n<meta property=\"og:type\" content=\"article\" \/>\n<meta property=\"og:title\" content=\"Presentata La Boh\u00e8me con il tenore di Sossai Domenico Menini - Bellunopress - Dolomiti\" \/>\n<meta property=\"og:description\" content=\"Belluno, 1\u00b0 agosto 2023 &#8211; Coinvolgente presentazione ieri sera al Teatro San Gaetano di Castion dell&#8217;opera lirica La Boh\u00e8me, che sar\u00e0 rappresentata sabato 19 Agosto alle ore 17 nel magico scenario del Teatro al Mut. Domenico Menini, il tenore di Sossai, ha magistralmente condotto una divertente serata illustrativa, con l&#8217;intervento a sorpresa di Giacomo Puccini, [&hellip;]\" \/>\n<meta property=\"og:url\" content=\"https:\/\/www.bellunopress.it\/fr\/2023\/08\/01\/presentata-la-boheme-con-il-tenore-di-sossai-domenico-menini\/\" \/>\n<meta property=\"og:site_name\" content=\"Bellunopress - Dolomiti\" \/>\n<meta property=\"article:publisher\" content=\"https:\/\/www.facebook.com\/profile.php?id=100008943462799\" \/>\n<meta property=\"article:published_time\" content=\"2023-08-01T06:55:17+00:00\" \/>\n<meta property=\"article:modified_time\" content=\"2023-08-01T06:58:43+00:00\" \/>\n<meta property=\"og:image\" content=\"https:\/\/www.bellunopress.it\/wp-content\/uploads\/2023\/08\/domenico-menini-La-Boheme_edited.jpg\" \/>\n\t<meta property=\"og:image:width\" content=\"1000\" \/>\n\t<meta property=\"og:image:height\" content=\"661\" \/>\n\t<meta property=\"og:image:type\" content=\"image\/jpeg\" \/>\n<meta name=\"author\" content=\"redazione\" \/>\n<meta name=\"twitter:card\" content=\"summary_large_image\" \/>\n<meta name=\"twitter:creator\" content=\"@bellunopress\" \/>\n<meta name=\"twitter:site\" content=\"@bellunopress\" \/>\n<meta name=\"twitter:label1\" content=\"\u00c9crit par\" \/>\n\t<meta name=\"twitter:data1\" content=\"redazione\" \/>\n\t<meta name=\"twitter:label2\" content=\"Dur\u00e9e de lecture estim\u00e9e\" \/>\n\t<meta name=\"twitter:data2\" content=\"2 minutes\" \/>\n<script type=\"application\/ld+json\" class=\"yoast-schema-graph\">{\"@context\":\"https:\\\/\\\/schema.org\",\"@graph\":[{\"@type\":\"Article\",\"@id\":\"https:\\\/\\\/www.bellunopress.it\\\/2023\\\/08\\\/01\\\/presentata-la-boheme-con-il-tenore-di-sossai-domenico-menini\\\/#article\",\"isPartOf\":{\"@id\":\"https:\\\/\\\/www.bellunopress.it\\\/2023\\\/08\\\/01\\\/presentata-la-boheme-con-il-tenore-di-sossai-domenico-menini\\\/\"},\"author\":{\"name\":\"redazione\",\"@id\":\"https:\\\/\\\/www.bellunopress.it\\\/#\\\/schema\\\/person\\\/79bb06722b37ece1c03d3e94beb30d73\"},\"headline\":\"Presentata La Boh\u00e8me con il tenore di Sossai Domenico Menini\",\"datePublished\":\"2023-08-01T06:55:17+00:00\",\"dateModified\":\"2023-08-01T06:58:43+00:00\",\"mainEntityOfPage\":{\"@id\":\"https:\\\/\\\/www.bellunopress.it\\\/2023\\\/08\\\/01\\\/presentata-la-boheme-con-il-tenore-di-sossai-domenico-menini\\\/\"},\"wordCount\":175,\"publisher\":{\"@id\":\"https:\\\/\\\/www.bellunopress.it\\\/#organization\"},\"image\":{\"@id\":\"https:\\\/\\\/www.bellunopress.it\\\/2023\\\/08\\\/01\\\/presentata-la-boheme-con-il-tenore-di-sossai-domenico-menini\\\/#primaryimage\"},\"thumbnailUrl\":\"https:\\\/\\\/www.bellunopress.it\\\/wp-content\\\/uploads\\\/2023\\\/08\\\/domenico-menini-La-Boheme_edited.jpg\",\"articleSection\":[\"Appuntamenti, Eventi\",\"Gli speciali di Bellunopress\",\"Pausa Caff\u00e8\"],\"inLanguage\":\"fr-FR\"},{\"@type\":\"WebPage\",\"@id\":\"https:\\\/\\\/www.bellunopress.it\\\/2023\\\/08\\\/01\\\/presentata-la-boheme-con-il-tenore-di-sossai-domenico-menini\\\/\",\"url\":\"https:\\\/\\\/www.bellunopress.it\\\/2023\\\/08\\\/01\\\/presentata-la-boheme-con-il-tenore-di-sossai-domenico-menini\\\/\",\"name\":\"Presentata La Boh\u00e8me con il tenore di Sossai Domenico Menini - Bellunopress - Dolomiti\",\"isPartOf\":{\"@id\":\"https:\\\/\\\/www.bellunopress.it\\\/#website\"},\"primaryImageOfPage\":{\"@id\":\"https:\\\/\\\/www.bellunopress.it\\\/2023\\\/08\\\/01\\\/presentata-la-boheme-con-il-tenore-di-sossai-domenico-menini\\\/#primaryimage\"},\"image\":{\"@id\":\"https:\\\/\\\/www.bellunopress.it\\\/2023\\\/08\\\/01\\\/presentata-la-boheme-con-il-tenore-di-sossai-domenico-menini\\\/#primaryimage\"},\"thumbnailUrl\":\"https:\\\/\\\/www.bellunopress.it\\\/wp-content\\\/uploads\\\/2023\\\/08\\\/domenico-menini-La-Boheme_edited.jpg\",\"datePublished\":\"2023-08-01T06:55:17+00:00\",\"dateModified\":\"2023-08-01T06:58:43+00:00\",\"breadcrumb\":{\"@id\":\"https:\\\/\\\/www.bellunopress.it\\\/2023\\\/08\\\/01\\\/presentata-la-boheme-con-il-tenore-di-sossai-domenico-menini\\\/#breadcrumb\"},\"inLanguage\":\"fr-FR\",\"potentialAction\":[{\"@type\":\"ReadAction\",\"target\":[\"https:\\\/\\\/www.bellunopress.it\\\/2023\\\/08\\\/01\\\/presentata-la-boheme-con-il-tenore-di-sossai-domenico-menini\\\/\"]}]},{\"@type\":\"ImageObject\",\"inLanguage\":\"fr-FR\",\"@id\":\"https:\\\/\\\/www.bellunopress.it\\\/2023\\\/08\\\/01\\\/presentata-la-boheme-con-il-tenore-di-sossai-domenico-menini\\\/#primaryimage\",\"url\":\"https:\\\/\\\/www.bellunopress.it\\\/wp-content\\\/uploads\\\/2023\\\/08\\\/domenico-menini-La-Boheme_edited.jpg\",\"contentUrl\":\"https:\\\/\\\/www.bellunopress.it\\\/wp-content\\\/uploads\\\/2023\\\/08\\\/domenico-menini-La-Boheme_edited.jpg\",\"width\":1000,\"height\":661},{\"@type\":\"BreadcrumbList\",\"@id\":\"https:\\\/\\\/www.bellunopress.it\\\/2023\\\/08\\\/01\\\/presentata-la-boheme-con-il-tenore-di-sossai-domenico-menini\\\/#breadcrumb\",\"itemListElement\":[{\"@type\":\"ListItem\",\"position\":1,\"name\":\"Home\",\"item\":\"https:\\\/\\\/www.bellunopress.it\\\/\"},{\"@type\":\"ListItem\",\"position\":2,\"name\":\"Presentata La Boh\u00e8me con il tenore di Sossai Domenico Menini\"}]},{\"@type\":\"WebSite\",\"@id\":\"https:\\\/\\\/www.bellunopress.it\\\/#website\",\"url\":\"https:\\\/\\\/www.bellunopress.it\\\/\",\"name\":\"Bellunopress - Dolomiti\",\"description\":\"e-mail: redazione@bellunopress.it\",\"publisher\":{\"@id\":\"https:\\\/\\\/www.bellunopress.it\\\/#organization\"},\"potentialAction\":[{\"@type\":\"SearchAction\",\"target\":{\"@type\":\"EntryPoint\",\"urlTemplate\":\"https:\\\/\\\/www.bellunopress.it\\\/?s={search_term_string}\"},\"query-input\":{\"@type\":\"PropertyValueSpecification\",\"valueRequired\":true,\"valueName\":\"search_term_string\"}}],\"inLanguage\":\"fr-FR\"},{\"@type\":\"Organization\",\"@id\":\"https:\\\/\\\/www.bellunopress.it\\\/#organization\",\"name\":\"Bellunopress\",\"url\":\"https:\\\/\\\/www.bellunopress.it\\\/\",\"logo\":{\"@type\":\"ImageObject\",\"inLanguage\":\"fr-FR\",\"@id\":\"https:\\\/\\\/www.bellunopress.it\\\/#\\\/schema\\\/logo\\\/image\\\/\",\"url\":\"https:\\\/\\\/www.bellunopress.it\\\/wp-content\\\/uploads\\\/2011\\\/05\\\/cropped-logo-bellunopress-.jpg\",\"contentUrl\":\"https:\\\/\\\/www.bellunopress.it\\\/wp-content\\\/uploads\\\/2011\\\/05\\\/cropped-logo-bellunopress-.jpg\",\"width\":512,\"height\":512,\"caption\":\"Bellunopress\"},\"image\":{\"@id\":\"https:\\\/\\\/www.bellunopress.it\\\/#\\\/schema\\\/logo\\\/image\\\/\"},\"sameAs\":[\"https:\\\/\\\/www.facebook.com\\\/profile.php?id=100008943462799\",\"https:\\\/\\\/x.com\\\/bellunopress\",\"https:\\\/\\\/www.linkedin.com\\\/hp\\\/?dnr=JBzUWaJfMUw8vbXJJ2tVW5-I3jZKvC4wsoxE&amp;amp;amp;amp;amp;amp;trk=nav_responsive_tab_home\",\"https:\\\/\\\/www.youtube.com\\\/channel\\\/UCxL0wu1uN0_3_7hGG0306cw\"]},{\"@type\":\"Person\",\"@id\":\"https:\\\/\\\/www.bellunopress.it\\\/#\\\/schema\\\/person\\\/79bb06722b37ece1c03d3e94beb30d73\",\"name\":\"redazione\",\"image\":{\"@type\":\"ImageObject\",\"inLanguage\":\"fr-FR\",\"@id\":\"https:\\\/\\\/secure.gravatar.com\\\/avatar\\\/37d968a2e67a6fd04c169c4bdef102d0bc5d31b2546345219e348575eb80e9a0?s=96&d=mm&r=g\",\"url\":\"https:\\\/\\\/secure.gravatar.com\\\/avatar\\\/37d968a2e67a6fd04c169c4bdef102d0bc5d31b2546345219e348575eb80e9a0?s=96&d=mm&r=g\",\"contentUrl\":\"https:\\\/\\\/secure.gravatar.com\\\/avatar\\\/37d968a2e67a6fd04c169c4bdef102d0bc5d31b2546345219e348575eb80e9a0?s=96&d=mm&r=g\",\"caption\":\"redazione\"},\"sameAs\":[\"http:\\\/\\\/www.bellunopress.it\",\"https:\\\/\\\/x.com\\\/bellunopress\"],\"url\":\"https:\\\/\\\/www.bellunopress.it\\\/fr\\\/author\\\/redazione\\\/\"}]}<\/script>\n<!-- \/ Yoast SEO plugin. -->","yoast_head_json":{"title":"Presentata La Boh\u00e8me con il tenore di Sossai Domenico Menini - Bellunopress - Dolomiti","robots":{"index":"index","follow":"follow","max-snippet":"max-snippet:-1","max-image-preview":"max-image-preview:large","max-video-preview":"max-video-preview:-1"},"canonical":"https:\/\/www.bellunopress.it\/fr\/2023\/08\/01\/presentata-la-boheme-con-il-tenore-di-sossai-domenico-menini\/","og_locale":"fr_FR","og_type":"article","og_title":"Presentata La Boh\u00e8me con il tenore di Sossai Domenico Menini - Bellunopress - Dolomiti","og_description":"Belluno, 1\u00b0 agosto 2023 &#8211; Coinvolgente presentazione ieri sera al Teatro San Gaetano di Castion dell&#8217;opera lirica La Boh\u00e8me, che sar\u00e0 rappresentata sabato 19 Agosto alle ore 17 nel magico scenario del Teatro al Mut. Domenico Menini, il tenore di Sossai, ha magistralmente condotto una divertente serata illustrativa, con l&#8217;intervento a sorpresa di Giacomo Puccini, [&hellip;]","og_url":"https:\/\/www.bellunopress.it\/fr\/2023\/08\/01\/presentata-la-boheme-con-il-tenore-di-sossai-domenico-menini\/","og_site_name":"Bellunopress - Dolomiti","article_publisher":"https:\/\/www.facebook.com\/profile.php?id=100008943462799","article_published_time":"2023-08-01T06:55:17+00:00","article_modified_time":"2023-08-01T06:58:43+00:00","og_image":[{"width":1000,"height":661,"url":"https:\/\/www.bellunopress.it\/wp-content\/uploads\/2023\/08\/domenico-menini-La-Boheme_edited.jpg","type":"image\/jpeg"}],"author":"redazione","twitter_card":"summary_large_image","twitter_creator":"@bellunopress","twitter_site":"@bellunopress","twitter_misc":{"\u00c9crit par":"redazione","Dur\u00e9e de lecture estim\u00e9e":"2 minutes"},"schema":{"@context":"https:\/\/schema.org","@graph":[{"@type":"Article","@id":"https:\/\/www.bellunopress.it\/2023\/08\/01\/presentata-la-boheme-con-il-tenore-di-sossai-domenico-menini\/#article","isPartOf":{"@id":"https:\/\/www.bellunopress.it\/2023\/08\/01\/presentata-la-boheme-con-il-tenore-di-sossai-domenico-menini\/"},"author":{"name":"redazione","@id":"https:\/\/www.bellunopress.it\/#\/schema\/person\/79bb06722b37ece1c03d3e94beb30d73"},"headline":"Presentata La Boh\u00e8me con il tenore di Sossai Domenico Menini","datePublished":"2023-08-01T06:55:17+00:00","dateModified":"2023-08-01T06:58:43+00:00","mainEntityOfPage":{"@id":"https:\/\/www.bellunopress.it\/2023\/08\/01\/presentata-la-boheme-con-il-tenore-di-sossai-domenico-menini\/"},"wordCount":175,"publisher":{"@id":"https:\/\/www.bellunopress.it\/#organization"},"image":{"@id":"https:\/\/www.bellunopress.it\/2023\/08\/01\/presentata-la-boheme-con-il-tenore-di-sossai-domenico-menini\/#primaryimage"},"thumbnailUrl":"https:\/\/www.bellunopress.it\/wp-content\/uploads\/2023\/08\/domenico-menini-La-Boheme_edited.jpg","articleSection":["Appuntamenti, Eventi","Gli speciali di Bellunopress","Pausa Caff\u00e8"],"inLanguage":"fr-FR"},{"@type":"WebPage","@id":"https:\/\/www.bellunopress.it\/2023\/08\/01\/presentata-la-boheme-con-il-tenore-di-sossai-domenico-menini\/","url":"https:\/\/www.bellunopress.it\/2023\/08\/01\/presentata-la-boheme-con-il-tenore-di-sossai-domenico-menini\/","name":"Presentata La Boh\u00e8me con il tenore di Sossai Domenico Menini - Bellunopress - Dolomiti","isPartOf":{"@id":"https:\/\/www.bellunopress.it\/#website"},"primaryImageOfPage":{"@id":"https:\/\/www.bellunopress.it\/2023\/08\/01\/presentata-la-boheme-con-il-tenore-di-sossai-domenico-menini\/#primaryimage"},"image":{"@id":"https:\/\/www.bellunopress.it\/2023\/08\/01\/presentata-la-boheme-con-il-tenore-di-sossai-domenico-menini\/#primaryimage"},"thumbnailUrl":"https:\/\/www.bellunopress.it\/wp-content\/uploads\/2023\/08\/domenico-menini-La-Boheme_edited.jpg","datePublished":"2023-08-01T06:55:17+00:00","dateModified":"2023-08-01T06:58:43+00:00","breadcrumb":{"@id":"https:\/\/www.bellunopress.it\/2023\/08\/01\/presentata-la-boheme-con-il-tenore-di-sossai-domenico-menini\/#breadcrumb"},"inLanguage":"fr-FR","potentialAction":[{"@type":"ReadAction","target":["https:\/\/www.bellunopress.it\/2023\/08\/01\/presentata-la-boheme-con-il-tenore-di-sossai-domenico-menini\/"]}]},{"@type":"ImageObject","inLanguage":"fr-FR","@id":"https:\/\/www.bellunopress.it\/2023\/08\/01\/presentata-la-boheme-con-il-tenore-di-sossai-domenico-menini\/#primaryimage","url":"https:\/\/www.bellunopress.it\/wp-content\/uploads\/2023\/08\/domenico-menini-La-Boheme_edited.jpg","contentUrl":"https:\/\/www.bellunopress.it\/wp-content\/uploads\/2023\/08\/domenico-menini-La-Boheme_edited.jpg","width":1000,"height":661},{"@type":"BreadcrumbList","@id":"https:\/\/www.bellunopress.it\/2023\/08\/01\/presentata-la-boheme-con-il-tenore-di-sossai-domenico-menini\/#breadcrumb","itemListElement":[{"@type":"ListItem","position":1,"name":"Home","item":"https:\/\/www.bellunopress.it\/"},{"@type":"ListItem","position":2,"name":"Presentata La Boh\u00e8me con il tenore di Sossai Domenico Menini"}]},{"@type":"WebSite","@id":"https:\/\/www.bellunopress.it\/#website","url":"https:\/\/www.bellunopress.it\/","name":"Bellunopress - Dolomiti","description":"e-mail: redazione@bellunopress.it","publisher":{"@id":"https:\/\/www.bellunopress.it\/#organization"},"potentialAction":[{"@type":"SearchAction","target":{"@type":"EntryPoint","urlTemplate":"https:\/\/www.bellunopress.it\/?s={search_term_string}"},"query-input":{"@type":"PropertyValueSpecification","valueRequired":true,"valueName":"search_term_string"}}],"inLanguage":"fr-FR"},{"@type":"Organization","@id":"https:\/\/www.bellunopress.it\/#organization","name":"Bellunopress","url":"https:\/\/www.bellunopress.it\/","logo":{"@type":"ImageObject","inLanguage":"fr-FR","@id":"https:\/\/www.bellunopress.it\/#\/schema\/logo\/image\/","url":"https:\/\/www.bellunopress.it\/wp-content\/uploads\/2011\/05\/cropped-logo-bellunopress-.jpg","contentUrl":"https:\/\/www.bellunopress.it\/wp-content\/uploads\/2011\/05\/cropped-logo-bellunopress-.jpg","width":512,"height":512,"caption":"Bellunopress"},"image":{"@id":"https:\/\/www.bellunopress.it\/#\/schema\/logo\/image\/"},"sameAs":["https:\/\/www.facebook.com\/profile.php?id=100008943462799","https:\/\/x.com\/bellunopress","https:\/\/www.linkedin.com\/hp\/?dnr=JBzUWaJfMUw8vbXJJ2tVW5-I3jZKvC4wsoxE&amp;amp;amp;amp;amp;amp;trk=nav_responsive_tab_home","https:\/\/www.youtube.com\/channel\/UCxL0wu1uN0_3_7hGG0306cw"]},{"@type":"Person","@id":"https:\/\/www.bellunopress.it\/#\/schema\/person\/79bb06722b37ece1c03d3e94beb30d73","name":"r\u00e9daction","image":{"@type":"ImageObject","inLanguage":"fr-FR","@id":"https:\/\/secure.gravatar.com\/avatar\/37d968a2e67a6fd04c169c4bdef102d0bc5d31b2546345219e348575eb80e9a0?s=96&d=mm&r=g","url":"https:\/\/secure.gravatar.com\/avatar\/37d968a2e67a6fd04c169c4bdef102d0bc5d31b2546345219e348575eb80e9a0?s=96&d=mm&r=g","contentUrl":"https:\/\/secure.gravatar.com\/avatar\/37d968a2e67a6fd04c169c4bdef102d0bc5d31b2546345219e348575eb80e9a0?s=96&d=mm&r=g","caption":"redazione"},"sameAs":["http:\/\/www.bellunopress.it","https:\/\/x.com\/bellunopress"],"url":"https:\/\/www.bellunopress.it\/fr\/author\/redazione\/"}]}},"_links":{"self":[{"href":"https:\/\/www.bellunopress.it\/fr\/wp-json\/wp\/v2\/posts\/143199","targetHints":{"allow":["GET"]}}],"collection":[{"href":"https:\/\/www.bellunopress.it\/fr\/wp-json\/wp\/v2\/posts"}],"about":[{"href":"https:\/\/www.bellunopress.it\/fr\/wp-json\/wp\/v2\/types\/post"}],"author":[{"embeddable":true,"href":"https:\/\/www.bellunopress.it\/fr\/wp-json\/wp\/v2\/users\/2"}],"replies":[{"embeddable":true,"href":"https:\/\/www.bellunopress.it\/fr\/wp-json\/wp\/v2\/comments?post=143199"}],"version-history":[{"count":2,"href":"https:\/\/www.bellunopress.it\/fr\/wp-json\/wp\/v2\/posts\/143199\/revisions"}],"predecessor-version":[{"id":143202,"href":"https:\/\/www.bellunopress.it\/fr\/wp-json\/wp\/v2\/posts\/143199\/revisions\/143202"}],"wp:featuredmedia":[{"embeddable":true,"href":"https:\/\/www.bellunopress.it\/fr\/wp-json\/wp\/v2\/media\/143200"}],"wp:attachment":[{"href":"https:\/\/www.bellunopress.it\/fr\/wp-json\/wp\/v2\/media?parent=143199"}],"wp:term":[{"taxonomy":"category","embeddable":true,"href":"https:\/\/www.bellunopress.it\/fr\/wp-json\/wp\/v2\/categories?post=143199"},{"taxonomy":"post_tag","embeddable":true,"href":"https:\/\/www.bellunopress.it\/fr\/wp-json\/wp\/v2\/tags?post=143199"}],"curies":[{"name":"wp","href":"https:\/\/api.w.org\/{rel}","templated":true}]}}