{"id":143196,"date":"2023-07-31T20:13:31","date_gmt":"2023-07-31T18:13:31","guid":{"rendered":"https:\/\/www.bellunopress.it\/?p=143196"},"modified":"2023-07-31T20:13:31","modified_gmt":"2023-07-31T18:13:31","slug":"ex-colonia-eni-per-il-villaggio-olimpico-la-provincia-chiede-alla-giunta-regionale-di-rivalutare-la-scelta","status":"publish","type":"post","link":"https:\/\/www.bellunopress.it\/fr\/2023\/07\/31\/ex-colonia-eni-per-il-villaggio-olimpico-la-provincia-chiede-alla-giunta-regionale-di-rivalutare-la-scelta\/","title":{"rendered":"Ex colonia Eni per il villaggio olimpico. La Provincia chiede alla giunta regionale di rivalutare la scelta\u00a0"},"content":{"rendered":"<figure id=\"attachment_143197\" aria-describedby=\"caption-attachment-143197\" style=\"width: 1000px\" class=\"wp-caption alignleft\"><img loading=\"lazy\" decoding=\"async\" class=\"size-full wp-image-143197\" src=\"https:\/\/www.bellunopress.it\/wp-content\/uploads\/2023\/07\/consiglio-provinciale-31-luglio-edited.jpg\" alt=\"\" width=\"1000\" height=\"750\" srcset=\"https:\/\/www.bellunopress.it\/wp-content\/uploads\/2023\/07\/consiglio-provinciale-31-luglio-edited.jpg 1000w, https:\/\/www.bellunopress.it\/wp-content\/uploads\/2023\/07\/consiglio-provinciale-31-luglio-edited-500x375.jpg 500w, https:\/\/www.bellunopress.it\/wp-content\/uploads\/2023\/07\/consiglio-provinciale-31-luglio-edited-696x522.jpg 696w, https:\/\/www.bellunopress.it\/wp-content\/uploads\/2023\/07\/consiglio-provinciale-31-luglio-edited-560x420.jpg 560w, https:\/\/www.bellunopress.it\/wp-content\/uploads\/2023\/07\/consiglio-provinciale-31-luglio-edited-80x60.jpg 80w, https:\/\/www.bellunopress.it\/wp-content\/uploads\/2023\/07\/consiglio-provinciale-31-luglio-edited-265x198.jpg 265w\" sizes=\"auto, (max-width: 1000px) 100vw, 1000px\" \/><figcaption id=\"caption-attachment-143197\" class=\"wp-caption-text\">Consiglio provinciale del 31 luglio 2023 a Borca di Cadore<\/figcaption><\/figure>\n<p><strong>Il consiglio provinciale sposa il documento del Comune di Borca sulla verifica della compatibilit\u00e0 tecnica e amministrativa dell&#8217;operazione<\/strong><\/p>\n<p><strong>Approvato anche il cofinanziamento di 250mila euro per Investi Scuola<\/strong><\/p>\n<p>Borca di Cadore, 31 luglio 2023 &#8211; La Provincia di Belluno chiede alla cabina di regia delle Olimpiadi Milano Cortina 2026 di rivalutare la scelta sul villaggio olimpico. E di individuare la sede nella vecchia colonia Eni di Borca.<\/p>\n<p>Lo ha deliberato all&#8217;unanimit\u00e0 il consiglio provinciale, riunitosi oggi in modalit\u00e0 itinerante proprio a Borca di Cadore. L&#8217;atto d\u00e0 mandato al presidente di attivarsi in tutte le sedi opportune affinch\u00e9 sia individuato nella rigenerazione del complesso edilizio fatto realizzare da Enrico Mattei ed Edoardo Gellner lo strumento ideale per l&#8217;ospitalit\u00e0 degli atleti olimpici. \u00abLa Provincia conferma quello che ha sempre sostenuto, proponendo ancora diversi anni fa la soluzione Borca, quale esempio concreto di sostenibilit\u00e0 e di Legacy dell&#8217;evento olimpico\u00bb ha sottolineato il consiglio provinciale.<\/p>\n<p><strong>RIGENERAZIONE DELLA EX COLONIA<\/strong><\/p>\n<p>L&#8217;atto approvato dal consiglio parte da un documento predisposto dagli uffici del Comune di Borca e giunto nei giorni scorsi in Provincia. Si tratta di un approfondimento tecnico sulla verifica della compatibilit\u00e0 amministrativa e tecnica a ospitare il villaggio olimpico nell&#8217;ex villaggio Eni. Il documento analizza non solo i criteri di sostenibilit\u00e0, impatto ambientale e paesaggistico e rispondenza al quadro esigenziale del dossier olimpico, ma anche la compatibilit\u00e0 idrogeologica e la fattibilit\u00e0 tecnica del recupero del villaggio ex Eni, dimostrando come le indicazioni del Pai (Piano di assetto idrogeologico) e del Pgra (Piano di gestione del rischio idraulico) consentano di utilizzare fin da subito per lo scopo necessario la vecchia colonia. La delibera quindi chiede alla Regione di rivalutare alla luce di questa analisi la scelta di realizzare il villaggio olimpico a Fiames (come da Dgr 620 del 19 maggio scorso).<\/p>\n<p>\u00abOggi rafforziamo la posizione sempre tenuta dall&#8217;amministrazione provinciale: eravamo partiti con la proposta nel 2020, poi ribadita nel 2021 nelle linee programmatiche\u00bb ha detto il presidente della Provincia, Roberto Padrin. \u00abUna volta superato il dubbio della fattibilit\u00e0 tecnica e amministrativa, non vediamo altri ostacoli a realizzare qui il villaggio olimpico, attraverso un accordo pubblico-privato che in questi mesi ha visto schierarsi a favore anche le associazioni di categoria, i sindacati e il territorio in generale\u00bb.<\/p>\n<p><strong>MITIGATO IL RISCHIO IDROGEOLOGICO<\/strong><\/p>\n<p>Il documento preparato dal Comune di Borca sottolinea in particolare il superamento dei dubbi relativi ai vincoli di natura idrogeologica, dato che la ex colonia Eni si trova nella zona limitrofa al canalone di Cancia, noto per le colate detritiche dell&#8217;Antelao.<\/p>\n<p>\u00abGli interventi realizzati dalla Provincia sul canalone &#8211; con l&#8217;installazione della briglia Sabo Dam e la costruzione di un canale di dissipazione delle acque &#8211; hanno mitigato il pericolo di colate. E a breve partiranno ulteriori interventi a valle per ridurre ancora di pi\u00f9 il rischio\u00bb ha detto il consigliere Mattia Gosetti, delegato alla Difesa del Suolo. \u00abRingrazio il consiglio di aver colto l&#8217;approvazione di questo atto politico proprio qui nella valle del Boite, che si \u00e8 sempre espressa a favore della rigenerazione di quel patrimonio del vecchio villaggio Eni, riassunto architettonico della storia degli ultimi decenni\u00bb.<\/p>\n<p><strong>SOSTENIBILIT\u00c0 E LEGACY<\/strong><\/p>\n<p>Nei diversi interventi in sede di dibattito consiliare, tutti i consiglieri si sono espressi a favore della sostenibilit\u00e0 della rigenerazione e delle ricadute sociali che avrebbe per il territorio.<\/p>\n<p>\u00abIl dossier olimpico diceva che le Olimpiadi 2026 sarebbero state le pi\u00f9 sostenibili e memorabili di sempre. E si poneva come obiettivo di mettere in atto politiche a favore dello sviluppo della montagna, utili al miglioramento dei servizi pubblici\u00bb hanno detto i consiglieri Paolo Perenzin e Simone Deola. \u00abCrediamo che il recupero della vecchia colonia vada in questo senso, mentre il villaggio a Fiames no: se \u00e8 sostenibile perch\u00e9 si smantella dopo le Olimpiadi, diventa uno spreco di denaro pubblico; se invece rimane, non \u00e8 sostenibile dal punto di vista ambientale, perch\u00e9 comporterebbe ulteriore consumo di suolo\u00bb.<\/p>\n<p>\u00abSiamo a fianco della Valboite per appoggiare la scelta di rigenerare la vecchia colonia che ha implicazioni su economicit\u00e0, sostenibilit\u00e0 e sviluppo del territorio\u00bb hanno aggiunto i consiglieri Bogana, De Toni e Scopel.<\/p>\n<p><strong>INVESTI SCUOLA<\/strong><\/p>\n<p>Sui temi dello sviluppo del territorio, in particolare della vivibilit\u00e0 delle terre alte, il consiglio provinciale ha approvato anche due atti collegati al progetto Investi Scuola, che garantisce gli abbonamenti del trasporto pubblico per gli studenti delle scuole superiori a prezzi calmierati, per andare incontro a chi abita nelle zone pi\u00f9 marginali. Quest&#8217;anno dopo sette anni il progetto non pu\u00f2 pi\u00f9 contare sulle risorse dei Fondi Comuni confinanti, motivo per cui la Provincia ha deliberato l&#8217;utilizzo di 250mila euro dall&#8217;avanzo di amministrazione per continuare ad attivare Investi Scuola.<\/p>\n<p>\u00abInsieme a 250mila euro del Consorzio Bim e a una quota del Fondo Welfare, superiamo i 500mila euro necessari a finanziare almeno la met\u00e0 della dotazione economica necessaria a riproporre il progetto tale e quale agli ultimi anni\u00bb ha spiegato il presidente Padrin. \u00abIn sette anni i Fondi Comuni confinanti hanno consentito di proporre un grande progetto a tutti gli effetti anti-spopolamento, che in ogni caso vogliamo mandare avanti\u00bb.<\/p>\n<p>Il consiglio, sempre all&#8217;unanimit\u00e0, ha approvato anche un ordine del giorno per cercare tutte le sinergie possibili a reperire l&#8217;ulteriore quota di finanziamento del progetto (che vale circa 1 milione di euro). A partire da una richiesta di sostegno economico alla Regione del Veneto e agli enti superiori per garantire la piena copertura del progetto per l&#8217;anno scolastico 2023-2024. Per il futuro, l&#8217;amministrazione provinciale \u00e8 gi\u00e0 al lavoro per tentare di cambiare il funzionamento dei Fondi di confine rendendoli utilizzabili anche per spese correnti e finanziare cos\u00ec i servizi sul territorio.<\/p>\n<p>&nbsp;<\/p>","protected":false},"excerpt":{"rendered":"<p>Il consiglio provinciale sposa il documento del Comune di Borca sulla verifica della compatibilit\u00e0 tecnica e amministrativa dell&#8217;operazione Approvato anche il cofinanziamento di 250mila euro per Investi Scuola Borca di Cadore, 31 luglio 2023 &#8211; La Provincia di Belluno chiede alla cabina di regia delle Olimpiadi Milano Cortina 2026 di rivalutare la scelta sul villaggio [&hellip;]<\/p>\n","protected":false},"author":2,"featured_media":143197,"comment_status":"closed","ping_status":"open","sticky":false,"template":"","format":"standard","meta":{"footnotes":""},"categories":[5,3446,26],"tags":[],"class_list":["post-143196","post","type-post","status-publish","format-standard","has-post-thumbnail","category-cronaca","category-featured","category-prima-pagina"],"yoast_head":"<!-- This site is optimized with the Yoast SEO plugin v28.4 - https:\/\/yoast.com\/product\/yoast-seo-wordpress\/ -->\n<title>Ex colonia Eni per il villaggio olimpico. La Provincia chiede alla giunta regionale di rivalutare la scelta\u00a0 - Bellunopress - Dolomiti<\/title>\n<meta name=\"robots\" content=\"index, follow, max-snippet:-1, max-image-preview:large, max-video-preview:-1\" \/>\n<link rel=\"canonical\" href=\"https:\/\/www.bellunopress.it\/fr\/2023\/07\/31\/ex-colonia-eni-per-il-villaggio-olimpico-la-provincia-chiede-alla-giunta-regionale-di-rivalutare-la-scelta\/\" \/>\n<meta property=\"og:locale\" content=\"fr_FR\" \/>\n<meta property=\"og:type\" content=\"article\" \/>\n<meta property=\"og:title\" content=\"Ex colonia Eni per il villaggio olimpico. La Provincia chiede alla giunta regionale di rivalutare la scelta\u00a0 - Bellunopress - Dolomiti\" \/>\n<meta property=\"og:description\" content=\"Il consiglio provinciale sposa il documento del Comune di Borca sulla verifica della compatibilit\u00e0 tecnica e amministrativa dell&#8217;operazione Approvato anche il cofinanziamento di 250mila euro per Investi Scuola Borca di Cadore, 31 luglio 2023 &#8211; La Provincia di Belluno chiede alla cabina di regia delle Olimpiadi Milano Cortina 2026 di rivalutare la scelta sul villaggio [&hellip;]\" \/>\n<meta property=\"og:url\" content=\"https:\/\/www.bellunopress.it\/fr\/2023\/07\/31\/ex-colonia-eni-per-il-villaggio-olimpico-la-provincia-chiede-alla-giunta-regionale-di-rivalutare-la-scelta\/\" \/>\n<meta property=\"og:site_name\" content=\"Bellunopress - Dolomiti\" \/>\n<meta property=\"article:publisher\" content=\"https:\/\/www.facebook.com\/profile.php?id=100008943462799\" \/>\n<meta property=\"article:published_time\" content=\"2023-07-31T18:13:31+00:00\" \/>\n<meta property=\"og:image\" content=\"https:\/\/www.bellunopress.it\/wp-content\/uploads\/2023\/07\/consiglio-provinciale-31-luglio-edited.jpg\" \/>\n\t<meta property=\"og:image:width\" content=\"1000\" \/>\n\t<meta property=\"og:image:height\" content=\"750\" \/>\n\t<meta property=\"og:image:type\" content=\"image\/jpeg\" \/>\n<meta name=\"author\" content=\"redazione\" \/>\n<meta name=\"twitter:card\" content=\"summary_large_image\" \/>\n<meta name=\"twitter:creator\" content=\"@bellunopress\" \/>\n<meta name=\"twitter:site\" content=\"@bellunopress\" \/>\n<meta name=\"twitter:label1\" content=\"\u00c9crit par\" \/>\n\t<meta name=\"twitter:data1\" content=\"redazione\" \/>\n\t<meta name=\"twitter:label2\" content=\"Dur\u00e9e de lecture estim\u00e9e\" \/>\n\t<meta name=\"twitter:data2\" content=\"6 minutes\" \/>\n<script type=\"application\/ld+json\" class=\"yoast-schema-graph\">{\"@context\":\"https:\\\/\\\/schema.org\",\"@graph\":[{\"@type\":\"Article\",\"@id\":\"https:\\\/\\\/www.bellunopress.it\\\/2023\\\/07\\\/31\\\/ex-colonia-eni-per-il-villaggio-olimpico-la-provincia-chiede-alla-giunta-regionale-di-rivalutare-la-scelta\\\/#article\",\"isPartOf\":{\"@id\":\"https:\\\/\\\/www.bellunopress.it\\\/2023\\\/07\\\/31\\\/ex-colonia-eni-per-il-villaggio-olimpico-la-provincia-chiede-alla-giunta-regionale-di-rivalutare-la-scelta\\\/\"},\"author\":{\"name\":\"redazione\",\"@id\":\"https:\\\/\\\/www.bellunopress.it\\\/#\\\/schema\\\/person\\\/79bb06722b37ece1c03d3e94beb30d73\"},\"headline\":\"Ex colonia Eni per il villaggio olimpico. La Provincia chiede alla giunta regionale di rivalutare la scelta\u00a0\",\"datePublished\":\"2023-07-31T18:13:31+00:00\",\"mainEntityOfPage\":{\"@id\":\"https:\\\/\\\/www.bellunopress.it\\\/2023\\\/07\\\/31\\\/ex-colonia-eni-per-il-villaggio-olimpico-la-provincia-chiede-alla-giunta-regionale-di-rivalutare-la-scelta\\\/\"},\"wordCount\":963,\"publisher\":{\"@id\":\"https:\\\/\\\/www.bellunopress.it\\\/#organization\"},\"image\":{\"@id\":\"https:\\\/\\\/www.bellunopress.it\\\/2023\\\/07\\\/31\\\/ex-colonia-eni-per-il-villaggio-olimpico-la-provincia-chiede-alla-giunta-regionale-di-rivalutare-la-scelta\\\/#primaryimage\"},\"thumbnailUrl\":\"https:\\\/\\\/www.bellunopress.it\\\/wp-content\\\/uploads\\\/2023\\\/07\\\/consiglio-provinciale-31-luglio-edited.jpg\",\"articleSection\":[\"Cronaca\\\/Politica\",\"Featured\",\"Prima Pagina\"],\"inLanguage\":\"fr-FR\"},{\"@type\":\"WebPage\",\"@id\":\"https:\\\/\\\/www.bellunopress.it\\\/2023\\\/07\\\/31\\\/ex-colonia-eni-per-il-villaggio-olimpico-la-provincia-chiede-alla-giunta-regionale-di-rivalutare-la-scelta\\\/\",\"url\":\"https:\\\/\\\/www.bellunopress.it\\\/2023\\\/07\\\/31\\\/ex-colonia-eni-per-il-villaggio-olimpico-la-provincia-chiede-alla-giunta-regionale-di-rivalutare-la-scelta\\\/\",\"name\":\"Ex colonia Eni per il villaggio olimpico. La Provincia chiede alla giunta regionale di rivalutare la scelta\u00a0 - Bellunopress - Dolomiti\",\"isPartOf\":{\"@id\":\"https:\\\/\\\/www.bellunopress.it\\\/#website\"},\"primaryImageOfPage\":{\"@id\":\"https:\\\/\\\/www.bellunopress.it\\\/2023\\\/07\\\/31\\\/ex-colonia-eni-per-il-villaggio-olimpico-la-provincia-chiede-alla-giunta-regionale-di-rivalutare-la-scelta\\\/#primaryimage\"},\"image\":{\"@id\":\"https:\\\/\\\/www.bellunopress.it\\\/2023\\\/07\\\/31\\\/ex-colonia-eni-per-il-villaggio-olimpico-la-provincia-chiede-alla-giunta-regionale-di-rivalutare-la-scelta\\\/#primaryimage\"},\"thumbnailUrl\":\"https:\\\/\\\/www.bellunopress.it\\\/wp-content\\\/uploads\\\/2023\\\/07\\\/consiglio-provinciale-31-luglio-edited.jpg\",\"datePublished\":\"2023-07-31T18:13:31+00:00\",\"breadcrumb\":{\"@id\":\"https:\\\/\\\/www.bellunopress.it\\\/2023\\\/07\\\/31\\\/ex-colonia-eni-per-il-villaggio-olimpico-la-provincia-chiede-alla-giunta-regionale-di-rivalutare-la-scelta\\\/#breadcrumb\"},\"inLanguage\":\"fr-FR\",\"potentialAction\":[{\"@type\":\"ReadAction\",\"target\":[\"https:\\\/\\\/www.bellunopress.it\\\/2023\\\/07\\\/31\\\/ex-colonia-eni-per-il-villaggio-olimpico-la-provincia-chiede-alla-giunta-regionale-di-rivalutare-la-scelta\\\/\"]}]},{\"@type\":\"ImageObject\",\"inLanguage\":\"fr-FR\",\"@id\":\"https:\\\/\\\/www.bellunopress.it\\\/2023\\\/07\\\/31\\\/ex-colonia-eni-per-il-villaggio-olimpico-la-provincia-chiede-alla-giunta-regionale-di-rivalutare-la-scelta\\\/#primaryimage\",\"url\":\"https:\\\/\\\/www.bellunopress.it\\\/wp-content\\\/uploads\\\/2023\\\/07\\\/consiglio-provinciale-31-luglio-edited.jpg\",\"contentUrl\":\"https:\\\/\\\/www.bellunopress.it\\\/wp-content\\\/uploads\\\/2023\\\/07\\\/consiglio-provinciale-31-luglio-edited.jpg\",\"width\":1000,\"height\":750,\"caption\":\"Consiglio provinciale del 31 luglio 2023 a Borca di Cadore\"},{\"@type\":\"BreadcrumbList\",\"@id\":\"https:\\\/\\\/www.bellunopress.it\\\/2023\\\/07\\\/31\\\/ex-colonia-eni-per-il-villaggio-olimpico-la-provincia-chiede-alla-giunta-regionale-di-rivalutare-la-scelta\\\/#breadcrumb\",\"itemListElement\":[{\"@type\":\"ListItem\",\"position\":1,\"name\":\"Home\",\"item\":\"https:\\\/\\\/www.bellunopress.it\\\/\"},{\"@type\":\"ListItem\",\"position\":2,\"name\":\"Ex colonia Eni per il villaggio olimpico. La Provincia chiede alla giunta regionale di rivalutare la scelta\u00a0\"}]},{\"@type\":\"WebSite\",\"@id\":\"https:\\\/\\\/www.bellunopress.it\\\/#website\",\"url\":\"https:\\\/\\\/www.bellunopress.it\\\/\",\"name\":\"Bellunopress - Dolomiti\",\"description\":\"e-mail: redazione@bellunopress.it\",\"publisher\":{\"@id\":\"https:\\\/\\\/www.bellunopress.it\\\/#organization\"},\"potentialAction\":[{\"@type\":\"SearchAction\",\"target\":{\"@type\":\"EntryPoint\",\"urlTemplate\":\"https:\\\/\\\/www.bellunopress.it\\\/?s={search_term_string}\"},\"query-input\":{\"@type\":\"PropertyValueSpecification\",\"valueRequired\":true,\"valueName\":\"search_term_string\"}}],\"inLanguage\":\"fr-FR\"},{\"@type\":\"Organization\",\"@id\":\"https:\\\/\\\/www.bellunopress.it\\\/#organization\",\"name\":\"Bellunopress\",\"url\":\"https:\\\/\\\/www.bellunopress.it\\\/\",\"logo\":{\"@type\":\"ImageObject\",\"inLanguage\":\"fr-FR\",\"@id\":\"https:\\\/\\\/www.bellunopress.it\\\/#\\\/schema\\\/logo\\\/image\\\/\",\"url\":\"https:\\\/\\\/www.bellunopress.it\\\/wp-content\\\/uploads\\\/2011\\\/05\\\/cropped-logo-bellunopress-.jpg\",\"contentUrl\":\"https:\\\/\\\/www.bellunopress.it\\\/wp-content\\\/uploads\\\/2011\\\/05\\\/cropped-logo-bellunopress-.jpg\",\"width\":512,\"height\":512,\"caption\":\"Bellunopress\"},\"image\":{\"@id\":\"https:\\\/\\\/www.bellunopress.it\\\/#\\\/schema\\\/logo\\\/image\\\/\"},\"sameAs\":[\"https:\\\/\\\/www.facebook.com\\\/profile.php?id=100008943462799\",\"https:\\\/\\\/x.com\\\/bellunopress\",\"https:\\\/\\\/www.linkedin.com\\\/hp\\\/?dnr=JBzUWaJfMUw8vbXJJ2tVW5-I3jZKvC4wsoxE&amp;amp;amp;amp;amp;amp;trk=nav_responsive_tab_home\",\"https:\\\/\\\/www.youtube.com\\\/channel\\\/UCxL0wu1uN0_3_7hGG0306cw\"]},{\"@type\":\"Person\",\"@id\":\"https:\\\/\\\/www.bellunopress.it\\\/#\\\/schema\\\/person\\\/79bb06722b37ece1c03d3e94beb30d73\",\"name\":\"redazione\",\"image\":{\"@type\":\"ImageObject\",\"inLanguage\":\"fr-FR\",\"@id\":\"https:\\\/\\\/secure.gravatar.com\\\/avatar\\\/37d968a2e67a6fd04c169c4bdef102d0bc5d31b2546345219e348575eb80e9a0?s=96&d=mm&r=g\",\"url\":\"https:\\\/\\\/secure.gravatar.com\\\/avatar\\\/37d968a2e67a6fd04c169c4bdef102d0bc5d31b2546345219e348575eb80e9a0?s=96&d=mm&r=g\",\"contentUrl\":\"https:\\\/\\\/secure.gravatar.com\\\/avatar\\\/37d968a2e67a6fd04c169c4bdef102d0bc5d31b2546345219e348575eb80e9a0?s=96&d=mm&r=g\",\"caption\":\"redazione\"},\"sameAs\":[\"http:\\\/\\\/www.bellunopress.it\",\"https:\\\/\\\/x.com\\\/bellunopress\"],\"url\":\"https:\\\/\\\/www.bellunopress.it\\\/fr\\\/author\\\/redazione\\\/\"}]}<\/script>\n<!-- \/ Yoast SEO plugin. -->","yoast_head_json":{"title":"Ex colonia Eni per il villaggio olimpico. La Provincia chiede alla giunta regionale di rivalutare la scelta\u00a0 - Bellunopress - Dolomiti","robots":{"index":"index","follow":"follow","max-snippet":"max-snippet:-1","max-image-preview":"max-image-preview:large","max-video-preview":"max-video-preview:-1"},"canonical":"https:\/\/www.bellunopress.it\/fr\/2023\/07\/31\/ex-colonia-eni-per-il-villaggio-olimpico-la-provincia-chiede-alla-giunta-regionale-di-rivalutare-la-scelta\/","og_locale":"fr_FR","og_type":"article","og_title":"Ex colonia Eni per il villaggio olimpico. La Provincia chiede alla giunta regionale di rivalutare la scelta\u00a0 - Bellunopress - Dolomiti","og_description":"Il consiglio provinciale sposa il documento del Comune di Borca sulla verifica della compatibilit\u00e0 tecnica e amministrativa dell&#8217;operazione Approvato anche il cofinanziamento di 250mila euro per Investi Scuola Borca di Cadore, 31 luglio 2023 &#8211; La Provincia di Belluno chiede alla cabina di regia delle Olimpiadi Milano Cortina 2026 di rivalutare la scelta sul villaggio [&hellip;]","og_url":"https:\/\/www.bellunopress.it\/fr\/2023\/07\/31\/ex-colonia-eni-per-il-villaggio-olimpico-la-provincia-chiede-alla-giunta-regionale-di-rivalutare-la-scelta\/","og_site_name":"Bellunopress - Dolomiti","article_publisher":"https:\/\/www.facebook.com\/profile.php?id=100008943462799","article_published_time":"2023-07-31T18:13:31+00:00","og_image":[{"width":1000,"height":750,"url":"https:\/\/www.bellunopress.it\/wp-content\/uploads\/2023\/07\/consiglio-provinciale-31-luglio-edited.jpg","type":"image\/jpeg"}],"author":"redazione","twitter_card":"summary_large_image","twitter_creator":"@bellunopress","twitter_site":"@bellunopress","twitter_misc":{"\u00c9crit par":"redazione","Dur\u00e9e de lecture estim\u00e9e":"6 minutes"},"schema":{"@context":"https:\/\/schema.org","@graph":[{"@type":"Article","@id":"https:\/\/www.bellunopress.it\/2023\/07\/31\/ex-colonia-eni-per-il-villaggio-olimpico-la-provincia-chiede-alla-giunta-regionale-di-rivalutare-la-scelta\/#article","isPartOf":{"@id":"https:\/\/www.bellunopress.it\/2023\/07\/31\/ex-colonia-eni-per-il-villaggio-olimpico-la-provincia-chiede-alla-giunta-regionale-di-rivalutare-la-scelta\/"},"author":{"name":"redazione","@id":"https:\/\/www.bellunopress.it\/#\/schema\/person\/79bb06722b37ece1c03d3e94beb30d73"},"headline":"Ex colonia Eni per il villaggio olimpico. La Provincia chiede alla giunta regionale di rivalutare la scelta\u00a0","datePublished":"2023-07-31T18:13:31+00:00","mainEntityOfPage":{"@id":"https:\/\/www.bellunopress.it\/2023\/07\/31\/ex-colonia-eni-per-il-villaggio-olimpico-la-provincia-chiede-alla-giunta-regionale-di-rivalutare-la-scelta\/"},"wordCount":963,"publisher":{"@id":"https:\/\/www.bellunopress.it\/#organization"},"image":{"@id":"https:\/\/www.bellunopress.it\/2023\/07\/31\/ex-colonia-eni-per-il-villaggio-olimpico-la-provincia-chiede-alla-giunta-regionale-di-rivalutare-la-scelta\/#primaryimage"},"thumbnailUrl":"https:\/\/www.bellunopress.it\/wp-content\/uploads\/2023\/07\/consiglio-provinciale-31-luglio-edited.jpg","articleSection":["Cronaca\/Politica","Featured","Prima Pagina"],"inLanguage":"fr-FR"},{"@type":"WebPage","@id":"https:\/\/www.bellunopress.it\/2023\/07\/31\/ex-colonia-eni-per-il-villaggio-olimpico-la-provincia-chiede-alla-giunta-regionale-di-rivalutare-la-scelta\/","url":"https:\/\/www.bellunopress.it\/2023\/07\/31\/ex-colonia-eni-per-il-villaggio-olimpico-la-provincia-chiede-alla-giunta-regionale-di-rivalutare-la-scelta\/","name":"Ex colonia Eni per il villaggio olimpico. La Provincia chiede alla giunta regionale di rivalutare la scelta\u00a0 - Bellunopress - Dolomiti","isPartOf":{"@id":"https:\/\/www.bellunopress.it\/#website"},"primaryImageOfPage":{"@id":"https:\/\/www.bellunopress.it\/2023\/07\/31\/ex-colonia-eni-per-il-villaggio-olimpico-la-provincia-chiede-alla-giunta-regionale-di-rivalutare-la-scelta\/#primaryimage"},"image":{"@id":"https:\/\/www.bellunopress.it\/2023\/07\/31\/ex-colonia-eni-per-il-villaggio-olimpico-la-provincia-chiede-alla-giunta-regionale-di-rivalutare-la-scelta\/#primaryimage"},"thumbnailUrl":"https:\/\/www.bellunopress.it\/wp-content\/uploads\/2023\/07\/consiglio-provinciale-31-luglio-edited.jpg","datePublished":"2023-07-31T18:13:31+00:00","breadcrumb":{"@id":"https:\/\/www.bellunopress.it\/2023\/07\/31\/ex-colonia-eni-per-il-villaggio-olimpico-la-provincia-chiede-alla-giunta-regionale-di-rivalutare-la-scelta\/#breadcrumb"},"inLanguage":"fr-FR","potentialAction":[{"@type":"ReadAction","target":["https:\/\/www.bellunopress.it\/2023\/07\/31\/ex-colonia-eni-per-il-villaggio-olimpico-la-provincia-chiede-alla-giunta-regionale-di-rivalutare-la-scelta\/"]}]},{"@type":"ImageObject","inLanguage":"fr-FR","@id":"https:\/\/www.bellunopress.it\/2023\/07\/31\/ex-colonia-eni-per-il-villaggio-olimpico-la-provincia-chiede-alla-giunta-regionale-di-rivalutare-la-scelta\/#primaryimage","url":"https:\/\/www.bellunopress.it\/wp-content\/uploads\/2023\/07\/consiglio-provinciale-31-luglio-edited.jpg","contentUrl":"https:\/\/www.bellunopress.it\/wp-content\/uploads\/2023\/07\/consiglio-provinciale-31-luglio-edited.jpg","width":1000,"height":750,"caption":"Consiglio provinciale del 31 luglio 2023 a Borca di Cadore"},{"@type":"BreadcrumbList","@id":"https:\/\/www.bellunopress.it\/2023\/07\/31\/ex-colonia-eni-per-il-villaggio-olimpico-la-provincia-chiede-alla-giunta-regionale-di-rivalutare-la-scelta\/#breadcrumb","itemListElement":[{"@type":"ListItem","position":1,"name":"Home","item":"https:\/\/www.bellunopress.it\/"},{"@type":"ListItem","position":2,"name":"Ex colonia Eni per il villaggio olimpico. La Provincia chiede alla giunta regionale di rivalutare la scelta\u00a0"}]},{"@type":"WebSite","@id":"https:\/\/www.bellunopress.it\/#website","url":"https:\/\/www.bellunopress.it\/","name":"Bellunopress - Dolomiti","description":"e-mail: redazione@bellunopress.it","publisher":{"@id":"https:\/\/www.bellunopress.it\/#organization"},"potentialAction":[{"@type":"SearchAction","target":{"@type":"EntryPoint","urlTemplate":"https:\/\/www.bellunopress.it\/?s={search_term_string}"},"query-input":{"@type":"PropertyValueSpecification","valueRequired":true,"valueName":"search_term_string"}}],"inLanguage":"fr-FR"},{"@type":"Organization","@id":"https:\/\/www.bellunopress.it\/#organization","name":"Bellunopress","url":"https:\/\/www.bellunopress.it\/","logo":{"@type":"ImageObject","inLanguage":"fr-FR","@id":"https:\/\/www.bellunopress.it\/#\/schema\/logo\/image\/","url":"https:\/\/www.bellunopress.it\/wp-content\/uploads\/2011\/05\/cropped-logo-bellunopress-.jpg","contentUrl":"https:\/\/www.bellunopress.it\/wp-content\/uploads\/2011\/05\/cropped-logo-bellunopress-.jpg","width":512,"height":512,"caption":"Bellunopress"},"image":{"@id":"https:\/\/www.bellunopress.it\/#\/schema\/logo\/image\/"},"sameAs":["https:\/\/www.facebook.com\/profile.php?id=100008943462799","https:\/\/x.com\/bellunopress","https:\/\/www.linkedin.com\/hp\/?dnr=JBzUWaJfMUw8vbXJJ2tVW5-I3jZKvC4wsoxE&amp;amp;amp;amp;amp;amp;trk=nav_responsive_tab_home","https:\/\/www.youtube.com\/channel\/UCxL0wu1uN0_3_7hGG0306cw"]},{"@type":"Person","@id":"https:\/\/www.bellunopress.it\/#\/schema\/person\/79bb06722b37ece1c03d3e94beb30d73","name":"r\u00e9daction","image":{"@type":"ImageObject","inLanguage":"fr-FR","@id":"https:\/\/secure.gravatar.com\/avatar\/37d968a2e67a6fd04c169c4bdef102d0bc5d31b2546345219e348575eb80e9a0?s=96&d=mm&r=g","url":"https:\/\/secure.gravatar.com\/avatar\/37d968a2e67a6fd04c169c4bdef102d0bc5d31b2546345219e348575eb80e9a0?s=96&d=mm&r=g","contentUrl":"https:\/\/secure.gravatar.com\/avatar\/37d968a2e67a6fd04c169c4bdef102d0bc5d31b2546345219e348575eb80e9a0?s=96&d=mm&r=g","caption":"redazione"},"sameAs":["http:\/\/www.bellunopress.it","https:\/\/x.com\/bellunopress"],"url":"https:\/\/www.bellunopress.it\/fr\/author\/redazione\/"}]}},"_links":{"self":[{"href":"https:\/\/www.bellunopress.it\/fr\/wp-json\/wp\/v2\/posts\/143196","targetHints":{"allow":["GET"]}}],"collection":[{"href":"https:\/\/www.bellunopress.it\/fr\/wp-json\/wp\/v2\/posts"}],"about":[{"href":"https:\/\/www.bellunopress.it\/fr\/wp-json\/wp\/v2\/types\/post"}],"author":[{"embeddable":true,"href":"https:\/\/www.bellunopress.it\/fr\/wp-json\/wp\/v2\/users\/2"}],"replies":[{"embeddable":true,"href":"https:\/\/www.bellunopress.it\/fr\/wp-json\/wp\/v2\/comments?post=143196"}],"version-history":[{"count":1,"href":"https:\/\/www.bellunopress.it\/fr\/wp-json\/wp\/v2\/posts\/143196\/revisions"}],"predecessor-version":[{"id":143198,"href":"https:\/\/www.bellunopress.it\/fr\/wp-json\/wp\/v2\/posts\/143196\/revisions\/143198"}],"wp:featuredmedia":[{"embeddable":true,"href":"https:\/\/www.bellunopress.it\/fr\/wp-json\/wp\/v2\/media\/143197"}],"wp:attachment":[{"href":"https:\/\/www.bellunopress.it\/fr\/wp-json\/wp\/v2\/media?parent=143196"}],"wp:term":[{"taxonomy":"category","embeddable":true,"href":"https:\/\/www.bellunopress.it\/fr\/wp-json\/wp\/v2\/categories?post=143196"},{"taxonomy":"post_tag","embeddable":true,"href":"https:\/\/www.bellunopress.it\/fr\/wp-json\/wp\/v2\/tags?post=143196"}],"curies":[{"name":"wp","href":"https:\/\/api.w.org\/{rel}","templated":true}]}}