{"id":143137,"date":"2023-07-28T15:43:02","date_gmt":"2023-07-28T13:43:02","guid":{"rendered":"https:\/\/www.bellunopress.it\/?p=143137"},"modified":"2023-07-28T19:43:59","modified_gmt":"2023-07-28T17:43:59","slug":"luca-zaia-non-e-george-washington-il-primo-presidente-degli-stati-uniti-rinuncio-al-terzo-mandato-di-enzo-de-biasi","status":"publish","type":"post","link":"https:\/\/www.bellunopress.it\/fr\/2023\/07\/28\/luca-zaia-non-e-george-washington-il-primo-presidente-degli-stati-uniti-rinuncio-al-terzo-mandato-di-enzo-de-biasi\/","title":{"rendered":"Luca Zaia non \u00e8 George Washington, il primo presidente degli Usa che rinunci\u00f2 al 3\u00b0 mandato * di Enzo De Biasi"},"content":{"rendered":"<figure id=\"attachment_143138\" aria-describedby=\"caption-attachment-143138\" style=\"width: 667px\" class=\"wp-caption alignleft\"><img loading=\"lazy\" decoding=\"async\" class=\"size-full wp-image-143138\" src=\"https:\/\/www.bellunopress.it\/wp-content\/uploads\/2023\/07\/Museo_Gypsotheca_Possagno_Canova_George_Washington_edited.jpg\" alt=\"\" width=\"667\" height=\"1000\" srcset=\"https:\/\/www.bellunopress.it\/wp-content\/uploads\/2023\/07\/Museo_Gypsotheca_Possagno_Canova_George_Washington_edited.jpg 667w, https:\/\/www.bellunopress.it\/wp-content\/uploads\/2023\/07\/Museo_Gypsotheca_Possagno_Canova_George_Washington_edited-334x500.jpg 334w, https:\/\/www.bellunopress.it\/wp-content\/uploads\/2023\/07\/Museo_Gypsotheca_Possagno_Canova_George_Washington_edited-280x420.jpg 280w\" sizes=\"auto, (max-width: 667px) 100vw, 667px\" \/><figcaption id=\"caption-attachment-143138\" class=\"wp-caption-text\">George Washington, di Canova &#8211; Museo Gipsoteca di Possagno<\/figcaption><\/figure>\n<p>Il Governatore \u00e8 gi\u00e0 in rampa di lancio, Giorgia Meloni permettendo, per la quarta volta alla guida del Veneto.<\/p>\n<p>Val la pena spostarsi di pochi chilometri dalle Colline del Prosecco, amatissime dal nostro governatore, per visitare a Possagno una ricca raccolta di opere di un altro grande veneto [Antonio Canova]. Vi si trova in particolare &#8211; frizzante di attualit\u00e0 &#8211; un gesso della statua in memoria di George Washington commissionatagli dal parlamento del North Carolina. Il primo presidente americano \u00e8 raffigurato in veste di centurione romano; deposti ai suoi piedi il bastone di comando e la spada, egli sta seduto, accinto a scrivere su una tavoletta con lo stilo. L&#8217;opera \u00e8 dedicata alla Grande Nazione degli Stati Uniti di America di cui Canova ne esaltava due secoli orsono il sistema laico e costituzionale.<\/p>\n<p>Washington \u00e8 qui rappresentato giusto nell&#8217;atto di scrivere la sua rinuncia al terzo mandato da presidente degli U.S.A., sostenendo che era pericoloso accentrare il potere per troppo tempo nelle mani di un solo uomo. Chapeau!<\/p>\n<p>&nbsp;<\/p>\n<figure id=\"attachment_143140\" aria-describedby=\"caption-attachment-143140\" style=\"width: 342px\" class=\"wp-caption alignleft\"><img loading=\"lazy\" decoding=\"async\" class=\"size-full wp-image-143140\" src=\"https:\/\/www.bellunopress.it\/wp-content\/uploads\/2023\/07\/GeorgeWashington.jpg\" alt=\"\" width=\"342\" height=\"389\" \/><figcaption id=\"caption-attachment-143140\" class=\"wp-caption-text\">George Washington, primo presidente degli Usa<\/figcaption><\/figure>\n<figure id=\"attachment_107382\" aria-describedby=\"caption-attachment-107382\" style=\"width: 241px\" class=\"wp-caption alignleft\"><img loading=\"lazy\" decoding=\"async\" class=\"size-full wp-image-107382\" src=\"https:\/\/www.bellunopress.it\/wp-content\/uploads\/2019\/08\/Luca-Zaia.jpg\" alt=\"\" width=\"241\" height=\"300\" \/><figcaption id=\"caption-attachment-107382\" class=\"wp-caption-text\">Luca Zaia, presidente della Regione del Veneto<\/figcaption><\/figure>\n<p>Tutt\u2019altro stile e sostanza rispetto a Luca Zaia, gi\u00e0 al terzo incarico consecutivo da Presidente del Veneto. La \u201cfurbata\u201d che ha permesso al doge del prosecco di superare il limite dei due mandati successivi, stabiliti dalla legge nazionale promulgata nel 2004 con il nr. 165, \u00e8 stato quello di averla recepita &#8211; officiante il Consiglio Regionale &#8211; solamente nel 2012 (l.r. nr.5 art.27 comma2). Di conseguenza, il primo mandato 2010\/2015 non \u00e8 mai esistito, i due mandati sono quelli del quinquennio 2015\/2020, a seguire quello attuale.<\/p>\n<p>Viene alla memoria cosa disse Maurizio Paniz difendendo Silvio Berlusconi in Parlamento, \u201cesistono due verit\u00e0, quella processuale e quella fattuale\u201d. Anche qui ci sono due verit\u00e0: quella votata a Palazzo Ferro-Fini e quella reale constatata dai cittadini.<br \/>\nMa come nei migliori talk-show, c\u2019\u00e8 sempre un\u2019altra puntata.<br \/>\nFonti autorevoli e sincere, Il mattino di Padova nell\u2019edizione del primo febbraio anno corrente, narra di un incontro convivale del governatore con i suoi amici leghisti. Argomento principale? La possibilit\u00e0 di essere candidato per un terzo mandato &#8211; in realt\u00e0 il quarto &#8211; grazie all\u2019impegno di Roberto Calderoli Ministro leghista degli Affari Regionali, di modificare la norma previgente. La proposta dovrebbe marciare, di pari passo, assieme al DDL sull\u2019Autonomia Rafforzata.<\/p>\n<p>Se cos\u00ec sar\u00e0 Zaia avr\u00e0 governato il Veneto per vent\u2019anni anni, due anni di meno del regime fascista; anche se in questo caso la differenza non \u00e8 di poco conto. A volere tale situazione sono stati i cittadini veneti che &#8211; democraticamente e a larga maggioranza &#8211;\u00a0 gli hanno sempre confermato la loro fiducia e presumibilmente gliela ri-confermeranno anche per la quarta volta.<\/p>\n<p>E l\u2019opposizione? In sonno dal 1995, felici ed appagati di essere in costante decrescita: 1995, 32.3%, 5 punti percentuali di meno rispetto al candidato del Cds, 2020 15,7%, pi\u00f9 di 5 volte di meno rispetto a Luca Zaia, 76,8%. Segni di risveglio all\u2019orizzonte per il 2025\/2030, pochissimi. Come di consuetudine nell\u2019ultimo anno utile, il 2024 e qualche mese dell\u2019anno successivo, Pd e soci minori, saranno impegnati nel costruire il \u201ccampo largo\u201d, evitando che non diventi un \u201ccampo santo\u201d, come gi\u00e0 accaduto in Molise a maggio di quest\u2019anno.<\/p>\n<p>L\u2019unico vero ostacolo che pu\u00f2 frapporsi alla ripresentazione all\u2019elettorato di Luca Zaia \u00e8 Giorgia Meloni, che, se FdI avr\u00e0 un buon risultato in Veneto alle europee, potr\u00e0 proporre\/imporre un suo (una sua) candidato\/a Presidente, con tanti saluti all\u2019attuale inquilino di Palazzo Balbi. In effetti, la Presidente del Consiglio difficilmente vorr\u00e0 rinunciare o al Veneto o alla Lombardia, lasciando ancora alla Lega la rappresentanza politica delle aree forti del Nord.<\/p>\n<p><strong>28 luglio 2023 &#8211; Enzo De Biasi<\/strong><\/p>\n","protected":false},"excerpt":{"rendered":"<p>Il Governatore \u00e8 gi\u00e0 in rampa di lancio, Giorgia Meloni permettendo, per la quarta volta alla guida del Veneto. Val la pena spostarsi di pochi chilometri dalle Colline del Prosecco, amatissime dal nostro governatore, per visitare a Possagno una ricca raccolta di opere di un altro grande veneto [Antonio Canova]. Vi si trova in particolare [&hellip;]<\/p>\n","protected":false},"author":2,"featured_media":143138,"comment_status":"closed","ping_status":"open","sticky":false,"template":"","format":"standard","meta":{"footnotes":""},"categories":[5,3446,26],"tags":[],"class_list":["post-143137","post","type-post","status-publish","format-standard","has-post-thumbnail","category-cronaca","category-featured","category-prima-pagina"],"yoast_head":"<!-- This site is optimized with the Yoast SEO plugin v28.4 - https:\/\/yoast.com\/product\/yoast-seo-wordpress\/ -->\n<title>Luca Zaia non \u00e8 George Washington, il primo presidente degli Usa che rinunci\u00f2 al 3\u00b0 mandato * di Enzo De Biasi - Bellunopress - Dolomiti<\/title>\n<meta name=\"robots\" content=\"index, follow, max-snippet:-1, max-image-preview:large, max-video-preview:-1\" \/>\n<link rel=\"canonical\" href=\"https:\/\/www.bellunopress.it\/fr\/2023\/07\/28\/luca-zaia-non-e-george-washington-il-primo-presidente-degli-stati-uniti-rinuncio-al-terzo-mandato-di-enzo-de-biasi\/\" \/>\n<meta property=\"og:locale\" content=\"fr_FR\" \/>\n<meta property=\"og:type\" content=\"article\" \/>\n<meta property=\"og:title\" content=\"Luca Zaia non \u00e8 George Washington, il primo presidente degli Usa che rinunci\u00f2 al 3\u00b0 mandato * di Enzo De Biasi - Bellunopress - Dolomiti\" \/>\n<meta property=\"og:description\" content=\"Il Governatore \u00e8 gi\u00e0 in rampa di lancio, Giorgia Meloni permettendo, per la quarta volta alla guida del Veneto. Val la pena spostarsi di pochi chilometri dalle Colline del Prosecco, amatissime dal nostro governatore, per visitare a Possagno una ricca raccolta di opere di un altro grande veneto [Antonio Canova]. Vi si trova in particolare [&hellip;]\" \/>\n<meta property=\"og:url\" content=\"https:\/\/www.bellunopress.it\/fr\/2023\/07\/28\/luca-zaia-non-e-george-washington-il-primo-presidente-degli-stati-uniti-rinuncio-al-terzo-mandato-di-enzo-de-biasi\/\" \/>\n<meta property=\"og:site_name\" content=\"Bellunopress - Dolomiti\" \/>\n<meta property=\"article:publisher\" content=\"https:\/\/www.facebook.com\/profile.php?id=100008943462799\" \/>\n<meta property=\"article:published_time\" content=\"2023-07-28T13:43:02+00:00\" \/>\n<meta property=\"article:modified_time\" content=\"2023-07-28T17:43:59+00:00\" \/>\n<meta property=\"og:image\" content=\"https:\/\/www.bellunopress.it\/wp-content\/uploads\/2023\/07\/Museo_Gypsotheca_Possagno_Canova_George_Washington_edited.jpg\" \/>\n\t<meta property=\"og:image:width\" content=\"667\" \/>\n\t<meta property=\"og:image:height\" content=\"1000\" \/>\n\t<meta property=\"og:image:type\" content=\"image\/jpeg\" \/>\n<meta name=\"author\" content=\"redazione\" \/>\n<meta name=\"twitter:card\" content=\"summary_large_image\" \/>\n<meta name=\"twitter:creator\" content=\"@bellunopress\" \/>\n<meta name=\"twitter:site\" content=\"@bellunopress\" \/>\n<meta name=\"twitter:label1\" content=\"\u00c9crit par\" \/>\n\t<meta name=\"twitter:data1\" content=\"redazione\" \/>\n\t<meta name=\"twitter:label2\" content=\"Dur\u00e9e de lecture estim\u00e9e\" \/>\n\t<meta name=\"twitter:data2\" content=\"4 minutes\" \/>\n<script type=\"application\/ld+json\" class=\"yoast-schema-graph\">{\"@context\":\"https:\\\/\\\/schema.org\",\"@graph\":[{\"@type\":\"Article\",\"@id\":\"https:\\\/\\\/www.bellunopress.it\\\/2023\\\/07\\\/28\\\/luca-zaia-non-e-george-washington-il-primo-presidente-degli-stati-uniti-rinuncio-al-terzo-mandato-di-enzo-de-biasi\\\/#article\",\"isPartOf\":{\"@id\":\"https:\\\/\\\/www.bellunopress.it\\\/2023\\\/07\\\/28\\\/luca-zaia-non-e-george-washington-il-primo-presidente-degli-stati-uniti-rinuncio-al-terzo-mandato-di-enzo-de-biasi\\\/\"},\"author\":{\"name\":\"redazione\",\"@id\":\"https:\\\/\\\/www.bellunopress.it\\\/#\\\/schema\\\/person\\\/79bb06722b37ece1c03d3e94beb30d73\"},\"headline\":\"Luca Zaia non \u00e8 George Washington, il primo presidente degli Usa che rinunci\u00f2 al 3\u00b0 mandato * di Enzo De Biasi\",\"datePublished\":\"2023-07-28T13:43:02+00:00\",\"dateModified\":\"2023-07-28T17:43:59+00:00\",\"mainEntityOfPage\":{\"@id\":\"https:\\\/\\\/www.bellunopress.it\\\/2023\\\/07\\\/28\\\/luca-zaia-non-e-george-washington-il-primo-presidente-degli-stati-uniti-rinuncio-al-terzo-mandato-di-enzo-de-biasi\\\/\"},\"wordCount\":654,\"publisher\":{\"@id\":\"https:\\\/\\\/www.bellunopress.it\\\/#organization\"},\"image\":{\"@id\":\"https:\\\/\\\/www.bellunopress.it\\\/2023\\\/07\\\/28\\\/luca-zaia-non-e-george-washington-il-primo-presidente-degli-stati-uniti-rinuncio-al-terzo-mandato-di-enzo-de-biasi\\\/#primaryimage\"},\"thumbnailUrl\":\"https:\\\/\\\/www.bellunopress.it\\\/wp-content\\\/uploads\\\/2023\\\/07\\\/Museo_Gypsotheca_Possagno_Canova_George_Washington_edited.jpg\",\"articleSection\":[\"Cronaca\\\/Politica\",\"Featured\",\"Prima Pagina\"],\"inLanguage\":\"fr-FR\"},{\"@type\":\"WebPage\",\"@id\":\"https:\\\/\\\/www.bellunopress.it\\\/2023\\\/07\\\/28\\\/luca-zaia-non-e-george-washington-il-primo-presidente-degli-stati-uniti-rinuncio-al-terzo-mandato-di-enzo-de-biasi\\\/\",\"url\":\"https:\\\/\\\/www.bellunopress.it\\\/2023\\\/07\\\/28\\\/luca-zaia-non-e-george-washington-il-primo-presidente-degli-stati-uniti-rinuncio-al-terzo-mandato-di-enzo-de-biasi\\\/\",\"name\":\"Luca Zaia non \u00e8 George Washington, il primo presidente degli Usa che rinunci\u00f2 al 3\u00b0 mandato * di Enzo De Biasi - Bellunopress - Dolomiti\",\"isPartOf\":{\"@id\":\"https:\\\/\\\/www.bellunopress.it\\\/#website\"},\"primaryImageOfPage\":{\"@id\":\"https:\\\/\\\/www.bellunopress.it\\\/2023\\\/07\\\/28\\\/luca-zaia-non-e-george-washington-il-primo-presidente-degli-stati-uniti-rinuncio-al-terzo-mandato-di-enzo-de-biasi\\\/#primaryimage\"},\"image\":{\"@id\":\"https:\\\/\\\/www.bellunopress.it\\\/2023\\\/07\\\/28\\\/luca-zaia-non-e-george-washington-il-primo-presidente-degli-stati-uniti-rinuncio-al-terzo-mandato-di-enzo-de-biasi\\\/#primaryimage\"},\"thumbnailUrl\":\"https:\\\/\\\/www.bellunopress.it\\\/wp-content\\\/uploads\\\/2023\\\/07\\\/Museo_Gypsotheca_Possagno_Canova_George_Washington_edited.jpg\",\"datePublished\":\"2023-07-28T13:43:02+00:00\",\"dateModified\":\"2023-07-28T17:43:59+00:00\",\"breadcrumb\":{\"@id\":\"https:\\\/\\\/www.bellunopress.it\\\/2023\\\/07\\\/28\\\/luca-zaia-non-e-george-washington-il-primo-presidente-degli-stati-uniti-rinuncio-al-terzo-mandato-di-enzo-de-biasi\\\/#breadcrumb\"},\"inLanguage\":\"fr-FR\",\"potentialAction\":[{\"@type\":\"ReadAction\",\"target\":[\"https:\\\/\\\/www.bellunopress.it\\\/2023\\\/07\\\/28\\\/luca-zaia-non-e-george-washington-il-primo-presidente-degli-stati-uniti-rinuncio-al-terzo-mandato-di-enzo-de-biasi\\\/\"]}]},{\"@type\":\"ImageObject\",\"inLanguage\":\"fr-FR\",\"@id\":\"https:\\\/\\\/www.bellunopress.it\\\/2023\\\/07\\\/28\\\/luca-zaia-non-e-george-washington-il-primo-presidente-degli-stati-uniti-rinuncio-al-terzo-mandato-di-enzo-de-biasi\\\/#primaryimage\",\"url\":\"https:\\\/\\\/www.bellunopress.it\\\/wp-content\\\/uploads\\\/2023\\\/07\\\/Museo_Gypsotheca_Possagno_Canova_George_Washington_edited.jpg\",\"contentUrl\":\"https:\\\/\\\/www.bellunopress.it\\\/wp-content\\\/uploads\\\/2023\\\/07\\\/Museo_Gypsotheca_Possagno_Canova_George_Washington_edited.jpg\",\"width\":667,\"height\":1000,\"caption\":\"George Washington, di Canova - Museo Gipsoteca di Possagno\"},{\"@type\":\"BreadcrumbList\",\"@id\":\"https:\\\/\\\/www.bellunopress.it\\\/2023\\\/07\\\/28\\\/luca-zaia-non-e-george-washington-il-primo-presidente-degli-stati-uniti-rinuncio-al-terzo-mandato-di-enzo-de-biasi\\\/#breadcrumb\",\"itemListElement\":[{\"@type\":\"ListItem\",\"position\":1,\"name\":\"Home\",\"item\":\"https:\\\/\\\/www.bellunopress.it\\\/\"},{\"@type\":\"ListItem\",\"position\":2,\"name\":\"Luca Zaia non \u00e8 George Washington, il primo presidente degli Usa che rinunci\u00f2 al 3\u00b0 mandato * di Enzo De Biasi\"}]},{\"@type\":\"WebSite\",\"@id\":\"https:\\\/\\\/www.bellunopress.it\\\/#website\",\"url\":\"https:\\\/\\\/www.bellunopress.it\\\/\",\"name\":\"Bellunopress - Dolomiti\",\"description\":\"e-mail: redazione@bellunopress.it\",\"publisher\":{\"@id\":\"https:\\\/\\\/www.bellunopress.it\\\/#organization\"},\"potentialAction\":[{\"@type\":\"SearchAction\",\"target\":{\"@type\":\"EntryPoint\",\"urlTemplate\":\"https:\\\/\\\/www.bellunopress.it\\\/?s={search_term_string}\"},\"query-input\":{\"@type\":\"PropertyValueSpecification\",\"valueRequired\":true,\"valueName\":\"search_term_string\"}}],\"inLanguage\":\"fr-FR\"},{\"@type\":\"Organization\",\"@id\":\"https:\\\/\\\/www.bellunopress.it\\\/#organization\",\"name\":\"Bellunopress\",\"url\":\"https:\\\/\\\/www.bellunopress.it\\\/\",\"logo\":{\"@type\":\"ImageObject\",\"inLanguage\":\"fr-FR\",\"@id\":\"https:\\\/\\\/www.bellunopress.it\\\/#\\\/schema\\\/logo\\\/image\\\/\",\"url\":\"https:\\\/\\\/www.bellunopress.it\\\/wp-content\\\/uploads\\\/2011\\\/05\\\/cropped-logo-bellunopress-.jpg\",\"contentUrl\":\"https:\\\/\\\/www.bellunopress.it\\\/wp-content\\\/uploads\\\/2011\\\/05\\\/cropped-logo-bellunopress-.jpg\",\"width\":512,\"height\":512,\"caption\":\"Bellunopress\"},\"image\":{\"@id\":\"https:\\\/\\\/www.bellunopress.it\\\/#\\\/schema\\\/logo\\\/image\\\/\"},\"sameAs\":[\"https:\\\/\\\/www.facebook.com\\\/profile.php?id=100008943462799\",\"https:\\\/\\\/x.com\\\/bellunopress\",\"https:\\\/\\\/www.linkedin.com\\\/hp\\\/?dnr=JBzUWaJfMUw8vbXJJ2tVW5-I3jZKvC4wsoxE&amp;amp;amp;amp;amp;amp;trk=nav_responsive_tab_home\",\"https:\\\/\\\/www.youtube.com\\\/channel\\\/UCxL0wu1uN0_3_7hGG0306cw\"]},{\"@type\":\"Person\",\"@id\":\"https:\\\/\\\/www.bellunopress.it\\\/#\\\/schema\\\/person\\\/79bb06722b37ece1c03d3e94beb30d73\",\"name\":\"redazione\",\"image\":{\"@type\":\"ImageObject\",\"inLanguage\":\"fr-FR\",\"@id\":\"https:\\\/\\\/secure.gravatar.com\\\/avatar\\\/37d968a2e67a6fd04c169c4bdef102d0bc5d31b2546345219e348575eb80e9a0?s=96&d=mm&r=g\",\"url\":\"https:\\\/\\\/secure.gravatar.com\\\/avatar\\\/37d968a2e67a6fd04c169c4bdef102d0bc5d31b2546345219e348575eb80e9a0?s=96&d=mm&r=g\",\"contentUrl\":\"https:\\\/\\\/secure.gravatar.com\\\/avatar\\\/37d968a2e67a6fd04c169c4bdef102d0bc5d31b2546345219e348575eb80e9a0?s=96&d=mm&r=g\",\"caption\":\"redazione\"},\"sameAs\":[\"http:\\\/\\\/www.bellunopress.it\",\"https:\\\/\\\/x.com\\\/bellunopress\"],\"url\":\"https:\\\/\\\/www.bellunopress.it\\\/fr\\\/author\\\/redazione\\\/\"}]}<\/script>\n<!-- \/ Yoast SEO plugin. -->","yoast_head_json":{"title":"Luca Zaia non \u00e8 George Washington, il primo presidente degli Usa che rinunci\u00f2 al 3\u00b0 mandato * di Enzo De Biasi - Bellunopress - Dolomiti","robots":{"index":"index","follow":"follow","max-snippet":"max-snippet:-1","max-image-preview":"max-image-preview:large","max-video-preview":"max-video-preview:-1"},"canonical":"https:\/\/www.bellunopress.it\/fr\/2023\/07\/28\/luca-zaia-non-e-george-washington-il-primo-presidente-degli-stati-uniti-rinuncio-al-terzo-mandato-di-enzo-de-biasi\/","og_locale":"fr_FR","og_type":"article","og_title":"Luca Zaia non \u00e8 George Washington, il primo presidente degli Usa che rinunci\u00f2 al 3\u00b0 mandato * di Enzo De Biasi - Bellunopress - Dolomiti","og_description":"Il Governatore \u00e8 gi\u00e0 in rampa di lancio, Giorgia Meloni permettendo, per la quarta volta alla guida del Veneto. Val la pena spostarsi di pochi chilometri dalle Colline del Prosecco, amatissime dal nostro governatore, per visitare a Possagno una ricca raccolta di opere di un altro grande veneto [Antonio Canova]. Vi si trova in particolare [&hellip;]","og_url":"https:\/\/www.bellunopress.it\/fr\/2023\/07\/28\/luca-zaia-non-e-george-washington-il-primo-presidente-degli-stati-uniti-rinuncio-al-terzo-mandato-di-enzo-de-biasi\/","og_site_name":"Bellunopress - Dolomiti","article_publisher":"https:\/\/www.facebook.com\/profile.php?id=100008943462799","article_published_time":"2023-07-28T13:43:02+00:00","article_modified_time":"2023-07-28T17:43:59+00:00","og_image":[{"width":667,"height":1000,"url":"https:\/\/www.bellunopress.it\/wp-content\/uploads\/2023\/07\/Museo_Gypsotheca_Possagno_Canova_George_Washington_edited.jpg","type":"image\/jpeg"}],"author":"redazione","twitter_card":"summary_large_image","twitter_creator":"@bellunopress","twitter_site":"@bellunopress","twitter_misc":{"\u00c9crit par":"redazione","Dur\u00e9e de lecture estim\u00e9e":"4 minutes"},"schema":{"@context":"https:\/\/schema.org","@graph":[{"@type":"Article","@id":"https:\/\/www.bellunopress.it\/2023\/07\/28\/luca-zaia-non-e-george-washington-il-primo-presidente-degli-stati-uniti-rinuncio-al-terzo-mandato-di-enzo-de-biasi\/#article","isPartOf":{"@id":"https:\/\/www.bellunopress.it\/2023\/07\/28\/luca-zaia-non-e-george-washington-il-primo-presidente-degli-stati-uniti-rinuncio-al-terzo-mandato-di-enzo-de-biasi\/"},"author":{"name":"redazione","@id":"https:\/\/www.bellunopress.it\/#\/schema\/person\/79bb06722b37ece1c03d3e94beb30d73"},"headline":"Luca Zaia non \u00e8 George Washington, il primo presidente degli Usa che rinunci\u00f2 al 3\u00b0 mandato * di Enzo De Biasi","datePublished":"2023-07-28T13:43:02+00:00","dateModified":"2023-07-28T17:43:59+00:00","mainEntityOfPage":{"@id":"https:\/\/www.bellunopress.it\/2023\/07\/28\/luca-zaia-non-e-george-washington-il-primo-presidente-degli-stati-uniti-rinuncio-al-terzo-mandato-di-enzo-de-biasi\/"},"wordCount":654,"publisher":{"@id":"https:\/\/www.bellunopress.it\/#organization"},"image":{"@id":"https:\/\/www.bellunopress.it\/2023\/07\/28\/luca-zaia-non-e-george-washington-il-primo-presidente-degli-stati-uniti-rinuncio-al-terzo-mandato-di-enzo-de-biasi\/#primaryimage"},"thumbnailUrl":"https:\/\/www.bellunopress.it\/wp-content\/uploads\/2023\/07\/Museo_Gypsotheca_Possagno_Canova_George_Washington_edited.jpg","articleSection":["Cronaca\/Politica","Featured","Prima Pagina"],"inLanguage":"fr-FR"},{"@type":"WebPage","@id":"https:\/\/www.bellunopress.it\/2023\/07\/28\/luca-zaia-non-e-george-washington-il-primo-presidente-degli-stati-uniti-rinuncio-al-terzo-mandato-di-enzo-de-biasi\/","url":"https:\/\/www.bellunopress.it\/2023\/07\/28\/luca-zaia-non-e-george-washington-il-primo-presidente-degli-stati-uniti-rinuncio-al-terzo-mandato-di-enzo-de-biasi\/","name":"Luca Zaia non \u00e8 George Washington, il primo presidente degli Usa che rinunci\u00f2 al 3\u00b0 mandato * di Enzo De Biasi - Bellunopress - Dolomiti","isPartOf":{"@id":"https:\/\/www.bellunopress.it\/#website"},"primaryImageOfPage":{"@id":"https:\/\/www.bellunopress.it\/2023\/07\/28\/luca-zaia-non-e-george-washington-il-primo-presidente-degli-stati-uniti-rinuncio-al-terzo-mandato-di-enzo-de-biasi\/#primaryimage"},"image":{"@id":"https:\/\/www.bellunopress.it\/2023\/07\/28\/luca-zaia-non-e-george-washington-il-primo-presidente-degli-stati-uniti-rinuncio-al-terzo-mandato-di-enzo-de-biasi\/#primaryimage"},"thumbnailUrl":"https:\/\/www.bellunopress.it\/wp-content\/uploads\/2023\/07\/Museo_Gypsotheca_Possagno_Canova_George_Washington_edited.jpg","datePublished":"2023-07-28T13:43:02+00:00","dateModified":"2023-07-28T17:43:59+00:00","breadcrumb":{"@id":"https:\/\/www.bellunopress.it\/2023\/07\/28\/luca-zaia-non-e-george-washington-il-primo-presidente-degli-stati-uniti-rinuncio-al-terzo-mandato-di-enzo-de-biasi\/#breadcrumb"},"inLanguage":"fr-FR","potentialAction":[{"@type":"ReadAction","target":["https:\/\/www.bellunopress.it\/2023\/07\/28\/luca-zaia-non-e-george-washington-il-primo-presidente-degli-stati-uniti-rinuncio-al-terzo-mandato-di-enzo-de-biasi\/"]}]},{"@type":"ImageObject","inLanguage":"fr-FR","@id":"https:\/\/www.bellunopress.it\/2023\/07\/28\/luca-zaia-non-e-george-washington-il-primo-presidente-degli-stati-uniti-rinuncio-al-terzo-mandato-di-enzo-de-biasi\/#primaryimage","url":"https:\/\/www.bellunopress.it\/wp-content\/uploads\/2023\/07\/Museo_Gypsotheca_Possagno_Canova_George_Washington_edited.jpg","contentUrl":"https:\/\/www.bellunopress.it\/wp-content\/uploads\/2023\/07\/Museo_Gypsotheca_Possagno_Canova_George_Washington_edited.jpg","width":667,"height":1000,"caption":"George Washington, di Canova - Museo Gipsoteca di Possagno"},{"@type":"BreadcrumbList","@id":"https:\/\/www.bellunopress.it\/2023\/07\/28\/luca-zaia-non-e-george-washington-il-primo-presidente-degli-stati-uniti-rinuncio-al-terzo-mandato-di-enzo-de-biasi\/#breadcrumb","itemListElement":[{"@type":"ListItem","position":1,"name":"Home","item":"https:\/\/www.bellunopress.it\/"},{"@type":"ListItem","position":2,"name":"Luca Zaia non \u00e8 George Washington, il primo presidente degli Usa che rinunci\u00f2 al 3\u00b0 mandato * di Enzo De Biasi"}]},{"@type":"WebSite","@id":"https:\/\/www.bellunopress.it\/#website","url":"https:\/\/www.bellunopress.it\/","name":"Bellunopress - Dolomiti","description":"e-mail: redazione@bellunopress.it","publisher":{"@id":"https:\/\/www.bellunopress.it\/#organization"},"potentialAction":[{"@type":"SearchAction","target":{"@type":"EntryPoint","urlTemplate":"https:\/\/www.bellunopress.it\/?s={search_term_string}"},"query-input":{"@type":"PropertyValueSpecification","valueRequired":true,"valueName":"search_term_string"}}],"inLanguage":"fr-FR"},{"@type":"Organization","@id":"https:\/\/www.bellunopress.it\/#organization","name":"Bellunopress","url":"https:\/\/www.bellunopress.it\/","logo":{"@type":"ImageObject","inLanguage":"fr-FR","@id":"https:\/\/www.bellunopress.it\/#\/schema\/logo\/image\/","url":"https:\/\/www.bellunopress.it\/wp-content\/uploads\/2011\/05\/cropped-logo-bellunopress-.jpg","contentUrl":"https:\/\/www.bellunopress.it\/wp-content\/uploads\/2011\/05\/cropped-logo-bellunopress-.jpg","width":512,"height":512,"caption":"Bellunopress"},"image":{"@id":"https:\/\/www.bellunopress.it\/#\/schema\/logo\/image\/"},"sameAs":["https:\/\/www.facebook.com\/profile.php?id=100008943462799","https:\/\/x.com\/bellunopress","https:\/\/www.linkedin.com\/hp\/?dnr=JBzUWaJfMUw8vbXJJ2tVW5-I3jZKvC4wsoxE&amp;amp;amp;amp;amp;amp;trk=nav_responsive_tab_home","https:\/\/www.youtube.com\/channel\/UCxL0wu1uN0_3_7hGG0306cw"]},{"@type":"Person","@id":"https:\/\/www.bellunopress.it\/#\/schema\/person\/79bb06722b37ece1c03d3e94beb30d73","name":"r\u00e9daction","image":{"@type":"ImageObject","inLanguage":"fr-FR","@id":"https:\/\/secure.gravatar.com\/avatar\/37d968a2e67a6fd04c169c4bdef102d0bc5d31b2546345219e348575eb80e9a0?s=96&d=mm&r=g","url":"https:\/\/secure.gravatar.com\/avatar\/37d968a2e67a6fd04c169c4bdef102d0bc5d31b2546345219e348575eb80e9a0?s=96&d=mm&r=g","contentUrl":"https:\/\/secure.gravatar.com\/avatar\/37d968a2e67a6fd04c169c4bdef102d0bc5d31b2546345219e348575eb80e9a0?s=96&d=mm&r=g","caption":"redazione"},"sameAs":["http:\/\/www.bellunopress.it","https:\/\/x.com\/bellunopress"],"url":"https:\/\/www.bellunopress.it\/fr\/author\/redazione\/"}]}},"_links":{"self":[{"href":"https:\/\/www.bellunopress.it\/fr\/wp-json\/wp\/v2\/posts\/143137","targetHints":{"allow":["GET"]}}],"collection":[{"href":"https:\/\/www.bellunopress.it\/fr\/wp-json\/wp\/v2\/posts"}],"about":[{"href":"https:\/\/www.bellunopress.it\/fr\/wp-json\/wp\/v2\/types\/post"}],"author":[{"embeddable":true,"href":"https:\/\/www.bellunopress.it\/fr\/wp-json\/wp\/v2\/users\/2"}],"replies":[{"embeddable":true,"href":"https:\/\/www.bellunopress.it\/fr\/wp-json\/wp\/v2\/comments?post=143137"}],"version-history":[{"count":5,"href":"https:\/\/www.bellunopress.it\/fr\/wp-json\/wp\/v2\/posts\/143137\/revisions"}],"predecessor-version":[{"id":143145,"href":"https:\/\/www.bellunopress.it\/fr\/wp-json\/wp\/v2\/posts\/143137\/revisions\/143145"}],"wp:featuredmedia":[{"embeddable":true,"href":"https:\/\/www.bellunopress.it\/fr\/wp-json\/wp\/v2\/media\/143138"}],"wp:attachment":[{"href":"https:\/\/www.bellunopress.it\/fr\/wp-json\/wp\/v2\/media?parent=143137"}],"wp:term":[{"taxonomy":"category","embeddable":true,"href":"https:\/\/www.bellunopress.it\/fr\/wp-json\/wp\/v2\/categories?post=143137"},{"taxonomy":"post_tag","embeddable":true,"href":"https:\/\/www.bellunopress.it\/fr\/wp-json\/wp\/v2\/tags?post=143137"}],"curies":[{"name":"wp","href":"https:\/\/api.w.org\/{rel}","templated":true}]}}