{"id":143101,"date":"2023-07-27T10:43:18","date_gmt":"2023-07-27T08:43:18","guid":{"rendered":"https:\/\/www.bellunopress.it\/?p=143101"},"modified":"2023-07-27T10:43:18","modified_gmt":"2023-07-27T08:43:18","slug":"no-alla-diga-del-vanoi-movimento-bard-pronti-alla-battaglia-insieme-ai-sindaci-e-al-trentino","status":"publish","type":"post","link":"https:\/\/www.bellunopress.it\/fr\/2023\/07\/27\/no-alla-diga-del-vanoi-movimento-bard-pronti-alla-battaglia-insieme-ai-sindaci-e-al-trentino\/","title":{"rendered":"No alla diga del Vanoi. Movimento Bard: &#8220;Pronti alla battaglia insieme ai sindaci e al Trentino&#8221;"},"content":{"rendered":"<p><img loading=\"lazy\" decoding=\"async\" class=\"alignleft  wp-image-129832\" src=\"https:\/\/www.bellunopress.it\/wp-content\/uploads\/2021\/12\/Bard_edited.jpg\" alt=\"\" width=\"401\" height=\"310\" srcset=\"https:\/\/www.bellunopress.it\/wp-content\/uploads\/2021\/12\/Bard_edited.jpg 615w, https:\/\/www.bellunopress.it\/wp-content\/uploads\/2021\/12\/Bard_edited-500x387.jpg 500w, https:\/\/www.bellunopress.it\/wp-content\/uploads\/2021\/12\/Bard_edited-543x420.jpg 543w\" sizes=\"auto, (max-width: 401px) 100vw, 401px\" \/>\u00abInvece che decidere per le altre comunit\u00e0, si investa su migliori impianti di<br \/>\nirrigazione. L&#8217;acqua \u00e8 un bene prezioso e la pianura non pu\u00f2 pensare di<br \/>\ndisporne come vuole, imponendo la propria volont\u00e0 agli altri territori\u00bb!<\/p>\n<p>E&#8217; secco il \u201cno\u201d del Movimento BARD &#8211; Belluno Autonoma Regione Dolomiti all&#8217;idea di<br \/>\nrealizzazione di una diga sul torrente Vanoi, tra Trentino e Bellunese.<br \/>\n\u00abGi\u00e0 dovrebbe essere un segnale d&#8217;allarme preoccupante il fatto che si siano comuni del Padovano e del Vicentino che approvano ordini del giorno a favore della realizzazione senza che nel dibattito siano stati coinvolti i comuni realmente toccati dal progetto; &#8211; continuano dal movimento \u2013 se poi ci aggiungiamo che gran parte dell&#8217;invaso interesserebbe la Provincia Autonoma di Trento, siamo al \u201cparoni a casa loro\u201d\u00bb.<\/p>\n<p>La posizione del BARD \u00e8 chiara: \u00abPerch\u00e9 realizzare ancora opere impattanti sul<br \/>\nterritorio, un territorio che tra l&#8217;altro tra invasi e centraline sta pagando un costo<br \/>\nidrico altissimo senza ottenere nulla in cambio, quando invece la strada \u00e8 quella<br \/>\ndi andare verso un&#8217;agricoltura pi\u00f9 sostenibile anche dal punto di vista della<br \/>\nproduzione? Investire in nuove forme di irrigazione, ammodernando quei sistemi<br \/>\nche oggi invece vedono disperdere gran parte della risorsa idrica utilizzata:<br \/>\nquesta deve essere la strada; l&#8217;acqua serve anche alla montagna che non deve<br \/>\ncontinuare ad essere considerata un semplice \u201cbacino\u201d &#8211; che sia idrico o turistico<br \/>\npoco cambia \u2013 ad esclusivo godimento della pianura. Non va poi dimenticato<br \/>\nl&#8217;impatto ambientale di una simile opera, alta 120 metri per 33 milioni di metri<br \/>\ncubi d&#8217;acqua\u00bb.<\/p>\n<p>\u00abBene fanno i sindaci di Sovramonte e Lamon a far sentire in maniera chiara la<br \/>\nloro contrariet\u00e0; &#8211; concludono dal movimento \u2013 saremo al loro fianco in questa<br \/>\nbattaglia, e gi\u00e0 nei prossimi giorni ci confronteremo con le forze politiche trentine<br \/>\ne del Primiero per unire le forze contro un progetto calato dall&#8217;alto contro ogni<br \/>\ninteresse e volere delle comunit\u00e0\u00bb.<\/p>","protected":false},"excerpt":{"rendered":"<p>\u00abInvece che decidere per le altre comunit\u00e0, si investa su migliori impianti di irrigazione. L&#8217;acqua \u00e8 un bene prezioso e la pianura non pu\u00f2 pensare di disporne come vuole, imponendo la propria volont\u00e0 agli altri territori\u00bb! E&#8217; secco il \u201cno\u201d del Movimento BARD &#8211; Belluno Autonoma Regione Dolomiti all&#8217;idea di realizzazione di una diga sul [&hellip;]<\/p>\n","protected":false},"author":2,"featured_media":129832,"comment_status":"closed","ping_status":"open","sticky":false,"template":"","format":"standard","meta":{"footnotes":""},"categories":[38,26,8],"tags":[],"class_list":["post-143101","post","type-post","status-publish","format-standard","has-post-thumbnail","category-natura-ambiente","category-prima-pagina","category-societa-istituzioni"],"yoast_head":"<!-- This site is optimized with the Yoast SEO plugin v28.4 - https:\/\/yoast.com\/product\/yoast-seo-wordpress\/ -->\n<title>No alla diga del Vanoi. Movimento Bard: &quot;Pronti alla battaglia insieme ai sindaci e al Trentino&quot; - Bellunopress - Dolomiti<\/title>\n<meta name=\"robots\" content=\"index, follow, max-snippet:-1, max-image-preview:large, max-video-preview:-1\" \/>\n<link rel=\"canonical\" href=\"https:\/\/www.bellunopress.it\/fr\/2023\/07\/27\/no-alla-diga-del-vanoi-movimento-bard-pronti-alla-battaglia-insieme-ai-sindaci-e-al-trentino\/\" \/>\n<meta property=\"og:locale\" content=\"fr_FR\" \/>\n<meta property=\"og:type\" content=\"article\" \/>\n<meta property=\"og:title\" content=\"No alla diga del Vanoi. Movimento Bard: &quot;Pronti alla battaglia insieme ai sindaci e al Trentino&quot; - Bellunopress - Dolomiti\" \/>\n<meta property=\"og:description\" content=\"\u00abInvece che decidere per le altre comunit\u00e0, si investa su migliori impianti di irrigazione. L&#8217;acqua \u00e8 un bene prezioso e la pianura non pu\u00f2 pensare di disporne come vuole, imponendo la propria volont\u00e0 agli altri territori\u00bb! E&#8217; secco il \u201cno\u201d del Movimento BARD &#8211; Belluno Autonoma Regione Dolomiti all&#8217;idea di realizzazione di una diga sul [&hellip;]\" \/>\n<meta property=\"og:url\" content=\"https:\/\/www.bellunopress.it\/fr\/2023\/07\/27\/no-alla-diga-del-vanoi-movimento-bard-pronti-alla-battaglia-insieme-ai-sindaci-e-al-trentino\/\" \/>\n<meta property=\"og:site_name\" content=\"Bellunopress - Dolomiti\" \/>\n<meta property=\"article:publisher\" content=\"https:\/\/www.facebook.com\/profile.php?id=100008943462799\" \/>\n<meta property=\"article:published_time\" content=\"2023-07-27T08:43:18+00:00\" \/>\n<meta property=\"og:image\" content=\"https:\/\/www.bellunopress.it\/wp-content\/uploads\/2021\/12\/Bard_edited.jpg\" \/>\n\t<meta property=\"og:image:width\" content=\"615\" \/>\n\t<meta property=\"og:image:height\" content=\"476\" \/>\n\t<meta property=\"og:image:type\" content=\"image\/jpeg\" \/>\n<meta name=\"author\" content=\"redazione\" \/>\n<meta name=\"twitter:card\" content=\"summary_large_image\" \/>\n<meta name=\"twitter:creator\" content=\"@bellunopress\" \/>\n<meta name=\"twitter:site\" content=\"@bellunopress\" \/>\n<meta name=\"twitter:label1\" content=\"\u00c9crit par\" \/>\n\t<meta name=\"twitter:data1\" content=\"redazione\" \/>\n\t<meta name=\"twitter:label2\" content=\"Dur\u00e9e de lecture estim\u00e9e\" \/>\n\t<meta name=\"twitter:data2\" content=\"2 minutes\" \/>\n<script type=\"application\/ld+json\" class=\"yoast-schema-graph\">{\"@context\":\"https:\\\/\\\/schema.org\",\"@graph\":[{\"@type\":\"Article\",\"@id\":\"https:\\\/\\\/www.bellunopress.it\\\/2023\\\/07\\\/27\\\/no-alla-diga-del-vanoi-movimento-bard-pronti-alla-battaglia-insieme-ai-sindaci-e-al-trentino\\\/#article\",\"isPartOf\":{\"@id\":\"https:\\\/\\\/www.bellunopress.it\\\/2023\\\/07\\\/27\\\/no-alla-diga-del-vanoi-movimento-bard-pronti-alla-battaglia-insieme-ai-sindaci-e-al-trentino\\\/\"},\"author\":{\"name\":\"redazione\",\"@id\":\"https:\\\/\\\/www.bellunopress.it\\\/#\\\/schema\\\/person\\\/79bb06722b37ece1c03d3e94beb30d73\"},\"headline\":\"No alla diga del Vanoi. Movimento Bard: &#8220;Pronti alla battaglia insieme ai sindaci e al Trentino&#8221;\",\"datePublished\":\"2023-07-27T08:43:18+00:00\",\"mainEntityOfPage\":{\"@id\":\"https:\\\/\\\/www.bellunopress.it\\\/2023\\\/07\\\/27\\\/no-alla-diga-del-vanoi-movimento-bard-pronti-alla-battaglia-insieme-ai-sindaci-e-al-trentino\\\/\"},\"wordCount\":330,\"publisher\":{\"@id\":\"https:\\\/\\\/www.bellunopress.it\\\/#organization\"},\"image\":{\"@id\":\"https:\\\/\\\/www.bellunopress.it\\\/2023\\\/07\\\/27\\\/no-alla-diga-del-vanoi-movimento-bard-pronti-alla-battaglia-insieme-ai-sindaci-e-al-trentino\\\/#primaryimage\"},\"thumbnailUrl\":\"https:\\\/\\\/www.bellunopress.it\\\/wp-content\\\/uploads\\\/2021\\\/12\\\/Bard_edited.jpg\",\"articleSection\":[\"Meteo, natura, ambiente, animali\",\"Prima Pagina\",\"Societ\u00e0, Associazioni, Istituzioni\"],\"inLanguage\":\"fr-FR\"},{\"@type\":\"WebPage\",\"@id\":\"https:\\\/\\\/www.bellunopress.it\\\/2023\\\/07\\\/27\\\/no-alla-diga-del-vanoi-movimento-bard-pronti-alla-battaglia-insieme-ai-sindaci-e-al-trentino\\\/\",\"url\":\"https:\\\/\\\/www.bellunopress.it\\\/2023\\\/07\\\/27\\\/no-alla-diga-del-vanoi-movimento-bard-pronti-alla-battaglia-insieme-ai-sindaci-e-al-trentino\\\/\",\"name\":\"No alla diga del Vanoi. Movimento Bard: \\\"Pronti alla battaglia insieme ai sindaci e al Trentino\\\" - Bellunopress - Dolomiti\",\"isPartOf\":{\"@id\":\"https:\\\/\\\/www.bellunopress.it\\\/#website\"},\"primaryImageOfPage\":{\"@id\":\"https:\\\/\\\/www.bellunopress.it\\\/2023\\\/07\\\/27\\\/no-alla-diga-del-vanoi-movimento-bard-pronti-alla-battaglia-insieme-ai-sindaci-e-al-trentino\\\/#primaryimage\"},\"image\":{\"@id\":\"https:\\\/\\\/www.bellunopress.it\\\/2023\\\/07\\\/27\\\/no-alla-diga-del-vanoi-movimento-bard-pronti-alla-battaglia-insieme-ai-sindaci-e-al-trentino\\\/#primaryimage\"},\"thumbnailUrl\":\"https:\\\/\\\/www.bellunopress.it\\\/wp-content\\\/uploads\\\/2021\\\/12\\\/Bard_edited.jpg\",\"datePublished\":\"2023-07-27T08:43:18+00:00\",\"breadcrumb\":{\"@id\":\"https:\\\/\\\/www.bellunopress.it\\\/2023\\\/07\\\/27\\\/no-alla-diga-del-vanoi-movimento-bard-pronti-alla-battaglia-insieme-ai-sindaci-e-al-trentino\\\/#breadcrumb\"},\"inLanguage\":\"fr-FR\",\"potentialAction\":[{\"@type\":\"ReadAction\",\"target\":[\"https:\\\/\\\/www.bellunopress.it\\\/2023\\\/07\\\/27\\\/no-alla-diga-del-vanoi-movimento-bard-pronti-alla-battaglia-insieme-ai-sindaci-e-al-trentino\\\/\"]}]},{\"@type\":\"ImageObject\",\"inLanguage\":\"fr-FR\",\"@id\":\"https:\\\/\\\/www.bellunopress.it\\\/2023\\\/07\\\/27\\\/no-alla-diga-del-vanoi-movimento-bard-pronti-alla-battaglia-insieme-ai-sindaci-e-al-trentino\\\/#primaryimage\",\"url\":\"https:\\\/\\\/www.bellunopress.it\\\/wp-content\\\/uploads\\\/2021\\\/12\\\/Bard_edited.jpg\",\"contentUrl\":\"https:\\\/\\\/www.bellunopress.it\\\/wp-content\\\/uploads\\\/2021\\\/12\\\/Bard_edited.jpg\",\"width\":615,\"height\":476},{\"@type\":\"BreadcrumbList\",\"@id\":\"https:\\\/\\\/www.bellunopress.it\\\/2023\\\/07\\\/27\\\/no-alla-diga-del-vanoi-movimento-bard-pronti-alla-battaglia-insieme-ai-sindaci-e-al-trentino\\\/#breadcrumb\",\"itemListElement\":[{\"@type\":\"ListItem\",\"position\":1,\"name\":\"Home\",\"item\":\"https:\\\/\\\/www.bellunopress.it\\\/\"},{\"@type\":\"ListItem\",\"position\":2,\"name\":\"No alla diga del Vanoi. Movimento Bard: &#8220;Pronti alla battaglia insieme ai sindaci e al Trentino&#8221;\"}]},{\"@type\":\"WebSite\",\"@id\":\"https:\\\/\\\/www.bellunopress.it\\\/#website\",\"url\":\"https:\\\/\\\/www.bellunopress.it\\\/\",\"name\":\"Bellunopress - Dolomiti\",\"description\":\"e-mail: redazione@bellunopress.it\",\"publisher\":{\"@id\":\"https:\\\/\\\/www.bellunopress.it\\\/#organization\"},\"potentialAction\":[{\"@type\":\"SearchAction\",\"target\":{\"@type\":\"EntryPoint\",\"urlTemplate\":\"https:\\\/\\\/www.bellunopress.it\\\/?s={search_term_string}\"},\"query-input\":{\"@type\":\"PropertyValueSpecification\",\"valueRequired\":true,\"valueName\":\"search_term_string\"}}],\"inLanguage\":\"fr-FR\"},{\"@type\":\"Organization\",\"@id\":\"https:\\\/\\\/www.bellunopress.it\\\/#organization\",\"name\":\"Bellunopress\",\"url\":\"https:\\\/\\\/www.bellunopress.it\\\/\",\"logo\":{\"@type\":\"ImageObject\",\"inLanguage\":\"fr-FR\",\"@id\":\"https:\\\/\\\/www.bellunopress.it\\\/#\\\/schema\\\/logo\\\/image\\\/\",\"url\":\"https:\\\/\\\/www.bellunopress.it\\\/wp-content\\\/uploads\\\/2011\\\/05\\\/cropped-logo-bellunopress-.jpg\",\"contentUrl\":\"https:\\\/\\\/www.bellunopress.it\\\/wp-content\\\/uploads\\\/2011\\\/05\\\/cropped-logo-bellunopress-.jpg\",\"width\":512,\"height\":512,\"caption\":\"Bellunopress\"},\"image\":{\"@id\":\"https:\\\/\\\/www.bellunopress.it\\\/#\\\/schema\\\/logo\\\/image\\\/\"},\"sameAs\":[\"https:\\\/\\\/www.facebook.com\\\/profile.php?id=100008943462799\",\"https:\\\/\\\/x.com\\\/bellunopress\",\"https:\\\/\\\/www.linkedin.com\\\/hp\\\/?dnr=JBzUWaJfMUw8vbXJJ2tVW5-I3jZKvC4wsoxE&amp;amp;amp;amp;amp;amp;trk=nav_responsive_tab_home\",\"https:\\\/\\\/www.youtube.com\\\/channel\\\/UCxL0wu1uN0_3_7hGG0306cw\"]},{\"@type\":\"Person\",\"@id\":\"https:\\\/\\\/www.bellunopress.it\\\/#\\\/schema\\\/person\\\/79bb06722b37ece1c03d3e94beb30d73\",\"name\":\"redazione\",\"image\":{\"@type\":\"ImageObject\",\"inLanguage\":\"fr-FR\",\"@id\":\"https:\\\/\\\/secure.gravatar.com\\\/avatar\\\/37d968a2e67a6fd04c169c4bdef102d0bc5d31b2546345219e348575eb80e9a0?s=96&d=mm&r=g\",\"url\":\"https:\\\/\\\/secure.gravatar.com\\\/avatar\\\/37d968a2e67a6fd04c169c4bdef102d0bc5d31b2546345219e348575eb80e9a0?s=96&d=mm&r=g\",\"contentUrl\":\"https:\\\/\\\/secure.gravatar.com\\\/avatar\\\/37d968a2e67a6fd04c169c4bdef102d0bc5d31b2546345219e348575eb80e9a0?s=96&d=mm&r=g\",\"caption\":\"redazione\"},\"sameAs\":[\"http:\\\/\\\/www.bellunopress.it\",\"https:\\\/\\\/x.com\\\/bellunopress\"],\"url\":\"https:\\\/\\\/www.bellunopress.it\\\/fr\\\/author\\\/redazione\\\/\"}]}<\/script>\n<!-- \/ Yoast SEO plugin. -->","yoast_head_json":{"title":"No alla diga del Vanoi. Movimento Bard: \"Pronti alla battaglia insieme ai sindaci e al Trentino\" - Bellunopress - Dolomiti","robots":{"index":"index","follow":"follow","max-snippet":"max-snippet:-1","max-image-preview":"max-image-preview:large","max-video-preview":"max-video-preview:-1"},"canonical":"https:\/\/www.bellunopress.it\/fr\/2023\/07\/27\/no-alla-diga-del-vanoi-movimento-bard-pronti-alla-battaglia-insieme-ai-sindaci-e-al-trentino\/","og_locale":"fr_FR","og_type":"article","og_title":"No alla diga del Vanoi. Movimento Bard: \"Pronti alla battaglia insieme ai sindaci e al Trentino\" - Bellunopress - Dolomiti","og_description":"\u00abInvece che decidere per le altre comunit\u00e0, si investa su migliori impianti di irrigazione. L&#8217;acqua \u00e8 un bene prezioso e la pianura non pu\u00f2 pensare di disporne come vuole, imponendo la propria volont\u00e0 agli altri territori\u00bb! E&#8217; secco il \u201cno\u201d del Movimento BARD &#8211; Belluno Autonoma Regione Dolomiti all&#8217;idea di realizzazione di una diga sul [&hellip;]","og_url":"https:\/\/www.bellunopress.it\/fr\/2023\/07\/27\/no-alla-diga-del-vanoi-movimento-bard-pronti-alla-battaglia-insieme-ai-sindaci-e-al-trentino\/","og_site_name":"Bellunopress - Dolomiti","article_publisher":"https:\/\/www.facebook.com\/profile.php?id=100008943462799","article_published_time":"2023-07-27T08:43:18+00:00","og_image":[{"width":615,"height":476,"url":"https:\/\/www.bellunopress.it\/wp-content\/uploads\/2021\/12\/Bard_edited.jpg","type":"image\/jpeg"}],"author":"redazione","twitter_card":"summary_large_image","twitter_creator":"@bellunopress","twitter_site":"@bellunopress","twitter_misc":{"\u00c9crit par":"redazione","Dur\u00e9e de lecture estim\u00e9e":"2 minutes"},"schema":{"@context":"https:\/\/schema.org","@graph":[{"@type":"Article","@id":"https:\/\/www.bellunopress.it\/2023\/07\/27\/no-alla-diga-del-vanoi-movimento-bard-pronti-alla-battaglia-insieme-ai-sindaci-e-al-trentino\/#article","isPartOf":{"@id":"https:\/\/www.bellunopress.it\/2023\/07\/27\/no-alla-diga-del-vanoi-movimento-bard-pronti-alla-battaglia-insieme-ai-sindaci-e-al-trentino\/"},"author":{"name":"redazione","@id":"https:\/\/www.bellunopress.it\/#\/schema\/person\/79bb06722b37ece1c03d3e94beb30d73"},"headline":"No alla diga del Vanoi. Movimento Bard: &#8220;Pronti alla battaglia insieme ai sindaci e al Trentino&#8221;","datePublished":"2023-07-27T08:43:18+00:00","mainEntityOfPage":{"@id":"https:\/\/www.bellunopress.it\/2023\/07\/27\/no-alla-diga-del-vanoi-movimento-bard-pronti-alla-battaglia-insieme-ai-sindaci-e-al-trentino\/"},"wordCount":330,"publisher":{"@id":"https:\/\/www.bellunopress.it\/#organization"},"image":{"@id":"https:\/\/www.bellunopress.it\/2023\/07\/27\/no-alla-diga-del-vanoi-movimento-bard-pronti-alla-battaglia-insieme-ai-sindaci-e-al-trentino\/#primaryimage"},"thumbnailUrl":"https:\/\/www.bellunopress.it\/wp-content\/uploads\/2021\/12\/Bard_edited.jpg","articleSection":["Meteo, natura, ambiente, animali","Prima Pagina","Societ\u00e0, Associazioni, Istituzioni"],"inLanguage":"fr-FR"},{"@type":"WebPage","@id":"https:\/\/www.bellunopress.it\/2023\/07\/27\/no-alla-diga-del-vanoi-movimento-bard-pronti-alla-battaglia-insieme-ai-sindaci-e-al-trentino\/","url":"https:\/\/www.bellunopress.it\/2023\/07\/27\/no-alla-diga-del-vanoi-movimento-bard-pronti-alla-battaglia-insieme-ai-sindaci-e-al-trentino\/","name":"No alla diga del Vanoi. Movimento Bard: \"Pronti alla battaglia insieme ai sindaci e al Trentino\" - Bellunopress - Dolomiti","isPartOf":{"@id":"https:\/\/www.bellunopress.it\/#website"},"primaryImageOfPage":{"@id":"https:\/\/www.bellunopress.it\/2023\/07\/27\/no-alla-diga-del-vanoi-movimento-bard-pronti-alla-battaglia-insieme-ai-sindaci-e-al-trentino\/#primaryimage"},"image":{"@id":"https:\/\/www.bellunopress.it\/2023\/07\/27\/no-alla-diga-del-vanoi-movimento-bard-pronti-alla-battaglia-insieme-ai-sindaci-e-al-trentino\/#primaryimage"},"thumbnailUrl":"https:\/\/www.bellunopress.it\/wp-content\/uploads\/2021\/12\/Bard_edited.jpg","datePublished":"2023-07-27T08:43:18+00:00","breadcrumb":{"@id":"https:\/\/www.bellunopress.it\/2023\/07\/27\/no-alla-diga-del-vanoi-movimento-bard-pronti-alla-battaglia-insieme-ai-sindaci-e-al-trentino\/#breadcrumb"},"inLanguage":"fr-FR","potentialAction":[{"@type":"ReadAction","target":["https:\/\/www.bellunopress.it\/2023\/07\/27\/no-alla-diga-del-vanoi-movimento-bard-pronti-alla-battaglia-insieme-ai-sindaci-e-al-trentino\/"]}]},{"@type":"ImageObject","inLanguage":"fr-FR","@id":"https:\/\/www.bellunopress.it\/2023\/07\/27\/no-alla-diga-del-vanoi-movimento-bard-pronti-alla-battaglia-insieme-ai-sindaci-e-al-trentino\/#primaryimage","url":"https:\/\/www.bellunopress.it\/wp-content\/uploads\/2021\/12\/Bard_edited.jpg","contentUrl":"https:\/\/www.bellunopress.it\/wp-content\/uploads\/2021\/12\/Bard_edited.jpg","width":615,"height":476},{"@type":"BreadcrumbList","@id":"https:\/\/www.bellunopress.it\/2023\/07\/27\/no-alla-diga-del-vanoi-movimento-bard-pronti-alla-battaglia-insieme-ai-sindaci-e-al-trentino\/#breadcrumb","itemListElement":[{"@type":"ListItem","position":1,"name":"Home","item":"https:\/\/www.bellunopress.it\/"},{"@type":"ListItem","position":2,"name":"No alla diga del Vanoi. Movimento Bard: &#8220;Pronti alla battaglia insieme ai sindaci e al Trentino&#8221;"}]},{"@type":"WebSite","@id":"https:\/\/www.bellunopress.it\/#website","url":"https:\/\/www.bellunopress.it\/","name":"Bellunopress - Dolomiti","description":"e-mail: redazione@bellunopress.it","publisher":{"@id":"https:\/\/www.bellunopress.it\/#organization"},"potentialAction":[{"@type":"SearchAction","target":{"@type":"EntryPoint","urlTemplate":"https:\/\/www.bellunopress.it\/?s={search_term_string}"},"query-input":{"@type":"PropertyValueSpecification","valueRequired":true,"valueName":"search_term_string"}}],"inLanguage":"fr-FR"},{"@type":"Organization","@id":"https:\/\/www.bellunopress.it\/#organization","name":"Bellunopress","url":"https:\/\/www.bellunopress.it\/","logo":{"@type":"ImageObject","inLanguage":"fr-FR","@id":"https:\/\/www.bellunopress.it\/#\/schema\/logo\/image\/","url":"https:\/\/www.bellunopress.it\/wp-content\/uploads\/2011\/05\/cropped-logo-bellunopress-.jpg","contentUrl":"https:\/\/www.bellunopress.it\/wp-content\/uploads\/2011\/05\/cropped-logo-bellunopress-.jpg","width":512,"height":512,"caption":"Bellunopress"},"image":{"@id":"https:\/\/www.bellunopress.it\/#\/schema\/logo\/image\/"},"sameAs":["https:\/\/www.facebook.com\/profile.php?id=100008943462799","https:\/\/x.com\/bellunopress","https:\/\/www.linkedin.com\/hp\/?dnr=JBzUWaJfMUw8vbXJJ2tVW5-I3jZKvC4wsoxE&amp;amp;amp;amp;amp;amp;trk=nav_responsive_tab_home","https:\/\/www.youtube.com\/channel\/UCxL0wu1uN0_3_7hGG0306cw"]},{"@type":"Person","@id":"https:\/\/www.bellunopress.it\/#\/schema\/person\/79bb06722b37ece1c03d3e94beb30d73","name":"r\u00e9daction","image":{"@type":"ImageObject","inLanguage":"fr-FR","@id":"https:\/\/secure.gravatar.com\/avatar\/37d968a2e67a6fd04c169c4bdef102d0bc5d31b2546345219e348575eb80e9a0?s=96&d=mm&r=g","url":"https:\/\/secure.gravatar.com\/avatar\/37d968a2e67a6fd04c169c4bdef102d0bc5d31b2546345219e348575eb80e9a0?s=96&d=mm&r=g","contentUrl":"https:\/\/secure.gravatar.com\/avatar\/37d968a2e67a6fd04c169c4bdef102d0bc5d31b2546345219e348575eb80e9a0?s=96&d=mm&r=g","caption":"redazione"},"sameAs":["http:\/\/www.bellunopress.it","https:\/\/x.com\/bellunopress"],"url":"https:\/\/www.bellunopress.it\/fr\/author\/redazione\/"}]}},"_links":{"self":[{"href":"https:\/\/www.bellunopress.it\/fr\/wp-json\/wp\/v2\/posts\/143101","targetHints":{"allow":["GET"]}}],"collection":[{"href":"https:\/\/www.bellunopress.it\/fr\/wp-json\/wp\/v2\/posts"}],"about":[{"href":"https:\/\/www.bellunopress.it\/fr\/wp-json\/wp\/v2\/types\/post"}],"author":[{"embeddable":true,"href":"https:\/\/www.bellunopress.it\/fr\/wp-json\/wp\/v2\/users\/2"}],"replies":[{"embeddable":true,"href":"https:\/\/www.bellunopress.it\/fr\/wp-json\/wp\/v2\/comments?post=143101"}],"version-history":[{"count":1,"href":"https:\/\/www.bellunopress.it\/fr\/wp-json\/wp\/v2\/posts\/143101\/revisions"}],"predecessor-version":[{"id":143102,"href":"https:\/\/www.bellunopress.it\/fr\/wp-json\/wp\/v2\/posts\/143101\/revisions\/143102"}],"wp:featuredmedia":[{"embeddable":true,"href":"https:\/\/www.bellunopress.it\/fr\/wp-json\/wp\/v2\/media\/129832"}],"wp:attachment":[{"href":"https:\/\/www.bellunopress.it\/fr\/wp-json\/wp\/v2\/media?parent=143101"}],"wp:term":[{"taxonomy":"category","embeddable":true,"href":"https:\/\/www.bellunopress.it\/fr\/wp-json\/wp\/v2\/categories?post=143101"},{"taxonomy":"post_tag","embeddable":true,"href":"https:\/\/www.bellunopress.it\/fr\/wp-json\/wp\/v2\/tags?post=143101"}],"curies":[{"name":"wp","href":"https:\/\/api.w.org\/{rel}","templated":true}]}}