{"id":143064,"date":"2023-07-25T09:39:40","date_gmt":"2023-07-25T07:39:40","guid":{"rendered":"https:\/\/www.bellunopress.it\/?p=143064"},"modified":"2023-07-25T13:43:15","modified_gmt":"2023-07-25T11:43:15","slug":"biennale-di-venezia-80ma-mostra-internazionale-darte-cinematografica-dal-30-agosto-allhotel-excelsior-venice-lido-resort","status":"publish","type":"post","link":"https:\/\/www.bellunopress.it\/fr\/2023\/07\/25\/biennale-di-venezia-80ma-mostra-internazionale-darte-cinematografica-dal-30-agosto-allhotel-excelsior-venice-lido-resort\/","title":{"rendered":"Biennale di Venezia, 80ma Mostra internazionale d&#8217;arte cinematografica. Dal 30 agosto all&#8217;Hotel Excelsior Venice Lido Resort"},"content":{"rendered":"<p><img loading=\"lazy\" decoding=\"async\" class=\"alignleft size-full wp-image-132749\" src=\"https:\/\/www.bellunopress.it\/wp-content\/uploads\/2022\/04\/Hotel-Excelsior-Venice-Lido-Resort-edited.jpg\" alt=\"\" width=\"1000\" height=\"527\" srcset=\"https:\/\/www.bellunopress.it\/wp-content\/uploads\/2022\/04\/Hotel-Excelsior-Venice-Lido-Resort-edited.jpg 1000w, https:\/\/www.bellunopress.it\/wp-content\/uploads\/2022\/04\/Hotel-Excelsior-Venice-Lido-Resort-edited-500x264.jpg 500w, https:\/\/www.bellunopress.it\/wp-content\/uploads\/2022\/04\/Hotel-Excelsior-Venice-Lido-Resort-edited-696x367.jpg 696w, https:\/\/www.bellunopress.it\/wp-content\/uploads\/2022\/04\/Hotel-Excelsior-Venice-Lido-Resort-edited-797x420.jpg 797w\" sizes=\"auto, (max-width: 1000px) 100vw, 1000px\" \/>Venezia, luglio 2023. Un hotel, un\u2019icona dove il cinema \u00e8 \u201cdi casa\u201d: \u00e8 il carattere dell\u2019Hotel Excelsior Venice Lido Resort, dove il legame con il mondo del cinema \u00e8 indissolubile, creando ogni anno una nuova storia di costume, in occasione del prestigioso Film Festival.<\/p>\n<p>\u00c8 cos\u00ec che, dal 30 agosto al 9 settembre, l\u2019Hotel Excelsior Venice Lido Resort si trasforma anche quest\u2019anno nel palcoscenico privilegiato, per accogliere e celebrare l\u201980. Mostra Internazionale d\u2019Arte Cinematografica, organizzata dalla Biennale di Venezia.<\/p>\n<p>La magnifica Sala degli Stucchi con vista sul mare, sar\u00e0 teatro di grandi eventi cos\u00ec come la terrazza che costeggia la spiaggia con le sue cabanas, che diventa un luogo di incontro per il mondo del cinema, ospitando anche iniziative speciali e party privati, oltre ad offrire momenti di relax in un ambiente dalla scenografia naturale. Senza dimenticare l\u2019iconico pontile dell\u2019hotel, da sempre immortalato per gli arrivi degli artisti in barca, pronti a sfilare poi da una delle eleganti suite al red carpet.<\/p>\n<p>\u201cIl fascino del nostro hotel accompagna la magia della Mostra Internazionale d\u2019Arte Cinematografica che, grazie alla Biennale di Venezia, punta i riflettori su questo angolo di paradiso dove il jet set internazionale \u00e8 di casa\u201d &#8211; afferma Alessio Lazazzera, General Manager dell\u2019Hotel Excelsior Venice Lido Resort. \u201cIl nostro impegno ogni anno si rinnova per esperienze indimenticabili.\u201d<\/p>\n<p>&nbsp;<\/p>","protected":false},"excerpt":{"rendered":"<p>Venezia, luglio 2023. Un hotel, un\u2019icona dove il cinema \u00e8 \u201cdi casa\u201d: \u00e8 il carattere dell\u2019Hotel Excelsior Venice Lido Resort, dove il legame con il mondo del cinema \u00e8 indissolubile, creando ogni anno una nuova storia di costume, in occasione del prestigioso Film Festival. \u00c8 cos\u00ec che, dal 30 agosto al 9 settembre, l\u2019Hotel Excelsior [&hellip;]<\/p>\n","protected":false},"author":2,"featured_media":132749,"comment_status":"closed","ping_status":"open","sticky":false,"template":"","format":"standard","meta":{"footnotes":""},"categories":[27,3,3394],"tags":[],"class_list":["post-143064","post","type-post","status-publish","format-standard","has-post-thumbnail","category-appuntamenti","category-arte-cultura-spettacoli-scienza-archivi","category-cultura-e-spettacoli-fuori-provincia"],"yoast_head":"<!-- This site is optimized with the Yoast SEO plugin v28.4 - https:\/\/yoast.com\/product\/yoast-seo-wordpress\/ -->\n<title>Biennale di Venezia, 80ma Mostra internazionale d&#039;arte cinematografica. Dal 30 agosto all&#039;Hotel Excelsior Venice Lido Resort - Bellunopress - Dolomiti<\/title>\n<meta name=\"robots\" content=\"index, follow, max-snippet:-1, max-image-preview:large, max-video-preview:-1\" \/>\n<link rel=\"canonical\" href=\"https:\/\/www.bellunopress.it\/fr\/2023\/07\/25\/biennale-di-venezia-80ma-mostra-internazionale-darte-cinematografica-dal-30-agosto-allhotel-excelsior-venice-lido-resort\/\" \/>\n<meta property=\"og:locale\" content=\"fr_FR\" \/>\n<meta property=\"og:type\" content=\"article\" \/>\n<meta property=\"og:title\" content=\"Biennale di Venezia, 80ma Mostra internazionale d&#039;arte cinematografica. Dal 30 agosto all&#039;Hotel Excelsior Venice Lido Resort - Bellunopress - Dolomiti\" \/>\n<meta property=\"og:description\" content=\"Venezia, luglio 2023. Un hotel, un\u2019icona dove il cinema \u00e8 \u201cdi casa\u201d: \u00e8 il carattere dell\u2019Hotel Excelsior Venice Lido Resort, dove il legame con il mondo del cinema \u00e8 indissolubile, creando ogni anno una nuova storia di costume, in occasione del prestigioso Film Festival. \u00c8 cos\u00ec che, dal 30 agosto al 9 settembre, l\u2019Hotel Excelsior [&hellip;]\" \/>\n<meta property=\"og:url\" content=\"https:\/\/www.bellunopress.it\/fr\/2023\/07\/25\/biennale-di-venezia-80ma-mostra-internazionale-darte-cinematografica-dal-30-agosto-allhotel-excelsior-venice-lido-resort\/\" \/>\n<meta property=\"og:site_name\" content=\"Bellunopress - Dolomiti\" \/>\n<meta property=\"article:publisher\" content=\"https:\/\/www.facebook.com\/profile.php?id=100008943462799\" \/>\n<meta property=\"article:published_time\" content=\"2023-07-25T07:39:40+00:00\" \/>\n<meta property=\"article:modified_time\" content=\"2023-07-25T11:43:15+00:00\" \/>\n<meta property=\"og:image\" content=\"https:\/\/www.bellunopress.it\/wp-content\/uploads\/2022\/04\/Hotel-Excelsior-Venice-Lido-Resort-edited.jpg\" \/>\n\t<meta property=\"og:image:width\" content=\"1000\" \/>\n\t<meta property=\"og:image:height\" content=\"527\" \/>\n\t<meta property=\"og:image:type\" content=\"image\/jpeg\" \/>\n<meta name=\"author\" content=\"redazione\" \/>\n<meta name=\"twitter:card\" content=\"summary_large_image\" \/>\n<meta name=\"twitter:creator\" content=\"@bellunopress\" \/>\n<meta name=\"twitter:site\" content=\"@bellunopress\" \/>\n<meta name=\"twitter:label1\" content=\"\u00c9crit par\" \/>\n\t<meta name=\"twitter:data1\" content=\"redazione\" \/>\n\t<meta name=\"twitter:label2\" content=\"Dur\u00e9e de lecture estim\u00e9e\" \/>\n\t<meta name=\"twitter:data2\" content=\"2 minutes\" \/>\n<script type=\"application\/ld+json\" class=\"yoast-schema-graph\">{\"@context\":\"https:\\\/\\\/schema.org\",\"@graph\":[{\"@type\":\"Article\",\"@id\":\"https:\\\/\\\/www.bellunopress.it\\\/2023\\\/07\\\/25\\\/biennale-di-venezia-80ma-mostra-internazionale-darte-cinematografica-dal-30-agosto-allhotel-excelsior-venice-lido-resort\\\/#article\",\"isPartOf\":{\"@id\":\"https:\\\/\\\/www.bellunopress.it\\\/2023\\\/07\\\/25\\\/biennale-di-venezia-80ma-mostra-internazionale-darte-cinematografica-dal-30-agosto-allhotel-excelsior-venice-lido-resort\\\/\"},\"author\":{\"name\":\"redazione\",\"@id\":\"https:\\\/\\\/www.bellunopress.it\\\/#\\\/schema\\\/person\\\/79bb06722b37ece1c03d3e94beb30d73\"},\"headline\":\"Biennale di Venezia, 80ma Mostra internazionale d&#8217;arte cinematografica. Dal 30 agosto all&#8217;Hotel Excelsior Venice Lido Resort\",\"datePublished\":\"2023-07-25T07:39:40+00:00\",\"dateModified\":\"2023-07-25T11:43:15+00:00\",\"mainEntityOfPage\":{\"@id\":\"https:\\\/\\\/www.bellunopress.it\\\/2023\\\/07\\\/25\\\/biennale-di-venezia-80ma-mostra-internazionale-darte-cinematografica-dal-30-agosto-allhotel-excelsior-venice-lido-resort\\\/\"},\"wordCount\":237,\"publisher\":{\"@id\":\"https:\\\/\\\/www.bellunopress.it\\\/#organization\"},\"image\":{\"@id\":\"https:\\\/\\\/www.bellunopress.it\\\/2023\\\/07\\\/25\\\/biennale-di-venezia-80ma-mostra-internazionale-darte-cinematografica-dal-30-agosto-allhotel-excelsior-venice-lido-resort\\\/#primaryimage\"},\"thumbnailUrl\":\"https:\\\/\\\/www.bellunopress.it\\\/wp-content\\\/uploads\\\/2022\\\/04\\\/Hotel-Excelsior-Venice-Lido-Resort-edited.jpg\",\"articleSection\":[\"Appuntamenti, Eventi\",\"Arte, Cultura, Spettacoli, Scienza\",\"Cultura e spettacoli, tempo libero, benessere, fuori provincia\"],\"inLanguage\":\"fr-FR\"},{\"@type\":\"WebPage\",\"@id\":\"https:\\\/\\\/www.bellunopress.it\\\/2023\\\/07\\\/25\\\/biennale-di-venezia-80ma-mostra-internazionale-darte-cinematografica-dal-30-agosto-allhotel-excelsior-venice-lido-resort\\\/\",\"url\":\"https:\\\/\\\/www.bellunopress.it\\\/2023\\\/07\\\/25\\\/biennale-di-venezia-80ma-mostra-internazionale-darte-cinematografica-dal-30-agosto-allhotel-excelsior-venice-lido-resort\\\/\",\"name\":\"Biennale di Venezia, 80ma Mostra internazionale d'arte cinematografica. Dal 30 agosto all'Hotel Excelsior Venice Lido Resort - Bellunopress - Dolomiti\",\"isPartOf\":{\"@id\":\"https:\\\/\\\/www.bellunopress.it\\\/#website\"},\"primaryImageOfPage\":{\"@id\":\"https:\\\/\\\/www.bellunopress.it\\\/2023\\\/07\\\/25\\\/biennale-di-venezia-80ma-mostra-internazionale-darte-cinematografica-dal-30-agosto-allhotel-excelsior-venice-lido-resort\\\/#primaryimage\"},\"image\":{\"@id\":\"https:\\\/\\\/www.bellunopress.it\\\/2023\\\/07\\\/25\\\/biennale-di-venezia-80ma-mostra-internazionale-darte-cinematografica-dal-30-agosto-allhotel-excelsior-venice-lido-resort\\\/#primaryimage\"},\"thumbnailUrl\":\"https:\\\/\\\/www.bellunopress.it\\\/wp-content\\\/uploads\\\/2022\\\/04\\\/Hotel-Excelsior-Venice-Lido-Resort-edited.jpg\",\"datePublished\":\"2023-07-25T07:39:40+00:00\",\"dateModified\":\"2023-07-25T11:43:15+00:00\",\"breadcrumb\":{\"@id\":\"https:\\\/\\\/www.bellunopress.it\\\/2023\\\/07\\\/25\\\/biennale-di-venezia-80ma-mostra-internazionale-darte-cinematografica-dal-30-agosto-allhotel-excelsior-venice-lido-resort\\\/#breadcrumb\"},\"inLanguage\":\"fr-FR\",\"potentialAction\":[{\"@type\":\"ReadAction\",\"target\":[\"https:\\\/\\\/www.bellunopress.it\\\/2023\\\/07\\\/25\\\/biennale-di-venezia-80ma-mostra-internazionale-darte-cinematografica-dal-30-agosto-allhotel-excelsior-venice-lido-resort\\\/\"]}]},{\"@type\":\"ImageObject\",\"inLanguage\":\"fr-FR\",\"@id\":\"https:\\\/\\\/www.bellunopress.it\\\/2023\\\/07\\\/25\\\/biennale-di-venezia-80ma-mostra-internazionale-darte-cinematografica-dal-30-agosto-allhotel-excelsior-venice-lido-resort\\\/#primaryimage\",\"url\":\"https:\\\/\\\/www.bellunopress.it\\\/wp-content\\\/uploads\\\/2022\\\/04\\\/Hotel-Excelsior-Venice-Lido-Resort-edited.jpg\",\"contentUrl\":\"https:\\\/\\\/www.bellunopress.it\\\/wp-content\\\/uploads\\\/2022\\\/04\\\/Hotel-Excelsior-Venice-Lido-Resort-edited.jpg\",\"width\":1000,\"height\":527},{\"@type\":\"BreadcrumbList\",\"@id\":\"https:\\\/\\\/www.bellunopress.it\\\/2023\\\/07\\\/25\\\/biennale-di-venezia-80ma-mostra-internazionale-darte-cinematografica-dal-30-agosto-allhotel-excelsior-venice-lido-resort\\\/#breadcrumb\",\"itemListElement\":[{\"@type\":\"ListItem\",\"position\":1,\"name\":\"Home\",\"item\":\"https:\\\/\\\/www.bellunopress.it\\\/\"},{\"@type\":\"ListItem\",\"position\":2,\"name\":\"Biennale di Venezia, 80ma Mostra internazionale d&#8217;arte cinematografica. Dal 30 agosto all&#8217;Hotel Excelsior Venice Lido Resort\"}]},{\"@type\":\"WebSite\",\"@id\":\"https:\\\/\\\/www.bellunopress.it\\\/#website\",\"url\":\"https:\\\/\\\/www.bellunopress.it\\\/\",\"name\":\"Bellunopress - Dolomiti\",\"description\":\"e-mail: redazione@bellunopress.it\",\"publisher\":{\"@id\":\"https:\\\/\\\/www.bellunopress.it\\\/#organization\"},\"potentialAction\":[{\"@type\":\"SearchAction\",\"target\":{\"@type\":\"EntryPoint\",\"urlTemplate\":\"https:\\\/\\\/www.bellunopress.it\\\/?s={search_term_string}\"},\"query-input\":{\"@type\":\"PropertyValueSpecification\",\"valueRequired\":true,\"valueName\":\"search_term_string\"}}],\"inLanguage\":\"fr-FR\"},{\"@type\":\"Organization\",\"@id\":\"https:\\\/\\\/www.bellunopress.it\\\/#organization\",\"name\":\"Bellunopress\",\"url\":\"https:\\\/\\\/www.bellunopress.it\\\/\",\"logo\":{\"@type\":\"ImageObject\",\"inLanguage\":\"fr-FR\",\"@id\":\"https:\\\/\\\/www.bellunopress.it\\\/#\\\/schema\\\/logo\\\/image\\\/\",\"url\":\"https:\\\/\\\/www.bellunopress.it\\\/wp-content\\\/uploads\\\/2011\\\/05\\\/cropped-logo-bellunopress-.jpg\",\"contentUrl\":\"https:\\\/\\\/www.bellunopress.it\\\/wp-content\\\/uploads\\\/2011\\\/05\\\/cropped-logo-bellunopress-.jpg\",\"width\":512,\"height\":512,\"caption\":\"Bellunopress\"},\"image\":{\"@id\":\"https:\\\/\\\/www.bellunopress.it\\\/#\\\/schema\\\/logo\\\/image\\\/\"},\"sameAs\":[\"https:\\\/\\\/www.facebook.com\\\/profile.php?id=100008943462799\",\"https:\\\/\\\/x.com\\\/bellunopress\",\"https:\\\/\\\/www.linkedin.com\\\/hp\\\/?dnr=JBzUWaJfMUw8vbXJJ2tVW5-I3jZKvC4wsoxE&amp;amp;amp;amp;amp;amp;trk=nav_responsive_tab_home\",\"https:\\\/\\\/www.youtube.com\\\/channel\\\/UCxL0wu1uN0_3_7hGG0306cw\"]},{\"@type\":\"Person\",\"@id\":\"https:\\\/\\\/www.bellunopress.it\\\/#\\\/schema\\\/person\\\/79bb06722b37ece1c03d3e94beb30d73\",\"name\":\"redazione\",\"image\":{\"@type\":\"ImageObject\",\"inLanguage\":\"fr-FR\",\"@id\":\"https:\\\/\\\/secure.gravatar.com\\\/avatar\\\/37d968a2e67a6fd04c169c4bdef102d0bc5d31b2546345219e348575eb80e9a0?s=96&d=mm&r=g\",\"url\":\"https:\\\/\\\/secure.gravatar.com\\\/avatar\\\/37d968a2e67a6fd04c169c4bdef102d0bc5d31b2546345219e348575eb80e9a0?s=96&d=mm&r=g\",\"contentUrl\":\"https:\\\/\\\/secure.gravatar.com\\\/avatar\\\/37d968a2e67a6fd04c169c4bdef102d0bc5d31b2546345219e348575eb80e9a0?s=96&d=mm&r=g\",\"caption\":\"redazione\"},\"sameAs\":[\"http:\\\/\\\/www.bellunopress.it\",\"https:\\\/\\\/x.com\\\/bellunopress\"],\"url\":\"https:\\\/\\\/www.bellunopress.it\\\/fr\\\/author\\\/redazione\\\/\"}]}<\/script>\n<!-- \/ Yoast SEO plugin. -->","yoast_head_json":{"title":"Biennale di Venezia, 80ma Mostra internazionale d'arte cinematografica. Dal 30 agosto all'Hotel Excelsior Venice Lido Resort - Bellunopress - Dolomiti","robots":{"index":"index","follow":"follow","max-snippet":"max-snippet:-1","max-image-preview":"max-image-preview:large","max-video-preview":"max-video-preview:-1"},"canonical":"https:\/\/www.bellunopress.it\/fr\/2023\/07\/25\/biennale-di-venezia-80ma-mostra-internazionale-darte-cinematografica-dal-30-agosto-allhotel-excelsior-venice-lido-resort\/","og_locale":"fr_FR","og_type":"article","og_title":"Biennale di Venezia, 80ma Mostra internazionale d'arte cinematografica. Dal 30 agosto all'Hotel Excelsior Venice Lido Resort - Bellunopress - Dolomiti","og_description":"Venezia, luglio 2023. Un hotel, un\u2019icona dove il cinema \u00e8 \u201cdi casa\u201d: \u00e8 il carattere dell\u2019Hotel Excelsior Venice Lido Resort, dove il legame con il mondo del cinema \u00e8 indissolubile, creando ogni anno una nuova storia di costume, in occasione del prestigioso Film Festival. \u00c8 cos\u00ec che, dal 30 agosto al 9 settembre, l\u2019Hotel Excelsior [&hellip;]","og_url":"https:\/\/www.bellunopress.it\/fr\/2023\/07\/25\/biennale-di-venezia-80ma-mostra-internazionale-darte-cinematografica-dal-30-agosto-allhotel-excelsior-venice-lido-resort\/","og_site_name":"Bellunopress - Dolomiti","article_publisher":"https:\/\/www.facebook.com\/profile.php?id=100008943462799","article_published_time":"2023-07-25T07:39:40+00:00","article_modified_time":"2023-07-25T11:43:15+00:00","og_image":[{"width":1000,"height":527,"url":"https:\/\/www.bellunopress.it\/wp-content\/uploads\/2022\/04\/Hotel-Excelsior-Venice-Lido-Resort-edited.jpg","type":"image\/jpeg"}],"author":"redazione","twitter_card":"summary_large_image","twitter_creator":"@bellunopress","twitter_site":"@bellunopress","twitter_misc":{"\u00c9crit par":"redazione","Dur\u00e9e de lecture estim\u00e9e":"2 minutes"},"schema":{"@context":"https:\/\/schema.org","@graph":[{"@type":"Article","@id":"https:\/\/www.bellunopress.it\/2023\/07\/25\/biennale-di-venezia-80ma-mostra-internazionale-darte-cinematografica-dal-30-agosto-allhotel-excelsior-venice-lido-resort\/#article","isPartOf":{"@id":"https:\/\/www.bellunopress.it\/2023\/07\/25\/biennale-di-venezia-80ma-mostra-internazionale-darte-cinematografica-dal-30-agosto-allhotel-excelsior-venice-lido-resort\/"},"author":{"name":"redazione","@id":"https:\/\/www.bellunopress.it\/#\/schema\/person\/79bb06722b37ece1c03d3e94beb30d73"},"headline":"Biennale di Venezia, 80ma Mostra internazionale d&#8217;arte cinematografica. Dal 30 agosto all&#8217;Hotel Excelsior Venice Lido Resort","datePublished":"2023-07-25T07:39:40+00:00","dateModified":"2023-07-25T11:43:15+00:00","mainEntityOfPage":{"@id":"https:\/\/www.bellunopress.it\/2023\/07\/25\/biennale-di-venezia-80ma-mostra-internazionale-darte-cinematografica-dal-30-agosto-allhotel-excelsior-venice-lido-resort\/"},"wordCount":237,"publisher":{"@id":"https:\/\/www.bellunopress.it\/#organization"},"image":{"@id":"https:\/\/www.bellunopress.it\/2023\/07\/25\/biennale-di-venezia-80ma-mostra-internazionale-darte-cinematografica-dal-30-agosto-allhotel-excelsior-venice-lido-resort\/#primaryimage"},"thumbnailUrl":"https:\/\/www.bellunopress.it\/wp-content\/uploads\/2022\/04\/Hotel-Excelsior-Venice-Lido-Resort-edited.jpg","articleSection":["Appuntamenti, Eventi","Arte, Cultura, Spettacoli, Scienza","Cultura e spettacoli, tempo libero, benessere, fuori provincia"],"inLanguage":"fr-FR"},{"@type":"WebPage","@id":"https:\/\/www.bellunopress.it\/2023\/07\/25\/biennale-di-venezia-80ma-mostra-internazionale-darte-cinematografica-dal-30-agosto-allhotel-excelsior-venice-lido-resort\/","url":"https:\/\/www.bellunopress.it\/2023\/07\/25\/biennale-di-venezia-80ma-mostra-internazionale-darte-cinematografica-dal-30-agosto-allhotel-excelsior-venice-lido-resort\/","name":"Biennale di Venezia, 80ma Mostra internazionale d'arte cinematografica. Dal 30 agosto all'Hotel Excelsior Venice Lido Resort - Bellunopress - Dolomiti","isPartOf":{"@id":"https:\/\/www.bellunopress.it\/#website"},"primaryImageOfPage":{"@id":"https:\/\/www.bellunopress.it\/2023\/07\/25\/biennale-di-venezia-80ma-mostra-internazionale-darte-cinematografica-dal-30-agosto-allhotel-excelsior-venice-lido-resort\/#primaryimage"},"image":{"@id":"https:\/\/www.bellunopress.it\/2023\/07\/25\/biennale-di-venezia-80ma-mostra-internazionale-darte-cinematografica-dal-30-agosto-allhotel-excelsior-venice-lido-resort\/#primaryimage"},"thumbnailUrl":"https:\/\/www.bellunopress.it\/wp-content\/uploads\/2022\/04\/Hotel-Excelsior-Venice-Lido-Resort-edited.jpg","datePublished":"2023-07-25T07:39:40+00:00","dateModified":"2023-07-25T11:43:15+00:00","breadcrumb":{"@id":"https:\/\/www.bellunopress.it\/2023\/07\/25\/biennale-di-venezia-80ma-mostra-internazionale-darte-cinematografica-dal-30-agosto-allhotel-excelsior-venice-lido-resort\/#breadcrumb"},"inLanguage":"fr-FR","potentialAction":[{"@type":"ReadAction","target":["https:\/\/www.bellunopress.it\/2023\/07\/25\/biennale-di-venezia-80ma-mostra-internazionale-darte-cinematografica-dal-30-agosto-allhotel-excelsior-venice-lido-resort\/"]}]},{"@type":"ImageObject","inLanguage":"fr-FR","@id":"https:\/\/www.bellunopress.it\/2023\/07\/25\/biennale-di-venezia-80ma-mostra-internazionale-darte-cinematografica-dal-30-agosto-allhotel-excelsior-venice-lido-resort\/#primaryimage","url":"https:\/\/www.bellunopress.it\/wp-content\/uploads\/2022\/04\/Hotel-Excelsior-Venice-Lido-Resort-edited.jpg","contentUrl":"https:\/\/www.bellunopress.it\/wp-content\/uploads\/2022\/04\/Hotel-Excelsior-Venice-Lido-Resort-edited.jpg","width":1000,"height":527},{"@type":"BreadcrumbList","@id":"https:\/\/www.bellunopress.it\/2023\/07\/25\/biennale-di-venezia-80ma-mostra-internazionale-darte-cinematografica-dal-30-agosto-allhotel-excelsior-venice-lido-resort\/#breadcrumb","itemListElement":[{"@type":"ListItem","position":1,"name":"Home","item":"https:\/\/www.bellunopress.it\/"},{"@type":"ListItem","position":2,"name":"Biennale di Venezia, 80ma Mostra internazionale d&#8217;arte cinematografica. Dal 30 agosto all&#8217;Hotel Excelsior Venice Lido Resort"}]},{"@type":"WebSite","@id":"https:\/\/www.bellunopress.it\/#website","url":"https:\/\/www.bellunopress.it\/","name":"Bellunopress - Dolomiti","description":"e-mail: redazione@bellunopress.it","publisher":{"@id":"https:\/\/www.bellunopress.it\/#organization"},"potentialAction":[{"@type":"SearchAction","target":{"@type":"EntryPoint","urlTemplate":"https:\/\/www.bellunopress.it\/?s={search_term_string}"},"query-input":{"@type":"PropertyValueSpecification","valueRequired":true,"valueName":"search_term_string"}}],"inLanguage":"fr-FR"},{"@type":"Organization","@id":"https:\/\/www.bellunopress.it\/#organization","name":"Bellunopress","url":"https:\/\/www.bellunopress.it\/","logo":{"@type":"ImageObject","inLanguage":"fr-FR","@id":"https:\/\/www.bellunopress.it\/#\/schema\/logo\/image\/","url":"https:\/\/www.bellunopress.it\/wp-content\/uploads\/2011\/05\/cropped-logo-bellunopress-.jpg","contentUrl":"https:\/\/www.bellunopress.it\/wp-content\/uploads\/2011\/05\/cropped-logo-bellunopress-.jpg","width":512,"height":512,"caption":"Bellunopress"},"image":{"@id":"https:\/\/www.bellunopress.it\/#\/schema\/logo\/image\/"},"sameAs":["https:\/\/www.facebook.com\/profile.php?id=100008943462799","https:\/\/x.com\/bellunopress","https:\/\/www.linkedin.com\/hp\/?dnr=JBzUWaJfMUw8vbXJJ2tVW5-I3jZKvC4wsoxE&amp;amp;amp;amp;amp;amp;trk=nav_responsive_tab_home","https:\/\/www.youtube.com\/channel\/UCxL0wu1uN0_3_7hGG0306cw"]},{"@type":"Person","@id":"https:\/\/www.bellunopress.it\/#\/schema\/person\/79bb06722b37ece1c03d3e94beb30d73","name":"r\u00e9daction","image":{"@type":"ImageObject","inLanguage":"fr-FR","@id":"https:\/\/secure.gravatar.com\/avatar\/37d968a2e67a6fd04c169c4bdef102d0bc5d31b2546345219e348575eb80e9a0?s=96&d=mm&r=g","url":"https:\/\/secure.gravatar.com\/avatar\/37d968a2e67a6fd04c169c4bdef102d0bc5d31b2546345219e348575eb80e9a0?s=96&d=mm&r=g","contentUrl":"https:\/\/secure.gravatar.com\/avatar\/37d968a2e67a6fd04c169c4bdef102d0bc5d31b2546345219e348575eb80e9a0?s=96&d=mm&r=g","caption":"redazione"},"sameAs":["http:\/\/www.bellunopress.it","https:\/\/x.com\/bellunopress"],"url":"https:\/\/www.bellunopress.it\/fr\/author\/redazione\/"}]}},"_links":{"self":[{"href":"https:\/\/www.bellunopress.it\/fr\/wp-json\/wp\/v2\/posts\/143064","targetHints":{"allow":["GET"]}}],"collection":[{"href":"https:\/\/www.bellunopress.it\/fr\/wp-json\/wp\/v2\/posts"}],"about":[{"href":"https:\/\/www.bellunopress.it\/fr\/wp-json\/wp\/v2\/types\/post"}],"author":[{"embeddable":true,"href":"https:\/\/www.bellunopress.it\/fr\/wp-json\/wp\/v2\/users\/2"}],"replies":[{"embeddable":true,"href":"https:\/\/www.bellunopress.it\/fr\/wp-json\/wp\/v2\/comments?post=143064"}],"version-history":[{"count":1,"href":"https:\/\/www.bellunopress.it\/fr\/wp-json\/wp\/v2\/posts\/143064\/revisions"}],"predecessor-version":[{"id":143065,"href":"https:\/\/www.bellunopress.it\/fr\/wp-json\/wp\/v2\/posts\/143064\/revisions\/143065"}],"wp:featuredmedia":[{"embeddable":true,"href":"https:\/\/www.bellunopress.it\/fr\/wp-json\/wp\/v2\/media\/132749"}],"wp:attachment":[{"href":"https:\/\/www.bellunopress.it\/fr\/wp-json\/wp\/v2\/media?parent=143064"}],"wp:term":[{"taxonomy":"category","embeddable":true,"href":"https:\/\/www.bellunopress.it\/fr\/wp-json\/wp\/v2\/categories?post=143064"},{"taxonomy":"post_tag","embeddable":true,"href":"https:\/\/www.bellunopress.it\/fr\/wp-json\/wp\/v2\/tags?post=143064"}],"curies":[{"name":"wp","href":"https:\/\/api.w.org\/{rel}","templated":true}]}}