{"id":143059,"date":"2023-07-25T09:55:17","date_gmt":"2023-07-25T07:55:17","guid":{"rendered":"https:\/\/www.bellunopress.it\/?p=143059"},"modified":"2023-07-25T09:55:17","modified_gmt":"2023-07-25T07:55:17","slug":"caccia-la-nuova-legge-allevamenti-e-predazioni-le-ragioni-degli-animalisti-e-quelle-degli-allevatori","status":"publish","type":"post","link":"https:\/\/www.bellunopress.it\/fr\/2023\/07\/25\/caccia-la-nuova-legge-allevamenti-e-predazioni-le-ragioni-degli-animalisti-e-quelle-degli-allevatori\/","title":{"rendered":"Caccia, la nuova legge. Allevamenti e predazioni. Le ragioni degli animalisti e quelle degli allevatori"},"content":{"rendered":"<p>Pubblichiamo le opinioni opposte di chi \u00e8 contro la caccia per la difesa della fauna selvatica e di chi invece vuole una maggior libert\u00e0 nel sopprimere lupi e orsi.<\/p>\n<p>***<\/p>\n<p><img loading=\"lazy\" decoding=\"async\" class=\"alignleft size-full wp-image-117648\" src=\"https:\/\/www.bellunopress.it\/wp-content\/uploads\/2020\/09\/caccia-doppietta_edited.jpg\" alt=\"\" width=\"496\" height=\"355\" \/>Con un decreto del 13 giugno il Governo ha approvato un piano straordinario per la gestione ed il contenimento della fauna selvatica gi\u00e0 molto provata dai continui eventi atmosferici estremi.<\/p>\n<p>Il nostro governo ha cos\u00ec stracciato una legge che era in vigore da trent&#8217;anni per permettere di sparare anche dentro le zone protette. Questa vergogna tutta italiana, di cui l&#8217;Europa ha gi\u00e0 chiesto conto, rende evidente che, nonostante i sedicenti esuberi sbandierati un giorno s\u00ec e l&#8217;altro anche su certa stampa complice, in realt\u00e0, fuori da queste, gli animali li hanno sterminati tutti. Restano quindi da assediare le zone protette e da produrre nuove immissioni come si fa con i cinghiali.<\/p>\n<p>Si potr\u00e0 sparare e braccare tutto l&#8217; anno anche nei centri abitati e con ogni mezzo: reti, silenziatori tanto apprezzati dai bracconieri, archi ecc. ecc. Con la possibilit\u00e0 poi di commercializzare le carni: lo scrivo da sempre che nonostante la categoria dei cacciatori abbia l&#8217;abitudine di frignare sul fatto che &#8216;loro pagano per poter fucilare&#8217;. In realt\u00e0 sborsano solo briciole, la caccia costituisce per costoro un&#8217;entrata extra non da poco sulla pelle dei nostri animali selvatici e sulla sicurezza degli stessi cittadini.<\/p>\n<p>L&#8217;unico aspetto positivo di tanto, inimmaginabile, scempio ed orrore, consiste nel fatto che inevitabilmente ne scaturir\u00e0 una nuova consapevolezza e anche coloro che fino ad ora si son bevuti la solfa propagandata dai media asserviti che la caccia servirebbe a regolare la natura, volenti o nolenti, scenderanno dal pero.<\/p>\n<p>Tamara Panciera &#8211; Borgo Valbelluna Belluno<\/p>\n<p>***<\/p>\n<p>Diametralmente opposta la posizione di allevatori e amministratori pubblici dell&#8217;Alpago, che lo scorso 3 luglio si sono trovati a Mal\u00e8, in provincia di Trento, per discutere delle predazioni agli allevamenti di pecore da parte dei lupi e della presenza dell&#8217;orso in montagna.<\/p>\n<p>***<\/p>\n<p><img loading=\"lazy\" decoding=\"async\" class=\"alignleft size-full wp-image-143060\" src=\"https:\/\/www.bellunopress.it\/wp-content\/uploads\/2023\/07\/Incontro-Alpago-Val-di-Sole-a-Male_edited.jpg\" alt=\"\" width=\"1000\" height=\"460\" srcset=\"https:\/\/www.bellunopress.it\/wp-content\/uploads\/2023\/07\/Incontro-Alpago-Val-di-Sole-a-Male_edited.jpg 1000w, https:\/\/www.bellunopress.it\/wp-content\/uploads\/2023\/07\/Incontro-Alpago-Val-di-Sole-a-Male_edited-500x230.jpg 500w, https:\/\/www.bellunopress.it\/wp-content\/uploads\/2023\/07\/Incontro-Alpago-Val-di-Sole-a-Male_edited-696x320.jpg 696w, https:\/\/www.bellunopress.it\/wp-content\/uploads\/2023\/07\/Incontro-Alpago-Val-di-Sole-a-Male_edited-913x420.jpg 913w\" sizes=\"auto, (max-width: 1000px) 100vw, 1000px\" \/>Una rappresentanza degli amministratori della Conca dell&#8217;Alpago ha incontrato nella giornata di luned\u00ec 3 luglio gli amministratori della Val di Sole e il Presidente del Comitato &#8220;Insieme per Andrea Papi&#8221;, in un momento di confronto promosso in primis dall&#8217;Amministrazione Comunale di Chies al quale Alpago e Tambre hanno prontamente aderito. Erano presenti infatti il Sindaco di Chies d\u2019Alpago, Gianluca Dal Borgo, per Tambre, il Sindaco Sara Bona e il vicesindaco Ueli Costa, il consigliere Riccardo Sitran per il Comune di Alpago e la Comunanza delle Regole dell\u2019Alpago con il Presidente Franz Zanne. Per la parte trentina erano presenti il Presidente della Comunit\u00e0 della Val di Sole e sindaco di Rabbi Lorenzo Cicolini, il Sindaco di Dimaro Folgarida, Andrea Lazzaroni, la Sindaco di Ossana, Laura Marinelli e per Mal\u00e8 la Sindaco Barbara Cunaccia e il consigliere Massimo Baggia.<br \/>\nLa trasferta in terra trentina \u00e8 nata dalla preoccupazione che i Comuni dell&#8217;Alpago condividono rispetto al tema della presenza dei grandi predatori nel territorio &#8211; il lupo per quanto riguarda la Conca e i continui attacchi che le greggi stanno subendo da 4 anni a questa parte con un&#8217;intensificazione pesante nel corso dell&#8217;ultimo anno.<br \/>\nIn Val di Sole, a Caldes, caso purtroppo ben noto dalla cronaca, si \u00e8 consumata la morte di Andrea Papi a causa dell&#8217;incontro fatale con un orso. In quelle terre \u00e8 nato un comitato, alla cui guida c&#8217;\u00e8 Pierantonio Cristoforetti, ex sindaco di Mal\u00e8, ora impegnato con determinazione e concretezza sul fronte della difesa della vita in montagna.<br \/>\nQuesto tema si pu\u00f2 dire che sia stato il filo conduttore dell&#8217;incontro: pur appartenendo a territori diversi i punti in comune emersi durante il confronto sono stati veramente molti. La presenza dei grandi predatori, in Val di Sole l&#8217;orso e in terra alpagota il lupo, rappresenta purtroppo una concreta, tangibile minaccia al delicato, fragile equilibrio che ancora lega l&#8217;uomo alla sua presenza nelle terre pi\u00f9 alte.<br \/>\nLa Val di Sole di recente \u00e8 stata segnata dal terribile episodio che ha coinvolto Andrea Papi, ma da anni gli abitanti denunciano una presenza dell\u2019orso ormai incontenibile: dal 1996 \u2013 anno in cui vi \u00e8 stata la reintroduzione del plantigrade con il progetto europeo Life Ursus gli esemplari, che inizialmente dovevano riprodursi in modo controllato, si sono invece riprodotti in met\u00e0 del tempo previsto arrivando alla cifra \u2013 stimata \u2013 oggi di 110 esemplari. Anche se secondo chi abita le valli sono molti, molti di pi\u00f9. Le aggressioni all\u2019uomo negli ultimi anni sono state ben 7 e l\u2019orso ormai vaga incontrastato tra i cassonetti dei rifiuti, negli allevamenti di api, si avvicinano alle malghe e ai centri, abitati non solo dai residenti, ma anche dalle migliaia di turisti che frequentano la Val di Sole proprio per il suo territorio, le escursioni, la possibilit\u00e0 di stare nella natura. Una possibilit\u00e0 che sembra davvero molto compromessa. Un esempio: i volontari che di norma curavano la manutenzione dei sentieri si rifiutano di farlo per paura di incontrare l\u2019orso nei boschi. Il progetto prevedeva anche delle squadre speciali per il controllo dell\u2019orso, ma non sono mai entrate veramente in azione, limitandosi a monitorare una una minima collarizzazione. Ad ogni modo la situazione sembra chiaramente sfuggita al controllo e la morte di Andrea Papi ne \u00e8 il drammatico simbolo.<br \/>\nIl confronto con l\u2019Alpago \u00e8 presto fatto. Il lupo \u2013 come l\u2019orso \u2013 \u00e8 una specie che gode della protezione prevista dalla Direttiva Europea Habitat del 1992. Il Decreto del 13 giugno del Ministero dell\u2019Ambiente relativo all\u2019adozione di un Piano straordinario per la gestione e il contenimento della fauna selvatica che \u2013 in deroga alla direttiva \u2013 ha aperto al contenimento di alcune specie a causa delle pesanti ricadute che la loro presenza determina (si pensi ad esempio ai cinghiali), nulla pu\u00f2 rispetto al lupo e all\u2019orso, due specie inserite nell\u2019allegato IV che richiede per esse una \u201cprotezione rigorosa\u201d. Anche per il lupo, come per l\u2019orso \u00e8 attivo un progetto europeo Life WolfAlps Eu che ha preso avvio nel 2019 e prevede \u201cazioni coordinate per migliorare la coesistenza fra lupo e attivit\u00e0 umane a livello di popolazione alpina\u201d. Ci\u00f2 dimostra come la presenza del lupo nei territori alpini abbia suscitato l\u2019esigenza di un intervento europeo di mitigazione degli effetti del ritorno del carnivoro, dopo oltre 100 anni dalla sua scomparsa. Tuttavia per l\u2019Alpago la situazione sta rapidamente degenerando: in poco pi\u00f9 di 4 anni vi sono state infatti 650 predazioni ad opera del lupo e nell\u2019ultimo anno gli attacchi sono praticamente quotidiani, tanto che alcuni allevatori sono costretti a sorvegliare le greggi anche di notte. Per non parlare di chi ha deciso di vendere gli animali e di chiudere l\u2019attivit\u00e0. Le misure antilupo (recinti elettrificati, cani da guardiania) per essere efficaci devono essere applicate in modo rigoroso, ma non tutti gli allevatori \u2013 per numero di capi e per la tipologia di pastorizia nomade che si pratica in Alpago \u2013 riescono a difendersi. Di recente un lupo si \u00e8 avvicinato al centro abitato di Lavina (frazione di Tambre), arrivando ad una distanza molto ravvicinata con un\u2019abitante e i suoi cani da compagnia. I lupi \u201cconfidenti\u201d, ovvero che perdono il naturale timore di avvicinarsi all\u2019uomo rappresentano un aspetto del fenomeno ancora pi\u00f9 preoccupante. In altri paesi europei \u2013 ad esempio la Svizzera la normativa consente il controllo soprattutto per arginare il fenomeno dei lupi confidenti. La preoccupazione \u00e8 che la pecora pagota, specie di recente recuperata dall\u2019estinzione certa e insignita come presidio Slow Food, possa tornare a sparire e con essa una parte importante dell\u2019economia montana che vive sull\u2019allevamento di questa razza considerata pregiata.<br \/>\nDopo aver esposto le reciproche situazioni di emergenza i sindaci si sono confrontati sugli strumenti e le reali possibilit\u00e0 in mano agli amministratori per intervenire a difesa della popolazione e degli allevamenti. Pur di fronte a due situazioni amministrative diverse (Provincia Autonoma da una parte e Regione a statuto ordinario dall\u2019altra) si \u00e8 dovuto constatare con amarezza che non vi sono in realt\u00e0 dei veri e propri atti o provvedimenti che i sindaci possano mettere in campo proprio per il fatto che la protezione accordata a lupo e orso \u00e8 tra le pi\u00f9 elevate e \u2013 a parte qualche misura di dissuasione, spesso anche queste negate in passato \u2013 non \u00e8 possibile attuare altri interventi di controllo. In Val di Sole l\u2019esasperazione dei cittadini e dei loro sindaci, a cui si appellano, ha portato a ipotizzare iniziative e strumenti da mettere in campo: ordinanze, referendum, ordini del giorno di consigli, mozioni. Tuttavia nessuno di questi strumenti permette di agire in modo incisivo, neppure quando il fenomeno diventa una questione di pubblica sicurezza (come per gli attacchi all\u2019uomo). La direzione verso cui puntare si \u00e8 intravista quindi a partire dalla massima condivisione, tra tutte le comunit\u00e0 alpine, delle problematiche che il ritorno dei grandi predatori sta producendo, soprattutto dove il loro soprannumero ha di fatto disequilibrato il rapporto tra la loro presenza e le attivit\u00e0 umane. I Sindaci convengono che il tema di fondo \u00e8 la protezione delle specie, non dei singoli esemplari. Questo vuol dire che nessuno degli amministratori invoca l\u2019abbattimento, ma \u00e8 indispensabile governare il fenomeno per fare in modo che, oltre ai carnivori, la tutela coinvolga anche la vita dell\u2019uomo in montagna \u2013 di per s\u00e9 gi\u00e0 gravata dalla minaccia dello spopolamento, eppure impegnata nella cura di un territorio che se lasciato a s\u00e9 stesso potrebbe rappresentare una fonte di rischio non solo per gli ecosistemi delle terre alte, ma anche per i fondovalle.<br \/>\nProprio il tema della condivisione ha portato il tavolo di confronto ad approfondire un documento illustrato dal Presidente del Comitato Cristoforetti e i cui contenuti sono condivisibilissimi riassumendo in 5 semplici punti il grido di allarme dei territori dell\u2019arco alpino. Il documento ha visto la luce a Chiavenna che nel giugno scorso si \u00e8 autodichiarata \u201ccapitale delle Alpi\u201d per l\u2019impegno degli amministratori locali sul tema dei grandi predatori. Decine di sindaci, anche dalla vicina Svizzera, insieme a rappresentanti regionali e europarlamentari hanno lavorato ad un manifesto di impegno che in 5 punti chiede in sostanza \u201cdi aggiornare i numeri dei censimenti alla realt\u00e0 dei fatti per poi procedere ad una revisione normativa che consenta di gestire con determinazione un problema che sta sfuggendo di mano\u201d. Riassumendo i contenuti del documenti si esprime dapprima la preoccupazione e la paura della popolazione per la presenza dei grandi predatori che si avvicinano sempre di pi\u00f9 ai centri abitati; nel secondo punto si esprime la vicinanza alle attivit\u00e0 agricole e zootecniche (professionisti e non) richiamando il valore del loro lavoro come presidio della vita in montagna e tutela della biodiversit\u00e0; il terzo punto riguarda appunto la richiesta alle autorit\u00e0 competenti di prendere atto del numero dei predatori e di revisionare le normative in modo da consentire una gestione graduale del fenomeno prima che possa sfuggire completamente di mano; il quarto punto richiama il rispetto delle tradizioni secolari dei territori montani dove la presenza dell\u2019uomo e delle sue attivit\u00e0 deve essere tutelata; infine ci si propone un confronto e un coordinamento di tutte la realt\u00e0 dell\u2019arco alpino vicine alle problematiche degli effetti relativi alla presenza dei grandi predatori.<br \/>\nL\u2019incontro si \u00e8 chiuso proprio con l\u2019impegno degli amministratori presenti di fare proprio, diffondere e condividere il documento per fare fronte comune ad una problematica rispetto alla quale \u00e8 ormai drammaticamente necessario agire con urgenza e determinazione.<\/p>\n<p>La voce degli amministratori:<\/p>\n<p>Lorenzo Cicolini, Sindaco di Rabbi e presidente Comunit\u00e0 di Val di Sole<br \/>\nStiamo vivendo veramente momenti difficili con le persone del posto che hanno paura di andare fuori di casa, hanno paura a vivere la montagna, a percorrere le strade e i sentieri di montagna. Sentieri e strade di montagna costruite nei tempi antichi, che fanno parte del nostro patrimonio culturale, fanno parte del nostro vivere comune. Lo diciamo sempre: il bosco \u00e8 casa nostra.<br \/>\nLo spopolamento della montagna sarebbe chiaramente un fatto inaccettabile e gravissimo dal punto di vista culturale, sociale, ambientale. Ma creerebbe grandissimi danni anche alla citt\u00e0, perch\u00e9 la gente di montagna \u00e8 a presidio del territorio. Il presidio del territorio montano \u00e8 fondamentale per quello che riguarda anche i fenomeni dal punto di vista idrogeologico e la recente alluvione dell&#8217;Emilia Romagna ci insegna questo. La montagna abbandonata causa grandissimi danni anche nella parte di pianura.<br \/>\nAbbiamo problemi comuni e ricerchiamo soluzioni comuni. La collaborazione fra i territori di montagna mira soprattutto a sensibilizzare la politica regionale, nazionale ed europea. Ma soprattutto nazionale, per renderla sensibile a queste problematicit\u00e0 e fare massa critica affinch\u00e9 il territorio venga ascoltato e si prenda finalmente in mano, non dal punto di vista ideologico ma dal punto di vista scientifico, il problema della diffusione di lupi e orsi.<\/p>\n<p>Pierantonio Cristoforetti, presidente Comitato \u201cInsieme per Andrea Papi\u201d<br \/>\nAbbiamo sostanzialmente tre grandi obiettivi. Il primo \u00e8 quello di aiutare moralmente ed anche economicamente la famiglia Papi, anche perch\u00e9 si \u00e8 costituita parte civile, anche penale, per poter risolvere la questione e perch\u00e9 sia fatta giustizia per Andrea Papi.<br \/>\nIl secondo obiettivo \u00e8 quello di renderci disponibili come Comitato, e per questo abbiamo iniziato anche una raccolta fondi, per tutti i portatori di interesse che si sentissero lesi nei loro diritti fondamentali.<br \/>\nParlo di chi ha propriet\u00e0 sui nostri boschi, parlo delle ASUC, delle Regole, e di chiunque avesse dei diritti comunque nei nostri territori, che non sono di tutti ma sono propriet\u00e0 collettive.<br \/>\nL&#8217;altro grande obiettivo del comitato \u00e8 quello di una revisione totale del progetto Life Ursus, adesso progetto in gestione alla Provincia Autonoma di Trento.<br \/>\nOltre che la revisione di questo progetto, vogliamo anche delle garanzie per la gente che vive in montagna. Garanzie di sicurezza, di possibilit\u00e0 di usare i propri territori come da usi, costumi, tradizioni e fatti legislativi che risalgono ancora prima della nascita delle Nazioni e degli Stati.<\/p>\n<p>Alberto Peterle, Sindaco di Alpago e presidente Unione Montana Alpago<br \/>\nQuello del lupo \u00e8 un problema grave, profondo, molto di pi\u00f9 di una semplice lamentela. L\u2019arrivo del lupo porta a buttare via una storia fatta di lavoro, sacrifici, impegno. Rovina sia quanto fatto nei decenni passati, sia la prospettiva per i decenni futuri. Il primo pensiero va ovviamente al lavoro degli allevatori, da chi lo fa di professione agli hobbisti. \u00c8 immancabile la nostra vicinanza a loro e l\u2019impegno a portare la loro voce nelle sedi politico-istituzionali.<br \/>\nNegli ultimi 20 anni sono state investite molte energie e somme rilevanti, sia con fondi locali, sia con fondi comunitari, per l\u2019Agnello dell\u2019Alpago. Con l\u2019allora Comunit\u00e0 Montana dell\u2019Alpago abbiamo lavorato con la Misura 16, con i bandi del GAL Prealpi e Dolomiti e con altri strumenti, spendendo soldi pubblici e mettendoci tanto lavoro. Abbiamo supportato gli operatori locali nella mappatura delle greggi, nei progetti di rafforzamento della razza, nello sviluppo della triplice funzione (cio\u00e8 latte, lana, carne). Che tutto questo lavoro venga buttato via in un attimo perch\u00e9 chi dovrebbe gestire il lupo non fa il proprio dovere \u00e8 davvero inaccettabile.<\/p>\n<p>Sara Bona, Sindaco di Tambre<br \/>\nPurtroppo la &#8220;convivenza&#8221; a cui spesso si fa riferimento anche all&#8217;interno delle normative o tra gli obiettivi dei progetti non \u00e8 facile da attuare. Penso per esempio alla presenza dei cani da guardiania che in qualche caso vengono percepiti come una minaccia alla sicurezza di chi fa passeggiate ed escursioni.<br \/>\nI nostri allevatori devono poter continuare a lavorare in sicurezza, tuttavia il potenziamento delle misure di protezione (soprattutto l&#8217;introduzione dei cani) sta creando tensioni tra la popolazione. Questo non va bene, negli anni passati la presenza delle greggi era vista come un fattore di cura del territorio e un&#8217;importante azione di contrasto all&#8217;abbandono della montagna.<br \/>\nLa tenuta sociale dei nostri paesi si basa anche su questi delicati equilibri tra attivit\u00e0 economiche, residenti, turisti. Serve un&#8217;azione pi\u00f9 forte di controllo sulla presenza dei predatori che riporti la situazione in equilibrio.<\/p>\n<p>Gianluca Dal Borgo, Sindaco di Chies d\u2019Alpago<br \/>\nSiamo profondamente convinti che le Amministrazioni e gli Enti, a tutti i livelli, debbano cooperare nel sostenere uno sviluppo sostenibile ambientale, sociale ed economico. Purtroppo tutto questo sembra pesantemente minato in questo momento da ideologie razziste che poco hanno a che fare con la realt\u00e0 oggettiva, i principi del diritto e con il buon senso.<br \/>\nNessun particolare coro si \u00e8 alzato contro l\u2019abbattimento a vista dei cinghiali che invadono le citt\u00e0, ma guai toccare un dito orsi e lupi, figurarsi con pallottole di gomma, dal momento che a essere minata \u00e8 l\u2019esistenza di quattro poveri montanari. Questo \u00e8 quanto abbiamo percepito come amministratori locali in questi anni di continua denuncia inascoltata di una situazione insostenibile. Unendo le voci della montagna, speriamo che il numero possa pi\u00f9 delle tante relazioni e dei dati portati ai tavoli delle istituzioni che avrebbero da tempo dovuto agire.<\/p>","protected":false},"excerpt":{"rendered":"<p>Pubblichiamo le opinioni opposte di chi \u00e8 contro la caccia per la difesa della fauna selvatica e di chi invece vuole una maggior libert\u00e0 nel sopprimere lupi e orsi. *** Con un decreto del 13 giugno il Governo ha approvato un piano straordinario per la gestione ed il contenimento della fauna selvatica gi\u00e0 molto provata [&hellip;]<\/p>\n","protected":false},"author":2,"featured_media":117736,"comment_status":"closed","ping_status":"open","sticky":false,"template":"","format":"standard","meta":{"footnotes":""},"categories":[38,26,8],"tags":[],"class_list":["post-143059","post","type-post","status-publish","format-standard","has-post-thumbnail","category-natura-ambiente","category-prima-pagina","category-societa-istituzioni"],"yoast_head":"<!-- This site is optimized with the Yoast SEO plugin v28.4 - https:\/\/yoast.com\/product\/yoast-seo-wordpress\/ -->\n<title>Caccia, la nuova legge. Allevamenti e predazioni. Le ragioni degli animalisti e quelle degli allevatori - Bellunopress - Dolomiti<\/title>\n<meta name=\"robots\" content=\"index, follow, max-snippet:-1, max-image-preview:large, max-video-preview:-1\" \/>\n<link rel=\"canonical\" href=\"https:\/\/www.bellunopress.it\/fr\/2023\/07\/25\/caccia-la-nuova-legge-allevamenti-e-predazioni-le-ragioni-degli-animalisti-e-quelle-degli-allevatori\/\" \/>\n<meta property=\"og:locale\" content=\"fr_FR\" \/>\n<meta property=\"og:type\" content=\"article\" \/>\n<meta property=\"og:title\" content=\"Caccia, la nuova legge. Allevamenti e predazioni. Le ragioni degli animalisti e quelle degli allevatori - Bellunopress - Dolomiti\" \/>\n<meta property=\"og:description\" content=\"Pubblichiamo le opinioni opposte di chi \u00e8 contro la caccia per la difesa della fauna selvatica e di chi invece vuole una maggior libert\u00e0 nel sopprimere lupi e orsi. *** Con un decreto del 13 giugno il Governo ha approvato un piano straordinario per la gestione ed il contenimento della fauna selvatica gi\u00e0 molto provata [&hellip;]\" \/>\n<meta property=\"og:url\" content=\"https:\/\/www.bellunopress.it\/fr\/2023\/07\/25\/caccia-la-nuova-legge-allevamenti-e-predazioni-le-ragioni-degli-animalisti-e-quelle-degli-allevatori\/\" \/>\n<meta property=\"og:site_name\" content=\"Bellunopress - Dolomiti\" \/>\n<meta property=\"article:publisher\" content=\"https:\/\/www.facebook.com\/profile.php?id=100008943462799\" \/>\n<meta property=\"article:published_time\" content=\"2023-07-25T07:55:17+00:00\" \/>\n<meta property=\"og:image\" content=\"https:\/\/www.bellunopress.it\/wp-content\/uploads\/2020\/09\/caccia-caabs_edited.jpg\" \/>\n\t<meta property=\"og:image:width\" content=\"800\" \/>\n\t<meta property=\"og:image:height\" content=\"600\" \/>\n\t<meta property=\"og:image:type\" content=\"image\/jpeg\" \/>\n<meta name=\"author\" content=\"redazione\" \/>\n<meta name=\"twitter:card\" content=\"summary_large_image\" \/>\n<meta name=\"twitter:creator\" content=\"@bellunopress\" \/>\n<meta name=\"twitter:site\" content=\"@bellunopress\" \/>\n<meta name=\"twitter:label1\" content=\"\u00c9crit par\" \/>\n\t<meta name=\"twitter:data1\" content=\"redazione\" \/>\n\t<meta name=\"twitter:label2\" content=\"Dur\u00e9e de lecture estim\u00e9e\" \/>\n\t<meta name=\"twitter:data2\" content=\"15 minutes\" \/>\n<script type=\"application\/ld+json\" class=\"yoast-schema-graph\">{\"@context\":\"https:\\\/\\\/schema.org\",\"@graph\":[{\"@type\":\"Article\",\"@id\":\"https:\\\/\\\/www.bellunopress.it\\\/2023\\\/07\\\/25\\\/caccia-la-nuova-legge-allevamenti-e-predazioni-le-ragioni-degli-animalisti-e-quelle-degli-allevatori\\\/#article\",\"isPartOf\":{\"@id\":\"https:\\\/\\\/www.bellunopress.it\\\/2023\\\/07\\\/25\\\/caccia-la-nuova-legge-allevamenti-e-predazioni-le-ragioni-degli-animalisti-e-quelle-degli-allevatori\\\/\"},\"author\":{\"name\":\"redazione\",\"@id\":\"https:\\\/\\\/www.bellunopress.it\\\/#\\\/schema\\\/person\\\/79bb06722b37ece1c03d3e94beb30d73\"},\"headline\":\"Caccia, la nuova legge. Allevamenti e predazioni. Le ragioni degli animalisti e quelle degli allevatori\",\"datePublished\":\"2023-07-25T07:55:17+00:00\",\"mainEntityOfPage\":{\"@id\":\"https:\\\/\\\/www.bellunopress.it\\\/2023\\\/07\\\/25\\\/caccia-la-nuova-legge-allevamenti-e-predazioni-le-ragioni-degli-animalisti-e-quelle-degli-allevatori\\\/\"},\"wordCount\":2772,\"publisher\":{\"@id\":\"https:\\\/\\\/www.bellunopress.it\\\/#organization\"},\"image\":{\"@id\":\"https:\\\/\\\/www.bellunopress.it\\\/2023\\\/07\\\/25\\\/caccia-la-nuova-legge-allevamenti-e-predazioni-le-ragioni-degli-animalisti-e-quelle-degli-allevatori\\\/#primaryimage\"},\"thumbnailUrl\":\"https:\\\/\\\/www.bellunopress.it\\\/wp-content\\\/uploads\\\/2020\\\/09\\\/caccia-caabs_edited.jpg\",\"articleSection\":[\"Meteo, natura, ambiente, animali\",\"Prima Pagina\",\"Societ\u00e0, Associazioni, Istituzioni\"],\"inLanguage\":\"fr-FR\"},{\"@type\":\"WebPage\",\"@id\":\"https:\\\/\\\/www.bellunopress.it\\\/2023\\\/07\\\/25\\\/caccia-la-nuova-legge-allevamenti-e-predazioni-le-ragioni-degli-animalisti-e-quelle-degli-allevatori\\\/\",\"url\":\"https:\\\/\\\/www.bellunopress.it\\\/2023\\\/07\\\/25\\\/caccia-la-nuova-legge-allevamenti-e-predazioni-le-ragioni-degli-animalisti-e-quelle-degli-allevatori\\\/\",\"name\":\"Caccia, la nuova legge. Allevamenti e predazioni. Le ragioni degli animalisti e quelle degli allevatori - Bellunopress - Dolomiti\",\"isPartOf\":{\"@id\":\"https:\\\/\\\/www.bellunopress.it\\\/#website\"},\"primaryImageOfPage\":{\"@id\":\"https:\\\/\\\/www.bellunopress.it\\\/2023\\\/07\\\/25\\\/caccia-la-nuova-legge-allevamenti-e-predazioni-le-ragioni-degli-animalisti-e-quelle-degli-allevatori\\\/#primaryimage\"},\"image\":{\"@id\":\"https:\\\/\\\/www.bellunopress.it\\\/2023\\\/07\\\/25\\\/caccia-la-nuova-legge-allevamenti-e-predazioni-le-ragioni-degli-animalisti-e-quelle-degli-allevatori\\\/#primaryimage\"},\"thumbnailUrl\":\"https:\\\/\\\/www.bellunopress.it\\\/wp-content\\\/uploads\\\/2020\\\/09\\\/caccia-caabs_edited.jpg\",\"datePublished\":\"2023-07-25T07:55:17+00:00\",\"breadcrumb\":{\"@id\":\"https:\\\/\\\/www.bellunopress.it\\\/2023\\\/07\\\/25\\\/caccia-la-nuova-legge-allevamenti-e-predazioni-le-ragioni-degli-animalisti-e-quelle-degli-allevatori\\\/#breadcrumb\"},\"inLanguage\":\"fr-FR\",\"potentialAction\":[{\"@type\":\"ReadAction\",\"target\":[\"https:\\\/\\\/www.bellunopress.it\\\/2023\\\/07\\\/25\\\/caccia-la-nuova-legge-allevamenti-e-predazioni-le-ragioni-degli-animalisti-e-quelle-degli-allevatori\\\/\"]}]},{\"@type\":\"ImageObject\",\"inLanguage\":\"fr-FR\",\"@id\":\"https:\\\/\\\/www.bellunopress.it\\\/2023\\\/07\\\/25\\\/caccia-la-nuova-legge-allevamenti-e-predazioni-le-ragioni-degli-animalisti-e-quelle-degli-allevatori\\\/#primaryimage\",\"url\":\"https:\\\/\\\/www.bellunopress.it\\\/wp-content\\\/uploads\\\/2020\\\/09\\\/caccia-caabs_edited.jpg\",\"contentUrl\":\"https:\\\/\\\/www.bellunopress.it\\\/wp-content\\\/uploads\\\/2020\\\/09\\\/caccia-caabs_edited.jpg\",\"width\":800,\"height\":600},{\"@type\":\"BreadcrumbList\",\"@id\":\"https:\\\/\\\/www.bellunopress.it\\\/2023\\\/07\\\/25\\\/caccia-la-nuova-legge-allevamenti-e-predazioni-le-ragioni-degli-animalisti-e-quelle-degli-allevatori\\\/#breadcrumb\",\"itemListElement\":[{\"@type\":\"ListItem\",\"position\":1,\"name\":\"Home\",\"item\":\"https:\\\/\\\/www.bellunopress.it\\\/\"},{\"@type\":\"ListItem\",\"position\":2,\"name\":\"Caccia, la nuova legge. Allevamenti e predazioni. Le ragioni degli animalisti e quelle degli allevatori\"}]},{\"@type\":\"WebSite\",\"@id\":\"https:\\\/\\\/www.bellunopress.it\\\/#website\",\"url\":\"https:\\\/\\\/www.bellunopress.it\\\/\",\"name\":\"Bellunopress - Dolomiti\",\"description\":\"e-mail: redazione@bellunopress.it\",\"publisher\":{\"@id\":\"https:\\\/\\\/www.bellunopress.it\\\/#organization\"},\"potentialAction\":[{\"@type\":\"SearchAction\",\"target\":{\"@type\":\"EntryPoint\",\"urlTemplate\":\"https:\\\/\\\/www.bellunopress.it\\\/?s={search_term_string}\"},\"query-input\":{\"@type\":\"PropertyValueSpecification\",\"valueRequired\":true,\"valueName\":\"search_term_string\"}}],\"inLanguage\":\"fr-FR\"},{\"@type\":\"Organization\",\"@id\":\"https:\\\/\\\/www.bellunopress.it\\\/#organization\",\"name\":\"Bellunopress\",\"url\":\"https:\\\/\\\/www.bellunopress.it\\\/\",\"logo\":{\"@type\":\"ImageObject\",\"inLanguage\":\"fr-FR\",\"@id\":\"https:\\\/\\\/www.bellunopress.it\\\/#\\\/schema\\\/logo\\\/image\\\/\",\"url\":\"https:\\\/\\\/www.bellunopress.it\\\/wp-content\\\/uploads\\\/2011\\\/05\\\/cropped-logo-bellunopress-.jpg\",\"contentUrl\":\"https:\\\/\\\/www.bellunopress.it\\\/wp-content\\\/uploads\\\/2011\\\/05\\\/cropped-logo-bellunopress-.jpg\",\"width\":512,\"height\":512,\"caption\":\"Bellunopress\"},\"image\":{\"@id\":\"https:\\\/\\\/www.bellunopress.it\\\/#\\\/schema\\\/logo\\\/image\\\/\"},\"sameAs\":[\"https:\\\/\\\/www.facebook.com\\\/profile.php?id=100008943462799\",\"https:\\\/\\\/x.com\\\/bellunopress\",\"https:\\\/\\\/www.linkedin.com\\\/hp\\\/?dnr=JBzUWaJfMUw8vbXJJ2tVW5-I3jZKvC4wsoxE&amp;amp;amp;amp;amp;amp;trk=nav_responsive_tab_home\",\"https:\\\/\\\/www.youtube.com\\\/channel\\\/UCxL0wu1uN0_3_7hGG0306cw\"]},{\"@type\":\"Person\",\"@id\":\"https:\\\/\\\/www.bellunopress.it\\\/#\\\/schema\\\/person\\\/79bb06722b37ece1c03d3e94beb30d73\",\"name\":\"redazione\",\"image\":{\"@type\":\"ImageObject\",\"inLanguage\":\"fr-FR\",\"@id\":\"https:\\\/\\\/secure.gravatar.com\\\/avatar\\\/37d968a2e67a6fd04c169c4bdef102d0bc5d31b2546345219e348575eb80e9a0?s=96&d=mm&r=g\",\"url\":\"https:\\\/\\\/secure.gravatar.com\\\/avatar\\\/37d968a2e67a6fd04c169c4bdef102d0bc5d31b2546345219e348575eb80e9a0?s=96&d=mm&r=g\",\"contentUrl\":\"https:\\\/\\\/secure.gravatar.com\\\/avatar\\\/37d968a2e67a6fd04c169c4bdef102d0bc5d31b2546345219e348575eb80e9a0?s=96&d=mm&r=g\",\"caption\":\"redazione\"},\"sameAs\":[\"http:\\\/\\\/www.bellunopress.it\",\"https:\\\/\\\/x.com\\\/bellunopress\"],\"url\":\"https:\\\/\\\/www.bellunopress.it\\\/fr\\\/author\\\/redazione\\\/\"}]}<\/script>\n<!-- \/ Yoast SEO plugin. -->","yoast_head_json":{"title":"Caccia, la nuova legge. Allevamenti e predazioni. Le ragioni degli animalisti e quelle degli allevatori - Bellunopress - Dolomiti","robots":{"index":"index","follow":"follow","max-snippet":"max-snippet:-1","max-image-preview":"max-image-preview:large","max-video-preview":"max-video-preview:-1"},"canonical":"https:\/\/www.bellunopress.it\/fr\/2023\/07\/25\/caccia-la-nuova-legge-allevamenti-e-predazioni-le-ragioni-degli-animalisti-e-quelle-degli-allevatori\/","og_locale":"fr_FR","og_type":"article","og_title":"Caccia, la nuova legge. Allevamenti e predazioni. Le ragioni degli animalisti e quelle degli allevatori - Bellunopress - Dolomiti","og_description":"Pubblichiamo le opinioni opposte di chi \u00e8 contro la caccia per la difesa della fauna selvatica e di chi invece vuole una maggior libert\u00e0 nel sopprimere lupi e orsi. *** Con un decreto del 13 giugno il Governo ha approvato un piano straordinario per la gestione ed il contenimento della fauna selvatica gi\u00e0 molto provata [&hellip;]","og_url":"https:\/\/www.bellunopress.it\/fr\/2023\/07\/25\/caccia-la-nuova-legge-allevamenti-e-predazioni-le-ragioni-degli-animalisti-e-quelle-degli-allevatori\/","og_site_name":"Bellunopress - Dolomiti","article_publisher":"https:\/\/www.facebook.com\/profile.php?id=100008943462799","article_published_time":"2023-07-25T07:55:17+00:00","og_image":[{"width":800,"height":600,"url":"https:\/\/www.bellunopress.it\/wp-content\/uploads\/2020\/09\/caccia-caabs_edited.jpg","type":"image\/jpeg"}],"author":"redazione","twitter_card":"summary_large_image","twitter_creator":"@bellunopress","twitter_site":"@bellunopress","twitter_misc":{"\u00c9crit par":"redazione","Dur\u00e9e de lecture estim\u00e9e":"15 minutes"},"schema":{"@context":"https:\/\/schema.org","@graph":[{"@type":"Article","@id":"https:\/\/www.bellunopress.it\/2023\/07\/25\/caccia-la-nuova-legge-allevamenti-e-predazioni-le-ragioni-degli-animalisti-e-quelle-degli-allevatori\/#article","isPartOf":{"@id":"https:\/\/www.bellunopress.it\/2023\/07\/25\/caccia-la-nuova-legge-allevamenti-e-predazioni-le-ragioni-degli-animalisti-e-quelle-degli-allevatori\/"},"author":{"name":"redazione","@id":"https:\/\/www.bellunopress.it\/#\/schema\/person\/79bb06722b37ece1c03d3e94beb30d73"},"headline":"Caccia, la nuova legge. Allevamenti e predazioni. Le ragioni degli animalisti e quelle degli allevatori","datePublished":"2023-07-25T07:55:17+00:00","mainEntityOfPage":{"@id":"https:\/\/www.bellunopress.it\/2023\/07\/25\/caccia-la-nuova-legge-allevamenti-e-predazioni-le-ragioni-degli-animalisti-e-quelle-degli-allevatori\/"},"wordCount":2772,"publisher":{"@id":"https:\/\/www.bellunopress.it\/#organization"},"image":{"@id":"https:\/\/www.bellunopress.it\/2023\/07\/25\/caccia-la-nuova-legge-allevamenti-e-predazioni-le-ragioni-degli-animalisti-e-quelle-degli-allevatori\/#primaryimage"},"thumbnailUrl":"https:\/\/www.bellunopress.it\/wp-content\/uploads\/2020\/09\/caccia-caabs_edited.jpg","articleSection":["Meteo, natura, ambiente, animali","Prima Pagina","Societ\u00e0, Associazioni, Istituzioni"],"inLanguage":"fr-FR"},{"@type":"WebPage","@id":"https:\/\/www.bellunopress.it\/2023\/07\/25\/caccia-la-nuova-legge-allevamenti-e-predazioni-le-ragioni-degli-animalisti-e-quelle-degli-allevatori\/","url":"https:\/\/www.bellunopress.it\/2023\/07\/25\/caccia-la-nuova-legge-allevamenti-e-predazioni-le-ragioni-degli-animalisti-e-quelle-degli-allevatori\/","name":"Caccia, la nuova legge. Allevamenti e predazioni. Le ragioni degli animalisti e quelle degli allevatori - Bellunopress - Dolomiti","isPartOf":{"@id":"https:\/\/www.bellunopress.it\/#website"},"primaryImageOfPage":{"@id":"https:\/\/www.bellunopress.it\/2023\/07\/25\/caccia-la-nuova-legge-allevamenti-e-predazioni-le-ragioni-degli-animalisti-e-quelle-degli-allevatori\/#primaryimage"},"image":{"@id":"https:\/\/www.bellunopress.it\/2023\/07\/25\/caccia-la-nuova-legge-allevamenti-e-predazioni-le-ragioni-degli-animalisti-e-quelle-degli-allevatori\/#primaryimage"},"thumbnailUrl":"https:\/\/www.bellunopress.it\/wp-content\/uploads\/2020\/09\/caccia-caabs_edited.jpg","datePublished":"2023-07-25T07:55:17+00:00","breadcrumb":{"@id":"https:\/\/www.bellunopress.it\/2023\/07\/25\/caccia-la-nuova-legge-allevamenti-e-predazioni-le-ragioni-degli-animalisti-e-quelle-degli-allevatori\/#breadcrumb"},"inLanguage":"fr-FR","potentialAction":[{"@type":"ReadAction","target":["https:\/\/www.bellunopress.it\/2023\/07\/25\/caccia-la-nuova-legge-allevamenti-e-predazioni-le-ragioni-degli-animalisti-e-quelle-degli-allevatori\/"]}]},{"@type":"ImageObject","inLanguage":"fr-FR","@id":"https:\/\/www.bellunopress.it\/2023\/07\/25\/caccia-la-nuova-legge-allevamenti-e-predazioni-le-ragioni-degli-animalisti-e-quelle-degli-allevatori\/#primaryimage","url":"https:\/\/www.bellunopress.it\/wp-content\/uploads\/2020\/09\/caccia-caabs_edited.jpg","contentUrl":"https:\/\/www.bellunopress.it\/wp-content\/uploads\/2020\/09\/caccia-caabs_edited.jpg","width":800,"height":600},{"@type":"BreadcrumbList","@id":"https:\/\/www.bellunopress.it\/2023\/07\/25\/caccia-la-nuova-legge-allevamenti-e-predazioni-le-ragioni-degli-animalisti-e-quelle-degli-allevatori\/#breadcrumb","itemListElement":[{"@type":"ListItem","position":1,"name":"Home","item":"https:\/\/www.bellunopress.it\/"},{"@type":"ListItem","position":2,"name":"Caccia, la nuova legge. Allevamenti e predazioni. Le ragioni degli animalisti e quelle degli allevatori"}]},{"@type":"WebSite","@id":"https:\/\/www.bellunopress.it\/#website","url":"https:\/\/www.bellunopress.it\/","name":"Bellunopress - Dolomiti","description":"e-mail: redazione@bellunopress.it","publisher":{"@id":"https:\/\/www.bellunopress.it\/#organization"},"potentialAction":[{"@type":"SearchAction","target":{"@type":"EntryPoint","urlTemplate":"https:\/\/www.bellunopress.it\/?s={search_term_string}"},"query-input":{"@type":"PropertyValueSpecification","valueRequired":true,"valueName":"search_term_string"}}],"inLanguage":"fr-FR"},{"@type":"Organization","@id":"https:\/\/www.bellunopress.it\/#organization","name":"Bellunopress","url":"https:\/\/www.bellunopress.it\/","logo":{"@type":"ImageObject","inLanguage":"fr-FR","@id":"https:\/\/www.bellunopress.it\/#\/schema\/logo\/image\/","url":"https:\/\/www.bellunopress.it\/wp-content\/uploads\/2011\/05\/cropped-logo-bellunopress-.jpg","contentUrl":"https:\/\/www.bellunopress.it\/wp-content\/uploads\/2011\/05\/cropped-logo-bellunopress-.jpg","width":512,"height":512,"caption":"Bellunopress"},"image":{"@id":"https:\/\/www.bellunopress.it\/#\/schema\/logo\/image\/"},"sameAs":["https:\/\/www.facebook.com\/profile.php?id=100008943462799","https:\/\/x.com\/bellunopress","https:\/\/www.linkedin.com\/hp\/?dnr=JBzUWaJfMUw8vbXJJ2tVW5-I3jZKvC4wsoxE&amp;amp;amp;amp;amp;amp;trk=nav_responsive_tab_home","https:\/\/www.youtube.com\/channel\/UCxL0wu1uN0_3_7hGG0306cw"]},{"@type":"Person","@id":"https:\/\/www.bellunopress.it\/#\/schema\/person\/79bb06722b37ece1c03d3e94beb30d73","name":"r\u00e9daction","image":{"@type":"ImageObject","inLanguage":"fr-FR","@id":"https:\/\/secure.gravatar.com\/avatar\/37d968a2e67a6fd04c169c4bdef102d0bc5d31b2546345219e348575eb80e9a0?s=96&d=mm&r=g","url":"https:\/\/secure.gravatar.com\/avatar\/37d968a2e67a6fd04c169c4bdef102d0bc5d31b2546345219e348575eb80e9a0?s=96&d=mm&r=g","contentUrl":"https:\/\/secure.gravatar.com\/avatar\/37d968a2e67a6fd04c169c4bdef102d0bc5d31b2546345219e348575eb80e9a0?s=96&d=mm&r=g","caption":"redazione"},"sameAs":["http:\/\/www.bellunopress.it","https:\/\/x.com\/bellunopress"],"url":"https:\/\/www.bellunopress.it\/fr\/author\/redazione\/"}]}},"_links":{"self":[{"href":"https:\/\/www.bellunopress.it\/fr\/wp-json\/wp\/v2\/posts\/143059","targetHints":{"allow":["GET"]}}],"collection":[{"href":"https:\/\/www.bellunopress.it\/fr\/wp-json\/wp\/v2\/posts"}],"about":[{"href":"https:\/\/www.bellunopress.it\/fr\/wp-json\/wp\/v2\/types\/post"}],"author":[{"embeddable":true,"href":"https:\/\/www.bellunopress.it\/fr\/wp-json\/wp\/v2\/users\/2"}],"replies":[{"embeddable":true,"href":"https:\/\/www.bellunopress.it\/fr\/wp-json\/wp\/v2\/comments?post=143059"}],"version-history":[{"count":1,"href":"https:\/\/www.bellunopress.it\/fr\/wp-json\/wp\/v2\/posts\/143059\/revisions"}],"predecessor-version":[{"id":143061,"href":"https:\/\/www.bellunopress.it\/fr\/wp-json\/wp\/v2\/posts\/143059\/revisions\/143061"}],"wp:featuredmedia":[{"embeddable":true,"href":"https:\/\/www.bellunopress.it\/fr\/wp-json\/wp\/v2\/media\/117736"}],"wp:attachment":[{"href":"https:\/\/www.bellunopress.it\/fr\/wp-json\/wp\/v2\/media?parent=143059"}],"wp:term":[{"taxonomy":"category","embeddable":true,"href":"https:\/\/www.bellunopress.it\/fr\/wp-json\/wp\/v2\/categories?post=143059"},{"taxonomy":"post_tag","embeddable":true,"href":"https:\/\/www.bellunopress.it\/fr\/wp-json\/wp\/v2\/tags?post=143059"}],"curies":[{"name":"wp","href":"https:\/\/api.w.org\/{rel}","templated":true}]}}