{"id":143055,"date":"2023-07-25T07:26:31","date_gmt":"2023-07-25T05:26:31","guid":{"rendered":"https:\/\/www.bellunopress.it\/?p=143055"},"modified":"2023-07-25T07:26:31","modified_gmt":"2023-07-25T05:26:31","slug":"cicloturismo-belluno-feltre-e-in-rete-lanello-della-valbelluna","status":"publish","type":"post","link":"https:\/\/www.bellunopress.it\/fr\/2023\/07\/25\/cicloturismo-belluno-feltre-e-in-rete-lanello-della-valbelluna\/","title":{"rendered":"Cicloturismo Belluno-Feltre. E&#8217; in rete l&#8217;Anello della Valbelluna"},"content":{"rendered":"<p><img loading=\"lazy\" decoding=\"async\" class=\"alignleft size-full wp-image-143056\" src=\"https:\/\/www.bellunopress.it\/wp-content\/uploads\/2023\/07\/Anello-della-valbelluna_edited.jpg\" alt=\"\" width=\"1000\" height=\"700\" srcset=\"https:\/\/www.bellunopress.it\/wp-content\/uploads\/2023\/07\/Anello-della-valbelluna_edited.jpg 1000w, https:\/\/www.bellunopress.it\/wp-content\/uploads\/2023\/07\/Anello-della-valbelluna_edited-500x350.jpg 500w, https:\/\/www.bellunopress.it\/wp-content\/uploads\/2023\/07\/Anello-della-valbelluna_edited-696x487.jpg 696w, https:\/\/www.bellunopress.it\/wp-content\/uploads\/2023\/07\/Anello-della-valbelluna_edited-600x420.jpg 600w, https:\/\/www.bellunopress.it\/wp-content\/uploads\/2023\/07\/Anello-della-valbelluna_edited-100x70.jpg 100w\" sizes=\"auto, (max-width: 1000px) 100vw, 1000px\" \/><img loading=\"lazy\" decoding=\"async\" class=\"alignleft size-full wp-image-143057\" src=\"https:\/\/www.bellunopress.it\/wp-content\/uploads\/2023\/07\/amici-della-bicicletta-Fiab_edited.jpg\" alt=\"\" width=\"1000\" height=\"664\" srcset=\"https:\/\/www.bellunopress.it\/wp-content\/uploads\/2023\/07\/amici-della-bicicletta-Fiab_edited.jpg 1000w, https:\/\/www.bellunopress.it\/wp-content\/uploads\/2023\/07\/amici-della-bicicletta-Fiab_edited-500x332.jpg 500w, https:\/\/www.bellunopress.it\/wp-content\/uploads\/2023\/07\/amici-della-bicicletta-Fiab_edited-696x462.jpg 696w, https:\/\/www.bellunopress.it\/wp-content\/uploads\/2023\/07\/amici-della-bicicletta-Fiab_edited-633x420.jpg 633w\" sizes=\"auto, (max-width: 1000px) 100vw, 1000px\" \/>Dopo vent\u2019anni di lavoro il percorso cicloturistico che unisce le due citt\u00e0 d\u2019arte di Belluno e<br \/>\nFeltre \u00e8 una realt\u00e0, ma una realt\u00e0 ancora poco conosciuta sia a livello locale che a livello<br \/>\nregionale e nazionale. Oggi la conoscenza si trasmette in modo digitale, attraverso il web<br \/>\necco perch\u00e9, a coronamento del progetto, FIAB Belluno ha realizzato il sito<br \/>\n<a href=\"http:\/\/www.anellodellavalbelluna.it\">www.anellodellavalbelluna.it<\/a> pubblicato da pochi giorni.<\/p>\n<p>L\u2019idea di pubblicare un sito tematico sul percorso cicloturistico \u201cAnello della Val Belluna\u201d<br \/>\nnasce perch\u00e9 la Val Belluna, grazie alla fitta rete di stradine a bassissimo traffico in un<br \/>\npaesaggio di grande bellezza, emoziona il cicloturista, che resta sorpreso dalla scoperta di<br \/>\nuna vallata particolarmente godibile in bicicletta proprio perch\u00e9 defilata rispetto ai flussi<br \/>\nturistici di massa, che puntano soprattutto alle Dolomiti.<\/p>\n<p>Il progetto dell\u2019Anello della Val Belluna si \u00e8 sviluppato, nel corso degli anni, in tre fasi:<br \/>\n1. Individuazione del percorso cicloturistico con un minuzioso lavoro di ricognizione<br \/>\ndei tratti di ciclabile e delle strade secondarie a basso traffico adatte al cicloturismo.<br \/>\nLe infrastrutture realizzate dagli Enti locali, ad es. la ciclopedonale di via Prade a<br \/>\nBelluno, il sottopasso ciclabile alle Gravazze, le passerelle ciclopedonali sul Ves\u00e8s e<br \/>\nsul Salmenega, hanno favorito la realizzazione del percorso ad anello di 80 km che<br \/>\nsi sviluppa su tratti ciclabili, strade di campagna di buon sterrato e strade secondarie<br \/>\na bassissimo traffico, con solo 1 km ancora su strada statale in localit\u00e0 Busche.<br \/>\n2. Promozione dell\u2019Anello della Val Belluna con la manifestazione \u201cLa Grande<br \/>\nPedalata della Val Belluna\u201d negli anni dal 2018 al 2022, l\u2019inserimento della traccia<br \/>\nnelle piattaforme digitali specializzate nel settore Outdooractive, Wikiloc, Komoot,<br \/>\nOpen cycle map, l\u2019inserimento nel sito www.bicitalia.com , la pubblicazione della<br \/>\ncartina \u201cAnello della Val Belluna\u201d realizzata con il contributo del Consorzio BIM<br \/>\nPiave Belluno e distribuita gratuitamente negli uffici turistici di Belluno, Feltre e Borgo<br \/>\nValbelluna, una serie di presentazioni pubbliche e l\u2019inserimento nei podcast<br \/>\ncicloturisti del sito di Radio24, a cura della giornalista Alessandra Schepisi.<br \/>\n3. Realizzazione di un sito web e di un logo. \u00c8 la fase che si \u00e8 appena conclusa e<br \/>\nche ha intensamente impegnato FIAB Belluno APS negli ultimi mesi.<br \/>\nIl sito www.anellodellavalbelluna.it \u00e8 stato realizzato dalla ditta SVG di Belluno, con la quale<br \/>\nFIAB Belluno ha lavorato in stretta sintonia, elaborando materiale del tutto originale, sia dal<br \/>\npunto di vista testuale che delle immagini. Dal sito \u00e8 possibile scaricare le tracce gpx<br \/>\ndell\u2019Anello della Val Belluna, ma non solo. Una sezione, intitolata \u201cOltre l\u2019Anello\u201d, porta il<br \/>\ncicloturista a scoprire alcuni luoghi iconici della Val Belluna, come la Valle del Mis, la Val<br \/>\nCanz\u00f2i, invitandolo a visitare il Museo Dolomiti di Serravella, il Museo Storico della<br \/>\nBicicletta di Cesiomaggiore e il paese, cristallizzato nel tempo, di Montagne, il Santuario<br \/>\ndei SS Vittore e Corona, con lo splendido ciclo di affreschi giotteschi, la riserva naturale<br \/>\nVincheto di Celarda, il castello di Zumelle ed infine propone l\u2019escursione al Lago di Santa<br \/>\nCroce, adatta anche a famiglie con bambini. La sezione \u201cLe esperienze\u201d \u00e8 dedicata alle<br \/>\nemergenze artistiche e naturalistiche della Val Belluna, infine la sezione \u201cChi siamo\u201d, oltre<br \/>\na presentare FIAB Belluno e le sue attivit\u00e0, illustra come \u00e8 nato e come si \u00e8 sviluppato,<br \/>\nanche dal punto di vista infrastrutturale, il progetto del percorso cicloturistico.<\/p>\n<p>FIAB Belluno \u00e8 particolarmente contenta del logo dell\u2019Anello della Val Belluna, realizzato<br \/>\ndall\u2019agenzia Meemu di Martina Gennari, perch\u00e9 esprime appieno sia lo spirito dell&#8217;Anello<br \/>\ndella Val Belluna che quello dell&#8217;associazione FIAB Belluno APS. Il logo rappresenta un<br \/>\nciclista immerso nel paesaggio della Val Belluna, caratterizzato dalle verdi Prealpi,<br \/>\ndall\u2019azzurro dell\u2019acqua del Piave e da un monte, che evoca le forme del Pizzocco, a<br \/>\nsimbolo delle montagne \u2013 le Dolomiti Bellunesi e le Vette Feltrine \u2013 che chiudono a nord la<br \/>\nVal Belluna, il tutto illuminato da uno splendido sole.<\/p>\n<p>Con la pubblicazione del sito www.anellodellavalbelluna.it FIAB Belluno vuole far<br \/>\nconoscere la nostra vallata al mondo del cicloturismo, un turismo non inquinante, non<br \/>\nrumoroso, allegro e che fa bene alla salute.<\/p>\n<p><strong>Pierluigi Trevisan<\/strong><br \/>\n<strong>Presidente di FIAB Belluno<\/strong><\/p>","protected":false},"excerpt":{"rendered":"<p>Dopo vent\u2019anni di lavoro il percorso cicloturistico che unisce le due citt\u00e0 d\u2019arte di Belluno e Feltre \u00e8 una realt\u00e0, ma una realt\u00e0 ancora poco conosciuta sia a livello locale che a livello regionale e nazionale. Oggi la conoscenza si trasmette in modo digitale, attraverso il web ecco perch\u00e9, a coronamento del progetto, FIAB Belluno [&hellip;]<\/p>\n","protected":false},"author":2,"featured_media":143056,"comment_status":"closed","ping_status":"open","sticky":false,"template":"","format":"standard","meta":{"footnotes":""},"categories":[3446,8,4],"tags":[],"class_list":["post-143055","post","type-post","status-publish","format-standard","has-post-thumbnail","category-featured","category-societa-istituzioni","category-sport"],"yoast_head":"<!-- This site is optimized with the Yoast SEO plugin v28.4 - https:\/\/yoast.com\/product\/yoast-seo-wordpress\/ -->\n<title>Cicloturismo Belluno-Feltre. E&#039; in rete l&#039;Anello della Valbelluna - Bellunopress - Dolomiti<\/title>\n<meta name=\"robots\" content=\"index, follow, max-snippet:-1, max-image-preview:large, max-video-preview:-1\" \/>\n<link rel=\"canonical\" href=\"https:\/\/www.bellunopress.it\/fr\/2023\/07\/25\/cicloturismo-belluno-feltre-e-in-rete-lanello-della-valbelluna\/\" \/>\n<meta property=\"og:locale\" content=\"fr_FR\" \/>\n<meta property=\"og:type\" content=\"article\" \/>\n<meta property=\"og:title\" content=\"Cicloturismo Belluno-Feltre. E&#039; in rete l&#039;Anello della Valbelluna - Bellunopress - Dolomiti\" \/>\n<meta property=\"og:description\" content=\"Dopo vent\u2019anni di lavoro il percorso cicloturistico che unisce le due citt\u00e0 d\u2019arte di Belluno e Feltre \u00e8 una realt\u00e0, ma una realt\u00e0 ancora poco conosciuta sia a livello locale che a livello regionale e nazionale. Oggi la conoscenza si trasmette in modo digitale, attraverso il web ecco perch\u00e9, a coronamento del progetto, FIAB Belluno [&hellip;]\" \/>\n<meta property=\"og:url\" content=\"https:\/\/www.bellunopress.it\/fr\/2023\/07\/25\/cicloturismo-belluno-feltre-e-in-rete-lanello-della-valbelluna\/\" \/>\n<meta property=\"og:site_name\" content=\"Bellunopress - Dolomiti\" \/>\n<meta property=\"article:publisher\" content=\"https:\/\/www.facebook.com\/profile.php?id=100008943462799\" \/>\n<meta property=\"article:published_time\" content=\"2023-07-25T05:26:31+00:00\" \/>\n<meta property=\"og:image\" content=\"https:\/\/www.bellunopress.it\/wp-content\/uploads\/2023\/07\/Anello-della-valbelluna_edited.jpg\" \/>\n\t<meta property=\"og:image:width\" content=\"1000\" \/>\n\t<meta property=\"og:image:height\" content=\"700\" \/>\n\t<meta property=\"og:image:type\" content=\"image\/jpeg\" \/>\n<meta name=\"author\" content=\"redazione\" \/>\n<meta name=\"twitter:card\" content=\"summary_large_image\" \/>\n<meta name=\"twitter:creator\" content=\"@bellunopress\" \/>\n<meta name=\"twitter:site\" content=\"@bellunopress\" \/>\n<meta name=\"twitter:label1\" content=\"\u00c9crit par\" \/>\n\t<meta name=\"twitter:data1\" content=\"redazione\" \/>\n\t<meta name=\"twitter:label2\" content=\"Dur\u00e9e de lecture estim\u00e9e\" \/>\n\t<meta name=\"twitter:data2\" content=\"4 minutes\" \/>\n<script type=\"application\/ld+json\" class=\"yoast-schema-graph\">{\"@context\":\"https:\\\/\\\/schema.org\",\"@graph\":[{\"@type\":\"Article\",\"@id\":\"https:\\\/\\\/www.bellunopress.it\\\/2023\\\/07\\\/25\\\/cicloturismo-belluno-feltre-e-in-rete-lanello-della-valbelluna\\\/#article\",\"isPartOf\":{\"@id\":\"https:\\\/\\\/www.bellunopress.it\\\/2023\\\/07\\\/25\\\/cicloturismo-belluno-feltre-e-in-rete-lanello-della-valbelluna\\\/\"},\"author\":{\"name\":\"redazione\",\"@id\":\"https:\\\/\\\/www.bellunopress.it\\\/#\\\/schema\\\/person\\\/79bb06722b37ece1c03d3e94beb30d73\"},\"headline\":\"Cicloturismo Belluno-Feltre. E&#8217; in rete l&#8217;Anello della Valbelluna\",\"datePublished\":\"2023-07-25T05:26:31+00:00\",\"mainEntityOfPage\":{\"@id\":\"https:\\\/\\\/www.bellunopress.it\\\/2023\\\/07\\\/25\\\/cicloturismo-belluno-feltre-e-in-rete-lanello-della-valbelluna\\\/\"},\"wordCount\":680,\"publisher\":{\"@id\":\"https:\\\/\\\/www.bellunopress.it\\\/#organization\"},\"image\":{\"@id\":\"https:\\\/\\\/www.bellunopress.it\\\/2023\\\/07\\\/25\\\/cicloturismo-belluno-feltre-e-in-rete-lanello-della-valbelluna\\\/#primaryimage\"},\"thumbnailUrl\":\"https:\\\/\\\/www.bellunopress.it\\\/wp-content\\\/uploads\\\/2023\\\/07\\\/Anello-della-valbelluna_edited.jpg\",\"articleSection\":[\"Featured\",\"Societ\u00e0, Associazioni, Istituzioni\",\"Sport, tempo libero\"],\"inLanguage\":\"fr-FR\"},{\"@type\":\"WebPage\",\"@id\":\"https:\\\/\\\/www.bellunopress.it\\\/2023\\\/07\\\/25\\\/cicloturismo-belluno-feltre-e-in-rete-lanello-della-valbelluna\\\/\",\"url\":\"https:\\\/\\\/www.bellunopress.it\\\/2023\\\/07\\\/25\\\/cicloturismo-belluno-feltre-e-in-rete-lanello-della-valbelluna\\\/\",\"name\":\"Cicloturismo Belluno-Feltre. E' in rete l'Anello della Valbelluna - Bellunopress - Dolomiti\",\"isPartOf\":{\"@id\":\"https:\\\/\\\/www.bellunopress.it\\\/#website\"},\"primaryImageOfPage\":{\"@id\":\"https:\\\/\\\/www.bellunopress.it\\\/2023\\\/07\\\/25\\\/cicloturismo-belluno-feltre-e-in-rete-lanello-della-valbelluna\\\/#primaryimage\"},\"image\":{\"@id\":\"https:\\\/\\\/www.bellunopress.it\\\/2023\\\/07\\\/25\\\/cicloturismo-belluno-feltre-e-in-rete-lanello-della-valbelluna\\\/#primaryimage\"},\"thumbnailUrl\":\"https:\\\/\\\/www.bellunopress.it\\\/wp-content\\\/uploads\\\/2023\\\/07\\\/Anello-della-valbelluna_edited.jpg\",\"datePublished\":\"2023-07-25T05:26:31+00:00\",\"breadcrumb\":{\"@id\":\"https:\\\/\\\/www.bellunopress.it\\\/2023\\\/07\\\/25\\\/cicloturismo-belluno-feltre-e-in-rete-lanello-della-valbelluna\\\/#breadcrumb\"},\"inLanguage\":\"fr-FR\",\"potentialAction\":[{\"@type\":\"ReadAction\",\"target\":[\"https:\\\/\\\/www.bellunopress.it\\\/2023\\\/07\\\/25\\\/cicloturismo-belluno-feltre-e-in-rete-lanello-della-valbelluna\\\/\"]}]},{\"@type\":\"ImageObject\",\"inLanguage\":\"fr-FR\",\"@id\":\"https:\\\/\\\/www.bellunopress.it\\\/2023\\\/07\\\/25\\\/cicloturismo-belluno-feltre-e-in-rete-lanello-della-valbelluna\\\/#primaryimage\",\"url\":\"https:\\\/\\\/www.bellunopress.it\\\/wp-content\\\/uploads\\\/2023\\\/07\\\/Anello-della-valbelluna_edited.jpg\",\"contentUrl\":\"https:\\\/\\\/www.bellunopress.it\\\/wp-content\\\/uploads\\\/2023\\\/07\\\/Anello-della-valbelluna_edited.jpg\",\"width\":1000,\"height\":700},{\"@type\":\"BreadcrumbList\",\"@id\":\"https:\\\/\\\/www.bellunopress.it\\\/2023\\\/07\\\/25\\\/cicloturismo-belluno-feltre-e-in-rete-lanello-della-valbelluna\\\/#breadcrumb\",\"itemListElement\":[{\"@type\":\"ListItem\",\"position\":1,\"name\":\"Home\",\"item\":\"https:\\\/\\\/www.bellunopress.it\\\/\"},{\"@type\":\"ListItem\",\"position\":2,\"name\":\"Cicloturismo Belluno-Feltre. E&#8217; in rete l&#8217;Anello della Valbelluna\"}]},{\"@type\":\"WebSite\",\"@id\":\"https:\\\/\\\/www.bellunopress.it\\\/#website\",\"url\":\"https:\\\/\\\/www.bellunopress.it\\\/\",\"name\":\"Bellunopress - Dolomiti\",\"description\":\"e-mail: redazione@bellunopress.it\",\"publisher\":{\"@id\":\"https:\\\/\\\/www.bellunopress.it\\\/#organization\"},\"potentialAction\":[{\"@type\":\"SearchAction\",\"target\":{\"@type\":\"EntryPoint\",\"urlTemplate\":\"https:\\\/\\\/www.bellunopress.it\\\/?s={search_term_string}\"},\"query-input\":{\"@type\":\"PropertyValueSpecification\",\"valueRequired\":true,\"valueName\":\"search_term_string\"}}],\"inLanguage\":\"fr-FR\"},{\"@type\":\"Organization\",\"@id\":\"https:\\\/\\\/www.bellunopress.it\\\/#organization\",\"name\":\"Bellunopress\",\"url\":\"https:\\\/\\\/www.bellunopress.it\\\/\",\"logo\":{\"@type\":\"ImageObject\",\"inLanguage\":\"fr-FR\",\"@id\":\"https:\\\/\\\/www.bellunopress.it\\\/#\\\/schema\\\/logo\\\/image\\\/\",\"url\":\"https:\\\/\\\/www.bellunopress.it\\\/wp-content\\\/uploads\\\/2011\\\/05\\\/cropped-logo-bellunopress-.jpg\",\"contentUrl\":\"https:\\\/\\\/www.bellunopress.it\\\/wp-content\\\/uploads\\\/2011\\\/05\\\/cropped-logo-bellunopress-.jpg\",\"width\":512,\"height\":512,\"caption\":\"Bellunopress\"},\"image\":{\"@id\":\"https:\\\/\\\/www.bellunopress.it\\\/#\\\/schema\\\/logo\\\/image\\\/\"},\"sameAs\":[\"https:\\\/\\\/www.facebook.com\\\/profile.php?id=100008943462799\",\"https:\\\/\\\/x.com\\\/bellunopress\",\"https:\\\/\\\/www.linkedin.com\\\/hp\\\/?dnr=JBzUWaJfMUw8vbXJJ2tVW5-I3jZKvC4wsoxE&amp;amp;amp;amp;amp;amp;trk=nav_responsive_tab_home\",\"https:\\\/\\\/www.youtube.com\\\/channel\\\/UCxL0wu1uN0_3_7hGG0306cw\"]},{\"@type\":\"Person\",\"@id\":\"https:\\\/\\\/www.bellunopress.it\\\/#\\\/schema\\\/person\\\/79bb06722b37ece1c03d3e94beb30d73\",\"name\":\"redazione\",\"image\":{\"@type\":\"ImageObject\",\"inLanguage\":\"fr-FR\",\"@id\":\"https:\\\/\\\/secure.gravatar.com\\\/avatar\\\/37d968a2e67a6fd04c169c4bdef102d0bc5d31b2546345219e348575eb80e9a0?s=96&d=mm&r=g\",\"url\":\"https:\\\/\\\/secure.gravatar.com\\\/avatar\\\/37d968a2e67a6fd04c169c4bdef102d0bc5d31b2546345219e348575eb80e9a0?s=96&d=mm&r=g\",\"contentUrl\":\"https:\\\/\\\/secure.gravatar.com\\\/avatar\\\/37d968a2e67a6fd04c169c4bdef102d0bc5d31b2546345219e348575eb80e9a0?s=96&d=mm&r=g\",\"caption\":\"redazione\"},\"sameAs\":[\"http:\\\/\\\/www.bellunopress.it\",\"https:\\\/\\\/x.com\\\/bellunopress\"],\"url\":\"https:\\\/\\\/www.bellunopress.it\\\/fr\\\/author\\\/redazione\\\/\"}]}<\/script>\n<!-- \/ Yoast SEO plugin. -->","yoast_head_json":{"title":"Cicloturismo Belluno-Feltre. E' in rete l'Anello della Valbelluna - Bellunopress - Dolomiti","robots":{"index":"index","follow":"follow","max-snippet":"max-snippet:-1","max-image-preview":"max-image-preview:large","max-video-preview":"max-video-preview:-1"},"canonical":"https:\/\/www.bellunopress.it\/fr\/2023\/07\/25\/cicloturismo-belluno-feltre-e-in-rete-lanello-della-valbelluna\/","og_locale":"fr_FR","og_type":"article","og_title":"Cicloturismo Belluno-Feltre. E' in rete l'Anello della Valbelluna - Bellunopress - Dolomiti","og_description":"Dopo vent\u2019anni di lavoro il percorso cicloturistico che unisce le due citt\u00e0 d\u2019arte di Belluno e Feltre \u00e8 una realt\u00e0, ma una realt\u00e0 ancora poco conosciuta sia a livello locale che a livello regionale e nazionale. Oggi la conoscenza si trasmette in modo digitale, attraverso il web ecco perch\u00e9, a coronamento del progetto, FIAB Belluno [&hellip;]","og_url":"https:\/\/www.bellunopress.it\/fr\/2023\/07\/25\/cicloturismo-belluno-feltre-e-in-rete-lanello-della-valbelluna\/","og_site_name":"Bellunopress - Dolomiti","article_publisher":"https:\/\/www.facebook.com\/profile.php?id=100008943462799","article_published_time":"2023-07-25T05:26:31+00:00","og_image":[{"width":1000,"height":700,"url":"https:\/\/www.bellunopress.it\/wp-content\/uploads\/2023\/07\/Anello-della-valbelluna_edited.jpg","type":"image\/jpeg"}],"author":"redazione","twitter_card":"summary_large_image","twitter_creator":"@bellunopress","twitter_site":"@bellunopress","twitter_misc":{"\u00c9crit par":"redazione","Dur\u00e9e de lecture estim\u00e9e":"4 minutes"},"schema":{"@context":"https:\/\/schema.org","@graph":[{"@type":"Article","@id":"https:\/\/www.bellunopress.it\/2023\/07\/25\/cicloturismo-belluno-feltre-e-in-rete-lanello-della-valbelluna\/#article","isPartOf":{"@id":"https:\/\/www.bellunopress.it\/2023\/07\/25\/cicloturismo-belluno-feltre-e-in-rete-lanello-della-valbelluna\/"},"author":{"name":"redazione","@id":"https:\/\/www.bellunopress.it\/#\/schema\/person\/79bb06722b37ece1c03d3e94beb30d73"},"headline":"Cicloturismo Belluno-Feltre. E&#8217; in rete l&#8217;Anello della Valbelluna","datePublished":"2023-07-25T05:26:31+00:00","mainEntityOfPage":{"@id":"https:\/\/www.bellunopress.it\/2023\/07\/25\/cicloturismo-belluno-feltre-e-in-rete-lanello-della-valbelluna\/"},"wordCount":680,"publisher":{"@id":"https:\/\/www.bellunopress.it\/#organization"},"image":{"@id":"https:\/\/www.bellunopress.it\/2023\/07\/25\/cicloturismo-belluno-feltre-e-in-rete-lanello-della-valbelluna\/#primaryimage"},"thumbnailUrl":"https:\/\/www.bellunopress.it\/wp-content\/uploads\/2023\/07\/Anello-della-valbelluna_edited.jpg","articleSection":["Featured","Societ\u00e0, Associazioni, Istituzioni","Sport, tempo libero"],"inLanguage":"fr-FR"},{"@type":"WebPage","@id":"https:\/\/www.bellunopress.it\/2023\/07\/25\/cicloturismo-belluno-feltre-e-in-rete-lanello-della-valbelluna\/","url":"https:\/\/www.bellunopress.it\/2023\/07\/25\/cicloturismo-belluno-feltre-e-in-rete-lanello-della-valbelluna\/","name":"Cicloturismo Belluno-Feltre. E' in rete l'Anello della Valbelluna - Bellunopress - Dolomiti","isPartOf":{"@id":"https:\/\/www.bellunopress.it\/#website"},"primaryImageOfPage":{"@id":"https:\/\/www.bellunopress.it\/2023\/07\/25\/cicloturismo-belluno-feltre-e-in-rete-lanello-della-valbelluna\/#primaryimage"},"image":{"@id":"https:\/\/www.bellunopress.it\/2023\/07\/25\/cicloturismo-belluno-feltre-e-in-rete-lanello-della-valbelluna\/#primaryimage"},"thumbnailUrl":"https:\/\/www.bellunopress.it\/wp-content\/uploads\/2023\/07\/Anello-della-valbelluna_edited.jpg","datePublished":"2023-07-25T05:26:31+00:00","breadcrumb":{"@id":"https:\/\/www.bellunopress.it\/2023\/07\/25\/cicloturismo-belluno-feltre-e-in-rete-lanello-della-valbelluna\/#breadcrumb"},"inLanguage":"fr-FR","potentialAction":[{"@type":"ReadAction","target":["https:\/\/www.bellunopress.it\/2023\/07\/25\/cicloturismo-belluno-feltre-e-in-rete-lanello-della-valbelluna\/"]}]},{"@type":"ImageObject","inLanguage":"fr-FR","@id":"https:\/\/www.bellunopress.it\/2023\/07\/25\/cicloturismo-belluno-feltre-e-in-rete-lanello-della-valbelluna\/#primaryimage","url":"https:\/\/www.bellunopress.it\/wp-content\/uploads\/2023\/07\/Anello-della-valbelluna_edited.jpg","contentUrl":"https:\/\/www.bellunopress.it\/wp-content\/uploads\/2023\/07\/Anello-della-valbelluna_edited.jpg","width":1000,"height":700},{"@type":"BreadcrumbList","@id":"https:\/\/www.bellunopress.it\/2023\/07\/25\/cicloturismo-belluno-feltre-e-in-rete-lanello-della-valbelluna\/#breadcrumb","itemListElement":[{"@type":"ListItem","position":1,"name":"Home","item":"https:\/\/www.bellunopress.it\/"},{"@type":"ListItem","position":2,"name":"Cicloturismo Belluno-Feltre. E&#8217; in rete l&#8217;Anello della Valbelluna"}]},{"@type":"WebSite","@id":"https:\/\/www.bellunopress.it\/#website","url":"https:\/\/www.bellunopress.it\/","name":"Bellunopress - Dolomiti","description":"e-mail: redazione@bellunopress.it","publisher":{"@id":"https:\/\/www.bellunopress.it\/#organization"},"potentialAction":[{"@type":"SearchAction","target":{"@type":"EntryPoint","urlTemplate":"https:\/\/www.bellunopress.it\/?s={search_term_string}"},"query-input":{"@type":"PropertyValueSpecification","valueRequired":true,"valueName":"search_term_string"}}],"inLanguage":"fr-FR"},{"@type":"Organization","@id":"https:\/\/www.bellunopress.it\/#organization","name":"Bellunopress","url":"https:\/\/www.bellunopress.it\/","logo":{"@type":"ImageObject","inLanguage":"fr-FR","@id":"https:\/\/www.bellunopress.it\/#\/schema\/logo\/image\/","url":"https:\/\/www.bellunopress.it\/wp-content\/uploads\/2011\/05\/cropped-logo-bellunopress-.jpg","contentUrl":"https:\/\/www.bellunopress.it\/wp-content\/uploads\/2011\/05\/cropped-logo-bellunopress-.jpg","width":512,"height":512,"caption":"Bellunopress"},"image":{"@id":"https:\/\/www.bellunopress.it\/#\/schema\/logo\/image\/"},"sameAs":["https:\/\/www.facebook.com\/profile.php?id=100008943462799","https:\/\/x.com\/bellunopress","https:\/\/www.linkedin.com\/hp\/?dnr=JBzUWaJfMUw8vbXJJ2tVW5-I3jZKvC4wsoxE&amp;amp;amp;amp;amp;amp;trk=nav_responsive_tab_home","https:\/\/www.youtube.com\/channel\/UCxL0wu1uN0_3_7hGG0306cw"]},{"@type":"Person","@id":"https:\/\/www.bellunopress.it\/#\/schema\/person\/79bb06722b37ece1c03d3e94beb30d73","name":"r\u00e9daction","image":{"@type":"ImageObject","inLanguage":"fr-FR","@id":"https:\/\/secure.gravatar.com\/avatar\/37d968a2e67a6fd04c169c4bdef102d0bc5d31b2546345219e348575eb80e9a0?s=96&d=mm&r=g","url":"https:\/\/secure.gravatar.com\/avatar\/37d968a2e67a6fd04c169c4bdef102d0bc5d31b2546345219e348575eb80e9a0?s=96&d=mm&r=g","contentUrl":"https:\/\/secure.gravatar.com\/avatar\/37d968a2e67a6fd04c169c4bdef102d0bc5d31b2546345219e348575eb80e9a0?s=96&d=mm&r=g","caption":"redazione"},"sameAs":["http:\/\/www.bellunopress.it","https:\/\/x.com\/bellunopress"],"url":"https:\/\/www.bellunopress.it\/fr\/author\/redazione\/"}]}},"_links":{"self":[{"href":"https:\/\/www.bellunopress.it\/fr\/wp-json\/wp\/v2\/posts\/143055","targetHints":{"allow":["GET"]}}],"collection":[{"href":"https:\/\/www.bellunopress.it\/fr\/wp-json\/wp\/v2\/posts"}],"about":[{"href":"https:\/\/www.bellunopress.it\/fr\/wp-json\/wp\/v2\/types\/post"}],"author":[{"embeddable":true,"href":"https:\/\/www.bellunopress.it\/fr\/wp-json\/wp\/v2\/users\/2"}],"replies":[{"embeddable":true,"href":"https:\/\/www.bellunopress.it\/fr\/wp-json\/wp\/v2\/comments?post=143055"}],"version-history":[{"count":1,"href":"https:\/\/www.bellunopress.it\/fr\/wp-json\/wp\/v2\/posts\/143055\/revisions"}],"predecessor-version":[{"id":143058,"href":"https:\/\/www.bellunopress.it\/fr\/wp-json\/wp\/v2\/posts\/143055\/revisions\/143058"}],"wp:featuredmedia":[{"embeddable":true,"href":"https:\/\/www.bellunopress.it\/fr\/wp-json\/wp\/v2\/media\/143056"}],"wp:attachment":[{"href":"https:\/\/www.bellunopress.it\/fr\/wp-json\/wp\/v2\/media?parent=143055"}],"wp:term":[{"taxonomy":"category","embeddable":true,"href":"https:\/\/www.bellunopress.it\/fr\/wp-json\/wp\/v2\/categories?post=143055"},{"taxonomy":"post_tag","embeddable":true,"href":"https:\/\/www.bellunopress.it\/fr\/wp-json\/wp\/v2\/tags?post=143055"}],"curies":[{"name":"wp","href":"https:\/\/api.w.org\/{rel}","templated":true}]}}