{"id":143049,"date":"2023-07-24T18:02:35","date_gmt":"2023-07-24T16:02:35","guid":{"rendered":"https:\/\/www.bellunopress.it\/?p=143049"},"modified":"2023-07-24T18:02:35","modified_gmt":"2023-07-24T16:02:35","slug":"la-demografia-dimpresa-nelle-province-di-treviso-e-belluno-al-30-giugno-2023-lanalisi-della-camera-di-commercio","status":"publish","type":"post","link":"https:\/\/www.bellunopress.it\/fr\/2023\/07\/24\/la-demografia-dimpresa-nelle-province-di-treviso-e-belluno-al-30-giugno-2023-lanalisi-della-camera-di-commercio\/","title":{"rendered":"La demografia d\u2019impresa nelle province di Treviso e Belluno al 30 giugno 2023. L&#8217;analisi della Camera di Commercio"},"content":{"rendered":"<p><em><img loading=\"lazy\" decoding=\"async\" class=\"alignleft size-full wp-image-112979\" src=\"https:\/\/www.bellunopress.it\/wp-content\/uploads\/2020\/03\/lavoro.jpg\" alt=\"\" width=\"524\" height=\"720\" srcset=\"https:\/\/www.bellunopress.it\/wp-content\/uploads\/2020\/03\/lavoro.jpg 524w, https:\/\/www.bellunopress.it\/wp-content\/uploads\/2020\/03\/lavoro-364x500.jpg 364w, https:\/\/www.bellunopress.it\/wp-content\/uploads\/2020\/03\/lavoro-306x420.jpg 306w\" sizes=\"auto, (max-width: 524px) 100vw, 524px\" \/>A Treviso le imprese continuano a crescere (+62 sedi rispetto al giugno 2022) ma con ritmo decisamente pi\u00f9 rallentato rispetto all\u2019anno scorso (+422 sedi tra giugno 2022 e giugno 2021); <\/em><\/p>\n<p><em>a Belluno invece si evidenzia una variazione negativa di -63 sedi d\u2019impresa, che si aggiunge alle -47 sedi contabilizzate l\u2019anno scorso. In entrambi i territori continua la crescita delle unit\u00e0 locali: +291 a Treviso, +79 a Belluno, sempre su base annua.<\/em><\/p>\n<p>&nbsp;<\/p>\n<figure id=\"attachment_98121\" aria-describedby=\"caption-attachment-98121\" style=\"width: 232px\" class=\"wp-caption alignleft\"><img loading=\"lazy\" decoding=\"async\" class=\"size-full wp-image-98121\" src=\"https:\/\/www.bellunopress.it\/wp-content\/uploads\/2018\/09\/Mario-Pozza.jpg\" alt=\"\" width=\"232\" height=\"300\" \/><figcaption id=\"caption-attachment-98121\" class=\"wp-caption-text\">Mario Pozza<\/figcaption><\/figure>\n<p>Treviso, 24 luglio 2023\u00a0 &#8211;\u00a0 I dati della demografia d\u2019impresa del secondo trimestre confermano le tendenze gi\u00e0 registrate nel primo trimestre &#8211; commenta il presidente della Camera di Commercio Mario Pozza -. Nella provincia di Treviso si evidenzia un rallentamento della crescita registrando comunque valori positivi (+62 sedi d\u2019impresa, erano +422 un anno fa) mentre a Belluno si registra una contrazione vedendo perdere -63 sedi d\u2019impresa che si aggiungono alle -47 dell\u2019anno scorso.<br \/>\nI dati a giugno confermano un\u2019altra tendenza: la contrapposizione fra contrazione delle sedi d\u2019impresa e l\u2019aumento delle filiali dipendenti per effetto non solo di plurilocalizzazioni, ma anche di processi di acquisizione o trasformazione d\u2019impresa. Questo fenomeno \u00e8 osservabile in particolare nel manifatturiero dove si contano -83 sedi a Treviso e -16 a Belluno nell\u2019ultimo anno, ma +65 filiali a Treviso e +22 a Belluno.<\/p>\n<p>Analizzando il territorio della Marca \u2013 prosegue Pozza \u2013 il comparto edile (+153 sedi) e quello dei servizi alle imprese (+321 sedi con riferimento ad attivit\u00e0 immobiliari e terziario avanzato), continuano a sostenere la demografia d\u2019impresa, rallentando, per\u00f2, a causa della progressiva riduzione degli incentivi fiscali legati alle ristrutturazioni. Diventa sempre pi\u00f9 importante trovare soluzioni per fermare l\u2019emorragia del commercio al dettaglio (-142 sedi) perch\u00e9 \u00e8 un tema che si lega alla vivacit\u00e0 e sicurezza dei nostri tessuti urbani.<\/p>\n<p>Il Bellunese evidenza dinamiche simili, con una maggiore contrazione del commercio al dettaglio (-60 sedi), non compensata da una crescita diffusa in altri settori. Il comparto dove si evidenzia una maggiore crescita \u00e8 rappresentato dai servizi all\u2019impresa dove attivit\u00e0 immobiliari e terziario avanzato registrano un incremento di +22 sedi.<br \/>\n\u00c8 infine da tenere monitorato &#8211; conclude Pozza &#8211; il settore della ristorazione che perde -100 sedi d\u2018impresa nel territorio: -78 a Treviso e -12 a Belluno.<\/p>\n<p>In provincia di Treviso continuano a crescere su base annua sia le sedi d\u2019impresa (+62) sia le unit\u00e0 locali dipendenti (+291), ma con un\u2019intensit\u00e0 di crescita in sensibile attenuazione, soprattutto per le sedi. I motivi sono sostanzialmente i seguenti:<br \/>\n\u00ad rallenta la crescita delle imprese nel comparto edilizio, che pure resta in territorio positivo (+153 contro un +271 contabilizzato tra giugno 2021 e giugno 2022);<br \/>\n\u00ad peggiora la flessione nel commercio al dettaglio: -142 imprese quando nello stesso periodo dello scorso anno gi\u00e0 la Marca aveva perso 77 imprese. Diminuiscono in particolare gli esercizi specializzati nella vendita di prodotti non alimentari. Restano invariate, nel commercio al dettaglio, le filiali;<br \/>\n\u00ad l\u2019agricoltura negli ultimi dodici mesi, da giugno 2022 a giugno 2023, evidenza una flessione di -114 imprese, a differenza dell\u2019analogo periodo dello scorso anno in cui non registrava alcuna variazione. Coltivazione di cereali, allevamento di bovini da latte ed attivit\u00e0 mista coltivazione-allevamento sono le attivit\u00e0 in cui si concentra principalmente la contrazione su base annua. Prosegue invece l\u2019aumento delle attivit\u00e0 legate alla coltivazione di uva;<br \/>\n\u00ad si accentua la flessione negativa nel manifatturiero (-83 imprese, contro le -14 dello scorso anno), compensata in parte da una crescita delle filiali (+65) che si aggiunge alle +39 gi\u00e0 contabilizzate tra giugno 2021 e giugno 2022. Sono pi\u00f9 interessati dalla contrazione delle sedi d\u2019impresa i settori dell\u2019abbigliamento e del legno;<br \/>\n\u00ad si conferma la contrazione delle attivit\u00e0 di ristorazione (-78 sedi, in aggiunta alle -59 dello scorso anno) mentre le attivit\u00e0 legate all\u2019accoglienza registrano una crescita di +26 sedi sull\u2019anno;<br \/>\n\u00ad continua a crescere il terziario avanzato, in particolare le attivit\u00e0 professionali e tecniche: +106 sedi che si aggiungono alle +91 contabilizzate da giugno 2022 a giugno 2021.<\/p>\n<p>Dunque, edilizia, servizi alle imprese e, in misura minore, servizi alla persona continuano a sostenere la demografia d\u2019impresa nella Marca Trevigiana, che al 30 giugno 2023 conta 79.800 sedi d\u2019impresa attive e 19.101 unit\u00e0 locali dipendenti. Le imprese artigiane sono 22.746, in aumento di 114 unit\u00e0 rispetto al trimestre precedente, +34 unit\u00e0 su base annua: effetto compensazione, in buona sostanza, tra +84 aziende artigiane nelle costruzioni e -78 nel manifatturiero. Continua ad essere in sofferenza il settore dei piccoli trasportatori artigiani (-41 sedi su base annua).<\/p>\n<p>In provincia di Belluno si evidenzia una contrazione di -63 sedi d\u2019impresa su base annua (rispetto a giugno 2022), a fronte di una crescita di +79 unit\u00e0 locali nello stesso periodo.<br \/>\nLa dinamica delle sedi d\u2019impresa \u00e8 condizionata dal commercio al dettaglio, che rispetto a giugno 2022, perde -60 sedi (un anno fa si contavano -35 sedi su base annua). Il confronto con il secondo trimestre 2022 vede in particolare una diminuzione della consistenza dei minimercati, ma anche degli esercizi specializzati nella vendita di prodotti alimentari e degli esercizi specializzati nella vendita di prodotti non alimentari.<\/p>\n<p><strong>Altre tendenze osservabili dai dati del secondo trimestre possono essere cos\u00ec riassunte:<\/strong><br \/>\n\u00ad si conferma la flessione delle attivit\u00e0 legate alla ristorazione (-12 sedi rispetto a giugno 2022, -13 il risultato nell\u2019anno precedente). Diminuiscono nell\u2019ultimo anno anche le unit\u00e0 locali dipendenti: -13, a fronte di una crescita di +19 unit\u00e0 lo scorso anno; in lieve controtendenza positiva i servizi legati all\u2019ospitalit\u00e0 che crescono di +8 sedi e +12 unit\u00e0 locali dipendenti rispetto a giugno 2022;<br \/>\n\u00ad il manifatturiero perde -16 sedi rispetto a giugno 2022, ma la perdita risultava pi\u00f9 consistente nell\u2019analogo periodo dello scorso anno (-38). La flessione, nell\u2019ultimo anno riguarda in particolare l\u2019occhialeria e il legno-arredo. Aumentano, invece le unit\u00e0 locali dipendenti (+22 rispetto a giugno 2022);<br \/>\n\u00ad in lieve aumento il comparto edile (+8 sedi su base annua), ma la componente artigiana perde 17 imprese nell\u2019ultimo anno; stabili le attivit\u00e0 immobiliari (-1 sedi nell\u2019ultimo anno, valori uguali nel confronto giugno 2022 su giugno 2021)<br \/>\n\u00ad crescono le attivit\u00e0 professionali scientifiche e tecniche (+13 sedi, che si aggiungono alle +10 dello scorso anno).<br \/>\n\u00ad In lieve flessione le sedi d\u2019impresa nell\u2019agricoltura (-6), dinamica compensata da pari crescita delle filiali (+6).<br \/>\nAl 30 giugno 2023 le sedi d\u2019impresa attive in provincia di Belluno sono 13.730 a cui si aggiungono 4.596 unit\u00e0 locali dipendenti. L\u2019insieme delle imprese artigiane \u00e8 composto da 4.617 unit\u00e0: +22 rispetto a marzo 2023, -36 rispetto a giugno 2022<\/p>\n<p>&nbsp;<\/p>\n<p><strong>Le filiali dipendenti per localizzazione della sede<\/strong><\/p>\n<p>Le consistenze di met\u00e0 2023 confermano la crescita delle unit\u00e0 locali dipendenti, sia a Treviso che a Belluno, per tutti i periodi considerati: le filiali aumentano sia nell\u2019ultimo biennio, che rispetto al periodo pre-Covid.<br \/>\nQuesta tendenza, come gi\u00e0 osservato anche nei precedenti monitoraggi, \u00e8 frutto di strategie di plurilocalizzazione, ma anche di incorporazioni\/acquisizioni d\u2019impresa. Appare pertanto interessante osservare la distribuzione di queste filiali in base al luogo di localizzazione della sede legale, ovvero in base al luogo dove \u00e8 situata la governance dell\u2019impresa.<br \/>\nIn media oltre il 60% delle filiali trevigiane e bellunesi dipende da imprese con sede nella stessa provincia. Questo legame di dipendenza si estende ad una sede ubicata in altra provincia veneta per il 15% delle filiali a Treviso, e per il 18% delle filiali a Belluno; quota che sale al 20% circa se si considerano le filiali la cui sede legale \u00e8 collocata in una regione italiana diversa dal Veneto. Residuali, per ragioni giuridiche, le quote di unit\u00e0 locali dipendenti da imprese con sede all\u2019estero: in realt\u00e0 la presenza estera nel tessuto produttivo locale avviene in prevalenza tramite forme di Merger &amp; Acquisition che lasciano invariato lo status di \u201csede d\u2019impresa\u201d pur mutandone il controllo proprietario, oppure attraverso catene di controllo nelle quali il c.d. ultimate owner (titolare di ultima istanza) non figura come primo nodo proprietario.<br \/>\nQuesta distribuzione cambia se si considerano i diversi ambiti settoriali: nelle attivit\u00e0 di trasporto e spedizioni e nelle assicurazioni e credito \u00e8 significativa la quota di filiali che ha la sede legale in una regione italiana diversa dal Veneto (il 40% circa a Treviso ed il 50% a Belluno). Anche nei servizi alle imprese l\u2019incidenza delle filiali che dipendono da imprese di altre regioni italiane \u00e8 superiore al dato medio ed \u00e8 pari al 25% circa. A Treviso, \u00e8 questo il settore dove aumenta maggiormente la dipendenza da sedi d\u2019impresa fuori Veneto.<br \/>\nUna differente distribuzione si osserva anche nel commercio: l\u2019incidenza delle unit\u00e0 locali con sede in una provincia veneta diversa dalla propria appare superiore al dato medio ed \u00e8 attorno al 20% sia a Treviso che a Belluno. In questo caso \u00e8 in provincia di Belluno che si nota una apprezzabile crescita sia della quota di filiali dipendenti da imprese con sede fuori regione (dal 17,5% al 19,7%), sia della quota di filiali dipendenti da imprese con sede fuori provincia (dal 21,5% al 22,6%).<br \/>\nInteressanti alcune differenze nelle due province per quel che riguarda l\u2019agricoltura e il manifatturiero: a Treviso, per questi comparti, prevalgono nettamente le filiali collegate a sedi nella stessa provincia (per quote superiori all\u201980% per l\u2019agricoltura, e del 74% per il manifatturiero). A Belluno accade invece che \u201csolo\u201d il 59% delle filiali in agricoltura dipenda da imprese bellunesi; quasi un 26% risulta collegata ad imprese situate in altre province venete, cui si aggiunge un altro 15% di filiali collegate ad imprese con sede in altre regioni italiane. Analoga cosa si riscontra per il manifatturiero, dove la quota di filiali dipendenti da sedi bellunesi \u201csi ferma\u201d al 68%, mentre un 17,6% che dipende da sedi situate fuori Veneto, cui si aggiunge un altro 14% di filiali collegate ad imprese venete ma non bellunesi.<\/p>","protected":false},"excerpt":{"rendered":"<p>A Treviso le imprese continuano a crescere (+62 sedi rispetto al giugno 2022) ma con ritmo decisamente pi\u00f9 rallentato rispetto all\u2019anno scorso (+422 sedi tra giugno 2022 e giugno 2021); a Belluno invece si evidenzia una variazione negativa di -63 sedi d\u2019impresa, che si aggiunge alle -47 sedi contabilizzate l\u2019anno scorso. In entrambi i territori [&hellip;]<\/p>\n","protected":false},"author":2,"featured_media":112979,"comment_status":"closed","ping_status":"open","sticky":false,"template":"","format":"standard","meta":{"footnotes":""},"categories":[36,26],"tags":[],"class_list":["post-143049","post","type-post","status-publish","format-standard","has-post-thumbnail","category-lavoro-economia","category-prima-pagina"],"yoast_head":"<!-- This site is optimized with the Yoast SEO plugin v28.4 - https:\/\/yoast.com\/product\/yoast-seo-wordpress\/ -->\n<title>La demografia d\u2019impresa nelle province di Treviso e Belluno al 30 giugno 2023. L&#039;analisi della Camera di Commercio - Bellunopress - Dolomiti<\/title>\n<meta name=\"robots\" content=\"index, follow, max-snippet:-1, max-image-preview:large, max-video-preview:-1\" \/>\n<link rel=\"canonical\" href=\"https:\/\/www.bellunopress.it\/fr\/2023\/07\/24\/la-demografia-dimpresa-nelle-province-di-treviso-e-belluno-al-30-giugno-2023-lanalisi-della-camera-di-commercio\/\" \/>\n<meta property=\"og:locale\" content=\"fr_FR\" \/>\n<meta property=\"og:type\" content=\"article\" \/>\n<meta property=\"og:title\" content=\"La demografia d\u2019impresa nelle province di Treviso e Belluno al 30 giugno 2023. L&#039;analisi della Camera di Commercio - Bellunopress - Dolomiti\" \/>\n<meta property=\"og:description\" content=\"A Treviso le imprese continuano a crescere (+62 sedi rispetto al giugno 2022) ma con ritmo decisamente pi\u00f9 rallentato rispetto all\u2019anno scorso (+422 sedi tra giugno 2022 e giugno 2021); a Belluno invece si evidenzia una variazione negativa di -63 sedi d\u2019impresa, che si aggiunge alle -47 sedi contabilizzate l\u2019anno scorso. In entrambi i territori [&hellip;]\" \/>\n<meta property=\"og:url\" content=\"https:\/\/www.bellunopress.it\/fr\/2023\/07\/24\/la-demografia-dimpresa-nelle-province-di-treviso-e-belluno-al-30-giugno-2023-lanalisi-della-camera-di-commercio\/\" \/>\n<meta property=\"og:site_name\" content=\"Bellunopress - Dolomiti\" \/>\n<meta property=\"article:publisher\" content=\"https:\/\/www.facebook.com\/profile.php?id=100008943462799\" \/>\n<meta property=\"article:published_time\" content=\"2023-07-24T16:02:35+00:00\" \/>\n<meta property=\"og:image\" content=\"https:\/\/www.bellunopress.it\/wp-content\/uploads\/2020\/03\/lavoro.jpg\" \/>\n\t<meta property=\"og:image:width\" content=\"524\" \/>\n\t<meta property=\"og:image:height\" content=\"720\" \/>\n\t<meta property=\"og:image:type\" content=\"image\/jpeg\" \/>\n<meta name=\"author\" content=\"redazione\" \/>\n<meta name=\"twitter:card\" content=\"summary_large_image\" \/>\n<meta name=\"twitter:creator\" content=\"@bellunopress\" \/>\n<meta name=\"twitter:site\" content=\"@bellunopress\" \/>\n<meta name=\"twitter:label1\" content=\"\u00c9crit par\" \/>\n\t<meta name=\"twitter:data1\" content=\"redazione\" \/>\n\t<meta name=\"twitter:label2\" content=\"Dur\u00e9e de lecture estim\u00e9e\" \/>\n\t<meta name=\"twitter:data2\" content=\"9 minutes\" \/>\n<script type=\"application\/ld+json\" class=\"yoast-schema-graph\">{\"@context\":\"https:\\\/\\\/schema.org\",\"@graph\":[{\"@type\":\"Article\",\"@id\":\"https:\\\/\\\/www.bellunopress.it\\\/2023\\\/07\\\/24\\\/la-demografia-dimpresa-nelle-province-di-treviso-e-belluno-al-30-giugno-2023-lanalisi-della-camera-di-commercio\\\/#article\",\"isPartOf\":{\"@id\":\"https:\\\/\\\/www.bellunopress.it\\\/2023\\\/07\\\/24\\\/la-demografia-dimpresa-nelle-province-di-treviso-e-belluno-al-30-giugno-2023-lanalisi-della-camera-di-commercio\\\/\"},\"author\":{\"name\":\"redazione\",\"@id\":\"https:\\\/\\\/www.bellunopress.it\\\/#\\\/schema\\\/person\\\/79bb06722b37ece1c03d3e94beb30d73\"},\"headline\":\"La demografia d\u2019impresa nelle province di Treviso e Belluno al 30 giugno 2023. L&#8217;analisi della Camera di Commercio\",\"datePublished\":\"2023-07-24T16:02:35+00:00\",\"mainEntityOfPage\":{\"@id\":\"https:\\\/\\\/www.bellunopress.it\\\/2023\\\/07\\\/24\\\/la-demografia-dimpresa-nelle-province-di-treviso-e-belluno-al-30-giugno-2023-lanalisi-della-camera-di-commercio\\\/\"},\"wordCount\":1562,\"publisher\":{\"@id\":\"https:\\\/\\\/www.bellunopress.it\\\/#organization\"},\"image\":{\"@id\":\"https:\\\/\\\/www.bellunopress.it\\\/2023\\\/07\\\/24\\\/la-demografia-dimpresa-nelle-province-di-treviso-e-belluno-al-30-giugno-2023-lanalisi-della-camera-di-commercio\\\/#primaryimage\"},\"thumbnailUrl\":\"https:\\\/\\\/www.bellunopress.it\\\/wp-content\\\/uploads\\\/2020\\\/03\\\/lavoro.jpg\",\"articleSection\":[\"Lavoro, Economia, Turismo\",\"Prima Pagina\"],\"inLanguage\":\"fr-FR\"},{\"@type\":\"WebPage\",\"@id\":\"https:\\\/\\\/www.bellunopress.it\\\/2023\\\/07\\\/24\\\/la-demografia-dimpresa-nelle-province-di-treviso-e-belluno-al-30-giugno-2023-lanalisi-della-camera-di-commercio\\\/\",\"url\":\"https:\\\/\\\/www.bellunopress.it\\\/2023\\\/07\\\/24\\\/la-demografia-dimpresa-nelle-province-di-treviso-e-belluno-al-30-giugno-2023-lanalisi-della-camera-di-commercio\\\/\",\"name\":\"La demografia d\u2019impresa nelle province di Treviso e Belluno al 30 giugno 2023. L'analisi della Camera di Commercio - Bellunopress - Dolomiti\",\"isPartOf\":{\"@id\":\"https:\\\/\\\/www.bellunopress.it\\\/#website\"},\"primaryImageOfPage\":{\"@id\":\"https:\\\/\\\/www.bellunopress.it\\\/2023\\\/07\\\/24\\\/la-demografia-dimpresa-nelle-province-di-treviso-e-belluno-al-30-giugno-2023-lanalisi-della-camera-di-commercio\\\/#primaryimage\"},\"image\":{\"@id\":\"https:\\\/\\\/www.bellunopress.it\\\/2023\\\/07\\\/24\\\/la-demografia-dimpresa-nelle-province-di-treviso-e-belluno-al-30-giugno-2023-lanalisi-della-camera-di-commercio\\\/#primaryimage\"},\"thumbnailUrl\":\"https:\\\/\\\/www.bellunopress.it\\\/wp-content\\\/uploads\\\/2020\\\/03\\\/lavoro.jpg\",\"datePublished\":\"2023-07-24T16:02:35+00:00\",\"breadcrumb\":{\"@id\":\"https:\\\/\\\/www.bellunopress.it\\\/2023\\\/07\\\/24\\\/la-demografia-dimpresa-nelle-province-di-treviso-e-belluno-al-30-giugno-2023-lanalisi-della-camera-di-commercio\\\/#breadcrumb\"},\"inLanguage\":\"fr-FR\",\"potentialAction\":[{\"@type\":\"ReadAction\",\"target\":[\"https:\\\/\\\/www.bellunopress.it\\\/2023\\\/07\\\/24\\\/la-demografia-dimpresa-nelle-province-di-treviso-e-belluno-al-30-giugno-2023-lanalisi-della-camera-di-commercio\\\/\"]}]},{\"@type\":\"ImageObject\",\"inLanguage\":\"fr-FR\",\"@id\":\"https:\\\/\\\/www.bellunopress.it\\\/2023\\\/07\\\/24\\\/la-demografia-dimpresa-nelle-province-di-treviso-e-belluno-al-30-giugno-2023-lanalisi-della-camera-di-commercio\\\/#primaryimage\",\"url\":\"https:\\\/\\\/www.bellunopress.it\\\/wp-content\\\/uploads\\\/2020\\\/03\\\/lavoro.jpg\",\"contentUrl\":\"https:\\\/\\\/www.bellunopress.it\\\/wp-content\\\/uploads\\\/2020\\\/03\\\/lavoro.jpg\",\"width\":524,\"height\":720},{\"@type\":\"BreadcrumbList\",\"@id\":\"https:\\\/\\\/www.bellunopress.it\\\/2023\\\/07\\\/24\\\/la-demografia-dimpresa-nelle-province-di-treviso-e-belluno-al-30-giugno-2023-lanalisi-della-camera-di-commercio\\\/#breadcrumb\",\"itemListElement\":[{\"@type\":\"ListItem\",\"position\":1,\"name\":\"Home\",\"item\":\"https:\\\/\\\/www.bellunopress.it\\\/\"},{\"@type\":\"ListItem\",\"position\":2,\"name\":\"La demografia d\u2019impresa nelle province di Treviso e Belluno al 30 giugno 2023. L&#8217;analisi della Camera di Commercio\"}]},{\"@type\":\"WebSite\",\"@id\":\"https:\\\/\\\/www.bellunopress.it\\\/#website\",\"url\":\"https:\\\/\\\/www.bellunopress.it\\\/\",\"name\":\"Bellunopress - Dolomiti\",\"description\":\"e-mail: redazione@bellunopress.it\",\"publisher\":{\"@id\":\"https:\\\/\\\/www.bellunopress.it\\\/#organization\"},\"potentialAction\":[{\"@type\":\"SearchAction\",\"target\":{\"@type\":\"EntryPoint\",\"urlTemplate\":\"https:\\\/\\\/www.bellunopress.it\\\/?s={search_term_string}\"},\"query-input\":{\"@type\":\"PropertyValueSpecification\",\"valueRequired\":true,\"valueName\":\"search_term_string\"}}],\"inLanguage\":\"fr-FR\"},{\"@type\":\"Organization\",\"@id\":\"https:\\\/\\\/www.bellunopress.it\\\/#organization\",\"name\":\"Bellunopress\",\"url\":\"https:\\\/\\\/www.bellunopress.it\\\/\",\"logo\":{\"@type\":\"ImageObject\",\"inLanguage\":\"fr-FR\",\"@id\":\"https:\\\/\\\/www.bellunopress.it\\\/#\\\/schema\\\/logo\\\/image\\\/\",\"url\":\"https:\\\/\\\/www.bellunopress.it\\\/wp-content\\\/uploads\\\/2011\\\/05\\\/cropped-logo-bellunopress-.jpg\",\"contentUrl\":\"https:\\\/\\\/www.bellunopress.it\\\/wp-content\\\/uploads\\\/2011\\\/05\\\/cropped-logo-bellunopress-.jpg\",\"width\":512,\"height\":512,\"caption\":\"Bellunopress\"},\"image\":{\"@id\":\"https:\\\/\\\/www.bellunopress.it\\\/#\\\/schema\\\/logo\\\/image\\\/\"},\"sameAs\":[\"https:\\\/\\\/www.facebook.com\\\/profile.php?id=100008943462799\",\"https:\\\/\\\/x.com\\\/bellunopress\",\"https:\\\/\\\/www.linkedin.com\\\/hp\\\/?dnr=JBzUWaJfMUw8vbXJJ2tVW5-I3jZKvC4wsoxE&amp;amp;amp;amp;amp;amp;trk=nav_responsive_tab_home\",\"https:\\\/\\\/www.youtube.com\\\/channel\\\/UCxL0wu1uN0_3_7hGG0306cw\"]},{\"@type\":\"Person\",\"@id\":\"https:\\\/\\\/www.bellunopress.it\\\/#\\\/schema\\\/person\\\/79bb06722b37ece1c03d3e94beb30d73\",\"name\":\"redazione\",\"image\":{\"@type\":\"ImageObject\",\"inLanguage\":\"fr-FR\",\"@id\":\"https:\\\/\\\/secure.gravatar.com\\\/avatar\\\/37d968a2e67a6fd04c169c4bdef102d0bc5d31b2546345219e348575eb80e9a0?s=96&d=mm&r=g\",\"url\":\"https:\\\/\\\/secure.gravatar.com\\\/avatar\\\/37d968a2e67a6fd04c169c4bdef102d0bc5d31b2546345219e348575eb80e9a0?s=96&d=mm&r=g\",\"contentUrl\":\"https:\\\/\\\/secure.gravatar.com\\\/avatar\\\/37d968a2e67a6fd04c169c4bdef102d0bc5d31b2546345219e348575eb80e9a0?s=96&d=mm&r=g\",\"caption\":\"redazione\"},\"sameAs\":[\"http:\\\/\\\/www.bellunopress.it\",\"https:\\\/\\\/x.com\\\/bellunopress\"],\"url\":\"https:\\\/\\\/www.bellunopress.it\\\/fr\\\/author\\\/redazione\\\/\"}]}<\/script>\n<!-- \/ Yoast SEO plugin. -->","yoast_head_json":{"title":"La demografia d\u2019impresa nelle province di Treviso e Belluno al 30 giugno 2023. L'analisi della Camera di Commercio - Bellunopress - Dolomiti","robots":{"index":"index","follow":"follow","max-snippet":"max-snippet:-1","max-image-preview":"max-image-preview:large","max-video-preview":"max-video-preview:-1"},"canonical":"https:\/\/www.bellunopress.it\/fr\/2023\/07\/24\/la-demografia-dimpresa-nelle-province-di-treviso-e-belluno-al-30-giugno-2023-lanalisi-della-camera-di-commercio\/","og_locale":"fr_FR","og_type":"article","og_title":"La demografia d\u2019impresa nelle province di Treviso e Belluno al 30 giugno 2023. L'analisi della Camera di Commercio - Bellunopress - Dolomiti","og_description":"A Treviso le imprese continuano a crescere (+62 sedi rispetto al giugno 2022) ma con ritmo decisamente pi\u00f9 rallentato rispetto all\u2019anno scorso (+422 sedi tra giugno 2022 e giugno 2021); a Belluno invece si evidenzia una variazione negativa di -63 sedi d\u2019impresa, che si aggiunge alle -47 sedi contabilizzate l\u2019anno scorso. In entrambi i territori [&hellip;]","og_url":"https:\/\/www.bellunopress.it\/fr\/2023\/07\/24\/la-demografia-dimpresa-nelle-province-di-treviso-e-belluno-al-30-giugno-2023-lanalisi-della-camera-di-commercio\/","og_site_name":"Bellunopress - Dolomiti","article_publisher":"https:\/\/www.facebook.com\/profile.php?id=100008943462799","article_published_time":"2023-07-24T16:02:35+00:00","og_image":[{"width":524,"height":720,"url":"https:\/\/www.bellunopress.it\/wp-content\/uploads\/2020\/03\/lavoro.jpg","type":"image\/jpeg"}],"author":"redazione","twitter_card":"summary_large_image","twitter_creator":"@bellunopress","twitter_site":"@bellunopress","twitter_misc":{"\u00c9crit par":"redazione","Dur\u00e9e de lecture estim\u00e9e":"9 minutes"},"schema":{"@context":"https:\/\/schema.org","@graph":[{"@type":"Article","@id":"https:\/\/www.bellunopress.it\/2023\/07\/24\/la-demografia-dimpresa-nelle-province-di-treviso-e-belluno-al-30-giugno-2023-lanalisi-della-camera-di-commercio\/#article","isPartOf":{"@id":"https:\/\/www.bellunopress.it\/2023\/07\/24\/la-demografia-dimpresa-nelle-province-di-treviso-e-belluno-al-30-giugno-2023-lanalisi-della-camera-di-commercio\/"},"author":{"name":"redazione","@id":"https:\/\/www.bellunopress.it\/#\/schema\/person\/79bb06722b37ece1c03d3e94beb30d73"},"headline":"La demografia d\u2019impresa nelle province di Treviso e Belluno al 30 giugno 2023. L&#8217;analisi della Camera di Commercio","datePublished":"2023-07-24T16:02:35+00:00","mainEntityOfPage":{"@id":"https:\/\/www.bellunopress.it\/2023\/07\/24\/la-demografia-dimpresa-nelle-province-di-treviso-e-belluno-al-30-giugno-2023-lanalisi-della-camera-di-commercio\/"},"wordCount":1562,"publisher":{"@id":"https:\/\/www.bellunopress.it\/#organization"},"image":{"@id":"https:\/\/www.bellunopress.it\/2023\/07\/24\/la-demografia-dimpresa-nelle-province-di-treviso-e-belluno-al-30-giugno-2023-lanalisi-della-camera-di-commercio\/#primaryimage"},"thumbnailUrl":"https:\/\/www.bellunopress.it\/wp-content\/uploads\/2020\/03\/lavoro.jpg","articleSection":["Lavoro, Economia, Turismo","Prima Pagina"],"inLanguage":"fr-FR"},{"@type":"WebPage","@id":"https:\/\/www.bellunopress.it\/2023\/07\/24\/la-demografia-dimpresa-nelle-province-di-treviso-e-belluno-al-30-giugno-2023-lanalisi-della-camera-di-commercio\/","url":"https:\/\/www.bellunopress.it\/2023\/07\/24\/la-demografia-dimpresa-nelle-province-di-treviso-e-belluno-al-30-giugno-2023-lanalisi-della-camera-di-commercio\/","name":"La demografia d\u2019impresa nelle province di Treviso e Belluno al 30 giugno 2023. L'analisi della Camera di Commercio - Bellunopress - Dolomiti","isPartOf":{"@id":"https:\/\/www.bellunopress.it\/#website"},"primaryImageOfPage":{"@id":"https:\/\/www.bellunopress.it\/2023\/07\/24\/la-demografia-dimpresa-nelle-province-di-treviso-e-belluno-al-30-giugno-2023-lanalisi-della-camera-di-commercio\/#primaryimage"},"image":{"@id":"https:\/\/www.bellunopress.it\/2023\/07\/24\/la-demografia-dimpresa-nelle-province-di-treviso-e-belluno-al-30-giugno-2023-lanalisi-della-camera-di-commercio\/#primaryimage"},"thumbnailUrl":"https:\/\/www.bellunopress.it\/wp-content\/uploads\/2020\/03\/lavoro.jpg","datePublished":"2023-07-24T16:02:35+00:00","breadcrumb":{"@id":"https:\/\/www.bellunopress.it\/2023\/07\/24\/la-demografia-dimpresa-nelle-province-di-treviso-e-belluno-al-30-giugno-2023-lanalisi-della-camera-di-commercio\/#breadcrumb"},"inLanguage":"fr-FR","potentialAction":[{"@type":"ReadAction","target":["https:\/\/www.bellunopress.it\/2023\/07\/24\/la-demografia-dimpresa-nelle-province-di-treviso-e-belluno-al-30-giugno-2023-lanalisi-della-camera-di-commercio\/"]}]},{"@type":"ImageObject","inLanguage":"fr-FR","@id":"https:\/\/www.bellunopress.it\/2023\/07\/24\/la-demografia-dimpresa-nelle-province-di-treviso-e-belluno-al-30-giugno-2023-lanalisi-della-camera-di-commercio\/#primaryimage","url":"https:\/\/www.bellunopress.it\/wp-content\/uploads\/2020\/03\/lavoro.jpg","contentUrl":"https:\/\/www.bellunopress.it\/wp-content\/uploads\/2020\/03\/lavoro.jpg","width":524,"height":720},{"@type":"BreadcrumbList","@id":"https:\/\/www.bellunopress.it\/2023\/07\/24\/la-demografia-dimpresa-nelle-province-di-treviso-e-belluno-al-30-giugno-2023-lanalisi-della-camera-di-commercio\/#breadcrumb","itemListElement":[{"@type":"ListItem","position":1,"name":"Home","item":"https:\/\/www.bellunopress.it\/"},{"@type":"ListItem","position":2,"name":"La demografia d\u2019impresa nelle province di Treviso e Belluno al 30 giugno 2023. L&#8217;analisi della Camera di Commercio"}]},{"@type":"WebSite","@id":"https:\/\/www.bellunopress.it\/#website","url":"https:\/\/www.bellunopress.it\/","name":"Bellunopress - Dolomiti","description":"e-mail: redazione@bellunopress.it","publisher":{"@id":"https:\/\/www.bellunopress.it\/#organization"},"potentialAction":[{"@type":"SearchAction","target":{"@type":"EntryPoint","urlTemplate":"https:\/\/www.bellunopress.it\/?s={search_term_string}"},"query-input":{"@type":"PropertyValueSpecification","valueRequired":true,"valueName":"search_term_string"}}],"inLanguage":"fr-FR"},{"@type":"Organization","@id":"https:\/\/www.bellunopress.it\/#organization","name":"Bellunopress","url":"https:\/\/www.bellunopress.it\/","logo":{"@type":"ImageObject","inLanguage":"fr-FR","@id":"https:\/\/www.bellunopress.it\/#\/schema\/logo\/image\/","url":"https:\/\/www.bellunopress.it\/wp-content\/uploads\/2011\/05\/cropped-logo-bellunopress-.jpg","contentUrl":"https:\/\/www.bellunopress.it\/wp-content\/uploads\/2011\/05\/cropped-logo-bellunopress-.jpg","width":512,"height":512,"caption":"Bellunopress"},"image":{"@id":"https:\/\/www.bellunopress.it\/#\/schema\/logo\/image\/"},"sameAs":["https:\/\/www.facebook.com\/profile.php?id=100008943462799","https:\/\/x.com\/bellunopress","https:\/\/www.linkedin.com\/hp\/?dnr=JBzUWaJfMUw8vbXJJ2tVW5-I3jZKvC4wsoxE&amp;amp;amp;amp;amp;amp;trk=nav_responsive_tab_home","https:\/\/www.youtube.com\/channel\/UCxL0wu1uN0_3_7hGG0306cw"]},{"@type":"Person","@id":"https:\/\/www.bellunopress.it\/#\/schema\/person\/79bb06722b37ece1c03d3e94beb30d73","name":"r\u00e9daction","image":{"@type":"ImageObject","inLanguage":"fr-FR","@id":"https:\/\/secure.gravatar.com\/avatar\/37d968a2e67a6fd04c169c4bdef102d0bc5d31b2546345219e348575eb80e9a0?s=96&d=mm&r=g","url":"https:\/\/secure.gravatar.com\/avatar\/37d968a2e67a6fd04c169c4bdef102d0bc5d31b2546345219e348575eb80e9a0?s=96&d=mm&r=g","contentUrl":"https:\/\/secure.gravatar.com\/avatar\/37d968a2e67a6fd04c169c4bdef102d0bc5d31b2546345219e348575eb80e9a0?s=96&d=mm&r=g","caption":"redazione"},"sameAs":["http:\/\/www.bellunopress.it","https:\/\/x.com\/bellunopress"],"url":"https:\/\/www.bellunopress.it\/fr\/author\/redazione\/"}]}},"_links":{"self":[{"href":"https:\/\/www.bellunopress.it\/fr\/wp-json\/wp\/v2\/posts\/143049","targetHints":{"allow":["GET"]}}],"collection":[{"href":"https:\/\/www.bellunopress.it\/fr\/wp-json\/wp\/v2\/posts"}],"about":[{"href":"https:\/\/www.bellunopress.it\/fr\/wp-json\/wp\/v2\/types\/post"}],"author":[{"embeddable":true,"href":"https:\/\/www.bellunopress.it\/fr\/wp-json\/wp\/v2\/users\/2"}],"replies":[{"embeddable":true,"href":"https:\/\/www.bellunopress.it\/fr\/wp-json\/wp\/v2\/comments?post=143049"}],"version-history":[{"count":1,"href":"https:\/\/www.bellunopress.it\/fr\/wp-json\/wp\/v2\/posts\/143049\/revisions"}],"predecessor-version":[{"id":143050,"href":"https:\/\/www.bellunopress.it\/fr\/wp-json\/wp\/v2\/posts\/143049\/revisions\/143050"}],"wp:featuredmedia":[{"embeddable":true,"href":"https:\/\/www.bellunopress.it\/fr\/wp-json\/wp\/v2\/media\/112979"}],"wp:attachment":[{"href":"https:\/\/www.bellunopress.it\/fr\/wp-json\/wp\/v2\/media?parent=143049"}],"wp:term":[{"taxonomy":"category","embeddable":true,"href":"https:\/\/www.bellunopress.it\/fr\/wp-json\/wp\/v2\/categories?post=143049"},{"taxonomy":"post_tag","embeddable":true,"href":"https:\/\/www.bellunopress.it\/fr\/wp-json\/wp\/v2\/tags?post=143049"}],"curies":[{"name":"wp","href":"https:\/\/api.w.org\/{rel}","templated":true}]}}