{"id":142955,"date":"2023-07-21T16:40:39","date_gmt":"2023-07-21T14:40:39","guid":{"rendered":"https:\/\/www.bellunopress.it\/?p=142955"},"modified":"2023-07-21T16:40:39","modified_gmt":"2023-07-21T14:40:39","slug":"mattia-losego-assume-il-coordinamento-della-struttura-crisi-di-impresa-al-ministero","status":"publish","type":"post","link":"https:\/\/www.bellunopress.it\/fr\/2023\/07\/21\/mattia-losego-assume-il-coordinamento-della-struttura-crisi-di-impresa-al-ministero\/","title":{"rendered":"Mattia Losego assume il coordinamento della Struttura crisi  di impresa al Ministero"},"content":{"rendered":"<figure id=\"attachment_142956\" aria-describedby=\"caption-attachment-142956\" style=\"width: 656px\" class=\"wp-caption alignleft\"><img loading=\"lazy\" decoding=\"async\" class=\"size-full wp-image-142956\" src=\"https:\/\/www.bellunopress.it\/wp-content\/uploads\/2023\/07\/Mattia-Losego_edited.jpg\" alt=\"\" width=\"656\" height=\"758\" srcset=\"https:\/\/www.bellunopress.it\/wp-content\/uploads\/2023\/07\/Mattia-Losego_edited.jpg 656w, https:\/\/www.bellunopress.it\/wp-content\/uploads\/2023\/07\/Mattia-Losego_edited-433x500.jpg 433w, https:\/\/www.bellunopress.it\/wp-content\/uploads\/2023\/07\/Mattia-Losego_edited-363x420.jpg 363w\" sizes=\"auto, (max-width: 656px) 100vw, 656px\" \/><figcaption id=\"caption-attachment-142956\" class=\"wp-caption-text\">Mattia Losego<\/figcaption><\/figure>\n<p>Venezia, 21 luglio 2023 &#8211; Il dirigente dell\u2019Unit\u00e0 Crisi Aziendali della Regione del Veneto, Mattia Losego, \u00e8 stato chiamato ad assumere il coordinamento della Struttura Crisi di Impresa presso il Ministero delle Imprese e del Made in Italy. Si tratta di un incarico interministeriale fra il MIMIT ed il Ministero del lavoro, con l\u2019obiettivo di gestire le crisi aziendali a livello nazionale.<\/p>\n<p>\u201cMi congratulo con Losego per l\u2019incarico di rilievo a cui \u00e8 stato chiamato e gli auguro buon lavoro per l\u2019impegno di rilevanza nazionale che lo attende \u2013 dice il presidente Zaia -. Sono certo che sapr\u00e0 affrontarlo con il ragguardevole bagaglio di esperienza maturata e con le competenze che ha gi\u00e0 dimostrato di saper ben usare in Regione. Un lavoro nel quale ha affrontato moltissimi casi, non pochi dei quali anche particolarmente complessi e delicati, in cui ha operato tenendo conto delle necessit\u00e0 del modello di gestione, senza mai venire meno al confronto e alla collaborazione con le parti sociali e le imprese e riuscendo in varie situazioni a trovare risposte occupazionali coniugate con lo sviluppo industriale. Il raggiungimento del vertice della struttura interministeriale \u00e8 certamente un traguardo personale per lui ma anche per tutta la Regione del Veneto che vede riconosciuta ancora una volta e ai pi\u00f9 alti livelli la preparazione al servizio dei cittadini dei suoi dirigenti\u201d.<\/p>\n<p>Mattia Losego gestisce l\u2019Unit\u00e0 di Crisi Aziendali della Regione Veneto dal 2012. In questo decennio sono stati affrontati in Veneto oltre 270 tavoli di crisi, con 50mila lavoratori interessati. Tra i pi\u00f9 noti casi risolti: l\u2019ex sito ALCOA, la reindustrializzazione Ideal Standard e il risanamento della Ferroli.<\/p>\n<p>\u201cIl nuovo incarico interministeriale a cui \u00e8 chiamato Losego \u2013 sottolinea l\u2019assessore al Lavoro, Elena Donazzan \u2013 \u00e8 un riconoscimento a chi si \u00e8 fatto le ossa sul campo acquisendo esperienza e individuando vie di uscita in un mondo come quello delle crisi aziendali che per noi in Veneto era fino a qualche anno fa ancora sconosciuto. Nel formulare le mie congratulazioni esprimo la soddisfazione nel vedere riconosciuto il valore del Veneto e della sua capacit\u00e0 di fare crescere una classe dirigente nell\u2019ambito della Pubblica amministrazione. In questo decennio l\u2019Unit\u00e0 crisi aziendali della Regione ha fatto diventare il Veneto un vero laboratorio di innovazione sociale, basato su credibilit\u00e0, autorevolezza e collaborazione tra tutti i soggetti interessati, a cominciare dalle parti sociali\u201d.<\/p>","protected":false},"excerpt":{"rendered":"<p>Venezia, 21 luglio 2023 &#8211; Il dirigente dell\u2019Unit\u00e0 Crisi Aziendali della Regione del Veneto, Mattia Losego, \u00e8 stato chiamato ad assumere il coordinamento della Struttura Crisi di Impresa presso il Ministero delle Imprese e del Made in Italy. Si tratta di un incarico interministeriale fra il MIMIT ed il Ministero del lavoro, con l\u2019obiettivo di [&hellip;]<\/p>\n","protected":false},"author":2,"featured_media":142956,"comment_status":"closed","ping_status":"open","sticky":false,"template":"","format":"standard","meta":{"footnotes":""},"categories":[5,36,26],"tags":[],"class_list":["post-142955","post","type-post","status-publish","format-standard","has-post-thumbnail","category-cronaca","category-lavoro-economia","category-prima-pagina"],"yoast_head":"<!-- This site is optimized with the Yoast SEO plugin v28.4 - https:\/\/yoast.com\/product\/yoast-seo-wordpress\/ -->\n<title>Mattia Losego assume il coordinamento della Struttura crisi di impresa al Ministero - Bellunopress - Dolomiti<\/title>\n<meta name=\"robots\" content=\"index, follow, max-snippet:-1, max-image-preview:large, max-video-preview:-1\" \/>\n<link rel=\"canonical\" href=\"https:\/\/www.bellunopress.it\/fr\/2023\/07\/21\/mattia-losego-assume-il-coordinamento-della-struttura-crisi-di-impresa-al-ministero\/\" \/>\n<meta property=\"og:locale\" content=\"fr_FR\" \/>\n<meta property=\"og:type\" content=\"article\" \/>\n<meta property=\"og:title\" content=\"Mattia Losego assume il coordinamento della Struttura crisi di impresa al Ministero - Bellunopress - Dolomiti\" \/>\n<meta property=\"og:description\" content=\"Venezia, 21 luglio 2023 &#8211; Il dirigente dell\u2019Unit\u00e0 Crisi Aziendali della Regione del Veneto, Mattia Losego, \u00e8 stato chiamato ad assumere il coordinamento della Struttura Crisi di Impresa presso il Ministero delle Imprese e del Made in Italy. Si tratta di un incarico interministeriale fra il MIMIT ed il Ministero del lavoro, con l\u2019obiettivo di [&hellip;]\" \/>\n<meta property=\"og:url\" content=\"https:\/\/www.bellunopress.it\/fr\/2023\/07\/21\/mattia-losego-assume-il-coordinamento-della-struttura-crisi-di-impresa-al-ministero\/\" \/>\n<meta property=\"og:site_name\" content=\"Bellunopress - Dolomiti\" \/>\n<meta property=\"article:publisher\" content=\"https:\/\/www.facebook.com\/profile.php?id=100008943462799\" \/>\n<meta property=\"article:published_time\" content=\"2023-07-21T14:40:39+00:00\" \/>\n<meta property=\"og:image\" content=\"https:\/\/www.bellunopress.it\/wp-content\/uploads\/2023\/07\/Mattia-Losego_edited.jpg\" \/>\n\t<meta property=\"og:image:width\" content=\"656\" \/>\n\t<meta property=\"og:image:height\" content=\"758\" \/>\n\t<meta property=\"og:image:type\" content=\"image\/jpeg\" \/>\n<meta name=\"author\" content=\"redazione\" \/>\n<meta name=\"twitter:card\" content=\"summary_large_image\" \/>\n<meta name=\"twitter:creator\" content=\"@bellunopress\" \/>\n<meta name=\"twitter:site\" content=\"@bellunopress\" \/>\n<meta name=\"twitter:label1\" content=\"\u00c9crit par\" \/>\n\t<meta name=\"twitter:data1\" content=\"redazione\" \/>\n\t<meta name=\"twitter:label2\" content=\"Dur\u00e9e de lecture estim\u00e9e\" \/>\n\t<meta name=\"twitter:data2\" content=\"3 minutes\" \/>\n<script type=\"application\/ld+json\" class=\"yoast-schema-graph\">{\"@context\":\"https:\\\/\\\/schema.org\",\"@graph\":[{\"@type\":\"Article\",\"@id\":\"https:\\\/\\\/www.bellunopress.it\\\/2023\\\/07\\\/21\\\/mattia-losego-assume-il-coordinamento-della-struttura-crisi-di-impresa-al-ministero\\\/#article\",\"isPartOf\":{\"@id\":\"https:\\\/\\\/www.bellunopress.it\\\/2023\\\/07\\\/21\\\/mattia-losego-assume-il-coordinamento-della-struttura-crisi-di-impresa-al-ministero\\\/\"},\"author\":{\"name\":\"redazione\",\"@id\":\"https:\\\/\\\/www.bellunopress.it\\\/#\\\/schema\\\/person\\\/79bb06722b37ece1c03d3e94beb30d73\"},\"headline\":\"Mattia Losego assume il coordinamento della Struttura crisi di impresa al Ministero\",\"datePublished\":\"2023-07-21T14:40:39+00:00\",\"mainEntityOfPage\":{\"@id\":\"https:\\\/\\\/www.bellunopress.it\\\/2023\\\/07\\\/21\\\/mattia-losego-assume-il-coordinamento-della-struttura-crisi-di-impresa-al-ministero\\\/\"},\"wordCount\":406,\"publisher\":{\"@id\":\"https:\\\/\\\/www.bellunopress.it\\\/#organization\"},\"image\":{\"@id\":\"https:\\\/\\\/www.bellunopress.it\\\/2023\\\/07\\\/21\\\/mattia-losego-assume-il-coordinamento-della-struttura-crisi-di-impresa-al-ministero\\\/#primaryimage\"},\"thumbnailUrl\":\"https:\\\/\\\/www.bellunopress.it\\\/wp-content\\\/uploads\\\/2023\\\/07\\\/Mattia-Losego_edited.jpg\",\"articleSection\":[\"Cronaca\\\/Politica\",\"Lavoro, Economia, Turismo\",\"Prima Pagina\"],\"inLanguage\":\"fr-FR\"},{\"@type\":\"WebPage\",\"@id\":\"https:\\\/\\\/www.bellunopress.it\\\/2023\\\/07\\\/21\\\/mattia-losego-assume-il-coordinamento-della-struttura-crisi-di-impresa-al-ministero\\\/\",\"url\":\"https:\\\/\\\/www.bellunopress.it\\\/2023\\\/07\\\/21\\\/mattia-losego-assume-il-coordinamento-della-struttura-crisi-di-impresa-al-ministero\\\/\",\"name\":\"Mattia Losego assume il coordinamento della Struttura crisi di impresa al Ministero - Bellunopress - Dolomiti\",\"isPartOf\":{\"@id\":\"https:\\\/\\\/www.bellunopress.it\\\/#website\"},\"primaryImageOfPage\":{\"@id\":\"https:\\\/\\\/www.bellunopress.it\\\/2023\\\/07\\\/21\\\/mattia-losego-assume-il-coordinamento-della-struttura-crisi-di-impresa-al-ministero\\\/#primaryimage\"},\"image\":{\"@id\":\"https:\\\/\\\/www.bellunopress.it\\\/2023\\\/07\\\/21\\\/mattia-losego-assume-il-coordinamento-della-struttura-crisi-di-impresa-al-ministero\\\/#primaryimage\"},\"thumbnailUrl\":\"https:\\\/\\\/www.bellunopress.it\\\/wp-content\\\/uploads\\\/2023\\\/07\\\/Mattia-Losego_edited.jpg\",\"datePublished\":\"2023-07-21T14:40:39+00:00\",\"breadcrumb\":{\"@id\":\"https:\\\/\\\/www.bellunopress.it\\\/2023\\\/07\\\/21\\\/mattia-losego-assume-il-coordinamento-della-struttura-crisi-di-impresa-al-ministero\\\/#breadcrumb\"},\"inLanguage\":\"fr-FR\",\"potentialAction\":[{\"@type\":\"ReadAction\",\"target\":[\"https:\\\/\\\/www.bellunopress.it\\\/2023\\\/07\\\/21\\\/mattia-losego-assume-il-coordinamento-della-struttura-crisi-di-impresa-al-ministero\\\/\"]}]},{\"@type\":\"ImageObject\",\"inLanguage\":\"fr-FR\",\"@id\":\"https:\\\/\\\/www.bellunopress.it\\\/2023\\\/07\\\/21\\\/mattia-losego-assume-il-coordinamento-della-struttura-crisi-di-impresa-al-ministero\\\/#primaryimage\",\"url\":\"https:\\\/\\\/www.bellunopress.it\\\/wp-content\\\/uploads\\\/2023\\\/07\\\/Mattia-Losego_edited.jpg\",\"contentUrl\":\"https:\\\/\\\/www.bellunopress.it\\\/wp-content\\\/uploads\\\/2023\\\/07\\\/Mattia-Losego_edited.jpg\",\"width\":656,\"height\":758,\"caption\":\"Mattia Losego\"},{\"@type\":\"BreadcrumbList\",\"@id\":\"https:\\\/\\\/www.bellunopress.it\\\/2023\\\/07\\\/21\\\/mattia-losego-assume-il-coordinamento-della-struttura-crisi-di-impresa-al-ministero\\\/#breadcrumb\",\"itemListElement\":[{\"@type\":\"ListItem\",\"position\":1,\"name\":\"Home\",\"item\":\"https:\\\/\\\/www.bellunopress.it\\\/\"},{\"@type\":\"ListItem\",\"position\":2,\"name\":\"Mattia Losego assume il coordinamento della Struttura crisi di impresa al Ministero\"}]},{\"@type\":\"WebSite\",\"@id\":\"https:\\\/\\\/www.bellunopress.it\\\/#website\",\"url\":\"https:\\\/\\\/www.bellunopress.it\\\/\",\"name\":\"Bellunopress - Dolomiti\",\"description\":\"e-mail: redazione@bellunopress.it\",\"publisher\":{\"@id\":\"https:\\\/\\\/www.bellunopress.it\\\/#organization\"},\"potentialAction\":[{\"@type\":\"SearchAction\",\"target\":{\"@type\":\"EntryPoint\",\"urlTemplate\":\"https:\\\/\\\/www.bellunopress.it\\\/?s={search_term_string}\"},\"query-input\":{\"@type\":\"PropertyValueSpecification\",\"valueRequired\":true,\"valueName\":\"search_term_string\"}}],\"inLanguage\":\"fr-FR\"},{\"@type\":\"Organization\",\"@id\":\"https:\\\/\\\/www.bellunopress.it\\\/#organization\",\"name\":\"Bellunopress\",\"url\":\"https:\\\/\\\/www.bellunopress.it\\\/\",\"logo\":{\"@type\":\"ImageObject\",\"inLanguage\":\"fr-FR\",\"@id\":\"https:\\\/\\\/www.bellunopress.it\\\/#\\\/schema\\\/logo\\\/image\\\/\",\"url\":\"https:\\\/\\\/www.bellunopress.it\\\/wp-content\\\/uploads\\\/2011\\\/05\\\/cropped-logo-bellunopress-.jpg\",\"contentUrl\":\"https:\\\/\\\/www.bellunopress.it\\\/wp-content\\\/uploads\\\/2011\\\/05\\\/cropped-logo-bellunopress-.jpg\",\"width\":512,\"height\":512,\"caption\":\"Bellunopress\"},\"image\":{\"@id\":\"https:\\\/\\\/www.bellunopress.it\\\/#\\\/schema\\\/logo\\\/image\\\/\"},\"sameAs\":[\"https:\\\/\\\/www.facebook.com\\\/profile.php?id=100008943462799\",\"https:\\\/\\\/x.com\\\/bellunopress\",\"https:\\\/\\\/www.linkedin.com\\\/hp\\\/?dnr=JBzUWaJfMUw8vbXJJ2tVW5-I3jZKvC4wsoxE&amp;amp;amp;amp;amp;amp;trk=nav_responsive_tab_home\",\"https:\\\/\\\/www.youtube.com\\\/channel\\\/UCxL0wu1uN0_3_7hGG0306cw\"]},{\"@type\":\"Person\",\"@id\":\"https:\\\/\\\/www.bellunopress.it\\\/#\\\/schema\\\/person\\\/79bb06722b37ece1c03d3e94beb30d73\",\"name\":\"redazione\",\"image\":{\"@type\":\"ImageObject\",\"inLanguage\":\"fr-FR\",\"@id\":\"https:\\\/\\\/secure.gravatar.com\\\/avatar\\\/37d968a2e67a6fd04c169c4bdef102d0bc5d31b2546345219e348575eb80e9a0?s=96&d=mm&r=g\",\"url\":\"https:\\\/\\\/secure.gravatar.com\\\/avatar\\\/37d968a2e67a6fd04c169c4bdef102d0bc5d31b2546345219e348575eb80e9a0?s=96&d=mm&r=g\",\"contentUrl\":\"https:\\\/\\\/secure.gravatar.com\\\/avatar\\\/37d968a2e67a6fd04c169c4bdef102d0bc5d31b2546345219e348575eb80e9a0?s=96&d=mm&r=g\",\"caption\":\"redazione\"},\"sameAs\":[\"http:\\\/\\\/www.bellunopress.it\",\"https:\\\/\\\/x.com\\\/bellunopress\"],\"url\":\"https:\\\/\\\/www.bellunopress.it\\\/fr\\\/author\\\/redazione\\\/\"}]}<\/script>\n<!-- \/ Yoast SEO plugin. -->","yoast_head_json":{"title":"Mattia Losego assume il coordinamento della Struttura crisi di impresa al Ministero - Bellunopress - Dolomiti","robots":{"index":"index","follow":"follow","max-snippet":"max-snippet:-1","max-image-preview":"max-image-preview:large","max-video-preview":"max-video-preview:-1"},"canonical":"https:\/\/www.bellunopress.it\/fr\/2023\/07\/21\/mattia-losego-assume-il-coordinamento-della-struttura-crisi-di-impresa-al-ministero\/","og_locale":"fr_FR","og_type":"article","og_title":"Mattia Losego assume il coordinamento della Struttura crisi di impresa al Ministero - Bellunopress - Dolomiti","og_description":"Venezia, 21 luglio 2023 &#8211; Il dirigente dell\u2019Unit\u00e0 Crisi Aziendali della Regione del Veneto, Mattia Losego, \u00e8 stato chiamato ad assumere il coordinamento della Struttura Crisi di Impresa presso il Ministero delle Imprese e del Made in Italy. Si tratta di un incarico interministeriale fra il MIMIT ed il Ministero del lavoro, con l\u2019obiettivo di [&hellip;]","og_url":"https:\/\/www.bellunopress.it\/fr\/2023\/07\/21\/mattia-losego-assume-il-coordinamento-della-struttura-crisi-di-impresa-al-ministero\/","og_site_name":"Bellunopress - Dolomiti","article_publisher":"https:\/\/www.facebook.com\/profile.php?id=100008943462799","article_published_time":"2023-07-21T14:40:39+00:00","og_image":[{"width":656,"height":758,"url":"https:\/\/www.bellunopress.it\/wp-content\/uploads\/2023\/07\/Mattia-Losego_edited.jpg","type":"image\/jpeg"}],"author":"redazione","twitter_card":"summary_large_image","twitter_creator":"@bellunopress","twitter_site":"@bellunopress","twitter_misc":{"\u00c9crit par":"redazione","Dur\u00e9e de lecture estim\u00e9e":"3 minutes"},"schema":{"@context":"https:\/\/schema.org","@graph":[{"@type":"Article","@id":"https:\/\/www.bellunopress.it\/2023\/07\/21\/mattia-losego-assume-il-coordinamento-della-struttura-crisi-di-impresa-al-ministero\/#article","isPartOf":{"@id":"https:\/\/www.bellunopress.it\/2023\/07\/21\/mattia-losego-assume-il-coordinamento-della-struttura-crisi-di-impresa-al-ministero\/"},"author":{"name":"redazione","@id":"https:\/\/www.bellunopress.it\/#\/schema\/person\/79bb06722b37ece1c03d3e94beb30d73"},"headline":"Mattia Losego assume il coordinamento della Struttura crisi di impresa al Ministero","datePublished":"2023-07-21T14:40:39+00:00","mainEntityOfPage":{"@id":"https:\/\/www.bellunopress.it\/2023\/07\/21\/mattia-losego-assume-il-coordinamento-della-struttura-crisi-di-impresa-al-ministero\/"},"wordCount":406,"publisher":{"@id":"https:\/\/www.bellunopress.it\/#organization"},"image":{"@id":"https:\/\/www.bellunopress.it\/2023\/07\/21\/mattia-losego-assume-il-coordinamento-della-struttura-crisi-di-impresa-al-ministero\/#primaryimage"},"thumbnailUrl":"https:\/\/www.bellunopress.it\/wp-content\/uploads\/2023\/07\/Mattia-Losego_edited.jpg","articleSection":["Cronaca\/Politica","Lavoro, Economia, Turismo","Prima Pagina"],"inLanguage":"fr-FR"},{"@type":"WebPage","@id":"https:\/\/www.bellunopress.it\/2023\/07\/21\/mattia-losego-assume-il-coordinamento-della-struttura-crisi-di-impresa-al-ministero\/","url":"https:\/\/www.bellunopress.it\/2023\/07\/21\/mattia-losego-assume-il-coordinamento-della-struttura-crisi-di-impresa-al-ministero\/","name":"Mattia Losego assume il coordinamento della Struttura crisi di impresa al Ministero - Bellunopress - Dolomiti","isPartOf":{"@id":"https:\/\/www.bellunopress.it\/#website"},"primaryImageOfPage":{"@id":"https:\/\/www.bellunopress.it\/2023\/07\/21\/mattia-losego-assume-il-coordinamento-della-struttura-crisi-di-impresa-al-ministero\/#primaryimage"},"image":{"@id":"https:\/\/www.bellunopress.it\/2023\/07\/21\/mattia-losego-assume-il-coordinamento-della-struttura-crisi-di-impresa-al-ministero\/#primaryimage"},"thumbnailUrl":"https:\/\/www.bellunopress.it\/wp-content\/uploads\/2023\/07\/Mattia-Losego_edited.jpg","datePublished":"2023-07-21T14:40:39+00:00","breadcrumb":{"@id":"https:\/\/www.bellunopress.it\/2023\/07\/21\/mattia-losego-assume-il-coordinamento-della-struttura-crisi-di-impresa-al-ministero\/#breadcrumb"},"inLanguage":"fr-FR","potentialAction":[{"@type":"ReadAction","target":["https:\/\/www.bellunopress.it\/2023\/07\/21\/mattia-losego-assume-il-coordinamento-della-struttura-crisi-di-impresa-al-ministero\/"]}]},{"@type":"ImageObject","inLanguage":"fr-FR","@id":"https:\/\/www.bellunopress.it\/2023\/07\/21\/mattia-losego-assume-il-coordinamento-della-struttura-crisi-di-impresa-al-ministero\/#primaryimage","url":"https:\/\/www.bellunopress.it\/wp-content\/uploads\/2023\/07\/Mattia-Losego_edited.jpg","contentUrl":"https:\/\/www.bellunopress.it\/wp-content\/uploads\/2023\/07\/Mattia-Losego_edited.jpg","width":656,"height":758,"caption":"Mattia Losego"},{"@type":"BreadcrumbList","@id":"https:\/\/www.bellunopress.it\/2023\/07\/21\/mattia-losego-assume-il-coordinamento-della-struttura-crisi-di-impresa-al-ministero\/#breadcrumb","itemListElement":[{"@type":"ListItem","position":1,"name":"Home","item":"https:\/\/www.bellunopress.it\/"},{"@type":"ListItem","position":2,"name":"Mattia Losego assume il coordinamento della Struttura crisi di impresa al Ministero"}]},{"@type":"WebSite","@id":"https:\/\/www.bellunopress.it\/#website","url":"https:\/\/www.bellunopress.it\/","name":"Bellunopress - Dolomiti","description":"e-mail: redazione@bellunopress.it","publisher":{"@id":"https:\/\/www.bellunopress.it\/#organization"},"potentialAction":[{"@type":"SearchAction","target":{"@type":"EntryPoint","urlTemplate":"https:\/\/www.bellunopress.it\/?s={search_term_string}"},"query-input":{"@type":"PropertyValueSpecification","valueRequired":true,"valueName":"search_term_string"}}],"inLanguage":"fr-FR"},{"@type":"Organization","@id":"https:\/\/www.bellunopress.it\/#organization","name":"Bellunopress","url":"https:\/\/www.bellunopress.it\/","logo":{"@type":"ImageObject","inLanguage":"fr-FR","@id":"https:\/\/www.bellunopress.it\/#\/schema\/logo\/image\/","url":"https:\/\/www.bellunopress.it\/wp-content\/uploads\/2011\/05\/cropped-logo-bellunopress-.jpg","contentUrl":"https:\/\/www.bellunopress.it\/wp-content\/uploads\/2011\/05\/cropped-logo-bellunopress-.jpg","width":512,"height":512,"caption":"Bellunopress"},"image":{"@id":"https:\/\/www.bellunopress.it\/#\/schema\/logo\/image\/"},"sameAs":["https:\/\/www.facebook.com\/profile.php?id=100008943462799","https:\/\/x.com\/bellunopress","https:\/\/www.linkedin.com\/hp\/?dnr=JBzUWaJfMUw8vbXJJ2tVW5-I3jZKvC4wsoxE&amp;amp;amp;amp;amp;amp;trk=nav_responsive_tab_home","https:\/\/www.youtube.com\/channel\/UCxL0wu1uN0_3_7hGG0306cw"]},{"@type":"Person","@id":"https:\/\/www.bellunopress.it\/#\/schema\/person\/79bb06722b37ece1c03d3e94beb30d73","name":"r\u00e9daction","image":{"@type":"ImageObject","inLanguage":"fr-FR","@id":"https:\/\/secure.gravatar.com\/avatar\/37d968a2e67a6fd04c169c4bdef102d0bc5d31b2546345219e348575eb80e9a0?s=96&d=mm&r=g","url":"https:\/\/secure.gravatar.com\/avatar\/37d968a2e67a6fd04c169c4bdef102d0bc5d31b2546345219e348575eb80e9a0?s=96&d=mm&r=g","contentUrl":"https:\/\/secure.gravatar.com\/avatar\/37d968a2e67a6fd04c169c4bdef102d0bc5d31b2546345219e348575eb80e9a0?s=96&d=mm&r=g","caption":"redazione"},"sameAs":["http:\/\/www.bellunopress.it","https:\/\/x.com\/bellunopress"],"url":"https:\/\/www.bellunopress.it\/fr\/author\/redazione\/"}]}},"_links":{"self":[{"href":"https:\/\/www.bellunopress.it\/fr\/wp-json\/wp\/v2\/posts\/142955","targetHints":{"allow":["GET"]}}],"collection":[{"href":"https:\/\/www.bellunopress.it\/fr\/wp-json\/wp\/v2\/posts"}],"about":[{"href":"https:\/\/www.bellunopress.it\/fr\/wp-json\/wp\/v2\/types\/post"}],"author":[{"embeddable":true,"href":"https:\/\/www.bellunopress.it\/fr\/wp-json\/wp\/v2\/users\/2"}],"replies":[{"embeddable":true,"href":"https:\/\/www.bellunopress.it\/fr\/wp-json\/wp\/v2\/comments?post=142955"}],"version-history":[{"count":1,"href":"https:\/\/www.bellunopress.it\/fr\/wp-json\/wp\/v2\/posts\/142955\/revisions"}],"predecessor-version":[{"id":142957,"href":"https:\/\/www.bellunopress.it\/fr\/wp-json\/wp\/v2\/posts\/142955\/revisions\/142957"}],"wp:featuredmedia":[{"embeddable":true,"href":"https:\/\/www.bellunopress.it\/fr\/wp-json\/wp\/v2\/media\/142956"}],"wp:attachment":[{"href":"https:\/\/www.bellunopress.it\/fr\/wp-json\/wp\/v2\/media?parent=142955"}],"wp:term":[{"taxonomy":"category","embeddable":true,"href":"https:\/\/www.bellunopress.it\/fr\/wp-json\/wp\/v2\/categories?post=142955"},{"taxonomy":"post_tag","embeddable":true,"href":"https:\/\/www.bellunopress.it\/fr\/wp-json\/wp\/v2\/tags?post=142955"}],"curies":[{"name":"wp","href":"https:\/\/api.w.org\/{rel}","templated":true}]}}