{"id":142937,"date":"2023-07-21T11:47:50","date_gmt":"2023-07-21T09:47:50","guid":{"rendered":"https:\/\/www.bellunopress.it\/?p=142937"},"modified":"2023-07-21T13:36:55","modified_gmt":"2023-07-21T11:36:55","slug":"elude-gli-arresti-domiciliari-27-marocchino-incarcerato-a-baldenich","status":"publish","type":"post","link":"https:\/\/www.bellunopress.it\/fr\/2023\/07\/21\/elude-gli-arresti-domiciliari-27-marocchino-incarcerato-a-baldenich\/","title":{"rendered":"Elude gli arresti domiciliari, 27enne marocchino incarcerato a Baldenich"},"content":{"rendered":"<figure id=\"attachment_118414\" aria-describedby=\"caption-attachment-118414\" style=\"width: 800px\" class=\"wp-caption alignleft\"><img loading=\"lazy\" decoding=\"async\" class=\"size-full wp-image-118414\" src=\"https:\/\/www.bellunopress.it\/wp-content\/uploads\/2020\/10\/carcere-Baldenich_edited.jpg\" alt=\"\" width=\"800\" height=\"533\" srcset=\"https:\/\/www.bellunopress.it\/wp-content\/uploads\/2020\/10\/carcere-Baldenich_edited.jpg 800w, https:\/\/www.bellunopress.it\/wp-content\/uploads\/2020\/10\/carcere-Baldenich_edited-500x333.jpg 500w, https:\/\/www.bellunopress.it\/wp-content\/uploads\/2020\/10\/carcere-Baldenich_edited-696x464.jpg 696w, https:\/\/www.bellunopress.it\/wp-content\/uploads\/2020\/10\/carcere-Baldenich_edited-630x420.jpg 630w\" sizes=\"auto, (max-width: 800px) 100vw, 800px\" \/><figcaption id=\"caption-attachment-118414\" class=\"wp-caption-text\">Casa circondariale di Belluno<\/figcaption><\/figure>\n<p>Il 19 luglio scorso, la Squadra Mobile di Belluno ha eseguito un\u2019ordinanza cautelare emessa lo stesso giorno dall\u2019Ufficio del Giudice per le Indagini Preliminari presso il Tribunale Ordinario di Belluno, su richiesta della Procura della Repubblica a carico di un soggetto ventisettenne di origine marocchina.<\/p>\n<p>Il provvedimento prevede l\u2019applicazione della custodia cautelare in carcere in sostituzione della precedente misura degli arresti domiciliari, eseguita lo scorso marzo da parte dell\u2019Arma dei Carabinieri di Belluno nei confronti dell\u2019uomo per concorso in rapina.<br \/>\nA seguito di attivit\u00e0 investigativa da parte della Squadra Mobile, sono state documentate innumerevoli violazioni della misura precedente, consistite in un\u2019importante evasione del soggetto per l\u2019intera giornata del 10 luglio scorso, evasioni di minore entit\u00e0, una modica attivit\u00e0 di spaccio al dettaglio di hashish e l\u2019aver avuto contatti all\u2019interno della propria abitazione con soggetti non autorizzati.<\/p>\n<p>In particolare, il 10 luglio scorso, l\u2019evasione del giovane \u00e8 durata pi\u00f9 di 24 ore ed in maniera quasi rocambolesca, ma scientificamente studiata per consentire all\u2019indagato di non essere sorpreso: si posizionava all\u2019uscita di casa sui sedili posteriori della vettura della compagna ove evidentemente poteva stendersi e non essere visto, mentre al rientro, si rannicchiava all\u2019interno del bagagliaio della vettura.<br \/>\nAl termine della stesura degli atti il giovane \u00e8 stato tradotto presso la locale Casa Circondariale di Baldenich.<\/p>\n<p>&nbsp;<\/p>","protected":false},"excerpt":{"rendered":"<p>Il 19 luglio scorso, la Squadra Mobile di Belluno ha eseguito un\u2019ordinanza cautelare emessa lo stesso giorno dall\u2019Ufficio del Giudice per le Indagini Preliminari presso il Tribunale Ordinario di Belluno, su richiesta della Procura della Repubblica a carico di un soggetto ventisettenne di origine marocchina. Il provvedimento prevede l\u2019applicazione della custodia cautelare in carcere in [&hellip;]<\/p>\n","protected":false},"author":2,"featured_media":118414,"comment_status":"closed","ping_status":"open","sticky":false,"template":"","format":"standard","meta":{"footnotes":""},"categories":[5],"tags":[],"class_list":["post-142937","post","type-post","status-publish","format-standard","has-post-thumbnail","category-cronaca"],"yoast_head":"<!-- This site is optimized with the Yoast SEO plugin v28.4 - https:\/\/yoast.com\/product\/yoast-seo-wordpress\/ -->\n<title>Elude gli arresti domiciliari, 27enne marocchino incarcerato a Baldenich - Bellunopress - Dolomiti<\/title>\n<meta name=\"robots\" content=\"index, follow, max-snippet:-1, max-image-preview:large, max-video-preview:-1\" \/>\n<link rel=\"canonical\" href=\"https:\/\/www.bellunopress.it\/fr\/2023\/07\/21\/elude-gli-arresti-domiciliari-27-marocchino-incarcerato-a-baldenich\/\" \/>\n<meta property=\"og:locale\" content=\"fr_FR\" \/>\n<meta property=\"og:type\" content=\"article\" \/>\n<meta property=\"og:title\" content=\"Elude gli arresti domiciliari, 27enne marocchino incarcerato a Baldenich - Bellunopress - Dolomiti\" \/>\n<meta property=\"og:description\" content=\"Il 19 luglio scorso, la Squadra Mobile di Belluno ha eseguito un\u2019ordinanza cautelare emessa lo stesso giorno dall\u2019Ufficio del Giudice per le Indagini Preliminari presso il Tribunale Ordinario di Belluno, su richiesta della Procura della Repubblica a carico di un soggetto ventisettenne di origine marocchina. Il provvedimento prevede l\u2019applicazione della custodia cautelare in carcere in [&hellip;]\" \/>\n<meta property=\"og:url\" content=\"https:\/\/www.bellunopress.it\/fr\/2023\/07\/21\/elude-gli-arresti-domiciliari-27-marocchino-incarcerato-a-baldenich\/\" \/>\n<meta property=\"og:site_name\" content=\"Bellunopress - Dolomiti\" \/>\n<meta property=\"article:publisher\" content=\"https:\/\/www.facebook.com\/profile.php?id=100008943462799\" \/>\n<meta property=\"article:published_time\" content=\"2023-07-21T09:47:50+00:00\" \/>\n<meta property=\"article:modified_time\" content=\"2023-07-21T11:36:55+00:00\" \/>\n<meta property=\"og:image\" content=\"https:\/\/www.bellunopress.it\/wp-content\/uploads\/2020\/10\/carcere-Baldenich_edited.jpg\" \/>\n\t<meta property=\"og:image:width\" content=\"800\" \/>\n\t<meta property=\"og:image:height\" content=\"533\" \/>\n\t<meta property=\"og:image:type\" content=\"image\/jpeg\" \/>\n<meta name=\"author\" content=\"redazione\" \/>\n<meta name=\"twitter:card\" content=\"summary_large_image\" \/>\n<meta name=\"twitter:creator\" content=\"@bellunopress\" \/>\n<meta name=\"twitter:site\" content=\"@bellunopress\" \/>\n<meta name=\"twitter:label1\" content=\"\u00c9crit par\" \/>\n\t<meta name=\"twitter:data1\" content=\"redazione\" \/>\n\t<meta name=\"twitter:label2\" content=\"Dur\u00e9e de lecture estim\u00e9e\" \/>\n\t<meta name=\"twitter:data2\" content=\"2 minutes\" \/>\n<script type=\"application\/ld+json\" class=\"yoast-schema-graph\">{\"@context\":\"https:\\\/\\\/schema.org\",\"@graph\":[{\"@type\":\"Article\",\"@id\":\"https:\\\/\\\/www.bellunopress.it\\\/2023\\\/07\\\/21\\\/elude-gli-arresti-domiciliari-27-marocchino-incarcerato-a-baldenich\\\/#article\",\"isPartOf\":{\"@id\":\"https:\\\/\\\/www.bellunopress.it\\\/2023\\\/07\\\/21\\\/elude-gli-arresti-domiciliari-27-marocchino-incarcerato-a-baldenich\\\/\"},\"author\":{\"name\":\"redazione\",\"@id\":\"https:\\\/\\\/www.bellunopress.it\\\/#\\\/schema\\\/person\\\/79bb06722b37ece1c03d3e94beb30d73\"},\"headline\":\"Elude gli arresti domiciliari, 27enne marocchino incarcerato a Baldenich\",\"datePublished\":\"2023-07-21T09:47:50+00:00\",\"dateModified\":\"2023-07-21T11:36:55+00:00\",\"mainEntityOfPage\":{\"@id\":\"https:\\\/\\\/www.bellunopress.it\\\/2023\\\/07\\\/21\\\/elude-gli-arresti-domiciliari-27-marocchino-incarcerato-a-baldenich\\\/\"},\"wordCount\":242,\"publisher\":{\"@id\":\"https:\\\/\\\/www.bellunopress.it\\\/#organization\"},\"image\":{\"@id\":\"https:\\\/\\\/www.bellunopress.it\\\/2023\\\/07\\\/21\\\/elude-gli-arresti-domiciliari-27-marocchino-incarcerato-a-baldenich\\\/#primaryimage\"},\"thumbnailUrl\":\"https:\\\/\\\/www.bellunopress.it\\\/wp-content\\\/uploads\\\/2020\\\/10\\\/carcere-Baldenich_edited.jpg\",\"articleSection\":[\"Cronaca\\\/Politica\"],\"inLanguage\":\"fr-FR\"},{\"@type\":\"WebPage\",\"@id\":\"https:\\\/\\\/www.bellunopress.it\\\/2023\\\/07\\\/21\\\/elude-gli-arresti-domiciliari-27-marocchino-incarcerato-a-baldenich\\\/\",\"url\":\"https:\\\/\\\/www.bellunopress.it\\\/2023\\\/07\\\/21\\\/elude-gli-arresti-domiciliari-27-marocchino-incarcerato-a-baldenich\\\/\",\"name\":\"Elude gli arresti domiciliari, 27enne marocchino incarcerato a Baldenich - Bellunopress - Dolomiti\",\"isPartOf\":{\"@id\":\"https:\\\/\\\/www.bellunopress.it\\\/#website\"},\"primaryImageOfPage\":{\"@id\":\"https:\\\/\\\/www.bellunopress.it\\\/2023\\\/07\\\/21\\\/elude-gli-arresti-domiciliari-27-marocchino-incarcerato-a-baldenich\\\/#primaryimage\"},\"image\":{\"@id\":\"https:\\\/\\\/www.bellunopress.it\\\/2023\\\/07\\\/21\\\/elude-gli-arresti-domiciliari-27-marocchino-incarcerato-a-baldenich\\\/#primaryimage\"},\"thumbnailUrl\":\"https:\\\/\\\/www.bellunopress.it\\\/wp-content\\\/uploads\\\/2020\\\/10\\\/carcere-Baldenich_edited.jpg\",\"datePublished\":\"2023-07-21T09:47:50+00:00\",\"dateModified\":\"2023-07-21T11:36:55+00:00\",\"breadcrumb\":{\"@id\":\"https:\\\/\\\/www.bellunopress.it\\\/2023\\\/07\\\/21\\\/elude-gli-arresti-domiciliari-27-marocchino-incarcerato-a-baldenich\\\/#breadcrumb\"},\"inLanguage\":\"fr-FR\",\"potentialAction\":[{\"@type\":\"ReadAction\",\"target\":[\"https:\\\/\\\/www.bellunopress.it\\\/2023\\\/07\\\/21\\\/elude-gli-arresti-domiciliari-27-marocchino-incarcerato-a-baldenich\\\/\"]}]},{\"@type\":\"ImageObject\",\"inLanguage\":\"fr-FR\",\"@id\":\"https:\\\/\\\/www.bellunopress.it\\\/2023\\\/07\\\/21\\\/elude-gli-arresti-domiciliari-27-marocchino-incarcerato-a-baldenich\\\/#primaryimage\",\"url\":\"https:\\\/\\\/www.bellunopress.it\\\/wp-content\\\/uploads\\\/2020\\\/10\\\/carcere-Baldenich_edited.jpg\",\"contentUrl\":\"https:\\\/\\\/www.bellunopress.it\\\/wp-content\\\/uploads\\\/2020\\\/10\\\/carcere-Baldenich_edited.jpg\",\"width\":800,\"height\":533,\"caption\":\"Casa circondariale di Belluno in via Baldenich\"},{\"@type\":\"BreadcrumbList\",\"@id\":\"https:\\\/\\\/www.bellunopress.it\\\/2023\\\/07\\\/21\\\/elude-gli-arresti-domiciliari-27-marocchino-incarcerato-a-baldenich\\\/#breadcrumb\",\"itemListElement\":[{\"@type\":\"ListItem\",\"position\":1,\"name\":\"Home\",\"item\":\"https:\\\/\\\/www.bellunopress.it\\\/\"},{\"@type\":\"ListItem\",\"position\":2,\"name\":\"Elude gli arresti domiciliari, 27enne marocchino incarcerato a Baldenich\"}]},{\"@type\":\"WebSite\",\"@id\":\"https:\\\/\\\/www.bellunopress.it\\\/#website\",\"url\":\"https:\\\/\\\/www.bellunopress.it\\\/\",\"name\":\"Bellunopress - Dolomiti\",\"description\":\"e-mail: redazione@bellunopress.it\",\"publisher\":{\"@id\":\"https:\\\/\\\/www.bellunopress.it\\\/#organization\"},\"potentialAction\":[{\"@type\":\"SearchAction\",\"target\":{\"@type\":\"EntryPoint\",\"urlTemplate\":\"https:\\\/\\\/www.bellunopress.it\\\/?s={search_term_string}\"},\"query-input\":{\"@type\":\"PropertyValueSpecification\",\"valueRequired\":true,\"valueName\":\"search_term_string\"}}],\"inLanguage\":\"fr-FR\"},{\"@type\":\"Organization\",\"@id\":\"https:\\\/\\\/www.bellunopress.it\\\/#organization\",\"name\":\"Bellunopress\",\"url\":\"https:\\\/\\\/www.bellunopress.it\\\/\",\"logo\":{\"@type\":\"ImageObject\",\"inLanguage\":\"fr-FR\",\"@id\":\"https:\\\/\\\/www.bellunopress.it\\\/#\\\/schema\\\/logo\\\/image\\\/\",\"url\":\"https:\\\/\\\/www.bellunopress.it\\\/wp-content\\\/uploads\\\/2011\\\/05\\\/cropped-logo-bellunopress-.jpg\",\"contentUrl\":\"https:\\\/\\\/www.bellunopress.it\\\/wp-content\\\/uploads\\\/2011\\\/05\\\/cropped-logo-bellunopress-.jpg\",\"width\":512,\"height\":512,\"caption\":\"Bellunopress\"},\"image\":{\"@id\":\"https:\\\/\\\/www.bellunopress.it\\\/#\\\/schema\\\/logo\\\/image\\\/\"},\"sameAs\":[\"https:\\\/\\\/www.facebook.com\\\/profile.php?id=100008943462799\",\"https:\\\/\\\/x.com\\\/bellunopress\",\"https:\\\/\\\/www.linkedin.com\\\/hp\\\/?dnr=JBzUWaJfMUw8vbXJJ2tVW5-I3jZKvC4wsoxE&amp;amp;amp;amp;amp;amp;trk=nav_responsive_tab_home\",\"https:\\\/\\\/www.youtube.com\\\/channel\\\/UCxL0wu1uN0_3_7hGG0306cw\"]},{\"@type\":\"Person\",\"@id\":\"https:\\\/\\\/www.bellunopress.it\\\/#\\\/schema\\\/person\\\/79bb06722b37ece1c03d3e94beb30d73\",\"name\":\"redazione\",\"image\":{\"@type\":\"ImageObject\",\"inLanguage\":\"fr-FR\",\"@id\":\"https:\\\/\\\/secure.gravatar.com\\\/avatar\\\/37d968a2e67a6fd04c169c4bdef102d0bc5d31b2546345219e348575eb80e9a0?s=96&d=mm&r=g\",\"url\":\"https:\\\/\\\/secure.gravatar.com\\\/avatar\\\/37d968a2e67a6fd04c169c4bdef102d0bc5d31b2546345219e348575eb80e9a0?s=96&d=mm&r=g\",\"contentUrl\":\"https:\\\/\\\/secure.gravatar.com\\\/avatar\\\/37d968a2e67a6fd04c169c4bdef102d0bc5d31b2546345219e348575eb80e9a0?s=96&d=mm&r=g\",\"caption\":\"redazione\"},\"sameAs\":[\"http:\\\/\\\/www.bellunopress.it\",\"https:\\\/\\\/x.com\\\/bellunopress\"],\"url\":\"https:\\\/\\\/www.bellunopress.it\\\/fr\\\/author\\\/redazione\\\/\"}]}<\/script>\n<!-- \/ Yoast SEO plugin. -->","yoast_head_json":{"title":"Elude gli arresti domiciliari, 27enne marocchino incarcerato a Baldenich - Bellunopress - Dolomiti","robots":{"index":"index","follow":"follow","max-snippet":"max-snippet:-1","max-image-preview":"max-image-preview:large","max-video-preview":"max-video-preview:-1"},"canonical":"https:\/\/www.bellunopress.it\/fr\/2023\/07\/21\/elude-gli-arresti-domiciliari-27-marocchino-incarcerato-a-baldenich\/","og_locale":"fr_FR","og_type":"article","og_title":"Elude gli arresti domiciliari, 27enne marocchino incarcerato a Baldenich - Bellunopress - Dolomiti","og_description":"Il 19 luglio scorso, la Squadra Mobile di Belluno ha eseguito un\u2019ordinanza cautelare emessa lo stesso giorno dall\u2019Ufficio del Giudice per le Indagini Preliminari presso il Tribunale Ordinario di Belluno, su richiesta della Procura della Repubblica a carico di un soggetto ventisettenne di origine marocchina. Il provvedimento prevede l\u2019applicazione della custodia cautelare in carcere in [&hellip;]","og_url":"https:\/\/www.bellunopress.it\/fr\/2023\/07\/21\/elude-gli-arresti-domiciliari-27-marocchino-incarcerato-a-baldenich\/","og_site_name":"Bellunopress - Dolomiti","article_publisher":"https:\/\/www.facebook.com\/profile.php?id=100008943462799","article_published_time":"2023-07-21T09:47:50+00:00","article_modified_time":"2023-07-21T11:36:55+00:00","og_image":[{"width":800,"height":533,"url":"https:\/\/www.bellunopress.it\/wp-content\/uploads\/2020\/10\/carcere-Baldenich_edited.jpg","type":"image\/jpeg"}],"author":"redazione","twitter_card":"summary_large_image","twitter_creator":"@bellunopress","twitter_site":"@bellunopress","twitter_misc":{"\u00c9crit par":"redazione","Dur\u00e9e de lecture estim\u00e9e":"2 minutes"},"schema":{"@context":"https:\/\/schema.org","@graph":[{"@type":"Article","@id":"https:\/\/www.bellunopress.it\/2023\/07\/21\/elude-gli-arresti-domiciliari-27-marocchino-incarcerato-a-baldenich\/#article","isPartOf":{"@id":"https:\/\/www.bellunopress.it\/2023\/07\/21\/elude-gli-arresti-domiciliari-27-marocchino-incarcerato-a-baldenich\/"},"author":{"name":"redazione","@id":"https:\/\/www.bellunopress.it\/#\/schema\/person\/79bb06722b37ece1c03d3e94beb30d73"},"headline":"Elude gli arresti domiciliari, 27enne marocchino incarcerato a Baldenich","datePublished":"2023-07-21T09:47:50+00:00","dateModified":"2023-07-21T11:36:55+00:00","mainEntityOfPage":{"@id":"https:\/\/www.bellunopress.it\/2023\/07\/21\/elude-gli-arresti-domiciliari-27-marocchino-incarcerato-a-baldenich\/"},"wordCount":242,"publisher":{"@id":"https:\/\/www.bellunopress.it\/#organization"},"image":{"@id":"https:\/\/www.bellunopress.it\/2023\/07\/21\/elude-gli-arresti-domiciliari-27-marocchino-incarcerato-a-baldenich\/#primaryimage"},"thumbnailUrl":"https:\/\/www.bellunopress.it\/wp-content\/uploads\/2020\/10\/carcere-Baldenich_edited.jpg","articleSection":["Cronaca\/Politica"],"inLanguage":"fr-FR"},{"@type":"WebPage","@id":"https:\/\/www.bellunopress.it\/2023\/07\/21\/elude-gli-arresti-domiciliari-27-marocchino-incarcerato-a-baldenich\/","url":"https:\/\/www.bellunopress.it\/2023\/07\/21\/elude-gli-arresti-domiciliari-27-marocchino-incarcerato-a-baldenich\/","name":"Elude gli arresti domiciliari, 27enne marocchino incarcerato a Baldenich - Bellunopress - Dolomiti","isPartOf":{"@id":"https:\/\/www.bellunopress.it\/#website"},"primaryImageOfPage":{"@id":"https:\/\/www.bellunopress.it\/2023\/07\/21\/elude-gli-arresti-domiciliari-27-marocchino-incarcerato-a-baldenich\/#primaryimage"},"image":{"@id":"https:\/\/www.bellunopress.it\/2023\/07\/21\/elude-gli-arresti-domiciliari-27-marocchino-incarcerato-a-baldenich\/#primaryimage"},"thumbnailUrl":"https:\/\/www.bellunopress.it\/wp-content\/uploads\/2020\/10\/carcere-Baldenich_edited.jpg","datePublished":"2023-07-21T09:47:50+00:00","dateModified":"2023-07-21T11:36:55+00:00","breadcrumb":{"@id":"https:\/\/www.bellunopress.it\/2023\/07\/21\/elude-gli-arresti-domiciliari-27-marocchino-incarcerato-a-baldenich\/#breadcrumb"},"inLanguage":"fr-FR","potentialAction":[{"@type":"ReadAction","target":["https:\/\/www.bellunopress.it\/2023\/07\/21\/elude-gli-arresti-domiciliari-27-marocchino-incarcerato-a-baldenich\/"]}]},{"@type":"ImageObject","inLanguage":"fr-FR","@id":"https:\/\/www.bellunopress.it\/2023\/07\/21\/elude-gli-arresti-domiciliari-27-marocchino-incarcerato-a-baldenich\/#primaryimage","url":"https:\/\/www.bellunopress.it\/wp-content\/uploads\/2020\/10\/carcere-Baldenich_edited.jpg","contentUrl":"https:\/\/www.bellunopress.it\/wp-content\/uploads\/2020\/10\/carcere-Baldenich_edited.jpg","width":800,"height":533,"caption":"Casa circondariale di Belluno in via Baldenich"},{"@type":"BreadcrumbList","@id":"https:\/\/www.bellunopress.it\/2023\/07\/21\/elude-gli-arresti-domiciliari-27-marocchino-incarcerato-a-baldenich\/#breadcrumb","itemListElement":[{"@type":"ListItem","position":1,"name":"Home","item":"https:\/\/www.bellunopress.it\/"},{"@type":"ListItem","position":2,"name":"Elude gli arresti domiciliari, 27enne marocchino incarcerato a Baldenich"}]},{"@type":"WebSite","@id":"https:\/\/www.bellunopress.it\/#website","url":"https:\/\/www.bellunopress.it\/","name":"Bellunopress - Dolomiti","description":"e-mail: redazione@bellunopress.it","publisher":{"@id":"https:\/\/www.bellunopress.it\/#organization"},"potentialAction":[{"@type":"SearchAction","target":{"@type":"EntryPoint","urlTemplate":"https:\/\/www.bellunopress.it\/?s={search_term_string}"},"query-input":{"@type":"PropertyValueSpecification","valueRequired":true,"valueName":"search_term_string"}}],"inLanguage":"fr-FR"},{"@type":"Organization","@id":"https:\/\/www.bellunopress.it\/#organization","name":"Bellunopress","url":"https:\/\/www.bellunopress.it\/","logo":{"@type":"ImageObject","inLanguage":"fr-FR","@id":"https:\/\/www.bellunopress.it\/#\/schema\/logo\/image\/","url":"https:\/\/www.bellunopress.it\/wp-content\/uploads\/2011\/05\/cropped-logo-bellunopress-.jpg","contentUrl":"https:\/\/www.bellunopress.it\/wp-content\/uploads\/2011\/05\/cropped-logo-bellunopress-.jpg","width":512,"height":512,"caption":"Bellunopress"},"image":{"@id":"https:\/\/www.bellunopress.it\/#\/schema\/logo\/image\/"},"sameAs":["https:\/\/www.facebook.com\/profile.php?id=100008943462799","https:\/\/x.com\/bellunopress","https:\/\/www.linkedin.com\/hp\/?dnr=JBzUWaJfMUw8vbXJJ2tVW5-I3jZKvC4wsoxE&amp;amp;amp;amp;amp;amp;trk=nav_responsive_tab_home","https:\/\/www.youtube.com\/channel\/UCxL0wu1uN0_3_7hGG0306cw"]},{"@type":"Person","@id":"https:\/\/www.bellunopress.it\/#\/schema\/person\/79bb06722b37ece1c03d3e94beb30d73","name":"r\u00e9daction","image":{"@type":"ImageObject","inLanguage":"fr-FR","@id":"https:\/\/secure.gravatar.com\/avatar\/37d968a2e67a6fd04c169c4bdef102d0bc5d31b2546345219e348575eb80e9a0?s=96&d=mm&r=g","url":"https:\/\/secure.gravatar.com\/avatar\/37d968a2e67a6fd04c169c4bdef102d0bc5d31b2546345219e348575eb80e9a0?s=96&d=mm&r=g","contentUrl":"https:\/\/secure.gravatar.com\/avatar\/37d968a2e67a6fd04c169c4bdef102d0bc5d31b2546345219e348575eb80e9a0?s=96&d=mm&r=g","caption":"redazione"},"sameAs":["http:\/\/www.bellunopress.it","https:\/\/x.com\/bellunopress"],"url":"https:\/\/www.bellunopress.it\/fr\/author\/redazione\/"}]}},"_links":{"self":[{"href":"https:\/\/www.bellunopress.it\/fr\/wp-json\/wp\/v2\/posts\/142937","targetHints":{"allow":["GET"]}}],"collection":[{"href":"https:\/\/www.bellunopress.it\/fr\/wp-json\/wp\/v2\/posts"}],"about":[{"href":"https:\/\/www.bellunopress.it\/fr\/wp-json\/wp\/v2\/types\/post"}],"author":[{"embeddable":true,"href":"https:\/\/www.bellunopress.it\/fr\/wp-json\/wp\/v2\/users\/2"}],"replies":[{"embeddable":true,"href":"https:\/\/www.bellunopress.it\/fr\/wp-json\/wp\/v2\/comments?post=142937"}],"version-history":[{"count":2,"href":"https:\/\/www.bellunopress.it\/fr\/wp-json\/wp\/v2\/posts\/142937\/revisions"}],"predecessor-version":[{"id":142945,"href":"https:\/\/www.bellunopress.it\/fr\/wp-json\/wp\/v2\/posts\/142937\/revisions\/142945"}],"wp:featuredmedia":[{"embeddable":true,"href":"https:\/\/www.bellunopress.it\/fr\/wp-json\/wp\/v2\/media\/118414"}],"wp:attachment":[{"href":"https:\/\/www.bellunopress.it\/fr\/wp-json\/wp\/v2\/media?parent=142937"}],"wp:term":[{"taxonomy":"category","embeddable":true,"href":"https:\/\/www.bellunopress.it\/fr\/wp-json\/wp\/v2\/categories?post=142937"},{"taxonomy":"post_tag","embeddable":true,"href":"https:\/\/www.bellunopress.it\/fr\/wp-json\/wp\/v2\/tags?post=142937"}],"curies":[{"name":"wp","href":"https:\/\/api.w.org\/{rel}","templated":true}]}}