{"id":142895,"date":"2023-07-19T13:06:11","date_gmt":"2023-07-19T11:06:11","guid":{"rendered":"https:\/\/www.bellunopress.it\/?p=142895"},"modified":"2023-07-19T13:06:11","modified_gmt":"2023-07-19T11:06:11","slug":"la-corte-costituzionale-boccia-il-piano-faunistico-venatorio-zanoni-e-bigon-pd-maggioranza-arrogante-castigata-in-modo-esemplare","status":"publish","type":"post","link":"https:\/\/www.bellunopress.it\/fr\/2023\/07\/19\/la-corte-costituzionale-boccia-il-piano-faunistico-venatorio-zanoni-e-bigon-pd-maggioranza-arrogante-castigata-in-modo-esemplare\/","title":{"rendered":"La Corte Costituzionale boccia il Piano Faunistico-Venatorio. Zanoni e Bigon (PD): &#8220;Maggioranza arrogante castigata in modo esemplare&#8221;"},"content":{"rendered":"<figure id=\"attachment_99292\" aria-describedby=\"caption-attachment-99292\" style=\"width: 213px\" class=\"wp-caption alignleft\"><img loading=\"lazy\" decoding=\"async\" class=\"size-full wp-image-99292\" src=\"https:\/\/www.bellunopress.it\/wp-content\/uploads\/2018\/11\/andrea-zanoni.jpg\" alt=\"\" width=\"213\" height=\"300\" \/><figcaption id=\"caption-attachment-99292\" class=\"wp-caption-text\">Andrea Zanoni, consigliere regionale<\/figcaption><\/figure>\n<figure id=\"attachment_110314\" aria-describedby=\"caption-attachment-110314\" style=\"width: 208px\" class=\"wp-caption alignleft\"><img loading=\"lazy\" decoding=\"async\" class=\"size-full wp-image-110314\" src=\"https:\/\/www.bellunopress.it\/wp-content\/uploads\/2019\/12\/Anna-Maria-Bigon-PD.jpg\" alt=\"\" width=\"208\" height=\"238\" \/><figcaption id=\"caption-attachment-110314\" class=\"wp-caption-text\">Anna Maria Bigon &#8211; Consigliere regionale<\/figcaption><\/figure>\n<p>&#8220;Questa \u00e8 una bellissima notizia per chi ama la natura, gli animali selvatici e la legalit\u00e0 perch\u00e9 si aprono le porte per un nuovo piano Faunistico che tuteli veramente la fauna con norme di tutela in linea con i principi europei, la Direttiva UE Uccelli e la Direttiva Habitat e non pi\u00f9 dettate dalla lobby venatoria&#8221;.<\/p>\n<p>Cos\u00ec i consiglieri regionali del PD Veneto, Andrea Zanoni e Anna Maria Bigon, commentano la sentenza della Corte Costituzionale (n. 148 depositata il 18 luglio) che ha dichiarato illegittimo l&#8217;articolo 1 del Piano Faunistico-Venatorio regionale.<\/p>\n<p>&#8220;Un Piano &#8211; proseguono gli esponenti dem &#8211; che non poteva essere approvato con legge bens\u00ec con un atto amministrativo, per consentire a chi si sente leso la possibilit\u00e0 di impugnarlo al TAR. La sentenza nasce in seguito ad un ricorso del comune di Rivoli Veronese che non aveva digerito il fatto che con il Piano si andava a spostare il confine della zona faunistica delle Alpi, aprendo di fatto le porte ai cacciatori di pianura in aree collinari, che notoriamente svolgono un tipo di caccia meno restrittiva e molto pi\u00f9 invasiva anche in termini di numeri di doppiette. Ora si dovr\u00e0 correre ai ripari con un atto amministrativo dove non saranno piu&#8217; blindate con legge quelle gravissime disposizioni illegittime che prevedevano una percentuale di territorio protetto inferiore al minimo di legge, il conteggio di superficie di mare vivo tra le aree protette, l&#8217;omissione della tutela dei valichi montani, l&#8217;omessa tutela delle rotte di migrazione degli uccelli in provincia di Vicenza, l&#8217;omessa indicazione delle aree dove installare gli appostamenti fissi e i campi addestramento cani, le illegittime limitazioni per i possessori di un terreno di vietarvi la caccia e tanto altro&#8221;.<\/p>\n<p>Secondo Zanoni e Bigon &#8220;L&#8217;arroganza di questa maggioranza \u00e8 stata castigata in modo esemplare. Prima aveva impugnato l&#8217;ordinanza del TAR Veneto, poi non contenta ha sollevato il conflitto di attribuzione dei poteri tra Stato e Regione, ricevendo una prima batosta con una sentenza negativa sul conflitto di attribuzione dei poteri e ora arriva la bocciatura dell&#8217;intero Piano&#8221;.<\/p>","protected":false},"excerpt":{"rendered":"<p>&#8220;Questa \u00e8 una bellissima notizia per chi ama la natura, gli animali selvatici e la legalit\u00e0 perch\u00e9 si aprono le porte per un nuovo piano Faunistico che tuteli veramente la fauna con norme di tutela in linea con i principi europei, la Direttiva UE Uccelli e la Direttiva Habitat e non pi\u00f9 dettate dalla lobby [&hellip;]<\/p>\n","protected":false},"author":2,"featured_media":125420,"comment_status":"closed","ping_status":"open","sticky":false,"template":"","format":"standard","meta":{"footnotes":""},"categories":[5,38,26],"tags":[],"class_list":["post-142895","post","type-post","status-publish","format-standard","has-post-thumbnail","category-cronaca","category-natura-ambiente","category-prima-pagina"],"yoast_head":"<!-- This site is optimized with the Yoast SEO plugin v28.4 - https:\/\/yoast.com\/product\/yoast-seo-wordpress\/ -->\n<title>La Corte Costituzionale boccia il Piano Faunistico-Venatorio. Zanoni e Bigon (PD): &quot;Maggioranza arrogante castigata in modo esemplare&quot; - Bellunopress - Dolomiti<\/title>\n<meta name=\"robots\" content=\"index, follow, max-snippet:-1, max-image-preview:large, max-video-preview:-1\" \/>\n<link rel=\"canonical\" href=\"https:\/\/www.bellunopress.it\/fr\/2023\/07\/19\/la-corte-costituzionale-boccia-il-piano-faunistico-venatorio-zanoni-e-bigon-pd-maggioranza-arrogante-castigata-in-modo-esemplare\/\" \/>\n<meta property=\"og:locale\" content=\"fr_FR\" \/>\n<meta property=\"og:type\" content=\"article\" \/>\n<meta property=\"og:title\" content=\"La Corte Costituzionale boccia il Piano Faunistico-Venatorio. Zanoni e Bigon (PD): &quot;Maggioranza arrogante castigata in modo esemplare&quot; - Bellunopress - Dolomiti\" \/>\n<meta property=\"og:description\" content=\"&#8220;Questa \u00e8 una bellissima notizia per chi ama la natura, gli animali selvatici e la legalit\u00e0 perch\u00e9 si aprono le porte per un nuovo piano Faunistico che tuteli veramente la fauna con norme di tutela in linea con i principi europei, la Direttiva UE Uccelli e la Direttiva Habitat e non pi\u00f9 dettate dalla lobby [&hellip;]\" \/>\n<meta property=\"og:url\" content=\"https:\/\/www.bellunopress.it\/fr\/2023\/07\/19\/la-corte-costituzionale-boccia-il-piano-faunistico-venatorio-zanoni-e-bigon-pd-maggioranza-arrogante-castigata-in-modo-esemplare\/\" \/>\n<meta property=\"og:site_name\" content=\"Bellunopress - Dolomiti\" \/>\n<meta property=\"article:publisher\" content=\"https:\/\/www.facebook.com\/profile.php?id=100008943462799\" \/>\n<meta property=\"article:published_time\" content=\"2023-07-19T11:06:11+00:00\" \/>\n<meta property=\"og:image\" content=\"https:\/\/www.bellunopress.it\/wp-content\/uploads\/2021\/06\/corte-costituzionale_edited.jpg\" \/>\n\t<meta property=\"og:image:width\" content=\"600\" \/>\n\t<meta property=\"og:image:height\" content=\"400\" \/>\n\t<meta property=\"og:image:type\" content=\"image\/jpeg\" \/>\n<meta name=\"author\" content=\"redazione\" \/>\n<meta name=\"twitter:card\" content=\"summary_large_image\" \/>\n<meta name=\"twitter:creator\" content=\"@bellunopress\" \/>\n<meta name=\"twitter:site\" content=\"@bellunopress\" \/>\n<meta name=\"twitter:label1\" content=\"\u00c9crit par\" \/>\n\t<meta name=\"twitter:data1\" content=\"redazione\" \/>\n\t<meta name=\"twitter:label2\" content=\"Dur\u00e9e de lecture estim\u00e9e\" \/>\n\t<meta name=\"twitter:data2\" content=\"3 minutes\" \/>\n<script type=\"application\/ld+json\" class=\"yoast-schema-graph\">{\"@context\":\"https:\\\/\\\/schema.org\",\"@graph\":[{\"@type\":\"Article\",\"@id\":\"https:\\\/\\\/www.bellunopress.it\\\/2023\\\/07\\\/19\\\/la-corte-costituzionale-boccia-il-piano-faunistico-venatorio-zanoni-e-bigon-pd-maggioranza-arrogante-castigata-in-modo-esemplare\\\/#article\",\"isPartOf\":{\"@id\":\"https:\\\/\\\/www.bellunopress.it\\\/2023\\\/07\\\/19\\\/la-corte-costituzionale-boccia-il-piano-faunistico-venatorio-zanoni-e-bigon-pd-maggioranza-arrogante-castigata-in-modo-esemplare\\\/\"},\"author\":{\"name\":\"redazione\",\"@id\":\"https:\\\/\\\/www.bellunopress.it\\\/#\\\/schema\\\/person\\\/79bb06722b37ece1c03d3e94beb30d73\"},\"headline\":\"La Corte Costituzionale boccia il Piano Faunistico-Venatorio. Zanoni e Bigon (PD): &#8220;Maggioranza arrogante castigata in modo esemplare&#8221;\",\"datePublished\":\"2023-07-19T11:06:11+00:00\",\"mainEntityOfPage\":{\"@id\":\"https:\\\/\\\/www.bellunopress.it\\\/2023\\\/07\\\/19\\\/la-corte-costituzionale-boccia-il-piano-faunistico-venatorio-zanoni-e-bigon-pd-maggioranza-arrogante-castigata-in-modo-esemplare\\\/\"},\"wordCount\":382,\"publisher\":{\"@id\":\"https:\\\/\\\/www.bellunopress.it\\\/#organization\"},\"image\":{\"@id\":\"https:\\\/\\\/www.bellunopress.it\\\/2023\\\/07\\\/19\\\/la-corte-costituzionale-boccia-il-piano-faunistico-venatorio-zanoni-e-bigon-pd-maggioranza-arrogante-castigata-in-modo-esemplare\\\/#primaryimage\"},\"thumbnailUrl\":\"https:\\\/\\\/www.bellunopress.it\\\/wp-content\\\/uploads\\\/2021\\\/06\\\/corte-costituzionale_edited.jpg\",\"articleSection\":[\"Cronaca\\\/Politica\",\"Meteo, natura, ambiente, animali\",\"Prima Pagina\"],\"inLanguage\":\"fr-FR\"},{\"@type\":\"WebPage\",\"@id\":\"https:\\\/\\\/www.bellunopress.it\\\/2023\\\/07\\\/19\\\/la-corte-costituzionale-boccia-il-piano-faunistico-venatorio-zanoni-e-bigon-pd-maggioranza-arrogante-castigata-in-modo-esemplare\\\/\",\"url\":\"https:\\\/\\\/www.bellunopress.it\\\/2023\\\/07\\\/19\\\/la-corte-costituzionale-boccia-il-piano-faunistico-venatorio-zanoni-e-bigon-pd-maggioranza-arrogante-castigata-in-modo-esemplare\\\/\",\"name\":\"La Corte Costituzionale boccia il Piano Faunistico-Venatorio. Zanoni e Bigon (PD): \\\"Maggioranza arrogante castigata in modo esemplare\\\" - Bellunopress - Dolomiti\",\"isPartOf\":{\"@id\":\"https:\\\/\\\/www.bellunopress.it\\\/#website\"},\"primaryImageOfPage\":{\"@id\":\"https:\\\/\\\/www.bellunopress.it\\\/2023\\\/07\\\/19\\\/la-corte-costituzionale-boccia-il-piano-faunistico-venatorio-zanoni-e-bigon-pd-maggioranza-arrogante-castigata-in-modo-esemplare\\\/#primaryimage\"},\"image\":{\"@id\":\"https:\\\/\\\/www.bellunopress.it\\\/2023\\\/07\\\/19\\\/la-corte-costituzionale-boccia-il-piano-faunistico-venatorio-zanoni-e-bigon-pd-maggioranza-arrogante-castigata-in-modo-esemplare\\\/#primaryimage\"},\"thumbnailUrl\":\"https:\\\/\\\/www.bellunopress.it\\\/wp-content\\\/uploads\\\/2021\\\/06\\\/corte-costituzionale_edited.jpg\",\"datePublished\":\"2023-07-19T11:06:11+00:00\",\"breadcrumb\":{\"@id\":\"https:\\\/\\\/www.bellunopress.it\\\/2023\\\/07\\\/19\\\/la-corte-costituzionale-boccia-il-piano-faunistico-venatorio-zanoni-e-bigon-pd-maggioranza-arrogante-castigata-in-modo-esemplare\\\/#breadcrumb\"},\"inLanguage\":\"fr-FR\",\"potentialAction\":[{\"@type\":\"ReadAction\",\"target\":[\"https:\\\/\\\/www.bellunopress.it\\\/2023\\\/07\\\/19\\\/la-corte-costituzionale-boccia-il-piano-faunistico-venatorio-zanoni-e-bigon-pd-maggioranza-arrogante-castigata-in-modo-esemplare\\\/\"]}]},{\"@type\":\"ImageObject\",\"inLanguage\":\"fr-FR\",\"@id\":\"https:\\\/\\\/www.bellunopress.it\\\/2023\\\/07\\\/19\\\/la-corte-costituzionale-boccia-il-piano-faunistico-venatorio-zanoni-e-bigon-pd-maggioranza-arrogante-castigata-in-modo-esemplare\\\/#primaryimage\",\"url\":\"https:\\\/\\\/www.bellunopress.it\\\/wp-content\\\/uploads\\\/2021\\\/06\\\/corte-costituzionale_edited.jpg\",\"contentUrl\":\"https:\\\/\\\/www.bellunopress.it\\\/wp-content\\\/uploads\\\/2021\\\/06\\\/corte-costituzionale_edited.jpg\",\"width\":600,\"height\":400,\"caption\":\"Palazzo della Consulta, Piazza del Quirinale - Roma. Dal 1951 sede della Corte Costituzionale\"},{\"@type\":\"BreadcrumbList\",\"@id\":\"https:\\\/\\\/www.bellunopress.it\\\/2023\\\/07\\\/19\\\/la-corte-costituzionale-boccia-il-piano-faunistico-venatorio-zanoni-e-bigon-pd-maggioranza-arrogante-castigata-in-modo-esemplare\\\/#breadcrumb\",\"itemListElement\":[{\"@type\":\"ListItem\",\"position\":1,\"name\":\"Home\",\"item\":\"https:\\\/\\\/www.bellunopress.it\\\/\"},{\"@type\":\"ListItem\",\"position\":2,\"name\":\"La Corte Costituzionale boccia il Piano Faunistico-Venatorio. Zanoni e Bigon (PD): &#8220;Maggioranza arrogante castigata in modo esemplare&#8221;\"}]},{\"@type\":\"WebSite\",\"@id\":\"https:\\\/\\\/www.bellunopress.it\\\/#website\",\"url\":\"https:\\\/\\\/www.bellunopress.it\\\/\",\"name\":\"Bellunopress - Dolomiti\",\"description\":\"e-mail: redazione@bellunopress.it\",\"publisher\":{\"@id\":\"https:\\\/\\\/www.bellunopress.it\\\/#organization\"},\"potentialAction\":[{\"@type\":\"SearchAction\",\"target\":{\"@type\":\"EntryPoint\",\"urlTemplate\":\"https:\\\/\\\/www.bellunopress.it\\\/?s={search_term_string}\"},\"query-input\":{\"@type\":\"PropertyValueSpecification\",\"valueRequired\":true,\"valueName\":\"search_term_string\"}}],\"inLanguage\":\"fr-FR\"},{\"@type\":\"Organization\",\"@id\":\"https:\\\/\\\/www.bellunopress.it\\\/#organization\",\"name\":\"Bellunopress\",\"url\":\"https:\\\/\\\/www.bellunopress.it\\\/\",\"logo\":{\"@type\":\"ImageObject\",\"inLanguage\":\"fr-FR\",\"@id\":\"https:\\\/\\\/www.bellunopress.it\\\/#\\\/schema\\\/logo\\\/image\\\/\",\"url\":\"https:\\\/\\\/www.bellunopress.it\\\/wp-content\\\/uploads\\\/2011\\\/05\\\/cropped-logo-bellunopress-.jpg\",\"contentUrl\":\"https:\\\/\\\/www.bellunopress.it\\\/wp-content\\\/uploads\\\/2011\\\/05\\\/cropped-logo-bellunopress-.jpg\",\"width\":512,\"height\":512,\"caption\":\"Bellunopress\"},\"image\":{\"@id\":\"https:\\\/\\\/www.bellunopress.it\\\/#\\\/schema\\\/logo\\\/image\\\/\"},\"sameAs\":[\"https:\\\/\\\/www.facebook.com\\\/profile.php?id=100008943462799\",\"https:\\\/\\\/x.com\\\/bellunopress\",\"https:\\\/\\\/www.linkedin.com\\\/hp\\\/?dnr=JBzUWaJfMUw8vbXJJ2tVW5-I3jZKvC4wsoxE&amp;amp;amp;amp;amp;amp;trk=nav_responsive_tab_home\",\"https:\\\/\\\/www.youtube.com\\\/channel\\\/UCxL0wu1uN0_3_7hGG0306cw\"]},{\"@type\":\"Person\",\"@id\":\"https:\\\/\\\/www.bellunopress.it\\\/#\\\/schema\\\/person\\\/79bb06722b37ece1c03d3e94beb30d73\",\"name\":\"redazione\",\"image\":{\"@type\":\"ImageObject\",\"inLanguage\":\"fr-FR\",\"@id\":\"https:\\\/\\\/secure.gravatar.com\\\/avatar\\\/37d968a2e67a6fd04c169c4bdef102d0bc5d31b2546345219e348575eb80e9a0?s=96&d=mm&r=g\",\"url\":\"https:\\\/\\\/secure.gravatar.com\\\/avatar\\\/37d968a2e67a6fd04c169c4bdef102d0bc5d31b2546345219e348575eb80e9a0?s=96&d=mm&r=g\",\"contentUrl\":\"https:\\\/\\\/secure.gravatar.com\\\/avatar\\\/37d968a2e67a6fd04c169c4bdef102d0bc5d31b2546345219e348575eb80e9a0?s=96&d=mm&r=g\",\"caption\":\"redazione\"},\"sameAs\":[\"http:\\\/\\\/www.bellunopress.it\",\"https:\\\/\\\/x.com\\\/bellunopress\"],\"url\":\"https:\\\/\\\/www.bellunopress.it\\\/fr\\\/author\\\/redazione\\\/\"}]}<\/script>\n<!-- \/ Yoast SEO plugin. -->","yoast_head_json":{"title":"La Corte Costituzionale boccia il Piano Faunistico-Venatorio. Zanoni e Bigon (PD): \"Maggioranza arrogante castigata in modo esemplare\" - Bellunopress - Dolomiti","robots":{"index":"index","follow":"follow","max-snippet":"max-snippet:-1","max-image-preview":"max-image-preview:large","max-video-preview":"max-video-preview:-1"},"canonical":"https:\/\/www.bellunopress.it\/fr\/2023\/07\/19\/la-corte-costituzionale-boccia-il-piano-faunistico-venatorio-zanoni-e-bigon-pd-maggioranza-arrogante-castigata-in-modo-esemplare\/","og_locale":"fr_FR","og_type":"article","og_title":"La Corte Costituzionale boccia il Piano Faunistico-Venatorio. Zanoni e Bigon (PD): \"Maggioranza arrogante castigata in modo esemplare\" - Bellunopress - Dolomiti","og_description":"&#8220;Questa \u00e8 una bellissima notizia per chi ama la natura, gli animali selvatici e la legalit\u00e0 perch\u00e9 si aprono le porte per un nuovo piano Faunistico che tuteli veramente la fauna con norme di tutela in linea con i principi europei, la Direttiva UE Uccelli e la Direttiva Habitat e non pi\u00f9 dettate dalla lobby [&hellip;]","og_url":"https:\/\/www.bellunopress.it\/fr\/2023\/07\/19\/la-corte-costituzionale-boccia-il-piano-faunistico-venatorio-zanoni-e-bigon-pd-maggioranza-arrogante-castigata-in-modo-esemplare\/","og_site_name":"Bellunopress - Dolomiti","article_publisher":"https:\/\/www.facebook.com\/profile.php?id=100008943462799","article_published_time":"2023-07-19T11:06:11+00:00","og_image":[{"width":600,"height":400,"url":"https:\/\/www.bellunopress.it\/wp-content\/uploads\/2021\/06\/corte-costituzionale_edited.jpg","type":"image\/jpeg"}],"author":"redazione","twitter_card":"summary_large_image","twitter_creator":"@bellunopress","twitter_site":"@bellunopress","twitter_misc":{"\u00c9crit par":"redazione","Dur\u00e9e de lecture estim\u00e9e":"3 minutes"},"schema":{"@context":"https:\/\/schema.org","@graph":[{"@type":"Article","@id":"https:\/\/www.bellunopress.it\/2023\/07\/19\/la-corte-costituzionale-boccia-il-piano-faunistico-venatorio-zanoni-e-bigon-pd-maggioranza-arrogante-castigata-in-modo-esemplare\/#article","isPartOf":{"@id":"https:\/\/www.bellunopress.it\/2023\/07\/19\/la-corte-costituzionale-boccia-il-piano-faunistico-venatorio-zanoni-e-bigon-pd-maggioranza-arrogante-castigata-in-modo-esemplare\/"},"author":{"name":"redazione","@id":"https:\/\/www.bellunopress.it\/#\/schema\/person\/79bb06722b37ece1c03d3e94beb30d73"},"headline":"La Corte Costituzionale boccia il Piano Faunistico-Venatorio. Zanoni e Bigon (PD): &#8220;Maggioranza arrogante castigata in modo esemplare&#8221;","datePublished":"2023-07-19T11:06:11+00:00","mainEntityOfPage":{"@id":"https:\/\/www.bellunopress.it\/2023\/07\/19\/la-corte-costituzionale-boccia-il-piano-faunistico-venatorio-zanoni-e-bigon-pd-maggioranza-arrogante-castigata-in-modo-esemplare\/"},"wordCount":382,"publisher":{"@id":"https:\/\/www.bellunopress.it\/#organization"},"image":{"@id":"https:\/\/www.bellunopress.it\/2023\/07\/19\/la-corte-costituzionale-boccia-il-piano-faunistico-venatorio-zanoni-e-bigon-pd-maggioranza-arrogante-castigata-in-modo-esemplare\/#primaryimage"},"thumbnailUrl":"https:\/\/www.bellunopress.it\/wp-content\/uploads\/2021\/06\/corte-costituzionale_edited.jpg","articleSection":["Cronaca\/Politica","Meteo, natura, ambiente, animali","Prima Pagina"],"inLanguage":"fr-FR"},{"@type":"WebPage","@id":"https:\/\/www.bellunopress.it\/2023\/07\/19\/la-corte-costituzionale-boccia-il-piano-faunistico-venatorio-zanoni-e-bigon-pd-maggioranza-arrogante-castigata-in-modo-esemplare\/","url":"https:\/\/www.bellunopress.it\/2023\/07\/19\/la-corte-costituzionale-boccia-il-piano-faunistico-venatorio-zanoni-e-bigon-pd-maggioranza-arrogante-castigata-in-modo-esemplare\/","name":"La Corte Costituzionale boccia il Piano Faunistico-Venatorio. Zanoni e Bigon (PD): \"Maggioranza arrogante castigata in modo esemplare\" - Bellunopress - Dolomiti","isPartOf":{"@id":"https:\/\/www.bellunopress.it\/#website"},"primaryImageOfPage":{"@id":"https:\/\/www.bellunopress.it\/2023\/07\/19\/la-corte-costituzionale-boccia-il-piano-faunistico-venatorio-zanoni-e-bigon-pd-maggioranza-arrogante-castigata-in-modo-esemplare\/#primaryimage"},"image":{"@id":"https:\/\/www.bellunopress.it\/2023\/07\/19\/la-corte-costituzionale-boccia-il-piano-faunistico-venatorio-zanoni-e-bigon-pd-maggioranza-arrogante-castigata-in-modo-esemplare\/#primaryimage"},"thumbnailUrl":"https:\/\/www.bellunopress.it\/wp-content\/uploads\/2021\/06\/corte-costituzionale_edited.jpg","datePublished":"2023-07-19T11:06:11+00:00","breadcrumb":{"@id":"https:\/\/www.bellunopress.it\/2023\/07\/19\/la-corte-costituzionale-boccia-il-piano-faunistico-venatorio-zanoni-e-bigon-pd-maggioranza-arrogante-castigata-in-modo-esemplare\/#breadcrumb"},"inLanguage":"fr-FR","potentialAction":[{"@type":"ReadAction","target":["https:\/\/www.bellunopress.it\/2023\/07\/19\/la-corte-costituzionale-boccia-il-piano-faunistico-venatorio-zanoni-e-bigon-pd-maggioranza-arrogante-castigata-in-modo-esemplare\/"]}]},{"@type":"ImageObject","inLanguage":"fr-FR","@id":"https:\/\/www.bellunopress.it\/2023\/07\/19\/la-corte-costituzionale-boccia-il-piano-faunistico-venatorio-zanoni-e-bigon-pd-maggioranza-arrogante-castigata-in-modo-esemplare\/#primaryimage","url":"https:\/\/www.bellunopress.it\/wp-content\/uploads\/2021\/06\/corte-costituzionale_edited.jpg","contentUrl":"https:\/\/www.bellunopress.it\/wp-content\/uploads\/2021\/06\/corte-costituzionale_edited.jpg","width":600,"height":400,"caption":"Palazzo della Consulta, Piazza del Quirinale - Roma. Dal 1951 sede della Corte Costituzionale"},{"@type":"BreadcrumbList","@id":"https:\/\/www.bellunopress.it\/2023\/07\/19\/la-corte-costituzionale-boccia-il-piano-faunistico-venatorio-zanoni-e-bigon-pd-maggioranza-arrogante-castigata-in-modo-esemplare\/#breadcrumb","itemListElement":[{"@type":"ListItem","position":1,"name":"Home","item":"https:\/\/www.bellunopress.it\/"},{"@type":"ListItem","position":2,"name":"La Corte Costituzionale boccia il Piano Faunistico-Venatorio. Zanoni e Bigon (PD): &#8220;Maggioranza arrogante castigata in modo esemplare&#8221;"}]},{"@type":"WebSite","@id":"https:\/\/www.bellunopress.it\/#website","url":"https:\/\/www.bellunopress.it\/","name":"Bellunopress - Dolomiti","description":"e-mail: redazione@bellunopress.it","publisher":{"@id":"https:\/\/www.bellunopress.it\/#organization"},"potentialAction":[{"@type":"SearchAction","target":{"@type":"EntryPoint","urlTemplate":"https:\/\/www.bellunopress.it\/?s={search_term_string}"},"query-input":{"@type":"PropertyValueSpecification","valueRequired":true,"valueName":"search_term_string"}}],"inLanguage":"fr-FR"},{"@type":"Organization","@id":"https:\/\/www.bellunopress.it\/#organization","name":"Bellunopress","url":"https:\/\/www.bellunopress.it\/","logo":{"@type":"ImageObject","inLanguage":"fr-FR","@id":"https:\/\/www.bellunopress.it\/#\/schema\/logo\/image\/","url":"https:\/\/www.bellunopress.it\/wp-content\/uploads\/2011\/05\/cropped-logo-bellunopress-.jpg","contentUrl":"https:\/\/www.bellunopress.it\/wp-content\/uploads\/2011\/05\/cropped-logo-bellunopress-.jpg","width":512,"height":512,"caption":"Bellunopress"},"image":{"@id":"https:\/\/www.bellunopress.it\/#\/schema\/logo\/image\/"},"sameAs":["https:\/\/www.facebook.com\/profile.php?id=100008943462799","https:\/\/x.com\/bellunopress","https:\/\/www.linkedin.com\/hp\/?dnr=JBzUWaJfMUw8vbXJJ2tVW5-I3jZKvC4wsoxE&amp;amp;amp;amp;amp;amp;trk=nav_responsive_tab_home","https:\/\/www.youtube.com\/channel\/UCxL0wu1uN0_3_7hGG0306cw"]},{"@type":"Person","@id":"https:\/\/www.bellunopress.it\/#\/schema\/person\/79bb06722b37ece1c03d3e94beb30d73","name":"r\u00e9daction","image":{"@type":"ImageObject","inLanguage":"fr-FR","@id":"https:\/\/secure.gravatar.com\/avatar\/37d968a2e67a6fd04c169c4bdef102d0bc5d31b2546345219e348575eb80e9a0?s=96&d=mm&r=g","url":"https:\/\/secure.gravatar.com\/avatar\/37d968a2e67a6fd04c169c4bdef102d0bc5d31b2546345219e348575eb80e9a0?s=96&d=mm&r=g","contentUrl":"https:\/\/secure.gravatar.com\/avatar\/37d968a2e67a6fd04c169c4bdef102d0bc5d31b2546345219e348575eb80e9a0?s=96&d=mm&r=g","caption":"redazione"},"sameAs":["http:\/\/www.bellunopress.it","https:\/\/x.com\/bellunopress"],"url":"https:\/\/www.bellunopress.it\/fr\/author\/redazione\/"}]}},"_links":{"self":[{"href":"https:\/\/www.bellunopress.it\/fr\/wp-json\/wp\/v2\/posts\/142895","targetHints":{"allow":["GET"]}}],"collection":[{"href":"https:\/\/www.bellunopress.it\/fr\/wp-json\/wp\/v2\/posts"}],"about":[{"href":"https:\/\/www.bellunopress.it\/fr\/wp-json\/wp\/v2\/types\/post"}],"author":[{"embeddable":true,"href":"https:\/\/www.bellunopress.it\/fr\/wp-json\/wp\/v2\/users\/2"}],"replies":[{"embeddable":true,"href":"https:\/\/www.bellunopress.it\/fr\/wp-json\/wp\/v2\/comments?post=142895"}],"version-history":[{"count":1,"href":"https:\/\/www.bellunopress.it\/fr\/wp-json\/wp\/v2\/posts\/142895\/revisions"}],"predecessor-version":[{"id":142896,"href":"https:\/\/www.bellunopress.it\/fr\/wp-json\/wp\/v2\/posts\/142895\/revisions\/142896"}],"wp:featuredmedia":[{"embeddable":true,"href":"https:\/\/www.bellunopress.it\/fr\/wp-json\/wp\/v2\/media\/125420"}],"wp:attachment":[{"href":"https:\/\/www.bellunopress.it\/fr\/wp-json\/wp\/v2\/media?parent=142895"}],"wp:term":[{"taxonomy":"category","embeddable":true,"href":"https:\/\/www.bellunopress.it\/fr\/wp-json\/wp\/v2\/categories?post=142895"},{"taxonomy":"post_tag","embeddable":true,"href":"https:\/\/www.bellunopress.it\/fr\/wp-json\/wp\/v2\/tags?post=142895"}],"curies":[{"name":"wp","href":"https:\/\/api.w.org\/{rel}","templated":true}]}}