{"id":142890,"date":"2023-07-19T11:23:41","date_gmt":"2023-07-19T09:23:41","guid":{"rendered":"https:\/\/www.bellunopress.it\/?p=142890"},"modified":"2023-07-19T11:23:41","modified_gmt":"2023-07-19T09:23:41","slug":"centro-antiviolenza-a-rischio-la-consigliera-di-parita-scrive-alla-regione","status":"publish","type":"post","link":"https:\/\/www.bellunopress.it\/fr\/2023\/07\/19\/centro-antiviolenza-a-rischio-la-consigliera-di-parita-scrive-alla-regione\/","title":{"rendered":"Centro antiviolenza a rischio, la consigliera di parit\u00e0 scrive alla Regione"},"content":{"rendered":"<figure id=\"attachment_142891\" aria-describedby=\"caption-attachment-142891\" style=\"width: 1000px\" class=\"wp-caption alignleft\"><img loading=\"lazy\" decoding=\"async\" class=\"size-full wp-image-142891\" src=\"https:\/\/www.bellunopress.it\/wp-content\/uploads\/2023\/07\/Flavia-Monego-Roberto-Padrin-Manuela-Lanzarin.jpg\" alt=\"\" width=\"1000\" height=\"852\" srcset=\"https:\/\/www.bellunopress.it\/wp-content\/uploads\/2023\/07\/Flavia-Monego-Roberto-Padrin-Manuela-Lanzarin.jpg 1000w, https:\/\/www.bellunopress.it\/wp-content\/uploads\/2023\/07\/Flavia-Monego-Roberto-Padrin-Manuela-Lanzarin-500x426.jpg 500w, https:\/\/www.bellunopress.it\/wp-content\/uploads\/2023\/07\/Flavia-Monego-Roberto-Padrin-Manuela-Lanzarin-696x593.jpg 696w, https:\/\/www.bellunopress.it\/wp-content\/uploads\/2023\/07\/Flavia-Monego-Roberto-Padrin-Manuela-Lanzarin-493x420.jpg 493w\" sizes=\"auto, (max-width: 1000px) 100vw, 1000px\" \/><figcaption id=\"caption-attachment-142891\" class=\"wp-caption-text\">Flavia Monego, Roberto Padrin, Manuela Lanzarin<\/figcaption><\/figure>\n<p><em><strong>Flavia Monego: \u00abSensibilizzati tutti i Comuni sul tema. Serve una deroga per la montagna\u00bb<\/strong><\/em><\/p>\n<p>L&#8217;unico Centro antiviolenza della provincia di Belluno \u00e8 a rischio. Un messaggio che la consigliera provinciale di parit\u00e0 ha recapitato a tutti i Comuni bellunesi, con una lettera e una concomitante richiesta di sottoscrizione, in modo da presentare unitariet\u00e0 territoriale nella richiesta alla Regione Veneto di derogare alla nuova Dgr relativa proprio al funzionamento dei Centri antiviolenza.<\/p>\n<p>Il nocciolo della questione \u00e8 l&#8217;entrata in vigore dell&#8217;intesa Stato-Regioni approvata in conferenza unificata il 14 settembre 2022 (GU 25\/11\/2022), cos\u00ec come recepita dalla Regione del Veneto con Dgr 400 del 7 aprile 2023, che ha dettato i nuovi requisiti minimi di un Centro antiviolenza per accedere ai fondi stanziati e al riconoscimento regionale. \u00abRequisiti minimi che mettono fortemente in difficolt\u00e0 l&#8217;unico Centro antiviolenza bellunese, gestito dall&#8217;Associazione Onlus Belluno Donna, che offre un servizio essenziale per il territorio bellunese, capace di dare risposte immediate e di farsi carico delle urgenze e della gestione a lungo raggio del supporto alle donne vittime di violenza\u00bb premette Flavia Monego, consigliera provinciale di parit\u00e0.<br \/>\nIl problema maggiore \u00e8 rappresentato dalla richiesta della reperibilit\u00e0 H24. \u00abChe \u00e8 insormontabile per una realt\u00e0 basata sul volontariato e rischia di compromettere il servizio, a tutto danno delle donne vittime di violenza\u00bb sottolinea Monego. \u00abTra le altre criticit\u00e0 che registriamo da tempo in territorio bellunese, c&#8217;\u00e8 anche la carenza di alloggi ai quali la donna possa accedere in sicurezza dopo la prima presa in carico da parte del Centro antiviolenza\u00bb.<br \/>\nDa qui, la richiesta della consigliera di parit\u00e0 di una deroga rispetto ai requisiti minimi per Belluno, in virt\u00f9 della specificit\u00e0 montana. Richiesta che \u00e8 stata messa nero su bianco e recapitata a tutti i sindaci bellunesi, con l&#8217;invito a condividerla, a seguito di un incontro avuto a giugno con le amministrazioni di Belluno e Feltre e con le Commissioni Pari Opportunit\u00e0. Inoltre, luned\u00ec scorso la consigliera di parit\u00e0, insieme al presidente della Provincia Roberto Padrin, ha incontrato a Cortina l&#8217;assessora regionale Manuela Lanzarin, e ha sottolineato tutti i nodi della questione.<\/p>\n<p>\u00abL&#8217;assessora Lanzarin ha compreso il problema e si \u00e8 detta disponibile ad aprire un tavolo di confronto per discutere una possibilit\u00e0 di deroga\u00bb spiega la consigliera di parit\u00e0 Flavia Monego. \u00abNon possiamo correre il rischio di perdere un servizio come quello oggi garantito da Belluno Donna\u00bb.<\/p>","protected":false},"excerpt":{"rendered":"<p>Flavia Monego: \u00abSensibilizzati tutti i Comuni sul tema. Serve una deroga per la montagna\u00bb L&#8217;unico Centro antiviolenza della provincia di Belluno \u00e8 a rischio. Un messaggio che la consigliera provinciale di parit\u00e0 ha recapitato a tutti i Comuni bellunesi, con una lettera e una concomitante richiesta di sottoscrizione, in modo da presentare unitariet\u00e0 territoriale nella [&hellip;]<\/p>\n","protected":false},"author":2,"featured_media":142891,"comment_status":"closed","ping_status":"open","sticky":false,"template":"","format":"standard","meta":{"footnotes":""},"categories":[26,8],"tags":[],"class_list":["post-142890","post","type-post","status-publish","format-standard","has-post-thumbnail","category-prima-pagina","category-societa-istituzioni"],"yoast_head":"<!-- This site is optimized with the Yoast SEO plugin v28.4 - https:\/\/yoast.com\/product\/yoast-seo-wordpress\/ -->\n<title>Centro antiviolenza a rischio, la consigliera di parit\u00e0 scrive alla Regione - Bellunopress - Dolomiti<\/title>\n<meta name=\"robots\" content=\"index, follow, max-snippet:-1, max-image-preview:large, max-video-preview:-1\" \/>\n<link rel=\"canonical\" href=\"https:\/\/www.bellunopress.it\/fr\/2023\/07\/19\/centro-antiviolenza-a-rischio-la-consigliera-di-parita-scrive-alla-regione\/\" \/>\n<meta property=\"og:locale\" content=\"fr_FR\" \/>\n<meta property=\"og:type\" content=\"article\" \/>\n<meta property=\"og:title\" content=\"Centro antiviolenza a rischio, la consigliera di parit\u00e0 scrive alla Regione - Bellunopress - Dolomiti\" \/>\n<meta property=\"og:description\" content=\"Flavia Monego: \u00abSensibilizzati tutti i Comuni sul tema. Serve una deroga per la montagna\u00bb L&#8217;unico Centro antiviolenza della provincia di Belluno \u00e8 a rischio. Un messaggio che la consigliera provinciale di parit\u00e0 ha recapitato a tutti i Comuni bellunesi, con una lettera e una concomitante richiesta di sottoscrizione, in modo da presentare unitariet\u00e0 territoriale nella [&hellip;]\" \/>\n<meta property=\"og:url\" content=\"https:\/\/www.bellunopress.it\/fr\/2023\/07\/19\/centro-antiviolenza-a-rischio-la-consigliera-di-parita-scrive-alla-regione\/\" \/>\n<meta property=\"og:site_name\" content=\"Bellunopress - Dolomiti\" \/>\n<meta property=\"article:publisher\" content=\"https:\/\/www.facebook.com\/profile.php?id=100008943462799\" \/>\n<meta property=\"article:published_time\" content=\"2023-07-19T09:23:41+00:00\" \/>\n<meta property=\"og:image\" content=\"https:\/\/www.bellunopress.it\/wp-content\/uploads\/2023\/07\/Flavia-Monego-Roberto-Padrin-Manuela-Lanzarin.jpg\" \/>\n\t<meta property=\"og:image:width\" content=\"1000\" \/>\n\t<meta property=\"og:image:height\" content=\"852\" \/>\n\t<meta property=\"og:image:type\" content=\"image\/jpeg\" \/>\n<meta name=\"author\" content=\"redazione\" \/>\n<meta name=\"twitter:card\" content=\"summary_large_image\" \/>\n<meta name=\"twitter:creator\" content=\"@bellunopress\" \/>\n<meta name=\"twitter:site\" content=\"@bellunopress\" \/>\n<meta name=\"twitter:label1\" content=\"Written by\" \/>\n\t<meta name=\"twitter:data1\" content=\"redazione\" \/>\n\t<meta name=\"twitter:label2\" content=\"Est. reading time\" \/>\n\t<meta name=\"twitter:data2\" content=\"3 minutes\" \/>\n<script type=\"application\/ld+json\" class=\"yoast-schema-graph\">{\"@context\":\"https:\\\/\\\/schema.org\",\"@graph\":[{\"@type\":\"Article\",\"@id\":\"https:\\\/\\\/www.bellunopress.it\\\/2023\\\/07\\\/19\\\/centro-antiviolenza-a-rischio-la-consigliera-di-parita-scrive-alla-regione\\\/#article\",\"isPartOf\":{\"@id\":\"https:\\\/\\\/www.bellunopress.it\\\/2023\\\/07\\\/19\\\/centro-antiviolenza-a-rischio-la-consigliera-di-parita-scrive-alla-regione\\\/\"},\"author\":{\"name\":\"redazione\",\"@id\":\"https:\\\/\\\/www.bellunopress.it\\\/#\\\/schema\\\/person\\\/79bb06722b37ece1c03d3e94beb30d73\"},\"headline\":\"Centro antiviolenza a rischio, la consigliera di parit\u00e0 scrive alla Regione\",\"datePublished\":\"2023-07-19T09:23:41+00:00\",\"mainEntityOfPage\":{\"@id\":\"https:\\\/\\\/www.bellunopress.it\\\/2023\\\/07\\\/19\\\/centro-antiviolenza-a-rischio-la-consigliera-di-parita-scrive-alla-regione\\\/\"},\"wordCount\":410,\"publisher\":{\"@id\":\"https:\\\/\\\/www.bellunopress.it\\\/#organization\"},\"image\":{\"@id\":\"https:\\\/\\\/www.bellunopress.it\\\/2023\\\/07\\\/19\\\/centro-antiviolenza-a-rischio-la-consigliera-di-parita-scrive-alla-regione\\\/#primaryimage\"},\"thumbnailUrl\":\"https:\\\/\\\/www.bellunopress.it\\\/wp-content\\\/uploads\\\/2023\\\/07\\\/Flavia-Monego-Roberto-Padrin-Manuela-Lanzarin.jpg\",\"articleSection\":[\"Prima Pagina\",\"Societ\u00e0, Associazioni, Istituzioni\"],\"inLanguage\":\"fr-FR\"},{\"@type\":\"WebPage\",\"@id\":\"https:\\\/\\\/www.bellunopress.it\\\/2023\\\/07\\\/19\\\/centro-antiviolenza-a-rischio-la-consigliera-di-parita-scrive-alla-regione\\\/\",\"url\":\"https:\\\/\\\/www.bellunopress.it\\\/2023\\\/07\\\/19\\\/centro-antiviolenza-a-rischio-la-consigliera-di-parita-scrive-alla-regione\\\/\",\"name\":\"Centro antiviolenza a rischio, la consigliera di parit\u00e0 scrive alla Regione - Bellunopress - Dolomiti\",\"isPartOf\":{\"@id\":\"https:\\\/\\\/www.bellunopress.it\\\/#website\"},\"primaryImageOfPage\":{\"@id\":\"https:\\\/\\\/www.bellunopress.it\\\/2023\\\/07\\\/19\\\/centro-antiviolenza-a-rischio-la-consigliera-di-parita-scrive-alla-regione\\\/#primaryimage\"},\"image\":{\"@id\":\"https:\\\/\\\/www.bellunopress.it\\\/2023\\\/07\\\/19\\\/centro-antiviolenza-a-rischio-la-consigliera-di-parita-scrive-alla-regione\\\/#primaryimage\"},\"thumbnailUrl\":\"https:\\\/\\\/www.bellunopress.it\\\/wp-content\\\/uploads\\\/2023\\\/07\\\/Flavia-Monego-Roberto-Padrin-Manuela-Lanzarin.jpg\",\"datePublished\":\"2023-07-19T09:23:41+00:00\",\"breadcrumb\":{\"@id\":\"https:\\\/\\\/www.bellunopress.it\\\/2023\\\/07\\\/19\\\/centro-antiviolenza-a-rischio-la-consigliera-di-parita-scrive-alla-regione\\\/#breadcrumb\"},\"inLanguage\":\"fr-FR\",\"potentialAction\":[{\"@type\":\"ReadAction\",\"target\":[\"https:\\\/\\\/www.bellunopress.it\\\/2023\\\/07\\\/19\\\/centro-antiviolenza-a-rischio-la-consigliera-di-parita-scrive-alla-regione\\\/\"]}]},{\"@type\":\"ImageObject\",\"inLanguage\":\"fr-FR\",\"@id\":\"https:\\\/\\\/www.bellunopress.it\\\/2023\\\/07\\\/19\\\/centro-antiviolenza-a-rischio-la-consigliera-di-parita-scrive-alla-regione\\\/#primaryimage\",\"url\":\"https:\\\/\\\/www.bellunopress.it\\\/wp-content\\\/uploads\\\/2023\\\/07\\\/Flavia-Monego-Roberto-Padrin-Manuela-Lanzarin.jpg\",\"contentUrl\":\"https:\\\/\\\/www.bellunopress.it\\\/wp-content\\\/uploads\\\/2023\\\/07\\\/Flavia-Monego-Roberto-Padrin-Manuela-Lanzarin.jpg\",\"width\":1000,\"height\":852,\"caption\":\"Flavia Monego, Roberto Padrin, Manuela Lanzarin\"},{\"@type\":\"BreadcrumbList\",\"@id\":\"https:\\\/\\\/www.bellunopress.it\\\/2023\\\/07\\\/19\\\/centro-antiviolenza-a-rischio-la-consigliera-di-parita-scrive-alla-regione\\\/#breadcrumb\",\"itemListElement\":[{\"@type\":\"ListItem\",\"position\":1,\"name\":\"Home\",\"item\":\"https:\\\/\\\/www.bellunopress.it\\\/\"},{\"@type\":\"ListItem\",\"position\":2,\"name\":\"Centro antiviolenza a rischio, la consigliera di parit\u00e0 scrive alla Regione\"}]},{\"@type\":\"WebSite\",\"@id\":\"https:\\\/\\\/www.bellunopress.it\\\/#website\",\"url\":\"https:\\\/\\\/www.bellunopress.it\\\/\",\"name\":\"Bellunopress - Dolomiti\",\"description\":\"e-mail: redazione@bellunopress.it\",\"publisher\":{\"@id\":\"https:\\\/\\\/www.bellunopress.it\\\/#organization\"},\"potentialAction\":[{\"@type\":\"SearchAction\",\"target\":{\"@type\":\"EntryPoint\",\"urlTemplate\":\"https:\\\/\\\/www.bellunopress.it\\\/?s={search_term_string}\"},\"query-input\":{\"@type\":\"PropertyValueSpecification\",\"valueRequired\":true,\"valueName\":\"search_term_string\"}}],\"inLanguage\":\"fr-FR\"},{\"@type\":\"Organization\",\"@id\":\"https:\\\/\\\/www.bellunopress.it\\\/#organization\",\"name\":\"Bellunopress\",\"url\":\"https:\\\/\\\/www.bellunopress.it\\\/\",\"logo\":{\"@type\":\"ImageObject\",\"inLanguage\":\"fr-FR\",\"@id\":\"https:\\\/\\\/www.bellunopress.it\\\/#\\\/schema\\\/logo\\\/image\\\/\",\"url\":\"https:\\\/\\\/www.bellunopress.it\\\/wp-content\\\/uploads\\\/2011\\\/05\\\/cropped-logo-bellunopress-.jpg\",\"contentUrl\":\"https:\\\/\\\/www.bellunopress.it\\\/wp-content\\\/uploads\\\/2011\\\/05\\\/cropped-logo-bellunopress-.jpg\",\"width\":512,\"height\":512,\"caption\":\"Bellunopress\"},\"image\":{\"@id\":\"https:\\\/\\\/www.bellunopress.it\\\/#\\\/schema\\\/logo\\\/image\\\/\"},\"sameAs\":[\"https:\\\/\\\/www.facebook.com\\\/profile.php?id=100008943462799\",\"https:\\\/\\\/x.com\\\/bellunopress\",\"https:\\\/\\\/www.linkedin.com\\\/hp\\\/?dnr=JBzUWaJfMUw8vbXJJ2tVW5-I3jZKvC4wsoxE&amp;amp;amp;amp;amp;amp;trk=nav_responsive_tab_home\",\"https:\\\/\\\/www.youtube.com\\\/channel\\\/UCxL0wu1uN0_3_7hGG0306cw\"]},{\"@type\":\"Person\",\"@id\":\"https:\\\/\\\/www.bellunopress.it\\\/#\\\/schema\\\/person\\\/79bb06722b37ece1c03d3e94beb30d73\",\"name\":\"redazione\",\"image\":{\"@type\":\"ImageObject\",\"inLanguage\":\"fr-FR\",\"@id\":\"https:\\\/\\\/secure.gravatar.com\\\/avatar\\\/37d968a2e67a6fd04c169c4bdef102d0bc5d31b2546345219e348575eb80e9a0?s=96&d=mm&r=g\",\"url\":\"https:\\\/\\\/secure.gravatar.com\\\/avatar\\\/37d968a2e67a6fd04c169c4bdef102d0bc5d31b2546345219e348575eb80e9a0?s=96&d=mm&r=g\",\"contentUrl\":\"https:\\\/\\\/secure.gravatar.com\\\/avatar\\\/37d968a2e67a6fd04c169c4bdef102d0bc5d31b2546345219e348575eb80e9a0?s=96&d=mm&r=g\",\"caption\":\"redazione\"},\"sameAs\":[\"http:\\\/\\\/www.bellunopress.it\",\"https:\\\/\\\/x.com\\\/bellunopress\"],\"url\":\"https:\\\/\\\/www.bellunopress.it\\\/fr\\\/author\\\/redazione\\\/\"}]}<\/script>\n<!-- \/ Yoast SEO plugin. -->","yoast_head_json":{"title":"Centro antiviolenza a rischio, la consigliera di parit\u00e0 scrive alla Regione - Bellunopress - Dolomiti","robots":{"index":"index","follow":"follow","max-snippet":"max-snippet:-1","max-image-preview":"max-image-preview:large","max-video-preview":"max-video-preview:-1"},"canonical":"https:\/\/www.bellunopress.it\/fr\/2023\/07\/19\/centro-antiviolenza-a-rischio-la-consigliera-di-parita-scrive-alla-regione\/","og_locale":"fr_FR","og_type":"article","og_title":"Centro antiviolenza a rischio, la consigliera di parit\u00e0 scrive alla Regione - Bellunopress - Dolomiti","og_description":"Flavia Monego: \u00abSensibilizzati tutti i Comuni sul tema. Serve una deroga per la montagna\u00bb L&#8217;unico Centro antiviolenza della provincia di Belluno \u00e8 a rischio. Un messaggio che la consigliera provinciale di parit\u00e0 ha recapitato a tutti i Comuni bellunesi, con una lettera e una concomitante richiesta di sottoscrizione, in modo da presentare unitariet\u00e0 territoriale nella [&hellip;]","og_url":"https:\/\/www.bellunopress.it\/fr\/2023\/07\/19\/centro-antiviolenza-a-rischio-la-consigliera-di-parita-scrive-alla-regione\/","og_site_name":"Bellunopress - Dolomiti","article_publisher":"https:\/\/www.facebook.com\/profile.php?id=100008943462799","article_published_time":"2023-07-19T09:23:41+00:00","og_image":[{"width":1000,"height":852,"url":"https:\/\/www.bellunopress.it\/wp-content\/uploads\/2023\/07\/Flavia-Monego-Roberto-Padrin-Manuela-Lanzarin.jpg","type":"image\/jpeg"}],"author":"redazione","twitter_card":"summary_large_image","twitter_creator":"@bellunopress","twitter_site":"@bellunopress","twitter_misc":{"Written by":"redazione","Est. reading time":"3 minutes"},"schema":{"@context":"https:\/\/schema.org","@graph":[{"@type":"Article","@id":"https:\/\/www.bellunopress.it\/2023\/07\/19\/centro-antiviolenza-a-rischio-la-consigliera-di-parita-scrive-alla-regione\/#article","isPartOf":{"@id":"https:\/\/www.bellunopress.it\/2023\/07\/19\/centro-antiviolenza-a-rischio-la-consigliera-di-parita-scrive-alla-regione\/"},"author":{"name":"redazione","@id":"https:\/\/www.bellunopress.it\/#\/schema\/person\/79bb06722b37ece1c03d3e94beb30d73"},"headline":"Centro antiviolenza a rischio, la consigliera di parit\u00e0 scrive alla Regione","datePublished":"2023-07-19T09:23:41+00:00","mainEntityOfPage":{"@id":"https:\/\/www.bellunopress.it\/2023\/07\/19\/centro-antiviolenza-a-rischio-la-consigliera-di-parita-scrive-alla-regione\/"},"wordCount":410,"publisher":{"@id":"https:\/\/www.bellunopress.it\/#organization"},"image":{"@id":"https:\/\/www.bellunopress.it\/2023\/07\/19\/centro-antiviolenza-a-rischio-la-consigliera-di-parita-scrive-alla-regione\/#primaryimage"},"thumbnailUrl":"https:\/\/www.bellunopress.it\/wp-content\/uploads\/2023\/07\/Flavia-Monego-Roberto-Padrin-Manuela-Lanzarin.jpg","articleSection":["Prima Pagina","Societ\u00e0, Associazioni, Istituzioni"],"inLanguage":"fr-FR"},{"@type":"WebPage","@id":"https:\/\/www.bellunopress.it\/2023\/07\/19\/centro-antiviolenza-a-rischio-la-consigliera-di-parita-scrive-alla-regione\/","url":"https:\/\/www.bellunopress.it\/2023\/07\/19\/centro-antiviolenza-a-rischio-la-consigliera-di-parita-scrive-alla-regione\/","name":"Centro antiviolenza a rischio, la consigliera di parit\u00e0 scrive alla Regione - Bellunopress - Dolomiti","isPartOf":{"@id":"https:\/\/www.bellunopress.it\/#website"},"primaryImageOfPage":{"@id":"https:\/\/www.bellunopress.it\/2023\/07\/19\/centro-antiviolenza-a-rischio-la-consigliera-di-parita-scrive-alla-regione\/#primaryimage"},"image":{"@id":"https:\/\/www.bellunopress.it\/2023\/07\/19\/centro-antiviolenza-a-rischio-la-consigliera-di-parita-scrive-alla-regione\/#primaryimage"},"thumbnailUrl":"https:\/\/www.bellunopress.it\/wp-content\/uploads\/2023\/07\/Flavia-Monego-Roberto-Padrin-Manuela-Lanzarin.jpg","datePublished":"2023-07-19T09:23:41+00:00","breadcrumb":{"@id":"https:\/\/www.bellunopress.it\/2023\/07\/19\/centro-antiviolenza-a-rischio-la-consigliera-di-parita-scrive-alla-regione\/#breadcrumb"},"inLanguage":"fr-FR","potentialAction":[{"@type":"ReadAction","target":["https:\/\/www.bellunopress.it\/2023\/07\/19\/centro-antiviolenza-a-rischio-la-consigliera-di-parita-scrive-alla-regione\/"]}]},{"@type":"ImageObject","inLanguage":"fr-FR","@id":"https:\/\/www.bellunopress.it\/2023\/07\/19\/centro-antiviolenza-a-rischio-la-consigliera-di-parita-scrive-alla-regione\/#primaryimage","url":"https:\/\/www.bellunopress.it\/wp-content\/uploads\/2023\/07\/Flavia-Monego-Roberto-Padrin-Manuela-Lanzarin.jpg","contentUrl":"https:\/\/www.bellunopress.it\/wp-content\/uploads\/2023\/07\/Flavia-Monego-Roberto-Padrin-Manuela-Lanzarin.jpg","width":1000,"height":852,"caption":"Flavia Monego, Roberto Padrin, Manuela Lanzarin"},{"@type":"BreadcrumbList","@id":"https:\/\/www.bellunopress.it\/2023\/07\/19\/centro-antiviolenza-a-rischio-la-consigliera-di-parita-scrive-alla-regione\/#breadcrumb","itemListElement":[{"@type":"ListItem","position":1,"name":"Home","item":"https:\/\/www.bellunopress.it\/"},{"@type":"ListItem","position":2,"name":"Centro antiviolenza a rischio, la consigliera di parit\u00e0 scrive alla Regione"}]},{"@type":"WebSite","@id":"https:\/\/www.bellunopress.it\/#website","url":"https:\/\/www.bellunopress.it\/","name":"Bellunopress - Dolomiti","description":"e-mail: redazione@bellunopress.it","publisher":{"@id":"https:\/\/www.bellunopress.it\/#organization"},"potentialAction":[{"@type":"SearchAction","target":{"@type":"EntryPoint","urlTemplate":"https:\/\/www.bellunopress.it\/?s={search_term_string}"},"query-input":{"@type":"PropertyValueSpecification","valueRequired":true,"valueName":"search_term_string"}}],"inLanguage":"fr-FR"},{"@type":"Organization","@id":"https:\/\/www.bellunopress.it\/#organization","name":"Bellunopress","url":"https:\/\/www.bellunopress.it\/","logo":{"@type":"ImageObject","inLanguage":"fr-FR","@id":"https:\/\/www.bellunopress.it\/#\/schema\/logo\/image\/","url":"https:\/\/www.bellunopress.it\/wp-content\/uploads\/2011\/05\/cropped-logo-bellunopress-.jpg","contentUrl":"https:\/\/www.bellunopress.it\/wp-content\/uploads\/2011\/05\/cropped-logo-bellunopress-.jpg","width":512,"height":512,"caption":"Bellunopress"},"image":{"@id":"https:\/\/www.bellunopress.it\/#\/schema\/logo\/image\/"},"sameAs":["https:\/\/www.facebook.com\/profile.php?id=100008943462799","https:\/\/x.com\/bellunopress","https:\/\/www.linkedin.com\/hp\/?dnr=JBzUWaJfMUw8vbXJJ2tVW5-I3jZKvC4wsoxE&amp;amp;amp;amp;amp;amp;trk=nav_responsive_tab_home","https:\/\/www.youtube.com\/channel\/UCxL0wu1uN0_3_7hGG0306cw"]},{"@type":"Person","@id":"https:\/\/www.bellunopress.it\/#\/schema\/person\/79bb06722b37ece1c03d3e94beb30d73","name":"r\u00e9daction","image":{"@type":"ImageObject","inLanguage":"fr-FR","@id":"https:\/\/secure.gravatar.com\/avatar\/37d968a2e67a6fd04c169c4bdef102d0bc5d31b2546345219e348575eb80e9a0?s=96&d=mm&r=g","url":"https:\/\/secure.gravatar.com\/avatar\/37d968a2e67a6fd04c169c4bdef102d0bc5d31b2546345219e348575eb80e9a0?s=96&d=mm&r=g","contentUrl":"https:\/\/secure.gravatar.com\/avatar\/37d968a2e67a6fd04c169c4bdef102d0bc5d31b2546345219e348575eb80e9a0?s=96&d=mm&r=g","caption":"redazione"},"sameAs":["http:\/\/www.bellunopress.it","https:\/\/x.com\/bellunopress"],"url":"https:\/\/www.bellunopress.it\/fr\/author\/redazione\/"}]}},"_links":{"self":[{"href":"https:\/\/www.bellunopress.it\/fr\/wp-json\/wp\/v2\/posts\/142890","targetHints":{"allow":["GET"]}}],"collection":[{"href":"https:\/\/www.bellunopress.it\/fr\/wp-json\/wp\/v2\/posts"}],"about":[{"href":"https:\/\/www.bellunopress.it\/fr\/wp-json\/wp\/v2\/types\/post"}],"author":[{"embeddable":true,"href":"https:\/\/www.bellunopress.it\/fr\/wp-json\/wp\/v2\/users\/2"}],"replies":[{"embeddable":true,"href":"https:\/\/www.bellunopress.it\/fr\/wp-json\/wp\/v2\/comments?post=142890"}],"version-history":[{"count":1,"href":"https:\/\/www.bellunopress.it\/fr\/wp-json\/wp\/v2\/posts\/142890\/revisions"}],"predecessor-version":[{"id":142892,"href":"https:\/\/www.bellunopress.it\/fr\/wp-json\/wp\/v2\/posts\/142890\/revisions\/142892"}],"wp:featuredmedia":[{"embeddable":true,"href":"https:\/\/www.bellunopress.it\/fr\/wp-json\/wp\/v2\/media\/142891"}],"wp:attachment":[{"href":"https:\/\/www.bellunopress.it\/fr\/wp-json\/wp\/v2\/media?parent=142890"}],"wp:term":[{"taxonomy":"category","embeddable":true,"href":"https:\/\/www.bellunopress.it\/fr\/wp-json\/wp\/v2\/categories?post=142890"},{"taxonomy":"post_tag","embeddable":true,"href":"https:\/\/www.bellunopress.it\/fr\/wp-json\/wp\/v2\/tags?post=142890"}],"curies":[{"name":"wp","href":"https:\/\/api.w.org\/{rel}","templated":true}]}}