{"id":142816,"date":"2023-07-17T10:57:08","date_gmt":"2023-07-17T08:57:08","guid":{"rendered":"https:\/\/www.bellunopress.it\/?p=142816"},"modified":"2023-07-17T10:57:08","modified_gmt":"2023-07-17T08:57:08","slug":"festa-dei-bellunesi-nel-mondo-successo-a-valle-di-cadore","status":"publish","type":"post","link":"https:\/\/www.bellunopress.it\/fr\/2023\/07\/17\/festa-dei-bellunesi-nel-mondo-successo-a-valle-di-cadore\/","title":{"rendered":"Festa dei bellunesi nel mondo.\u00a0Successo a Valle di Cadore"},"content":{"rendered":"<p><img loading=\"lazy\" decoding=\"async\" class=\"alignleft size-full wp-image-142817\" src=\"https:\/\/www.bellunopress.it\/wp-content\/uploads\/2023\/07\/Festa-dei-bellunesi-nel-mondo_edited.jpg\" alt=\"\" width=\"1000\" height=\"481\" srcset=\"https:\/\/www.bellunopress.it\/wp-content\/uploads\/2023\/07\/Festa-dei-bellunesi-nel-mondo_edited.jpg 1000w, https:\/\/www.bellunopress.it\/wp-content\/uploads\/2023\/07\/Festa-dei-bellunesi-nel-mondo_edited-500x241.jpg 500w, https:\/\/www.bellunopress.it\/wp-content\/uploads\/2023\/07\/Festa-dei-bellunesi-nel-mondo_edited-696x335.jpg 696w, https:\/\/www.bellunopress.it\/wp-content\/uploads\/2023\/07\/Festa-dei-bellunesi-nel-mondo_edited-873x420.jpg 873w\" sizes=\"auto, (max-width: 1000px) 100vw, 1000px\" \/>Valle di Cadore centro del mondo. Ricca e partecipata la tradizionale festa estiva organizzata nella giornata di domenica 16 luglio dall&#8217;Associazione Bellunesi nel Mondo, con il supporto della Famiglia Ex emigranti del Cadore e il patrocinio del Comune di Valle di Cadore.<\/p>\n<p>Un corteo partito da Piazza Costa e rappresentato dai gagliardetti delle Famiglie Abm, con lo sventolio di numerose bandiere che rappresentavano il globo, ha attraversato l&#8217;antica borgata per raggiungere la chiesa di San Martino, dove \u00e8 stata celebrata la Santa Messa da parte di don Alessandro: &#8220;Siamo in questa chiesa posata su una roccia solida, solida come la nostra fede, ma anche solida come la forza di volont\u00e0 dei nostri emigranti, che tanto hanno dato all&#8217;estero&#8221;.<\/p>\n<p>La festa si \u00e8 tenuta in concomitanza della XX edizione della mostra di &#8220;Arti e mestieri&#8221; e cos\u00ec, gli associati e simpatizzanti Abm hanno potuto riscoprire un paese di un tempo.<\/p>\n<p>La giornata \u00e8 continuata al ristorante &#8220;La Tappa&#8221; per il tradizionale pranzo sociale. L&#8217;incontro ha avuto un momento di ricordo rivolto a figure bellunesi, e legate all&#8217;Abm, che nel corso del 2022 e 2023 sono venute a mancare: Sergio Somamcal, Sergio De Cian, Elesrino Piol, Rudy Favretti, Celeste D&#8217;Inc\u00e0, Florindo D&#8217;Isep, Elsa De Pr\u00e0, Bruno Fronza, don Mario Carlin, don Canuto Toso, Rino Dal Farra, Renzo Gavaz, Ermanno De Col, Debora Geremia, Leonardo Del Vecchio, Giovanni Andrich, Sante Iral, Petar Strag\u00e0, Luciano Caon, Omar Monestier.<\/p>\n<p>Il presidente Abm, Oscar De Bona, nel suo intervento ha voluto ricordare tutti i soci e quanto si spendono per tutelare e preservare la storia dell&#8217;emigrazione bellunese. Molte le autorit\u00e0 presenti. Dal consigliere regionale Silvia Cestaro, al presidente della provincia di Belluno Roberto Padrin. Dalle Amministrazioni comunali di Belluno, Vigo di Cadore, Soverzene, Chies d&#8217;Alpago, Cibiana di Cadore, Sedico, Auronzo di Cadore, Ponte nelle Alpi, alle Associazioni in emigrazione come la Trentini nel Mondo, i Ragusani nel Mondo e la Trevisani nel Mondo.<\/p>\n<p>A coronare la giornata il bel canto del coro Rualan di Valle di Cadore.<\/p>\n<p>La stessa sindaca di Valle di Cadore, Maranna Hoffer, nel suo intervento ha sottolineato come la presenza degli emigranti bellunesi, in occasione della &#8220;Mostra di arti e mestieri&#8221;, fosse molto richiesta: &#8220;Sono orgogliosa di avervi qui con noi, e grazie al presidente De Bona e a tutta l&#8217;Abm per avere scelto il nostro comune per questo meraviglioso incontro&#8221;.<\/p>\n<p>A conclusione il presidente De Bona ha lanciato l&#8217;invito ai presenti di candidare il proprio comune a ospitare la &#8220;Festa dei bellunesi nel mondo&#8221; per l&#8217;edizione 2024.<\/p>","protected":false},"excerpt":{"rendered":"<p>Valle di Cadore centro del mondo. Ricca e partecipata la tradizionale festa estiva organizzata nella giornata di domenica 16 luglio dall&#8217;Associazione Bellunesi nel Mondo, con il supporto della Famiglia Ex emigranti del Cadore e il patrocinio del Comune di Valle di Cadore. Un corteo partito da Piazza Costa e rappresentato dai gagliardetti delle Famiglie Abm, [&hellip;]<\/p>\n","protected":false},"author":2,"featured_media":142817,"comment_status":"closed","ping_status":"open","sticky":false,"template":"","format":"standard","meta":{"footnotes":""},"categories":[8],"tags":[],"class_list":["post-142816","post","type-post","status-publish","format-standard","has-post-thumbnail","category-societa-istituzioni"],"yoast_head":"<!-- This site is optimized with the Yoast SEO plugin v28.4 - https:\/\/yoast.com\/product\/yoast-seo-wordpress\/ -->\n<title>Festa dei bellunesi nel mondo.\u00a0Successo a Valle di Cadore - Bellunopress - Dolomiti<\/title>\n<meta name=\"robots\" content=\"index, follow, max-snippet:-1, max-image-preview:large, max-video-preview:-1\" \/>\n<link rel=\"canonical\" href=\"https:\/\/www.bellunopress.it\/fr\/2023\/07\/17\/festa-dei-bellunesi-nel-mondo-successo-a-valle-di-cadore\/\" \/>\n<meta property=\"og:locale\" content=\"fr_FR\" \/>\n<meta property=\"og:type\" content=\"article\" \/>\n<meta property=\"og:title\" content=\"Festa dei bellunesi nel mondo.\u00a0Successo a Valle di Cadore - Bellunopress - Dolomiti\" \/>\n<meta property=\"og:description\" content=\"Valle di Cadore centro del mondo. Ricca e partecipata la tradizionale festa estiva organizzata nella giornata di domenica 16 luglio dall&#8217;Associazione Bellunesi nel Mondo, con il supporto della Famiglia Ex emigranti del Cadore e il patrocinio del Comune di Valle di Cadore. Un corteo partito da Piazza Costa e rappresentato dai gagliardetti delle Famiglie Abm, [&hellip;]\" \/>\n<meta property=\"og:url\" content=\"https:\/\/www.bellunopress.it\/fr\/2023\/07\/17\/festa-dei-bellunesi-nel-mondo-successo-a-valle-di-cadore\/\" \/>\n<meta property=\"og:site_name\" content=\"Bellunopress - Dolomiti\" \/>\n<meta property=\"article:publisher\" content=\"https:\/\/www.facebook.com\/profile.php?id=100008943462799\" \/>\n<meta property=\"article:published_time\" content=\"2023-07-17T08:57:08+00:00\" \/>\n<meta property=\"og:image\" content=\"https:\/\/www.bellunopress.it\/wp-content\/uploads\/2023\/07\/Festa-dei-bellunesi-nel-mondo_edited.jpg\" \/>\n\t<meta property=\"og:image:width\" content=\"1000\" \/>\n\t<meta property=\"og:image:height\" content=\"481\" \/>\n\t<meta property=\"og:image:type\" content=\"image\/jpeg\" \/>\n<meta name=\"author\" content=\"redazione\" \/>\n<meta name=\"twitter:card\" content=\"summary_large_image\" \/>\n<meta name=\"twitter:creator\" content=\"@bellunopress\" \/>\n<meta name=\"twitter:site\" content=\"@bellunopress\" \/>\n<meta name=\"twitter:label1\" content=\"\u00c9crit par\" \/>\n\t<meta name=\"twitter:data1\" content=\"redazione\" \/>\n\t<meta name=\"twitter:label2\" content=\"Dur\u00e9e de lecture estim\u00e9e\" \/>\n\t<meta name=\"twitter:data2\" content=\"3 minutes\" \/>\n<script type=\"application\/ld+json\" class=\"yoast-schema-graph\">{\"@context\":\"https:\\\/\\\/schema.org\",\"@graph\":[{\"@type\":\"Article\",\"@id\":\"https:\\\/\\\/www.bellunopress.it\\\/2023\\\/07\\\/17\\\/festa-dei-bellunesi-nel-mondo-successo-a-valle-di-cadore\\\/#article\",\"isPartOf\":{\"@id\":\"https:\\\/\\\/www.bellunopress.it\\\/2023\\\/07\\\/17\\\/festa-dei-bellunesi-nel-mondo-successo-a-valle-di-cadore\\\/\"},\"author\":{\"name\":\"redazione\",\"@id\":\"https:\\\/\\\/www.bellunopress.it\\\/#\\\/schema\\\/person\\\/79bb06722b37ece1c03d3e94beb30d73\"},\"headline\":\"Festa dei bellunesi nel mondo.\u00a0Successo a Valle di Cadore\",\"datePublished\":\"2023-07-17T08:57:08+00:00\",\"mainEntityOfPage\":{\"@id\":\"https:\\\/\\\/www.bellunopress.it\\\/2023\\\/07\\\/17\\\/festa-dei-bellunesi-nel-mondo-successo-a-valle-di-cadore\\\/\"},\"wordCount\":431,\"publisher\":{\"@id\":\"https:\\\/\\\/www.bellunopress.it\\\/#organization\"},\"image\":{\"@id\":\"https:\\\/\\\/www.bellunopress.it\\\/2023\\\/07\\\/17\\\/festa-dei-bellunesi-nel-mondo-successo-a-valle-di-cadore\\\/#primaryimage\"},\"thumbnailUrl\":\"https:\\\/\\\/www.bellunopress.it\\\/wp-content\\\/uploads\\\/2023\\\/07\\\/Festa-dei-bellunesi-nel-mondo_edited.jpg\",\"articleSection\":[\"Societ\u00e0, Associazioni, Istituzioni\"],\"inLanguage\":\"fr-FR\"},{\"@type\":\"WebPage\",\"@id\":\"https:\\\/\\\/www.bellunopress.it\\\/2023\\\/07\\\/17\\\/festa-dei-bellunesi-nel-mondo-successo-a-valle-di-cadore\\\/\",\"url\":\"https:\\\/\\\/www.bellunopress.it\\\/2023\\\/07\\\/17\\\/festa-dei-bellunesi-nel-mondo-successo-a-valle-di-cadore\\\/\",\"name\":\"Festa dei bellunesi nel mondo.\u00a0Successo a Valle di Cadore - Bellunopress - Dolomiti\",\"isPartOf\":{\"@id\":\"https:\\\/\\\/www.bellunopress.it\\\/#website\"},\"primaryImageOfPage\":{\"@id\":\"https:\\\/\\\/www.bellunopress.it\\\/2023\\\/07\\\/17\\\/festa-dei-bellunesi-nel-mondo-successo-a-valle-di-cadore\\\/#primaryimage\"},\"image\":{\"@id\":\"https:\\\/\\\/www.bellunopress.it\\\/2023\\\/07\\\/17\\\/festa-dei-bellunesi-nel-mondo-successo-a-valle-di-cadore\\\/#primaryimage\"},\"thumbnailUrl\":\"https:\\\/\\\/www.bellunopress.it\\\/wp-content\\\/uploads\\\/2023\\\/07\\\/Festa-dei-bellunesi-nel-mondo_edited.jpg\",\"datePublished\":\"2023-07-17T08:57:08+00:00\",\"breadcrumb\":{\"@id\":\"https:\\\/\\\/www.bellunopress.it\\\/2023\\\/07\\\/17\\\/festa-dei-bellunesi-nel-mondo-successo-a-valle-di-cadore\\\/#breadcrumb\"},\"inLanguage\":\"fr-FR\",\"potentialAction\":[{\"@type\":\"ReadAction\",\"target\":[\"https:\\\/\\\/www.bellunopress.it\\\/2023\\\/07\\\/17\\\/festa-dei-bellunesi-nel-mondo-successo-a-valle-di-cadore\\\/\"]}]},{\"@type\":\"ImageObject\",\"inLanguage\":\"fr-FR\",\"@id\":\"https:\\\/\\\/www.bellunopress.it\\\/2023\\\/07\\\/17\\\/festa-dei-bellunesi-nel-mondo-successo-a-valle-di-cadore\\\/#primaryimage\",\"url\":\"https:\\\/\\\/www.bellunopress.it\\\/wp-content\\\/uploads\\\/2023\\\/07\\\/Festa-dei-bellunesi-nel-mondo_edited.jpg\",\"contentUrl\":\"https:\\\/\\\/www.bellunopress.it\\\/wp-content\\\/uploads\\\/2023\\\/07\\\/Festa-dei-bellunesi-nel-mondo_edited.jpg\",\"width\":1000,\"height\":481},{\"@type\":\"BreadcrumbList\",\"@id\":\"https:\\\/\\\/www.bellunopress.it\\\/2023\\\/07\\\/17\\\/festa-dei-bellunesi-nel-mondo-successo-a-valle-di-cadore\\\/#breadcrumb\",\"itemListElement\":[{\"@type\":\"ListItem\",\"position\":1,\"name\":\"Home\",\"item\":\"https:\\\/\\\/www.bellunopress.it\\\/\"},{\"@type\":\"ListItem\",\"position\":2,\"name\":\"Festa dei bellunesi nel mondo.\u00a0Successo a Valle di Cadore\"}]},{\"@type\":\"WebSite\",\"@id\":\"https:\\\/\\\/www.bellunopress.it\\\/#website\",\"url\":\"https:\\\/\\\/www.bellunopress.it\\\/\",\"name\":\"Bellunopress - Dolomiti\",\"description\":\"e-mail: redazione@bellunopress.it\",\"publisher\":{\"@id\":\"https:\\\/\\\/www.bellunopress.it\\\/#organization\"},\"potentialAction\":[{\"@type\":\"SearchAction\",\"target\":{\"@type\":\"EntryPoint\",\"urlTemplate\":\"https:\\\/\\\/www.bellunopress.it\\\/?s={search_term_string}\"},\"query-input\":{\"@type\":\"PropertyValueSpecification\",\"valueRequired\":true,\"valueName\":\"search_term_string\"}}],\"inLanguage\":\"fr-FR\"},{\"@type\":\"Organization\",\"@id\":\"https:\\\/\\\/www.bellunopress.it\\\/#organization\",\"name\":\"Bellunopress\",\"url\":\"https:\\\/\\\/www.bellunopress.it\\\/\",\"logo\":{\"@type\":\"ImageObject\",\"inLanguage\":\"fr-FR\",\"@id\":\"https:\\\/\\\/www.bellunopress.it\\\/#\\\/schema\\\/logo\\\/image\\\/\",\"url\":\"https:\\\/\\\/www.bellunopress.it\\\/wp-content\\\/uploads\\\/2011\\\/05\\\/cropped-logo-bellunopress-.jpg\",\"contentUrl\":\"https:\\\/\\\/www.bellunopress.it\\\/wp-content\\\/uploads\\\/2011\\\/05\\\/cropped-logo-bellunopress-.jpg\",\"width\":512,\"height\":512,\"caption\":\"Bellunopress\"},\"image\":{\"@id\":\"https:\\\/\\\/www.bellunopress.it\\\/#\\\/schema\\\/logo\\\/image\\\/\"},\"sameAs\":[\"https:\\\/\\\/www.facebook.com\\\/profile.php?id=100008943462799\",\"https:\\\/\\\/x.com\\\/bellunopress\",\"https:\\\/\\\/www.linkedin.com\\\/hp\\\/?dnr=JBzUWaJfMUw8vbXJJ2tVW5-I3jZKvC4wsoxE&amp;amp;amp;amp;amp;amp;trk=nav_responsive_tab_home\",\"https:\\\/\\\/www.youtube.com\\\/channel\\\/UCxL0wu1uN0_3_7hGG0306cw\"]},{\"@type\":\"Person\",\"@id\":\"https:\\\/\\\/www.bellunopress.it\\\/#\\\/schema\\\/person\\\/79bb06722b37ece1c03d3e94beb30d73\",\"name\":\"redazione\",\"image\":{\"@type\":\"ImageObject\",\"inLanguage\":\"fr-FR\",\"@id\":\"https:\\\/\\\/secure.gravatar.com\\\/avatar\\\/37d968a2e67a6fd04c169c4bdef102d0bc5d31b2546345219e348575eb80e9a0?s=96&d=mm&r=g\",\"url\":\"https:\\\/\\\/secure.gravatar.com\\\/avatar\\\/37d968a2e67a6fd04c169c4bdef102d0bc5d31b2546345219e348575eb80e9a0?s=96&d=mm&r=g\",\"contentUrl\":\"https:\\\/\\\/secure.gravatar.com\\\/avatar\\\/37d968a2e67a6fd04c169c4bdef102d0bc5d31b2546345219e348575eb80e9a0?s=96&d=mm&r=g\",\"caption\":\"redazione\"},\"sameAs\":[\"http:\\\/\\\/www.bellunopress.it\",\"https:\\\/\\\/x.com\\\/bellunopress\"],\"url\":\"https:\\\/\\\/www.bellunopress.it\\\/fr\\\/author\\\/redazione\\\/\"}]}<\/script>\n<!-- \/ Yoast SEO plugin. -->","yoast_head_json":{"title":"Festa dei bellunesi nel mondo.\u00a0Successo a Valle di Cadore - Bellunopress - Dolomiti","robots":{"index":"index","follow":"follow","max-snippet":"max-snippet:-1","max-image-preview":"max-image-preview:large","max-video-preview":"max-video-preview:-1"},"canonical":"https:\/\/www.bellunopress.it\/fr\/2023\/07\/17\/festa-dei-bellunesi-nel-mondo-successo-a-valle-di-cadore\/","og_locale":"fr_FR","og_type":"article","og_title":"Festa dei bellunesi nel mondo.\u00a0Successo a Valle di Cadore - Bellunopress - Dolomiti","og_description":"Valle di Cadore centro del mondo. Ricca e partecipata la tradizionale festa estiva organizzata nella giornata di domenica 16 luglio dall&#8217;Associazione Bellunesi nel Mondo, con il supporto della Famiglia Ex emigranti del Cadore e il patrocinio del Comune di Valle di Cadore. Un corteo partito da Piazza Costa e rappresentato dai gagliardetti delle Famiglie Abm, [&hellip;]","og_url":"https:\/\/www.bellunopress.it\/fr\/2023\/07\/17\/festa-dei-bellunesi-nel-mondo-successo-a-valle-di-cadore\/","og_site_name":"Bellunopress - Dolomiti","article_publisher":"https:\/\/www.facebook.com\/profile.php?id=100008943462799","article_published_time":"2023-07-17T08:57:08+00:00","og_image":[{"width":1000,"height":481,"url":"https:\/\/www.bellunopress.it\/wp-content\/uploads\/2023\/07\/Festa-dei-bellunesi-nel-mondo_edited.jpg","type":"image\/jpeg"}],"author":"redazione","twitter_card":"summary_large_image","twitter_creator":"@bellunopress","twitter_site":"@bellunopress","twitter_misc":{"\u00c9crit par":"redazione","Dur\u00e9e de lecture estim\u00e9e":"3 minutes"},"schema":{"@context":"https:\/\/schema.org","@graph":[{"@type":"Article","@id":"https:\/\/www.bellunopress.it\/2023\/07\/17\/festa-dei-bellunesi-nel-mondo-successo-a-valle-di-cadore\/#article","isPartOf":{"@id":"https:\/\/www.bellunopress.it\/2023\/07\/17\/festa-dei-bellunesi-nel-mondo-successo-a-valle-di-cadore\/"},"author":{"name":"redazione","@id":"https:\/\/www.bellunopress.it\/#\/schema\/person\/79bb06722b37ece1c03d3e94beb30d73"},"headline":"Festa dei bellunesi nel mondo.\u00a0Successo a Valle di Cadore","datePublished":"2023-07-17T08:57:08+00:00","mainEntityOfPage":{"@id":"https:\/\/www.bellunopress.it\/2023\/07\/17\/festa-dei-bellunesi-nel-mondo-successo-a-valle-di-cadore\/"},"wordCount":431,"publisher":{"@id":"https:\/\/www.bellunopress.it\/#organization"},"image":{"@id":"https:\/\/www.bellunopress.it\/2023\/07\/17\/festa-dei-bellunesi-nel-mondo-successo-a-valle-di-cadore\/#primaryimage"},"thumbnailUrl":"https:\/\/www.bellunopress.it\/wp-content\/uploads\/2023\/07\/Festa-dei-bellunesi-nel-mondo_edited.jpg","articleSection":["Societ\u00e0, Associazioni, Istituzioni"],"inLanguage":"fr-FR"},{"@type":"WebPage","@id":"https:\/\/www.bellunopress.it\/2023\/07\/17\/festa-dei-bellunesi-nel-mondo-successo-a-valle-di-cadore\/","url":"https:\/\/www.bellunopress.it\/2023\/07\/17\/festa-dei-bellunesi-nel-mondo-successo-a-valle-di-cadore\/","name":"Festa dei bellunesi nel mondo.\u00a0Successo a Valle di Cadore - Bellunopress - Dolomiti","isPartOf":{"@id":"https:\/\/www.bellunopress.it\/#website"},"primaryImageOfPage":{"@id":"https:\/\/www.bellunopress.it\/2023\/07\/17\/festa-dei-bellunesi-nel-mondo-successo-a-valle-di-cadore\/#primaryimage"},"image":{"@id":"https:\/\/www.bellunopress.it\/2023\/07\/17\/festa-dei-bellunesi-nel-mondo-successo-a-valle-di-cadore\/#primaryimage"},"thumbnailUrl":"https:\/\/www.bellunopress.it\/wp-content\/uploads\/2023\/07\/Festa-dei-bellunesi-nel-mondo_edited.jpg","datePublished":"2023-07-17T08:57:08+00:00","breadcrumb":{"@id":"https:\/\/www.bellunopress.it\/2023\/07\/17\/festa-dei-bellunesi-nel-mondo-successo-a-valle-di-cadore\/#breadcrumb"},"inLanguage":"fr-FR","potentialAction":[{"@type":"ReadAction","target":["https:\/\/www.bellunopress.it\/2023\/07\/17\/festa-dei-bellunesi-nel-mondo-successo-a-valle-di-cadore\/"]}]},{"@type":"ImageObject","inLanguage":"fr-FR","@id":"https:\/\/www.bellunopress.it\/2023\/07\/17\/festa-dei-bellunesi-nel-mondo-successo-a-valle-di-cadore\/#primaryimage","url":"https:\/\/www.bellunopress.it\/wp-content\/uploads\/2023\/07\/Festa-dei-bellunesi-nel-mondo_edited.jpg","contentUrl":"https:\/\/www.bellunopress.it\/wp-content\/uploads\/2023\/07\/Festa-dei-bellunesi-nel-mondo_edited.jpg","width":1000,"height":481},{"@type":"BreadcrumbList","@id":"https:\/\/www.bellunopress.it\/2023\/07\/17\/festa-dei-bellunesi-nel-mondo-successo-a-valle-di-cadore\/#breadcrumb","itemListElement":[{"@type":"ListItem","position":1,"name":"Home","item":"https:\/\/www.bellunopress.it\/"},{"@type":"ListItem","position":2,"name":"Festa dei bellunesi nel mondo.\u00a0Successo a Valle di Cadore"}]},{"@type":"WebSite","@id":"https:\/\/www.bellunopress.it\/#website","url":"https:\/\/www.bellunopress.it\/","name":"Bellunopress - Dolomiti","description":"e-mail: redazione@bellunopress.it","publisher":{"@id":"https:\/\/www.bellunopress.it\/#organization"},"potentialAction":[{"@type":"SearchAction","target":{"@type":"EntryPoint","urlTemplate":"https:\/\/www.bellunopress.it\/?s={search_term_string}"},"query-input":{"@type":"PropertyValueSpecification","valueRequired":true,"valueName":"search_term_string"}}],"inLanguage":"fr-FR"},{"@type":"Organization","@id":"https:\/\/www.bellunopress.it\/#organization","name":"Bellunopress","url":"https:\/\/www.bellunopress.it\/","logo":{"@type":"ImageObject","inLanguage":"fr-FR","@id":"https:\/\/www.bellunopress.it\/#\/schema\/logo\/image\/","url":"https:\/\/www.bellunopress.it\/wp-content\/uploads\/2011\/05\/cropped-logo-bellunopress-.jpg","contentUrl":"https:\/\/www.bellunopress.it\/wp-content\/uploads\/2011\/05\/cropped-logo-bellunopress-.jpg","width":512,"height":512,"caption":"Bellunopress"},"image":{"@id":"https:\/\/www.bellunopress.it\/#\/schema\/logo\/image\/"},"sameAs":["https:\/\/www.facebook.com\/profile.php?id=100008943462799","https:\/\/x.com\/bellunopress","https:\/\/www.linkedin.com\/hp\/?dnr=JBzUWaJfMUw8vbXJJ2tVW5-I3jZKvC4wsoxE&amp;amp;amp;amp;amp;amp;trk=nav_responsive_tab_home","https:\/\/www.youtube.com\/channel\/UCxL0wu1uN0_3_7hGG0306cw"]},{"@type":"Person","@id":"https:\/\/www.bellunopress.it\/#\/schema\/person\/79bb06722b37ece1c03d3e94beb30d73","name":"r\u00e9daction","image":{"@type":"ImageObject","inLanguage":"fr-FR","@id":"https:\/\/secure.gravatar.com\/avatar\/37d968a2e67a6fd04c169c4bdef102d0bc5d31b2546345219e348575eb80e9a0?s=96&d=mm&r=g","url":"https:\/\/secure.gravatar.com\/avatar\/37d968a2e67a6fd04c169c4bdef102d0bc5d31b2546345219e348575eb80e9a0?s=96&d=mm&r=g","contentUrl":"https:\/\/secure.gravatar.com\/avatar\/37d968a2e67a6fd04c169c4bdef102d0bc5d31b2546345219e348575eb80e9a0?s=96&d=mm&r=g","caption":"redazione"},"sameAs":["http:\/\/www.bellunopress.it","https:\/\/x.com\/bellunopress"],"url":"https:\/\/www.bellunopress.it\/fr\/author\/redazione\/"}]}},"_links":{"self":[{"href":"https:\/\/www.bellunopress.it\/fr\/wp-json\/wp\/v2\/posts\/142816","targetHints":{"allow":["GET"]}}],"collection":[{"href":"https:\/\/www.bellunopress.it\/fr\/wp-json\/wp\/v2\/posts"}],"about":[{"href":"https:\/\/www.bellunopress.it\/fr\/wp-json\/wp\/v2\/types\/post"}],"author":[{"embeddable":true,"href":"https:\/\/www.bellunopress.it\/fr\/wp-json\/wp\/v2\/users\/2"}],"replies":[{"embeddable":true,"href":"https:\/\/www.bellunopress.it\/fr\/wp-json\/wp\/v2\/comments?post=142816"}],"version-history":[{"count":1,"href":"https:\/\/www.bellunopress.it\/fr\/wp-json\/wp\/v2\/posts\/142816\/revisions"}],"predecessor-version":[{"id":142818,"href":"https:\/\/www.bellunopress.it\/fr\/wp-json\/wp\/v2\/posts\/142816\/revisions\/142818"}],"wp:featuredmedia":[{"embeddable":true,"href":"https:\/\/www.bellunopress.it\/fr\/wp-json\/wp\/v2\/media\/142817"}],"wp:attachment":[{"href":"https:\/\/www.bellunopress.it\/fr\/wp-json\/wp\/v2\/media?parent=142816"}],"wp:term":[{"taxonomy":"category","embeddable":true,"href":"https:\/\/www.bellunopress.it\/fr\/wp-json\/wp\/v2\/categories?post=142816"},{"taxonomy":"post_tag","embeddable":true,"href":"https:\/\/www.bellunopress.it\/fr\/wp-json\/wp\/v2\/tags?post=142816"}],"curies":[{"name":"wp","href":"https:\/\/api.w.org\/{rel}","templated":true}]}}