{"id":142749,"date":"2023-07-14T07:56:50","date_gmt":"2023-07-14T05:56:50","guid":{"rendered":"https:\/\/www.bellunopress.it\/?p=142749"},"modified":"2023-07-14T07:56:50","modified_gmt":"2023-07-14T05:56:50","slug":"la-fondazione-vajont-dice-no-allassociazione-ferrovieri-del-genio-per-il-treno-della-memoria","status":"publish","type":"post","link":"https:\/\/www.bellunopress.it\/fr\/2023\/07\/14\/la-fondazione-vajont-dice-no-allassociazione-ferrovieri-del-genio-per-il-treno-della-memoria\/","title":{"rendered":"La Fondazione Vajont dice no all&#8217;Associazione Ferrovieri del Genio per il Treno della Memoria"},"content":{"rendered":"<p><img loading=\"lazy\" decoding=\"async\" class=\"alignleft size-full wp-image-142750\" src=\"https:\/\/www.bellunopress.it\/wp-content\/uploads\/2023\/07\/associazione-ferrovieri-del-genio.jpg\" alt=\"\" width=\"275\" height=\"183\" \/>La Fondazione Vajont di Longarone ha detto no alla richiesta inoltrata da parte dell&#8217;Associazione Ferrovieri del Genio che voleva organizzare la manifestazione &#8220;Il Treno della Memoria&#8221;.<\/p>\n<p>Lo fa sapere Giorgio Bosa, per l&#8217;Associazione Ferrovieri del Genio di cui fanno parte\u00a0 gli ex genieri del Genio Ferrovieri, che hanno ricostruito, dopo il disastro del 9 ottobre 1963, la linea ferroviaria e i ponti provvisori di collegamento tra le frazioni longaronesi sul Piave.<\/p>\n<p>&#8220;Avevamo proposto al Comune di Longarone di organizzare l&#8217;evento &#8211; spiega Giorgio Bosa &#8211; il quale a sua volta ne ha demandato la gestione alla Fondazione Vajont. La Fondazione FF.SS. aveva dato la disponibilit\u00e0 del treno, per cui sono state fatte alcune riunioni, si era trovato il gestore dei biglietti (Trenitalia) per l\u2019evento. Ma, con grande sorpresa \u00e8 arrivato, in data 27\/06\/2023, dopo vari solleciti, il diniego da parte della Fondazione Vajont&#8221;.<\/p>\n<p>Tale rifiuto &#8211; precisa la nota &#8211; \u00e8 stato motivato da ragioni di carattere burocratico &#8220;su chi sia il soggetto capofila dell&#8217;evento e su chi debba emettere i relativi documenti fiscali e introitare gli incassi&#8221;.<\/p>\n<p>&#8220;Naturalmente &#8211; prosegue Bosa &#8211; l\u2019Associazione Ferrovieri del Genio si \u00e8 risentita di questa decisione in quanto ritiene di non meritarsi questo affronto anche perch\u00e9 l\u2019evento non aveva costi per la Fondazione Vajont e sarebbe stato un bel modo per onorare il 60\u00b0 anniversario del disastro.<\/p>\n<p>Comunque &#8211; conclude Bosa &#8211; all\u2019Associazione Ferrovieri del Genio, supportata dalla Fondazione FF.SS., \u00e8 stato assicurato che l\u2019evento si svolger\u00e0 come previsto in data 08\/10\/2023.\u00a0 Il treno partir\u00e0 da Treviso verso le ore 08:15 e arriver\u00e0 a Longarone alle ore 10:45. Il convoglio sar\u00e0 composto da una locomotiva a vapore e 6 carrozze vintage centoporte&#8221;.<\/p>","protected":false},"excerpt":{"rendered":"<p>La Fondazione Vajont di Longarone ha detto no alla richiesta inoltrata da parte dell&#8217;Associazione Ferrovieri del Genio che voleva organizzare la manifestazione &#8220;Il Treno della Memoria&#8221;. Lo fa sapere Giorgio Bosa, per l&#8217;Associazione Ferrovieri del Genio di cui fanno parte\u00a0 gli ex genieri del Genio Ferrovieri, che hanno ricostruito, dopo il disastro del 9 ottobre [&hellip;]<\/p>\n","protected":false},"author":2,"featured_media":142750,"comment_status":"closed","ping_status":"open","sticky":false,"template":"","format":"standard","meta":{"footnotes":""},"categories":[8],"tags":[],"class_list":["post-142749","post","type-post","status-publish","format-standard","has-post-thumbnail","category-societa-istituzioni"],"yoast_head":"<!-- This site is optimized with the Yoast SEO plugin v28.4 - https:\/\/yoast.com\/product\/yoast-seo-wordpress\/ -->\n<title>La Fondazione Vajont dice no all&#039;Associazione Ferrovieri del Genio per il Treno della Memoria - Bellunopress - Dolomiti<\/title>\n<meta name=\"robots\" content=\"index, follow, max-snippet:-1, max-image-preview:large, max-video-preview:-1\" \/>\n<link rel=\"canonical\" href=\"https:\/\/www.bellunopress.it\/fr\/2023\/07\/14\/la-fondazione-vajont-dice-no-allassociazione-ferrovieri-del-genio-per-il-treno-della-memoria\/\" \/>\n<meta property=\"og:locale\" content=\"fr_FR\" \/>\n<meta property=\"og:type\" content=\"article\" \/>\n<meta property=\"og:title\" content=\"La Fondazione Vajont dice no all&#039;Associazione Ferrovieri del Genio per il Treno della Memoria - Bellunopress - Dolomiti\" \/>\n<meta property=\"og:description\" content=\"La Fondazione Vajont di Longarone ha detto no alla richiesta inoltrata da parte dell&#8217;Associazione Ferrovieri del Genio che voleva organizzare la manifestazione &#8220;Il Treno della Memoria&#8221;. Lo fa sapere Giorgio Bosa, per l&#8217;Associazione Ferrovieri del Genio di cui fanno parte\u00a0 gli ex genieri del Genio Ferrovieri, che hanno ricostruito, dopo il disastro del 9 ottobre [&hellip;]\" \/>\n<meta property=\"og:url\" content=\"https:\/\/www.bellunopress.it\/fr\/2023\/07\/14\/la-fondazione-vajont-dice-no-allassociazione-ferrovieri-del-genio-per-il-treno-della-memoria\/\" \/>\n<meta property=\"og:site_name\" content=\"Bellunopress - Dolomiti\" \/>\n<meta property=\"article:publisher\" content=\"https:\/\/www.facebook.com\/profile.php?id=100008943462799\" \/>\n<meta property=\"article:published_time\" content=\"2023-07-14T05:56:50+00:00\" \/>\n<meta property=\"og:image\" content=\"https:\/\/www.bellunopress.it\/wp-content\/uploads\/2023\/07\/associazione-ferrovieri-del-genio.jpg\" \/>\n\t<meta property=\"og:image:width\" content=\"275\" \/>\n\t<meta property=\"og:image:height\" content=\"183\" \/>\n\t<meta property=\"og:image:type\" content=\"image\/jpeg\" \/>\n<meta name=\"author\" content=\"redazione\" \/>\n<meta name=\"twitter:card\" content=\"summary_large_image\" \/>\n<meta name=\"twitter:creator\" content=\"@bellunopress\" \/>\n<meta name=\"twitter:site\" content=\"@bellunopress\" \/>\n<meta name=\"twitter:label1\" content=\"\u00c9crit par\" \/>\n\t<meta name=\"twitter:data1\" content=\"redazione\" \/>\n\t<meta name=\"twitter:label2\" content=\"Dur\u00e9e de lecture estim\u00e9e\" \/>\n\t<meta name=\"twitter:data2\" content=\"2 minutes\" \/>\n<script type=\"application\/ld+json\" class=\"yoast-schema-graph\">{\"@context\":\"https:\\\/\\\/schema.org\",\"@graph\":[{\"@type\":\"Article\",\"@id\":\"https:\\\/\\\/www.bellunopress.it\\\/2023\\\/07\\\/14\\\/la-fondazione-vajont-dice-no-allassociazione-ferrovieri-del-genio-per-il-treno-della-memoria\\\/#article\",\"isPartOf\":{\"@id\":\"https:\\\/\\\/www.bellunopress.it\\\/2023\\\/07\\\/14\\\/la-fondazione-vajont-dice-no-allassociazione-ferrovieri-del-genio-per-il-treno-della-memoria\\\/\"},\"author\":{\"name\":\"redazione\",\"@id\":\"https:\\\/\\\/www.bellunopress.it\\\/#\\\/schema\\\/person\\\/79bb06722b37ece1c03d3e94beb30d73\"},\"headline\":\"La Fondazione Vajont dice no all&#8217;Associazione Ferrovieri del Genio per il Treno della Memoria\",\"datePublished\":\"2023-07-14T05:56:50+00:00\",\"mainEntityOfPage\":{\"@id\":\"https:\\\/\\\/www.bellunopress.it\\\/2023\\\/07\\\/14\\\/la-fondazione-vajont-dice-no-allassociazione-ferrovieri-del-genio-per-il-treno-della-memoria\\\/\"},\"wordCount\":293,\"publisher\":{\"@id\":\"https:\\\/\\\/www.bellunopress.it\\\/#organization\"},\"image\":{\"@id\":\"https:\\\/\\\/www.bellunopress.it\\\/2023\\\/07\\\/14\\\/la-fondazione-vajont-dice-no-allassociazione-ferrovieri-del-genio-per-il-treno-della-memoria\\\/#primaryimage\"},\"thumbnailUrl\":\"https:\\\/\\\/www.bellunopress.it\\\/wp-content\\\/uploads\\\/2023\\\/07\\\/associazione-ferrovieri-del-genio.jpg\",\"articleSection\":[\"Societ\u00e0, Associazioni, Istituzioni\"],\"inLanguage\":\"fr-FR\"},{\"@type\":\"WebPage\",\"@id\":\"https:\\\/\\\/www.bellunopress.it\\\/2023\\\/07\\\/14\\\/la-fondazione-vajont-dice-no-allassociazione-ferrovieri-del-genio-per-il-treno-della-memoria\\\/\",\"url\":\"https:\\\/\\\/www.bellunopress.it\\\/2023\\\/07\\\/14\\\/la-fondazione-vajont-dice-no-allassociazione-ferrovieri-del-genio-per-il-treno-della-memoria\\\/\",\"name\":\"La Fondazione Vajont dice no all'Associazione Ferrovieri del Genio per il Treno della Memoria - Bellunopress - Dolomiti\",\"isPartOf\":{\"@id\":\"https:\\\/\\\/www.bellunopress.it\\\/#website\"},\"primaryImageOfPage\":{\"@id\":\"https:\\\/\\\/www.bellunopress.it\\\/2023\\\/07\\\/14\\\/la-fondazione-vajont-dice-no-allassociazione-ferrovieri-del-genio-per-il-treno-della-memoria\\\/#primaryimage\"},\"image\":{\"@id\":\"https:\\\/\\\/www.bellunopress.it\\\/2023\\\/07\\\/14\\\/la-fondazione-vajont-dice-no-allassociazione-ferrovieri-del-genio-per-il-treno-della-memoria\\\/#primaryimage\"},\"thumbnailUrl\":\"https:\\\/\\\/www.bellunopress.it\\\/wp-content\\\/uploads\\\/2023\\\/07\\\/associazione-ferrovieri-del-genio.jpg\",\"datePublished\":\"2023-07-14T05:56:50+00:00\",\"breadcrumb\":{\"@id\":\"https:\\\/\\\/www.bellunopress.it\\\/2023\\\/07\\\/14\\\/la-fondazione-vajont-dice-no-allassociazione-ferrovieri-del-genio-per-il-treno-della-memoria\\\/#breadcrumb\"},\"inLanguage\":\"fr-FR\",\"potentialAction\":[{\"@type\":\"ReadAction\",\"target\":[\"https:\\\/\\\/www.bellunopress.it\\\/2023\\\/07\\\/14\\\/la-fondazione-vajont-dice-no-allassociazione-ferrovieri-del-genio-per-il-treno-della-memoria\\\/\"]}]},{\"@type\":\"ImageObject\",\"inLanguage\":\"fr-FR\",\"@id\":\"https:\\\/\\\/www.bellunopress.it\\\/2023\\\/07\\\/14\\\/la-fondazione-vajont-dice-no-allassociazione-ferrovieri-del-genio-per-il-treno-della-memoria\\\/#primaryimage\",\"url\":\"https:\\\/\\\/www.bellunopress.it\\\/wp-content\\\/uploads\\\/2023\\\/07\\\/associazione-ferrovieri-del-genio.jpg\",\"contentUrl\":\"https:\\\/\\\/www.bellunopress.it\\\/wp-content\\\/uploads\\\/2023\\\/07\\\/associazione-ferrovieri-del-genio.jpg\",\"width\":275,\"height\":183},{\"@type\":\"BreadcrumbList\",\"@id\":\"https:\\\/\\\/www.bellunopress.it\\\/2023\\\/07\\\/14\\\/la-fondazione-vajont-dice-no-allassociazione-ferrovieri-del-genio-per-il-treno-della-memoria\\\/#breadcrumb\",\"itemListElement\":[{\"@type\":\"ListItem\",\"position\":1,\"name\":\"Home\",\"item\":\"https:\\\/\\\/www.bellunopress.it\\\/\"},{\"@type\":\"ListItem\",\"position\":2,\"name\":\"La Fondazione Vajont dice no all&#8217;Associazione Ferrovieri del Genio per il Treno della Memoria\"}]},{\"@type\":\"WebSite\",\"@id\":\"https:\\\/\\\/www.bellunopress.it\\\/#website\",\"url\":\"https:\\\/\\\/www.bellunopress.it\\\/\",\"name\":\"Bellunopress - Dolomiti\",\"description\":\"e-mail: redazione@bellunopress.it\",\"publisher\":{\"@id\":\"https:\\\/\\\/www.bellunopress.it\\\/#organization\"},\"potentialAction\":[{\"@type\":\"SearchAction\",\"target\":{\"@type\":\"EntryPoint\",\"urlTemplate\":\"https:\\\/\\\/www.bellunopress.it\\\/?s={search_term_string}\"},\"query-input\":{\"@type\":\"PropertyValueSpecification\",\"valueRequired\":true,\"valueName\":\"search_term_string\"}}],\"inLanguage\":\"fr-FR\"},{\"@type\":\"Organization\",\"@id\":\"https:\\\/\\\/www.bellunopress.it\\\/#organization\",\"name\":\"Bellunopress\",\"url\":\"https:\\\/\\\/www.bellunopress.it\\\/\",\"logo\":{\"@type\":\"ImageObject\",\"inLanguage\":\"fr-FR\",\"@id\":\"https:\\\/\\\/www.bellunopress.it\\\/#\\\/schema\\\/logo\\\/image\\\/\",\"url\":\"https:\\\/\\\/www.bellunopress.it\\\/wp-content\\\/uploads\\\/2011\\\/05\\\/cropped-logo-bellunopress-.jpg\",\"contentUrl\":\"https:\\\/\\\/www.bellunopress.it\\\/wp-content\\\/uploads\\\/2011\\\/05\\\/cropped-logo-bellunopress-.jpg\",\"width\":512,\"height\":512,\"caption\":\"Bellunopress\"},\"image\":{\"@id\":\"https:\\\/\\\/www.bellunopress.it\\\/#\\\/schema\\\/logo\\\/image\\\/\"},\"sameAs\":[\"https:\\\/\\\/www.facebook.com\\\/profile.php?id=100008943462799\",\"https:\\\/\\\/x.com\\\/bellunopress\",\"https:\\\/\\\/www.linkedin.com\\\/hp\\\/?dnr=JBzUWaJfMUw8vbXJJ2tVW5-I3jZKvC4wsoxE&amp;amp;amp;amp;amp;amp;trk=nav_responsive_tab_home\",\"https:\\\/\\\/www.youtube.com\\\/channel\\\/UCxL0wu1uN0_3_7hGG0306cw\"]},{\"@type\":\"Person\",\"@id\":\"https:\\\/\\\/www.bellunopress.it\\\/#\\\/schema\\\/person\\\/79bb06722b37ece1c03d3e94beb30d73\",\"name\":\"redazione\",\"image\":{\"@type\":\"ImageObject\",\"inLanguage\":\"fr-FR\",\"@id\":\"https:\\\/\\\/secure.gravatar.com\\\/avatar\\\/37d968a2e67a6fd04c169c4bdef102d0bc5d31b2546345219e348575eb80e9a0?s=96&d=mm&r=g\",\"url\":\"https:\\\/\\\/secure.gravatar.com\\\/avatar\\\/37d968a2e67a6fd04c169c4bdef102d0bc5d31b2546345219e348575eb80e9a0?s=96&d=mm&r=g\",\"contentUrl\":\"https:\\\/\\\/secure.gravatar.com\\\/avatar\\\/37d968a2e67a6fd04c169c4bdef102d0bc5d31b2546345219e348575eb80e9a0?s=96&d=mm&r=g\",\"caption\":\"redazione\"},\"sameAs\":[\"http:\\\/\\\/www.bellunopress.it\",\"https:\\\/\\\/x.com\\\/bellunopress\"],\"url\":\"https:\\\/\\\/www.bellunopress.it\\\/fr\\\/author\\\/redazione\\\/\"}]}<\/script>\n<!-- \/ Yoast SEO plugin. -->","yoast_head_json":{"title":"La Fondazione Vajont dice no all'Associazione Ferrovieri del Genio per il Treno della Memoria - Bellunopress - Dolomiti","robots":{"index":"index","follow":"follow","max-snippet":"max-snippet:-1","max-image-preview":"max-image-preview:large","max-video-preview":"max-video-preview:-1"},"canonical":"https:\/\/www.bellunopress.it\/fr\/2023\/07\/14\/la-fondazione-vajont-dice-no-allassociazione-ferrovieri-del-genio-per-il-treno-della-memoria\/","og_locale":"fr_FR","og_type":"article","og_title":"La Fondazione Vajont dice no all'Associazione Ferrovieri del Genio per il Treno della Memoria - Bellunopress - Dolomiti","og_description":"La Fondazione Vajont di Longarone ha detto no alla richiesta inoltrata da parte dell&#8217;Associazione Ferrovieri del Genio che voleva organizzare la manifestazione &#8220;Il Treno della Memoria&#8221;. Lo fa sapere Giorgio Bosa, per l&#8217;Associazione Ferrovieri del Genio di cui fanno parte\u00a0 gli ex genieri del Genio Ferrovieri, che hanno ricostruito, dopo il disastro del 9 ottobre [&hellip;]","og_url":"https:\/\/www.bellunopress.it\/fr\/2023\/07\/14\/la-fondazione-vajont-dice-no-allassociazione-ferrovieri-del-genio-per-il-treno-della-memoria\/","og_site_name":"Bellunopress - Dolomiti","article_publisher":"https:\/\/www.facebook.com\/profile.php?id=100008943462799","article_published_time":"2023-07-14T05:56:50+00:00","og_image":[{"width":275,"height":183,"url":"https:\/\/www.bellunopress.it\/wp-content\/uploads\/2023\/07\/associazione-ferrovieri-del-genio.jpg","type":"image\/jpeg"}],"author":"redazione","twitter_card":"summary_large_image","twitter_creator":"@bellunopress","twitter_site":"@bellunopress","twitter_misc":{"\u00c9crit par":"redazione","Dur\u00e9e de lecture estim\u00e9e":"2 minutes"},"schema":{"@context":"https:\/\/schema.org","@graph":[{"@type":"Article","@id":"https:\/\/www.bellunopress.it\/2023\/07\/14\/la-fondazione-vajont-dice-no-allassociazione-ferrovieri-del-genio-per-il-treno-della-memoria\/#article","isPartOf":{"@id":"https:\/\/www.bellunopress.it\/2023\/07\/14\/la-fondazione-vajont-dice-no-allassociazione-ferrovieri-del-genio-per-il-treno-della-memoria\/"},"author":{"name":"redazione","@id":"https:\/\/www.bellunopress.it\/#\/schema\/person\/79bb06722b37ece1c03d3e94beb30d73"},"headline":"La Fondazione Vajont dice no all&#8217;Associazione Ferrovieri del Genio per il Treno della Memoria","datePublished":"2023-07-14T05:56:50+00:00","mainEntityOfPage":{"@id":"https:\/\/www.bellunopress.it\/2023\/07\/14\/la-fondazione-vajont-dice-no-allassociazione-ferrovieri-del-genio-per-il-treno-della-memoria\/"},"wordCount":293,"publisher":{"@id":"https:\/\/www.bellunopress.it\/#organization"},"image":{"@id":"https:\/\/www.bellunopress.it\/2023\/07\/14\/la-fondazione-vajont-dice-no-allassociazione-ferrovieri-del-genio-per-il-treno-della-memoria\/#primaryimage"},"thumbnailUrl":"https:\/\/www.bellunopress.it\/wp-content\/uploads\/2023\/07\/associazione-ferrovieri-del-genio.jpg","articleSection":["Societ\u00e0, Associazioni, Istituzioni"],"inLanguage":"fr-FR"},{"@type":"WebPage","@id":"https:\/\/www.bellunopress.it\/2023\/07\/14\/la-fondazione-vajont-dice-no-allassociazione-ferrovieri-del-genio-per-il-treno-della-memoria\/","url":"https:\/\/www.bellunopress.it\/2023\/07\/14\/la-fondazione-vajont-dice-no-allassociazione-ferrovieri-del-genio-per-il-treno-della-memoria\/","name":"La Fondazione Vajont dice no all'Associazione Ferrovieri del Genio per il Treno della Memoria - Bellunopress - Dolomiti","isPartOf":{"@id":"https:\/\/www.bellunopress.it\/#website"},"primaryImageOfPage":{"@id":"https:\/\/www.bellunopress.it\/2023\/07\/14\/la-fondazione-vajont-dice-no-allassociazione-ferrovieri-del-genio-per-il-treno-della-memoria\/#primaryimage"},"image":{"@id":"https:\/\/www.bellunopress.it\/2023\/07\/14\/la-fondazione-vajont-dice-no-allassociazione-ferrovieri-del-genio-per-il-treno-della-memoria\/#primaryimage"},"thumbnailUrl":"https:\/\/www.bellunopress.it\/wp-content\/uploads\/2023\/07\/associazione-ferrovieri-del-genio.jpg","datePublished":"2023-07-14T05:56:50+00:00","breadcrumb":{"@id":"https:\/\/www.bellunopress.it\/2023\/07\/14\/la-fondazione-vajont-dice-no-allassociazione-ferrovieri-del-genio-per-il-treno-della-memoria\/#breadcrumb"},"inLanguage":"fr-FR","potentialAction":[{"@type":"ReadAction","target":["https:\/\/www.bellunopress.it\/2023\/07\/14\/la-fondazione-vajont-dice-no-allassociazione-ferrovieri-del-genio-per-il-treno-della-memoria\/"]}]},{"@type":"ImageObject","inLanguage":"fr-FR","@id":"https:\/\/www.bellunopress.it\/2023\/07\/14\/la-fondazione-vajont-dice-no-allassociazione-ferrovieri-del-genio-per-il-treno-della-memoria\/#primaryimage","url":"https:\/\/www.bellunopress.it\/wp-content\/uploads\/2023\/07\/associazione-ferrovieri-del-genio.jpg","contentUrl":"https:\/\/www.bellunopress.it\/wp-content\/uploads\/2023\/07\/associazione-ferrovieri-del-genio.jpg","width":275,"height":183},{"@type":"BreadcrumbList","@id":"https:\/\/www.bellunopress.it\/2023\/07\/14\/la-fondazione-vajont-dice-no-allassociazione-ferrovieri-del-genio-per-il-treno-della-memoria\/#breadcrumb","itemListElement":[{"@type":"ListItem","position":1,"name":"Home","item":"https:\/\/www.bellunopress.it\/"},{"@type":"ListItem","position":2,"name":"La Fondazione Vajont dice no all&#8217;Associazione Ferrovieri del Genio per il Treno della Memoria"}]},{"@type":"WebSite","@id":"https:\/\/www.bellunopress.it\/#website","url":"https:\/\/www.bellunopress.it\/","name":"Bellunopress - Dolomiti","description":"e-mail: redazione@bellunopress.it","publisher":{"@id":"https:\/\/www.bellunopress.it\/#organization"},"potentialAction":[{"@type":"SearchAction","target":{"@type":"EntryPoint","urlTemplate":"https:\/\/www.bellunopress.it\/?s={search_term_string}"},"query-input":{"@type":"PropertyValueSpecification","valueRequired":true,"valueName":"search_term_string"}}],"inLanguage":"fr-FR"},{"@type":"Organization","@id":"https:\/\/www.bellunopress.it\/#organization","name":"Bellunopress","url":"https:\/\/www.bellunopress.it\/","logo":{"@type":"ImageObject","inLanguage":"fr-FR","@id":"https:\/\/www.bellunopress.it\/#\/schema\/logo\/image\/","url":"https:\/\/www.bellunopress.it\/wp-content\/uploads\/2011\/05\/cropped-logo-bellunopress-.jpg","contentUrl":"https:\/\/www.bellunopress.it\/wp-content\/uploads\/2011\/05\/cropped-logo-bellunopress-.jpg","width":512,"height":512,"caption":"Bellunopress"},"image":{"@id":"https:\/\/www.bellunopress.it\/#\/schema\/logo\/image\/"},"sameAs":["https:\/\/www.facebook.com\/profile.php?id=100008943462799","https:\/\/x.com\/bellunopress","https:\/\/www.linkedin.com\/hp\/?dnr=JBzUWaJfMUw8vbXJJ2tVW5-I3jZKvC4wsoxE&amp;amp;amp;amp;amp;amp;trk=nav_responsive_tab_home","https:\/\/www.youtube.com\/channel\/UCxL0wu1uN0_3_7hGG0306cw"]},{"@type":"Person","@id":"https:\/\/www.bellunopress.it\/#\/schema\/person\/79bb06722b37ece1c03d3e94beb30d73","name":"r\u00e9daction","image":{"@type":"ImageObject","inLanguage":"fr-FR","@id":"https:\/\/secure.gravatar.com\/avatar\/37d968a2e67a6fd04c169c4bdef102d0bc5d31b2546345219e348575eb80e9a0?s=96&d=mm&r=g","url":"https:\/\/secure.gravatar.com\/avatar\/37d968a2e67a6fd04c169c4bdef102d0bc5d31b2546345219e348575eb80e9a0?s=96&d=mm&r=g","contentUrl":"https:\/\/secure.gravatar.com\/avatar\/37d968a2e67a6fd04c169c4bdef102d0bc5d31b2546345219e348575eb80e9a0?s=96&d=mm&r=g","caption":"redazione"},"sameAs":["http:\/\/www.bellunopress.it","https:\/\/x.com\/bellunopress"],"url":"https:\/\/www.bellunopress.it\/fr\/author\/redazione\/"}]}},"_links":{"self":[{"href":"https:\/\/www.bellunopress.it\/fr\/wp-json\/wp\/v2\/posts\/142749","targetHints":{"allow":["GET"]}}],"collection":[{"href":"https:\/\/www.bellunopress.it\/fr\/wp-json\/wp\/v2\/posts"}],"about":[{"href":"https:\/\/www.bellunopress.it\/fr\/wp-json\/wp\/v2\/types\/post"}],"author":[{"embeddable":true,"href":"https:\/\/www.bellunopress.it\/fr\/wp-json\/wp\/v2\/users\/2"}],"replies":[{"embeddable":true,"href":"https:\/\/www.bellunopress.it\/fr\/wp-json\/wp\/v2\/comments?post=142749"}],"version-history":[{"count":1,"href":"https:\/\/www.bellunopress.it\/fr\/wp-json\/wp\/v2\/posts\/142749\/revisions"}],"predecessor-version":[{"id":142751,"href":"https:\/\/www.bellunopress.it\/fr\/wp-json\/wp\/v2\/posts\/142749\/revisions\/142751"}],"wp:featuredmedia":[{"embeddable":true,"href":"https:\/\/www.bellunopress.it\/fr\/wp-json\/wp\/v2\/media\/142750"}],"wp:attachment":[{"href":"https:\/\/www.bellunopress.it\/fr\/wp-json\/wp\/v2\/media?parent=142749"}],"wp:term":[{"taxonomy":"category","embeddable":true,"href":"https:\/\/www.bellunopress.it\/fr\/wp-json\/wp\/v2\/categories?post=142749"},{"taxonomy":"post_tag","embeddable":true,"href":"https:\/\/www.bellunopress.it\/fr\/wp-json\/wp\/v2\/tags?post=142749"}],"curies":[{"name":"wp","href":"https:\/\/api.w.org\/{rel}","templated":true}]}}