{"id":142594,"date":"2023-07-07T16:04:39","date_gmt":"2023-07-07T14:04:39","guid":{"rendered":"https:\/\/www.bellunopress.it\/?p=142594"},"modified":"2023-07-07T18:15:53","modified_gmt":"2023-07-07T16:15:53","slug":"succede-a-venezia-al-porto-di-venezia-di-marco-zanetti","status":"publish","type":"post","link":"https:\/\/www.bellunopress.it\/fr\/2023\/07\/07\/succede-a-venezia-al-porto-di-venezia-di-marco-zanetti\/","title":{"rendered":"Succede a Venezia, al porto di Venezia\u00a0    *\u00a0di Marco Zanetti"},"content":{"rendered":"<p><img loading=\"lazy\" decoding=\"async\" class=\"alignleft size-full wp-image-126642\" src=\"https:\/\/www.bellunopress.it\/wp-content\/uploads\/2021\/08\/venezia-grandi-navi_edited.jpg\" alt=\"\" width=\"800\" height=\"536\" srcset=\"https:\/\/www.bellunopress.it\/wp-content\/uploads\/2021\/08\/venezia-grandi-navi_edited.jpg 800w, https:\/\/www.bellunopress.it\/wp-content\/uploads\/2021\/08\/venezia-grandi-navi_edited-500x335.jpg 500w, https:\/\/www.bellunopress.it\/wp-content\/uploads\/2021\/08\/venezia-grandi-navi_edited-696x466.jpg 696w, https:\/\/www.bellunopress.it\/wp-content\/uploads\/2021\/08\/venezia-grandi-navi_edited-627x420.jpg 627w\" sizes=\"auto, (max-width: 800px) 100vw, 800px\" \/>Venezia \u00e8 sempre sotto i riflettori, attraversata da milioni di turisti, oggetto di innumerevoli articoli di giornale, libri, saggi e servizi televisivi, ma forse questa profusione di informazioni alla fine parecchio confonde e parecchio scoraggia ad approfondire, colpa anche della dilatazione dei tempi ed effetto dei titoli dei giornali che inducono a scambiare l&#8217;annuncio con la cosa reale. Ad esempio, molti si sono tranquillizzati a ferragosto di tre anni fa alla notizia che era stata istituita (grazie al novantacinquesimo articolo di un decreto-legge) l&#8217;Autorit\u00e0 della Laguna, quella che cio\u00e8 doveva assumere le funzioni, mutatis mutandis, del Magistrato alle Acque, rottamato anni prima per esser stato coinvolto nella gestione criminosa del MOSE. La norma istitutiva \u00e8 stata aggiustata in sede di conversione in legge e poi ancora un po&#8217; modificata e va dunque a compiere tra poco i 3 anni, ma nulla di concreto \u00e8 ancora stato fatto, malgrado l&#8217;avvicendarsi di pi\u00f9 governi. Manca semplicemente il primo passo attuativo che consiste nella nomina (ministeriale) del suo presidente!<\/p>\n<p>Nell&#8217;assenza di questo necessario specifico organo di governo &#8211; la cui antenata, la magistratura dei Savi alle Acque, era stata istituita dai veneziani il 7 agosto 1501 &#8211; non si fermano tuttavia gli interventi sulle acque lagunari. Interventi anche complessi, di assoluta rilevanza, che \u00e8 difficile seguire anche per gli stessi cultori della materia.<br \/>\nUn caso esemplare ed attuale \u00e8 offerto dall&#8217;Autorit\u00e0 Portuale che si appresta a realizzare con il marginamento, da un lato per ora, del canale portuale che conduce a Porto Marghera (nato negli anni 60 come Canale dei Petroli) che prevede oltre sette chilometri di scogliere sul lato ovest per evitare l&#8217;interramento del canale stesso, e occorrer\u00e0 importare il pietrame necessario dall&#8217;Istria. Vi si \u00e8 opposto il solito drappello di poche associazioni, prima, a gennaio scorso, con una richiesta di intervento al Ministero dell&#8217;Ambiente e poi, a met\u00e0 giugno, con un &#8220;ricorso gerarchico&#8221; (come previsto da una vecchia norma del 1971) contro la risposta ricevuta. Il no ambientalista si basa su otto pagine fitte di argomentazioni che rinviano ad elaborati tecnici di una certa complessit\u00e0, non facili a riassumere in poche righe. Perch\u00e9 il caso sia esemplare &#8211; negativamente esemplare &#8211; si capir\u00e0 facilmente dopo una paziente lettura.<\/p>\n<p>Una premessa \u00e8 necessaria sulla natura delle due azioni intentate dalle associazioni: con la prima \u00e8 stato chiesto agli uffici del Ministero dell&#8217;Ambiente un controllo, esattamente previsto dal Testo Unico Ambientale, sull&#8217;osservanza delle disposizioni sulla valutazione di impatto ambientale (la VIA), esponendo nel concreto precise osservazioni e contestazioni al caso esaminato; con la seconda si \u00e8 ricorso alle strutture sovraordinate dello stesso Ministero contro la risposta ricevuta, poich\u00e9 in sostanza essa si era limitata a prender atto delle giustificazioni addotte dalla parte interessata (Autorit\u00e0 Portuale), come cio\u00e8 aver chiesto all&#8217;oste della qualit\u00e0 del vino!<\/p>\n<p>Un&#8217;ulteriore premessa: un analogo progetto era stato sviluppato in precedenza e sottoposto alla verifica di assoggettabilit\u00e0 a VIA ed il Ministero si era espresso positivamente &#8211; ritenendo cio\u00e8 necessario l&#8217;espletamento di tale valutazione &#8211; nel marzo del 2021. Il progetto \u00e8 stato poi riformulato modificandone il nome, ma non la sostanza, approvato e mandato in appalto senza averne effettuato la VIA.<\/p>\n<p>I ricorrenti hanno dunque rappresentato innanzitutto la concreta corrispondenza tra il primo ed il secondo progetto e sottolineato come un decreto ministeriale di assoggettamento alla VIA mantiene la sua validit\u00e0 anche nei confronti dei successivi stadi progettuali.<br \/>\nIn secondo luogo, poich\u00e9 l&#8217;Autorit\u00e0 Portuale reclamava una &#8220;finalit\u00e0 ambientale&#8221; dell&#8217;intervento, cio\u00e8 la tutela delle casse di colmata (realizzate artificialmente all&#8217;epoca dello scavo del canale) a lato del canale soggette ad erosione e rilascio di sedimenti sul fondo del canale stesso, si \u00e8 evidenziato che una tale finalit\u00e0 non \u00e8 di per s\u00e9 esimente dall&#8217;assoggettamento a VIA e che la preservazione di tali casse di colmata non \u00e8 affatto un obiettivo ambientale poich\u00e9 gli atti di superiore programmazione ne prevedono piuttosto la rinaturazione, cio\u00e8 la naturale riconformazione morfologica in velme e barene. Inoltre le associazioni hanno evidenziato il carattere portuale dell&#8217;opera, teso a infrastrutturare permanentemente il canale la cui criticit\u00e0 quanto al mantenimento della profondit\u00e0 del canale stesso \u00e8 causata proprio dalla stessa navigazione portuale poich\u00e9 le grandi navi provocano onde erosive che impattano sui lati del canale stesso: un&#8217;erosione non certo di origine marina come le relazioni progettuali vorrebbero sostenere.<\/p>\n<p>In sostanza si \u00e8 chiesto al Ministero di esercitare il proprio ruolo attivo di controllo anche in ragione delle numerose criticit\u00e0 che emersero nell&#8217;esame del progetto da parte della Commissione per la Salvaguardia di Venezia: questa diede l&#8217;assenso al progetto ma con contestazioni e astensioni e un voto contrario assai significativi ed argomentati, con un ruolo importante di interpretazione della norma e delle esigenze tecniche svolto dall&#8217;Avvocatura distrettuale dello Stato ed infine anche con un suggestivo invito rimasto trascritto a verbale \u00abper fare una forzatura\u00bb.<\/p>\n<p>Pochi giorni fa la stessa Autorit\u00e0 Portuale ha presentato a Bruxelles gli esiti del progetto \u00abChannelling the Green Deal for Venice\u00bb da 1,7 milioni di euro finanziato da un programma comunitario: in sostanza un raffinato programma di calcolo che sulla base di serie di dati storici di condizioni meteo-marine consente di valutare l&#8217;impatto idrodinamico della nave e le conseguenze sul fondale del canale in modo da poter intervenire in modo mirato e puntuale sul fondale con dragaggi su misura. Un &#8220;approccio olistico&#8221; secondo il presidente dell&#8217;Autorit\u00e0 Portuale, ma come a dire che l&#8217;intervento con le scogliere (dal costo di ben 23,5 milioni di euro) \u00e8 effettivamente dovuto dalle correnti e dai movimenti di materiali indotti dagli spostamenti d&#8217;acqua prodotti dalla stessa navigazione delle grandi navi&#8230; e non da chiss\u00e0 quali erosioni marine.<\/p>\n<p>Se poi la strategia di fondo deve essere quella della sostenibilit\u00e0 del porto veneziano, perch\u00e9 il bando per individuare delle alternative in mare, fuori dalla Laguna, come previsto da un decreto-legge del 2021, si \u00e8 arenato dopo un bando mal scritto e vittoriosamente impugnato al TAR da un potenziale concorrente rimasto escluso? E perch\u00e9 il porto di Venezia \u00e8 fermo ad un piano regolatore del 1965 e pure quanto fatto per avviare una nuova pianificazione si \u00e8 arenato da anni? Intanto a Porto Marghera si stanno realizzando approdi provvisori per le navi da crociera escluse dal Bacino di S. Marco, portando altre grandi navi su quel delicato canale e crocieristi in prossimit\u00e0 di stabilimenti industriali e rischio di incidente rilevante e soggetti a normativa Seveso. Sullo sfondo i cambiamenti climatici che comporteranno innalzamenti del medio mare e maggiore frequenza delle chiusure del MOSE. Venezia come un agrume, da spremere fin che \u00e8 possibile?<\/p>\n<p>Marco Zanetti<\/p>\n<p>&nbsp;<\/p>","protected":false},"excerpt":{"rendered":"<p>Venezia \u00e8 sempre sotto i riflettori, attraversata da milioni di turisti, oggetto di innumerevoli articoli di giornale, libri, saggi e servizi televisivi, ma forse questa profusione di informazioni alla fine parecchio confonde e parecchio scoraggia ad approfondire, colpa anche della dilatazione dei tempi ed effetto dei titoli dei giornali che inducono a scambiare l&#8217;annuncio con [&hellip;]<\/p>\n","protected":false},"author":2,"featured_media":126642,"comment_status":"closed","ping_status":"open","sticky":false,"template":"","format":"standard","meta":{"footnotes":""},"categories":[3368,26],"tags":[],"class_list":["post-142594","post","type-post","status-publish","format-standard","has-post-thumbnail","category-cahiers-de-doleances","category-prima-pagina"],"yoast_head":"<!-- This site is optimized with the Yoast SEO plugin v28.4 - https:\/\/yoast.com\/product\/yoast-seo-wordpress\/ -->\n<title>Succede a Venezia, al porto di Venezia\u00a0  *\u00a0di Marco Zanetti - Bellunopress - Dolomiti<\/title>\n<meta name=\"robots\" content=\"index, follow, max-snippet:-1, max-image-preview:large, max-video-preview:-1\" \/>\n<link rel=\"canonical\" href=\"https:\/\/www.bellunopress.it\/fr\/2023\/07\/07\/succede-a-venezia-al-porto-di-venezia-di-marco-zanetti\/\" \/>\n<meta property=\"og:locale\" content=\"fr_FR\" \/>\n<meta property=\"og:type\" content=\"article\" \/>\n<meta property=\"og:title\" content=\"Succede a Venezia, al porto di Venezia\u00a0  *\u00a0di Marco Zanetti - Bellunopress - Dolomiti\" \/>\n<meta property=\"og:description\" content=\"Venezia \u00e8 sempre sotto i riflettori, attraversata da milioni di turisti, oggetto di innumerevoli articoli di giornale, libri, saggi e servizi televisivi, ma forse questa profusione di informazioni alla fine parecchio confonde e parecchio scoraggia ad approfondire, colpa anche della dilatazione dei tempi ed effetto dei titoli dei giornali che inducono a scambiare l&#8217;annuncio con [&hellip;]\" \/>\n<meta property=\"og:url\" content=\"https:\/\/www.bellunopress.it\/fr\/2023\/07\/07\/succede-a-venezia-al-porto-di-venezia-di-marco-zanetti\/\" \/>\n<meta property=\"og:site_name\" content=\"Bellunopress - Dolomiti\" \/>\n<meta property=\"article:publisher\" content=\"https:\/\/www.facebook.com\/profile.php?id=100008943462799\" \/>\n<meta property=\"article:published_time\" content=\"2023-07-07T14:04:39+00:00\" \/>\n<meta property=\"article:modified_time\" content=\"2023-07-07T16:15:53+00:00\" \/>\n<meta property=\"og:image\" content=\"https:\/\/www.bellunopress.it\/wp-content\/uploads\/2021\/08\/venezia-grandi-navi_edited.jpg\" \/>\n\t<meta property=\"og:image:width\" content=\"800\" \/>\n\t<meta property=\"og:image:height\" content=\"536\" \/>\n\t<meta property=\"og:image:type\" content=\"image\/jpeg\" \/>\n<meta name=\"author\" content=\"redazione\" \/>\n<meta name=\"twitter:card\" content=\"summary_large_image\" \/>\n<meta name=\"twitter:creator\" content=\"@bellunopress\" \/>\n<meta name=\"twitter:site\" content=\"@bellunopress\" \/>\n<meta name=\"twitter:label1\" content=\"Written by\" \/>\n\t<meta name=\"twitter:data1\" content=\"redazione\" \/>\n\t<meta name=\"twitter:label2\" content=\"Est. reading time\" \/>\n\t<meta name=\"twitter:data2\" content=\"6 minutes\" \/>\n<script type=\"application\/ld+json\" class=\"yoast-schema-graph\">{\"@context\":\"https:\\\/\\\/schema.org\",\"@graph\":[{\"@type\":\"Article\",\"@id\":\"https:\\\/\\\/www.bellunopress.it\\\/2023\\\/07\\\/07\\\/succede-a-venezia-al-porto-di-venezia-di-marco-zanetti\\\/#article\",\"isPartOf\":{\"@id\":\"https:\\\/\\\/www.bellunopress.it\\\/2023\\\/07\\\/07\\\/succede-a-venezia-al-porto-di-venezia-di-marco-zanetti\\\/\"},\"author\":{\"name\":\"redazione\",\"@id\":\"https:\\\/\\\/www.bellunopress.it\\\/#\\\/schema\\\/person\\\/79bb06722b37ece1c03d3e94beb30d73\"},\"headline\":\"Succede a Venezia, al porto di Venezia\u00a0 *\u00a0di Marco Zanetti\",\"datePublished\":\"2023-07-07T14:04:39+00:00\",\"dateModified\":\"2023-07-07T16:15:53+00:00\",\"mainEntityOfPage\":{\"@id\":\"https:\\\/\\\/www.bellunopress.it\\\/2023\\\/07\\\/07\\\/succede-a-venezia-al-porto-di-venezia-di-marco-zanetti\\\/\"},\"wordCount\":1089,\"publisher\":{\"@id\":\"https:\\\/\\\/www.bellunopress.it\\\/#organization\"},\"image\":{\"@id\":\"https:\\\/\\\/www.bellunopress.it\\\/2023\\\/07\\\/07\\\/succede-a-venezia-al-porto-di-venezia-di-marco-zanetti\\\/#primaryimage\"},\"thumbnailUrl\":\"https:\\\/\\\/www.bellunopress.it\\\/wp-content\\\/uploads\\\/2021\\\/08\\\/venezia-grandi-navi_edited.jpg\",\"articleSection\":[\"Cahiers de dol\u00e9ances\",\"Prima Pagina\"],\"inLanguage\":\"fr-FR\"},{\"@type\":\"WebPage\",\"@id\":\"https:\\\/\\\/www.bellunopress.it\\\/2023\\\/07\\\/07\\\/succede-a-venezia-al-porto-di-venezia-di-marco-zanetti\\\/\",\"url\":\"https:\\\/\\\/www.bellunopress.it\\\/2023\\\/07\\\/07\\\/succede-a-venezia-al-porto-di-venezia-di-marco-zanetti\\\/\",\"name\":\"Succede a Venezia, al porto di Venezia\u00a0 *\u00a0di Marco Zanetti - Bellunopress - Dolomiti\",\"isPartOf\":{\"@id\":\"https:\\\/\\\/www.bellunopress.it\\\/#website\"},\"primaryImageOfPage\":{\"@id\":\"https:\\\/\\\/www.bellunopress.it\\\/2023\\\/07\\\/07\\\/succede-a-venezia-al-porto-di-venezia-di-marco-zanetti\\\/#primaryimage\"},\"image\":{\"@id\":\"https:\\\/\\\/www.bellunopress.it\\\/2023\\\/07\\\/07\\\/succede-a-venezia-al-porto-di-venezia-di-marco-zanetti\\\/#primaryimage\"},\"thumbnailUrl\":\"https:\\\/\\\/www.bellunopress.it\\\/wp-content\\\/uploads\\\/2021\\\/08\\\/venezia-grandi-navi_edited.jpg\",\"datePublished\":\"2023-07-07T14:04:39+00:00\",\"dateModified\":\"2023-07-07T16:15:53+00:00\",\"breadcrumb\":{\"@id\":\"https:\\\/\\\/www.bellunopress.it\\\/2023\\\/07\\\/07\\\/succede-a-venezia-al-porto-di-venezia-di-marco-zanetti\\\/#breadcrumb\"},\"inLanguage\":\"fr-FR\",\"potentialAction\":[{\"@type\":\"ReadAction\",\"target\":[\"https:\\\/\\\/www.bellunopress.it\\\/2023\\\/07\\\/07\\\/succede-a-venezia-al-porto-di-venezia-di-marco-zanetti\\\/\"]}]},{\"@type\":\"ImageObject\",\"inLanguage\":\"fr-FR\",\"@id\":\"https:\\\/\\\/www.bellunopress.it\\\/2023\\\/07\\\/07\\\/succede-a-venezia-al-porto-di-venezia-di-marco-zanetti\\\/#primaryimage\",\"url\":\"https:\\\/\\\/www.bellunopress.it\\\/wp-content\\\/uploads\\\/2021\\\/08\\\/venezia-grandi-navi_edited.jpg\",\"contentUrl\":\"https:\\\/\\\/www.bellunopress.it\\\/wp-content\\\/uploads\\\/2021\\\/08\\\/venezia-grandi-navi_edited.jpg\",\"width\":800,\"height\":536},{\"@type\":\"BreadcrumbList\",\"@id\":\"https:\\\/\\\/www.bellunopress.it\\\/2023\\\/07\\\/07\\\/succede-a-venezia-al-porto-di-venezia-di-marco-zanetti\\\/#breadcrumb\",\"itemListElement\":[{\"@type\":\"ListItem\",\"position\":1,\"name\":\"Home\",\"item\":\"https:\\\/\\\/www.bellunopress.it\\\/\"},{\"@type\":\"ListItem\",\"position\":2,\"name\":\"Succede a Venezia, al porto di Venezia\u00a0 *\u00a0di Marco Zanetti\"}]},{\"@type\":\"WebSite\",\"@id\":\"https:\\\/\\\/www.bellunopress.it\\\/#website\",\"url\":\"https:\\\/\\\/www.bellunopress.it\\\/\",\"name\":\"Bellunopress - Dolomiti\",\"description\":\"e-mail: redazione@bellunopress.it\",\"publisher\":{\"@id\":\"https:\\\/\\\/www.bellunopress.it\\\/#organization\"},\"potentialAction\":[{\"@type\":\"SearchAction\",\"target\":{\"@type\":\"EntryPoint\",\"urlTemplate\":\"https:\\\/\\\/www.bellunopress.it\\\/?s={search_term_string}\"},\"query-input\":{\"@type\":\"PropertyValueSpecification\",\"valueRequired\":true,\"valueName\":\"search_term_string\"}}],\"inLanguage\":\"fr-FR\"},{\"@type\":\"Organization\",\"@id\":\"https:\\\/\\\/www.bellunopress.it\\\/#organization\",\"name\":\"Bellunopress\",\"url\":\"https:\\\/\\\/www.bellunopress.it\\\/\",\"logo\":{\"@type\":\"ImageObject\",\"inLanguage\":\"fr-FR\",\"@id\":\"https:\\\/\\\/www.bellunopress.it\\\/#\\\/schema\\\/logo\\\/image\\\/\",\"url\":\"https:\\\/\\\/www.bellunopress.it\\\/wp-content\\\/uploads\\\/2011\\\/05\\\/cropped-logo-bellunopress-.jpg\",\"contentUrl\":\"https:\\\/\\\/www.bellunopress.it\\\/wp-content\\\/uploads\\\/2011\\\/05\\\/cropped-logo-bellunopress-.jpg\",\"width\":512,\"height\":512,\"caption\":\"Bellunopress\"},\"image\":{\"@id\":\"https:\\\/\\\/www.bellunopress.it\\\/#\\\/schema\\\/logo\\\/image\\\/\"},\"sameAs\":[\"https:\\\/\\\/www.facebook.com\\\/profile.php?id=100008943462799\",\"https:\\\/\\\/x.com\\\/bellunopress\",\"https:\\\/\\\/www.linkedin.com\\\/hp\\\/?dnr=JBzUWaJfMUw8vbXJJ2tVW5-I3jZKvC4wsoxE&amp;amp;amp;amp;amp;amp;trk=nav_responsive_tab_home\",\"https:\\\/\\\/www.youtube.com\\\/channel\\\/UCxL0wu1uN0_3_7hGG0306cw\"]},{\"@type\":\"Person\",\"@id\":\"https:\\\/\\\/www.bellunopress.it\\\/#\\\/schema\\\/person\\\/79bb06722b37ece1c03d3e94beb30d73\",\"name\":\"redazione\",\"image\":{\"@type\":\"ImageObject\",\"inLanguage\":\"fr-FR\",\"@id\":\"https:\\\/\\\/secure.gravatar.com\\\/avatar\\\/37d968a2e67a6fd04c169c4bdef102d0bc5d31b2546345219e348575eb80e9a0?s=96&d=mm&r=g\",\"url\":\"https:\\\/\\\/secure.gravatar.com\\\/avatar\\\/37d968a2e67a6fd04c169c4bdef102d0bc5d31b2546345219e348575eb80e9a0?s=96&d=mm&r=g\",\"contentUrl\":\"https:\\\/\\\/secure.gravatar.com\\\/avatar\\\/37d968a2e67a6fd04c169c4bdef102d0bc5d31b2546345219e348575eb80e9a0?s=96&d=mm&r=g\",\"caption\":\"redazione\"},\"sameAs\":[\"http:\\\/\\\/www.bellunopress.it\",\"https:\\\/\\\/x.com\\\/bellunopress\"],\"url\":\"https:\\\/\\\/www.bellunopress.it\\\/fr\\\/author\\\/redazione\\\/\"}]}<\/script>\n<!-- \/ Yoast SEO plugin. -->","yoast_head_json":{"title":"Succede a Venezia, al porto di Venezia\u00a0  *\u00a0di Marco Zanetti - Bellunopress - Dolomiti","robots":{"index":"index","follow":"follow","max-snippet":"max-snippet:-1","max-image-preview":"max-image-preview:large","max-video-preview":"max-video-preview:-1"},"canonical":"https:\/\/www.bellunopress.it\/fr\/2023\/07\/07\/succede-a-venezia-al-porto-di-venezia-di-marco-zanetti\/","og_locale":"fr_FR","og_type":"article","og_title":"Succede a Venezia, al porto di Venezia\u00a0  *\u00a0di Marco Zanetti - Bellunopress - Dolomiti","og_description":"Venezia \u00e8 sempre sotto i riflettori, attraversata da milioni di turisti, oggetto di innumerevoli articoli di giornale, libri, saggi e servizi televisivi, ma forse questa profusione di informazioni alla fine parecchio confonde e parecchio scoraggia ad approfondire, colpa anche della dilatazione dei tempi ed effetto dei titoli dei giornali che inducono a scambiare l&#8217;annuncio con [&hellip;]","og_url":"https:\/\/www.bellunopress.it\/fr\/2023\/07\/07\/succede-a-venezia-al-porto-di-venezia-di-marco-zanetti\/","og_site_name":"Bellunopress - Dolomiti","article_publisher":"https:\/\/www.facebook.com\/profile.php?id=100008943462799","article_published_time":"2023-07-07T14:04:39+00:00","article_modified_time":"2023-07-07T16:15:53+00:00","og_image":[{"width":800,"height":536,"url":"https:\/\/www.bellunopress.it\/wp-content\/uploads\/2021\/08\/venezia-grandi-navi_edited.jpg","type":"image\/jpeg"}],"author":"redazione","twitter_card":"summary_large_image","twitter_creator":"@bellunopress","twitter_site":"@bellunopress","twitter_misc":{"Written by":"redazione","Est. reading time":"6 minutes"},"schema":{"@context":"https:\/\/schema.org","@graph":[{"@type":"Article","@id":"https:\/\/www.bellunopress.it\/2023\/07\/07\/succede-a-venezia-al-porto-di-venezia-di-marco-zanetti\/#article","isPartOf":{"@id":"https:\/\/www.bellunopress.it\/2023\/07\/07\/succede-a-venezia-al-porto-di-venezia-di-marco-zanetti\/"},"author":{"name":"redazione","@id":"https:\/\/www.bellunopress.it\/#\/schema\/person\/79bb06722b37ece1c03d3e94beb30d73"},"headline":"Succede a Venezia, al porto di Venezia\u00a0 *\u00a0di Marco Zanetti","datePublished":"2023-07-07T14:04:39+00:00","dateModified":"2023-07-07T16:15:53+00:00","mainEntityOfPage":{"@id":"https:\/\/www.bellunopress.it\/2023\/07\/07\/succede-a-venezia-al-porto-di-venezia-di-marco-zanetti\/"},"wordCount":1089,"publisher":{"@id":"https:\/\/www.bellunopress.it\/#organization"},"image":{"@id":"https:\/\/www.bellunopress.it\/2023\/07\/07\/succede-a-venezia-al-porto-di-venezia-di-marco-zanetti\/#primaryimage"},"thumbnailUrl":"https:\/\/www.bellunopress.it\/wp-content\/uploads\/2021\/08\/venezia-grandi-navi_edited.jpg","articleSection":["Cahiers de dol\u00e9ances","Prima Pagina"],"inLanguage":"fr-FR"},{"@type":"WebPage","@id":"https:\/\/www.bellunopress.it\/2023\/07\/07\/succede-a-venezia-al-porto-di-venezia-di-marco-zanetti\/","url":"https:\/\/www.bellunopress.it\/2023\/07\/07\/succede-a-venezia-al-porto-di-venezia-di-marco-zanetti\/","name":"Succede a Venezia, al porto di Venezia\u00a0 *\u00a0di Marco Zanetti - Bellunopress - Dolomiti","isPartOf":{"@id":"https:\/\/www.bellunopress.it\/#website"},"primaryImageOfPage":{"@id":"https:\/\/www.bellunopress.it\/2023\/07\/07\/succede-a-venezia-al-porto-di-venezia-di-marco-zanetti\/#primaryimage"},"image":{"@id":"https:\/\/www.bellunopress.it\/2023\/07\/07\/succede-a-venezia-al-porto-di-venezia-di-marco-zanetti\/#primaryimage"},"thumbnailUrl":"https:\/\/www.bellunopress.it\/wp-content\/uploads\/2021\/08\/venezia-grandi-navi_edited.jpg","datePublished":"2023-07-07T14:04:39+00:00","dateModified":"2023-07-07T16:15:53+00:00","breadcrumb":{"@id":"https:\/\/www.bellunopress.it\/2023\/07\/07\/succede-a-venezia-al-porto-di-venezia-di-marco-zanetti\/#breadcrumb"},"inLanguage":"fr-FR","potentialAction":[{"@type":"ReadAction","target":["https:\/\/www.bellunopress.it\/2023\/07\/07\/succede-a-venezia-al-porto-di-venezia-di-marco-zanetti\/"]}]},{"@type":"ImageObject","inLanguage":"fr-FR","@id":"https:\/\/www.bellunopress.it\/2023\/07\/07\/succede-a-venezia-al-porto-di-venezia-di-marco-zanetti\/#primaryimage","url":"https:\/\/www.bellunopress.it\/wp-content\/uploads\/2021\/08\/venezia-grandi-navi_edited.jpg","contentUrl":"https:\/\/www.bellunopress.it\/wp-content\/uploads\/2021\/08\/venezia-grandi-navi_edited.jpg","width":800,"height":536},{"@type":"BreadcrumbList","@id":"https:\/\/www.bellunopress.it\/2023\/07\/07\/succede-a-venezia-al-porto-di-venezia-di-marco-zanetti\/#breadcrumb","itemListElement":[{"@type":"ListItem","position":1,"name":"Home","item":"https:\/\/www.bellunopress.it\/"},{"@type":"ListItem","position":2,"name":"Succede a Venezia, al porto di Venezia\u00a0 *\u00a0di Marco Zanetti"}]},{"@type":"WebSite","@id":"https:\/\/www.bellunopress.it\/#website","url":"https:\/\/www.bellunopress.it\/","name":"Bellunopress - Dolomiti","description":"e-mail: redazione@bellunopress.it","publisher":{"@id":"https:\/\/www.bellunopress.it\/#organization"},"potentialAction":[{"@type":"SearchAction","target":{"@type":"EntryPoint","urlTemplate":"https:\/\/www.bellunopress.it\/?s={search_term_string}"},"query-input":{"@type":"PropertyValueSpecification","valueRequired":true,"valueName":"search_term_string"}}],"inLanguage":"fr-FR"},{"@type":"Organization","@id":"https:\/\/www.bellunopress.it\/#organization","name":"Bellunopress","url":"https:\/\/www.bellunopress.it\/","logo":{"@type":"ImageObject","inLanguage":"fr-FR","@id":"https:\/\/www.bellunopress.it\/#\/schema\/logo\/image\/","url":"https:\/\/www.bellunopress.it\/wp-content\/uploads\/2011\/05\/cropped-logo-bellunopress-.jpg","contentUrl":"https:\/\/www.bellunopress.it\/wp-content\/uploads\/2011\/05\/cropped-logo-bellunopress-.jpg","width":512,"height":512,"caption":"Bellunopress"},"image":{"@id":"https:\/\/www.bellunopress.it\/#\/schema\/logo\/image\/"},"sameAs":["https:\/\/www.facebook.com\/profile.php?id=100008943462799","https:\/\/x.com\/bellunopress","https:\/\/www.linkedin.com\/hp\/?dnr=JBzUWaJfMUw8vbXJJ2tVW5-I3jZKvC4wsoxE&amp;amp;amp;amp;amp;amp;trk=nav_responsive_tab_home","https:\/\/www.youtube.com\/channel\/UCxL0wu1uN0_3_7hGG0306cw"]},{"@type":"Person","@id":"https:\/\/www.bellunopress.it\/#\/schema\/person\/79bb06722b37ece1c03d3e94beb30d73","name":"r\u00e9daction","image":{"@type":"ImageObject","inLanguage":"fr-FR","@id":"https:\/\/secure.gravatar.com\/avatar\/37d968a2e67a6fd04c169c4bdef102d0bc5d31b2546345219e348575eb80e9a0?s=96&d=mm&r=g","url":"https:\/\/secure.gravatar.com\/avatar\/37d968a2e67a6fd04c169c4bdef102d0bc5d31b2546345219e348575eb80e9a0?s=96&d=mm&r=g","contentUrl":"https:\/\/secure.gravatar.com\/avatar\/37d968a2e67a6fd04c169c4bdef102d0bc5d31b2546345219e348575eb80e9a0?s=96&d=mm&r=g","caption":"redazione"},"sameAs":["http:\/\/www.bellunopress.it","https:\/\/x.com\/bellunopress"],"url":"https:\/\/www.bellunopress.it\/fr\/author\/redazione\/"}]}},"_links":{"self":[{"href":"https:\/\/www.bellunopress.it\/fr\/wp-json\/wp\/v2\/posts\/142594","targetHints":{"allow":["GET"]}}],"collection":[{"href":"https:\/\/www.bellunopress.it\/fr\/wp-json\/wp\/v2\/posts"}],"about":[{"href":"https:\/\/www.bellunopress.it\/fr\/wp-json\/wp\/v2\/types\/post"}],"author":[{"embeddable":true,"href":"https:\/\/www.bellunopress.it\/fr\/wp-json\/wp\/v2\/users\/2"}],"replies":[{"embeddable":true,"href":"https:\/\/www.bellunopress.it\/fr\/wp-json\/wp\/v2\/comments?post=142594"}],"version-history":[{"count":1,"href":"https:\/\/www.bellunopress.it\/fr\/wp-json\/wp\/v2\/posts\/142594\/revisions"}],"predecessor-version":[{"id":142595,"href":"https:\/\/www.bellunopress.it\/fr\/wp-json\/wp\/v2\/posts\/142594\/revisions\/142595"}],"wp:featuredmedia":[{"embeddable":true,"href":"https:\/\/www.bellunopress.it\/fr\/wp-json\/wp\/v2\/media\/126642"}],"wp:attachment":[{"href":"https:\/\/www.bellunopress.it\/fr\/wp-json\/wp\/v2\/media?parent=142594"}],"wp:term":[{"taxonomy":"category","embeddable":true,"href":"https:\/\/www.bellunopress.it\/fr\/wp-json\/wp\/v2\/categories?post=142594"},{"taxonomy":"post_tag","embeddable":true,"href":"https:\/\/www.bellunopress.it\/fr\/wp-json\/wp\/v2\/tags?post=142594"}],"curies":[{"name":"wp","href":"https:\/\/api.w.org\/{rel}","templated":true}]}}