{"id":142579,"date":"2023-07-07T14:03:16","date_gmt":"2023-07-07T12:03:16","guid":{"rendered":"https:\/\/www.bellunopress.it\/?p=142579"},"modified":"2023-07-07T14:03:16","modified_gmt":"2023-07-07T12:03:16","slug":"alpago-bike-funtastic-800-biker-in-gara-nel-fine-settimana-a-lamosano","status":"publish","type":"post","link":"https:\/\/www.bellunopress.it\/fr\/2023\/07\/07\/alpago-bike-funtastic-800-biker-in-gara-nel-fine-settimana-a-lamosano\/","title":{"rendered":"Alpago bike funtastic: 800 biker in gara nel fine settimana a Lamosano"},"content":{"rendered":"<p><img loading=\"lazy\" decoding=\"async\" class=\"alignleft size-full wp-image-96015\" src=\"https:\/\/www.bellunopress.it\/wp-content\/uploads\/2018\/07\/Alpago-Bike-Funtastic.jpg\" alt=\"\" width=\"300\" height=\"200\" \/>Chies d&#8217;Alpago (Belluno), 6 luglio 2023 \u2013 \u00c8 il fine settimana di Alpago Bike Funtastic, la tre giorni che riporta la grande mountain bike a Chies d&#8217;Alpago (Belluno) a distanza di quattro anni dal 2019.<\/p>\n<p>Si tratter\u00e0 di un week-end che vedr\u00e0 confrontarsi 800 concorrenti, dalle categorie giovanili fino a quelle master, anche provenienti dall&#8217;estero. La prima giornata \u00e8 prevista per domani, venerd\u00ec 7 luglio: in programma c&#8217;\u00e8 il campionato italiano di short track, la giovane e spettacolare disciplina che ha debuttato nel 2018 in Coppa del Mondo e che viene disputata su tracciati di cross country accorciati e sulla distanza di mezz&#8217;ora circa. Il tricolore della specialit\u00e0 verr\u00e0 assegnato per la seconda volta nella storia della mountain bike italiana: la prima fu lo scorso anno, sui sentieri di Courmayeur, in Valle d&#8217;Aosta. A confrontarsi, su un tracciato di 2.100 metri, saranno tutte le categorie: alle 9.30 la gara Open donne e Juniores donne, alle 10.30 gli Juniores uomini, alle 11.30 gli Open uomini, alle 15.30 Allieve ed Esordienti donne, alle 16.15 gli Esordienti uomini, alle 17 gli Allievi uomini. Le premiazioni si svolgeranno al termine di ogni gara. In campo femminile, nella gara Open occhi puntati sulla tricolore di cross country Martina Berta (la valdostana \u00e8 anche campionessa italiana uscente dello short track) , reduce dallo spettacolare secondo posto ottenuto lo scorso fine settimana nella prova di Coppa del mondo in Val di Sole. Attenzione anche alle due atlete di casa, le feltrine Giada Specia e Giorgia Marchet. La gara Open maschile vedr\u00e0 al via, tra gli altri, i gemelli Luca e Daniele Braidot (Daniele \u00e8 il campione uscente), Nadir Colledani, Filippo Fontana e Gioele Bertolini.<\/p>\n<p>Sabato 8 luglio toccher\u00e0 alla finale delle Internazionali d&#8217;Italia Series, evento UCI Hors Cat\u00e9gorie. Il programma prevede alle 9.30 la gara Juniores uomini (premiazioni alle 11), alle 12 la gara Open e Juniores donne (premiazioni alle 13.30), alle 15 la gara Open maschile (premiazioni alle 17). Il tracciato si sviluppa per 3.800 metri, con un dislivello a giro di un centinaio di metri. In testa alla classifica generale ci sono Martina Berta e Daniele Braidot.<\/p>\n<p>Domenica 9 luglio la giornata finale, dedicata alle gare nazionali giovanili. Il primo start alle 8.30.<\/p>\n<p>\u00abDa mesi la macchina organizzativa della Societ\u00e0 ciclistica Chies \u00e8 al lavoro per allestire nel migliore dei modi una manifestazione che vuole ricordare Gianluca Barattin, il nostro vicepresidente prematuramente scomparso lo scorso anno\u00bb commenta Paolo Zanon, coordinatore dello staff organizzativo. \u00abAbbiamo allestito un percorso rinnovato rispetto al passato, pi\u00f9 moderno e dinamico, che ha incontrato l&#8217;apprezzamento dei biker che lo hanno provato nei giorni scorsi. Il meteo finora non ci ha dato una mano, mettendo a dura prova l&#8217;opera dei nostri volontari. Ma ci siamo, determinati ed entusiasti nel proporre il meglio per gli atleti che arriveranno a Lamosano\u00bb.<\/p>\n<p>&nbsp;<\/p>","protected":false},"excerpt":{"rendered":"<p>Chies d&#8217;Alpago (Belluno), 6 luglio 2023 \u2013 \u00c8 il fine settimana di Alpago Bike Funtastic, la tre giorni che riporta la grande mountain bike a Chies d&#8217;Alpago (Belluno) a distanza di quattro anni dal 2019. Si tratter\u00e0 di un week-end che vedr\u00e0 confrontarsi 800 concorrenti, dalle categorie giovanili fino a quelle master, anche provenienti dall&#8217;estero. [&hellip;]<\/p>\n","protected":false},"author":2,"featured_media":96015,"comment_status":"closed","ping_status":"open","sticky":false,"template":"","format":"standard","meta":{"footnotes":""},"categories":[4],"tags":[],"class_list":["post-142579","post","type-post","status-publish","format-standard","has-post-thumbnail","category-sport"],"yoast_head":"<!-- This site is optimized with the Yoast SEO plugin v28.4 - https:\/\/yoast.com\/product\/yoast-seo-wordpress\/ -->\n<title>Alpago bike funtastic: 800 biker in gara nel fine settimana a Lamosano - Bellunopress - Dolomiti<\/title>\n<meta name=\"robots\" content=\"index, follow, max-snippet:-1, max-image-preview:large, max-video-preview:-1\" \/>\n<link rel=\"canonical\" href=\"https:\/\/www.bellunopress.it\/fr\/2023\/07\/07\/alpago-bike-funtastic-800-biker-in-gara-nel-fine-settimana-a-lamosano\/\" \/>\n<meta property=\"og:locale\" content=\"fr_FR\" \/>\n<meta property=\"og:type\" content=\"article\" \/>\n<meta property=\"og:title\" content=\"Alpago bike funtastic: 800 biker in gara nel fine settimana a Lamosano - Bellunopress - Dolomiti\" \/>\n<meta property=\"og:description\" content=\"Chies d&#8217;Alpago (Belluno), 6 luglio 2023 \u2013 \u00c8 il fine settimana di Alpago Bike Funtastic, la tre giorni che riporta la grande mountain bike a Chies d&#8217;Alpago (Belluno) a distanza di quattro anni dal 2019. Si tratter\u00e0 di un week-end che vedr\u00e0 confrontarsi 800 concorrenti, dalle categorie giovanili fino a quelle master, anche provenienti dall&#8217;estero. [&hellip;]\" \/>\n<meta property=\"og:url\" content=\"https:\/\/www.bellunopress.it\/fr\/2023\/07\/07\/alpago-bike-funtastic-800-biker-in-gara-nel-fine-settimana-a-lamosano\/\" \/>\n<meta property=\"og:site_name\" content=\"Bellunopress - Dolomiti\" \/>\n<meta property=\"article:publisher\" content=\"https:\/\/www.facebook.com\/profile.php?id=100008943462799\" \/>\n<meta property=\"article:published_time\" content=\"2023-07-07T12:03:16+00:00\" \/>\n<meta property=\"og:image\" content=\"https:\/\/www.bellunopress.it\/wp-content\/uploads\/2018\/07\/Alpago-Bike-Funtastic.jpg\" \/>\n\t<meta property=\"og:image:width\" content=\"300\" \/>\n\t<meta property=\"og:image:height\" content=\"200\" \/>\n\t<meta property=\"og:image:type\" content=\"image\/jpeg\" \/>\n<meta name=\"author\" content=\"redazione\" \/>\n<meta name=\"twitter:card\" content=\"summary_large_image\" \/>\n<meta name=\"twitter:creator\" content=\"@bellunopress\" \/>\n<meta name=\"twitter:site\" content=\"@bellunopress\" \/>\n<meta name=\"twitter:label1\" content=\"Written by\" \/>\n\t<meta name=\"twitter:data1\" content=\"redazione\" \/>\n\t<meta name=\"twitter:label2\" content=\"Est. reading time\" \/>\n\t<meta name=\"twitter:data2\" content=\"3 minutes\" \/>\n<script type=\"application\/ld+json\" class=\"yoast-schema-graph\">{\"@context\":\"https:\\\/\\\/schema.org\",\"@graph\":[{\"@type\":\"Article\",\"@id\":\"https:\\\/\\\/www.bellunopress.it\\\/2023\\\/07\\\/07\\\/alpago-bike-funtastic-800-biker-in-gara-nel-fine-settimana-a-lamosano\\\/#article\",\"isPartOf\":{\"@id\":\"https:\\\/\\\/www.bellunopress.it\\\/2023\\\/07\\\/07\\\/alpago-bike-funtastic-800-biker-in-gara-nel-fine-settimana-a-lamosano\\\/\"},\"author\":{\"name\":\"redazione\",\"@id\":\"https:\\\/\\\/www.bellunopress.it\\\/#\\\/schema\\\/person\\\/79bb06722b37ece1c03d3e94beb30d73\"},\"headline\":\"Alpago bike funtastic: 800 biker in gara nel fine settimana a Lamosano\",\"datePublished\":\"2023-07-07T12:03:16+00:00\",\"mainEntityOfPage\":{\"@id\":\"https:\\\/\\\/www.bellunopress.it\\\/2023\\\/07\\\/07\\\/alpago-bike-funtastic-800-biker-in-gara-nel-fine-settimana-a-lamosano\\\/\"},\"wordCount\":458,\"publisher\":{\"@id\":\"https:\\\/\\\/www.bellunopress.it\\\/#organization\"},\"image\":{\"@id\":\"https:\\\/\\\/www.bellunopress.it\\\/2023\\\/07\\\/07\\\/alpago-bike-funtastic-800-biker-in-gara-nel-fine-settimana-a-lamosano\\\/#primaryimage\"},\"thumbnailUrl\":\"https:\\\/\\\/www.bellunopress.it\\\/wp-content\\\/uploads\\\/2018\\\/07\\\/Alpago-Bike-Funtastic.jpg\",\"articleSection\":[\"Sport, tempo libero\"],\"inLanguage\":\"fr-FR\"},{\"@type\":\"WebPage\",\"@id\":\"https:\\\/\\\/www.bellunopress.it\\\/2023\\\/07\\\/07\\\/alpago-bike-funtastic-800-biker-in-gara-nel-fine-settimana-a-lamosano\\\/\",\"url\":\"https:\\\/\\\/www.bellunopress.it\\\/2023\\\/07\\\/07\\\/alpago-bike-funtastic-800-biker-in-gara-nel-fine-settimana-a-lamosano\\\/\",\"name\":\"Alpago bike funtastic: 800 biker in gara nel fine settimana a Lamosano - Bellunopress - Dolomiti\",\"isPartOf\":{\"@id\":\"https:\\\/\\\/www.bellunopress.it\\\/#website\"},\"primaryImageOfPage\":{\"@id\":\"https:\\\/\\\/www.bellunopress.it\\\/2023\\\/07\\\/07\\\/alpago-bike-funtastic-800-biker-in-gara-nel-fine-settimana-a-lamosano\\\/#primaryimage\"},\"image\":{\"@id\":\"https:\\\/\\\/www.bellunopress.it\\\/2023\\\/07\\\/07\\\/alpago-bike-funtastic-800-biker-in-gara-nel-fine-settimana-a-lamosano\\\/#primaryimage\"},\"thumbnailUrl\":\"https:\\\/\\\/www.bellunopress.it\\\/wp-content\\\/uploads\\\/2018\\\/07\\\/Alpago-Bike-Funtastic.jpg\",\"datePublished\":\"2023-07-07T12:03:16+00:00\",\"breadcrumb\":{\"@id\":\"https:\\\/\\\/www.bellunopress.it\\\/2023\\\/07\\\/07\\\/alpago-bike-funtastic-800-biker-in-gara-nel-fine-settimana-a-lamosano\\\/#breadcrumb\"},\"inLanguage\":\"fr-FR\",\"potentialAction\":[{\"@type\":\"ReadAction\",\"target\":[\"https:\\\/\\\/www.bellunopress.it\\\/2023\\\/07\\\/07\\\/alpago-bike-funtastic-800-biker-in-gara-nel-fine-settimana-a-lamosano\\\/\"]}]},{\"@type\":\"ImageObject\",\"inLanguage\":\"fr-FR\",\"@id\":\"https:\\\/\\\/www.bellunopress.it\\\/2023\\\/07\\\/07\\\/alpago-bike-funtastic-800-biker-in-gara-nel-fine-settimana-a-lamosano\\\/#primaryimage\",\"url\":\"https:\\\/\\\/www.bellunopress.it\\\/wp-content\\\/uploads\\\/2018\\\/07\\\/Alpago-Bike-Funtastic.jpg\",\"contentUrl\":\"https:\\\/\\\/www.bellunopress.it\\\/wp-content\\\/uploads\\\/2018\\\/07\\\/Alpago-Bike-Funtastic.jpg\",\"width\":300,\"height\":200},{\"@type\":\"BreadcrumbList\",\"@id\":\"https:\\\/\\\/www.bellunopress.it\\\/2023\\\/07\\\/07\\\/alpago-bike-funtastic-800-biker-in-gara-nel-fine-settimana-a-lamosano\\\/#breadcrumb\",\"itemListElement\":[{\"@type\":\"ListItem\",\"position\":1,\"name\":\"Home\",\"item\":\"https:\\\/\\\/www.bellunopress.it\\\/\"},{\"@type\":\"ListItem\",\"position\":2,\"name\":\"Alpago bike funtastic: 800 biker in gara nel fine settimana a Lamosano\"}]},{\"@type\":\"WebSite\",\"@id\":\"https:\\\/\\\/www.bellunopress.it\\\/#website\",\"url\":\"https:\\\/\\\/www.bellunopress.it\\\/\",\"name\":\"Bellunopress - Dolomiti\",\"description\":\"e-mail: redazione@bellunopress.it\",\"publisher\":{\"@id\":\"https:\\\/\\\/www.bellunopress.it\\\/#organization\"},\"potentialAction\":[{\"@type\":\"SearchAction\",\"target\":{\"@type\":\"EntryPoint\",\"urlTemplate\":\"https:\\\/\\\/www.bellunopress.it\\\/?s={search_term_string}\"},\"query-input\":{\"@type\":\"PropertyValueSpecification\",\"valueRequired\":true,\"valueName\":\"search_term_string\"}}],\"inLanguage\":\"fr-FR\"},{\"@type\":\"Organization\",\"@id\":\"https:\\\/\\\/www.bellunopress.it\\\/#organization\",\"name\":\"Bellunopress\",\"url\":\"https:\\\/\\\/www.bellunopress.it\\\/\",\"logo\":{\"@type\":\"ImageObject\",\"inLanguage\":\"fr-FR\",\"@id\":\"https:\\\/\\\/www.bellunopress.it\\\/#\\\/schema\\\/logo\\\/image\\\/\",\"url\":\"https:\\\/\\\/www.bellunopress.it\\\/wp-content\\\/uploads\\\/2011\\\/05\\\/cropped-logo-bellunopress-.jpg\",\"contentUrl\":\"https:\\\/\\\/www.bellunopress.it\\\/wp-content\\\/uploads\\\/2011\\\/05\\\/cropped-logo-bellunopress-.jpg\",\"width\":512,\"height\":512,\"caption\":\"Bellunopress\"},\"image\":{\"@id\":\"https:\\\/\\\/www.bellunopress.it\\\/#\\\/schema\\\/logo\\\/image\\\/\"},\"sameAs\":[\"https:\\\/\\\/www.facebook.com\\\/profile.php?id=100008943462799\",\"https:\\\/\\\/x.com\\\/bellunopress\",\"https:\\\/\\\/www.linkedin.com\\\/hp\\\/?dnr=JBzUWaJfMUw8vbXJJ2tVW5-I3jZKvC4wsoxE&amp;amp;amp;amp;amp;amp;trk=nav_responsive_tab_home\",\"https:\\\/\\\/www.youtube.com\\\/channel\\\/UCxL0wu1uN0_3_7hGG0306cw\"]},{\"@type\":\"Person\",\"@id\":\"https:\\\/\\\/www.bellunopress.it\\\/#\\\/schema\\\/person\\\/79bb06722b37ece1c03d3e94beb30d73\",\"name\":\"redazione\",\"image\":{\"@type\":\"ImageObject\",\"inLanguage\":\"fr-FR\",\"@id\":\"https:\\\/\\\/secure.gravatar.com\\\/avatar\\\/37d968a2e67a6fd04c169c4bdef102d0bc5d31b2546345219e348575eb80e9a0?s=96&d=mm&r=g\",\"url\":\"https:\\\/\\\/secure.gravatar.com\\\/avatar\\\/37d968a2e67a6fd04c169c4bdef102d0bc5d31b2546345219e348575eb80e9a0?s=96&d=mm&r=g\",\"contentUrl\":\"https:\\\/\\\/secure.gravatar.com\\\/avatar\\\/37d968a2e67a6fd04c169c4bdef102d0bc5d31b2546345219e348575eb80e9a0?s=96&d=mm&r=g\",\"caption\":\"redazione\"},\"sameAs\":[\"http:\\\/\\\/www.bellunopress.it\",\"https:\\\/\\\/x.com\\\/bellunopress\"],\"url\":\"https:\\\/\\\/www.bellunopress.it\\\/fr\\\/author\\\/redazione\\\/\"}]}<\/script>\n<!-- \/ Yoast SEO plugin. -->","yoast_head_json":{"title":"Alpago bike funtastic: 800 biker in gara nel fine settimana a Lamosano - Bellunopress - Dolomiti","robots":{"index":"index","follow":"follow","max-snippet":"max-snippet:-1","max-image-preview":"max-image-preview:large","max-video-preview":"max-video-preview:-1"},"canonical":"https:\/\/www.bellunopress.it\/fr\/2023\/07\/07\/alpago-bike-funtastic-800-biker-in-gara-nel-fine-settimana-a-lamosano\/","og_locale":"fr_FR","og_type":"article","og_title":"Alpago bike funtastic: 800 biker in gara nel fine settimana a Lamosano - Bellunopress - Dolomiti","og_description":"Chies d&#8217;Alpago (Belluno), 6 luglio 2023 \u2013 \u00c8 il fine settimana di Alpago Bike Funtastic, la tre giorni che riporta la grande mountain bike a Chies d&#8217;Alpago (Belluno) a distanza di quattro anni dal 2019. Si tratter\u00e0 di un week-end che vedr\u00e0 confrontarsi 800 concorrenti, dalle categorie giovanili fino a quelle master, anche provenienti dall&#8217;estero. [&hellip;]","og_url":"https:\/\/www.bellunopress.it\/fr\/2023\/07\/07\/alpago-bike-funtastic-800-biker-in-gara-nel-fine-settimana-a-lamosano\/","og_site_name":"Bellunopress - Dolomiti","article_publisher":"https:\/\/www.facebook.com\/profile.php?id=100008943462799","article_published_time":"2023-07-07T12:03:16+00:00","og_image":[{"width":300,"height":200,"url":"https:\/\/www.bellunopress.it\/wp-content\/uploads\/2018\/07\/Alpago-Bike-Funtastic.jpg","type":"image\/jpeg"}],"author":"redazione","twitter_card":"summary_large_image","twitter_creator":"@bellunopress","twitter_site":"@bellunopress","twitter_misc":{"Written by":"redazione","Est. reading time":"3 minutes"},"schema":{"@context":"https:\/\/schema.org","@graph":[{"@type":"Article","@id":"https:\/\/www.bellunopress.it\/2023\/07\/07\/alpago-bike-funtastic-800-biker-in-gara-nel-fine-settimana-a-lamosano\/#article","isPartOf":{"@id":"https:\/\/www.bellunopress.it\/2023\/07\/07\/alpago-bike-funtastic-800-biker-in-gara-nel-fine-settimana-a-lamosano\/"},"author":{"name":"redazione","@id":"https:\/\/www.bellunopress.it\/#\/schema\/person\/79bb06722b37ece1c03d3e94beb30d73"},"headline":"Alpago bike funtastic: 800 biker in gara nel fine settimana a Lamosano","datePublished":"2023-07-07T12:03:16+00:00","mainEntityOfPage":{"@id":"https:\/\/www.bellunopress.it\/2023\/07\/07\/alpago-bike-funtastic-800-biker-in-gara-nel-fine-settimana-a-lamosano\/"},"wordCount":458,"publisher":{"@id":"https:\/\/www.bellunopress.it\/#organization"},"image":{"@id":"https:\/\/www.bellunopress.it\/2023\/07\/07\/alpago-bike-funtastic-800-biker-in-gara-nel-fine-settimana-a-lamosano\/#primaryimage"},"thumbnailUrl":"https:\/\/www.bellunopress.it\/wp-content\/uploads\/2018\/07\/Alpago-Bike-Funtastic.jpg","articleSection":["Sport, tempo libero"],"inLanguage":"fr-FR"},{"@type":"WebPage","@id":"https:\/\/www.bellunopress.it\/2023\/07\/07\/alpago-bike-funtastic-800-biker-in-gara-nel-fine-settimana-a-lamosano\/","url":"https:\/\/www.bellunopress.it\/2023\/07\/07\/alpago-bike-funtastic-800-biker-in-gara-nel-fine-settimana-a-lamosano\/","name":"Alpago bike funtastic: 800 biker in gara nel fine settimana a Lamosano - Bellunopress - Dolomiti","isPartOf":{"@id":"https:\/\/www.bellunopress.it\/#website"},"primaryImageOfPage":{"@id":"https:\/\/www.bellunopress.it\/2023\/07\/07\/alpago-bike-funtastic-800-biker-in-gara-nel-fine-settimana-a-lamosano\/#primaryimage"},"image":{"@id":"https:\/\/www.bellunopress.it\/2023\/07\/07\/alpago-bike-funtastic-800-biker-in-gara-nel-fine-settimana-a-lamosano\/#primaryimage"},"thumbnailUrl":"https:\/\/www.bellunopress.it\/wp-content\/uploads\/2018\/07\/Alpago-Bike-Funtastic.jpg","datePublished":"2023-07-07T12:03:16+00:00","breadcrumb":{"@id":"https:\/\/www.bellunopress.it\/2023\/07\/07\/alpago-bike-funtastic-800-biker-in-gara-nel-fine-settimana-a-lamosano\/#breadcrumb"},"inLanguage":"fr-FR","potentialAction":[{"@type":"ReadAction","target":["https:\/\/www.bellunopress.it\/2023\/07\/07\/alpago-bike-funtastic-800-biker-in-gara-nel-fine-settimana-a-lamosano\/"]}]},{"@type":"ImageObject","inLanguage":"fr-FR","@id":"https:\/\/www.bellunopress.it\/2023\/07\/07\/alpago-bike-funtastic-800-biker-in-gara-nel-fine-settimana-a-lamosano\/#primaryimage","url":"https:\/\/www.bellunopress.it\/wp-content\/uploads\/2018\/07\/Alpago-Bike-Funtastic.jpg","contentUrl":"https:\/\/www.bellunopress.it\/wp-content\/uploads\/2018\/07\/Alpago-Bike-Funtastic.jpg","width":300,"height":200},{"@type":"BreadcrumbList","@id":"https:\/\/www.bellunopress.it\/2023\/07\/07\/alpago-bike-funtastic-800-biker-in-gara-nel-fine-settimana-a-lamosano\/#breadcrumb","itemListElement":[{"@type":"ListItem","position":1,"name":"Home","item":"https:\/\/www.bellunopress.it\/"},{"@type":"ListItem","position":2,"name":"Alpago bike funtastic: 800 biker in gara nel fine settimana a Lamosano"}]},{"@type":"WebSite","@id":"https:\/\/www.bellunopress.it\/#website","url":"https:\/\/www.bellunopress.it\/","name":"Bellunopress - Dolomiti","description":"e-mail: redazione@bellunopress.it","publisher":{"@id":"https:\/\/www.bellunopress.it\/#organization"},"potentialAction":[{"@type":"SearchAction","target":{"@type":"EntryPoint","urlTemplate":"https:\/\/www.bellunopress.it\/?s={search_term_string}"},"query-input":{"@type":"PropertyValueSpecification","valueRequired":true,"valueName":"search_term_string"}}],"inLanguage":"fr-FR"},{"@type":"Organization","@id":"https:\/\/www.bellunopress.it\/#organization","name":"Bellunopress","url":"https:\/\/www.bellunopress.it\/","logo":{"@type":"ImageObject","inLanguage":"fr-FR","@id":"https:\/\/www.bellunopress.it\/#\/schema\/logo\/image\/","url":"https:\/\/www.bellunopress.it\/wp-content\/uploads\/2011\/05\/cropped-logo-bellunopress-.jpg","contentUrl":"https:\/\/www.bellunopress.it\/wp-content\/uploads\/2011\/05\/cropped-logo-bellunopress-.jpg","width":512,"height":512,"caption":"Bellunopress"},"image":{"@id":"https:\/\/www.bellunopress.it\/#\/schema\/logo\/image\/"},"sameAs":["https:\/\/www.facebook.com\/profile.php?id=100008943462799","https:\/\/x.com\/bellunopress","https:\/\/www.linkedin.com\/hp\/?dnr=JBzUWaJfMUw8vbXJJ2tVW5-I3jZKvC4wsoxE&amp;amp;amp;amp;amp;amp;trk=nav_responsive_tab_home","https:\/\/www.youtube.com\/channel\/UCxL0wu1uN0_3_7hGG0306cw"]},{"@type":"Person","@id":"https:\/\/www.bellunopress.it\/#\/schema\/person\/79bb06722b37ece1c03d3e94beb30d73","name":"r\u00e9daction","image":{"@type":"ImageObject","inLanguage":"fr-FR","@id":"https:\/\/secure.gravatar.com\/avatar\/37d968a2e67a6fd04c169c4bdef102d0bc5d31b2546345219e348575eb80e9a0?s=96&d=mm&r=g","url":"https:\/\/secure.gravatar.com\/avatar\/37d968a2e67a6fd04c169c4bdef102d0bc5d31b2546345219e348575eb80e9a0?s=96&d=mm&r=g","contentUrl":"https:\/\/secure.gravatar.com\/avatar\/37d968a2e67a6fd04c169c4bdef102d0bc5d31b2546345219e348575eb80e9a0?s=96&d=mm&r=g","caption":"redazione"},"sameAs":["http:\/\/www.bellunopress.it","https:\/\/x.com\/bellunopress"],"url":"https:\/\/www.bellunopress.it\/fr\/author\/redazione\/"}]}},"_links":{"self":[{"href":"https:\/\/www.bellunopress.it\/fr\/wp-json\/wp\/v2\/posts\/142579","targetHints":{"allow":["GET"]}}],"collection":[{"href":"https:\/\/www.bellunopress.it\/fr\/wp-json\/wp\/v2\/posts"}],"about":[{"href":"https:\/\/www.bellunopress.it\/fr\/wp-json\/wp\/v2\/types\/post"}],"author":[{"embeddable":true,"href":"https:\/\/www.bellunopress.it\/fr\/wp-json\/wp\/v2\/users\/2"}],"replies":[{"embeddable":true,"href":"https:\/\/www.bellunopress.it\/fr\/wp-json\/wp\/v2\/comments?post=142579"}],"version-history":[{"count":1,"href":"https:\/\/www.bellunopress.it\/fr\/wp-json\/wp\/v2\/posts\/142579\/revisions"}],"predecessor-version":[{"id":142580,"href":"https:\/\/www.bellunopress.it\/fr\/wp-json\/wp\/v2\/posts\/142579\/revisions\/142580"}],"wp:featuredmedia":[{"embeddable":true,"href":"https:\/\/www.bellunopress.it\/fr\/wp-json\/wp\/v2\/media\/96015"}],"wp:attachment":[{"href":"https:\/\/www.bellunopress.it\/fr\/wp-json\/wp\/v2\/media?parent=142579"}],"wp:term":[{"taxonomy":"category","embeddable":true,"href":"https:\/\/www.bellunopress.it\/fr\/wp-json\/wp\/v2\/categories?post=142579"},{"taxonomy":"post_tag","embeddable":true,"href":"https:\/\/www.bellunopress.it\/fr\/wp-json\/wp\/v2\/tags?post=142579"}],"curies":[{"name":"wp","href":"https:\/\/api.w.org\/{rel}","templated":true}]}}