{"id":142400,"date":"2023-06-29T15:03:26","date_gmt":"2023-06-29T13:03:26","guid":{"rendered":"https:\/\/www.bellunopress.it\/?p=142400"},"modified":"2023-06-29T15:03:26","modified_gmt":"2023-06-29T13:03:26","slug":"ragazzi-speciali-in-volo-con-la-fly-therapy","status":"publish","type":"post","link":"https:\/\/www.bellunopress.it\/fr\/2023\/06\/29\/ragazzi-speciali-in-volo-con-la-fly-therapy\/","title":{"rendered":"Ragazzi speciali in volo con la fly therapy"},"content":{"rendered":"<p><img loading=\"lazy\" decoding=\"async\" class=\"alignleft size-full wp-image-142401\" src=\"https:\/\/www.bellunopress.it\/wp-content\/uploads\/2023\/06\/FLY-THERAPY_edited.jpg\" alt=\"\" width=\"887\" height=\"605\" srcset=\"https:\/\/www.bellunopress.it\/wp-content\/uploads\/2023\/06\/FLY-THERAPY_edited.jpg 887w, https:\/\/www.bellunopress.it\/wp-content\/uploads\/2023\/06\/FLY-THERAPY_edited-500x341.jpg 500w, https:\/\/www.bellunopress.it\/wp-content\/uploads\/2023\/06\/FLY-THERAPY_edited-218x150.jpg 218w, https:\/\/www.bellunopress.it\/wp-content\/uploads\/2023\/06\/FLY-THERAPY_edited-696x475.jpg 696w, https:\/\/www.bellunopress.it\/wp-content\/uploads\/2023\/06\/FLY-THERAPY_edited-616x420.jpg 616w\" sizes=\"auto, (max-width: 887px) 100vw, 887px\" \/>Sono stati i sorrisi, la gioia e le tante emozioni vissute da un gruppo di una ventina ragazzi e giovani \u2018\u2019speciali\u2019\u2019 che sabato 24 giugno mattina presso l\u2019aeroporto Dell\u2019Oro di Belluno, sono stati i protagonisti di una sessione di fly therapy, la terapia del volo, un evento anch\u2019esso speciale, organizzato grazie alla collaborazione e il contributo di diverse associazioni: la Fly Therapy Vol\u2019Ale ets, il distretto Lions 108 TA2 con il governatore Dario Angiolini, i Lions Club Feltre Host, Lions Club Cadore Dolomiti, Lions Club Primiero San Martino di Castrozza, Lions Club Feltre Castello di Alboino, Lions club Vittorio Veneto, Leo Club Feltre e le associazioni di volontariato e assistenza presenti nel territorio in cui gravitano i club.<\/p>\n<p>I ragazzi sono arrivati a Belluno da luoghi diversi della provincia, dal Cadore, dal Feltrino, dal Primiero e da Belluno stesso, uniti dall\u2019entusiasmo e dall\u2019allegria con una gran voglia di fare un\u2019esperienza unica e adrenalinica di volo con un areo anch\u2019esso speciale pilotato da piloti esperti e messo a disposizione dal team fly therapy Vol\u2019Ale Ets.<br \/>\nOgni volo, della durata di quindici minuti circa, \u00e8 stato per tutti un concentrato di sport, stupore, inclusione e amicizia.<\/p>\n<p>Lascia a terra i pensieri, porta in volo i sogni; questo il motto che ben riasssume il grande valore di questo service, come spiega Vincenzo Soverino presidente di Fly Therapy, un\u2019associazione nata a Forli 5 anni fa da un gruppo di amici appassionati del volo. L\u2019obiettivo della nostra associazione \u00e8 far provare l\u2019emozione del volo a questi ragazzi speciali, far loro vedere dal cielo un\u2019altra realt\u00e0. Lassu in alto ci si sente liberi, non ci sono quelle barriere mentali e fisiche con le quali dobbiamo confrontarci ogni giorno!<br \/>\nQuesto \u00e8 anche un evento di sensibilizzazione e dimostrazione che insieme, facendo gioco di squadra non ci sono diversit\u00e0, non ci sono differenze tra una persona disabile e una non disabile!<\/p>\n<p>Presenti le piu importanti autorit\u00e0 lionistiche del distretto e i presidenti dei club coinvolti.<br \/>\nIl primo cittadino di Belluno Oscar De Pellegrin ha portato il suo saluto di ringraziamento e gratitudine per avere a Belluno questo evento che rimarr\u00e0 un ricordo forte per tutti i partecipanti. Ritengo, ha proseguito il sindaco che questo \u00e8 un progetto nel quale si porta il sorriso ai ragazzi, alle loro famiglie ed accompagnatori. Il volo \u00e8 libert\u00e0, non ci sono barriere e ostacoli in cielo!<\/p>\n<p>Particolarmente soddisfatto il governatore Dario Angiolini; \u00e8 stata una esperienza emozionante e particolare. Siamo soddisfatti per essere riusciti a portare per la prima volta nel distretto Lions la fly therapy!<\/p>\n<p>E\u2019 stata una giornata intensa e dalle grandi emozioni per tutti, per i ragazzi speciali e per tutte le persone intervenute ha detto Federica Stien che per il club feltrino ha coordinato il service. Ci sono disabilit\u00e0 piu visibili, facile da riconoscere, altre invece che arrivano da disagi e difficolt\u00e0 che non conosciamo. Sono convinta che abbiamo dato a questi ragazzi speciali la possibilitt\u00e0 di vivere una esperienza unica anch\u2019essa speciale che ricorderanno per tutta la vita come hanno raccontato alcuni dopo essere atterrati!<\/p>\n<p>Ivano Da Canal 53 anni abita a Borgo Valbelluna (BL) costretto in carrozzina da ventanni a seguito di un incidente stradale. Mi \u00e8 piaciuto moltissimo volare, \u00e8 stato tutto belllissimo lass\u00f9! Mi sarebbe piaciuto rimanere in volo tutto il giorno! Al di l\u00e0 della disabilit\u00e0 nella vita dobbiamo cogliere tutti le opportunit\u00e0 che ci rendono felici e ci gratificano. Oggi mi sono sentito rigenerato e molto felice. Ringrazio chi mi ha dato questa possibilit\u00e0 di dare un senso alla mia vita!<\/p>\n<p>&nbsp;<\/p>\n<p>&nbsp;<\/p>\n<p>&nbsp;<\/p>","protected":false},"excerpt":{"rendered":"<p>Sono stati i sorrisi, la gioia e le tante emozioni vissute da un gruppo di una ventina ragazzi e giovani \u2018\u2019speciali\u2019\u2019 che sabato 24 giugno mattina presso l\u2019aeroporto Dell\u2019Oro di Belluno, sono stati i protagonisti di una sessione di fly therapy, la terapia del volo, un evento anch\u2019esso speciale, organizzato grazie alla collaborazione e il [&hellip;]<\/p>\n","protected":false},"author":2,"featured_media":142401,"comment_status":"closed","ping_status":"open","sticky":false,"template":"","format":"standard","meta":{"footnotes":""},"categories":[26,8],"tags":[],"class_list":["post-142400","post","type-post","status-publish","format-standard","has-post-thumbnail","category-prima-pagina","category-societa-istituzioni"],"yoast_head":"<!-- This site is optimized with the Yoast SEO plugin v28.4 - https:\/\/yoast.com\/product\/yoast-seo-wordpress\/ -->\n<title>Ragazzi speciali in volo con la fly therapy - Bellunopress - Dolomiti<\/title>\n<meta name=\"robots\" content=\"index, follow, max-snippet:-1, max-image-preview:large, max-video-preview:-1\" \/>\n<link rel=\"canonical\" href=\"https:\/\/www.bellunopress.it\/fr\/2023\/06\/29\/ragazzi-speciali-in-volo-con-la-fly-therapy\/\" \/>\n<meta property=\"og:locale\" content=\"fr_FR\" \/>\n<meta property=\"og:type\" content=\"article\" \/>\n<meta property=\"og:title\" content=\"Ragazzi speciali in volo con la fly therapy - Bellunopress - Dolomiti\" \/>\n<meta property=\"og:description\" content=\"Sono stati i sorrisi, la gioia e le tante emozioni vissute da un gruppo di una ventina ragazzi e giovani \u2018\u2019speciali\u2019\u2019 che sabato 24 giugno mattina presso l\u2019aeroporto Dell\u2019Oro di Belluno, sono stati i protagonisti di una sessione di fly therapy, la terapia del volo, un evento anch\u2019esso speciale, organizzato grazie alla collaborazione e il [&hellip;]\" \/>\n<meta property=\"og:url\" content=\"https:\/\/www.bellunopress.it\/fr\/2023\/06\/29\/ragazzi-speciali-in-volo-con-la-fly-therapy\/\" \/>\n<meta property=\"og:site_name\" content=\"Bellunopress - Dolomiti\" \/>\n<meta property=\"article:publisher\" content=\"https:\/\/www.facebook.com\/profile.php?id=100008943462799\" \/>\n<meta property=\"article:published_time\" content=\"2023-06-29T13:03:26+00:00\" \/>\n<meta property=\"og:image\" content=\"https:\/\/www.bellunopress.it\/wp-content\/uploads\/2023\/06\/FLY-THERAPY_edited.jpg\" \/>\n\t<meta property=\"og:image:width\" content=\"887\" \/>\n\t<meta property=\"og:image:height\" content=\"605\" \/>\n\t<meta property=\"og:image:type\" content=\"image\/jpeg\" \/>\n<meta name=\"author\" content=\"redazione\" \/>\n<meta name=\"twitter:card\" content=\"summary_large_image\" \/>\n<meta name=\"twitter:creator\" content=\"@bellunopress\" \/>\n<meta name=\"twitter:site\" content=\"@bellunopress\" \/>\n<meta name=\"twitter:label1\" content=\"\u00c9crit par\" \/>\n\t<meta name=\"twitter:data1\" content=\"redazione\" \/>\n\t<meta name=\"twitter:label2\" content=\"Dur\u00e9e de lecture estim\u00e9e\" \/>\n\t<meta name=\"twitter:data2\" content=\"4 minutes\" \/>\n<script type=\"application\/ld+json\" class=\"yoast-schema-graph\">{\"@context\":\"https:\\\/\\\/schema.org\",\"@graph\":[{\"@type\":\"Article\",\"@id\":\"https:\\\/\\\/www.bellunopress.it\\\/2023\\\/06\\\/29\\\/ragazzi-speciali-in-volo-con-la-fly-therapy\\\/#article\",\"isPartOf\":{\"@id\":\"https:\\\/\\\/www.bellunopress.it\\\/2023\\\/06\\\/29\\\/ragazzi-speciali-in-volo-con-la-fly-therapy\\\/\"},\"author\":{\"name\":\"redazione\",\"@id\":\"https:\\\/\\\/www.bellunopress.it\\\/#\\\/schema\\\/person\\\/79bb06722b37ece1c03d3e94beb30d73\"},\"headline\":\"Ragazzi speciali in volo con la fly therapy\",\"datePublished\":\"2023-06-29T13:03:26+00:00\",\"mainEntityOfPage\":{\"@id\":\"https:\\\/\\\/www.bellunopress.it\\\/2023\\\/06\\\/29\\\/ragazzi-speciali-in-volo-con-la-fly-therapy\\\/\"},\"wordCount\":602,\"publisher\":{\"@id\":\"https:\\\/\\\/www.bellunopress.it\\\/#organization\"},\"image\":{\"@id\":\"https:\\\/\\\/www.bellunopress.it\\\/2023\\\/06\\\/29\\\/ragazzi-speciali-in-volo-con-la-fly-therapy\\\/#primaryimage\"},\"thumbnailUrl\":\"https:\\\/\\\/www.bellunopress.it\\\/wp-content\\\/uploads\\\/2023\\\/06\\\/FLY-THERAPY_edited.jpg\",\"articleSection\":[\"Prima Pagina\",\"Societ\u00e0, Associazioni, Istituzioni\"],\"inLanguage\":\"fr-FR\"},{\"@type\":\"WebPage\",\"@id\":\"https:\\\/\\\/www.bellunopress.it\\\/2023\\\/06\\\/29\\\/ragazzi-speciali-in-volo-con-la-fly-therapy\\\/\",\"url\":\"https:\\\/\\\/www.bellunopress.it\\\/2023\\\/06\\\/29\\\/ragazzi-speciali-in-volo-con-la-fly-therapy\\\/\",\"name\":\"Ragazzi speciali in volo con la fly therapy - Bellunopress - Dolomiti\",\"isPartOf\":{\"@id\":\"https:\\\/\\\/www.bellunopress.it\\\/#website\"},\"primaryImageOfPage\":{\"@id\":\"https:\\\/\\\/www.bellunopress.it\\\/2023\\\/06\\\/29\\\/ragazzi-speciali-in-volo-con-la-fly-therapy\\\/#primaryimage\"},\"image\":{\"@id\":\"https:\\\/\\\/www.bellunopress.it\\\/2023\\\/06\\\/29\\\/ragazzi-speciali-in-volo-con-la-fly-therapy\\\/#primaryimage\"},\"thumbnailUrl\":\"https:\\\/\\\/www.bellunopress.it\\\/wp-content\\\/uploads\\\/2023\\\/06\\\/FLY-THERAPY_edited.jpg\",\"datePublished\":\"2023-06-29T13:03:26+00:00\",\"breadcrumb\":{\"@id\":\"https:\\\/\\\/www.bellunopress.it\\\/2023\\\/06\\\/29\\\/ragazzi-speciali-in-volo-con-la-fly-therapy\\\/#breadcrumb\"},\"inLanguage\":\"fr-FR\",\"potentialAction\":[{\"@type\":\"ReadAction\",\"target\":[\"https:\\\/\\\/www.bellunopress.it\\\/2023\\\/06\\\/29\\\/ragazzi-speciali-in-volo-con-la-fly-therapy\\\/\"]}]},{\"@type\":\"ImageObject\",\"inLanguage\":\"fr-FR\",\"@id\":\"https:\\\/\\\/www.bellunopress.it\\\/2023\\\/06\\\/29\\\/ragazzi-speciali-in-volo-con-la-fly-therapy\\\/#primaryimage\",\"url\":\"https:\\\/\\\/www.bellunopress.it\\\/wp-content\\\/uploads\\\/2023\\\/06\\\/FLY-THERAPY_edited.jpg\",\"contentUrl\":\"https:\\\/\\\/www.bellunopress.it\\\/wp-content\\\/uploads\\\/2023\\\/06\\\/FLY-THERAPY_edited.jpg\",\"width\":887,\"height\":605},{\"@type\":\"BreadcrumbList\",\"@id\":\"https:\\\/\\\/www.bellunopress.it\\\/2023\\\/06\\\/29\\\/ragazzi-speciali-in-volo-con-la-fly-therapy\\\/#breadcrumb\",\"itemListElement\":[{\"@type\":\"ListItem\",\"position\":1,\"name\":\"Home\",\"item\":\"https:\\\/\\\/www.bellunopress.it\\\/\"},{\"@type\":\"ListItem\",\"position\":2,\"name\":\"Ragazzi speciali in volo con la fly therapy\"}]},{\"@type\":\"WebSite\",\"@id\":\"https:\\\/\\\/www.bellunopress.it\\\/#website\",\"url\":\"https:\\\/\\\/www.bellunopress.it\\\/\",\"name\":\"Bellunopress - Dolomiti\",\"description\":\"e-mail: redazione@bellunopress.it\",\"publisher\":{\"@id\":\"https:\\\/\\\/www.bellunopress.it\\\/#organization\"},\"potentialAction\":[{\"@type\":\"SearchAction\",\"target\":{\"@type\":\"EntryPoint\",\"urlTemplate\":\"https:\\\/\\\/www.bellunopress.it\\\/?s={search_term_string}\"},\"query-input\":{\"@type\":\"PropertyValueSpecification\",\"valueRequired\":true,\"valueName\":\"search_term_string\"}}],\"inLanguage\":\"fr-FR\"},{\"@type\":\"Organization\",\"@id\":\"https:\\\/\\\/www.bellunopress.it\\\/#organization\",\"name\":\"Bellunopress\",\"url\":\"https:\\\/\\\/www.bellunopress.it\\\/\",\"logo\":{\"@type\":\"ImageObject\",\"inLanguage\":\"fr-FR\",\"@id\":\"https:\\\/\\\/www.bellunopress.it\\\/#\\\/schema\\\/logo\\\/image\\\/\",\"url\":\"https:\\\/\\\/www.bellunopress.it\\\/wp-content\\\/uploads\\\/2011\\\/05\\\/cropped-logo-bellunopress-.jpg\",\"contentUrl\":\"https:\\\/\\\/www.bellunopress.it\\\/wp-content\\\/uploads\\\/2011\\\/05\\\/cropped-logo-bellunopress-.jpg\",\"width\":512,\"height\":512,\"caption\":\"Bellunopress\"},\"image\":{\"@id\":\"https:\\\/\\\/www.bellunopress.it\\\/#\\\/schema\\\/logo\\\/image\\\/\"},\"sameAs\":[\"https:\\\/\\\/www.facebook.com\\\/profile.php?id=100008943462799\",\"https:\\\/\\\/x.com\\\/bellunopress\",\"https:\\\/\\\/www.linkedin.com\\\/hp\\\/?dnr=JBzUWaJfMUw8vbXJJ2tVW5-I3jZKvC4wsoxE&amp;amp;amp;amp;amp;amp;trk=nav_responsive_tab_home\",\"https:\\\/\\\/www.youtube.com\\\/channel\\\/UCxL0wu1uN0_3_7hGG0306cw\"]},{\"@type\":\"Person\",\"@id\":\"https:\\\/\\\/www.bellunopress.it\\\/#\\\/schema\\\/person\\\/79bb06722b37ece1c03d3e94beb30d73\",\"name\":\"redazione\",\"image\":{\"@type\":\"ImageObject\",\"inLanguage\":\"fr-FR\",\"@id\":\"https:\\\/\\\/secure.gravatar.com\\\/avatar\\\/37d968a2e67a6fd04c169c4bdef102d0bc5d31b2546345219e348575eb80e9a0?s=96&d=mm&r=g\",\"url\":\"https:\\\/\\\/secure.gravatar.com\\\/avatar\\\/37d968a2e67a6fd04c169c4bdef102d0bc5d31b2546345219e348575eb80e9a0?s=96&d=mm&r=g\",\"contentUrl\":\"https:\\\/\\\/secure.gravatar.com\\\/avatar\\\/37d968a2e67a6fd04c169c4bdef102d0bc5d31b2546345219e348575eb80e9a0?s=96&d=mm&r=g\",\"caption\":\"redazione\"},\"sameAs\":[\"http:\\\/\\\/www.bellunopress.it\",\"https:\\\/\\\/x.com\\\/bellunopress\"],\"url\":\"https:\\\/\\\/www.bellunopress.it\\\/fr\\\/author\\\/redazione\\\/\"}]}<\/script>\n<!-- \/ Yoast SEO plugin. -->","yoast_head_json":{"title":"Ragazzi speciali in volo con la fly therapy - Bellunopress - Dolomiti","robots":{"index":"index","follow":"follow","max-snippet":"max-snippet:-1","max-image-preview":"max-image-preview:large","max-video-preview":"max-video-preview:-1"},"canonical":"https:\/\/www.bellunopress.it\/fr\/2023\/06\/29\/ragazzi-speciali-in-volo-con-la-fly-therapy\/","og_locale":"fr_FR","og_type":"article","og_title":"Ragazzi speciali in volo con la fly therapy - Bellunopress - Dolomiti","og_description":"Sono stati i sorrisi, la gioia e le tante emozioni vissute da un gruppo di una ventina ragazzi e giovani \u2018\u2019speciali\u2019\u2019 che sabato 24 giugno mattina presso l\u2019aeroporto Dell\u2019Oro di Belluno, sono stati i protagonisti di una sessione di fly therapy, la terapia del volo, un evento anch\u2019esso speciale, organizzato grazie alla collaborazione e il [&hellip;]","og_url":"https:\/\/www.bellunopress.it\/fr\/2023\/06\/29\/ragazzi-speciali-in-volo-con-la-fly-therapy\/","og_site_name":"Bellunopress - Dolomiti","article_publisher":"https:\/\/www.facebook.com\/profile.php?id=100008943462799","article_published_time":"2023-06-29T13:03:26+00:00","og_image":[{"width":887,"height":605,"url":"https:\/\/www.bellunopress.it\/wp-content\/uploads\/2023\/06\/FLY-THERAPY_edited.jpg","type":"image\/jpeg"}],"author":"redazione","twitter_card":"summary_large_image","twitter_creator":"@bellunopress","twitter_site":"@bellunopress","twitter_misc":{"\u00c9crit par":"redazione","Dur\u00e9e de lecture estim\u00e9e":"4 minutes"},"schema":{"@context":"https:\/\/schema.org","@graph":[{"@type":"Article","@id":"https:\/\/www.bellunopress.it\/2023\/06\/29\/ragazzi-speciali-in-volo-con-la-fly-therapy\/#article","isPartOf":{"@id":"https:\/\/www.bellunopress.it\/2023\/06\/29\/ragazzi-speciali-in-volo-con-la-fly-therapy\/"},"author":{"name":"redazione","@id":"https:\/\/www.bellunopress.it\/#\/schema\/person\/79bb06722b37ece1c03d3e94beb30d73"},"headline":"Ragazzi speciali in volo con la fly therapy","datePublished":"2023-06-29T13:03:26+00:00","mainEntityOfPage":{"@id":"https:\/\/www.bellunopress.it\/2023\/06\/29\/ragazzi-speciali-in-volo-con-la-fly-therapy\/"},"wordCount":602,"publisher":{"@id":"https:\/\/www.bellunopress.it\/#organization"},"image":{"@id":"https:\/\/www.bellunopress.it\/2023\/06\/29\/ragazzi-speciali-in-volo-con-la-fly-therapy\/#primaryimage"},"thumbnailUrl":"https:\/\/www.bellunopress.it\/wp-content\/uploads\/2023\/06\/FLY-THERAPY_edited.jpg","articleSection":["Prima Pagina","Societ\u00e0, Associazioni, Istituzioni"],"inLanguage":"fr-FR"},{"@type":"WebPage","@id":"https:\/\/www.bellunopress.it\/2023\/06\/29\/ragazzi-speciali-in-volo-con-la-fly-therapy\/","url":"https:\/\/www.bellunopress.it\/2023\/06\/29\/ragazzi-speciali-in-volo-con-la-fly-therapy\/","name":"Ragazzi speciali in volo con la fly therapy - Bellunopress - Dolomiti","isPartOf":{"@id":"https:\/\/www.bellunopress.it\/#website"},"primaryImageOfPage":{"@id":"https:\/\/www.bellunopress.it\/2023\/06\/29\/ragazzi-speciali-in-volo-con-la-fly-therapy\/#primaryimage"},"image":{"@id":"https:\/\/www.bellunopress.it\/2023\/06\/29\/ragazzi-speciali-in-volo-con-la-fly-therapy\/#primaryimage"},"thumbnailUrl":"https:\/\/www.bellunopress.it\/wp-content\/uploads\/2023\/06\/FLY-THERAPY_edited.jpg","datePublished":"2023-06-29T13:03:26+00:00","breadcrumb":{"@id":"https:\/\/www.bellunopress.it\/2023\/06\/29\/ragazzi-speciali-in-volo-con-la-fly-therapy\/#breadcrumb"},"inLanguage":"fr-FR","potentialAction":[{"@type":"ReadAction","target":["https:\/\/www.bellunopress.it\/2023\/06\/29\/ragazzi-speciali-in-volo-con-la-fly-therapy\/"]}]},{"@type":"ImageObject","inLanguage":"fr-FR","@id":"https:\/\/www.bellunopress.it\/2023\/06\/29\/ragazzi-speciali-in-volo-con-la-fly-therapy\/#primaryimage","url":"https:\/\/www.bellunopress.it\/wp-content\/uploads\/2023\/06\/FLY-THERAPY_edited.jpg","contentUrl":"https:\/\/www.bellunopress.it\/wp-content\/uploads\/2023\/06\/FLY-THERAPY_edited.jpg","width":887,"height":605},{"@type":"BreadcrumbList","@id":"https:\/\/www.bellunopress.it\/2023\/06\/29\/ragazzi-speciali-in-volo-con-la-fly-therapy\/#breadcrumb","itemListElement":[{"@type":"ListItem","position":1,"name":"Home","item":"https:\/\/www.bellunopress.it\/"},{"@type":"ListItem","position":2,"name":"Ragazzi speciali in volo con la fly therapy"}]},{"@type":"WebSite","@id":"https:\/\/www.bellunopress.it\/#website","url":"https:\/\/www.bellunopress.it\/","name":"Bellunopress - Dolomiti","description":"e-mail: redazione@bellunopress.it","publisher":{"@id":"https:\/\/www.bellunopress.it\/#organization"},"potentialAction":[{"@type":"SearchAction","target":{"@type":"EntryPoint","urlTemplate":"https:\/\/www.bellunopress.it\/?s={search_term_string}"},"query-input":{"@type":"PropertyValueSpecification","valueRequired":true,"valueName":"search_term_string"}}],"inLanguage":"fr-FR"},{"@type":"Organization","@id":"https:\/\/www.bellunopress.it\/#organization","name":"Bellunopress","url":"https:\/\/www.bellunopress.it\/","logo":{"@type":"ImageObject","inLanguage":"fr-FR","@id":"https:\/\/www.bellunopress.it\/#\/schema\/logo\/image\/","url":"https:\/\/www.bellunopress.it\/wp-content\/uploads\/2011\/05\/cropped-logo-bellunopress-.jpg","contentUrl":"https:\/\/www.bellunopress.it\/wp-content\/uploads\/2011\/05\/cropped-logo-bellunopress-.jpg","width":512,"height":512,"caption":"Bellunopress"},"image":{"@id":"https:\/\/www.bellunopress.it\/#\/schema\/logo\/image\/"},"sameAs":["https:\/\/www.facebook.com\/profile.php?id=100008943462799","https:\/\/x.com\/bellunopress","https:\/\/www.linkedin.com\/hp\/?dnr=JBzUWaJfMUw8vbXJJ2tVW5-I3jZKvC4wsoxE&amp;amp;amp;amp;amp;amp;trk=nav_responsive_tab_home","https:\/\/www.youtube.com\/channel\/UCxL0wu1uN0_3_7hGG0306cw"]},{"@type":"Person","@id":"https:\/\/www.bellunopress.it\/#\/schema\/person\/79bb06722b37ece1c03d3e94beb30d73","name":"r\u00e9daction","image":{"@type":"ImageObject","inLanguage":"fr-FR","@id":"https:\/\/secure.gravatar.com\/avatar\/37d968a2e67a6fd04c169c4bdef102d0bc5d31b2546345219e348575eb80e9a0?s=96&d=mm&r=g","url":"https:\/\/secure.gravatar.com\/avatar\/37d968a2e67a6fd04c169c4bdef102d0bc5d31b2546345219e348575eb80e9a0?s=96&d=mm&r=g","contentUrl":"https:\/\/secure.gravatar.com\/avatar\/37d968a2e67a6fd04c169c4bdef102d0bc5d31b2546345219e348575eb80e9a0?s=96&d=mm&r=g","caption":"redazione"},"sameAs":["http:\/\/www.bellunopress.it","https:\/\/x.com\/bellunopress"],"url":"https:\/\/www.bellunopress.it\/fr\/author\/redazione\/"}]}},"_links":{"self":[{"href":"https:\/\/www.bellunopress.it\/fr\/wp-json\/wp\/v2\/posts\/142400","targetHints":{"allow":["GET"]}}],"collection":[{"href":"https:\/\/www.bellunopress.it\/fr\/wp-json\/wp\/v2\/posts"}],"about":[{"href":"https:\/\/www.bellunopress.it\/fr\/wp-json\/wp\/v2\/types\/post"}],"author":[{"embeddable":true,"href":"https:\/\/www.bellunopress.it\/fr\/wp-json\/wp\/v2\/users\/2"}],"replies":[{"embeddable":true,"href":"https:\/\/www.bellunopress.it\/fr\/wp-json\/wp\/v2\/comments?post=142400"}],"version-history":[{"count":1,"href":"https:\/\/www.bellunopress.it\/fr\/wp-json\/wp\/v2\/posts\/142400\/revisions"}],"predecessor-version":[{"id":142402,"href":"https:\/\/www.bellunopress.it\/fr\/wp-json\/wp\/v2\/posts\/142400\/revisions\/142402"}],"wp:featuredmedia":[{"embeddable":true,"href":"https:\/\/www.bellunopress.it\/fr\/wp-json\/wp\/v2\/media\/142401"}],"wp:attachment":[{"href":"https:\/\/www.bellunopress.it\/fr\/wp-json\/wp\/v2\/media?parent=142400"}],"wp:term":[{"taxonomy":"category","embeddable":true,"href":"https:\/\/www.bellunopress.it\/fr\/wp-json\/wp\/v2\/categories?post=142400"},{"taxonomy":"post_tag","embeddable":true,"href":"https:\/\/www.bellunopress.it\/fr\/wp-json\/wp\/v2\/tags?post=142400"}],"curies":[{"name":"wp","href":"https:\/\/api.w.org\/{rel}","templated":true}]}}