{"id":142398,"date":"2023-06-29T14:56:49","date_gmt":"2023-06-29T12:56:49","guid":{"rendered":"https:\/\/www.bellunopress.it\/?p=142398"},"modified":"2023-06-29T14:56:49","modified_gmt":"2023-06-29T12:56:49","slug":"premio-cortina-2023-i-vincitori-giuliano-da-empoli-e-franco-faggiani-le-premiazioni-sabato-26-agosto","status":"publish","type":"post","link":"https:\/\/www.bellunopress.it\/fr\/2023\/06\/29\/premio-cortina-2023-i-vincitori-giuliano-da-empoli-e-franco-faggiani-le-premiazioni-sabato-26-agosto\/","title":{"rendered":"Premio Cortina 2023, i vincitori: Giuliano da Empoli e Franco Faggiani. Le premiazioni sabato 26 agosto"},"content":{"rendered":"<p><img loading=\"lazy\" decoding=\"async\" class=\"alignleft size-full wp-image-79519\" src=\"https:\/\/www.bellunopress.it\/wp-content\/uploads\/2016\/07\/premio-cortina.jpg\" alt=\"\" width=\"400\" height=\"145\" \/>Cortina d&#8217;Ampezzo, 29 giugno 2023 &#8211;\u00a0 In attesa dell&#8217;inaugurazione di Una Montagna di Libri, festa internazionale della letteratura di Cortina d&#8217;Ampezzo in programma a luglio e agosto e nell&#8217;autunno, sono appena stati proclamati i libri vincitori del Premio Cortina d&#8217;Ampezzo. \u00c8 &#8220;Il mago del Cremlino&#8221;, il romanzo di Giuliano da Empoli, pubblicato da Mondadori, il vincitore della Tredicesima Edizione del Premio Cortina d&#8217;Ampezzo. Mentre il Premio della Montagna Cortina d&#8217;Ampezzo, anch&#8217;esso proclamato oggi, va a &#8220;L&#8217;inventario delle nuvole&#8221; di Franco Faggiani, pubblicato da Fazi.<\/p>\n<p>Sono i due vincitori assoluti del riconoscimento letterario intitolato alla Regina delle Dolomiti.<\/p>\n<p><strong>Premio Cortina 2023 a Giuliano da Empoli: &#8220;Il primo premio italiano a riconoscere il romanzo italiano pi\u00f9 amato all&#8217;estero nell&#8217;ultimo anno&#8221;<\/strong><\/p>\n<p>Vince il Premio Cortina Giuliano da Empoli con il romanzo &#8220;Il mago del Cremlino&#8221; (Mondadori). Il ritratto dell&#8217;immaginario Vadim Baranov, che racconta gli uomini e le vicende che hanno accompagnato la trasformazione di un anonimo funzionario del Kgb nell&#8217;inesorabile Zar di oggi. In attesa di conoscere, a fine agosto, le motivazioni del Premio, il Presidente della Giuria Gian Arturo Ferrari commenta: &#8220;il Cortina \u00e8 il primo premio italiano a riconoscere il valore eccellente di un romanzo, quello di da Empoli, che \u00e8 stato tra i pi\u00f9 amati fuori d&#8217;Italia nell&#8217;ultimo anno&#8221;. Per molti mesi in cima alle classifiche in Francia, vincitore del Gran Prix du Roman dell&#8217;Acad\u00e9mie Fran\u00e7aise, il romanzo di da Empoli si concentra su un personaggio ispirato a una figura realmente esistente, lontano da come ci immaginiamo possa essere un consigliere di Putin: un uomo colto ma anche un manipolatore senza scrupoli. Una radiografia implacabile del sistema russo, tra cortigiani, oligarchi, esuli braccati, escort, killer, Il mago del Cremlino racconta la favola pi\u00f9 tremenda di tutte: quella di un potere spietato, per il quale la violenza \u2013 come l&#8217;attualit\u00e0 ci ricorda tragicamente \u2013 costituisce l&#8217;unico orizzonte di sopravvivenza possibile.<\/p>\n<p><strong>Premio della Montagna Cortina 2023 a Franco Faggiani: &#8220;Storia commovente delle Alpi di ieri, riconoscimento a un autore che si \u00e8 distinto nel racconto della montagna&#8221;<\/strong><\/p>\n<p>I Giurati del Premio della Montagna hanno premiato il libro di Franco Faggiani, &#8220;L&#8217;inventario delle nuvole&#8221; (Fazi). Una storia commovente delle Alpi di ieri, ma anche il riconoscimento ad un autore, gi\u00e0 finalista del Premio nel 2018, che in questi anni si \u00e8 distinto nel racconto della montagna, attraverso svariate prove narrative. Attraverso la storia di Giacomo Cordero, che nel 1915 abita in Val Maira con la famiglia e che all&#8217;ingresso dell&#8217;Italia in guerra \u00e8 esonerato dal servizio militare, Franco Faggiani ricostruisce con straordinaria cura dei dettagli un paesaggio particolare e un mestiere insolito che molti ancora ricordano. Nel romanzo vengono ripercorsi gli itinerari segreti dei raccoglitori di capelli delle valli cuneesi, che, seguendo le vie di questo singolare commercio, scavalcavano le Alpi e arrivavano fino in Francia.<\/p>\n<p>Due giurie di eccellenza hanno lavorato nelle scorse giornate per consegnare il risultato. La prima a riunirsi \u00e8 stata la giuria del Premio Cortina, guidata da Gian Arturo Ferrari, con Camilla Baresani, Paolo Mieli, Gennaro Sangiuliano, Vera Slepoj presidente onorario del Premio, Dino Tabacchi, Giuseppe Zaccaria.<\/p>\n<p>A seguire si \u00e8 riunita la giuria del Premio della Montagna, presieduta da Marina Valensise, insieme ad Angela Alberti, Marco Ghedina, Roberto Santachiara, la Famiglia Sovilla, Clelia Tabacchi Sabella.<br \/>\nResponsabile del Premio \u00e8 Francesco Chiamulera.<\/p>\n<p>La finale<\/p>\n<p>La serata culminante del Premio \u00e8 fissata per sabato 26 agosto 2023, alle ore 18, con la cerimonia di proclamazione, la lettura completa delle motivazioni e l&#8217;incontro con i vincitori, che racconteranno le proprie opere presso l&#8217;Alexander Girardi Hall di Cortina d&#8217;Ampezzo.<\/p>\n<p>Per maggiori informazioni: unamontagnadilibri.it.<\/p>\n<p>&nbsp;<\/p>","protected":false},"excerpt":{"rendered":"<p>Cortina d&#8217;Ampezzo, 29 giugno 2023 &#8211;\u00a0 In attesa dell&#8217;inaugurazione di Una Montagna di Libri, festa internazionale della letteratura di Cortina d&#8217;Ampezzo in programma a luglio e agosto e nell&#8217;autunno, sono appena stati proclamati i libri vincitori del Premio Cortina d&#8217;Ampezzo. \u00c8 &#8220;Il mago del Cremlino&#8221;, il romanzo di Giuliano da Empoli, pubblicato da Mondadori, il [&hellip;]<\/p>\n","protected":false},"author":2,"featured_media":140852,"comment_status":"closed","ping_status":"open","sticky":false,"template":"","format":"standard","meta":{"footnotes":""},"categories":[27,3],"tags":[],"class_list":["post-142398","post","type-post","status-publish","format-standard","has-post-thumbnail","category-appuntamenti","category-arte-cultura-spettacoli-scienza-archivi"],"yoast_head":"<!-- This site is optimized with the Yoast SEO plugin v28.4 - https:\/\/yoast.com\/product\/yoast-seo-wordpress\/ -->\n<title>Premio Cortina 2023, i vincitori: Giuliano da Empoli e Franco Faggiani. Le premiazioni sabato 26 agosto - Bellunopress - Dolomiti<\/title>\n<meta name=\"robots\" content=\"index, follow, max-snippet:-1, max-image-preview:large, max-video-preview:-1\" \/>\n<link rel=\"canonical\" href=\"https:\/\/www.bellunopress.it\/fr\/2023\/06\/29\/premio-cortina-2023-i-vincitori-giuliano-da-empoli-e-franco-faggiani-le-premiazioni-sabato-26-agosto\/\" \/>\n<meta property=\"og:locale\" content=\"fr_FR\" \/>\n<meta property=\"og:type\" content=\"article\" \/>\n<meta property=\"og:title\" content=\"Premio Cortina 2023, i vincitori: Giuliano da Empoli e Franco Faggiani. Le premiazioni sabato 26 agosto - Bellunopress - Dolomiti\" \/>\n<meta property=\"og:description\" content=\"Cortina d&#8217;Ampezzo, 29 giugno 2023 &#8211;\u00a0 In attesa dell&#8217;inaugurazione di Una Montagna di Libri, festa internazionale della letteratura di Cortina d&#8217;Ampezzo in programma a luglio e agosto e nell&#8217;autunno, sono appena stati proclamati i libri vincitori del Premio Cortina d&#8217;Ampezzo. \u00c8 &#8220;Il mago del Cremlino&#8221;, il romanzo di Giuliano da Empoli, pubblicato da Mondadori, il [&hellip;]\" \/>\n<meta property=\"og:url\" content=\"https:\/\/www.bellunopress.it\/fr\/2023\/06\/29\/premio-cortina-2023-i-vincitori-giuliano-da-empoli-e-franco-faggiani-le-premiazioni-sabato-26-agosto\/\" \/>\n<meta property=\"og:site_name\" content=\"Bellunopress - Dolomiti\" \/>\n<meta property=\"article:publisher\" content=\"https:\/\/www.facebook.com\/profile.php?id=100008943462799\" \/>\n<meta property=\"article:published_time\" content=\"2023-06-29T12:56:49+00:00\" \/>\n<meta property=\"og:image\" content=\"https:\/\/www.bellunopress.it\/wp-content\/uploads\/2023\/04\/Cortina-.jpg\" \/>\n\t<meta property=\"og:image:width\" content=\"802\" \/>\n\t<meta property=\"og:image:height\" content=\"1000\" \/>\n\t<meta property=\"og:image:type\" content=\"image\/jpeg\" \/>\n<meta name=\"author\" content=\"redazione\" \/>\n<meta name=\"twitter:card\" content=\"summary_large_image\" \/>\n<meta name=\"twitter:creator\" content=\"@bellunopress\" \/>\n<meta name=\"twitter:site\" content=\"@bellunopress\" \/>\n<meta name=\"twitter:label1\" content=\"\u00c9crit par\" \/>\n\t<meta name=\"twitter:data1\" content=\"redazione\" \/>\n\t<meta name=\"twitter:label2\" content=\"Dur\u00e9e de lecture estim\u00e9e\" \/>\n\t<meta name=\"twitter:data2\" content=\"4 minutes\" \/>\n<script type=\"application\/ld+json\" class=\"yoast-schema-graph\">{\"@context\":\"https:\\\/\\\/schema.org\",\"@graph\":[{\"@type\":\"Article\",\"@id\":\"https:\\\/\\\/www.bellunopress.it\\\/2023\\\/06\\\/29\\\/premio-cortina-2023-i-vincitori-giuliano-da-empoli-e-franco-faggiani-le-premiazioni-sabato-26-agosto\\\/#article\",\"isPartOf\":{\"@id\":\"https:\\\/\\\/www.bellunopress.it\\\/2023\\\/06\\\/29\\\/premio-cortina-2023-i-vincitori-giuliano-da-empoli-e-franco-faggiani-le-premiazioni-sabato-26-agosto\\\/\"},\"author\":{\"name\":\"redazione\",\"@id\":\"https:\\\/\\\/www.bellunopress.it\\\/#\\\/schema\\\/person\\\/79bb06722b37ece1c03d3e94beb30d73\"},\"headline\":\"Premio Cortina 2023, i vincitori: Giuliano da Empoli e Franco Faggiani. Le premiazioni sabato 26 agosto\",\"datePublished\":\"2023-06-29T12:56:49+00:00\",\"mainEntityOfPage\":{\"@id\":\"https:\\\/\\\/www.bellunopress.it\\\/2023\\\/06\\\/29\\\/premio-cortina-2023-i-vincitori-giuliano-da-empoli-e-franco-faggiani-le-premiazioni-sabato-26-agosto\\\/\"},\"wordCount\":613,\"publisher\":{\"@id\":\"https:\\\/\\\/www.bellunopress.it\\\/#organization\"},\"image\":{\"@id\":\"https:\\\/\\\/www.bellunopress.it\\\/2023\\\/06\\\/29\\\/premio-cortina-2023-i-vincitori-giuliano-da-empoli-e-franco-faggiani-le-premiazioni-sabato-26-agosto\\\/#primaryimage\"},\"thumbnailUrl\":\"https:\\\/\\\/www.bellunopress.it\\\/wp-content\\\/uploads\\\/2023\\\/04\\\/Cortina-.jpg\",\"articleSection\":[\"Appuntamenti, Eventi\",\"Arte, Cultura, Spettacoli, Scienza\"],\"inLanguage\":\"fr-FR\"},{\"@type\":\"WebPage\",\"@id\":\"https:\\\/\\\/www.bellunopress.it\\\/2023\\\/06\\\/29\\\/premio-cortina-2023-i-vincitori-giuliano-da-empoli-e-franco-faggiani-le-premiazioni-sabato-26-agosto\\\/\",\"url\":\"https:\\\/\\\/www.bellunopress.it\\\/2023\\\/06\\\/29\\\/premio-cortina-2023-i-vincitori-giuliano-da-empoli-e-franco-faggiani-le-premiazioni-sabato-26-agosto\\\/\",\"name\":\"Premio Cortina 2023, i vincitori: Giuliano da Empoli e Franco Faggiani. Le premiazioni sabato 26 agosto - Bellunopress - Dolomiti\",\"isPartOf\":{\"@id\":\"https:\\\/\\\/www.bellunopress.it\\\/#website\"},\"primaryImageOfPage\":{\"@id\":\"https:\\\/\\\/www.bellunopress.it\\\/2023\\\/06\\\/29\\\/premio-cortina-2023-i-vincitori-giuliano-da-empoli-e-franco-faggiani-le-premiazioni-sabato-26-agosto\\\/#primaryimage\"},\"image\":{\"@id\":\"https:\\\/\\\/www.bellunopress.it\\\/2023\\\/06\\\/29\\\/premio-cortina-2023-i-vincitori-giuliano-da-empoli-e-franco-faggiani-le-premiazioni-sabato-26-agosto\\\/#primaryimage\"},\"thumbnailUrl\":\"https:\\\/\\\/www.bellunopress.it\\\/wp-content\\\/uploads\\\/2023\\\/04\\\/Cortina-.jpg\",\"datePublished\":\"2023-06-29T12:56:49+00:00\",\"breadcrumb\":{\"@id\":\"https:\\\/\\\/www.bellunopress.it\\\/2023\\\/06\\\/29\\\/premio-cortina-2023-i-vincitori-giuliano-da-empoli-e-franco-faggiani-le-premiazioni-sabato-26-agosto\\\/#breadcrumb\"},\"inLanguage\":\"fr-FR\",\"potentialAction\":[{\"@type\":\"ReadAction\",\"target\":[\"https:\\\/\\\/www.bellunopress.it\\\/2023\\\/06\\\/29\\\/premio-cortina-2023-i-vincitori-giuliano-da-empoli-e-franco-faggiani-le-premiazioni-sabato-26-agosto\\\/\"]}]},{\"@type\":\"ImageObject\",\"inLanguage\":\"fr-FR\",\"@id\":\"https:\\\/\\\/www.bellunopress.it\\\/2023\\\/06\\\/29\\\/premio-cortina-2023-i-vincitori-giuliano-da-empoli-e-franco-faggiani-le-premiazioni-sabato-26-agosto\\\/#primaryimage\",\"url\":\"https:\\\/\\\/www.bellunopress.it\\\/wp-content\\\/uploads\\\/2023\\\/04\\\/Cortina-.jpg\",\"contentUrl\":\"https:\\\/\\\/www.bellunopress.it\\\/wp-content\\\/uploads\\\/2023\\\/04\\\/Cortina-.jpg\",\"width\":802,\"height\":1000},{\"@type\":\"BreadcrumbList\",\"@id\":\"https:\\\/\\\/www.bellunopress.it\\\/2023\\\/06\\\/29\\\/premio-cortina-2023-i-vincitori-giuliano-da-empoli-e-franco-faggiani-le-premiazioni-sabato-26-agosto\\\/#breadcrumb\",\"itemListElement\":[{\"@type\":\"ListItem\",\"position\":1,\"name\":\"Home\",\"item\":\"https:\\\/\\\/www.bellunopress.it\\\/\"},{\"@type\":\"ListItem\",\"position\":2,\"name\":\"Premio Cortina 2023, i vincitori: Giuliano da Empoli e Franco Faggiani. Le premiazioni sabato 26 agosto\"}]},{\"@type\":\"WebSite\",\"@id\":\"https:\\\/\\\/www.bellunopress.it\\\/#website\",\"url\":\"https:\\\/\\\/www.bellunopress.it\\\/\",\"name\":\"Bellunopress - Dolomiti\",\"description\":\"e-mail: redazione@bellunopress.it\",\"publisher\":{\"@id\":\"https:\\\/\\\/www.bellunopress.it\\\/#organization\"},\"potentialAction\":[{\"@type\":\"SearchAction\",\"target\":{\"@type\":\"EntryPoint\",\"urlTemplate\":\"https:\\\/\\\/www.bellunopress.it\\\/?s={search_term_string}\"},\"query-input\":{\"@type\":\"PropertyValueSpecification\",\"valueRequired\":true,\"valueName\":\"search_term_string\"}}],\"inLanguage\":\"fr-FR\"},{\"@type\":\"Organization\",\"@id\":\"https:\\\/\\\/www.bellunopress.it\\\/#organization\",\"name\":\"Bellunopress\",\"url\":\"https:\\\/\\\/www.bellunopress.it\\\/\",\"logo\":{\"@type\":\"ImageObject\",\"inLanguage\":\"fr-FR\",\"@id\":\"https:\\\/\\\/www.bellunopress.it\\\/#\\\/schema\\\/logo\\\/image\\\/\",\"url\":\"https:\\\/\\\/www.bellunopress.it\\\/wp-content\\\/uploads\\\/2011\\\/05\\\/cropped-logo-bellunopress-.jpg\",\"contentUrl\":\"https:\\\/\\\/www.bellunopress.it\\\/wp-content\\\/uploads\\\/2011\\\/05\\\/cropped-logo-bellunopress-.jpg\",\"width\":512,\"height\":512,\"caption\":\"Bellunopress\"},\"image\":{\"@id\":\"https:\\\/\\\/www.bellunopress.it\\\/#\\\/schema\\\/logo\\\/image\\\/\"},\"sameAs\":[\"https:\\\/\\\/www.facebook.com\\\/profile.php?id=100008943462799\",\"https:\\\/\\\/x.com\\\/bellunopress\",\"https:\\\/\\\/www.linkedin.com\\\/hp\\\/?dnr=JBzUWaJfMUw8vbXJJ2tVW5-I3jZKvC4wsoxE&amp;amp;amp;amp;amp;amp;trk=nav_responsive_tab_home\",\"https:\\\/\\\/www.youtube.com\\\/channel\\\/UCxL0wu1uN0_3_7hGG0306cw\"]},{\"@type\":\"Person\",\"@id\":\"https:\\\/\\\/www.bellunopress.it\\\/#\\\/schema\\\/person\\\/79bb06722b37ece1c03d3e94beb30d73\",\"name\":\"redazione\",\"image\":{\"@type\":\"ImageObject\",\"inLanguage\":\"fr-FR\",\"@id\":\"https:\\\/\\\/secure.gravatar.com\\\/avatar\\\/37d968a2e67a6fd04c169c4bdef102d0bc5d31b2546345219e348575eb80e9a0?s=96&d=mm&r=g\",\"url\":\"https:\\\/\\\/secure.gravatar.com\\\/avatar\\\/37d968a2e67a6fd04c169c4bdef102d0bc5d31b2546345219e348575eb80e9a0?s=96&d=mm&r=g\",\"contentUrl\":\"https:\\\/\\\/secure.gravatar.com\\\/avatar\\\/37d968a2e67a6fd04c169c4bdef102d0bc5d31b2546345219e348575eb80e9a0?s=96&d=mm&r=g\",\"caption\":\"redazione\"},\"sameAs\":[\"http:\\\/\\\/www.bellunopress.it\",\"https:\\\/\\\/x.com\\\/bellunopress\"],\"url\":\"https:\\\/\\\/www.bellunopress.it\\\/fr\\\/author\\\/redazione\\\/\"}]}<\/script>\n<!-- \/ Yoast SEO plugin. -->","yoast_head_json":{"title":"Premio Cortina 2023, i vincitori: Giuliano da Empoli e Franco Faggiani. Le premiazioni sabato 26 agosto - Bellunopress - Dolomiti","robots":{"index":"index","follow":"follow","max-snippet":"max-snippet:-1","max-image-preview":"max-image-preview:large","max-video-preview":"max-video-preview:-1"},"canonical":"https:\/\/www.bellunopress.it\/fr\/2023\/06\/29\/premio-cortina-2023-i-vincitori-giuliano-da-empoli-e-franco-faggiani-le-premiazioni-sabato-26-agosto\/","og_locale":"fr_FR","og_type":"article","og_title":"Premio Cortina 2023, i vincitori: Giuliano da Empoli e Franco Faggiani. Le premiazioni sabato 26 agosto - Bellunopress - Dolomiti","og_description":"Cortina d&#8217;Ampezzo, 29 giugno 2023 &#8211;\u00a0 In attesa dell&#8217;inaugurazione di Una Montagna di Libri, festa internazionale della letteratura di Cortina d&#8217;Ampezzo in programma a luglio e agosto e nell&#8217;autunno, sono appena stati proclamati i libri vincitori del Premio Cortina d&#8217;Ampezzo. \u00c8 &#8220;Il mago del Cremlino&#8221;, il romanzo di Giuliano da Empoli, pubblicato da Mondadori, il [&hellip;]","og_url":"https:\/\/www.bellunopress.it\/fr\/2023\/06\/29\/premio-cortina-2023-i-vincitori-giuliano-da-empoli-e-franco-faggiani-le-premiazioni-sabato-26-agosto\/","og_site_name":"Bellunopress - Dolomiti","article_publisher":"https:\/\/www.facebook.com\/profile.php?id=100008943462799","article_published_time":"2023-06-29T12:56:49+00:00","og_image":[{"width":802,"height":1000,"url":"https:\/\/www.bellunopress.it\/wp-content\/uploads\/2023\/04\/Cortina-.jpg","type":"image\/jpeg"}],"author":"redazione","twitter_card":"summary_large_image","twitter_creator":"@bellunopress","twitter_site":"@bellunopress","twitter_misc":{"\u00c9crit par":"redazione","Dur\u00e9e de lecture estim\u00e9e":"4 minutes"},"schema":{"@context":"https:\/\/schema.org","@graph":[{"@type":"Article","@id":"https:\/\/www.bellunopress.it\/2023\/06\/29\/premio-cortina-2023-i-vincitori-giuliano-da-empoli-e-franco-faggiani-le-premiazioni-sabato-26-agosto\/#article","isPartOf":{"@id":"https:\/\/www.bellunopress.it\/2023\/06\/29\/premio-cortina-2023-i-vincitori-giuliano-da-empoli-e-franco-faggiani-le-premiazioni-sabato-26-agosto\/"},"author":{"name":"redazione","@id":"https:\/\/www.bellunopress.it\/#\/schema\/person\/79bb06722b37ece1c03d3e94beb30d73"},"headline":"Premio Cortina 2023, i vincitori: Giuliano da Empoli e Franco Faggiani. Le premiazioni sabato 26 agosto","datePublished":"2023-06-29T12:56:49+00:00","mainEntityOfPage":{"@id":"https:\/\/www.bellunopress.it\/2023\/06\/29\/premio-cortina-2023-i-vincitori-giuliano-da-empoli-e-franco-faggiani-le-premiazioni-sabato-26-agosto\/"},"wordCount":613,"publisher":{"@id":"https:\/\/www.bellunopress.it\/#organization"},"image":{"@id":"https:\/\/www.bellunopress.it\/2023\/06\/29\/premio-cortina-2023-i-vincitori-giuliano-da-empoli-e-franco-faggiani-le-premiazioni-sabato-26-agosto\/#primaryimage"},"thumbnailUrl":"https:\/\/www.bellunopress.it\/wp-content\/uploads\/2023\/04\/Cortina-.jpg","articleSection":["Appuntamenti, Eventi","Arte, Cultura, Spettacoli, Scienza"],"inLanguage":"fr-FR"},{"@type":"WebPage","@id":"https:\/\/www.bellunopress.it\/2023\/06\/29\/premio-cortina-2023-i-vincitori-giuliano-da-empoli-e-franco-faggiani-le-premiazioni-sabato-26-agosto\/","url":"https:\/\/www.bellunopress.it\/2023\/06\/29\/premio-cortina-2023-i-vincitori-giuliano-da-empoli-e-franco-faggiani-le-premiazioni-sabato-26-agosto\/","name":"Premio Cortina 2023, i vincitori: Giuliano da Empoli e Franco Faggiani. Le premiazioni sabato 26 agosto - Bellunopress - Dolomiti","isPartOf":{"@id":"https:\/\/www.bellunopress.it\/#website"},"primaryImageOfPage":{"@id":"https:\/\/www.bellunopress.it\/2023\/06\/29\/premio-cortina-2023-i-vincitori-giuliano-da-empoli-e-franco-faggiani-le-premiazioni-sabato-26-agosto\/#primaryimage"},"image":{"@id":"https:\/\/www.bellunopress.it\/2023\/06\/29\/premio-cortina-2023-i-vincitori-giuliano-da-empoli-e-franco-faggiani-le-premiazioni-sabato-26-agosto\/#primaryimage"},"thumbnailUrl":"https:\/\/www.bellunopress.it\/wp-content\/uploads\/2023\/04\/Cortina-.jpg","datePublished":"2023-06-29T12:56:49+00:00","breadcrumb":{"@id":"https:\/\/www.bellunopress.it\/2023\/06\/29\/premio-cortina-2023-i-vincitori-giuliano-da-empoli-e-franco-faggiani-le-premiazioni-sabato-26-agosto\/#breadcrumb"},"inLanguage":"fr-FR","potentialAction":[{"@type":"ReadAction","target":["https:\/\/www.bellunopress.it\/2023\/06\/29\/premio-cortina-2023-i-vincitori-giuliano-da-empoli-e-franco-faggiani-le-premiazioni-sabato-26-agosto\/"]}]},{"@type":"ImageObject","inLanguage":"fr-FR","@id":"https:\/\/www.bellunopress.it\/2023\/06\/29\/premio-cortina-2023-i-vincitori-giuliano-da-empoli-e-franco-faggiani-le-premiazioni-sabato-26-agosto\/#primaryimage","url":"https:\/\/www.bellunopress.it\/wp-content\/uploads\/2023\/04\/Cortina-.jpg","contentUrl":"https:\/\/www.bellunopress.it\/wp-content\/uploads\/2023\/04\/Cortina-.jpg","width":802,"height":1000},{"@type":"BreadcrumbList","@id":"https:\/\/www.bellunopress.it\/2023\/06\/29\/premio-cortina-2023-i-vincitori-giuliano-da-empoli-e-franco-faggiani-le-premiazioni-sabato-26-agosto\/#breadcrumb","itemListElement":[{"@type":"ListItem","position":1,"name":"Home","item":"https:\/\/www.bellunopress.it\/"},{"@type":"ListItem","position":2,"name":"Premio Cortina 2023, i vincitori: Giuliano da Empoli e Franco Faggiani. Le premiazioni sabato 26 agosto"}]},{"@type":"WebSite","@id":"https:\/\/www.bellunopress.it\/#website","url":"https:\/\/www.bellunopress.it\/","name":"Bellunopress - Dolomiti","description":"e-mail: redazione@bellunopress.it","publisher":{"@id":"https:\/\/www.bellunopress.it\/#organization"},"potentialAction":[{"@type":"SearchAction","target":{"@type":"EntryPoint","urlTemplate":"https:\/\/www.bellunopress.it\/?s={search_term_string}"},"query-input":{"@type":"PropertyValueSpecification","valueRequired":true,"valueName":"search_term_string"}}],"inLanguage":"fr-FR"},{"@type":"Organization","@id":"https:\/\/www.bellunopress.it\/#organization","name":"Bellunopress","url":"https:\/\/www.bellunopress.it\/","logo":{"@type":"ImageObject","inLanguage":"fr-FR","@id":"https:\/\/www.bellunopress.it\/#\/schema\/logo\/image\/","url":"https:\/\/www.bellunopress.it\/wp-content\/uploads\/2011\/05\/cropped-logo-bellunopress-.jpg","contentUrl":"https:\/\/www.bellunopress.it\/wp-content\/uploads\/2011\/05\/cropped-logo-bellunopress-.jpg","width":512,"height":512,"caption":"Bellunopress"},"image":{"@id":"https:\/\/www.bellunopress.it\/#\/schema\/logo\/image\/"},"sameAs":["https:\/\/www.facebook.com\/profile.php?id=100008943462799","https:\/\/x.com\/bellunopress","https:\/\/www.linkedin.com\/hp\/?dnr=JBzUWaJfMUw8vbXJJ2tVW5-I3jZKvC4wsoxE&amp;amp;amp;amp;amp;amp;trk=nav_responsive_tab_home","https:\/\/www.youtube.com\/channel\/UCxL0wu1uN0_3_7hGG0306cw"]},{"@type":"Person","@id":"https:\/\/www.bellunopress.it\/#\/schema\/person\/79bb06722b37ece1c03d3e94beb30d73","name":"r\u00e9daction","image":{"@type":"ImageObject","inLanguage":"fr-FR","@id":"https:\/\/secure.gravatar.com\/avatar\/37d968a2e67a6fd04c169c4bdef102d0bc5d31b2546345219e348575eb80e9a0?s=96&d=mm&r=g","url":"https:\/\/secure.gravatar.com\/avatar\/37d968a2e67a6fd04c169c4bdef102d0bc5d31b2546345219e348575eb80e9a0?s=96&d=mm&r=g","contentUrl":"https:\/\/secure.gravatar.com\/avatar\/37d968a2e67a6fd04c169c4bdef102d0bc5d31b2546345219e348575eb80e9a0?s=96&d=mm&r=g","caption":"redazione"},"sameAs":["http:\/\/www.bellunopress.it","https:\/\/x.com\/bellunopress"],"url":"https:\/\/www.bellunopress.it\/fr\/author\/redazione\/"}]}},"_links":{"self":[{"href":"https:\/\/www.bellunopress.it\/fr\/wp-json\/wp\/v2\/posts\/142398","targetHints":{"allow":["GET"]}}],"collection":[{"href":"https:\/\/www.bellunopress.it\/fr\/wp-json\/wp\/v2\/posts"}],"about":[{"href":"https:\/\/www.bellunopress.it\/fr\/wp-json\/wp\/v2\/types\/post"}],"author":[{"embeddable":true,"href":"https:\/\/www.bellunopress.it\/fr\/wp-json\/wp\/v2\/users\/2"}],"replies":[{"embeddable":true,"href":"https:\/\/www.bellunopress.it\/fr\/wp-json\/wp\/v2\/comments?post=142398"}],"version-history":[{"count":1,"href":"https:\/\/www.bellunopress.it\/fr\/wp-json\/wp\/v2\/posts\/142398\/revisions"}],"predecessor-version":[{"id":142399,"href":"https:\/\/www.bellunopress.it\/fr\/wp-json\/wp\/v2\/posts\/142398\/revisions\/142399"}],"wp:featuredmedia":[{"embeddable":true,"href":"https:\/\/www.bellunopress.it\/fr\/wp-json\/wp\/v2\/media\/140852"}],"wp:attachment":[{"href":"https:\/\/www.bellunopress.it\/fr\/wp-json\/wp\/v2\/media?parent=142398"}],"wp:term":[{"taxonomy":"category","embeddable":true,"href":"https:\/\/www.bellunopress.it\/fr\/wp-json\/wp\/v2\/categories?post=142398"},{"taxonomy":"post_tag","embeddable":true,"href":"https:\/\/www.bellunopress.it\/fr\/wp-json\/wp\/v2\/tags?post=142398"}],"curies":[{"name":"wp","href":"https:\/\/api.w.org\/{rel}","templated":true}]}}