{"id":142396,"date":"2023-06-29T14:45:37","date_gmt":"2023-06-29T12:45:37","guid":{"rendered":"https:\/\/www.bellunopress.it\/?p=142396"},"modified":"2023-06-29T14:45:37","modified_gmt":"2023-06-29T12:45:37","slug":"il-teatro-viaggiante-arriva-a-farra-dalpago-due-spettacoli-il-30-giugno-e-il-1-luglio","status":"publish","type":"post","link":"https:\/\/www.bellunopress.it\/fr\/2023\/06\/29\/il-teatro-viaggiante-arriva-a-farra-dalpago-due-spettacoli-il-30-giugno-e-il-1-luglio\/","title":{"rendered":"Il Teatro viaggiante arriva a Farra d&#8217;Alpago. Due spettacoli, il 30 giugno e il 1\u00b0 luglio"},"content":{"rendered":"<figure id=\"attachment_142347\" aria-describedby=\"caption-attachment-142347\" style=\"width: 1000px\" class=\"wp-caption alignleft\"><img loading=\"lazy\" decoding=\"async\" class=\"size-full wp-image-142347\" src=\"https:\/\/www.bellunopress.it\/wp-content\/uploads\/2023\/06\/Cikale-Operose_Zauberkraft-Arteven-teatro-viaggiante_edited.jpg\" alt=\"\" width=\"1000\" height=\"667\" srcset=\"https:\/\/www.bellunopress.it\/wp-content\/uploads\/2023\/06\/Cikale-Operose_Zauberkraft-Arteven-teatro-viaggiante_edited.jpg 1000w, https:\/\/www.bellunopress.it\/wp-content\/uploads\/2023\/06\/Cikale-Operose_Zauberkraft-Arteven-teatro-viaggiante_edited-500x334.jpg 500w, https:\/\/www.bellunopress.it\/wp-content\/uploads\/2023\/06\/Cikale-Operose_Zauberkraft-Arteven-teatro-viaggiante_edited-696x464.jpg 696w, https:\/\/www.bellunopress.it\/wp-content\/uploads\/2023\/06\/Cikale-Operose_Zauberkraft-Arteven-teatro-viaggiante_edited-630x420.jpg 630w\" sizes=\"auto, (max-width: 1000px) 100vw, 1000px\" \/><figcaption id=\"caption-attachment-142347\" class=\"wp-caption-text\">Cikale Operose Zauberkraft<\/figcaption><\/figure>\n<p>Venezia, 29 giugno 2023 \u2013 Continuano gli spettacoli del Teatro Viaggiante in provincia di Belluno. Dopo aver fatto tappa a Feltre in Pra\u2019 del Moro, il Teatro Viaggiante, cartellone teatrale diffuso promosso da Teatro Stabile del Veneto \u2013 Teatro Nazionale, Circuito Multidisciplinare Regionale Arteven e Regione del Veneto, che tra giugno e luglio toccher\u00e0 ben 14 centri del Veneto per un totale di 28 spettacoli in programma, arriva a Farra d\u2019Alpago. Due gli appuntamenti in programma nell\u2019area dei campi sportivi alle 21.15: venerd\u00ec 30 giugno ZAUBERKRAFT. L\u2019ovale perfetto secondo Andrea Zanzotto di Cikale Operose con Echidna \/ paesaggio culturale e sabato 1 luglio 4Seasons di Zebra Cultural Zoo.<\/p>\n<p>Si parte quindi domani, venerd\u00ec 30 giugno con ZAUBERKRAFT. L\u2019ovale perfetto secondo Andrea Zanzotto, opera per attore e banda musicale per la produzione di Cikale Operose con Echidna \/ paesaggio culturale. Lo spettacolo, nato da un\u2019idea di Sandro Buzzatti, che ne \u00e8 anche l\u2019interprete, per la regia di Marta Dalla Via, si pone l\u2019obiettivo di \u201cportare la poesia in mezzo alla gente e far sostare la gente in mezzo alla poesia\u201d. Per farlo si user\u00e0 una chiave molto speciale: la fiaba del Barba Zhuc\u00f2n, una tradizione orale molto diffusa in tutto il territorio veneto. Una favola che mette in luce una relazione di genere con un maschio orco e una madre e una figlia come potenziali vittime di una sopraffazione ma che, invece, si rovescia facendo emergere un duo femminile pregno di coraggio e astuzia. Sul palco ci sar\u00e0 anche una vera e propria banda musicale, La Banda Larga delle Prealpi Trevigiane, parte integrante della drammaturgia, diretta da Luigi Vitale.<\/p>\n<p>La sera successiva, sabato 1 luglio, sempre alle 21.15 nell\u2019area dei campi sportivi, andr\u00e0 in scena 4Seasons di Zebra Cultural Zoo, una lettura, o meglio, un ascolto inedito delle Quattro Stagioni di Vivaldi attraverso il mimo di Susi Danesin, attrice specializzata nel teatro per ragazzi. Luoghi comuni sul meteo, sulle stagioni e sul tempo sono la scusa pi\u00f9 usata per cominciare una conversazione ma, in questo caso, l\u2019azione si svolger\u00e0 in un tempo muto e sonoro e porter\u00e0 a un ascolto attento del celebre capolavoro di Vivaldi, troppo spesso diventato semplice sottofondo per video di promozione turistica. Questo spettacolo senza parole si presenta dunque come un\u2019avventura attraverso le stagioni dell\u2019anno, le sue festivit\u00e0 e gli umori del quotidiano in una Venezia immaginaria eppure tradizionale e, al tempo stesso, come una riflessione semiseria sullo scorrere delle cose che \u2013 come la musica \u2013 vanno avanti verso il loro finale trasformandosi in eterno.<\/p>\n<p>Gli spettacoli in programma nella rassegna diffusa sono stati selezionati attraverso un bando lanciato a marzo 2022 da TSV-Teatro Nazionale ed Arteven e aperto alle imprese teatrali del territorio. Delle quasi 70 proposte pervenute, 14 sono state selezionate per entrare a far parte del progetto Il Teatro Viaggiante, che dal 13 giugno al 29 luglio 2023 porter\u00e0 in altrettante citt\u00e0 e cittadine del Veneto nuove proposte. Ogni comune coinvolto, due per ciascuna delle 7 province, accoglier\u00e0 quindi due diversi spettacoli per un totale di 28 appuntamenti. Un cartellone diffuso nel territorio che non sarebbe stato possibile senza il sostegno di Intesa Sanpaolo, sponsor della rassegna itinerante.<\/p>\n<p>Ingresso libero, con prenotazione consigliata sul sito myarteven.it tramite il portale Eventbrite.<\/p>\n<p>&nbsp;<\/p>\n<p>Cikale Operose con Echidna \/ paesaggio culturale<\/p>\n<p>ZAUBERKRAFT &#8211; L\u2019OVALE PERFETTO SECONDO ANDREA ZANZOTTO<\/p>\n<p>ideazione, progetto e interpretazione Sandro Buzzatti<\/p>\n<p>direzione musicale Luigi Vitale<\/p>\n<p>musica Banda Larga delle Prealpi Trevigiane<\/p>\n<p>drammaturgia e regia Marta Dalla Via<\/p>\n<p>scene Antonio Panzuto<\/p>\n<p>costumi Sonia Marianni<\/p>\n<p>organizzazione e cura Cristina Palumbo, Giampaolo Fioretti<\/p>\n<p>in collaborazione con Paola Zanusso<\/p>\n<p>&nbsp;<\/p>\n<p>Portare la poesia in mezzo alla gente e far sostare la gente in mezzo alla poesia \u00e8 la spinta fondante di questo progetto. Il pubblico entrer\u00e0 nell\u2019Eden della lingua Matria attraverso una tradizione orale molto diffusa in tutto il territorio veneto e declinata in tanti idiomi e idioletti: la fiaba del Barba Zhuc\u00f2n. Una favola che mette in luce una relazione di genere con un maschio orco e una madre e una figlia come potenziali vittime di una sopraffazione ma che, invece, si rovescia facendo emergere un duo femminile pregno di coraggio e astuzia. Sono donne che oltrepassano i confini predefiniti dalle convenzioni sociali arrivando a ridicolizzare la fonte delle loro paure; il tutto tra frittelle, cuscini, spini e un vortice di ritmo lessicale indimenticabile. A queste si aggiungono le altre donne che popolano l\u2019universo di Zanzotto, un esercito di umanissime muse che andranno a nutrire uno stomaco collettivo. Una banda musicale, espressione ancora una volta di un sentire popolare legato all\u2019agor\u00e0, sar\u00e0 parte integrante di questa drammaturgia. Come un coro greco, ascolta l\u2019attore e respira insieme a lui in un dialogo che riesce a farci sentire adulti coraggiosi che anelano alle pi\u00f9 alte vette della poesia ma anche bambini che parlano in pet\u00e8l, che hanno paura e cercano la mano di un genitore che, come in ogni fiaba, li guidi fuori dal fitto bosco.<\/p>\n<p>&nbsp;<\/p>\n<p>&nbsp;<\/p>\n<p>Zebra Cultural Zoo<\/p>\n<p>4SEASONS<\/p>\n<p>con Susi Danesin<\/p>\n<p>disegni Lucio Schiavon<\/p>\n<p>costumi Sonia Marianni<\/p>\n<p>direzione tecnica Roberto Di Fresco<\/p>\n<p>ideazione Marta Dalla Via<\/p>\n<p>&nbsp;<\/p>\n<p>Piace pensare che sia stata una passeggiata nella natura a suggerire a Vivaldi l\u2019idea dei suoi celebri quattro concerti e, per questo, il movimento \u00e8 alla base di questo spettacolo senza parole. Luoghi comuni sul meteo, sulle stagioni e sul tempo sono la scusa pi\u00f9 usata per cominciare una conversazione ma, in questo caso, l\u2019azione si svolger\u00e0 in un tempo muto e sonoro e porter\u00e0 a un ascolto attento de \u201cLe quattro stagioni\u201d, troppo spesso diventate semplice sottofondo per video di promozione turistica. Un\u2019avventura attraverso le stagioni dell\u2019anno, le sue festivit\u00e0 e gli umori del quotidiano in una Venezia immaginaria eppure tradizionale. Il mimo di Susi Danesin, seguendo il programma musicale originale, disegner\u00e0 una narrazione inedita permettendo a chiunque di godere dell\u2019esperienza, emotiva e didattica, che un\u2019opera classica a carattere descrittivo come questa pu\u00f2 offrire. Un momento di ascolto e visione completamente al di fuori delle rapide logiche del quotidiano, che vuole essere una riflessione semiseria sullo scorrere delle cose che, come la musica, come le storie, vanno avanti verso il loro finale trasformandosi in eterno. Per famiglie, et\u00e0 dai 6 anni in su.<\/p>\n<p>&nbsp;<\/p>","protected":false},"excerpt":{"rendered":"<p>Venezia, 29 giugno 2023 \u2013 Continuano gli spettacoli del Teatro Viaggiante in provincia di Belluno. Dopo aver fatto tappa a Feltre in Pra\u2019 del Moro, il Teatro Viaggiante, cartellone teatrale diffuso promosso da Teatro Stabile del Veneto \u2013 Teatro Nazionale, Circuito Multidisciplinare Regionale Arteven e Regione del Veneto, che tra giugno e luglio toccher\u00e0 ben [&hellip;]<\/p>\n","protected":false},"author":2,"featured_media":142347,"comment_status":"closed","ping_status":"open","sticky":false,"template":"","format":"standard","meta":{"footnotes":""},"categories":[27,3,25],"tags":[],"class_list":["post-142396","post","type-post","status-publish","format-standard","has-post-thumbnail","category-appuntamenti","category-arte-cultura-spettacoli-scienza-archivi","category-pausa-caffe"],"yoast_head":"<!-- This site is optimized with the Yoast SEO plugin v28.4 - https:\/\/yoast.com\/product\/yoast-seo-wordpress\/ -->\n<title>Il Teatro viaggiante arriva a Farra d&#039;Alpago. Due spettacoli, il 30 giugno e il 1\u00b0 luglio - Bellunopress - Dolomiti<\/title>\n<meta name=\"robots\" content=\"index, follow, max-snippet:-1, max-image-preview:large, max-video-preview:-1\" \/>\n<link rel=\"canonical\" href=\"https:\/\/www.bellunopress.it\/fr\/2023\/06\/29\/il-teatro-viaggiante-arriva-a-farra-dalpago-due-spettacoli-il-30-giugno-e-il-1-luglio\/\" \/>\n<meta property=\"og:locale\" content=\"fr_FR\" \/>\n<meta property=\"og:type\" content=\"article\" \/>\n<meta property=\"og:title\" content=\"Il Teatro viaggiante arriva a Farra d&#039;Alpago. Due spettacoli, il 30 giugno e il 1\u00b0 luglio - Bellunopress - Dolomiti\" \/>\n<meta property=\"og:description\" content=\"Venezia, 29 giugno 2023 \u2013 Continuano gli spettacoli del Teatro Viaggiante in provincia di Belluno. Dopo aver fatto tappa a Feltre in Pra\u2019 del Moro, il Teatro Viaggiante, cartellone teatrale diffuso promosso da Teatro Stabile del Veneto \u2013 Teatro Nazionale, Circuito Multidisciplinare Regionale Arteven e Regione del Veneto, che tra giugno e luglio toccher\u00e0 ben [&hellip;]\" \/>\n<meta property=\"og:url\" content=\"https:\/\/www.bellunopress.it\/fr\/2023\/06\/29\/il-teatro-viaggiante-arriva-a-farra-dalpago-due-spettacoli-il-30-giugno-e-il-1-luglio\/\" \/>\n<meta property=\"og:site_name\" content=\"Bellunopress - Dolomiti\" \/>\n<meta property=\"article:publisher\" content=\"https:\/\/www.facebook.com\/profile.php?id=100008943462799\" \/>\n<meta property=\"article:published_time\" content=\"2023-06-29T12:45:37+00:00\" \/>\n<meta property=\"og:image\" content=\"https:\/\/www.bellunopress.it\/wp-content\/uploads\/2023\/06\/Cikale-Operose_Zauberkraft-Arteven-teatro-viaggiante_edited.jpg\" \/>\n\t<meta property=\"og:image:width\" content=\"1000\" \/>\n\t<meta property=\"og:image:height\" content=\"667\" \/>\n\t<meta property=\"og:image:type\" content=\"image\/jpeg\" \/>\n<meta name=\"author\" content=\"redazione\" \/>\n<meta name=\"twitter:card\" content=\"summary_large_image\" \/>\n<meta name=\"twitter:creator\" content=\"@bellunopress\" \/>\n<meta name=\"twitter:site\" content=\"@bellunopress\" \/>\n<meta name=\"twitter:label1\" content=\"\u00c9crit par\" \/>\n\t<meta name=\"twitter:data1\" content=\"redazione\" \/>\n\t<meta name=\"twitter:label2\" content=\"Dur\u00e9e de lecture estim\u00e9e\" \/>\n\t<meta name=\"twitter:data2\" content=\"6 minutes\" \/>\n<script type=\"application\/ld+json\" class=\"yoast-schema-graph\">{\"@context\":\"https:\\\/\\\/schema.org\",\"@graph\":[{\"@type\":\"Article\",\"@id\":\"https:\\\/\\\/www.bellunopress.it\\\/2023\\\/06\\\/29\\\/il-teatro-viaggiante-arriva-a-farra-dalpago-due-spettacoli-il-30-giugno-e-il-1-luglio\\\/#article\",\"isPartOf\":{\"@id\":\"https:\\\/\\\/www.bellunopress.it\\\/2023\\\/06\\\/29\\\/il-teatro-viaggiante-arriva-a-farra-dalpago-due-spettacoli-il-30-giugno-e-il-1-luglio\\\/\"},\"author\":{\"name\":\"redazione\",\"@id\":\"https:\\\/\\\/www.bellunopress.it\\\/#\\\/schema\\\/person\\\/79bb06722b37ece1c03d3e94beb30d73\"},\"headline\":\"Il Teatro viaggiante arriva a Farra d&#8217;Alpago. Due spettacoli, il 30 giugno e il 1\u00b0 luglio\",\"datePublished\":\"2023-06-29T12:45:37+00:00\",\"mainEntityOfPage\":{\"@id\":\"https:\\\/\\\/www.bellunopress.it\\\/2023\\\/06\\\/29\\\/il-teatro-viaggiante-arriva-a-farra-dalpago-due-spettacoli-il-30-giugno-e-il-1-luglio\\\/\"},\"wordCount\":1050,\"publisher\":{\"@id\":\"https:\\\/\\\/www.bellunopress.it\\\/#organization\"},\"image\":{\"@id\":\"https:\\\/\\\/www.bellunopress.it\\\/2023\\\/06\\\/29\\\/il-teatro-viaggiante-arriva-a-farra-dalpago-due-spettacoli-il-30-giugno-e-il-1-luglio\\\/#primaryimage\"},\"thumbnailUrl\":\"https:\\\/\\\/www.bellunopress.it\\\/wp-content\\\/uploads\\\/2023\\\/06\\\/Cikale-Operose_Zauberkraft-Arteven-teatro-viaggiante_edited.jpg\",\"articleSection\":[\"Appuntamenti, Eventi\",\"Arte, Cultura, Spettacoli, Scienza\",\"Pausa Caff\u00e8\"],\"inLanguage\":\"fr-FR\"},{\"@type\":\"WebPage\",\"@id\":\"https:\\\/\\\/www.bellunopress.it\\\/2023\\\/06\\\/29\\\/il-teatro-viaggiante-arriva-a-farra-dalpago-due-spettacoli-il-30-giugno-e-il-1-luglio\\\/\",\"url\":\"https:\\\/\\\/www.bellunopress.it\\\/2023\\\/06\\\/29\\\/il-teatro-viaggiante-arriva-a-farra-dalpago-due-spettacoli-il-30-giugno-e-il-1-luglio\\\/\",\"name\":\"Il Teatro viaggiante arriva a Farra d'Alpago. Due spettacoli, il 30 giugno e il 1\u00b0 luglio - Bellunopress - Dolomiti\",\"isPartOf\":{\"@id\":\"https:\\\/\\\/www.bellunopress.it\\\/#website\"},\"primaryImageOfPage\":{\"@id\":\"https:\\\/\\\/www.bellunopress.it\\\/2023\\\/06\\\/29\\\/il-teatro-viaggiante-arriva-a-farra-dalpago-due-spettacoli-il-30-giugno-e-il-1-luglio\\\/#primaryimage\"},\"image\":{\"@id\":\"https:\\\/\\\/www.bellunopress.it\\\/2023\\\/06\\\/29\\\/il-teatro-viaggiante-arriva-a-farra-dalpago-due-spettacoli-il-30-giugno-e-il-1-luglio\\\/#primaryimage\"},\"thumbnailUrl\":\"https:\\\/\\\/www.bellunopress.it\\\/wp-content\\\/uploads\\\/2023\\\/06\\\/Cikale-Operose_Zauberkraft-Arteven-teatro-viaggiante_edited.jpg\",\"datePublished\":\"2023-06-29T12:45:37+00:00\",\"breadcrumb\":{\"@id\":\"https:\\\/\\\/www.bellunopress.it\\\/2023\\\/06\\\/29\\\/il-teatro-viaggiante-arriva-a-farra-dalpago-due-spettacoli-il-30-giugno-e-il-1-luglio\\\/#breadcrumb\"},\"inLanguage\":\"fr-FR\",\"potentialAction\":[{\"@type\":\"ReadAction\",\"target\":[\"https:\\\/\\\/www.bellunopress.it\\\/2023\\\/06\\\/29\\\/il-teatro-viaggiante-arriva-a-farra-dalpago-due-spettacoli-il-30-giugno-e-il-1-luglio\\\/\"]}]},{\"@type\":\"ImageObject\",\"inLanguage\":\"fr-FR\",\"@id\":\"https:\\\/\\\/www.bellunopress.it\\\/2023\\\/06\\\/29\\\/il-teatro-viaggiante-arriva-a-farra-dalpago-due-spettacoli-il-30-giugno-e-il-1-luglio\\\/#primaryimage\",\"url\":\"https:\\\/\\\/www.bellunopress.it\\\/wp-content\\\/uploads\\\/2023\\\/06\\\/Cikale-Operose_Zauberkraft-Arteven-teatro-viaggiante_edited.jpg\",\"contentUrl\":\"https:\\\/\\\/www.bellunopress.it\\\/wp-content\\\/uploads\\\/2023\\\/06\\\/Cikale-Operose_Zauberkraft-Arteven-teatro-viaggiante_edited.jpg\",\"width\":1000,\"height\":667,\"caption\":\"Cikale Operose Zauberkraft\"},{\"@type\":\"BreadcrumbList\",\"@id\":\"https:\\\/\\\/www.bellunopress.it\\\/2023\\\/06\\\/29\\\/il-teatro-viaggiante-arriva-a-farra-dalpago-due-spettacoli-il-30-giugno-e-il-1-luglio\\\/#breadcrumb\",\"itemListElement\":[{\"@type\":\"ListItem\",\"position\":1,\"name\":\"Home\",\"item\":\"https:\\\/\\\/www.bellunopress.it\\\/\"},{\"@type\":\"ListItem\",\"position\":2,\"name\":\"Il Teatro viaggiante arriva a Farra d&#8217;Alpago. Due spettacoli, il 30 giugno e il 1\u00b0 luglio\"}]},{\"@type\":\"WebSite\",\"@id\":\"https:\\\/\\\/www.bellunopress.it\\\/#website\",\"url\":\"https:\\\/\\\/www.bellunopress.it\\\/\",\"name\":\"Bellunopress - Dolomiti\",\"description\":\"e-mail: redazione@bellunopress.it\",\"publisher\":{\"@id\":\"https:\\\/\\\/www.bellunopress.it\\\/#organization\"},\"potentialAction\":[{\"@type\":\"SearchAction\",\"target\":{\"@type\":\"EntryPoint\",\"urlTemplate\":\"https:\\\/\\\/www.bellunopress.it\\\/?s={search_term_string}\"},\"query-input\":{\"@type\":\"PropertyValueSpecification\",\"valueRequired\":true,\"valueName\":\"search_term_string\"}}],\"inLanguage\":\"fr-FR\"},{\"@type\":\"Organization\",\"@id\":\"https:\\\/\\\/www.bellunopress.it\\\/#organization\",\"name\":\"Bellunopress\",\"url\":\"https:\\\/\\\/www.bellunopress.it\\\/\",\"logo\":{\"@type\":\"ImageObject\",\"inLanguage\":\"fr-FR\",\"@id\":\"https:\\\/\\\/www.bellunopress.it\\\/#\\\/schema\\\/logo\\\/image\\\/\",\"url\":\"https:\\\/\\\/www.bellunopress.it\\\/wp-content\\\/uploads\\\/2011\\\/05\\\/cropped-logo-bellunopress-.jpg\",\"contentUrl\":\"https:\\\/\\\/www.bellunopress.it\\\/wp-content\\\/uploads\\\/2011\\\/05\\\/cropped-logo-bellunopress-.jpg\",\"width\":512,\"height\":512,\"caption\":\"Bellunopress\"},\"image\":{\"@id\":\"https:\\\/\\\/www.bellunopress.it\\\/#\\\/schema\\\/logo\\\/image\\\/\"},\"sameAs\":[\"https:\\\/\\\/www.facebook.com\\\/profile.php?id=100008943462799\",\"https:\\\/\\\/x.com\\\/bellunopress\",\"https:\\\/\\\/www.linkedin.com\\\/hp\\\/?dnr=JBzUWaJfMUw8vbXJJ2tVW5-I3jZKvC4wsoxE&amp;amp;amp;amp;amp;amp;trk=nav_responsive_tab_home\",\"https:\\\/\\\/www.youtube.com\\\/channel\\\/UCxL0wu1uN0_3_7hGG0306cw\"]},{\"@type\":\"Person\",\"@id\":\"https:\\\/\\\/www.bellunopress.it\\\/#\\\/schema\\\/person\\\/79bb06722b37ece1c03d3e94beb30d73\",\"name\":\"redazione\",\"image\":{\"@type\":\"ImageObject\",\"inLanguage\":\"fr-FR\",\"@id\":\"https:\\\/\\\/secure.gravatar.com\\\/avatar\\\/37d968a2e67a6fd04c169c4bdef102d0bc5d31b2546345219e348575eb80e9a0?s=96&d=mm&r=g\",\"url\":\"https:\\\/\\\/secure.gravatar.com\\\/avatar\\\/37d968a2e67a6fd04c169c4bdef102d0bc5d31b2546345219e348575eb80e9a0?s=96&d=mm&r=g\",\"contentUrl\":\"https:\\\/\\\/secure.gravatar.com\\\/avatar\\\/37d968a2e67a6fd04c169c4bdef102d0bc5d31b2546345219e348575eb80e9a0?s=96&d=mm&r=g\",\"caption\":\"redazione\"},\"sameAs\":[\"http:\\\/\\\/www.bellunopress.it\",\"https:\\\/\\\/x.com\\\/bellunopress\"],\"url\":\"https:\\\/\\\/www.bellunopress.it\\\/fr\\\/author\\\/redazione\\\/\"}]}<\/script>\n<!-- \/ Yoast SEO plugin. -->","yoast_head_json":{"title":"Il Teatro viaggiante arriva a Farra d'Alpago. Due spettacoli, il 30 giugno e il 1\u00b0 luglio - Bellunopress - Dolomiti","robots":{"index":"index","follow":"follow","max-snippet":"max-snippet:-1","max-image-preview":"max-image-preview:large","max-video-preview":"max-video-preview:-1"},"canonical":"https:\/\/www.bellunopress.it\/fr\/2023\/06\/29\/il-teatro-viaggiante-arriva-a-farra-dalpago-due-spettacoli-il-30-giugno-e-il-1-luglio\/","og_locale":"fr_FR","og_type":"article","og_title":"Il Teatro viaggiante arriva a Farra d'Alpago. Due spettacoli, il 30 giugno e il 1\u00b0 luglio - Bellunopress - Dolomiti","og_description":"Venezia, 29 giugno 2023 \u2013 Continuano gli spettacoli del Teatro Viaggiante in provincia di Belluno. Dopo aver fatto tappa a Feltre in Pra\u2019 del Moro, il Teatro Viaggiante, cartellone teatrale diffuso promosso da Teatro Stabile del Veneto \u2013 Teatro Nazionale, Circuito Multidisciplinare Regionale Arteven e Regione del Veneto, che tra giugno e luglio toccher\u00e0 ben [&hellip;]","og_url":"https:\/\/www.bellunopress.it\/fr\/2023\/06\/29\/il-teatro-viaggiante-arriva-a-farra-dalpago-due-spettacoli-il-30-giugno-e-il-1-luglio\/","og_site_name":"Bellunopress - Dolomiti","article_publisher":"https:\/\/www.facebook.com\/profile.php?id=100008943462799","article_published_time":"2023-06-29T12:45:37+00:00","og_image":[{"width":1000,"height":667,"url":"https:\/\/www.bellunopress.it\/wp-content\/uploads\/2023\/06\/Cikale-Operose_Zauberkraft-Arteven-teatro-viaggiante_edited.jpg","type":"image\/jpeg"}],"author":"redazione","twitter_card":"summary_large_image","twitter_creator":"@bellunopress","twitter_site":"@bellunopress","twitter_misc":{"\u00c9crit par":"redazione","Dur\u00e9e de lecture estim\u00e9e":"6 minutes"},"schema":{"@context":"https:\/\/schema.org","@graph":[{"@type":"Article","@id":"https:\/\/www.bellunopress.it\/2023\/06\/29\/il-teatro-viaggiante-arriva-a-farra-dalpago-due-spettacoli-il-30-giugno-e-il-1-luglio\/#article","isPartOf":{"@id":"https:\/\/www.bellunopress.it\/2023\/06\/29\/il-teatro-viaggiante-arriva-a-farra-dalpago-due-spettacoli-il-30-giugno-e-il-1-luglio\/"},"author":{"name":"redazione","@id":"https:\/\/www.bellunopress.it\/#\/schema\/person\/79bb06722b37ece1c03d3e94beb30d73"},"headline":"Il Teatro viaggiante arriva a Farra d&#8217;Alpago. Due spettacoli, il 30 giugno e il 1\u00b0 luglio","datePublished":"2023-06-29T12:45:37+00:00","mainEntityOfPage":{"@id":"https:\/\/www.bellunopress.it\/2023\/06\/29\/il-teatro-viaggiante-arriva-a-farra-dalpago-due-spettacoli-il-30-giugno-e-il-1-luglio\/"},"wordCount":1050,"publisher":{"@id":"https:\/\/www.bellunopress.it\/#organization"},"image":{"@id":"https:\/\/www.bellunopress.it\/2023\/06\/29\/il-teatro-viaggiante-arriva-a-farra-dalpago-due-spettacoli-il-30-giugno-e-il-1-luglio\/#primaryimage"},"thumbnailUrl":"https:\/\/www.bellunopress.it\/wp-content\/uploads\/2023\/06\/Cikale-Operose_Zauberkraft-Arteven-teatro-viaggiante_edited.jpg","articleSection":["Appuntamenti, Eventi","Arte, Cultura, Spettacoli, Scienza","Pausa Caff\u00e8"],"inLanguage":"fr-FR"},{"@type":"WebPage","@id":"https:\/\/www.bellunopress.it\/2023\/06\/29\/il-teatro-viaggiante-arriva-a-farra-dalpago-due-spettacoli-il-30-giugno-e-il-1-luglio\/","url":"https:\/\/www.bellunopress.it\/2023\/06\/29\/il-teatro-viaggiante-arriva-a-farra-dalpago-due-spettacoli-il-30-giugno-e-il-1-luglio\/","name":"Il Teatro viaggiante arriva a Farra d'Alpago. Due spettacoli, il 30 giugno e il 1\u00b0 luglio - Bellunopress - Dolomiti","isPartOf":{"@id":"https:\/\/www.bellunopress.it\/#website"},"primaryImageOfPage":{"@id":"https:\/\/www.bellunopress.it\/2023\/06\/29\/il-teatro-viaggiante-arriva-a-farra-dalpago-due-spettacoli-il-30-giugno-e-il-1-luglio\/#primaryimage"},"image":{"@id":"https:\/\/www.bellunopress.it\/2023\/06\/29\/il-teatro-viaggiante-arriva-a-farra-dalpago-due-spettacoli-il-30-giugno-e-il-1-luglio\/#primaryimage"},"thumbnailUrl":"https:\/\/www.bellunopress.it\/wp-content\/uploads\/2023\/06\/Cikale-Operose_Zauberkraft-Arteven-teatro-viaggiante_edited.jpg","datePublished":"2023-06-29T12:45:37+00:00","breadcrumb":{"@id":"https:\/\/www.bellunopress.it\/2023\/06\/29\/il-teatro-viaggiante-arriva-a-farra-dalpago-due-spettacoli-il-30-giugno-e-il-1-luglio\/#breadcrumb"},"inLanguage":"fr-FR","potentialAction":[{"@type":"ReadAction","target":["https:\/\/www.bellunopress.it\/2023\/06\/29\/il-teatro-viaggiante-arriva-a-farra-dalpago-due-spettacoli-il-30-giugno-e-il-1-luglio\/"]}]},{"@type":"ImageObject","inLanguage":"fr-FR","@id":"https:\/\/www.bellunopress.it\/2023\/06\/29\/il-teatro-viaggiante-arriva-a-farra-dalpago-due-spettacoli-il-30-giugno-e-il-1-luglio\/#primaryimage","url":"https:\/\/www.bellunopress.it\/wp-content\/uploads\/2023\/06\/Cikale-Operose_Zauberkraft-Arteven-teatro-viaggiante_edited.jpg","contentUrl":"https:\/\/www.bellunopress.it\/wp-content\/uploads\/2023\/06\/Cikale-Operose_Zauberkraft-Arteven-teatro-viaggiante_edited.jpg","width":1000,"height":667,"caption":"Cikale Operose Zauberkraft"},{"@type":"BreadcrumbList","@id":"https:\/\/www.bellunopress.it\/2023\/06\/29\/il-teatro-viaggiante-arriva-a-farra-dalpago-due-spettacoli-il-30-giugno-e-il-1-luglio\/#breadcrumb","itemListElement":[{"@type":"ListItem","position":1,"name":"Home","item":"https:\/\/www.bellunopress.it\/"},{"@type":"ListItem","position":2,"name":"Il Teatro viaggiante arriva a Farra d&#8217;Alpago. Due spettacoli, il 30 giugno e il 1\u00b0 luglio"}]},{"@type":"WebSite","@id":"https:\/\/www.bellunopress.it\/#website","url":"https:\/\/www.bellunopress.it\/","name":"Bellunopress - Dolomiti","description":"e-mail: redazione@bellunopress.it","publisher":{"@id":"https:\/\/www.bellunopress.it\/#organization"},"potentialAction":[{"@type":"SearchAction","target":{"@type":"EntryPoint","urlTemplate":"https:\/\/www.bellunopress.it\/?s={search_term_string}"},"query-input":{"@type":"PropertyValueSpecification","valueRequired":true,"valueName":"search_term_string"}}],"inLanguage":"fr-FR"},{"@type":"Organization","@id":"https:\/\/www.bellunopress.it\/#organization","name":"Bellunopress","url":"https:\/\/www.bellunopress.it\/","logo":{"@type":"ImageObject","inLanguage":"fr-FR","@id":"https:\/\/www.bellunopress.it\/#\/schema\/logo\/image\/","url":"https:\/\/www.bellunopress.it\/wp-content\/uploads\/2011\/05\/cropped-logo-bellunopress-.jpg","contentUrl":"https:\/\/www.bellunopress.it\/wp-content\/uploads\/2011\/05\/cropped-logo-bellunopress-.jpg","width":512,"height":512,"caption":"Bellunopress"},"image":{"@id":"https:\/\/www.bellunopress.it\/#\/schema\/logo\/image\/"},"sameAs":["https:\/\/www.facebook.com\/profile.php?id=100008943462799","https:\/\/x.com\/bellunopress","https:\/\/www.linkedin.com\/hp\/?dnr=JBzUWaJfMUw8vbXJJ2tVW5-I3jZKvC4wsoxE&amp;amp;amp;amp;amp;amp;trk=nav_responsive_tab_home","https:\/\/www.youtube.com\/channel\/UCxL0wu1uN0_3_7hGG0306cw"]},{"@type":"Person","@id":"https:\/\/www.bellunopress.it\/#\/schema\/person\/79bb06722b37ece1c03d3e94beb30d73","name":"r\u00e9daction","image":{"@type":"ImageObject","inLanguage":"fr-FR","@id":"https:\/\/secure.gravatar.com\/avatar\/37d968a2e67a6fd04c169c4bdef102d0bc5d31b2546345219e348575eb80e9a0?s=96&d=mm&r=g","url":"https:\/\/secure.gravatar.com\/avatar\/37d968a2e67a6fd04c169c4bdef102d0bc5d31b2546345219e348575eb80e9a0?s=96&d=mm&r=g","contentUrl":"https:\/\/secure.gravatar.com\/avatar\/37d968a2e67a6fd04c169c4bdef102d0bc5d31b2546345219e348575eb80e9a0?s=96&d=mm&r=g","caption":"redazione"},"sameAs":["http:\/\/www.bellunopress.it","https:\/\/x.com\/bellunopress"],"url":"https:\/\/www.bellunopress.it\/fr\/author\/redazione\/"}]}},"_links":{"self":[{"href":"https:\/\/www.bellunopress.it\/fr\/wp-json\/wp\/v2\/posts\/142396","targetHints":{"allow":["GET"]}}],"collection":[{"href":"https:\/\/www.bellunopress.it\/fr\/wp-json\/wp\/v2\/posts"}],"about":[{"href":"https:\/\/www.bellunopress.it\/fr\/wp-json\/wp\/v2\/types\/post"}],"author":[{"embeddable":true,"href":"https:\/\/www.bellunopress.it\/fr\/wp-json\/wp\/v2\/users\/2"}],"replies":[{"embeddable":true,"href":"https:\/\/www.bellunopress.it\/fr\/wp-json\/wp\/v2\/comments?post=142396"}],"version-history":[{"count":1,"href":"https:\/\/www.bellunopress.it\/fr\/wp-json\/wp\/v2\/posts\/142396\/revisions"}],"predecessor-version":[{"id":142397,"href":"https:\/\/www.bellunopress.it\/fr\/wp-json\/wp\/v2\/posts\/142396\/revisions\/142397"}],"wp:featuredmedia":[{"embeddable":true,"href":"https:\/\/www.bellunopress.it\/fr\/wp-json\/wp\/v2\/media\/142347"}],"wp:attachment":[{"href":"https:\/\/www.bellunopress.it\/fr\/wp-json\/wp\/v2\/media?parent=142396"}],"wp:term":[{"taxonomy":"category","embeddable":true,"href":"https:\/\/www.bellunopress.it\/fr\/wp-json\/wp\/v2\/categories?post=142396"},{"taxonomy":"post_tag","embeddable":true,"href":"https:\/\/www.bellunopress.it\/fr\/wp-json\/wp\/v2\/tags?post=142396"}],"curies":[{"name":"wp","href":"https:\/\/api.w.org\/{rel}","templated":true}]}}