{"id":142393,"date":"2023-06-29T13:45:11","date_gmt":"2023-06-29T11:45:11","guid":{"rendered":"https:\/\/www.bellunopress.it\/?p=142393"},"modified":"2023-06-29T13:45:11","modified_gmt":"2023-06-29T11:45:11","slug":"un-amico-di-nome-hemingway-tre-appuntamenti-al-posta-per-ricordare-lo-scrittore","status":"publish","type":"post","link":"https:\/\/www.bellunopress.it\/fr\/2023\/06\/29\/un-amico-di-nome-hemingway-tre-appuntamenti-al-posta-per-ricordare-lo-scrittore\/","title":{"rendered":"Un amico di nome Hemingway:\u00a0tre appuntamenti al Posta per ricordare lo scrittore"},"content":{"rendered":"<figure id=\"attachment_142394\" aria-describedby=\"caption-attachment-142394\" style=\"width: 1000px\" class=\"wp-caption alignleft\"><img loading=\"lazy\" decoding=\"async\" class=\"size-full wp-image-142394\" src=\"https:\/\/www.bellunopress.it\/wp-content\/uploads\/2023\/06\/Hemingway-a-pesca-ad-Anteselva_edited.jpg\" alt=\"\" width=\"1000\" height=\"775\" srcset=\"https:\/\/www.bellunopress.it\/wp-content\/uploads\/2023\/06\/Hemingway-a-pesca-ad-Anteselva_edited.jpg 1000w, https:\/\/www.bellunopress.it\/wp-content\/uploads\/2023\/06\/Hemingway-a-pesca-ad-Anteselva_edited-500x388.jpg 500w, https:\/\/www.bellunopress.it\/wp-content\/uploads\/2023\/06\/Hemingway-a-pesca-ad-Anteselva_edited-696x539.jpg 696w, https:\/\/www.bellunopress.it\/wp-content\/uploads\/2023\/06\/Hemingway-a-pesca-ad-Anteselva_edited-542x420.jpg 542w\" sizes=\"auto, (max-width: 1000px) 100vw, 1000px\" \/><figcaption id=\"caption-attachment-142394\" class=\"wp-caption-text\">Hemingway, battuta di pesca ad Anteselva<\/figcaption><\/figure>\n<p>Cento anni fa il &#8220;Papa&#8221;, come era soprannominato, scopriva Cortina durante uno dei suoi viaggi in Italia: inizia cos\u00ec la lunga relazione tra la localit\u00e0 e uno dei massimi scrittori del Novecento. L&#8217;Hotel de la Poste, la sua casa tra le Dolomiti, gli rende omaggio celebrandolo in una veste inedita.<\/p>\n<p>In programma, nei prossimi mesi, la mostra fotografica con gli scatti dell&#8217;archivio della famiglia Franchetti, che immortalano una dimensione pi\u00f9 &#8220;privata&#8221; di Hemingway, una lettura con l&#8217;attore, conduttore e autore Michele Mirabella e una battuta di pesca ad Anterselva, originale rievocazione storica sulle orme dell&#8217;autore e del suo amico Federico Kechler.<\/p>\n<p>Cortina d&#8217;Ampezzo, 29 giugno 2023_ &#8220;Cortina d&#8217;Ampezzo \u00e8 il paese pi\u00f9 dolce della Terra. \u00c8 il paese pi\u00f9 bello&#8221; scriveva nel 1925 Hemingway all&#8217;amico Ernest Walsh. Solo due anni prima, nel 1923, metteva piede per la prima volta nella cittadina dolomitica. E la &#8220;sua&#8221; Cortina non l&#8217;ha mai dimenticato. Esattamente un secolo dopo l&#8217;Hotel de la Poste \u2013 dove lo scrittore soggiorn\u00f2 molte volte \u2013 celebra il suo mito con una serie di appuntamenti che riflettono il carattere e le passioni di Ernest Hemingway.<\/p>\n<p>L&#8217;omaggio allo scrittore passa attraverso l&#8217;esperienza diretta, il cibo, la montagna, gli incontri. E non potrebbe essere altrimenti: per Hemingway non esiste separazione tra letteratura e vita, soprattutto a Cortina.<\/p>\n<p>&#8220;Proprio qui, all&#8217;Hotel de la Poste, Hemingway ha terminato di scrivere il romanzo Di l\u00e0 dal fiume e tra gli alberi, tornando alla letteratura dopo un&#8217;interruzione di dieci anni&#8221; racconta Gherardo Manaigo, direttore e proprietario del Posta. &#8220;\u00c8 quindi con particolare affetto che lo ricordiamo: \u00e8 un po&#8217; un amico di famiglia. Gli abbiamo dedicato la sua stanza, la 107, e conserviamo con cura la sua macchina da scrivere: a Cortina aveva ritrovato il piacere di creare storie e condividerle con il mondo&#8221;.<\/p>\n<p>&nbsp;<\/p>\n<p><strong>100 anni di Hemingway a Cortina, la mostra dal 17 luglio<\/strong><\/p>\n<p>Curata dall&#8217;architetto e docente Giancamillo Custoza de Cattani, la mostra &#8220;100 anni di Hemingway a Cortina: le fotografie dell&#8217;Archivio del barone Franchetti&#8221; diventa un modo per entrare, in punta di piedi, nella quotidianit\u00e0 di Hemingway.<\/p>\n<p>La chiave di lettura \u00e8 l&#8217;amicizia, cardine attorno a cui ruotavano le scorribande, le epiche bevute, le gite fuoriporta che troviamo anche tra le pagine dei suoi racconti e romanzi. L&#8217;archivio della famiglia Franchetti mette a disposizione le foto scattate dai vari compagni di avventure &#8211; i Franchetti stessi, i di Robilant, i Kechler, gli Ivancich. Dagli scatti, alcuni dei quali inediti, emerge un Hemingway pi\u00f9 intimo e segreto. Le fotografie datano dalla fine degli anni &#8217;40 e all&#8217;inizio degli anni &#8217;50 del Novecento: sono gli anni in cui lo scrittore viveva all&#8217;Hotel de la Poste, che era il suo rifugio, bar prediletto, studio e salotto.<\/p>\n<p>&nbsp;<\/p>\n<p><strong>Parola di Hemingway, il reading di Mirabella: 5 agosto<\/strong><\/p>\n<p>Hemingway scriveva come viveva. Ascoltare le sue parole, a distanza di tanti decenni, \u00e8 come incontrare un vecchio amico. Sabato 5 agosto Michele Mirabella \u2013 regista, attore e conduttore \u2013 sar\u00e0 a Cortina per incontrare il pubblico e interpretare alcune pagine scelte, tratte dai romanzi e i racconti dello scrittore. In particolare, emerger\u00e0 il rapporto tra Hemingway e la montagna, le Dolomiti che tanto amava, la natura come scenario che ci mette alla prova e rivela il nostro carattere.<\/p>\n<p>&nbsp;<\/p>\n<p><strong>A pesca di trote con Hemingway: 7 ottobre<\/strong><\/p>\n<p>Sabato 7 ottobre 1948 Hemingway e il conte Federico Kechler partirono da Cortina e andarono a pescare la trota al lago di Anterselva, in Trentino Alto-Adige. Nel 2023, nella stessa data e nello stesso luogo, verr\u00e0 organizzata una nuova partita di pesca: una rievocazione storica, un momento conviviale che rende omaggio a una delle grandi passioni dello scrittore. A partire da un fatto realmente accaduto si celebra una delle grandi passioni dello scrittore, la pesca, qui nella versione con la mosca. Una tecnica complessa, sfidante, che \u2013 come sempre per Hemingway \u2013 diventa quasi una metafora della vita.<\/p>\n<p>&nbsp;<\/p>\n<p><strong>HOTEL DE LA POSTE**** &#8211; CORTINA D&#8217;AMPEZZO<\/strong><\/p>\n<p>L&#8217;Hotel de la Poste non \u00e8 solo un albergo, \u00e8 un salotto con vista sulle Dolomiti, dove per secoli si sono incontrati re e regine, grandi personaggi della storia, scrittori e artisti da tutto il mondo. \u00c8 la sintesi di ci\u00f2 che Cortina rappresenta: eleganza, solida tradizione, autenticit\u00e0. E ovviamente \u00e8 un avamposto ai piedi di leggendarie montagne patrimonio UNESCO. Tutto intorno troviamo grandi spazi aperti, aria pura, vette da scoprire a piedi o in mountain bike. L&#8217;albergo esiste fin dal 1804, anno della prima licenza \u2013 rilasciata a Silvestro Manaigo, il capostipite \u2013 ed \u00e8 oggi il pi\u00f9 antico hotel di Cortina. Sette generazioni di albergatori dopo, la staffetta prosegue con Gherardo e la cugina Michela. Gli ospiti vengono accolti in ambienti ampi, in suite di dimensioni confortevoli, in sale riorganizzate per venire incontro alle nuove norme relative al distanziamento come il Salon Dolomieu e la Ville Venete Lounge Bar. Questo storico 4 stelle risponde cos\u00ec alla sua vocazione primaria, quella di essere un crocevia di storie in pieno centro. La sua porta \u00e8 stata varcata da ogni celebrit\u00e0 che ha messo piede a Cortina. Tra i suoi pi\u00f9 affezionati frequentatori storici, personalit\u00e0 del calibro di Hemingway, Liz Taylor, i Krupp, i reali di Svezia e tanti artisti che hanno lasciato un numero considerevole di opere d&#8217;arte al Museo Rimoldi di Cortina. Anche oggi l&#8217;hotel \u00e8 il luogo dove ci si incontra e si respira pienamente l&#8217;atmosfera autentica della localit\u00e0.<\/p>","protected":false},"excerpt":{"rendered":"<p>Cento anni fa il &#8220;Papa&#8221;, come era soprannominato, scopriva Cortina durante uno dei suoi viaggi in Italia: inizia cos\u00ec la lunga relazione tra la localit\u00e0 e uno dei massimi scrittori del Novecento. L&#8217;Hotel de la Poste, la sua casa tra le Dolomiti, gli rende omaggio celebrandolo in una veste inedita. In programma, nei prossimi mesi, [&hellip;]<\/p>\n","protected":false},"author":2,"featured_media":142394,"comment_status":"closed","ping_status":"open","sticky":false,"template":"","format":"standard","meta":{"footnotes":""},"categories":[27,3,3446,25],"tags":[],"class_list":["post-142393","post","type-post","status-publish","format-standard","has-post-thumbnail","category-appuntamenti","category-arte-cultura-spettacoli-scienza-archivi","category-featured","category-pausa-caffe"],"yoast_head":"<!-- This site is optimized with the Yoast SEO plugin v28.4 - https:\/\/yoast.com\/product\/yoast-seo-wordpress\/ -->\n<title>Un amico di nome Hemingway:\u00a0tre appuntamenti al Posta per ricordare lo scrittore - Bellunopress - Dolomiti<\/title>\n<meta name=\"robots\" content=\"index, follow, max-snippet:-1, max-image-preview:large, max-video-preview:-1\" \/>\n<link rel=\"canonical\" href=\"https:\/\/www.bellunopress.it\/fr\/2023\/06\/29\/un-amico-di-nome-hemingway-tre-appuntamenti-al-posta-per-ricordare-lo-scrittore\/\" \/>\n<meta property=\"og:locale\" content=\"fr_FR\" \/>\n<meta property=\"og:type\" content=\"article\" \/>\n<meta property=\"og:title\" content=\"Un amico di nome Hemingway:\u00a0tre appuntamenti al Posta per ricordare lo scrittore - Bellunopress - Dolomiti\" \/>\n<meta property=\"og:description\" content=\"Cento anni fa il &#8220;Papa&#8221;, come era soprannominato, scopriva Cortina durante uno dei suoi viaggi in Italia: inizia cos\u00ec la lunga relazione tra la localit\u00e0 e uno dei massimi scrittori del Novecento. L&#8217;Hotel de la Poste, la sua casa tra le Dolomiti, gli rende omaggio celebrandolo in una veste inedita. In programma, nei prossimi mesi, [&hellip;]\" \/>\n<meta property=\"og:url\" content=\"https:\/\/www.bellunopress.it\/fr\/2023\/06\/29\/un-amico-di-nome-hemingway-tre-appuntamenti-al-posta-per-ricordare-lo-scrittore\/\" \/>\n<meta property=\"og:site_name\" content=\"Bellunopress - Dolomiti\" \/>\n<meta property=\"article:publisher\" content=\"https:\/\/www.facebook.com\/profile.php?id=100008943462799\" \/>\n<meta property=\"article:published_time\" content=\"2023-06-29T11:45:11+00:00\" \/>\n<meta property=\"og:image\" content=\"https:\/\/www.bellunopress.it\/wp-content\/uploads\/2023\/06\/Hemingway-a-pesca-ad-Anteselva_edited.jpg\" \/>\n\t<meta property=\"og:image:width\" content=\"1000\" \/>\n\t<meta property=\"og:image:height\" content=\"775\" \/>\n\t<meta property=\"og:image:type\" content=\"image\/jpeg\" \/>\n<meta name=\"author\" content=\"redazione\" \/>\n<meta name=\"twitter:card\" content=\"summary_large_image\" \/>\n<meta name=\"twitter:creator\" content=\"@bellunopress\" \/>\n<meta name=\"twitter:site\" content=\"@bellunopress\" \/>\n<meta name=\"twitter:label1\" content=\"\u00c9crit par\" \/>\n\t<meta name=\"twitter:data1\" content=\"redazione\" \/>\n\t<meta name=\"twitter:label2\" content=\"Dur\u00e9e de lecture estim\u00e9e\" \/>\n\t<meta name=\"twitter:data2\" content=\"5 minutes\" \/>\n<script type=\"application\/ld+json\" class=\"yoast-schema-graph\">{\"@context\":\"https:\\\/\\\/schema.org\",\"@graph\":[{\"@type\":\"Article\",\"@id\":\"https:\\\/\\\/www.bellunopress.it\\\/2023\\\/06\\\/29\\\/un-amico-di-nome-hemingway-tre-appuntamenti-al-posta-per-ricordare-lo-scrittore\\\/#article\",\"isPartOf\":{\"@id\":\"https:\\\/\\\/www.bellunopress.it\\\/2023\\\/06\\\/29\\\/un-amico-di-nome-hemingway-tre-appuntamenti-al-posta-per-ricordare-lo-scrittore\\\/\"},\"author\":{\"name\":\"redazione\",\"@id\":\"https:\\\/\\\/www.bellunopress.it\\\/#\\\/schema\\\/person\\\/79bb06722b37ece1c03d3e94beb30d73\"},\"headline\":\"Un amico di nome Hemingway:\u00a0tre appuntamenti al Posta per ricordare lo scrittore\",\"datePublished\":\"2023-06-29T11:45:11+00:00\",\"mainEntityOfPage\":{\"@id\":\"https:\\\/\\\/www.bellunopress.it\\\/2023\\\/06\\\/29\\\/un-amico-di-nome-hemingway-tre-appuntamenti-al-posta-per-ricordare-lo-scrittore\\\/\"},\"wordCount\":908,\"publisher\":{\"@id\":\"https:\\\/\\\/www.bellunopress.it\\\/#organization\"},\"image\":{\"@id\":\"https:\\\/\\\/www.bellunopress.it\\\/2023\\\/06\\\/29\\\/un-amico-di-nome-hemingway-tre-appuntamenti-al-posta-per-ricordare-lo-scrittore\\\/#primaryimage\"},\"thumbnailUrl\":\"https:\\\/\\\/www.bellunopress.it\\\/wp-content\\\/uploads\\\/2023\\\/06\\\/Hemingway-a-pesca-ad-Anteselva_edited.jpg\",\"articleSection\":[\"Appuntamenti, Eventi\",\"Arte, Cultura, Spettacoli, Scienza\",\"Featured\",\"Pausa Caff\u00e8\"],\"inLanguage\":\"fr-FR\"},{\"@type\":\"WebPage\",\"@id\":\"https:\\\/\\\/www.bellunopress.it\\\/2023\\\/06\\\/29\\\/un-amico-di-nome-hemingway-tre-appuntamenti-al-posta-per-ricordare-lo-scrittore\\\/\",\"url\":\"https:\\\/\\\/www.bellunopress.it\\\/2023\\\/06\\\/29\\\/un-amico-di-nome-hemingway-tre-appuntamenti-al-posta-per-ricordare-lo-scrittore\\\/\",\"name\":\"Un amico di nome Hemingway:\u00a0tre appuntamenti al Posta per ricordare lo scrittore - Bellunopress - Dolomiti\",\"isPartOf\":{\"@id\":\"https:\\\/\\\/www.bellunopress.it\\\/#website\"},\"primaryImageOfPage\":{\"@id\":\"https:\\\/\\\/www.bellunopress.it\\\/2023\\\/06\\\/29\\\/un-amico-di-nome-hemingway-tre-appuntamenti-al-posta-per-ricordare-lo-scrittore\\\/#primaryimage\"},\"image\":{\"@id\":\"https:\\\/\\\/www.bellunopress.it\\\/2023\\\/06\\\/29\\\/un-amico-di-nome-hemingway-tre-appuntamenti-al-posta-per-ricordare-lo-scrittore\\\/#primaryimage\"},\"thumbnailUrl\":\"https:\\\/\\\/www.bellunopress.it\\\/wp-content\\\/uploads\\\/2023\\\/06\\\/Hemingway-a-pesca-ad-Anteselva_edited.jpg\",\"datePublished\":\"2023-06-29T11:45:11+00:00\",\"breadcrumb\":{\"@id\":\"https:\\\/\\\/www.bellunopress.it\\\/2023\\\/06\\\/29\\\/un-amico-di-nome-hemingway-tre-appuntamenti-al-posta-per-ricordare-lo-scrittore\\\/#breadcrumb\"},\"inLanguage\":\"fr-FR\",\"potentialAction\":[{\"@type\":\"ReadAction\",\"target\":[\"https:\\\/\\\/www.bellunopress.it\\\/2023\\\/06\\\/29\\\/un-amico-di-nome-hemingway-tre-appuntamenti-al-posta-per-ricordare-lo-scrittore\\\/\"]}]},{\"@type\":\"ImageObject\",\"inLanguage\":\"fr-FR\",\"@id\":\"https:\\\/\\\/www.bellunopress.it\\\/2023\\\/06\\\/29\\\/un-amico-di-nome-hemingway-tre-appuntamenti-al-posta-per-ricordare-lo-scrittore\\\/#primaryimage\",\"url\":\"https:\\\/\\\/www.bellunopress.it\\\/wp-content\\\/uploads\\\/2023\\\/06\\\/Hemingway-a-pesca-ad-Anteselva_edited.jpg\",\"contentUrl\":\"https:\\\/\\\/www.bellunopress.it\\\/wp-content\\\/uploads\\\/2023\\\/06\\\/Hemingway-a-pesca-ad-Anteselva_edited.jpg\",\"width\":1000,\"height\":775,\"caption\":\"Hemingway, battuta di pesca ad Anteselva\"},{\"@type\":\"BreadcrumbList\",\"@id\":\"https:\\\/\\\/www.bellunopress.it\\\/2023\\\/06\\\/29\\\/un-amico-di-nome-hemingway-tre-appuntamenti-al-posta-per-ricordare-lo-scrittore\\\/#breadcrumb\",\"itemListElement\":[{\"@type\":\"ListItem\",\"position\":1,\"name\":\"Home\",\"item\":\"https:\\\/\\\/www.bellunopress.it\\\/\"},{\"@type\":\"ListItem\",\"position\":2,\"name\":\"Un amico di nome Hemingway:\u00a0tre appuntamenti al Posta per ricordare lo scrittore\"}]},{\"@type\":\"WebSite\",\"@id\":\"https:\\\/\\\/www.bellunopress.it\\\/#website\",\"url\":\"https:\\\/\\\/www.bellunopress.it\\\/\",\"name\":\"Bellunopress - Dolomiti\",\"description\":\"e-mail: redazione@bellunopress.it\",\"publisher\":{\"@id\":\"https:\\\/\\\/www.bellunopress.it\\\/#organization\"},\"potentialAction\":[{\"@type\":\"SearchAction\",\"target\":{\"@type\":\"EntryPoint\",\"urlTemplate\":\"https:\\\/\\\/www.bellunopress.it\\\/?s={search_term_string}\"},\"query-input\":{\"@type\":\"PropertyValueSpecification\",\"valueRequired\":true,\"valueName\":\"search_term_string\"}}],\"inLanguage\":\"fr-FR\"},{\"@type\":\"Organization\",\"@id\":\"https:\\\/\\\/www.bellunopress.it\\\/#organization\",\"name\":\"Bellunopress\",\"url\":\"https:\\\/\\\/www.bellunopress.it\\\/\",\"logo\":{\"@type\":\"ImageObject\",\"inLanguage\":\"fr-FR\",\"@id\":\"https:\\\/\\\/www.bellunopress.it\\\/#\\\/schema\\\/logo\\\/image\\\/\",\"url\":\"https:\\\/\\\/www.bellunopress.it\\\/wp-content\\\/uploads\\\/2011\\\/05\\\/cropped-logo-bellunopress-.jpg\",\"contentUrl\":\"https:\\\/\\\/www.bellunopress.it\\\/wp-content\\\/uploads\\\/2011\\\/05\\\/cropped-logo-bellunopress-.jpg\",\"width\":512,\"height\":512,\"caption\":\"Bellunopress\"},\"image\":{\"@id\":\"https:\\\/\\\/www.bellunopress.it\\\/#\\\/schema\\\/logo\\\/image\\\/\"},\"sameAs\":[\"https:\\\/\\\/www.facebook.com\\\/profile.php?id=100008943462799\",\"https:\\\/\\\/x.com\\\/bellunopress\",\"https:\\\/\\\/www.linkedin.com\\\/hp\\\/?dnr=JBzUWaJfMUw8vbXJJ2tVW5-I3jZKvC4wsoxE&amp;amp;amp;amp;amp;amp;trk=nav_responsive_tab_home\",\"https:\\\/\\\/www.youtube.com\\\/channel\\\/UCxL0wu1uN0_3_7hGG0306cw\"]},{\"@type\":\"Person\",\"@id\":\"https:\\\/\\\/www.bellunopress.it\\\/#\\\/schema\\\/person\\\/79bb06722b37ece1c03d3e94beb30d73\",\"name\":\"redazione\",\"image\":{\"@type\":\"ImageObject\",\"inLanguage\":\"fr-FR\",\"@id\":\"https:\\\/\\\/secure.gravatar.com\\\/avatar\\\/37d968a2e67a6fd04c169c4bdef102d0bc5d31b2546345219e348575eb80e9a0?s=96&d=mm&r=g\",\"url\":\"https:\\\/\\\/secure.gravatar.com\\\/avatar\\\/37d968a2e67a6fd04c169c4bdef102d0bc5d31b2546345219e348575eb80e9a0?s=96&d=mm&r=g\",\"contentUrl\":\"https:\\\/\\\/secure.gravatar.com\\\/avatar\\\/37d968a2e67a6fd04c169c4bdef102d0bc5d31b2546345219e348575eb80e9a0?s=96&d=mm&r=g\",\"caption\":\"redazione\"},\"sameAs\":[\"http:\\\/\\\/www.bellunopress.it\",\"https:\\\/\\\/x.com\\\/bellunopress\"],\"url\":\"https:\\\/\\\/www.bellunopress.it\\\/fr\\\/author\\\/redazione\\\/\"}]}<\/script>\n<!-- \/ Yoast SEO plugin. -->","yoast_head_json":{"title":"Un amico di nome Hemingway:\u00a0tre appuntamenti al Posta per ricordare lo scrittore - Bellunopress - Dolomiti","robots":{"index":"index","follow":"follow","max-snippet":"max-snippet:-1","max-image-preview":"max-image-preview:large","max-video-preview":"max-video-preview:-1"},"canonical":"https:\/\/www.bellunopress.it\/fr\/2023\/06\/29\/un-amico-di-nome-hemingway-tre-appuntamenti-al-posta-per-ricordare-lo-scrittore\/","og_locale":"fr_FR","og_type":"article","og_title":"Un amico di nome Hemingway:\u00a0tre appuntamenti al Posta per ricordare lo scrittore - Bellunopress - Dolomiti","og_description":"Cento anni fa il &#8220;Papa&#8221;, come era soprannominato, scopriva Cortina durante uno dei suoi viaggi in Italia: inizia cos\u00ec la lunga relazione tra la localit\u00e0 e uno dei massimi scrittori del Novecento. L&#8217;Hotel de la Poste, la sua casa tra le Dolomiti, gli rende omaggio celebrandolo in una veste inedita. In programma, nei prossimi mesi, [&hellip;]","og_url":"https:\/\/www.bellunopress.it\/fr\/2023\/06\/29\/un-amico-di-nome-hemingway-tre-appuntamenti-al-posta-per-ricordare-lo-scrittore\/","og_site_name":"Bellunopress - Dolomiti","article_publisher":"https:\/\/www.facebook.com\/profile.php?id=100008943462799","article_published_time":"2023-06-29T11:45:11+00:00","og_image":[{"width":1000,"height":775,"url":"https:\/\/www.bellunopress.it\/wp-content\/uploads\/2023\/06\/Hemingway-a-pesca-ad-Anteselva_edited.jpg","type":"image\/jpeg"}],"author":"redazione","twitter_card":"summary_large_image","twitter_creator":"@bellunopress","twitter_site":"@bellunopress","twitter_misc":{"\u00c9crit par":"redazione","Dur\u00e9e de lecture estim\u00e9e":"5 minutes"},"schema":{"@context":"https:\/\/schema.org","@graph":[{"@type":"Article","@id":"https:\/\/www.bellunopress.it\/2023\/06\/29\/un-amico-di-nome-hemingway-tre-appuntamenti-al-posta-per-ricordare-lo-scrittore\/#article","isPartOf":{"@id":"https:\/\/www.bellunopress.it\/2023\/06\/29\/un-amico-di-nome-hemingway-tre-appuntamenti-al-posta-per-ricordare-lo-scrittore\/"},"author":{"name":"redazione","@id":"https:\/\/www.bellunopress.it\/#\/schema\/person\/79bb06722b37ece1c03d3e94beb30d73"},"headline":"Un amico di nome Hemingway:\u00a0tre appuntamenti al Posta per ricordare lo scrittore","datePublished":"2023-06-29T11:45:11+00:00","mainEntityOfPage":{"@id":"https:\/\/www.bellunopress.it\/2023\/06\/29\/un-amico-di-nome-hemingway-tre-appuntamenti-al-posta-per-ricordare-lo-scrittore\/"},"wordCount":908,"publisher":{"@id":"https:\/\/www.bellunopress.it\/#organization"},"image":{"@id":"https:\/\/www.bellunopress.it\/2023\/06\/29\/un-amico-di-nome-hemingway-tre-appuntamenti-al-posta-per-ricordare-lo-scrittore\/#primaryimage"},"thumbnailUrl":"https:\/\/www.bellunopress.it\/wp-content\/uploads\/2023\/06\/Hemingway-a-pesca-ad-Anteselva_edited.jpg","articleSection":["Appuntamenti, Eventi","Arte, Cultura, Spettacoli, Scienza","Featured","Pausa Caff\u00e8"],"inLanguage":"fr-FR"},{"@type":"WebPage","@id":"https:\/\/www.bellunopress.it\/2023\/06\/29\/un-amico-di-nome-hemingway-tre-appuntamenti-al-posta-per-ricordare-lo-scrittore\/","url":"https:\/\/www.bellunopress.it\/2023\/06\/29\/un-amico-di-nome-hemingway-tre-appuntamenti-al-posta-per-ricordare-lo-scrittore\/","name":"Un amico di nome Hemingway:\u00a0tre appuntamenti al Posta per ricordare lo scrittore - Bellunopress - Dolomiti","isPartOf":{"@id":"https:\/\/www.bellunopress.it\/#website"},"primaryImageOfPage":{"@id":"https:\/\/www.bellunopress.it\/2023\/06\/29\/un-amico-di-nome-hemingway-tre-appuntamenti-al-posta-per-ricordare-lo-scrittore\/#primaryimage"},"image":{"@id":"https:\/\/www.bellunopress.it\/2023\/06\/29\/un-amico-di-nome-hemingway-tre-appuntamenti-al-posta-per-ricordare-lo-scrittore\/#primaryimage"},"thumbnailUrl":"https:\/\/www.bellunopress.it\/wp-content\/uploads\/2023\/06\/Hemingway-a-pesca-ad-Anteselva_edited.jpg","datePublished":"2023-06-29T11:45:11+00:00","breadcrumb":{"@id":"https:\/\/www.bellunopress.it\/2023\/06\/29\/un-amico-di-nome-hemingway-tre-appuntamenti-al-posta-per-ricordare-lo-scrittore\/#breadcrumb"},"inLanguage":"fr-FR","potentialAction":[{"@type":"ReadAction","target":["https:\/\/www.bellunopress.it\/2023\/06\/29\/un-amico-di-nome-hemingway-tre-appuntamenti-al-posta-per-ricordare-lo-scrittore\/"]}]},{"@type":"ImageObject","inLanguage":"fr-FR","@id":"https:\/\/www.bellunopress.it\/2023\/06\/29\/un-amico-di-nome-hemingway-tre-appuntamenti-al-posta-per-ricordare-lo-scrittore\/#primaryimage","url":"https:\/\/www.bellunopress.it\/wp-content\/uploads\/2023\/06\/Hemingway-a-pesca-ad-Anteselva_edited.jpg","contentUrl":"https:\/\/www.bellunopress.it\/wp-content\/uploads\/2023\/06\/Hemingway-a-pesca-ad-Anteselva_edited.jpg","width":1000,"height":775,"caption":"Hemingway, battuta di pesca ad Anteselva"},{"@type":"BreadcrumbList","@id":"https:\/\/www.bellunopress.it\/2023\/06\/29\/un-amico-di-nome-hemingway-tre-appuntamenti-al-posta-per-ricordare-lo-scrittore\/#breadcrumb","itemListElement":[{"@type":"ListItem","position":1,"name":"Home","item":"https:\/\/www.bellunopress.it\/"},{"@type":"ListItem","position":2,"name":"Un amico di nome Hemingway:\u00a0tre appuntamenti al Posta per ricordare lo scrittore"}]},{"@type":"WebSite","@id":"https:\/\/www.bellunopress.it\/#website","url":"https:\/\/www.bellunopress.it\/","name":"Bellunopress - Dolomiti","description":"e-mail: redazione@bellunopress.it","publisher":{"@id":"https:\/\/www.bellunopress.it\/#organization"},"potentialAction":[{"@type":"SearchAction","target":{"@type":"EntryPoint","urlTemplate":"https:\/\/www.bellunopress.it\/?s={search_term_string}"},"query-input":{"@type":"PropertyValueSpecification","valueRequired":true,"valueName":"search_term_string"}}],"inLanguage":"fr-FR"},{"@type":"Organization","@id":"https:\/\/www.bellunopress.it\/#organization","name":"Bellunopress","url":"https:\/\/www.bellunopress.it\/","logo":{"@type":"ImageObject","inLanguage":"fr-FR","@id":"https:\/\/www.bellunopress.it\/#\/schema\/logo\/image\/","url":"https:\/\/www.bellunopress.it\/wp-content\/uploads\/2011\/05\/cropped-logo-bellunopress-.jpg","contentUrl":"https:\/\/www.bellunopress.it\/wp-content\/uploads\/2011\/05\/cropped-logo-bellunopress-.jpg","width":512,"height":512,"caption":"Bellunopress"},"image":{"@id":"https:\/\/www.bellunopress.it\/#\/schema\/logo\/image\/"},"sameAs":["https:\/\/www.facebook.com\/profile.php?id=100008943462799","https:\/\/x.com\/bellunopress","https:\/\/www.linkedin.com\/hp\/?dnr=JBzUWaJfMUw8vbXJJ2tVW5-I3jZKvC4wsoxE&amp;amp;amp;amp;amp;amp;trk=nav_responsive_tab_home","https:\/\/www.youtube.com\/channel\/UCxL0wu1uN0_3_7hGG0306cw"]},{"@type":"Person","@id":"https:\/\/www.bellunopress.it\/#\/schema\/person\/79bb06722b37ece1c03d3e94beb30d73","name":"r\u00e9daction","image":{"@type":"ImageObject","inLanguage":"fr-FR","@id":"https:\/\/secure.gravatar.com\/avatar\/37d968a2e67a6fd04c169c4bdef102d0bc5d31b2546345219e348575eb80e9a0?s=96&d=mm&r=g","url":"https:\/\/secure.gravatar.com\/avatar\/37d968a2e67a6fd04c169c4bdef102d0bc5d31b2546345219e348575eb80e9a0?s=96&d=mm&r=g","contentUrl":"https:\/\/secure.gravatar.com\/avatar\/37d968a2e67a6fd04c169c4bdef102d0bc5d31b2546345219e348575eb80e9a0?s=96&d=mm&r=g","caption":"redazione"},"sameAs":["http:\/\/www.bellunopress.it","https:\/\/x.com\/bellunopress"],"url":"https:\/\/www.bellunopress.it\/fr\/author\/redazione\/"}]}},"_links":{"self":[{"href":"https:\/\/www.bellunopress.it\/fr\/wp-json\/wp\/v2\/posts\/142393","targetHints":{"allow":["GET"]}}],"collection":[{"href":"https:\/\/www.bellunopress.it\/fr\/wp-json\/wp\/v2\/posts"}],"about":[{"href":"https:\/\/www.bellunopress.it\/fr\/wp-json\/wp\/v2\/types\/post"}],"author":[{"embeddable":true,"href":"https:\/\/www.bellunopress.it\/fr\/wp-json\/wp\/v2\/users\/2"}],"replies":[{"embeddable":true,"href":"https:\/\/www.bellunopress.it\/fr\/wp-json\/wp\/v2\/comments?post=142393"}],"version-history":[{"count":1,"href":"https:\/\/www.bellunopress.it\/fr\/wp-json\/wp\/v2\/posts\/142393\/revisions"}],"predecessor-version":[{"id":142395,"href":"https:\/\/www.bellunopress.it\/fr\/wp-json\/wp\/v2\/posts\/142393\/revisions\/142395"}],"wp:featuredmedia":[{"embeddable":true,"href":"https:\/\/www.bellunopress.it\/fr\/wp-json\/wp\/v2\/media\/142394"}],"wp:attachment":[{"href":"https:\/\/www.bellunopress.it\/fr\/wp-json\/wp\/v2\/media?parent=142393"}],"wp:term":[{"taxonomy":"category","embeddable":true,"href":"https:\/\/www.bellunopress.it\/fr\/wp-json\/wp\/v2\/categories?post=142393"},{"taxonomy":"post_tag","embeddable":true,"href":"https:\/\/www.bellunopress.it\/fr\/wp-json\/wp\/v2\/tags?post=142393"}],"curies":[{"name":"wp","href":"https:\/\/api.w.org\/{rel}","templated":true}]}}