{"id":142390,"date":"2023-06-29T13:37:05","date_gmt":"2023-06-29T11:37:05","guid":{"rendered":"https:\/\/www.bellunopress.it\/?p=142390"},"modified":"2023-06-29T13:37:05","modified_gmt":"2023-06-29T11:37:05","slug":"una-linea-strategica-unica-per-il-rilancio-del-nevegal-paolo-garaboni-un-piano-di-sviluppo-strutturato-con-esperti-internazionali","status":"publish","type":"post","link":"https:\/\/www.bellunopress.it\/fr\/2023\/06\/29\/una-linea-strategica-unica-per-il-rilancio-del-nevegal-paolo-garaboni-un-piano-di-sviluppo-strutturato-con-esperti-internazionali\/","title":{"rendered":"Una linea strategica unica per il rilancio del Nevegal. Paolo Garaboni: &#8220;Un piano di sviluppo strutturato con esperti internazionali&#8221;"},"content":{"rendered":"<p><img loading=\"lazy\" decoding=\"async\" class=\"alignleft size-full wp-image-142391\" src=\"https:\/\/www.bellunopress.it\/wp-content\/uploads\/2023\/06\/Nevegal-piazzale_edited.jpg\" alt=\"\" width=\"1000\" height=\"605\" srcset=\"https:\/\/www.bellunopress.it\/wp-content\/uploads\/2023\/06\/Nevegal-piazzale_edited.jpg 1000w, https:\/\/www.bellunopress.it\/wp-content\/uploads\/2023\/06\/Nevegal-piazzale_edited-500x303.jpg 500w, https:\/\/www.bellunopress.it\/wp-content\/uploads\/2023\/06\/Nevegal-piazzale_edited-696x421.jpg 696w, https:\/\/www.bellunopress.it\/wp-content\/uploads\/2023\/06\/Nevegal-piazzale_edited-694x420.jpg 694w\" sizes=\"auto, (max-width: 1000px) 100vw, 1000px\" \/>&#8220;Le Associazioni Proprietari del Nevegal, Nevegallika e Amici del Nevegal, hanno dato il via allo studio e realizzazione di un piano di sviluppo strutturato del territorio che, partendo da un\u2019analisi di potenzialit\u00e0, criticit\u00e0, e risorse esistenti, individui le strategie pi\u00f9 opportune di crescita, toccando pi\u00f9 aspetti che vanno dalla comunicazione, al marketing, fino alla definizione di potenzialit\u00e0 e progetti specifici.<\/p>\n<p>Tutte le attivit\u00e0 e i progetti delle Associazioni avranno quindi, per la prima volta, un comune denominatore e una linea strategica unica.<\/p>\n<p>&#8220;Per questo importante progetto &#8211; spiega\u00a0Paolo Garaboni presidente di\u00a0ASD Nevegallika &#8211; le Associazioni vedranno la partecipazione di esperti esterni con esperienza internazionale pluriennale in marketing, strategia, comunicazione, investimenti, che le aiuteranno nella redazione del piano, raccogliendo gli input delle stesse e vagliandoli con parametri specifici che permetteranno di scegliere e strutturare solo progetti concreti e con un indice alto di ritorno in termini di flussi turistici e sviluppo territoriale.\u00a0Tutto questo, unito al progetto della frazione e all\u2019importante attivit\u00e0 del Comune legata agli impianti e agli altri progetti in essere, ha lo scopo di portare investitori e attivit\u00e0 economiche nel Colle e sviluppare definitivamente un territorio dalle grandi potenzialit\u00e0&#8221;.<\/p>\n<p>I presidenti delle Associazioni hanno anche informato il sindaco di Belluno e gli assessori Roccon Franco, Luciani Paolo e Garzotto Massimo raccogliendo un loro interesse nel rimanere aggiornati sugli sviluppi del piano.<\/p>\n<p>I presidenti auspicano anche il coinvolgimento degli operatori e l\u2019aiuto di tutti coloro che conoscono e amano il territorio, convinti che, partendo dalla conoscenza dello stesso e strutturando strategie concrete, si potr\u00e0 arrivare a un obiettivo comune di crescita sfruttando la presenza di una serie di circostanze storiche (le Olimpiadi di Cortina, la riscoperta delle zone montane minori post-Covid, la gestione degli impianti, il rifacimento del piazzale e altre opere previste) che andranno colte con tempestivit\u00e0 e immediatezza.&#8221;<\/p>\n<p>&nbsp;<\/p>","protected":false},"excerpt":{"rendered":"<p>&#8220;Le Associazioni Proprietari del Nevegal, Nevegallika e Amici del Nevegal, hanno dato il via allo studio e realizzazione di un piano di sviluppo strutturato del territorio che, partendo da un\u2019analisi di potenzialit\u00e0, criticit\u00e0, e risorse esistenti, individui le strategie pi\u00f9 opportune di crescita, toccando pi\u00f9 aspetti che vanno dalla comunicazione, al marketing, fino alla definizione [&hellip;]<\/p>\n","protected":false},"author":2,"featured_media":142391,"comment_status":"closed","ping_status":"open","sticky":false,"template":"","format":"standard","meta":{"footnotes":""},"categories":[3446,36,26],"tags":[],"class_list":["post-142390","post","type-post","status-publish","format-standard","has-post-thumbnail","category-featured","category-lavoro-economia","category-prima-pagina"],"yoast_head":"<!-- This site is optimized with the Yoast SEO plugin v28.4 - https:\/\/yoast.com\/product\/yoast-seo-wordpress\/ -->\n<title>Una linea strategica unica per il rilancio del Nevegal. Paolo Garaboni: &quot;Un piano di sviluppo strutturato con esperti internazionali&quot; - Bellunopress - Dolomiti<\/title>\n<meta name=\"robots\" content=\"index, follow, max-snippet:-1, max-image-preview:large, max-video-preview:-1\" \/>\n<link rel=\"canonical\" href=\"https:\/\/www.bellunopress.it\/fr\/2023\/06\/29\/una-linea-strategica-unica-per-il-rilancio-del-nevegal-paolo-garaboni-un-piano-di-sviluppo-strutturato-con-esperti-internazionali\/\" \/>\n<meta property=\"og:locale\" content=\"fr_FR\" \/>\n<meta property=\"og:type\" content=\"article\" \/>\n<meta property=\"og:title\" content=\"Una linea strategica unica per il rilancio del Nevegal. Paolo Garaboni: &quot;Un piano di sviluppo strutturato con esperti internazionali&quot; - Bellunopress - Dolomiti\" \/>\n<meta property=\"og:description\" content=\"&#8220;Le Associazioni Proprietari del Nevegal, Nevegallika e Amici del Nevegal, hanno dato il via allo studio e realizzazione di un piano di sviluppo strutturato del territorio che, partendo da un\u2019analisi di potenzialit\u00e0, criticit\u00e0, e risorse esistenti, individui le strategie pi\u00f9 opportune di crescita, toccando pi\u00f9 aspetti che vanno dalla comunicazione, al marketing, fino alla definizione [&hellip;]\" \/>\n<meta property=\"og:url\" content=\"https:\/\/www.bellunopress.it\/fr\/2023\/06\/29\/una-linea-strategica-unica-per-il-rilancio-del-nevegal-paolo-garaboni-un-piano-di-sviluppo-strutturato-con-esperti-internazionali\/\" \/>\n<meta property=\"og:site_name\" content=\"Bellunopress - Dolomiti\" \/>\n<meta property=\"article:publisher\" content=\"https:\/\/www.facebook.com\/profile.php?id=100008943462799\" \/>\n<meta property=\"article:published_time\" content=\"2023-06-29T11:37:05+00:00\" \/>\n<meta property=\"og:image\" content=\"https:\/\/www.bellunopress.it\/wp-content\/uploads\/2023\/06\/Nevegal-piazzale_edited.jpg\" \/>\n\t<meta property=\"og:image:width\" content=\"1000\" \/>\n\t<meta property=\"og:image:height\" content=\"605\" \/>\n\t<meta property=\"og:image:type\" content=\"image\/jpeg\" \/>\n<meta name=\"author\" content=\"redazione\" \/>\n<meta name=\"twitter:card\" content=\"summary_large_image\" \/>\n<meta name=\"twitter:creator\" content=\"@bellunopress\" \/>\n<meta name=\"twitter:site\" content=\"@bellunopress\" \/>\n<meta name=\"twitter:label1\" content=\"\u00c9crit par\" \/>\n\t<meta name=\"twitter:data1\" content=\"redazione\" \/>\n\t<meta name=\"twitter:label2\" content=\"Dur\u00e9e de lecture estim\u00e9e\" \/>\n\t<meta name=\"twitter:data2\" content=\"2 minutes\" \/>\n<script type=\"application\/ld+json\" class=\"yoast-schema-graph\">{\"@context\":\"https:\\\/\\\/schema.org\",\"@graph\":[{\"@type\":\"Article\",\"@id\":\"https:\\\/\\\/www.bellunopress.it\\\/2023\\\/06\\\/29\\\/una-linea-strategica-unica-per-il-rilancio-del-nevegal-paolo-garaboni-un-piano-di-sviluppo-strutturato-con-esperti-internazionali\\\/#article\",\"isPartOf\":{\"@id\":\"https:\\\/\\\/www.bellunopress.it\\\/2023\\\/06\\\/29\\\/una-linea-strategica-unica-per-il-rilancio-del-nevegal-paolo-garaboni-un-piano-di-sviluppo-strutturato-con-esperti-internazionali\\\/\"},\"author\":{\"name\":\"redazione\",\"@id\":\"https:\\\/\\\/www.bellunopress.it\\\/#\\\/schema\\\/person\\\/79bb06722b37ece1c03d3e94beb30d73\"},\"headline\":\"Una linea strategica unica per il rilancio del Nevegal. Paolo Garaboni: &#8220;Un piano di sviluppo strutturato con esperti internazionali&#8221;\",\"datePublished\":\"2023-06-29T11:37:05+00:00\",\"mainEntityOfPage\":{\"@id\":\"https:\\\/\\\/www.bellunopress.it\\\/2023\\\/06\\\/29\\\/una-linea-strategica-unica-per-il-rilancio-del-nevegal-paolo-garaboni-un-piano-di-sviluppo-strutturato-con-esperti-internazionali\\\/\"},\"wordCount\":326,\"publisher\":{\"@id\":\"https:\\\/\\\/www.bellunopress.it\\\/#organization\"},\"image\":{\"@id\":\"https:\\\/\\\/www.bellunopress.it\\\/2023\\\/06\\\/29\\\/una-linea-strategica-unica-per-il-rilancio-del-nevegal-paolo-garaboni-un-piano-di-sviluppo-strutturato-con-esperti-internazionali\\\/#primaryimage\"},\"thumbnailUrl\":\"https:\\\/\\\/www.bellunopress.it\\\/wp-content\\\/uploads\\\/2023\\\/06\\\/Nevegal-piazzale_edited.jpg\",\"articleSection\":[\"Featured\",\"Lavoro, Economia, Turismo\",\"Prima Pagina\"],\"inLanguage\":\"fr-FR\"},{\"@type\":\"WebPage\",\"@id\":\"https:\\\/\\\/www.bellunopress.it\\\/2023\\\/06\\\/29\\\/una-linea-strategica-unica-per-il-rilancio-del-nevegal-paolo-garaboni-un-piano-di-sviluppo-strutturato-con-esperti-internazionali\\\/\",\"url\":\"https:\\\/\\\/www.bellunopress.it\\\/2023\\\/06\\\/29\\\/una-linea-strategica-unica-per-il-rilancio-del-nevegal-paolo-garaboni-un-piano-di-sviluppo-strutturato-con-esperti-internazionali\\\/\",\"name\":\"Una linea strategica unica per il rilancio del Nevegal. Paolo Garaboni: \\\"Un piano di sviluppo strutturato con esperti internazionali\\\" - Bellunopress - Dolomiti\",\"isPartOf\":{\"@id\":\"https:\\\/\\\/www.bellunopress.it\\\/#website\"},\"primaryImageOfPage\":{\"@id\":\"https:\\\/\\\/www.bellunopress.it\\\/2023\\\/06\\\/29\\\/una-linea-strategica-unica-per-il-rilancio-del-nevegal-paolo-garaboni-un-piano-di-sviluppo-strutturato-con-esperti-internazionali\\\/#primaryimage\"},\"image\":{\"@id\":\"https:\\\/\\\/www.bellunopress.it\\\/2023\\\/06\\\/29\\\/una-linea-strategica-unica-per-il-rilancio-del-nevegal-paolo-garaboni-un-piano-di-sviluppo-strutturato-con-esperti-internazionali\\\/#primaryimage\"},\"thumbnailUrl\":\"https:\\\/\\\/www.bellunopress.it\\\/wp-content\\\/uploads\\\/2023\\\/06\\\/Nevegal-piazzale_edited.jpg\",\"datePublished\":\"2023-06-29T11:37:05+00:00\",\"breadcrumb\":{\"@id\":\"https:\\\/\\\/www.bellunopress.it\\\/2023\\\/06\\\/29\\\/una-linea-strategica-unica-per-il-rilancio-del-nevegal-paolo-garaboni-un-piano-di-sviluppo-strutturato-con-esperti-internazionali\\\/#breadcrumb\"},\"inLanguage\":\"fr-FR\",\"potentialAction\":[{\"@type\":\"ReadAction\",\"target\":[\"https:\\\/\\\/www.bellunopress.it\\\/2023\\\/06\\\/29\\\/una-linea-strategica-unica-per-il-rilancio-del-nevegal-paolo-garaboni-un-piano-di-sviluppo-strutturato-con-esperti-internazionali\\\/\"]}]},{\"@type\":\"ImageObject\",\"inLanguage\":\"fr-FR\",\"@id\":\"https:\\\/\\\/www.bellunopress.it\\\/2023\\\/06\\\/29\\\/una-linea-strategica-unica-per-il-rilancio-del-nevegal-paolo-garaboni-un-piano-di-sviluppo-strutturato-con-esperti-internazionali\\\/#primaryimage\",\"url\":\"https:\\\/\\\/www.bellunopress.it\\\/wp-content\\\/uploads\\\/2023\\\/06\\\/Nevegal-piazzale_edited.jpg\",\"contentUrl\":\"https:\\\/\\\/www.bellunopress.it\\\/wp-content\\\/uploads\\\/2023\\\/06\\\/Nevegal-piazzale_edited.jpg\",\"width\":1000,\"height\":605,\"caption\":\"Piazzale del Nevegal - Belluno\"},{\"@type\":\"BreadcrumbList\",\"@id\":\"https:\\\/\\\/www.bellunopress.it\\\/2023\\\/06\\\/29\\\/una-linea-strategica-unica-per-il-rilancio-del-nevegal-paolo-garaboni-un-piano-di-sviluppo-strutturato-con-esperti-internazionali\\\/#breadcrumb\",\"itemListElement\":[{\"@type\":\"ListItem\",\"position\":1,\"name\":\"Home\",\"item\":\"https:\\\/\\\/www.bellunopress.it\\\/\"},{\"@type\":\"ListItem\",\"position\":2,\"name\":\"Una linea strategica unica per il rilancio del Nevegal. Paolo Garaboni: &#8220;Un piano di sviluppo strutturato con esperti internazionali&#8221;\"}]},{\"@type\":\"WebSite\",\"@id\":\"https:\\\/\\\/www.bellunopress.it\\\/#website\",\"url\":\"https:\\\/\\\/www.bellunopress.it\\\/\",\"name\":\"Bellunopress - Dolomiti\",\"description\":\"e-mail: redazione@bellunopress.it\",\"publisher\":{\"@id\":\"https:\\\/\\\/www.bellunopress.it\\\/#organization\"},\"potentialAction\":[{\"@type\":\"SearchAction\",\"target\":{\"@type\":\"EntryPoint\",\"urlTemplate\":\"https:\\\/\\\/www.bellunopress.it\\\/?s={search_term_string}\"},\"query-input\":{\"@type\":\"PropertyValueSpecification\",\"valueRequired\":true,\"valueName\":\"search_term_string\"}}],\"inLanguage\":\"fr-FR\"},{\"@type\":\"Organization\",\"@id\":\"https:\\\/\\\/www.bellunopress.it\\\/#organization\",\"name\":\"Bellunopress\",\"url\":\"https:\\\/\\\/www.bellunopress.it\\\/\",\"logo\":{\"@type\":\"ImageObject\",\"inLanguage\":\"fr-FR\",\"@id\":\"https:\\\/\\\/www.bellunopress.it\\\/#\\\/schema\\\/logo\\\/image\\\/\",\"url\":\"https:\\\/\\\/www.bellunopress.it\\\/wp-content\\\/uploads\\\/2011\\\/05\\\/cropped-logo-bellunopress-.jpg\",\"contentUrl\":\"https:\\\/\\\/www.bellunopress.it\\\/wp-content\\\/uploads\\\/2011\\\/05\\\/cropped-logo-bellunopress-.jpg\",\"width\":512,\"height\":512,\"caption\":\"Bellunopress\"},\"image\":{\"@id\":\"https:\\\/\\\/www.bellunopress.it\\\/#\\\/schema\\\/logo\\\/image\\\/\"},\"sameAs\":[\"https:\\\/\\\/www.facebook.com\\\/profile.php?id=100008943462799\",\"https:\\\/\\\/x.com\\\/bellunopress\",\"https:\\\/\\\/www.linkedin.com\\\/hp\\\/?dnr=JBzUWaJfMUw8vbXJJ2tVW5-I3jZKvC4wsoxE&amp;amp;amp;amp;amp;amp;trk=nav_responsive_tab_home\",\"https:\\\/\\\/www.youtube.com\\\/channel\\\/UCxL0wu1uN0_3_7hGG0306cw\"]},{\"@type\":\"Person\",\"@id\":\"https:\\\/\\\/www.bellunopress.it\\\/#\\\/schema\\\/person\\\/79bb06722b37ece1c03d3e94beb30d73\",\"name\":\"redazione\",\"image\":{\"@type\":\"ImageObject\",\"inLanguage\":\"fr-FR\",\"@id\":\"https:\\\/\\\/secure.gravatar.com\\\/avatar\\\/37d968a2e67a6fd04c169c4bdef102d0bc5d31b2546345219e348575eb80e9a0?s=96&d=mm&r=g\",\"url\":\"https:\\\/\\\/secure.gravatar.com\\\/avatar\\\/37d968a2e67a6fd04c169c4bdef102d0bc5d31b2546345219e348575eb80e9a0?s=96&d=mm&r=g\",\"contentUrl\":\"https:\\\/\\\/secure.gravatar.com\\\/avatar\\\/37d968a2e67a6fd04c169c4bdef102d0bc5d31b2546345219e348575eb80e9a0?s=96&d=mm&r=g\",\"caption\":\"redazione\"},\"sameAs\":[\"http:\\\/\\\/www.bellunopress.it\",\"https:\\\/\\\/x.com\\\/bellunopress\"],\"url\":\"https:\\\/\\\/www.bellunopress.it\\\/fr\\\/author\\\/redazione\\\/\"}]}<\/script>\n<!-- \/ Yoast SEO plugin. -->","yoast_head_json":{"title":"Una linea strategica unica per il rilancio del Nevegal. Paolo Garaboni: \"Un piano di sviluppo strutturato con esperti internazionali\" - Bellunopress - Dolomiti","robots":{"index":"index","follow":"follow","max-snippet":"max-snippet:-1","max-image-preview":"max-image-preview:large","max-video-preview":"max-video-preview:-1"},"canonical":"https:\/\/www.bellunopress.it\/fr\/2023\/06\/29\/una-linea-strategica-unica-per-il-rilancio-del-nevegal-paolo-garaboni-un-piano-di-sviluppo-strutturato-con-esperti-internazionali\/","og_locale":"fr_FR","og_type":"article","og_title":"Una linea strategica unica per il rilancio del Nevegal. Paolo Garaboni: \"Un piano di sviluppo strutturato con esperti internazionali\" - Bellunopress - Dolomiti","og_description":"&#8220;Le Associazioni Proprietari del Nevegal, Nevegallika e Amici del Nevegal, hanno dato il via allo studio e realizzazione di un piano di sviluppo strutturato del territorio che, partendo da un\u2019analisi di potenzialit\u00e0, criticit\u00e0, e risorse esistenti, individui le strategie pi\u00f9 opportune di crescita, toccando pi\u00f9 aspetti che vanno dalla comunicazione, al marketing, fino alla definizione [&hellip;]","og_url":"https:\/\/www.bellunopress.it\/fr\/2023\/06\/29\/una-linea-strategica-unica-per-il-rilancio-del-nevegal-paolo-garaboni-un-piano-di-sviluppo-strutturato-con-esperti-internazionali\/","og_site_name":"Bellunopress - Dolomiti","article_publisher":"https:\/\/www.facebook.com\/profile.php?id=100008943462799","article_published_time":"2023-06-29T11:37:05+00:00","og_image":[{"width":1000,"height":605,"url":"https:\/\/www.bellunopress.it\/wp-content\/uploads\/2023\/06\/Nevegal-piazzale_edited.jpg","type":"image\/jpeg"}],"author":"redazione","twitter_card":"summary_large_image","twitter_creator":"@bellunopress","twitter_site":"@bellunopress","twitter_misc":{"\u00c9crit par":"redazione","Dur\u00e9e de lecture estim\u00e9e":"2 minutes"},"schema":{"@context":"https:\/\/schema.org","@graph":[{"@type":"Article","@id":"https:\/\/www.bellunopress.it\/2023\/06\/29\/una-linea-strategica-unica-per-il-rilancio-del-nevegal-paolo-garaboni-un-piano-di-sviluppo-strutturato-con-esperti-internazionali\/#article","isPartOf":{"@id":"https:\/\/www.bellunopress.it\/2023\/06\/29\/una-linea-strategica-unica-per-il-rilancio-del-nevegal-paolo-garaboni-un-piano-di-sviluppo-strutturato-con-esperti-internazionali\/"},"author":{"name":"redazione","@id":"https:\/\/www.bellunopress.it\/#\/schema\/person\/79bb06722b37ece1c03d3e94beb30d73"},"headline":"Una linea strategica unica per il rilancio del Nevegal. Paolo Garaboni: &#8220;Un piano di sviluppo strutturato con esperti internazionali&#8221;","datePublished":"2023-06-29T11:37:05+00:00","mainEntityOfPage":{"@id":"https:\/\/www.bellunopress.it\/2023\/06\/29\/una-linea-strategica-unica-per-il-rilancio-del-nevegal-paolo-garaboni-un-piano-di-sviluppo-strutturato-con-esperti-internazionali\/"},"wordCount":326,"publisher":{"@id":"https:\/\/www.bellunopress.it\/#organization"},"image":{"@id":"https:\/\/www.bellunopress.it\/2023\/06\/29\/una-linea-strategica-unica-per-il-rilancio-del-nevegal-paolo-garaboni-un-piano-di-sviluppo-strutturato-con-esperti-internazionali\/#primaryimage"},"thumbnailUrl":"https:\/\/www.bellunopress.it\/wp-content\/uploads\/2023\/06\/Nevegal-piazzale_edited.jpg","articleSection":["Featured","Lavoro, Economia, Turismo","Prima Pagina"],"inLanguage":"fr-FR"},{"@type":"WebPage","@id":"https:\/\/www.bellunopress.it\/2023\/06\/29\/una-linea-strategica-unica-per-il-rilancio-del-nevegal-paolo-garaboni-un-piano-di-sviluppo-strutturato-con-esperti-internazionali\/","url":"https:\/\/www.bellunopress.it\/2023\/06\/29\/una-linea-strategica-unica-per-il-rilancio-del-nevegal-paolo-garaboni-un-piano-di-sviluppo-strutturato-con-esperti-internazionali\/","name":"Una linea strategica unica per il rilancio del Nevegal. Paolo Garaboni: \"Un piano di sviluppo strutturato con esperti internazionali\" - Bellunopress - Dolomiti","isPartOf":{"@id":"https:\/\/www.bellunopress.it\/#website"},"primaryImageOfPage":{"@id":"https:\/\/www.bellunopress.it\/2023\/06\/29\/una-linea-strategica-unica-per-il-rilancio-del-nevegal-paolo-garaboni-un-piano-di-sviluppo-strutturato-con-esperti-internazionali\/#primaryimage"},"image":{"@id":"https:\/\/www.bellunopress.it\/2023\/06\/29\/una-linea-strategica-unica-per-il-rilancio-del-nevegal-paolo-garaboni-un-piano-di-sviluppo-strutturato-con-esperti-internazionali\/#primaryimage"},"thumbnailUrl":"https:\/\/www.bellunopress.it\/wp-content\/uploads\/2023\/06\/Nevegal-piazzale_edited.jpg","datePublished":"2023-06-29T11:37:05+00:00","breadcrumb":{"@id":"https:\/\/www.bellunopress.it\/2023\/06\/29\/una-linea-strategica-unica-per-il-rilancio-del-nevegal-paolo-garaboni-un-piano-di-sviluppo-strutturato-con-esperti-internazionali\/#breadcrumb"},"inLanguage":"fr-FR","potentialAction":[{"@type":"ReadAction","target":["https:\/\/www.bellunopress.it\/2023\/06\/29\/una-linea-strategica-unica-per-il-rilancio-del-nevegal-paolo-garaboni-un-piano-di-sviluppo-strutturato-con-esperti-internazionali\/"]}]},{"@type":"ImageObject","inLanguage":"fr-FR","@id":"https:\/\/www.bellunopress.it\/2023\/06\/29\/una-linea-strategica-unica-per-il-rilancio-del-nevegal-paolo-garaboni-un-piano-di-sviluppo-strutturato-con-esperti-internazionali\/#primaryimage","url":"https:\/\/www.bellunopress.it\/wp-content\/uploads\/2023\/06\/Nevegal-piazzale_edited.jpg","contentUrl":"https:\/\/www.bellunopress.it\/wp-content\/uploads\/2023\/06\/Nevegal-piazzale_edited.jpg","width":1000,"height":605,"caption":"Piazzale del Nevegal - Belluno"},{"@type":"BreadcrumbList","@id":"https:\/\/www.bellunopress.it\/2023\/06\/29\/una-linea-strategica-unica-per-il-rilancio-del-nevegal-paolo-garaboni-un-piano-di-sviluppo-strutturato-con-esperti-internazionali\/#breadcrumb","itemListElement":[{"@type":"ListItem","position":1,"name":"Home","item":"https:\/\/www.bellunopress.it\/"},{"@type":"ListItem","position":2,"name":"Una linea strategica unica per il rilancio del Nevegal. Paolo Garaboni: &#8220;Un piano di sviluppo strutturato con esperti internazionali&#8221;"}]},{"@type":"WebSite","@id":"https:\/\/www.bellunopress.it\/#website","url":"https:\/\/www.bellunopress.it\/","name":"Bellunopress - Dolomiti","description":"e-mail: redazione@bellunopress.it","publisher":{"@id":"https:\/\/www.bellunopress.it\/#organization"},"potentialAction":[{"@type":"SearchAction","target":{"@type":"EntryPoint","urlTemplate":"https:\/\/www.bellunopress.it\/?s={search_term_string}"},"query-input":{"@type":"PropertyValueSpecification","valueRequired":true,"valueName":"search_term_string"}}],"inLanguage":"fr-FR"},{"@type":"Organization","@id":"https:\/\/www.bellunopress.it\/#organization","name":"Bellunopress","url":"https:\/\/www.bellunopress.it\/","logo":{"@type":"ImageObject","inLanguage":"fr-FR","@id":"https:\/\/www.bellunopress.it\/#\/schema\/logo\/image\/","url":"https:\/\/www.bellunopress.it\/wp-content\/uploads\/2011\/05\/cropped-logo-bellunopress-.jpg","contentUrl":"https:\/\/www.bellunopress.it\/wp-content\/uploads\/2011\/05\/cropped-logo-bellunopress-.jpg","width":512,"height":512,"caption":"Bellunopress"},"image":{"@id":"https:\/\/www.bellunopress.it\/#\/schema\/logo\/image\/"},"sameAs":["https:\/\/www.facebook.com\/profile.php?id=100008943462799","https:\/\/x.com\/bellunopress","https:\/\/www.linkedin.com\/hp\/?dnr=JBzUWaJfMUw8vbXJJ2tVW5-I3jZKvC4wsoxE&amp;amp;amp;amp;amp;amp;trk=nav_responsive_tab_home","https:\/\/www.youtube.com\/channel\/UCxL0wu1uN0_3_7hGG0306cw"]},{"@type":"Person","@id":"https:\/\/www.bellunopress.it\/#\/schema\/person\/79bb06722b37ece1c03d3e94beb30d73","name":"r\u00e9daction","image":{"@type":"ImageObject","inLanguage":"fr-FR","@id":"https:\/\/secure.gravatar.com\/avatar\/37d968a2e67a6fd04c169c4bdef102d0bc5d31b2546345219e348575eb80e9a0?s=96&d=mm&r=g","url":"https:\/\/secure.gravatar.com\/avatar\/37d968a2e67a6fd04c169c4bdef102d0bc5d31b2546345219e348575eb80e9a0?s=96&d=mm&r=g","contentUrl":"https:\/\/secure.gravatar.com\/avatar\/37d968a2e67a6fd04c169c4bdef102d0bc5d31b2546345219e348575eb80e9a0?s=96&d=mm&r=g","caption":"redazione"},"sameAs":["http:\/\/www.bellunopress.it","https:\/\/x.com\/bellunopress"],"url":"https:\/\/www.bellunopress.it\/fr\/author\/redazione\/"}]}},"_links":{"self":[{"href":"https:\/\/www.bellunopress.it\/fr\/wp-json\/wp\/v2\/posts\/142390","targetHints":{"allow":["GET"]}}],"collection":[{"href":"https:\/\/www.bellunopress.it\/fr\/wp-json\/wp\/v2\/posts"}],"about":[{"href":"https:\/\/www.bellunopress.it\/fr\/wp-json\/wp\/v2\/types\/post"}],"author":[{"embeddable":true,"href":"https:\/\/www.bellunopress.it\/fr\/wp-json\/wp\/v2\/users\/2"}],"replies":[{"embeddable":true,"href":"https:\/\/www.bellunopress.it\/fr\/wp-json\/wp\/v2\/comments?post=142390"}],"version-history":[{"count":1,"href":"https:\/\/www.bellunopress.it\/fr\/wp-json\/wp\/v2\/posts\/142390\/revisions"}],"predecessor-version":[{"id":142392,"href":"https:\/\/www.bellunopress.it\/fr\/wp-json\/wp\/v2\/posts\/142390\/revisions\/142392"}],"wp:featuredmedia":[{"embeddable":true,"href":"https:\/\/www.bellunopress.it\/fr\/wp-json\/wp\/v2\/media\/142391"}],"wp:attachment":[{"href":"https:\/\/www.bellunopress.it\/fr\/wp-json\/wp\/v2\/media?parent=142390"}],"wp:term":[{"taxonomy":"category","embeddable":true,"href":"https:\/\/www.bellunopress.it\/fr\/wp-json\/wp\/v2\/categories?post=142390"},{"taxonomy":"post_tag","embeddable":true,"href":"https:\/\/www.bellunopress.it\/fr\/wp-json\/wp\/v2\/tags?post=142390"}],"curies":[{"name":"wp","href":"https:\/\/api.w.org\/{rel}","templated":true}]}}