{"id":142383,"date":"2023-06-28T12:47:05","date_gmt":"2023-06-28T10:47:05","guid":{"rendered":"https:\/\/www.bellunopress.it\/?p=142383"},"modified":"2023-06-28T12:47:05","modified_gmt":"2023-06-28T10:47:05","slug":"al-calar-della-sera-quattro-appuntamenti-alla-biblioteca-di-limana","status":"publish","type":"post","link":"https:\/\/www.bellunopress.it\/fr\/2023\/06\/28\/al-calar-della-sera-quattro-appuntamenti-alla-biblioteca-di-limana\/","title":{"rendered":"Al calar della sera\u2026 Quattro appuntamenti alla Biblioteca di Limana"},"content":{"rendered":"<figure id=\"attachment_112809\" aria-describedby=\"caption-attachment-112809\" style=\"width: 600px\" class=\"wp-caption alignleft\"><img loading=\"lazy\" decoding=\"async\" class=\"size-full wp-image-112809\" src=\"https:\/\/www.bellunopress.it\/wp-content\/uploads\/2020\/03\/biblioteca-limana.jpg\" alt=\"\" width=\"600\" height=\"360\" srcset=\"https:\/\/www.bellunopress.it\/wp-content\/uploads\/2020\/03\/biblioteca-limana.jpg 600w, https:\/\/www.bellunopress.it\/wp-content\/uploads\/2020\/03\/biblioteca-limana-500x300.jpg 500w\" sizes=\"auto, (max-width: 600px) 100vw, 600px\" \/><figcaption id=\"caption-attachment-112809\" class=\"wp-caption-text\">Biblioteca di Limana<\/figcaption><\/figure>\n<p>Nei quattro mercoled\u00ec di luglio la Biblioteca Comunale di Limana in via Ruggero Fiabane 3\/bis sar\u00e0 aperta dalle 17.30 alle 21.30 e vi sar\u00e0 un evento culturale a ingresso libero per ogni mercoled\u00ec.<\/p>\n<p><strong>Il programma<\/strong><\/p>\n<p>\u2022 MERCOLEDI\u2019 5 LUGLIO ore 20.15<br \/>\nBiblioteca di Limana &#8211; Si terr\u00e0 la presentazione del libro di Benedetta De Mari \u201cLa mia Elena Lucrezia\u201d sulla vita di Elena Cornaro, prima donna laureata al mondo<\/p>\n<p>\u2022 MERCOLEDI\u2019 12 LUGLIO ore 18.15<br \/>\nParchetto di Sampoi &#8211; Spettacolo di animazione per bambini \u201cPandifiaba racconta\u201d<br \/>\ndella Compagnia Teatrale Matricola Zero di Padova &#8211; dai 3 anni in su.<br \/>\nIn caso di maltempo lo spettacolo si terr\u00e0 presso la Biblioteca.<\/p>\n<p>\u2022 MERCOLEDI\u2019 19 LUGLIO ore 20.15<br \/>\nBiblioteca di Limana &#8211; Presentazione del libro \u201cL\u2019Ospedale di Belluno dalle origini al<br \/>\n1940. Storie, note d\u2019archivio e ritratti\u201d di Michele Buoso.<\/p>\n<p>\u2022 MERCOLEDI\u2019 26 LUGLIO ore 20.15<br \/>\nBiblioteca di Limana &#8211; Concerto \u201cLeggende\u201d con l\u2019artista Pina Sabatini, il musicista<br \/>\nNelso Salton e l\u2019alpinista Paola Favero.<\/p>","protected":false},"excerpt":{"rendered":"<p>Nei quattro mercoled\u00ec di luglio la Biblioteca Comunale di Limana in via Ruggero Fiabane 3\/bis sar\u00e0 aperta dalle 17.30 alle 21.30 e vi sar\u00e0 un evento culturale a ingresso libero per ogni mercoled\u00ec. Il programma \u2022 MERCOLEDI\u2019 5 LUGLIO ore 20.15 Biblioteca di Limana &#8211; Si terr\u00e0 la presentazione del libro di Benedetta De Mari [&hellip;]<\/p>\n","protected":false},"author":2,"featured_media":112809,"comment_status":"closed","ping_status":"open","sticky":false,"template":"","format":"standard","meta":{"footnotes":""},"categories":[27,3,25],"tags":[],"class_list":["post-142383","post","type-post","status-publish","format-standard","has-post-thumbnail","category-appuntamenti","category-arte-cultura-spettacoli-scienza-archivi","category-pausa-caffe"],"yoast_head":"<!-- This site is optimized with the Yoast SEO plugin v28.4 - https:\/\/yoast.com\/product\/yoast-seo-wordpress\/ -->\n<title>Al calar della sera\u2026 Quattro appuntamenti alla Biblioteca di Limana - Bellunopress - Dolomiti<\/title>\n<meta name=\"robots\" content=\"index, follow, max-snippet:-1, max-image-preview:large, max-video-preview:-1\" \/>\n<link rel=\"canonical\" href=\"https:\/\/www.bellunopress.it\/fr\/2023\/06\/28\/al-calar-della-sera-quattro-appuntamenti-alla-biblioteca-di-limana\/\" \/>\n<meta property=\"og:locale\" content=\"fr_FR\" \/>\n<meta property=\"og:type\" content=\"article\" \/>\n<meta property=\"og:title\" content=\"Al calar della sera\u2026 Quattro appuntamenti alla Biblioteca di Limana - Bellunopress - Dolomiti\" \/>\n<meta property=\"og:description\" content=\"Nei quattro mercoled\u00ec di luglio la Biblioteca Comunale di Limana in via Ruggero Fiabane 3\/bis sar\u00e0 aperta dalle 17.30 alle 21.30 e vi sar\u00e0 un evento culturale a ingresso libero per ogni mercoled\u00ec. Il programma \u2022 MERCOLEDI\u2019 5 LUGLIO ore 20.15 Biblioteca di Limana &#8211; Si terr\u00e0 la presentazione del libro di Benedetta De Mari [&hellip;]\" \/>\n<meta property=\"og:url\" content=\"https:\/\/www.bellunopress.it\/fr\/2023\/06\/28\/al-calar-della-sera-quattro-appuntamenti-alla-biblioteca-di-limana\/\" \/>\n<meta property=\"og:site_name\" content=\"Bellunopress - Dolomiti\" \/>\n<meta property=\"article:publisher\" content=\"https:\/\/www.facebook.com\/profile.php?id=100008943462799\" \/>\n<meta property=\"article:published_time\" content=\"2023-06-28T10:47:05+00:00\" \/>\n<meta property=\"og:image\" content=\"https:\/\/www.bellunopress.it\/wp-content\/uploads\/2020\/03\/biblioteca-limana.jpg\" \/>\n\t<meta property=\"og:image:width\" content=\"600\" \/>\n\t<meta property=\"og:image:height\" content=\"360\" \/>\n\t<meta property=\"og:image:type\" content=\"image\/jpeg\" \/>\n<meta name=\"author\" content=\"redazione\" \/>\n<meta name=\"twitter:card\" content=\"summary_large_image\" \/>\n<meta name=\"twitter:creator\" content=\"@bellunopress\" \/>\n<meta name=\"twitter:site\" content=\"@bellunopress\" \/>\n<meta name=\"twitter:label1\" content=\"\u00c9crit par\" \/>\n\t<meta name=\"twitter:data1\" content=\"redazione\" \/>\n\t<meta name=\"twitter:label2\" content=\"Dur\u00e9e de lecture estim\u00e9e\" \/>\n\t<meta name=\"twitter:data2\" content=\"2 minutes\" \/>\n<script type=\"application\/ld+json\" class=\"yoast-schema-graph\">{\"@context\":\"https:\\\/\\\/schema.org\",\"@graph\":[{\"@type\":\"Article\",\"@id\":\"https:\\\/\\\/www.bellunopress.it\\\/2023\\\/06\\\/28\\\/al-calar-della-sera-quattro-appuntamenti-alla-biblioteca-di-limana\\\/#article\",\"isPartOf\":{\"@id\":\"https:\\\/\\\/www.bellunopress.it\\\/2023\\\/06\\\/28\\\/al-calar-della-sera-quattro-appuntamenti-alla-biblioteca-di-limana\\\/\"},\"author\":{\"name\":\"redazione\",\"@id\":\"https:\\\/\\\/www.bellunopress.it\\\/#\\\/schema\\\/person\\\/79bb06722b37ece1c03d3e94beb30d73\"},\"headline\":\"Al calar della sera\u2026 Quattro appuntamenti alla Biblioteca di Limana\",\"datePublished\":\"2023-06-28T10:47:05+00:00\",\"mainEntityOfPage\":{\"@id\":\"https:\\\/\\\/www.bellunopress.it\\\/2023\\\/06\\\/28\\\/al-calar-della-sera-quattro-appuntamenti-alla-biblioteca-di-limana\\\/\"},\"wordCount\":170,\"publisher\":{\"@id\":\"https:\\\/\\\/www.bellunopress.it\\\/#organization\"},\"image\":{\"@id\":\"https:\\\/\\\/www.bellunopress.it\\\/2023\\\/06\\\/28\\\/al-calar-della-sera-quattro-appuntamenti-alla-biblioteca-di-limana\\\/#primaryimage\"},\"thumbnailUrl\":\"https:\\\/\\\/www.bellunopress.it\\\/wp-content\\\/uploads\\\/2020\\\/03\\\/biblioteca-limana.jpg\",\"articleSection\":[\"Appuntamenti, Eventi\",\"Arte, Cultura, Spettacoli, Scienza\",\"Pausa Caff\u00e8\"],\"inLanguage\":\"fr-FR\"},{\"@type\":\"WebPage\",\"@id\":\"https:\\\/\\\/www.bellunopress.it\\\/2023\\\/06\\\/28\\\/al-calar-della-sera-quattro-appuntamenti-alla-biblioteca-di-limana\\\/\",\"url\":\"https:\\\/\\\/www.bellunopress.it\\\/2023\\\/06\\\/28\\\/al-calar-della-sera-quattro-appuntamenti-alla-biblioteca-di-limana\\\/\",\"name\":\"Al calar della sera\u2026 Quattro appuntamenti alla Biblioteca di Limana - Bellunopress - Dolomiti\",\"isPartOf\":{\"@id\":\"https:\\\/\\\/www.bellunopress.it\\\/#website\"},\"primaryImageOfPage\":{\"@id\":\"https:\\\/\\\/www.bellunopress.it\\\/2023\\\/06\\\/28\\\/al-calar-della-sera-quattro-appuntamenti-alla-biblioteca-di-limana\\\/#primaryimage\"},\"image\":{\"@id\":\"https:\\\/\\\/www.bellunopress.it\\\/2023\\\/06\\\/28\\\/al-calar-della-sera-quattro-appuntamenti-alla-biblioteca-di-limana\\\/#primaryimage\"},\"thumbnailUrl\":\"https:\\\/\\\/www.bellunopress.it\\\/wp-content\\\/uploads\\\/2020\\\/03\\\/biblioteca-limana.jpg\",\"datePublished\":\"2023-06-28T10:47:05+00:00\",\"breadcrumb\":{\"@id\":\"https:\\\/\\\/www.bellunopress.it\\\/2023\\\/06\\\/28\\\/al-calar-della-sera-quattro-appuntamenti-alla-biblioteca-di-limana\\\/#breadcrumb\"},\"inLanguage\":\"fr-FR\",\"potentialAction\":[{\"@type\":\"ReadAction\",\"target\":[\"https:\\\/\\\/www.bellunopress.it\\\/2023\\\/06\\\/28\\\/al-calar-della-sera-quattro-appuntamenti-alla-biblioteca-di-limana\\\/\"]}]},{\"@type\":\"ImageObject\",\"inLanguage\":\"fr-FR\",\"@id\":\"https:\\\/\\\/www.bellunopress.it\\\/2023\\\/06\\\/28\\\/al-calar-della-sera-quattro-appuntamenti-alla-biblioteca-di-limana\\\/#primaryimage\",\"url\":\"https:\\\/\\\/www.bellunopress.it\\\/wp-content\\\/uploads\\\/2020\\\/03\\\/biblioteca-limana.jpg\",\"contentUrl\":\"https:\\\/\\\/www.bellunopress.it\\\/wp-content\\\/uploads\\\/2020\\\/03\\\/biblioteca-limana.jpg\",\"width\":600,\"height\":360,\"caption\":\"Biblioteca di Limana\"},{\"@type\":\"BreadcrumbList\",\"@id\":\"https:\\\/\\\/www.bellunopress.it\\\/2023\\\/06\\\/28\\\/al-calar-della-sera-quattro-appuntamenti-alla-biblioteca-di-limana\\\/#breadcrumb\",\"itemListElement\":[{\"@type\":\"ListItem\",\"position\":1,\"name\":\"Home\",\"item\":\"https:\\\/\\\/www.bellunopress.it\\\/\"},{\"@type\":\"ListItem\",\"position\":2,\"name\":\"Al calar della sera\u2026 Quattro appuntamenti alla Biblioteca di Limana\"}]},{\"@type\":\"WebSite\",\"@id\":\"https:\\\/\\\/www.bellunopress.it\\\/#website\",\"url\":\"https:\\\/\\\/www.bellunopress.it\\\/\",\"name\":\"Bellunopress - Dolomiti\",\"description\":\"e-mail: redazione@bellunopress.it\",\"publisher\":{\"@id\":\"https:\\\/\\\/www.bellunopress.it\\\/#organization\"},\"potentialAction\":[{\"@type\":\"SearchAction\",\"target\":{\"@type\":\"EntryPoint\",\"urlTemplate\":\"https:\\\/\\\/www.bellunopress.it\\\/?s={search_term_string}\"},\"query-input\":{\"@type\":\"PropertyValueSpecification\",\"valueRequired\":true,\"valueName\":\"search_term_string\"}}],\"inLanguage\":\"fr-FR\"},{\"@type\":\"Organization\",\"@id\":\"https:\\\/\\\/www.bellunopress.it\\\/#organization\",\"name\":\"Bellunopress\",\"url\":\"https:\\\/\\\/www.bellunopress.it\\\/\",\"logo\":{\"@type\":\"ImageObject\",\"inLanguage\":\"fr-FR\",\"@id\":\"https:\\\/\\\/www.bellunopress.it\\\/#\\\/schema\\\/logo\\\/image\\\/\",\"url\":\"https:\\\/\\\/www.bellunopress.it\\\/wp-content\\\/uploads\\\/2011\\\/05\\\/cropped-logo-bellunopress-.jpg\",\"contentUrl\":\"https:\\\/\\\/www.bellunopress.it\\\/wp-content\\\/uploads\\\/2011\\\/05\\\/cropped-logo-bellunopress-.jpg\",\"width\":512,\"height\":512,\"caption\":\"Bellunopress\"},\"image\":{\"@id\":\"https:\\\/\\\/www.bellunopress.it\\\/#\\\/schema\\\/logo\\\/image\\\/\"},\"sameAs\":[\"https:\\\/\\\/www.facebook.com\\\/profile.php?id=100008943462799\",\"https:\\\/\\\/x.com\\\/bellunopress\",\"https:\\\/\\\/www.linkedin.com\\\/hp\\\/?dnr=JBzUWaJfMUw8vbXJJ2tVW5-I3jZKvC4wsoxE&amp;amp;amp;amp;amp;amp;trk=nav_responsive_tab_home\",\"https:\\\/\\\/www.youtube.com\\\/channel\\\/UCxL0wu1uN0_3_7hGG0306cw\"]},{\"@type\":\"Person\",\"@id\":\"https:\\\/\\\/www.bellunopress.it\\\/#\\\/schema\\\/person\\\/79bb06722b37ece1c03d3e94beb30d73\",\"name\":\"redazione\",\"image\":{\"@type\":\"ImageObject\",\"inLanguage\":\"fr-FR\",\"@id\":\"https:\\\/\\\/secure.gravatar.com\\\/avatar\\\/37d968a2e67a6fd04c169c4bdef102d0bc5d31b2546345219e348575eb80e9a0?s=96&d=mm&r=g\",\"url\":\"https:\\\/\\\/secure.gravatar.com\\\/avatar\\\/37d968a2e67a6fd04c169c4bdef102d0bc5d31b2546345219e348575eb80e9a0?s=96&d=mm&r=g\",\"contentUrl\":\"https:\\\/\\\/secure.gravatar.com\\\/avatar\\\/37d968a2e67a6fd04c169c4bdef102d0bc5d31b2546345219e348575eb80e9a0?s=96&d=mm&r=g\",\"caption\":\"redazione\"},\"sameAs\":[\"http:\\\/\\\/www.bellunopress.it\",\"https:\\\/\\\/x.com\\\/bellunopress\"],\"url\":\"https:\\\/\\\/www.bellunopress.it\\\/fr\\\/author\\\/redazione\\\/\"}]}<\/script>\n<!-- \/ Yoast SEO plugin. -->","yoast_head_json":{"title":"Al calar della sera\u2026 Quattro appuntamenti alla Biblioteca di Limana - Bellunopress - Dolomiti","robots":{"index":"index","follow":"follow","max-snippet":"max-snippet:-1","max-image-preview":"max-image-preview:large","max-video-preview":"max-video-preview:-1"},"canonical":"https:\/\/www.bellunopress.it\/fr\/2023\/06\/28\/al-calar-della-sera-quattro-appuntamenti-alla-biblioteca-di-limana\/","og_locale":"fr_FR","og_type":"article","og_title":"Al calar della sera\u2026 Quattro appuntamenti alla Biblioteca di Limana - Bellunopress - Dolomiti","og_description":"Nei quattro mercoled\u00ec di luglio la Biblioteca Comunale di Limana in via Ruggero Fiabane 3\/bis sar\u00e0 aperta dalle 17.30 alle 21.30 e vi sar\u00e0 un evento culturale a ingresso libero per ogni mercoled\u00ec. Il programma \u2022 MERCOLEDI\u2019 5 LUGLIO ore 20.15 Biblioteca di Limana &#8211; Si terr\u00e0 la presentazione del libro di Benedetta De Mari [&hellip;]","og_url":"https:\/\/www.bellunopress.it\/fr\/2023\/06\/28\/al-calar-della-sera-quattro-appuntamenti-alla-biblioteca-di-limana\/","og_site_name":"Bellunopress - Dolomiti","article_publisher":"https:\/\/www.facebook.com\/profile.php?id=100008943462799","article_published_time":"2023-06-28T10:47:05+00:00","og_image":[{"width":600,"height":360,"url":"https:\/\/www.bellunopress.it\/wp-content\/uploads\/2020\/03\/biblioteca-limana.jpg","type":"image\/jpeg"}],"author":"redazione","twitter_card":"summary_large_image","twitter_creator":"@bellunopress","twitter_site":"@bellunopress","twitter_misc":{"\u00c9crit par":"redazione","Dur\u00e9e de lecture estim\u00e9e":"2 minutes"},"schema":{"@context":"https:\/\/schema.org","@graph":[{"@type":"Article","@id":"https:\/\/www.bellunopress.it\/2023\/06\/28\/al-calar-della-sera-quattro-appuntamenti-alla-biblioteca-di-limana\/#article","isPartOf":{"@id":"https:\/\/www.bellunopress.it\/2023\/06\/28\/al-calar-della-sera-quattro-appuntamenti-alla-biblioteca-di-limana\/"},"author":{"name":"redazione","@id":"https:\/\/www.bellunopress.it\/#\/schema\/person\/79bb06722b37ece1c03d3e94beb30d73"},"headline":"Al calar della sera\u2026 Quattro appuntamenti alla Biblioteca di Limana","datePublished":"2023-06-28T10:47:05+00:00","mainEntityOfPage":{"@id":"https:\/\/www.bellunopress.it\/2023\/06\/28\/al-calar-della-sera-quattro-appuntamenti-alla-biblioteca-di-limana\/"},"wordCount":170,"publisher":{"@id":"https:\/\/www.bellunopress.it\/#organization"},"image":{"@id":"https:\/\/www.bellunopress.it\/2023\/06\/28\/al-calar-della-sera-quattro-appuntamenti-alla-biblioteca-di-limana\/#primaryimage"},"thumbnailUrl":"https:\/\/www.bellunopress.it\/wp-content\/uploads\/2020\/03\/biblioteca-limana.jpg","articleSection":["Appuntamenti, Eventi","Arte, Cultura, Spettacoli, Scienza","Pausa Caff\u00e8"],"inLanguage":"fr-FR"},{"@type":"WebPage","@id":"https:\/\/www.bellunopress.it\/2023\/06\/28\/al-calar-della-sera-quattro-appuntamenti-alla-biblioteca-di-limana\/","url":"https:\/\/www.bellunopress.it\/2023\/06\/28\/al-calar-della-sera-quattro-appuntamenti-alla-biblioteca-di-limana\/","name":"Al calar della sera\u2026 Quattro appuntamenti alla Biblioteca di Limana - Bellunopress - Dolomiti","isPartOf":{"@id":"https:\/\/www.bellunopress.it\/#website"},"primaryImageOfPage":{"@id":"https:\/\/www.bellunopress.it\/2023\/06\/28\/al-calar-della-sera-quattro-appuntamenti-alla-biblioteca-di-limana\/#primaryimage"},"image":{"@id":"https:\/\/www.bellunopress.it\/2023\/06\/28\/al-calar-della-sera-quattro-appuntamenti-alla-biblioteca-di-limana\/#primaryimage"},"thumbnailUrl":"https:\/\/www.bellunopress.it\/wp-content\/uploads\/2020\/03\/biblioteca-limana.jpg","datePublished":"2023-06-28T10:47:05+00:00","breadcrumb":{"@id":"https:\/\/www.bellunopress.it\/2023\/06\/28\/al-calar-della-sera-quattro-appuntamenti-alla-biblioteca-di-limana\/#breadcrumb"},"inLanguage":"fr-FR","potentialAction":[{"@type":"ReadAction","target":["https:\/\/www.bellunopress.it\/2023\/06\/28\/al-calar-della-sera-quattro-appuntamenti-alla-biblioteca-di-limana\/"]}]},{"@type":"ImageObject","inLanguage":"fr-FR","@id":"https:\/\/www.bellunopress.it\/2023\/06\/28\/al-calar-della-sera-quattro-appuntamenti-alla-biblioteca-di-limana\/#primaryimage","url":"https:\/\/www.bellunopress.it\/wp-content\/uploads\/2020\/03\/biblioteca-limana.jpg","contentUrl":"https:\/\/www.bellunopress.it\/wp-content\/uploads\/2020\/03\/biblioteca-limana.jpg","width":600,"height":360,"caption":"Biblioteca di Limana"},{"@type":"BreadcrumbList","@id":"https:\/\/www.bellunopress.it\/2023\/06\/28\/al-calar-della-sera-quattro-appuntamenti-alla-biblioteca-di-limana\/#breadcrumb","itemListElement":[{"@type":"ListItem","position":1,"name":"Home","item":"https:\/\/www.bellunopress.it\/"},{"@type":"ListItem","position":2,"name":"Al calar della sera\u2026 Quattro appuntamenti alla Biblioteca di Limana"}]},{"@type":"WebSite","@id":"https:\/\/www.bellunopress.it\/#website","url":"https:\/\/www.bellunopress.it\/","name":"Bellunopress - Dolomiti","description":"e-mail: redazione@bellunopress.it","publisher":{"@id":"https:\/\/www.bellunopress.it\/#organization"},"potentialAction":[{"@type":"SearchAction","target":{"@type":"EntryPoint","urlTemplate":"https:\/\/www.bellunopress.it\/?s={search_term_string}"},"query-input":{"@type":"PropertyValueSpecification","valueRequired":true,"valueName":"search_term_string"}}],"inLanguage":"fr-FR"},{"@type":"Organization","@id":"https:\/\/www.bellunopress.it\/#organization","name":"Bellunopress","url":"https:\/\/www.bellunopress.it\/","logo":{"@type":"ImageObject","inLanguage":"fr-FR","@id":"https:\/\/www.bellunopress.it\/#\/schema\/logo\/image\/","url":"https:\/\/www.bellunopress.it\/wp-content\/uploads\/2011\/05\/cropped-logo-bellunopress-.jpg","contentUrl":"https:\/\/www.bellunopress.it\/wp-content\/uploads\/2011\/05\/cropped-logo-bellunopress-.jpg","width":512,"height":512,"caption":"Bellunopress"},"image":{"@id":"https:\/\/www.bellunopress.it\/#\/schema\/logo\/image\/"},"sameAs":["https:\/\/www.facebook.com\/profile.php?id=100008943462799","https:\/\/x.com\/bellunopress","https:\/\/www.linkedin.com\/hp\/?dnr=JBzUWaJfMUw8vbXJJ2tVW5-I3jZKvC4wsoxE&amp;amp;amp;amp;amp;amp;trk=nav_responsive_tab_home","https:\/\/www.youtube.com\/channel\/UCxL0wu1uN0_3_7hGG0306cw"]},{"@type":"Person","@id":"https:\/\/www.bellunopress.it\/#\/schema\/person\/79bb06722b37ece1c03d3e94beb30d73","name":"r\u00e9daction","image":{"@type":"ImageObject","inLanguage":"fr-FR","@id":"https:\/\/secure.gravatar.com\/avatar\/37d968a2e67a6fd04c169c4bdef102d0bc5d31b2546345219e348575eb80e9a0?s=96&d=mm&r=g","url":"https:\/\/secure.gravatar.com\/avatar\/37d968a2e67a6fd04c169c4bdef102d0bc5d31b2546345219e348575eb80e9a0?s=96&d=mm&r=g","contentUrl":"https:\/\/secure.gravatar.com\/avatar\/37d968a2e67a6fd04c169c4bdef102d0bc5d31b2546345219e348575eb80e9a0?s=96&d=mm&r=g","caption":"redazione"},"sameAs":["http:\/\/www.bellunopress.it","https:\/\/x.com\/bellunopress"],"url":"https:\/\/www.bellunopress.it\/fr\/author\/redazione\/"}]}},"_links":{"self":[{"href":"https:\/\/www.bellunopress.it\/fr\/wp-json\/wp\/v2\/posts\/142383","targetHints":{"allow":["GET"]}}],"collection":[{"href":"https:\/\/www.bellunopress.it\/fr\/wp-json\/wp\/v2\/posts"}],"about":[{"href":"https:\/\/www.bellunopress.it\/fr\/wp-json\/wp\/v2\/types\/post"}],"author":[{"embeddable":true,"href":"https:\/\/www.bellunopress.it\/fr\/wp-json\/wp\/v2\/users\/2"}],"replies":[{"embeddable":true,"href":"https:\/\/www.bellunopress.it\/fr\/wp-json\/wp\/v2\/comments?post=142383"}],"version-history":[{"count":1,"href":"https:\/\/www.bellunopress.it\/fr\/wp-json\/wp\/v2\/posts\/142383\/revisions"}],"predecessor-version":[{"id":142384,"href":"https:\/\/www.bellunopress.it\/fr\/wp-json\/wp\/v2\/posts\/142383\/revisions\/142384"}],"wp:featuredmedia":[{"embeddable":true,"href":"https:\/\/www.bellunopress.it\/fr\/wp-json\/wp\/v2\/media\/112809"}],"wp:attachment":[{"href":"https:\/\/www.bellunopress.it\/fr\/wp-json\/wp\/v2\/media?parent=142383"}],"wp:term":[{"taxonomy":"category","embeddable":true,"href":"https:\/\/www.bellunopress.it\/fr\/wp-json\/wp\/v2\/categories?post=142383"},{"taxonomy":"post_tag","embeddable":true,"href":"https:\/\/www.bellunopress.it\/fr\/wp-json\/wp\/v2\/tags?post=142383"}],"curies":[{"name":"wp","href":"https:\/\/api.w.org\/{rel}","templated":true}]}}