{"id":14196,"date":"2010-04-05T22:26:30","date_gmt":"2010-04-05T21:26:30","guid":{"rendered":"http:\/\/www.bellunopress.it\/?p=14196"},"modified":"2010-04-05T22:26:30","modified_gmt":"2010-04-05T21:26:30","slug":"il-ricordo-di-dolomiti-stars-per-oscar-bonsembiante","status":"publish","type":"post","link":"https:\/\/www.bellunopress.it\/fr\/2010\/04\/05\/il-ricordo-di-dolomiti-stars-per-oscar-bonsembiante\/","title":{"rendered":"Il ricordo di Dolomiti Stars per Oscar Bonsembiante"},"content":{"rendered":"<figure id=\"attachment_14198\" aria-describedby=\"caption-attachment-14198\" style=\"width: 270px\" class=\"wp-caption alignleft\"><a href=\"http:\/\/www.bellunopress.it\/wp-content\/uploads\/2010\/04\/oscar-bonsembiante.jpg\"><img loading=\"lazy\" decoding=\"async\" class=\"size-medium wp-image-14198\" title=\"oscar-bonsembiante\" src=\"http:\/\/www.bellunopress.it\/wp-content\/uploads\/2010\/04\/oscar-bonsembiante.jpg\" alt=\"Oscar Bonsembiante\" width=\"270\" height=\"270\" \/><\/a><figcaption id=\"caption-attachment-14198\" class=\"wp-caption-text\">Oscar Bonsembiante<\/figcaption><\/figure>\n<p>Dolomiti Stars ricorda con affetto, stima e amicizia Oscar Bonsembiante\u00a0 tragicamente morto travolto da una valanga lo scorso venerd\u00ec 2 aprile. Bonsembiante, maestro di sci e allenatore della nazionale sci disabili era il presidente dell\u2019Associazione Brinpower dedita alla promozione e all\u2019insegnamento dello sci ai disabili con due centri proprio nell\u2019are Dolomiti Stars uno ad Alleghe, nello Ski Civetta, e l\u2019altro a Malga Ciapela nella ski area Marmolada. \u201cOriginario della marca trevigiana possiamo dire che Oscar era stato adottato dalle nostre montagne \u2013 spiega Sergio Pra, Presidente di Dolomiti Stars &#8211; . Con il suo operato si era fatto conoscere e apprezzare da tutta la comunit\u00e0, impegnandosi nella promozione e lo sviluppo del territorio e dei servizi. Montagne che erano la sua vita ma che purtroppo se lo sono portato via, troppo presto. La sua scomparsa lascia un grande vuoto in tutti quelli che lo hanno conosciuto e che hanno avuto l\u2019opportunit\u00e0 di lavorare e collaborare assieme a lui e alla sua associazione Brinpower. Ci resta il ricordo di un grande professionista e un\u2019ottima persona anche sotto il profilo umano. Parole di stima e ammirazione che per\u00f2 non bastano a colmare il vuoto lasciato da Oscar. Lo staff di Dolomiti Stars, dell\u2019Alleghe Funivie e l\u2019intera comunit\u00e0 \u2013 continua Pra -, sono vicini alla famiglia di Oscar in questo difficile momento di dolore. L\u2019auspicio pi\u00f9 grande \u00e8 che qualcuno posa portare avanti con lo stesso impegno e la stessa passione il suo progetto legato allo sci e ai disabili.\u201d<\/p>","protected":false},"excerpt":{"rendered":"<p>Dolomiti Stars ricorda con affetto, stima e amicizia Oscar Bonsembiante\u00a0 tragicamente morto travolto da una valanga lo scorso venerd\u00ec 2 aprile. Bonsembiante, maestro di sci e allenatore della nazionale sci disabili era il presidente dell\u2019Associazione Brinpower dedita alla promozione e all\u2019insegnamento dello sci ai disabili con due centri proprio nell\u2019are Dolomiti Stars uno ad Alleghe, [&hellip;]<\/p>\n","protected":false},"author":2,"featured_media":0,"comment_status":"closed","ping_status":"open","sticky":false,"template":"","format":"standard","meta":{"footnotes":""},"categories":[5,26],"tags":[1117,1116,1115,1118],"class_list":["post-14196","post","type-post","status-publish","format-standard","category-cronaca","category-prima-pagina","tag-alleghe-funivie","tag-dolomiti-stars","tag-oscar-bonsembiante","tag-sergio-pra"],"yoast_head":"<!-- This site is optimized with the Yoast SEO plugin v28.4 - https:\/\/yoast.com\/product\/yoast-seo-wordpress\/ -->\n<title>Il ricordo di Dolomiti Stars per Oscar Bonsembiante - Bellunopress - Dolomiti<\/title>\n<meta name=\"robots\" content=\"index, follow, max-snippet:-1, max-image-preview:large, max-video-preview:-1\" \/>\n<link rel=\"canonical\" href=\"https:\/\/www.bellunopress.it\/fr\/2010\/04\/05\/il-ricordo-di-dolomiti-stars-per-oscar-bonsembiante\/\" \/>\n<meta property=\"og:locale\" content=\"fr_FR\" \/>\n<meta property=\"og:type\" content=\"article\" \/>\n<meta property=\"og:title\" content=\"Il ricordo di Dolomiti Stars per Oscar Bonsembiante - Bellunopress - Dolomiti\" \/>\n<meta property=\"og:description\" content=\"Dolomiti Stars ricorda con affetto, stima e amicizia Oscar Bonsembiante\u00a0 tragicamente morto travolto da una valanga lo scorso venerd\u00ec 2 aprile. Bonsembiante, maestro di sci e allenatore della nazionale sci disabili era il presidente dell\u2019Associazione Brinpower dedita alla promozione e all\u2019insegnamento dello sci ai disabili con due centri proprio nell\u2019are Dolomiti Stars uno ad Alleghe, [&hellip;]\" \/>\n<meta property=\"og:url\" content=\"https:\/\/www.bellunopress.it\/fr\/2010\/04\/05\/il-ricordo-di-dolomiti-stars-per-oscar-bonsembiante\/\" \/>\n<meta property=\"og:site_name\" content=\"Bellunopress - Dolomiti\" \/>\n<meta property=\"article:publisher\" content=\"https:\/\/www.facebook.com\/profile.php?id=100008943462799\" \/>\n<meta property=\"article:published_time\" content=\"2010-04-05T21:26:30+00:00\" \/>\n<meta property=\"og:image\" content=\"http:\/\/www.bellunopress.it\/wp-content\/uploads\/2010\/04\/oscar-bonsembiante.jpg\" \/>\n<meta name=\"author\" content=\"redazione\" \/>\n<meta name=\"twitter:card\" content=\"summary_large_image\" \/>\n<meta name=\"twitter:creator\" content=\"@bellunopress\" \/>\n<meta name=\"twitter:site\" content=\"@bellunopress\" \/>\n<meta name=\"twitter:label1\" content=\"\u00c9crit par\" \/>\n\t<meta name=\"twitter:data1\" content=\"redazione\" \/>\n\t<meta name=\"twitter:label2\" content=\"Dur\u00e9e de lecture estim\u00e9e\" \/>\n\t<meta name=\"twitter:data2\" content=\"1 minute\" \/>\n<script type=\"application\/ld+json\" class=\"yoast-schema-graph\">{\"@context\":\"https:\\\/\\\/schema.org\",\"@graph\":[{\"@type\":\"Article\",\"@id\":\"https:\\\/\\\/www.bellunopress.it\\\/2010\\\/04\\\/05\\\/il-ricordo-di-dolomiti-stars-per-oscar-bonsembiante\\\/#article\",\"isPartOf\":{\"@id\":\"https:\\\/\\\/www.bellunopress.it\\\/2010\\\/04\\\/05\\\/il-ricordo-di-dolomiti-stars-per-oscar-bonsembiante\\\/\"},\"author\":{\"name\":\"redazione\",\"@id\":\"https:\\\/\\\/www.bellunopress.it\\\/#\\\/schema\\\/person\\\/79bb06722b37ece1c03d3e94beb30d73\"},\"headline\":\"Il ricordo di Dolomiti Stars per Oscar Bonsembiante\",\"datePublished\":\"2010-04-05T21:26:30+00:00\",\"mainEntityOfPage\":{\"@id\":\"https:\\\/\\\/www.bellunopress.it\\\/2010\\\/04\\\/05\\\/il-ricordo-di-dolomiti-stars-per-oscar-bonsembiante\\\/\"},\"wordCount\":269,\"publisher\":{\"@id\":\"https:\\\/\\\/www.bellunopress.it\\\/#organization\"},\"image\":{\"@id\":\"https:\\\/\\\/www.bellunopress.it\\\/2010\\\/04\\\/05\\\/il-ricordo-di-dolomiti-stars-per-oscar-bonsembiante\\\/#primaryimage\"},\"thumbnailUrl\":\"http:\\\/\\\/www.bellunopress.it\\\/wp-content\\\/uploads\\\/2010\\\/04\\\/oscar-bonsembiante.jpg\",\"keywords\":[\"Alleghe funivie\",\"Dolomiti stars\",\"Oscar Bonsembiante\",\"Sergio Pra\"],\"articleSection\":[\"Cronaca\\\/Politica\",\"Prima Pagina\"],\"inLanguage\":\"fr-FR\"},{\"@type\":\"WebPage\",\"@id\":\"https:\\\/\\\/www.bellunopress.it\\\/2010\\\/04\\\/05\\\/il-ricordo-di-dolomiti-stars-per-oscar-bonsembiante\\\/\",\"url\":\"https:\\\/\\\/www.bellunopress.it\\\/2010\\\/04\\\/05\\\/il-ricordo-di-dolomiti-stars-per-oscar-bonsembiante\\\/\",\"name\":\"Il ricordo di Dolomiti Stars per Oscar Bonsembiante - Bellunopress - Dolomiti\",\"isPartOf\":{\"@id\":\"https:\\\/\\\/www.bellunopress.it\\\/#website\"},\"primaryImageOfPage\":{\"@id\":\"https:\\\/\\\/www.bellunopress.it\\\/2010\\\/04\\\/05\\\/il-ricordo-di-dolomiti-stars-per-oscar-bonsembiante\\\/#primaryimage\"},\"image\":{\"@id\":\"https:\\\/\\\/www.bellunopress.it\\\/2010\\\/04\\\/05\\\/il-ricordo-di-dolomiti-stars-per-oscar-bonsembiante\\\/#primaryimage\"},\"thumbnailUrl\":\"http:\\\/\\\/www.bellunopress.it\\\/wp-content\\\/uploads\\\/2010\\\/04\\\/oscar-bonsembiante.jpg\",\"datePublished\":\"2010-04-05T21:26:30+00:00\",\"breadcrumb\":{\"@id\":\"https:\\\/\\\/www.bellunopress.it\\\/2010\\\/04\\\/05\\\/il-ricordo-di-dolomiti-stars-per-oscar-bonsembiante\\\/#breadcrumb\"},\"inLanguage\":\"fr-FR\",\"potentialAction\":[{\"@type\":\"ReadAction\",\"target\":[\"https:\\\/\\\/www.bellunopress.it\\\/2010\\\/04\\\/05\\\/il-ricordo-di-dolomiti-stars-per-oscar-bonsembiante\\\/\"]}]},{\"@type\":\"ImageObject\",\"inLanguage\":\"fr-FR\",\"@id\":\"https:\\\/\\\/www.bellunopress.it\\\/2010\\\/04\\\/05\\\/il-ricordo-di-dolomiti-stars-per-oscar-bonsembiante\\\/#primaryimage\",\"url\":\"http:\\\/\\\/www.bellunopress.it\\\/wp-content\\\/uploads\\\/2010\\\/04\\\/oscar-bonsembiante.jpg\",\"contentUrl\":\"http:\\\/\\\/www.bellunopress.it\\\/wp-content\\\/uploads\\\/2010\\\/04\\\/oscar-bonsembiante.jpg\"},{\"@type\":\"BreadcrumbList\",\"@id\":\"https:\\\/\\\/www.bellunopress.it\\\/2010\\\/04\\\/05\\\/il-ricordo-di-dolomiti-stars-per-oscar-bonsembiante\\\/#breadcrumb\",\"itemListElement\":[{\"@type\":\"ListItem\",\"position\":1,\"name\":\"Home\",\"item\":\"https:\\\/\\\/www.bellunopress.it\\\/\"},{\"@type\":\"ListItem\",\"position\":2,\"name\":\"Il ricordo di Dolomiti Stars per Oscar Bonsembiante\"}]},{\"@type\":\"WebSite\",\"@id\":\"https:\\\/\\\/www.bellunopress.it\\\/#website\",\"url\":\"https:\\\/\\\/www.bellunopress.it\\\/\",\"name\":\"Bellunopress - Dolomiti\",\"description\":\"e-mail: redazione@bellunopress.it\",\"publisher\":{\"@id\":\"https:\\\/\\\/www.bellunopress.it\\\/#organization\"},\"potentialAction\":[{\"@type\":\"SearchAction\",\"target\":{\"@type\":\"EntryPoint\",\"urlTemplate\":\"https:\\\/\\\/www.bellunopress.it\\\/?s={search_term_string}\"},\"query-input\":{\"@type\":\"PropertyValueSpecification\",\"valueRequired\":true,\"valueName\":\"search_term_string\"}}],\"inLanguage\":\"fr-FR\"},{\"@type\":\"Organization\",\"@id\":\"https:\\\/\\\/www.bellunopress.it\\\/#organization\",\"name\":\"Bellunopress\",\"url\":\"https:\\\/\\\/www.bellunopress.it\\\/\",\"logo\":{\"@type\":\"ImageObject\",\"inLanguage\":\"fr-FR\",\"@id\":\"https:\\\/\\\/www.bellunopress.it\\\/#\\\/schema\\\/logo\\\/image\\\/\",\"url\":\"https:\\\/\\\/www.bellunopress.it\\\/wp-content\\\/uploads\\\/2011\\\/05\\\/cropped-logo-bellunopress-.jpg\",\"contentUrl\":\"https:\\\/\\\/www.bellunopress.it\\\/wp-content\\\/uploads\\\/2011\\\/05\\\/cropped-logo-bellunopress-.jpg\",\"width\":512,\"height\":512,\"caption\":\"Bellunopress\"},\"image\":{\"@id\":\"https:\\\/\\\/www.bellunopress.it\\\/#\\\/schema\\\/logo\\\/image\\\/\"},\"sameAs\":[\"https:\\\/\\\/www.facebook.com\\\/profile.php?id=100008943462799\",\"https:\\\/\\\/x.com\\\/bellunopress\",\"https:\\\/\\\/www.linkedin.com\\\/hp\\\/?dnr=JBzUWaJfMUw8vbXJJ2tVW5-I3jZKvC4wsoxE&amp;amp;amp;amp;amp;amp;trk=nav_responsive_tab_home\",\"https:\\\/\\\/www.youtube.com\\\/channel\\\/UCxL0wu1uN0_3_7hGG0306cw\"]},{\"@type\":\"Person\",\"@id\":\"https:\\\/\\\/www.bellunopress.it\\\/#\\\/schema\\\/person\\\/79bb06722b37ece1c03d3e94beb30d73\",\"name\":\"redazione\",\"image\":{\"@type\":\"ImageObject\",\"inLanguage\":\"fr-FR\",\"@id\":\"https:\\\/\\\/secure.gravatar.com\\\/avatar\\\/37d968a2e67a6fd04c169c4bdef102d0bc5d31b2546345219e348575eb80e9a0?s=96&d=mm&r=g\",\"url\":\"https:\\\/\\\/secure.gravatar.com\\\/avatar\\\/37d968a2e67a6fd04c169c4bdef102d0bc5d31b2546345219e348575eb80e9a0?s=96&d=mm&r=g\",\"contentUrl\":\"https:\\\/\\\/secure.gravatar.com\\\/avatar\\\/37d968a2e67a6fd04c169c4bdef102d0bc5d31b2546345219e348575eb80e9a0?s=96&d=mm&r=g\",\"caption\":\"redazione\"},\"sameAs\":[\"http:\\\/\\\/www.bellunopress.it\",\"https:\\\/\\\/x.com\\\/bellunopress\"],\"url\":\"https:\\\/\\\/www.bellunopress.it\\\/fr\\\/author\\\/redazione\\\/\"}]}<\/script>\n<!-- \/ Yoast SEO plugin. -->","yoast_head_json":{"title":"Il ricordo di Dolomiti Stars per Oscar Bonsembiante - Bellunopress - Dolomiti","robots":{"index":"index","follow":"follow","max-snippet":"max-snippet:-1","max-image-preview":"max-image-preview:large","max-video-preview":"max-video-preview:-1"},"canonical":"https:\/\/www.bellunopress.it\/fr\/2010\/04\/05\/il-ricordo-di-dolomiti-stars-per-oscar-bonsembiante\/","og_locale":"fr_FR","og_type":"article","og_title":"Il ricordo di Dolomiti Stars per Oscar Bonsembiante - Bellunopress - Dolomiti","og_description":"Dolomiti Stars ricorda con affetto, stima e amicizia Oscar Bonsembiante\u00a0 tragicamente morto travolto da una valanga lo scorso venerd\u00ec 2 aprile. Bonsembiante, maestro di sci e allenatore della nazionale sci disabili era il presidente dell\u2019Associazione Brinpower dedita alla promozione e all\u2019insegnamento dello sci ai disabili con due centri proprio nell\u2019are Dolomiti Stars uno ad Alleghe, [&hellip;]","og_url":"https:\/\/www.bellunopress.it\/fr\/2010\/04\/05\/il-ricordo-di-dolomiti-stars-per-oscar-bonsembiante\/","og_site_name":"Bellunopress - Dolomiti","article_publisher":"https:\/\/www.facebook.com\/profile.php?id=100008943462799","article_published_time":"2010-04-05T21:26:30+00:00","og_image":[{"url":"http:\/\/www.bellunopress.it\/wp-content\/uploads\/2010\/04\/oscar-bonsembiante.jpg","type":"","width":"","height":""}],"author":"redazione","twitter_card":"summary_large_image","twitter_creator":"@bellunopress","twitter_site":"@bellunopress","twitter_misc":{"\u00c9crit par":"redazione","Dur\u00e9e de lecture estim\u00e9e":"1 minute"},"schema":{"@context":"https:\/\/schema.org","@graph":[{"@type":"Article","@id":"https:\/\/www.bellunopress.it\/2010\/04\/05\/il-ricordo-di-dolomiti-stars-per-oscar-bonsembiante\/#article","isPartOf":{"@id":"https:\/\/www.bellunopress.it\/2010\/04\/05\/il-ricordo-di-dolomiti-stars-per-oscar-bonsembiante\/"},"author":{"name":"redazione","@id":"https:\/\/www.bellunopress.it\/#\/schema\/person\/79bb06722b37ece1c03d3e94beb30d73"},"headline":"Il ricordo di Dolomiti Stars per Oscar Bonsembiante","datePublished":"2010-04-05T21:26:30+00:00","mainEntityOfPage":{"@id":"https:\/\/www.bellunopress.it\/2010\/04\/05\/il-ricordo-di-dolomiti-stars-per-oscar-bonsembiante\/"},"wordCount":269,"publisher":{"@id":"https:\/\/www.bellunopress.it\/#organization"},"image":{"@id":"https:\/\/www.bellunopress.it\/2010\/04\/05\/il-ricordo-di-dolomiti-stars-per-oscar-bonsembiante\/#primaryimage"},"thumbnailUrl":"http:\/\/www.bellunopress.it\/wp-content\/uploads\/2010\/04\/oscar-bonsembiante.jpg","keywords":["Alleghe funivie","Dolomiti stars","Oscar Bonsembiante","Sergio Pra"],"articleSection":["Cronaca\/Politica","Prima Pagina"],"inLanguage":"fr-FR"},{"@type":"WebPage","@id":"https:\/\/www.bellunopress.it\/2010\/04\/05\/il-ricordo-di-dolomiti-stars-per-oscar-bonsembiante\/","url":"https:\/\/www.bellunopress.it\/2010\/04\/05\/il-ricordo-di-dolomiti-stars-per-oscar-bonsembiante\/","name":"Il ricordo di Dolomiti Stars per Oscar Bonsembiante - Bellunopress - Dolomiti","isPartOf":{"@id":"https:\/\/www.bellunopress.it\/#website"},"primaryImageOfPage":{"@id":"https:\/\/www.bellunopress.it\/2010\/04\/05\/il-ricordo-di-dolomiti-stars-per-oscar-bonsembiante\/#primaryimage"},"image":{"@id":"https:\/\/www.bellunopress.it\/2010\/04\/05\/il-ricordo-di-dolomiti-stars-per-oscar-bonsembiante\/#primaryimage"},"thumbnailUrl":"http:\/\/www.bellunopress.it\/wp-content\/uploads\/2010\/04\/oscar-bonsembiante.jpg","datePublished":"2010-04-05T21:26:30+00:00","breadcrumb":{"@id":"https:\/\/www.bellunopress.it\/2010\/04\/05\/il-ricordo-di-dolomiti-stars-per-oscar-bonsembiante\/#breadcrumb"},"inLanguage":"fr-FR","potentialAction":[{"@type":"ReadAction","target":["https:\/\/www.bellunopress.it\/2010\/04\/05\/il-ricordo-di-dolomiti-stars-per-oscar-bonsembiante\/"]}]},{"@type":"ImageObject","inLanguage":"fr-FR","@id":"https:\/\/www.bellunopress.it\/2010\/04\/05\/il-ricordo-di-dolomiti-stars-per-oscar-bonsembiante\/#primaryimage","url":"http:\/\/www.bellunopress.it\/wp-content\/uploads\/2010\/04\/oscar-bonsembiante.jpg","contentUrl":"http:\/\/www.bellunopress.it\/wp-content\/uploads\/2010\/04\/oscar-bonsembiante.jpg"},{"@type":"BreadcrumbList","@id":"https:\/\/www.bellunopress.it\/2010\/04\/05\/il-ricordo-di-dolomiti-stars-per-oscar-bonsembiante\/#breadcrumb","itemListElement":[{"@type":"ListItem","position":1,"name":"Home","item":"https:\/\/www.bellunopress.it\/"},{"@type":"ListItem","position":2,"name":"Il ricordo di Dolomiti Stars per Oscar Bonsembiante"}]},{"@type":"WebSite","@id":"https:\/\/www.bellunopress.it\/#website","url":"https:\/\/www.bellunopress.it\/","name":"Bellunopress - Dolomiti","description":"e-mail: redazione@bellunopress.it","publisher":{"@id":"https:\/\/www.bellunopress.it\/#organization"},"potentialAction":[{"@type":"SearchAction","target":{"@type":"EntryPoint","urlTemplate":"https:\/\/www.bellunopress.it\/?s={search_term_string}"},"query-input":{"@type":"PropertyValueSpecification","valueRequired":true,"valueName":"search_term_string"}}],"inLanguage":"fr-FR"},{"@type":"Organization","@id":"https:\/\/www.bellunopress.it\/#organization","name":"Bellunopress","url":"https:\/\/www.bellunopress.it\/","logo":{"@type":"ImageObject","inLanguage":"fr-FR","@id":"https:\/\/www.bellunopress.it\/#\/schema\/logo\/image\/","url":"https:\/\/www.bellunopress.it\/wp-content\/uploads\/2011\/05\/cropped-logo-bellunopress-.jpg","contentUrl":"https:\/\/www.bellunopress.it\/wp-content\/uploads\/2011\/05\/cropped-logo-bellunopress-.jpg","width":512,"height":512,"caption":"Bellunopress"},"image":{"@id":"https:\/\/www.bellunopress.it\/#\/schema\/logo\/image\/"},"sameAs":["https:\/\/www.facebook.com\/profile.php?id=100008943462799","https:\/\/x.com\/bellunopress","https:\/\/www.linkedin.com\/hp\/?dnr=JBzUWaJfMUw8vbXJJ2tVW5-I3jZKvC4wsoxE&amp;amp;amp;amp;amp;amp;trk=nav_responsive_tab_home","https:\/\/www.youtube.com\/channel\/UCxL0wu1uN0_3_7hGG0306cw"]},{"@type":"Person","@id":"https:\/\/www.bellunopress.it\/#\/schema\/person\/79bb06722b37ece1c03d3e94beb30d73","name":"r\u00e9daction","image":{"@type":"ImageObject","inLanguage":"fr-FR","@id":"https:\/\/secure.gravatar.com\/avatar\/37d968a2e67a6fd04c169c4bdef102d0bc5d31b2546345219e348575eb80e9a0?s=96&d=mm&r=g","url":"https:\/\/secure.gravatar.com\/avatar\/37d968a2e67a6fd04c169c4bdef102d0bc5d31b2546345219e348575eb80e9a0?s=96&d=mm&r=g","contentUrl":"https:\/\/secure.gravatar.com\/avatar\/37d968a2e67a6fd04c169c4bdef102d0bc5d31b2546345219e348575eb80e9a0?s=96&d=mm&r=g","caption":"redazione"},"sameAs":["http:\/\/www.bellunopress.it","https:\/\/x.com\/bellunopress"],"url":"https:\/\/www.bellunopress.it\/fr\/author\/redazione\/"}]}},"_links":{"self":[{"href":"https:\/\/www.bellunopress.it\/fr\/wp-json\/wp\/v2\/posts\/14196","targetHints":{"allow":["GET"]}}],"collection":[{"href":"https:\/\/www.bellunopress.it\/fr\/wp-json\/wp\/v2\/posts"}],"about":[{"href":"https:\/\/www.bellunopress.it\/fr\/wp-json\/wp\/v2\/types\/post"}],"author":[{"embeddable":true,"href":"https:\/\/www.bellunopress.it\/fr\/wp-json\/wp\/v2\/users\/2"}],"replies":[{"embeddable":true,"href":"https:\/\/www.bellunopress.it\/fr\/wp-json\/wp\/v2\/comments?post=14196"}],"version-history":[{"count":1,"href":"https:\/\/www.bellunopress.it\/fr\/wp-json\/wp\/v2\/posts\/14196\/revisions"}],"predecessor-version":[{"id":14199,"href":"https:\/\/www.bellunopress.it\/fr\/wp-json\/wp\/v2\/posts\/14196\/revisions\/14199"}],"wp:attachment":[{"href":"https:\/\/www.bellunopress.it\/fr\/wp-json\/wp\/v2\/media?parent=14196"}],"wp:term":[{"taxonomy":"category","embeddable":true,"href":"https:\/\/www.bellunopress.it\/fr\/wp-json\/wp\/v2\/categories?post=14196"},{"taxonomy":"post_tag","embeddable":true,"href":"https:\/\/www.bellunopress.it\/fr\/wp-json\/wp\/v2\/tags?post=14196"}],"curies":[{"name":"wp","href":"https:\/\/api.w.org\/{rel}","templated":true}]}}