{"id":14192,"date":"2010-04-05T10:38:14","date_gmt":"2010-04-05T09:38:14","guid":{"rendered":"http:\/\/www.bellunopress.it\/?p=14192"},"modified":"2010-04-05T10:38:14","modified_gmt":"2010-04-05T09:38:14","slug":"il-tesoro-perduto-della-contessa-l%e2%80%99incendio-di-villa-sant%e2%80%99ubertus-nel-1915","status":"publish","type":"post","link":"https:\/\/www.bellunopress.it\/fr\/2010\/04\/05\/il-tesoro-perduto-della-contessa-l%e2%80%99incendio-di-villa-sant%e2%80%99ubertus-nel-1915\/","title":{"rendered":"Il tesoro perduto della contessa. L\u2019incendio di Villa Sant\u2019Ubertus nel 1915"},"content":{"rendered":"<p><a href=\"http:\/\/www.bellunopress.it\/wp-content\/uploads\/2010\/04\/villa-sant-ubertus.jpg\"><img loading=\"lazy\" decoding=\"async\" class=\"alignleft size-medium wp-image-14193\" title=\"villa-sant-ubertus\" src=\"http:\/\/www.bellunopress.it\/wp-content\/uploads\/2010\/04\/villa-sant-ubertus.jpg\" alt=\"\" width=\"290\" height=\"179\" \/><\/a>Per gli Speciali di Bellunopress, proponiamo una storia del secolo scorso, della contessa Emily Bury e dell&#8217;argenteria perduta.\u00a0 Per quattro secoli Ampezzo ha avuto il meglio dell&#8217;Italia. Dalla lingua al clima alle tradizioni ai commerci, senza doverne sopportare i pesi. Ultimi quelli imposti dall&#8217;unificazione e dalla politica di guerre che dissanguano il popolo. Il Cadore aveva perso quasi met\u00e0 della popolazione emigrata oltreoceano. Mentre il turismo aveva arricchito Ampezzo che addirittura accoglieva emigranti dal Veneto e dalle vallate tirolesi. Il Capitanato d&#8217;Ampezzo, il pi\u00f9 piccolo del Tirolo e dell&#8217;Impero, godeva di un eccellente governo della cosa pubblica. L&#8217;amministrazione della giustizia era veloce e il sistema scolastico buono e gratuito. A mantenere la quiete pubblica erano sufficienti quattro gendarmi ed un sergente. Le diligenze in quattro ore portavano i ricchi, d&#8217;anno in anno pi\u00f9 numerosi, al treno di Dobbiaco, da dove si raggiungeva l\u2019Europa. E gli studenti frequentavano le universit\u00e0 di Vienna, Praga e Innsbruck. E\u2019 pressappoco quanto scrive Mario Ferruccio Belli nella storia di \u201cCortina d\u2019Ampezzo 1914-1918: dall&#8217;Austria all&#8217;Italia \u201d. In questo piccolo paradiso terrestre in quella \u201cFelix Austria\u201d di cui Cortina rappresentava la \u201csentinella avanzata sul confine meridionale\u201d, due contesse inglesi, Emily Howard Bury di Charville Forest e Anna Powers miliardaria americana ex moglie dell\u2019ammiraglio\u00a0 Potts, decidono di far costruire una villa per la caccia al camoscio. Cos\u00ec, nel 1898, sorge Villa Sant\u2019Hubertus, una splendida dimora dalle fattezze di un castello incantato in localit\u00e0 Son Pouses, su un terreno di 10 mila metri acquistato l&#8217;anno prima dal Comune di Cortina e che si trova a lato della strada che da Cortina porta a Dobbiaco. Oltre a questo castello, con varie stanze, saloni e le torri, c&#8217;erano due altri fabbricati, la casetta per il personale e le scuderie con la rimessa delle carrozze. Le contesse alloggiavano per lunghi periodi dell&#8217;anno, soprattutto nella stagione della caccia al camoscio. Ma il 3 novembre del 1906 durante una battuta di caccia Anna Powers Potts muore stroncata da un infarto. Aveva 40 anni, un viso dolce di bambola, la sua salma viene trasferita a Zurigo per la cremazione (era di religione anglicana) e le sue ceneri vengono poi riportate in un&#8217;urna a forma di cuore, che riposa in qualche angolo segreto di Son Pouses. Erede universale della contessa \u00e8 il figlio, il conte Templin Morris Pott, ufficiale della marina americana in servizio nelle Filippine, che non \u00e8 per niente interessato alla villa. E firma una procura generale a favore della contessa Emily Howard Bury, che per ricordare l\u2019amica scomparsa,\u00a0 fa costruire un sanatorio per gli ammalati di tubercolosi a Cortina. Finito nel 1909 la struttura non viene mai aperta per motivi burocratici. <a href=\"http:\/\/www.bellunopress.it\/wp-content\/uploads\/2010\/04\/contessa-emily-howard-bury-2.jpg\"><img loading=\"lazy\" decoding=\"async\" class=\"alignright size-medium wp-image-14194\" title=\"contessa-emily-howard-bury-2\" src=\"http:\/\/www.bellunopress.it\/wp-content\/uploads\/2010\/04\/contessa-emily-howard-bury-2.jpg\" alt=\"\" width=\"195\" height=\"280\" \/><\/a>La contessa Emily Bury decide allora di vendere il manufatto per 90mila corone alla famiglia Verzi, che lo trasforma in albergo. Con il ricavato viene costituita la Fondazione Emily Howard Bury, con lo scopo di aiutare i poveri di Cortina. La fiaba s\u2019interrompe definitivamente il 23 maggio 1915 quando l\u2019imperatore d\u2019Austria Francesco Giuseppe d\u2019Asburgo riceve la dichiarazione di guerra dall\u2019Italia. La notizia giunge a Cortina il giorno dopo. Ai pochi standschuetzen ancora in paese, in gran parte reduci ammalati o feriti, viene ordinato di ripiegare dietro Son Pauses. Il 25 maggio in paese restano solo donne, vecchi e bambini. L&#8217;esercito italiano non si fa ancora vedere. Solo nel tardo pomeriggio del 28 una pattuglia italiana con 18 soldati al comando del tenente Edmondo Matter scende dal passo Tre Croci e si presenta in municipio. Qui c\u2019\u00e8 il capocomune Agostino Demai che insieme al parroco Antonio Pallua viene invitato a raggiungere il passo, dove il maggiore Bosi rende note le istruzioni prima che i soldati scendano ad occupare il paese. Il 29 maggio 1915 l&#8217;esercito italiano, su due colonne, una da San Vito e l&#8217;altra dal Tre Croci, prendono possesso di Cortina, senza sparare un colpo. Gli austriaci avevano gi\u00e0 abbandonato il confine di Acquabona ed erano arretrati in direzione Dobbiaco fino a Son Pauses, in prossimit\u00e0 di Villa St. Hubertus. E temendo che la villa potesse servire da rifugio agli italiani, decidono d\u2019incendiarla. Prima di farlo per\u00f2, il comandante Bortolo Alver\u00e0 ordina agli standsch\u00fctzen di prelevare tutti gli oggetti preziosi, tappeti persiani e perfino un pianoforte a coda che finisce nelle trincee austriache. Ma il vero tesoro, le pregiate argenterie di famiglia, vengono trafugate dall\u2019ex maggiordomo che nasconde il tesoro nel bosco, sotto il pino cembro pi\u00f9 alto. Ma non potr\u00e0 recuperarlo, perch\u00e9 nei giorni che seguirono gli italiani scaricarono tonnellate di proiettili su Son Pauses, sconvolgendo addirittura la fisionomia della montagna. Seppellendo cos\u00ec per sempre il tesoro della contessa. (rdn)<\/p>","protected":false},"excerpt":{"rendered":"<p>Per gli Speciali di Bellunopress, proponiamo una storia del secolo scorso, della contessa Emily Bury e dell&#8217;argenteria perduta.\u00a0 Per quattro secoli Ampezzo ha avuto il meglio dell&#8217;Italia. Dalla lingua al clima alle tradizioni ai commerci, senza doverne sopportare i pesi. Ultimi quelli imposti dall&#8217;unificazione e dalla politica di guerre che dissanguano il popolo. Il Cadore [&hellip;]<\/p>\n","protected":false},"author":2,"featured_media":0,"comment_status":"closed","ping_status":"open","sticky":false,"template":"","format":"standard","meta":{"footnotes":""},"categories":[3,49],"tags":[1113,124,1112,1111,1114,1110],"class_list":["post-14192","post","type-post","status-publish","format-standard","category-arte-cultura-spettacoli-scienza-archivi","category-speciali","tag-anna-powers","tag-cortina-dampezzo","tag-emily-bury","tag-il-tesoro-perduto-della-contessa","tag-son-pauses","tag-villa-santubertus"],"yoast_head":"<!-- This site is optimized with the Yoast SEO plugin v28.4 - https:\/\/yoast.com\/product\/yoast-seo-wordpress\/ -->\n<title>Il tesoro perduto della contessa. L\u2019incendio di Villa Sant\u2019Ubertus nel 1915 - Bellunopress - Dolomiti<\/title>\n<meta name=\"robots\" content=\"index, follow, max-snippet:-1, max-image-preview:large, max-video-preview:-1\" \/>\n<link rel=\"canonical\" href=\"https:\/\/www.bellunopress.it\/fr\/2010\/04\/05\/il-tesoro-perduto-della-contessa-l\u2019incendio-di-villa-sant\u2019ubertus-nel-1915\/\" \/>\n<meta property=\"og:locale\" content=\"fr_FR\" \/>\n<meta property=\"og:type\" content=\"article\" \/>\n<meta property=\"og:title\" content=\"Il tesoro perduto della contessa. L\u2019incendio di Villa Sant\u2019Ubertus nel 1915 - Bellunopress - Dolomiti\" \/>\n<meta property=\"og:description\" content=\"Per gli Speciali di Bellunopress, proponiamo una storia del secolo scorso, della contessa Emily Bury e dell&#8217;argenteria perduta.\u00a0 Per quattro secoli Ampezzo ha avuto il meglio dell&#8217;Italia. Dalla lingua al clima alle tradizioni ai commerci, senza doverne sopportare i pesi. Ultimi quelli imposti dall&#8217;unificazione e dalla politica di guerre che dissanguano il popolo. Il Cadore [&hellip;]\" \/>\n<meta property=\"og:url\" content=\"https:\/\/www.bellunopress.it\/fr\/2010\/04\/05\/il-tesoro-perduto-della-contessa-l\u2019incendio-di-villa-sant\u2019ubertus-nel-1915\/\" \/>\n<meta property=\"og:site_name\" content=\"Bellunopress - Dolomiti\" \/>\n<meta property=\"article:publisher\" content=\"https:\/\/www.facebook.com\/profile.php?id=100008943462799\" \/>\n<meta property=\"article:published_time\" content=\"2010-04-05T09:38:14+00:00\" \/>\n<meta property=\"og:image\" content=\"http:\/\/www.bellunopress.it\/wp-content\/uploads\/2010\/04\/villa-sant-ubertus.jpg\" \/>\n<meta name=\"author\" content=\"redazione\" \/>\n<meta name=\"twitter:card\" content=\"summary_large_image\" \/>\n<meta name=\"twitter:creator\" content=\"@bellunopress\" \/>\n<meta name=\"twitter:site\" content=\"@bellunopress\" \/>\n<meta name=\"twitter:label1\" content=\"\u00c9crit par\" \/>\n\t<meta name=\"twitter:data1\" content=\"redazione\" \/>\n\t<meta name=\"twitter:label2\" content=\"Dur\u00e9e de lecture estim\u00e9e\" \/>\n\t<meta name=\"twitter:data2\" content=\"4 minutes\" \/>\n<script type=\"application\/ld+json\" class=\"yoast-schema-graph\">{\"@context\":\"https:\\\/\\\/schema.org\",\"@graph\":[{\"@type\":\"Article\",\"@id\":\"https:\\\/\\\/www.bellunopress.it\\\/2010\\\/04\\\/05\\\/il-tesoro-perduto-della-contessa-l%e2%80%99incendio-di-villa-sant%e2%80%99ubertus-nel-1915\\\/#article\",\"isPartOf\":{\"@id\":\"https:\\\/\\\/www.bellunopress.it\\\/2010\\\/04\\\/05\\\/il-tesoro-perduto-della-contessa-l%e2%80%99incendio-di-villa-sant%e2%80%99ubertus-nel-1915\\\/\"},\"author\":{\"name\":\"redazione\",\"@id\":\"https:\\\/\\\/www.bellunopress.it\\\/#\\\/schema\\\/person\\\/79bb06722b37ece1c03d3e94beb30d73\"},\"headline\":\"Il tesoro perduto della contessa. L\u2019incendio di Villa Sant\u2019Ubertus nel 1915\",\"datePublished\":\"2010-04-05T09:38:14+00:00\",\"mainEntityOfPage\":{\"@id\":\"https:\\\/\\\/www.bellunopress.it\\\/2010\\\/04\\\/05\\\/il-tesoro-perduto-della-contessa-l%e2%80%99incendio-di-villa-sant%e2%80%99ubertus-nel-1915\\\/\"},\"wordCount\":784,\"publisher\":{\"@id\":\"https:\\\/\\\/www.bellunopress.it\\\/#organization\"},\"image\":{\"@id\":\"https:\\\/\\\/www.bellunopress.it\\\/2010\\\/04\\\/05\\\/il-tesoro-perduto-della-contessa-l%e2%80%99incendio-di-villa-sant%e2%80%99ubertus-nel-1915\\\/#primaryimage\"},\"thumbnailUrl\":\"http:\\\/\\\/www.bellunopress.it\\\/wp-content\\\/uploads\\\/2010\\\/04\\\/villa-sant-ubertus.jpg\",\"keywords\":[\"Anna Powers\",\"Cortina d'Ampezzo\",\"Emily Bury\",\"Il tesoro perduto della contessa\",\"Son Pauses\",\"Villa Sant'Ubertus\"],\"articleSection\":[\"Arte, Cultura, Spettacoli, Scienza\",\"Gli speciali di Bellunopress\"],\"inLanguage\":\"fr-FR\"},{\"@type\":\"WebPage\",\"@id\":\"https:\\\/\\\/www.bellunopress.it\\\/2010\\\/04\\\/05\\\/il-tesoro-perduto-della-contessa-l%e2%80%99incendio-di-villa-sant%e2%80%99ubertus-nel-1915\\\/\",\"url\":\"https:\\\/\\\/www.bellunopress.it\\\/2010\\\/04\\\/05\\\/il-tesoro-perduto-della-contessa-l%e2%80%99incendio-di-villa-sant%e2%80%99ubertus-nel-1915\\\/\",\"name\":\"Il tesoro perduto della contessa. L\u2019incendio di Villa Sant\u2019Ubertus nel 1915 - Bellunopress - Dolomiti\",\"isPartOf\":{\"@id\":\"https:\\\/\\\/www.bellunopress.it\\\/#website\"},\"primaryImageOfPage\":{\"@id\":\"https:\\\/\\\/www.bellunopress.it\\\/2010\\\/04\\\/05\\\/il-tesoro-perduto-della-contessa-l%e2%80%99incendio-di-villa-sant%e2%80%99ubertus-nel-1915\\\/#primaryimage\"},\"image\":{\"@id\":\"https:\\\/\\\/www.bellunopress.it\\\/2010\\\/04\\\/05\\\/il-tesoro-perduto-della-contessa-l%e2%80%99incendio-di-villa-sant%e2%80%99ubertus-nel-1915\\\/#primaryimage\"},\"thumbnailUrl\":\"http:\\\/\\\/www.bellunopress.it\\\/wp-content\\\/uploads\\\/2010\\\/04\\\/villa-sant-ubertus.jpg\",\"datePublished\":\"2010-04-05T09:38:14+00:00\",\"breadcrumb\":{\"@id\":\"https:\\\/\\\/www.bellunopress.it\\\/2010\\\/04\\\/05\\\/il-tesoro-perduto-della-contessa-l%e2%80%99incendio-di-villa-sant%e2%80%99ubertus-nel-1915\\\/#breadcrumb\"},\"inLanguage\":\"fr-FR\",\"potentialAction\":[{\"@type\":\"ReadAction\",\"target\":[\"https:\\\/\\\/www.bellunopress.it\\\/2010\\\/04\\\/05\\\/il-tesoro-perduto-della-contessa-l%e2%80%99incendio-di-villa-sant%e2%80%99ubertus-nel-1915\\\/\"]}]},{\"@type\":\"ImageObject\",\"inLanguage\":\"fr-FR\",\"@id\":\"https:\\\/\\\/www.bellunopress.it\\\/2010\\\/04\\\/05\\\/il-tesoro-perduto-della-contessa-l%e2%80%99incendio-di-villa-sant%e2%80%99ubertus-nel-1915\\\/#primaryimage\",\"url\":\"http:\\\/\\\/www.bellunopress.it\\\/wp-content\\\/uploads\\\/2010\\\/04\\\/villa-sant-ubertus.jpg\",\"contentUrl\":\"http:\\\/\\\/www.bellunopress.it\\\/wp-content\\\/uploads\\\/2010\\\/04\\\/villa-sant-ubertus.jpg\"},{\"@type\":\"BreadcrumbList\",\"@id\":\"https:\\\/\\\/www.bellunopress.it\\\/2010\\\/04\\\/05\\\/il-tesoro-perduto-della-contessa-l%e2%80%99incendio-di-villa-sant%e2%80%99ubertus-nel-1915\\\/#breadcrumb\",\"itemListElement\":[{\"@type\":\"ListItem\",\"position\":1,\"name\":\"Home\",\"item\":\"https:\\\/\\\/www.bellunopress.it\\\/\"},{\"@type\":\"ListItem\",\"position\":2,\"name\":\"Il tesoro perduto della contessa. L\u2019incendio di Villa Sant\u2019Ubertus nel 1915\"}]},{\"@type\":\"WebSite\",\"@id\":\"https:\\\/\\\/www.bellunopress.it\\\/#website\",\"url\":\"https:\\\/\\\/www.bellunopress.it\\\/\",\"name\":\"Bellunopress - Dolomiti\",\"description\":\"e-mail: redazione@bellunopress.it\",\"publisher\":{\"@id\":\"https:\\\/\\\/www.bellunopress.it\\\/#organization\"},\"potentialAction\":[{\"@type\":\"SearchAction\",\"target\":{\"@type\":\"EntryPoint\",\"urlTemplate\":\"https:\\\/\\\/www.bellunopress.it\\\/?s={search_term_string}\"},\"query-input\":{\"@type\":\"PropertyValueSpecification\",\"valueRequired\":true,\"valueName\":\"search_term_string\"}}],\"inLanguage\":\"fr-FR\"},{\"@type\":\"Organization\",\"@id\":\"https:\\\/\\\/www.bellunopress.it\\\/#organization\",\"name\":\"Bellunopress\",\"url\":\"https:\\\/\\\/www.bellunopress.it\\\/\",\"logo\":{\"@type\":\"ImageObject\",\"inLanguage\":\"fr-FR\",\"@id\":\"https:\\\/\\\/www.bellunopress.it\\\/#\\\/schema\\\/logo\\\/image\\\/\",\"url\":\"https:\\\/\\\/www.bellunopress.it\\\/wp-content\\\/uploads\\\/2011\\\/05\\\/cropped-logo-bellunopress-.jpg\",\"contentUrl\":\"https:\\\/\\\/www.bellunopress.it\\\/wp-content\\\/uploads\\\/2011\\\/05\\\/cropped-logo-bellunopress-.jpg\",\"width\":512,\"height\":512,\"caption\":\"Bellunopress\"},\"image\":{\"@id\":\"https:\\\/\\\/www.bellunopress.it\\\/#\\\/schema\\\/logo\\\/image\\\/\"},\"sameAs\":[\"https:\\\/\\\/www.facebook.com\\\/profile.php?id=100008943462799\",\"https:\\\/\\\/x.com\\\/bellunopress\",\"https:\\\/\\\/www.linkedin.com\\\/hp\\\/?dnr=JBzUWaJfMUw8vbXJJ2tVW5-I3jZKvC4wsoxE&amp;amp;amp;amp;amp;amp;trk=nav_responsive_tab_home\",\"https:\\\/\\\/www.youtube.com\\\/channel\\\/UCxL0wu1uN0_3_7hGG0306cw\"]},{\"@type\":\"Person\",\"@id\":\"https:\\\/\\\/www.bellunopress.it\\\/#\\\/schema\\\/person\\\/79bb06722b37ece1c03d3e94beb30d73\",\"name\":\"redazione\",\"image\":{\"@type\":\"ImageObject\",\"inLanguage\":\"fr-FR\",\"@id\":\"https:\\\/\\\/secure.gravatar.com\\\/avatar\\\/37d968a2e67a6fd04c169c4bdef102d0bc5d31b2546345219e348575eb80e9a0?s=96&d=mm&r=g\",\"url\":\"https:\\\/\\\/secure.gravatar.com\\\/avatar\\\/37d968a2e67a6fd04c169c4bdef102d0bc5d31b2546345219e348575eb80e9a0?s=96&d=mm&r=g\",\"contentUrl\":\"https:\\\/\\\/secure.gravatar.com\\\/avatar\\\/37d968a2e67a6fd04c169c4bdef102d0bc5d31b2546345219e348575eb80e9a0?s=96&d=mm&r=g\",\"caption\":\"redazione\"},\"sameAs\":[\"http:\\\/\\\/www.bellunopress.it\",\"https:\\\/\\\/x.com\\\/bellunopress\"],\"url\":\"https:\\\/\\\/www.bellunopress.it\\\/fr\\\/author\\\/redazione\\\/\"}]}<\/script>\n<!-- \/ Yoast SEO plugin. -->","yoast_head_json":{"title":"Il tesoro perduto della contessa. L\u2019incendio di Villa Sant\u2019Ubertus nel 1915 - Bellunopress - Dolomiti","robots":{"index":"index","follow":"follow","max-snippet":"max-snippet:-1","max-image-preview":"max-image-preview:large","max-video-preview":"max-video-preview:-1"},"canonical":"https:\/\/www.bellunopress.it\/fr\/2010\/04\/05\/il-tesoro-perduto-della-contessa-l\u2019incendio-di-villa-sant\u2019ubertus-nel-1915\/","og_locale":"fr_FR","og_type":"article","og_title":"Il tesoro perduto della contessa. L\u2019incendio di Villa Sant\u2019Ubertus nel 1915 - Bellunopress - Dolomiti","og_description":"Per gli Speciali di Bellunopress, proponiamo una storia del secolo scorso, della contessa Emily Bury e dell&#8217;argenteria perduta.\u00a0 Per quattro secoli Ampezzo ha avuto il meglio dell&#8217;Italia. Dalla lingua al clima alle tradizioni ai commerci, senza doverne sopportare i pesi. Ultimi quelli imposti dall&#8217;unificazione e dalla politica di guerre che dissanguano il popolo. Il Cadore [&hellip;]","og_url":"https:\/\/www.bellunopress.it\/fr\/2010\/04\/05\/il-tesoro-perduto-della-contessa-l\u2019incendio-di-villa-sant\u2019ubertus-nel-1915\/","og_site_name":"Bellunopress - Dolomiti","article_publisher":"https:\/\/www.facebook.com\/profile.php?id=100008943462799","article_published_time":"2010-04-05T09:38:14+00:00","og_image":[{"url":"http:\/\/www.bellunopress.it\/wp-content\/uploads\/2010\/04\/villa-sant-ubertus.jpg","type":"","width":"","height":""}],"author":"redazione","twitter_card":"summary_large_image","twitter_creator":"@bellunopress","twitter_site":"@bellunopress","twitter_misc":{"\u00c9crit par":"redazione","Dur\u00e9e de lecture estim\u00e9e":"4 minutes"},"schema":{"@context":"https:\/\/schema.org","@graph":[{"@type":"Article","@id":"https:\/\/www.bellunopress.it\/2010\/04\/05\/il-tesoro-perduto-della-contessa-l%e2%80%99incendio-di-villa-sant%e2%80%99ubertus-nel-1915\/#article","isPartOf":{"@id":"https:\/\/www.bellunopress.it\/2010\/04\/05\/il-tesoro-perduto-della-contessa-l%e2%80%99incendio-di-villa-sant%e2%80%99ubertus-nel-1915\/"},"author":{"name":"redazione","@id":"https:\/\/www.bellunopress.it\/#\/schema\/person\/79bb06722b37ece1c03d3e94beb30d73"},"headline":"Il tesoro perduto della contessa. L\u2019incendio di Villa Sant\u2019Ubertus nel 1915","datePublished":"2010-04-05T09:38:14+00:00","mainEntityOfPage":{"@id":"https:\/\/www.bellunopress.it\/2010\/04\/05\/il-tesoro-perduto-della-contessa-l%e2%80%99incendio-di-villa-sant%e2%80%99ubertus-nel-1915\/"},"wordCount":784,"publisher":{"@id":"https:\/\/www.bellunopress.it\/#organization"},"image":{"@id":"https:\/\/www.bellunopress.it\/2010\/04\/05\/il-tesoro-perduto-della-contessa-l%e2%80%99incendio-di-villa-sant%e2%80%99ubertus-nel-1915\/#primaryimage"},"thumbnailUrl":"http:\/\/www.bellunopress.it\/wp-content\/uploads\/2010\/04\/villa-sant-ubertus.jpg","keywords":["Anna Powers","Cortina d'Ampezzo","Emily Bury","Il tesoro perduto della contessa","Son Pauses","Villa Sant'Ubertus"],"articleSection":["Arte, Cultura, Spettacoli, Scienza","Gli speciali di Bellunopress"],"inLanguage":"fr-FR"},{"@type":"WebPage","@id":"https:\/\/www.bellunopress.it\/2010\/04\/05\/il-tesoro-perduto-della-contessa-l%e2%80%99incendio-di-villa-sant%e2%80%99ubertus-nel-1915\/","url":"https:\/\/www.bellunopress.it\/2010\/04\/05\/il-tesoro-perduto-della-contessa-l%e2%80%99incendio-di-villa-sant%e2%80%99ubertus-nel-1915\/","name":"Il tesoro perduto della contessa. L\u2019incendio di Villa Sant\u2019Ubertus nel 1915 - Bellunopress - Dolomiti","isPartOf":{"@id":"https:\/\/www.bellunopress.it\/#website"},"primaryImageOfPage":{"@id":"https:\/\/www.bellunopress.it\/2010\/04\/05\/il-tesoro-perduto-della-contessa-l%e2%80%99incendio-di-villa-sant%e2%80%99ubertus-nel-1915\/#primaryimage"},"image":{"@id":"https:\/\/www.bellunopress.it\/2010\/04\/05\/il-tesoro-perduto-della-contessa-l%e2%80%99incendio-di-villa-sant%e2%80%99ubertus-nel-1915\/#primaryimage"},"thumbnailUrl":"http:\/\/www.bellunopress.it\/wp-content\/uploads\/2010\/04\/villa-sant-ubertus.jpg","datePublished":"2010-04-05T09:38:14+00:00","breadcrumb":{"@id":"https:\/\/www.bellunopress.it\/2010\/04\/05\/il-tesoro-perduto-della-contessa-l%e2%80%99incendio-di-villa-sant%e2%80%99ubertus-nel-1915\/#breadcrumb"},"inLanguage":"fr-FR","potentialAction":[{"@type":"ReadAction","target":["https:\/\/www.bellunopress.it\/2010\/04\/05\/il-tesoro-perduto-della-contessa-l%e2%80%99incendio-di-villa-sant%e2%80%99ubertus-nel-1915\/"]}]},{"@type":"ImageObject","inLanguage":"fr-FR","@id":"https:\/\/www.bellunopress.it\/2010\/04\/05\/il-tesoro-perduto-della-contessa-l%e2%80%99incendio-di-villa-sant%e2%80%99ubertus-nel-1915\/#primaryimage","url":"http:\/\/www.bellunopress.it\/wp-content\/uploads\/2010\/04\/villa-sant-ubertus.jpg","contentUrl":"http:\/\/www.bellunopress.it\/wp-content\/uploads\/2010\/04\/villa-sant-ubertus.jpg"},{"@type":"BreadcrumbList","@id":"https:\/\/www.bellunopress.it\/2010\/04\/05\/il-tesoro-perduto-della-contessa-l%e2%80%99incendio-di-villa-sant%e2%80%99ubertus-nel-1915\/#breadcrumb","itemListElement":[{"@type":"ListItem","position":1,"name":"Home","item":"https:\/\/www.bellunopress.it\/"},{"@type":"ListItem","position":2,"name":"Il tesoro perduto della contessa. L\u2019incendio di Villa Sant\u2019Ubertus nel 1915"}]},{"@type":"WebSite","@id":"https:\/\/www.bellunopress.it\/#website","url":"https:\/\/www.bellunopress.it\/","name":"Bellunopress - Dolomiti","description":"e-mail: redazione@bellunopress.it","publisher":{"@id":"https:\/\/www.bellunopress.it\/#organization"},"potentialAction":[{"@type":"SearchAction","target":{"@type":"EntryPoint","urlTemplate":"https:\/\/www.bellunopress.it\/?s={search_term_string}"},"query-input":{"@type":"PropertyValueSpecification","valueRequired":true,"valueName":"search_term_string"}}],"inLanguage":"fr-FR"},{"@type":"Organization","@id":"https:\/\/www.bellunopress.it\/#organization","name":"Bellunopress","url":"https:\/\/www.bellunopress.it\/","logo":{"@type":"ImageObject","inLanguage":"fr-FR","@id":"https:\/\/www.bellunopress.it\/#\/schema\/logo\/image\/","url":"https:\/\/www.bellunopress.it\/wp-content\/uploads\/2011\/05\/cropped-logo-bellunopress-.jpg","contentUrl":"https:\/\/www.bellunopress.it\/wp-content\/uploads\/2011\/05\/cropped-logo-bellunopress-.jpg","width":512,"height":512,"caption":"Bellunopress"},"image":{"@id":"https:\/\/www.bellunopress.it\/#\/schema\/logo\/image\/"},"sameAs":["https:\/\/www.facebook.com\/profile.php?id=100008943462799","https:\/\/x.com\/bellunopress","https:\/\/www.linkedin.com\/hp\/?dnr=JBzUWaJfMUw8vbXJJ2tVW5-I3jZKvC4wsoxE&amp;amp;amp;amp;amp;amp;trk=nav_responsive_tab_home","https:\/\/www.youtube.com\/channel\/UCxL0wu1uN0_3_7hGG0306cw"]},{"@type":"Person","@id":"https:\/\/www.bellunopress.it\/#\/schema\/person\/79bb06722b37ece1c03d3e94beb30d73","name":"r\u00e9daction","image":{"@type":"ImageObject","inLanguage":"fr-FR","@id":"https:\/\/secure.gravatar.com\/avatar\/37d968a2e67a6fd04c169c4bdef102d0bc5d31b2546345219e348575eb80e9a0?s=96&d=mm&r=g","url":"https:\/\/secure.gravatar.com\/avatar\/37d968a2e67a6fd04c169c4bdef102d0bc5d31b2546345219e348575eb80e9a0?s=96&d=mm&r=g","contentUrl":"https:\/\/secure.gravatar.com\/avatar\/37d968a2e67a6fd04c169c4bdef102d0bc5d31b2546345219e348575eb80e9a0?s=96&d=mm&r=g","caption":"redazione"},"sameAs":["http:\/\/www.bellunopress.it","https:\/\/x.com\/bellunopress"],"url":"https:\/\/www.bellunopress.it\/fr\/author\/redazione\/"}]}},"_links":{"self":[{"href":"https:\/\/www.bellunopress.it\/fr\/wp-json\/wp\/v2\/posts\/14192","targetHints":{"allow":["GET"]}}],"collection":[{"href":"https:\/\/www.bellunopress.it\/fr\/wp-json\/wp\/v2\/posts"}],"about":[{"href":"https:\/\/www.bellunopress.it\/fr\/wp-json\/wp\/v2\/types\/post"}],"author":[{"embeddable":true,"href":"https:\/\/www.bellunopress.it\/fr\/wp-json\/wp\/v2\/users\/2"}],"replies":[{"embeddable":true,"href":"https:\/\/www.bellunopress.it\/fr\/wp-json\/wp\/v2\/comments?post=14192"}],"version-history":[{"count":1,"href":"https:\/\/www.bellunopress.it\/fr\/wp-json\/wp\/v2\/posts\/14192\/revisions"}],"predecessor-version":[{"id":14195,"href":"https:\/\/www.bellunopress.it\/fr\/wp-json\/wp\/v2\/posts\/14192\/revisions\/14195"}],"wp:attachment":[{"href":"https:\/\/www.bellunopress.it\/fr\/wp-json\/wp\/v2\/media?parent=14192"}],"wp:term":[{"taxonomy":"category","embeddable":true,"href":"https:\/\/www.bellunopress.it\/fr\/wp-json\/wp\/v2\/categories?post=14192"},{"taxonomy":"post_tag","embeddable":true,"href":"https:\/\/www.bellunopress.it\/fr\/wp-json\/wp\/v2\/tags?post=14192"}],"curies":[{"name":"wp","href":"https:\/\/api.w.org\/{rel}","templated":true}]}}