{"id":14105,"date":"2010-04-05T07:18:10","date_gmt":"2010-04-05T06:18:10","guid":{"rendered":"http:\/\/www.bellunopress.it\/?p=14105"},"modified":"2010-04-01T07:19:23","modified_gmt":"2010-04-01T06:19:23","slug":"ponte-nelle-alpi-nuovo-piano-del-parco-delle-dolomiti","status":"publish","type":"post","link":"https:\/\/www.bellunopress.it\/fr\/2010\/04\/05\/ponte-nelle-alpi-nuovo-piano-del-parco-delle-dolomiti\/","title":{"rendered":"Ponte nelle Alpi: Nuovo piano del Parco delle Dolomiti"},"content":{"rendered":"<p>Marted\u00ec 6 aprile 2010 alle ore 20,00, presso la sala consiliare del Municipio in fraz. Cadola, si tiene un incontro pubblico di presentazione del Master Plan del Parco Nazionale Dolomiti Bellunesi<br \/>\nPartecipano all&#8217;incontro:<br \/>\nRoger De Menech, Sindaco di Ponte nelle Alpi<br \/>\nGiorgio De Bona, Presidente dellaN Comunit\u00e0 Montana Bellunese<br \/>\nBenedetto Fiori, Commissario Straordinario dell\u2019Ente Parco<br \/>\nGianpaolo Bottacin, Presidente della Comunit\u00e0 del Parco<br \/>\nNino Martino, Direttore dell\u2019Ente Parco<br \/>\nLa finalit\u00e0 dell\u2019incontro \u00e8 quella di presentare il piano ed il regolamento del Parco Nazionale Dolomiti Bellunesi e di accogliere eventuali osservazioni che saranno poi esaminate in sede di elaborazione degli atti definitivi. Tutti i cittadini sono invitati ad intervenire. \u00a0E&#8217; un&#8217;iniziativa organizzata nell\u2019ambito di Agenda 21 del Parco Nazionale Dolomiti Bellunesi<\/p>","protected":false},"excerpt":{"rendered":"<p>Marted\u00ec 6 aprile 2010 alle ore 20,00, presso la sala consiliare del Municipio in fraz. Cadola, si tiene un incontro pubblico di presentazione del Master Plan del Parco Nazionale Dolomiti Bellunesi Partecipano all&#8217;incontro: Roger De Menech, Sindaco di Ponte nelle Alpi Giorgio De Bona, Presidente dellaN Comunit\u00e0 Montana Bellunese Benedetto Fiori, Commissario Straordinario dell\u2019Ente Parco [&hellip;]<\/p>\n","protected":false},"author":2,"featured_media":0,"comment_status":"closed","ping_status":"open","sticky":false,"template":"","format":"standard","meta":{"footnotes":""},"categories":[27,25],"tags":[125],"class_list":["post-14105","post","type-post","status-publish","format-standard","category-appuntamenti","category-pausa-caffe","tag-parco-nazionale-delle-dolomiti-bellunesi"],"yoast_head":"<!-- This site is optimized with the Yoast SEO plugin v28.4 - https:\/\/yoast.com\/product\/yoast-seo-wordpress\/ -->\n<title>Ponte nelle Alpi: Nuovo piano del Parco delle Dolomiti - Bellunopress - Dolomiti<\/title>\n<meta name=\"robots\" content=\"index, follow, max-snippet:-1, max-image-preview:large, max-video-preview:-1\" \/>\n<link rel=\"canonical\" href=\"https:\/\/www.bellunopress.it\/fr\/2010\/04\/05\/ponte-nelle-alpi-nuovo-piano-del-parco-delle-dolomiti\/\" \/>\n<meta property=\"og:locale\" content=\"fr_FR\" \/>\n<meta property=\"og:type\" content=\"article\" \/>\n<meta property=\"og:title\" content=\"Ponte nelle Alpi: Nuovo piano del Parco delle Dolomiti - Bellunopress - Dolomiti\" \/>\n<meta property=\"og:description\" content=\"Marted\u00ec 6 aprile 2010 alle ore 20,00, presso la sala consiliare del Municipio in fraz. Cadola, si tiene un incontro pubblico di presentazione del Master Plan del Parco Nazionale Dolomiti Bellunesi Partecipano all&#8217;incontro: Roger De Menech, Sindaco di Ponte nelle Alpi Giorgio De Bona, Presidente dellaN Comunit\u00e0 Montana Bellunese Benedetto Fiori, Commissario Straordinario dell\u2019Ente Parco [&hellip;]\" \/>\n<meta property=\"og:url\" content=\"https:\/\/www.bellunopress.it\/fr\/2010\/04\/05\/ponte-nelle-alpi-nuovo-piano-del-parco-delle-dolomiti\/\" \/>\n<meta property=\"og:site_name\" content=\"Bellunopress - Dolomiti\" \/>\n<meta property=\"article:publisher\" content=\"https:\/\/www.facebook.com\/profile.php?id=100008943462799\" \/>\n<meta property=\"article:published_time\" content=\"2010-04-05T06:18:10+00:00\" \/>\n<meta property=\"og:image\" content=\"http:\/\/www.bellunopress.it\/wp-content\/uploads\/2012\/07\/logo-bellunopress-250x250-2012.jpg\" \/>\n<meta name=\"author\" content=\"redazione\" \/>\n<meta name=\"twitter:card\" content=\"summary_large_image\" \/>\n<meta name=\"twitter:creator\" content=\"@bellunopress\" \/>\n<meta name=\"twitter:site\" content=\"@bellunopress\" \/>\n<meta name=\"twitter:label1\" content=\"\u00c9crit par\" \/>\n\t<meta name=\"twitter:data1\" content=\"redazione\" \/>\n\t<meta name=\"twitter:label2\" content=\"Dur\u00e9e de lecture estim\u00e9e\" \/>\n\t<meta name=\"twitter:data2\" content=\"1 minute\" \/>\n<script type=\"application\/ld+json\" class=\"yoast-schema-graph\">{\"@context\":\"https:\\\/\\\/schema.org\",\"@graph\":[{\"@type\":\"Article\",\"@id\":\"https:\\\/\\\/www.bellunopress.it\\\/2010\\\/04\\\/05\\\/ponte-nelle-alpi-nuovo-piano-del-parco-delle-dolomiti\\\/#article\",\"isPartOf\":{\"@id\":\"https:\\\/\\\/www.bellunopress.it\\\/2010\\\/04\\\/05\\\/ponte-nelle-alpi-nuovo-piano-del-parco-delle-dolomiti\\\/\"},\"author\":{\"name\":\"redazione\",\"@id\":\"https:\\\/\\\/www.bellunopress.it\\\/#\\\/schema\\\/person\\\/79bb06722b37ece1c03d3e94beb30d73\"},\"headline\":\"Ponte nelle Alpi: Nuovo piano del Parco delle Dolomiti\",\"datePublished\":\"2010-04-05T06:18:10+00:00\",\"mainEntityOfPage\":{\"@id\":\"https:\\\/\\\/www.bellunopress.it\\\/2010\\\/04\\\/05\\\/ponte-nelle-alpi-nuovo-piano-del-parco-delle-dolomiti\\\/\"},\"wordCount\":129,\"publisher\":{\"@id\":\"https:\\\/\\\/www.bellunopress.it\\\/#organization\"},\"keywords\":[\"Parco Nazionale delle Dolomiti Bellunesi\"],\"articleSection\":[\"Appuntamenti, Eventi\",\"Pausa Caff\u00e8\"],\"inLanguage\":\"fr-FR\"},{\"@type\":\"WebPage\",\"@id\":\"https:\\\/\\\/www.bellunopress.it\\\/2010\\\/04\\\/05\\\/ponte-nelle-alpi-nuovo-piano-del-parco-delle-dolomiti\\\/\",\"url\":\"https:\\\/\\\/www.bellunopress.it\\\/2010\\\/04\\\/05\\\/ponte-nelle-alpi-nuovo-piano-del-parco-delle-dolomiti\\\/\",\"name\":\"Ponte nelle Alpi: Nuovo piano del Parco delle Dolomiti - Bellunopress - Dolomiti\",\"isPartOf\":{\"@id\":\"https:\\\/\\\/www.bellunopress.it\\\/#website\"},\"datePublished\":\"2010-04-05T06:18:10+00:00\",\"breadcrumb\":{\"@id\":\"https:\\\/\\\/www.bellunopress.it\\\/2010\\\/04\\\/05\\\/ponte-nelle-alpi-nuovo-piano-del-parco-delle-dolomiti\\\/#breadcrumb\"},\"inLanguage\":\"fr-FR\",\"potentialAction\":[{\"@type\":\"ReadAction\",\"target\":[\"https:\\\/\\\/www.bellunopress.it\\\/2010\\\/04\\\/05\\\/ponte-nelle-alpi-nuovo-piano-del-parco-delle-dolomiti\\\/\"]}]},{\"@type\":\"BreadcrumbList\",\"@id\":\"https:\\\/\\\/www.bellunopress.it\\\/2010\\\/04\\\/05\\\/ponte-nelle-alpi-nuovo-piano-del-parco-delle-dolomiti\\\/#breadcrumb\",\"itemListElement\":[{\"@type\":\"ListItem\",\"position\":1,\"name\":\"Home\",\"item\":\"https:\\\/\\\/www.bellunopress.it\\\/\"},{\"@type\":\"ListItem\",\"position\":2,\"name\":\"Ponte nelle Alpi: Nuovo piano del Parco delle Dolomiti\"}]},{\"@type\":\"WebSite\",\"@id\":\"https:\\\/\\\/www.bellunopress.it\\\/#website\",\"url\":\"https:\\\/\\\/www.bellunopress.it\\\/\",\"name\":\"Bellunopress - Dolomiti\",\"description\":\"e-mail: redazione@bellunopress.it\",\"publisher\":{\"@id\":\"https:\\\/\\\/www.bellunopress.it\\\/#organization\"},\"potentialAction\":[{\"@type\":\"SearchAction\",\"target\":{\"@type\":\"EntryPoint\",\"urlTemplate\":\"https:\\\/\\\/www.bellunopress.it\\\/?s={search_term_string}\"},\"query-input\":{\"@type\":\"PropertyValueSpecification\",\"valueRequired\":true,\"valueName\":\"search_term_string\"}}],\"inLanguage\":\"fr-FR\"},{\"@type\":\"Organization\",\"@id\":\"https:\\\/\\\/www.bellunopress.it\\\/#organization\",\"name\":\"Bellunopress\",\"url\":\"https:\\\/\\\/www.bellunopress.it\\\/\",\"logo\":{\"@type\":\"ImageObject\",\"inLanguage\":\"fr-FR\",\"@id\":\"https:\\\/\\\/www.bellunopress.it\\\/#\\\/schema\\\/logo\\\/image\\\/\",\"url\":\"https:\\\/\\\/www.bellunopress.it\\\/wp-content\\\/uploads\\\/2011\\\/05\\\/cropped-logo-bellunopress-.jpg\",\"contentUrl\":\"https:\\\/\\\/www.bellunopress.it\\\/wp-content\\\/uploads\\\/2011\\\/05\\\/cropped-logo-bellunopress-.jpg\",\"width\":512,\"height\":512,\"caption\":\"Bellunopress\"},\"image\":{\"@id\":\"https:\\\/\\\/www.bellunopress.it\\\/#\\\/schema\\\/logo\\\/image\\\/\"},\"sameAs\":[\"https:\\\/\\\/www.facebook.com\\\/profile.php?id=100008943462799\",\"https:\\\/\\\/x.com\\\/bellunopress\",\"https:\\\/\\\/www.linkedin.com\\\/hp\\\/?dnr=JBzUWaJfMUw8vbXJJ2tVW5-I3jZKvC4wsoxE&amp;amp;amp;amp;amp;amp;trk=nav_responsive_tab_home\",\"https:\\\/\\\/www.youtube.com\\\/channel\\\/UCxL0wu1uN0_3_7hGG0306cw\"]},{\"@type\":\"Person\",\"@id\":\"https:\\\/\\\/www.bellunopress.it\\\/#\\\/schema\\\/person\\\/79bb06722b37ece1c03d3e94beb30d73\",\"name\":\"redazione\",\"image\":{\"@type\":\"ImageObject\",\"inLanguage\":\"fr-FR\",\"@id\":\"https:\\\/\\\/secure.gravatar.com\\\/avatar\\\/37d968a2e67a6fd04c169c4bdef102d0bc5d31b2546345219e348575eb80e9a0?s=96&d=mm&r=g\",\"url\":\"https:\\\/\\\/secure.gravatar.com\\\/avatar\\\/37d968a2e67a6fd04c169c4bdef102d0bc5d31b2546345219e348575eb80e9a0?s=96&d=mm&r=g\",\"contentUrl\":\"https:\\\/\\\/secure.gravatar.com\\\/avatar\\\/37d968a2e67a6fd04c169c4bdef102d0bc5d31b2546345219e348575eb80e9a0?s=96&d=mm&r=g\",\"caption\":\"redazione\"},\"sameAs\":[\"http:\\\/\\\/www.bellunopress.it\",\"https:\\\/\\\/x.com\\\/bellunopress\"],\"url\":\"https:\\\/\\\/www.bellunopress.it\\\/fr\\\/author\\\/redazione\\\/\"}]}<\/script>\n<!-- \/ Yoast SEO plugin. -->","yoast_head_json":{"title":"Ponte nelle Alpi: Nuovo piano del Parco delle Dolomiti - Bellunopress - Dolomiti","robots":{"index":"index","follow":"follow","max-snippet":"max-snippet:-1","max-image-preview":"max-image-preview:large","max-video-preview":"max-video-preview:-1"},"canonical":"https:\/\/www.bellunopress.it\/fr\/2010\/04\/05\/ponte-nelle-alpi-nuovo-piano-del-parco-delle-dolomiti\/","og_locale":"fr_FR","og_type":"article","og_title":"Ponte nelle Alpi: Nuovo piano del Parco delle Dolomiti - Bellunopress - Dolomiti","og_description":"Marted\u00ec 6 aprile 2010 alle ore 20,00, presso la sala consiliare del Municipio in fraz. Cadola, si tiene un incontro pubblico di presentazione del Master Plan del Parco Nazionale Dolomiti Bellunesi Partecipano all&#8217;incontro: Roger De Menech, Sindaco di Ponte nelle Alpi Giorgio De Bona, Presidente dellaN Comunit\u00e0 Montana Bellunese Benedetto Fiori, Commissario Straordinario dell\u2019Ente Parco [&hellip;]","og_url":"https:\/\/www.bellunopress.it\/fr\/2010\/04\/05\/ponte-nelle-alpi-nuovo-piano-del-parco-delle-dolomiti\/","og_site_name":"Bellunopress - Dolomiti","article_publisher":"https:\/\/www.facebook.com\/profile.php?id=100008943462799","article_published_time":"2010-04-05T06:18:10+00:00","og_image":[{"url":"http:\/\/www.bellunopress.it\/wp-content\/uploads\/2012\/07\/logo-bellunopress-250x250-2012.jpg","type":"","width":"","height":""}],"author":"redazione","twitter_card":"summary_large_image","twitter_creator":"@bellunopress","twitter_site":"@bellunopress","twitter_misc":{"\u00c9crit par":"redazione","Dur\u00e9e de lecture estim\u00e9e":"1 minute"},"schema":{"@context":"https:\/\/schema.org","@graph":[{"@type":"Article","@id":"https:\/\/www.bellunopress.it\/2010\/04\/05\/ponte-nelle-alpi-nuovo-piano-del-parco-delle-dolomiti\/#article","isPartOf":{"@id":"https:\/\/www.bellunopress.it\/2010\/04\/05\/ponte-nelle-alpi-nuovo-piano-del-parco-delle-dolomiti\/"},"author":{"name":"redazione","@id":"https:\/\/www.bellunopress.it\/#\/schema\/person\/79bb06722b37ece1c03d3e94beb30d73"},"headline":"Ponte nelle Alpi: Nuovo piano del Parco delle Dolomiti","datePublished":"2010-04-05T06:18:10+00:00","mainEntityOfPage":{"@id":"https:\/\/www.bellunopress.it\/2010\/04\/05\/ponte-nelle-alpi-nuovo-piano-del-parco-delle-dolomiti\/"},"wordCount":129,"publisher":{"@id":"https:\/\/www.bellunopress.it\/#organization"},"keywords":["Parco Nazionale delle Dolomiti Bellunesi"],"articleSection":["Appuntamenti, Eventi","Pausa Caff\u00e8"],"inLanguage":"fr-FR"},{"@type":"WebPage","@id":"https:\/\/www.bellunopress.it\/2010\/04\/05\/ponte-nelle-alpi-nuovo-piano-del-parco-delle-dolomiti\/","url":"https:\/\/www.bellunopress.it\/2010\/04\/05\/ponte-nelle-alpi-nuovo-piano-del-parco-delle-dolomiti\/","name":"Ponte nelle Alpi: Nuovo piano del Parco delle Dolomiti - Bellunopress - Dolomiti","isPartOf":{"@id":"https:\/\/www.bellunopress.it\/#website"},"datePublished":"2010-04-05T06:18:10+00:00","breadcrumb":{"@id":"https:\/\/www.bellunopress.it\/2010\/04\/05\/ponte-nelle-alpi-nuovo-piano-del-parco-delle-dolomiti\/#breadcrumb"},"inLanguage":"fr-FR","potentialAction":[{"@type":"ReadAction","target":["https:\/\/www.bellunopress.it\/2010\/04\/05\/ponte-nelle-alpi-nuovo-piano-del-parco-delle-dolomiti\/"]}]},{"@type":"BreadcrumbList","@id":"https:\/\/www.bellunopress.it\/2010\/04\/05\/ponte-nelle-alpi-nuovo-piano-del-parco-delle-dolomiti\/#breadcrumb","itemListElement":[{"@type":"ListItem","position":1,"name":"Home","item":"https:\/\/www.bellunopress.it\/"},{"@type":"ListItem","position":2,"name":"Ponte nelle Alpi: Nuovo piano del Parco delle Dolomiti"}]},{"@type":"WebSite","@id":"https:\/\/www.bellunopress.it\/#website","url":"https:\/\/www.bellunopress.it\/","name":"Bellunopress - Dolomiti","description":"e-mail: redazione@bellunopress.it","publisher":{"@id":"https:\/\/www.bellunopress.it\/#organization"},"potentialAction":[{"@type":"SearchAction","target":{"@type":"EntryPoint","urlTemplate":"https:\/\/www.bellunopress.it\/?s={search_term_string}"},"query-input":{"@type":"PropertyValueSpecification","valueRequired":true,"valueName":"search_term_string"}}],"inLanguage":"fr-FR"},{"@type":"Organization","@id":"https:\/\/www.bellunopress.it\/#organization","name":"Bellunopress","url":"https:\/\/www.bellunopress.it\/","logo":{"@type":"ImageObject","inLanguage":"fr-FR","@id":"https:\/\/www.bellunopress.it\/#\/schema\/logo\/image\/","url":"https:\/\/www.bellunopress.it\/wp-content\/uploads\/2011\/05\/cropped-logo-bellunopress-.jpg","contentUrl":"https:\/\/www.bellunopress.it\/wp-content\/uploads\/2011\/05\/cropped-logo-bellunopress-.jpg","width":512,"height":512,"caption":"Bellunopress"},"image":{"@id":"https:\/\/www.bellunopress.it\/#\/schema\/logo\/image\/"},"sameAs":["https:\/\/www.facebook.com\/profile.php?id=100008943462799","https:\/\/x.com\/bellunopress","https:\/\/www.linkedin.com\/hp\/?dnr=JBzUWaJfMUw8vbXJJ2tVW5-I3jZKvC4wsoxE&amp;amp;amp;amp;amp;amp;trk=nav_responsive_tab_home","https:\/\/www.youtube.com\/channel\/UCxL0wu1uN0_3_7hGG0306cw"]},{"@type":"Person","@id":"https:\/\/www.bellunopress.it\/#\/schema\/person\/79bb06722b37ece1c03d3e94beb30d73","name":"r\u00e9daction","image":{"@type":"ImageObject","inLanguage":"fr-FR","@id":"https:\/\/secure.gravatar.com\/avatar\/37d968a2e67a6fd04c169c4bdef102d0bc5d31b2546345219e348575eb80e9a0?s=96&d=mm&r=g","url":"https:\/\/secure.gravatar.com\/avatar\/37d968a2e67a6fd04c169c4bdef102d0bc5d31b2546345219e348575eb80e9a0?s=96&d=mm&r=g","contentUrl":"https:\/\/secure.gravatar.com\/avatar\/37d968a2e67a6fd04c169c4bdef102d0bc5d31b2546345219e348575eb80e9a0?s=96&d=mm&r=g","caption":"redazione"},"sameAs":["http:\/\/www.bellunopress.it","https:\/\/x.com\/bellunopress"],"url":"https:\/\/www.bellunopress.it\/fr\/author\/redazione\/"}]}},"_links":{"self":[{"href":"https:\/\/www.bellunopress.it\/fr\/wp-json\/wp\/v2\/posts\/14105","targetHints":{"allow":["GET"]}}],"collection":[{"href":"https:\/\/www.bellunopress.it\/fr\/wp-json\/wp\/v2\/posts"}],"about":[{"href":"https:\/\/www.bellunopress.it\/fr\/wp-json\/wp\/v2\/types\/post"}],"author":[{"embeddable":true,"href":"https:\/\/www.bellunopress.it\/fr\/wp-json\/wp\/v2\/users\/2"}],"replies":[{"embeddable":true,"href":"https:\/\/www.bellunopress.it\/fr\/wp-json\/wp\/v2\/comments?post=14105"}],"version-history":[{"count":1,"href":"https:\/\/www.bellunopress.it\/fr\/wp-json\/wp\/v2\/posts\/14105\/revisions"}],"predecessor-version":[{"id":14106,"href":"https:\/\/www.bellunopress.it\/fr\/wp-json\/wp\/v2\/posts\/14105\/revisions\/14106"}],"wp:attachment":[{"href":"https:\/\/www.bellunopress.it\/fr\/wp-json\/wp\/v2\/media?parent=14105"}],"wp:term":[{"taxonomy":"category","embeddable":true,"href":"https:\/\/www.bellunopress.it\/fr\/wp-json\/wp\/v2\/categories?post=14105"},{"taxonomy":"post_tag","embeddable":true,"href":"https:\/\/www.bellunopress.it\/fr\/wp-json\/wp\/v2\/tags?post=14105"}],"curies":[{"name":"wp","href":"https:\/\/api.w.org\/{rel}","templated":true}]}}