{"id":1406,"date":"2009-03-08T15:30:54","date_gmt":"2009-03-08T14:30:54","guid":{"rendered":"http:\/\/www.bellunopress.it\/?p=1406"},"modified":"2009-03-09T06:54:27","modified_gmt":"2009-03-09T05:54:27","slug":"discorso-soft-del-sindaco-prade-alla-cerimonia-del-bosco-delle-castagne","status":"publish","type":"post","link":"https:\/\/www.bellunopress.it\/fr\/2009\/03\/08\/discorso-soft-del-sindaco-prade-alla-cerimonia-del-bosco-delle-castagne\/","title":{"rendered":"Discorso soft del sindaco Prade alla cerimonia del Bosco delle castagne"},"content":{"rendered":"<p><a href=\"http:\/\/www.bellunopress.it\/wp-content\/uploads\/2009\/03\/bosco-delle-castagne-240x190.jpg\"><img loading=\"lazy\" decoding=\"async\" class=\"alignleft size-medium wp-image-1408\" title=\"bosco-delle-castagne-240x190\" src=\"http:\/\/www.bellunopress.it\/wp-content\/uploads\/2009\/03\/bosco-delle-castagne-240x190.jpg\" alt=\"\" width=\"240\" height=\"192\" \/><\/a>Solo un brevissimo affondo di Francesca Bortot, studentessa del Liceo scientifico di Belluno, alla cerimonia del Bosco delle castagne questa mattina (8 marzo), in memoria dei 10 partigiani impiccati dai tedeschi l&#8217;8 marzo del 1945. \u00abDi fronte a tentativi di scavalcare la Costituzione &#8211; ha detto la studentessa riferendosi al Lodo Alfano che sottrae alla giustizia ordinaria le pendenze penali del capo del governo Silvio Berlusconi \u00abnoi dovremmo lottare in pace e cercare di fare qualcosa per migliorare la situazione\u00bb. Inattaccabile l&#8217;intervento del sindaco Antonio Prade che ha detto \u00abIl Bosco delle castagne oggi \u00e8 un monumento per la nostra citt\u00e0. L&#8217;antifascismo ha bisogno di energia e nuova linfa, affinch\u00e9 ogni totalitarismo possa essere combattuto\u00bb Alla cerimonia erano presenti i rappresentanti delle associazioni di partigiani, reduci di guerra, combattentistiche e d&#8217;Arma; la vicepresidente della provincia Claudia Bettiol, il vice prefetto vicario\u00a0Pellos, il presidente del consiglio comunale Oreste Cugnach. E&#8217; intervenuto il presidente dell&#8217;Anpi provinciale Luciano Padovani, i ragazzini della Scuola elementare di Tisoi e Bolzano bellunese. Ha celebrato la messa il cappellano militare don Sandro Capraro con un reparto del 7mo Alpini che ha reso gli onori alla Citt\u00e0 di Belluno e ai Caduti.<\/p>","protected":false},"excerpt":{"rendered":"<p>Solo un brevissimo affondo di Francesca Bortot, studentessa del Liceo scientifico di Belluno, alla cerimonia del Bosco delle castagne questa mattina (8 marzo), in memoria dei 10 partigiani impiccati dai tedeschi l&#8217;8 marzo del 1945. \u00abDi fronte a tentativi di scavalcare la Costituzione &#8211; ha detto la studentessa riferendosi al Lodo Alfano che sottrae alla [&hellip;]<\/p>\n","protected":false},"author":2,"featured_media":0,"comment_status":"closed","ping_status":"open","sticky":false,"template":"","format":"standard","meta":{"footnotes":""},"categories":[1],"tags":[139],"class_list":["post-1406","post","type-post","status-publish","format-standard","category-leo","tag-belluno"],"yoast_head":"<!-- This site is optimized with the Yoast SEO plugin v28.4 - https:\/\/yoast.com\/product\/yoast-seo-wordpress\/ -->\n<title>Discorso soft del sindaco Prade alla cerimonia del Bosco delle castagne - Bellunopress - Dolomiti<\/title>\n<meta name=\"robots\" content=\"index, follow, max-snippet:-1, max-image-preview:large, max-video-preview:-1\" \/>\n<link rel=\"canonical\" href=\"https:\/\/www.bellunopress.it\/fr\/2009\/03\/08\/discorso-soft-del-sindaco-prade-alla-cerimonia-del-bosco-delle-castagne\/\" \/>\n<meta property=\"og:locale\" content=\"fr_FR\" \/>\n<meta property=\"og:type\" content=\"article\" \/>\n<meta property=\"og:title\" content=\"Discorso soft del sindaco Prade alla cerimonia del Bosco delle castagne - Bellunopress - Dolomiti\" \/>\n<meta property=\"og:description\" content=\"Solo un brevissimo affondo di Francesca Bortot, studentessa del Liceo scientifico di Belluno, alla cerimonia del Bosco delle castagne questa mattina (8 marzo), in memoria dei 10 partigiani impiccati dai tedeschi l&#8217;8 marzo del 1945. \u00abDi fronte a tentativi di scavalcare la Costituzione &#8211; ha detto la studentessa riferendosi al Lodo Alfano che sottrae alla [&hellip;]\" \/>\n<meta property=\"og:url\" content=\"https:\/\/www.bellunopress.it\/fr\/2009\/03\/08\/discorso-soft-del-sindaco-prade-alla-cerimonia-del-bosco-delle-castagne\/\" \/>\n<meta property=\"og:site_name\" content=\"Bellunopress - Dolomiti\" \/>\n<meta property=\"article:publisher\" content=\"https:\/\/www.facebook.com\/profile.php?id=100008943462799\" \/>\n<meta property=\"article:published_time\" content=\"2009-03-08T14:30:54+00:00\" \/>\n<meta property=\"article:modified_time\" content=\"2009-03-09T05:54:27+00:00\" \/>\n<meta property=\"og:image\" content=\"http:\/\/www.bellunopress.it\/wp-content\/uploads\/2009\/03\/bosco-delle-castagne-240x190.jpg\" \/>\n<meta name=\"author\" content=\"redazione\" \/>\n<meta name=\"twitter:card\" content=\"summary_large_image\" \/>\n<meta name=\"twitter:creator\" content=\"@bellunopress\" \/>\n<meta name=\"twitter:site\" content=\"@bellunopress\" \/>\n<meta name=\"twitter:label1\" content=\"\u00c9crit par\" \/>\n\t<meta name=\"twitter:data1\" content=\"redazione\" \/>\n\t<meta name=\"twitter:label2\" content=\"Dur\u00e9e de lecture estim\u00e9e\" \/>\n\t<meta name=\"twitter:data2\" content=\"1 minute\" \/>\n<script type=\"application\/ld+json\" class=\"yoast-schema-graph\">{\"@context\":\"https:\\\/\\\/schema.org\",\"@graph\":[{\"@type\":\"Article\",\"@id\":\"https:\\\/\\\/www.bellunopress.it\\\/2009\\\/03\\\/08\\\/discorso-soft-del-sindaco-prade-alla-cerimonia-del-bosco-delle-castagne\\\/#article\",\"isPartOf\":{\"@id\":\"https:\\\/\\\/www.bellunopress.it\\\/2009\\\/03\\\/08\\\/discorso-soft-del-sindaco-prade-alla-cerimonia-del-bosco-delle-castagne\\\/\"},\"author\":{\"name\":\"redazione\",\"@id\":\"https:\\\/\\\/www.bellunopress.it\\\/#\\\/schema\\\/person\\\/79bb06722b37ece1c03d3e94beb30d73\"},\"headline\":\"Discorso soft del sindaco Prade alla cerimonia del Bosco delle castagne\",\"datePublished\":\"2009-03-08T14:30:54+00:00\",\"dateModified\":\"2009-03-09T05:54:27+00:00\",\"mainEntityOfPage\":{\"@id\":\"https:\\\/\\\/www.bellunopress.it\\\/2009\\\/03\\\/08\\\/discorso-soft-del-sindaco-prade-alla-cerimonia-del-bosco-delle-castagne\\\/\"},\"wordCount\":206,\"publisher\":{\"@id\":\"https:\\\/\\\/www.bellunopress.it\\\/#organization\"},\"image\":{\"@id\":\"https:\\\/\\\/www.bellunopress.it\\\/2009\\\/03\\\/08\\\/discorso-soft-del-sindaco-prade-alla-cerimonia-del-bosco-delle-castagne\\\/#primaryimage\"},\"thumbnailUrl\":\"http:\\\/\\\/www.bellunopress.it\\\/wp-content\\\/uploads\\\/2009\\\/03\\\/bosco-delle-castagne-240x190.jpg\",\"keywords\":[\"Belluno\"],\"articleSection\":[\"Lettere Opinioni\"],\"inLanguage\":\"fr-FR\"},{\"@type\":\"WebPage\",\"@id\":\"https:\\\/\\\/www.bellunopress.it\\\/2009\\\/03\\\/08\\\/discorso-soft-del-sindaco-prade-alla-cerimonia-del-bosco-delle-castagne\\\/\",\"url\":\"https:\\\/\\\/www.bellunopress.it\\\/2009\\\/03\\\/08\\\/discorso-soft-del-sindaco-prade-alla-cerimonia-del-bosco-delle-castagne\\\/\",\"name\":\"Discorso soft del sindaco Prade alla cerimonia del Bosco delle castagne - Bellunopress - Dolomiti\",\"isPartOf\":{\"@id\":\"https:\\\/\\\/www.bellunopress.it\\\/#website\"},\"primaryImageOfPage\":{\"@id\":\"https:\\\/\\\/www.bellunopress.it\\\/2009\\\/03\\\/08\\\/discorso-soft-del-sindaco-prade-alla-cerimonia-del-bosco-delle-castagne\\\/#primaryimage\"},\"image\":{\"@id\":\"https:\\\/\\\/www.bellunopress.it\\\/2009\\\/03\\\/08\\\/discorso-soft-del-sindaco-prade-alla-cerimonia-del-bosco-delle-castagne\\\/#primaryimage\"},\"thumbnailUrl\":\"http:\\\/\\\/www.bellunopress.it\\\/wp-content\\\/uploads\\\/2009\\\/03\\\/bosco-delle-castagne-240x190.jpg\",\"datePublished\":\"2009-03-08T14:30:54+00:00\",\"dateModified\":\"2009-03-09T05:54:27+00:00\",\"breadcrumb\":{\"@id\":\"https:\\\/\\\/www.bellunopress.it\\\/2009\\\/03\\\/08\\\/discorso-soft-del-sindaco-prade-alla-cerimonia-del-bosco-delle-castagne\\\/#breadcrumb\"},\"inLanguage\":\"fr-FR\",\"potentialAction\":[{\"@type\":\"ReadAction\",\"target\":[\"https:\\\/\\\/www.bellunopress.it\\\/2009\\\/03\\\/08\\\/discorso-soft-del-sindaco-prade-alla-cerimonia-del-bosco-delle-castagne\\\/\"]}]},{\"@type\":\"ImageObject\",\"inLanguage\":\"fr-FR\",\"@id\":\"https:\\\/\\\/www.bellunopress.it\\\/2009\\\/03\\\/08\\\/discorso-soft-del-sindaco-prade-alla-cerimonia-del-bosco-delle-castagne\\\/#primaryimage\",\"url\":\"http:\\\/\\\/www.bellunopress.it\\\/wp-content\\\/uploads\\\/2009\\\/03\\\/bosco-delle-castagne-240x190.jpg\",\"contentUrl\":\"http:\\\/\\\/www.bellunopress.it\\\/wp-content\\\/uploads\\\/2009\\\/03\\\/bosco-delle-castagne-240x190.jpg\"},{\"@type\":\"BreadcrumbList\",\"@id\":\"https:\\\/\\\/www.bellunopress.it\\\/2009\\\/03\\\/08\\\/discorso-soft-del-sindaco-prade-alla-cerimonia-del-bosco-delle-castagne\\\/#breadcrumb\",\"itemListElement\":[{\"@type\":\"ListItem\",\"position\":1,\"name\":\"Home\",\"item\":\"https:\\\/\\\/www.bellunopress.it\\\/\"},{\"@type\":\"ListItem\",\"position\":2,\"name\":\"Discorso soft del sindaco Prade alla cerimonia del Bosco delle castagne\"}]},{\"@type\":\"WebSite\",\"@id\":\"https:\\\/\\\/www.bellunopress.it\\\/#website\",\"url\":\"https:\\\/\\\/www.bellunopress.it\\\/\",\"name\":\"Bellunopress - Dolomiti\",\"description\":\"e-mail: redazione@bellunopress.it\",\"publisher\":{\"@id\":\"https:\\\/\\\/www.bellunopress.it\\\/#organization\"},\"potentialAction\":[{\"@type\":\"SearchAction\",\"target\":{\"@type\":\"EntryPoint\",\"urlTemplate\":\"https:\\\/\\\/www.bellunopress.it\\\/?s={search_term_string}\"},\"query-input\":{\"@type\":\"PropertyValueSpecification\",\"valueRequired\":true,\"valueName\":\"search_term_string\"}}],\"inLanguage\":\"fr-FR\"},{\"@type\":\"Organization\",\"@id\":\"https:\\\/\\\/www.bellunopress.it\\\/#organization\",\"name\":\"Bellunopress\",\"url\":\"https:\\\/\\\/www.bellunopress.it\\\/\",\"logo\":{\"@type\":\"ImageObject\",\"inLanguage\":\"fr-FR\",\"@id\":\"https:\\\/\\\/www.bellunopress.it\\\/#\\\/schema\\\/logo\\\/image\\\/\",\"url\":\"https:\\\/\\\/www.bellunopress.it\\\/wp-content\\\/uploads\\\/2011\\\/05\\\/cropped-logo-bellunopress-.jpg\",\"contentUrl\":\"https:\\\/\\\/www.bellunopress.it\\\/wp-content\\\/uploads\\\/2011\\\/05\\\/cropped-logo-bellunopress-.jpg\",\"width\":512,\"height\":512,\"caption\":\"Bellunopress\"},\"image\":{\"@id\":\"https:\\\/\\\/www.bellunopress.it\\\/#\\\/schema\\\/logo\\\/image\\\/\"},\"sameAs\":[\"https:\\\/\\\/www.facebook.com\\\/profile.php?id=100008943462799\",\"https:\\\/\\\/x.com\\\/bellunopress\",\"https:\\\/\\\/www.linkedin.com\\\/hp\\\/?dnr=JBzUWaJfMUw8vbXJJ2tVW5-I3jZKvC4wsoxE&amp;amp;amp;amp;amp;amp;trk=nav_responsive_tab_home\",\"https:\\\/\\\/www.youtube.com\\\/channel\\\/UCxL0wu1uN0_3_7hGG0306cw\"]},{\"@type\":\"Person\",\"@id\":\"https:\\\/\\\/www.bellunopress.it\\\/#\\\/schema\\\/person\\\/79bb06722b37ece1c03d3e94beb30d73\",\"name\":\"redazione\",\"image\":{\"@type\":\"ImageObject\",\"inLanguage\":\"fr-FR\",\"@id\":\"https:\\\/\\\/secure.gravatar.com\\\/avatar\\\/37d968a2e67a6fd04c169c4bdef102d0bc5d31b2546345219e348575eb80e9a0?s=96&d=mm&r=g\",\"url\":\"https:\\\/\\\/secure.gravatar.com\\\/avatar\\\/37d968a2e67a6fd04c169c4bdef102d0bc5d31b2546345219e348575eb80e9a0?s=96&d=mm&r=g\",\"contentUrl\":\"https:\\\/\\\/secure.gravatar.com\\\/avatar\\\/37d968a2e67a6fd04c169c4bdef102d0bc5d31b2546345219e348575eb80e9a0?s=96&d=mm&r=g\",\"caption\":\"redazione\"},\"sameAs\":[\"http:\\\/\\\/www.bellunopress.it\",\"https:\\\/\\\/x.com\\\/bellunopress\"],\"url\":\"https:\\\/\\\/www.bellunopress.it\\\/fr\\\/author\\\/redazione\\\/\"}]}<\/script>\n<!-- \/ Yoast SEO plugin. -->","yoast_head_json":{"title":"Discorso soft del sindaco Prade alla cerimonia del Bosco delle castagne - Bellunopress - Dolomiti","robots":{"index":"index","follow":"follow","max-snippet":"max-snippet:-1","max-image-preview":"max-image-preview:large","max-video-preview":"max-video-preview:-1"},"canonical":"https:\/\/www.bellunopress.it\/fr\/2009\/03\/08\/discorso-soft-del-sindaco-prade-alla-cerimonia-del-bosco-delle-castagne\/","og_locale":"fr_FR","og_type":"article","og_title":"Discorso soft del sindaco Prade alla cerimonia del Bosco delle castagne - Bellunopress - Dolomiti","og_description":"Solo un brevissimo affondo di Francesca Bortot, studentessa del Liceo scientifico di Belluno, alla cerimonia del Bosco delle castagne questa mattina (8 marzo), in memoria dei 10 partigiani impiccati dai tedeschi l&#8217;8 marzo del 1945. \u00abDi fronte a tentativi di scavalcare la Costituzione &#8211; ha detto la studentessa riferendosi al Lodo Alfano che sottrae alla [&hellip;]","og_url":"https:\/\/www.bellunopress.it\/fr\/2009\/03\/08\/discorso-soft-del-sindaco-prade-alla-cerimonia-del-bosco-delle-castagne\/","og_site_name":"Bellunopress - Dolomiti","article_publisher":"https:\/\/www.facebook.com\/profile.php?id=100008943462799","article_published_time":"2009-03-08T14:30:54+00:00","article_modified_time":"2009-03-09T05:54:27+00:00","og_image":[{"url":"http:\/\/www.bellunopress.it\/wp-content\/uploads\/2009\/03\/bosco-delle-castagne-240x190.jpg","type":"","width":"","height":""}],"author":"redazione","twitter_card":"summary_large_image","twitter_creator":"@bellunopress","twitter_site":"@bellunopress","twitter_misc":{"\u00c9crit par":"redazione","Dur\u00e9e de lecture estim\u00e9e":"1 minute"},"schema":{"@context":"https:\/\/schema.org","@graph":[{"@type":"Article","@id":"https:\/\/www.bellunopress.it\/2009\/03\/08\/discorso-soft-del-sindaco-prade-alla-cerimonia-del-bosco-delle-castagne\/#article","isPartOf":{"@id":"https:\/\/www.bellunopress.it\/2009\/03\/08\/discorso-soft-del-sindaco-prade-alla-cerimonia-del-bosco-delle-castagne\/"},"author":{"name":"redazione","@id":"https:\/\/www.bellunopress.it\/#\/schema\/person\/79bb06722b37ece1c03d3e94beb30d73"},"headline":"Discorso soft del sindaco Prade alla cerimonia del Bosco delle castagne","datePublished":"2009-03-08T14:30:54+00:00","dateModified":"2009-03-09T05:54:27+00:00","mainEntityOfPage":{"@id":"https:\/\/www.bellunopress.it\/2009\/03\/08\/discorso-soft-del-sindaco-prade-alla-cerimonia-del-bosco-delle-castagne\/"},"wordCount":206,"publisher":{"@id":"https:\/\/www.bellunopress.it\/#organization"},"image":{"@id":"https:\/\/www.bellunopress.it\/2009\/03\/08\/discorso-soft-del-sindaco-prade-alla-cerimonia-del-bosco-delle-castagne\/#primaryimage"},"thumbnailUrl":"http:\/\/www.bellunopress.it\/wp-content\/uploads\/2009\/03\/bosco-delle-castagne-240x190.jpg","keywords":["Belluno"],"articleSection":["Lettere Opinioni"],"inLanguage":"fr-FR"},{"@type":"WebPage","@id":"https:\/\/www.bellunopress.it\/2009\/03\/08\/discorso-soft-del-sindaco-prade-alla-cerimonia-del-bosco-delle-castagne\/","url":"https:\/\/www.bellunopress.it\/2009\/03\/08\/discorso-soft-del-sindaco-prade-alla-cerimonia-del-bosco-delle-castagne\/","name":"Discorso soft del sindaco Prade alla cerimonia del Bosco delle castagne - Bellunopress - Dolomiti","isPartOf":{"@id":"https:\/\/www.bellunopress.it\/#website"},"primaryImageOfPage":{"@id":"https:\/\/www.bellunopress.it\/2009\/03\/08\/discorso-soft-del-sindaco-prade-alla-cerimonia-del-bosco-delle-castagne\/#primaryimage"},"image":{"@id":"https:\/\/www.bellunopress.it\/2009\/03\/08\/discorso-soft-del-sindaco-prade-alla-cerimonia-del-bosco-delle-castagne\/#primaryimage"},"thumbnailUrl":"http:\/\/www.bellunopress.it\/wp-content\/uploads\/2009\/03\/bosco-delle-castagne-240x190.jpg","datePublished":"2009-03-08T14:30:54+00:00","dateModified":"2009-03-09T05:54:27+00:00","breadcrumb":{"@id":"https:\/\/www.bellunopress.it\/2009\/03\/08\/discorso-soft-del-sindaco-prade-alla-cerimonia-del-bosco-delle-castagne\/#breadcrumb"},"inLanguage":"fr-FR","potentialAction":[{"@type":"ReadAction","target":["https:\/\/www.bellunopress.it\/2009\/03\/08\/discorso-soft-del-sindaco-prade-alla-cerimonia-del-bosco-delle-castagne\/"]}]},{"@type":"ImageObject","inLanguage":"fr-FR","@id":"https:\/\/www.bellunopress.it\/2009\/03\/08\/discorso-soft-del-sindaco-prade-alla-cerimonia-del-bosco-delle-castagne\/#primaryimage","url":"http:\/\/www.bellunopress.it\/wp-content\/uploads\/2009\/03\/bosco-delle-castagne-240x190.jpg","contentUrl":"http:\/\/www.bellunopress.it\/wp-content\/uploads\/2009\/03\/bosco-delle-castagne-240x190.jpg"},{"@type":"BreadcrumbList","@id":"https:\/\/www.bellunopress.it\/2009\/03\/08\/discorso-soft-del-sindaco-prade-alla-cerimonia-del-bosco-delle-castagne\/#breadcrumb","itemListElement":[{"@type":"ListItem","position":1,"name":"Home","item":"https:\/\/www.bellunopress.it\/"},{"@type":"ListItem","position":2,"name":"Discorso soft del sindaco Prade alla cerimonia del Bosco delle castagne"}]},{"@type":"WebSite","@id":"https:\/\/www.bellunopress.it\/#website","url":"https:\/\/www.bellunopress.it\/","name":"Bellunopress - Dolomiti","description":"e-mail: redazione@bellunopress.it","publisher":{"@id":"https:\/\/www.bellunopress.it\/#organization"},"potentialAction":[{"@type":"SearchAction","target":{"@type":"EntryPoint","urlTemplate":"https:\/\/www.bellunopress.it\/?s={search_term_string}"},"query-input":{"@type":"PropertyValueSpecification","valueRequired":true,"valueName":"search_term_string"}}],"inLanguage":"fr-FR"},{"@type":"Organization","@id":"https:\/\/www.bellunopress.it\/#organization","name":"Bellunopress","url":"https:\/\/www.bellunopress.it\/","logo":{"@type":"ImageObject","inLanguage":"fr-FR","@id":"https:\/\/www.bellunopress.it\/#\/schema\/logo\/image\/","url":"https:\/\/www.bellunopress.it\/wp-content\/uploads\/2011\/05\/cropped-logo-bellunopress-.jpg","contentUrl":"https:\/\/www.bellunopress.it\/wp-content\/uploads\/2011\/05\/cropped-logo-bellunopress-.jpg","width":512,"height":512,"caption":"Bellunopress"},"image":{"@id":"https:\/\/www.bellunopress.it\/#\/schema\/logo\/image\/"},"sameAs":["https:\/\/www.facebook.com\/profile.php?id=100008943462799","https:\/\/x.com\/bellunopress","https:\/\/www.linkedin.com\/hp\/?dnr=JBzUWaJfMUw8vbXJJ2tVW5-I3jZKvC4wsoxE&amp;amp;amp;amp;amp;amp;trk=nav_responsive_tab_home","https:\/\/www.youtube.com\/channel\/UCxL0wu1uN0_3_7hGG0306cw"]},{"@type":"Person","@id":"https:\/\/www.bellunopress.it\/#\/schema\/person\/79bb06722b37ece1c03d3e94beb30d73","name":"r\u00e9daction","image":{"@type":"ImageObject","inLanguage":"fr-FR","@id":"https:\/\/secure.gravatar.com\/avatar\/37d968a2e67a6fd04c169c4bdef102d0bc5d31b2546345219e348575eb80e9a0?s=96&d=mm&r=g","url":"https:\/\/secure.gravatar.com\/avatar\/37d968a2e67a6fd04c169c4bdef102d0bc5d31b2546345219e348575eb80e9a0?s=96&d=mm&r=g","contentUrl":"https:\/\/secure.gravatar.com\/avatar\/37d968a2e67a6fd04c169c4bdef102d0bc5d31b2546345219e348575eb80e9a0?s=96&d=mm&r=g","caption":"redazione"},"sameAs":["http:\/\/www.bellunopress.it","https:\/\/x.com\/bellunopress"],"url":"https:\/\/www.bellunopress.it\/fr\/author\/redazione\/"}]}},"_links":{"self":[{"href":"https:\/\/www.bellunopress.it\/fr\/wp-json\/wp\/v2\/posts\/1406","targetHints":{"allow":["GET"]}}],"collection":[{"href":"https:\/\/www.bellunopress.it\/fr\/wp-json\/wp\/v2\/posts"}],"about":[{"href":"https:\/\/www.bellunopress.it\/fr\/wp-json\/wp\/v2\/types\/post"}],"author":[{"embeddable":true,"href":"https:\/\/www.bellunopress.it\/fr\/wp-json\/wp\/v2\/users\/2"}],"replies":[{"embeddable":true,"href":"https:\/\/www.bellunopress.it\/fr\/wp-json\/wp\/v2\/comments?post=1406"}],"version-history":[{"count":3,"href":"https:\/\/www.bellunopress.it\/fr\/wp-json\/wp\/v2\/posts\/1406\/revisions"}],"predecessor-version":[{"id":1415,"href":"https:\/\/www.bellunopress.it\/fr\/wp-json\/wp\/v2\/posts\/1406\/revisions\/1415"}],"wp:attachment":[{"href":"https:\/\/www.bellunopress.it\/fr\/wp-json\/wp\/v2\/media?parent=1406"}],"wp:term":[{"taxonomy":"category","embeddable":true,"href":"https:\/\/www.bellunopress.it\/fr\/wp-json\/wp\/v2\/categories?post=1406"},{"taxonomy":"post_tag","embeddable":true,"href":"https:\/\/www.bellunopress.it\/fr\/wp-json\/wp\/v2\/tags?post=1406"}],"curies":[{"name":"wp","href":"https:\/\/api.w.org\/{rel}","templated":true}]}}