{"id":1400,"date":"2009-03-07T22:45:05","date_gmt":"2009-03-07T21:45:05","guid":{"rendered":"http:\/\/www.bellunopress.it\/?p=1400"},"modified":"2009-03-07T22:45:05","modified_gmt":"2009-03-07T21:45:05","slug":"dolomiti-unesco-la-regione-non-ha-mai-deliberato-il-supporto-alla-candidatura","status":"publish","type":"post","link":"https:\/\/www.bellunopress.it\/fr\/2009\/03\/07\/dolomiti-unesco-la-regione-non-ha-mai-deliberato-il-supporto-alla-candidatura\/","title":{"rendered":"Dolomiti Unesco: la Regione non ha mai deliberato il supporto alla candidatura"},"content":{"rendered":"<p><a href=\"http:\/\/www.bellunopress.it\/wp-content\/uploads\/2009\/02\/provincia-80x80.jpg\"><img loading=\"lazy\" decoding=\"async\" class=\"alignleft size-medium wp-image-342\" title=\"provincia-80x80\" src=\"http:\/\/www.bellunopress.it\/wp-content\/uploads\/2009\/02\/provincia-80x80.jpg\" alt=\"\" width=\"107\" height=\"80\" \/><\/a>Purtroppo la Regione Veneto non crede nell\u2019Unesco e nel riconoscimento delle Dolomiti a Patrimonio dell\u2019Umanit\u00e0. Le tante parole dell\u2019assessore De Bona in obbedienza ai polveroni sollevati dal presidente della Regione Galan sottolineano la mancanza di volont\u00e0 della Regione, non il suo coinvolgimento. Dal 2005 a oggi, nonostante i numerosi solleciti della Provincia di Belluno, la giunta regionale non ha mai deliberato la propria adesione e il proprio supporto alla candidatura delle Dolomiti. Un provvedimento che invece hanno preso gi\u00e0 nel 2005 la Regione Friuli Venezia Giulia, le Province autonome di Trento e Bolzano, la Provincia di Udine, la Provincia di Pordenone, la Provincia di Belluno, la Comunit\u00e0 montana Feltrina, la Comunit\u00e0 montana dell\u2019Alpago, la Comunit\u00e0 montana Centro Cadore, le Regole d\u2019Ampezzo, la Regola Tutta Danta, oltre 40 Comuni bellunesi, le associazioni di categoria e gli enti parco. Queste istituzioni e questi enti infatti considerano strategico il riconoscimento dell\u2019Unesco. Nel caso in cui l\u2019orientamento della giunta regionale dovesse cambiare l\u2019amministrazione provinciale potr\u00e0 trasmettere al Ministero dell\u2019Ambiente che la inoltrer\u00e0 all\u2019Unesco di Parigi la delibera di adesione della Regione Veneto.<\/p>","protected":false},"excerpt":{"rendered":"<p>Purtroppo la Regione Veneto non crede nell\u2019Unesco e nel riconoscimento delle Dolomiti a Patrimonio dell\u2019Umanit\u00e0. Le tante parole dell\u2019assessore De Bona in obbedienza ai polveroni sollevati dal presidente della Regione Galan sottolineano la mancanza di volont\u00e0 della Regione, non il suo coinvolgimento. Dal 2005 a oggi, nonostante i numerosi solleciti della Provincia di Belluno, la [&hellip;]<\/p>\n","protected":false},"author":2,"featured_media":0,"comment_status":"closed","ping_status":"open","sticky":false,"template":"","format":"standard","meta":{"footnotes":""},"categories":[26],"tags":[139,151,63],"class_list":["post-1400","post","type-post","status-publish","format-standard","category-prima-pagina","tag-belluno","tag-cadore","tag-dolomiti"],"yoast_head":"<!-- This site is optimized with the Yoast SEO plugin v28.4 - https:\/\/yoast.com\/product\/yoast-seo-wordpress\/ -->\n<title>Dolomiti Unesco: la Regione non ha mai deliberato il supporto alla candidatura - Bellunopress - Dolomiti<\/title>\n<meta name=\"robots\" content=\"index, follow, max-snippet:-1, max-image-preview:large, max-video-preview:-1\" \/>\n<link rel=\"canonical\" href=\"https:\/\/www.bellunopress.it\/fr\/2009\/03\/07\/dolomiti-unesco-la-regione-non-ha-mai-deliberato-il-supporto-alla-candidatura\/\" \/>\n<meta property=\"og:locale\" content=\"fr_FR\" \/>\n<meta property=\"og:type\" content=\"article\" \/>\n<meta property=\"og:title\" content=\"Dolomiti Unesco: la Regione non ha mai deliberato il supporto alla candidatura - Bellunopress - Dolomiti\" \/>\n<meta property=\"og:description\" content=\"Purtroppo la Regione Veneto non crede nell\u2019Unesco e nel riconoscimento delle Dolomiti a Patrimonio dell\u2019Umanit\u00e0. Le tante parole dell\u2019assessore De Bona in obbedienza ai polveroni sollevati dal presidente della Regione Galan sottolineano la mancanza di volont\u00e0 della Regione, non il suo coinvolgimento. Dal 2005 a oggi, nonostante i numerosi solleciti della Provincia di Belluno, la [&hellip;]\" \/>\n<meta property=\"og:url\" content=\"https:\/\/www.bellunopress.it\/fr\/2009\/03\/07\/dolomiti-unesco-la-regione-non-ha-mai-deliberato-il-supporto-alla-candidatura\/\" \/>\n<meta property=\"og:site_name\" content=\"Bellunopress - Dolomiti\" \/>\n<meta property=\"article:publisher\" content=\"https:\/\/www.facebook.com\/profile.php?id=100008943462799\" \/>\n<meta property=\"article:published_time\" content=\"2009-03-07T21:45:05+00:00\" \/>\n<meta property=\"og:image\" content=\"http:\/\/www.bellunopress.it\/wp-content\/uploads\/2009\/02\/provincia-80x80.jpg\" \/>\n<meta name=\"author\" content=\"redazione\" \/>\n<meta name=\"twitter:card\" content=\"summary_large_image\" \/>\n<meta name=\"twitter:creator\" content=\"@bellunopress\" \/>\n<meta name=\"twitter:site\" content=\"@bellunopress\" \/>\n<meta name=\"twitter:label1\" content=\"\u00c9crit par\" \/>\n\t<meta name=\"twitter:data1\" content=\"redazione\" \/>\n\t<meta name=\"twitter:label2\" content=\"Dur\u00e9e de lecture estim\u00e9e\" \/>\n\t<meta name=\"twitter:data2\" content=\"1 minute\" \/>\n<script type=\"application\/ld+json\" class=\"yoast-schema-graph\">{\"@context\":\"https:\\\/\\\/schema.org\",\"@graph\":[{\"@type\":\"Article\",\"@id\":\"https:\\\/\\\/www.bellunopress.it\\\/2009\\\/03\\\/07\\\/dolomiti-unesco-la-regione-non-ha-mai-deliberato-il-supporto-alla-candidatura\\\/#article\",\"isPartOf\":{\"@id\":\"https:\\\/\\\/www.bellunopress.it\\\/2009\\\/03\\\/07\\\/dolomiti-unesco-la-regione-non-ha-mai-deliberato-il-supporto-alla-candidatura\\\/\"},\"author\":{\"name\":\"redazione\",\"@id\":\"https:\\\/\\\/www.bellunopress.it\\\/#\\\/schema\\\/person\\\/79bb06722b37ece1c03d3e94beb30d73\"},\"headline\":\"Dolomiti Unesco: la Regione non ha mai deliberato il supporto alla candidatura\",\"datePublished\":\"2009-03-07T21:45:05+00:00\",\"mainEntityOfPage\":{\"@id\":\"https:\\\/\\\/www.bellunopress.it\\\/2009\\\/03\\\/07\\\/dolomiti-unesco-la-regione-non-ha-mai-deliberato-il-supporto-alla-candidatura\\\/\"},\"wordCount\":197,\"publisher\":{\"@id\":\"https:\\\/\\\/www.bellunopress.it\\\/#organization\"},\"image\":{\"@id\":\"https:\\\/\\\/www.bellunopress.it\\\/2009\\\/03\\\/07\\\/dolomiti-unesco-la-regione-non-ha-mai-deliberato-il-supporto-alla-candidatura\\\/#primaryimage\"},\"thumbnailUrl\":\"http:\\\/\\\/www.bellunopress.it\\\/wp-content\\\/uploads\\\/2009\\\/02\\\/provincia-80x80.jpg\",\"keywords\":[\"Belluno\",\"Cadore\",\"Dolomiti\"],\"articleSection\":[\"Prima Pagina\"],\"inLanguage\":\"fr-FR\"},{\"@type\":\"WebPage\",\"@id\":\"https:\\\/\\\/www.bellunopress.it\\\/2009\\\/03\\\/07\\\/dolomiti-unesco-la-regione-non-ha-mai-deliberato-il-supporto-alla-candidatura\\\/\",\"url\":\"https:\\\/\\\/www.bellunopress.it\\\/2009\\\/03\\\/07\\\/dolomiti-unesco-la-regione-non-ha-mai-deliberato-il-supporto-alla-candidatura\\\/\",\"name\":\"Dolomiti Unesco: la Regione non ha mai deliberato il supporto alla candidatura - Bellunopress - Dolomiti\",\"isPartOf\":{\"@id\":\"https:\\\/\\\/www.bellunopress.it\\\/#website\"},\"primaryImageOfPage\":{\"@id\":\"https:\\\/\\\/www.bellunopress.it\\\/2009\\\/03\\\/07\\\/dolomiti-unesco-la-regione-non-ha-mai-deliberato-il-supporto-alla-candidatura\\\/#primaryimage\"},\"image\":{\"@id\":\"https:\\\/\\\/www.bellunopress.it\\\/2009\\\/03\\\/07\\\/dolomiti-unesco-la-regione-non-ha-mai-deliberato-il-supporto-alla-candidatura\\\/#primaryimage\"},\"thumbnailUrl\":\"http:\\\/\\\/www.bellunopress.it\\\/wp-content\\\/uploads\\\/2009\\\/02\\\/provincia-80x80.jpg\",\"datePublished\":\"2009-03-07T21:45:05+00:00\",\"breadcrumb\":{\"@id\":\"https:\\\/\\\/www.bellunopress.it\\\/2009\\\/03\\\/07\\\/dolomiti-unesco-la-regione-non-ha-mai-deliberato-il-supporto-alla-candidatura\\\/#breadcrumb\"},\"inLanguage\":\"fr-FR\",\"potentialAction\":[{\"@type\":\"ReadAction\",\"target\":[\"https:\\\/\\\/www.bellunopress.it\\\/2009\\\/03\\\/07\\\/dolomiti-unesco-la-regione-non-ha-mai-deliberato-il-supporto-alla-candidatura\\\/\"]}]},{\"@type\":\"ImageObject\",\"inLanguage\":\"fr-FR\",\"@id\":\"https:\\\/\\\/www.bellunopress.it\\\/2009\\\/03\\\/07\\\/dolomiti-unesco-la-regione-non-ha-mai-deliberato-il-supporto-alla-candidatura\\\/#primaryimage\",\"url\":\"http:\\\/\\\/www.bellunopress.it\\\/wp-content\\\/uploads\\\/2009\\\/02\\\/provincia-80x80.jpg\",\"contentUrl\":\"http:\\\/\\\/www.bellunopress.it\\\/wp-content\\\/uploads\\\/2009\\\/02\\\/provincia-80x80.jpg\"},{\"@type\":\"BreadcrumbList\",\"@id\":\"https:\\\/\\\/www.bellunopress.it\\\/2009\\\/03\\\/07\\\/dolomiti-unesco-la-regione-non-ha-mai-deliberato-il-supporto-alla-candidatura\\\/#breadcrumb\",\"itemListElement\":[{\"@type\":\"ListItem\",\"position\":1,\"name\":\"Home\",\"item\":\"https:\\\/\\\/www.bellunopress.it\\\/\"},{\"@type\":\"ListItem\",\"position\":2,\"name\":\"Dolomiti Unesco: la Regione non ha mai deliberato il supporto alla candidatura\"}]},{\"@type\":\"WebSite\",\"@id\":\"https:\\\/\\\/www.bellunopress.it\\\/#website\",\"url\":\"https:\\\/\\\/www.bellunopress.it\\\/\",\"name\":\"Bellunopress - Dolomiti\",\"description\":\"e-mail: redazione@bellunopress.it\",\"publisher\":{\"@id\":\"https:\\\/\\\/www.bellunopress.it\\\/#organization\"},\"potentialAction\":[{\"@type\":\"SearchAction\",\"target\":{\"@type\":\"EntryPoint\",\"urlTemplate\":\"https:\\\/\\\/www.bellunopress.it\\\/?s={search_term_string}\"},\"query-input\":{\"@type\":\"PropertyValueSpecification\",\"valueRequired\":true,\"valueName\":\"search_term_string\"}}],\"inLanguage\":\"fr-FR\"},{\"@type\":\"Organization\",\"@id\":\"https:\\\/\\\/www.bellunopress.it\\\/#organization\",\"name\":\"Bellunopress\",\"url\":\"https:\\\/\\\/www.bellunopress.it\\\/\",\"logo\":{\"@type\":\"ImageObject\",\"inLanguage\":\"fr-FR\",\"@id\":\"https:\\\/\\\/www.bellunopress.it\\\/#\\\/schema\\\/logo\\\/image\\\/\",\"url\":\"https:\\\/\\\/www.bellunopress.it\\\/wp-content\\\/uploads\\\/2011\\\/05\\\/cropped-logo-bellunopress-.jpg\",\"contentUrl\":\"https:\\\/\\\/www.bellunopress.it\\\/wp-content\\\/uploads\\\/2011\\\/05\\\/cropped-logo-bellunopress-.jpg\",\"width\":512,\"height\":512,\"caption\":\"Bellunopress\"},\"image\":{\"@id\":\"https:\\\/\\\/www.bellunopress.it\\\/#\\\/schema\\\/logo\\\/image\\\/\"},\"sameAs\":[\"https:\\\/\\\/www.facebook.com\\\/profile.php?id=100008943462799\",\"https:\\\/\\\/x.com\\\/bellunopress\",\"https:\\\/\\\/www.linkedin.com\\\/hp\\\/?dnr=JBzUWaJfMUw8vbXJJ2tVW5-I3jZKvC4wsoxE&amp;amp;amp;amp;amp;amp;trk=nav_responsive_tab_home\",\"https:\\\/\\\/www.youtube.com\\\/channel\\\/UCxL0wu1uN0_3_7hGG0306cw\"]},{\"@type\":\"Person\",\"@id\":\"https:\\\/\\\/www.bellunopress.it\\\/#\\\/schema\\\/person\\\/79bb06722b37ece1c03d3e94beb30d73\",\"name\":\"redazione\",\"image\":{\"@type\":\"ImageObject\",\"inLanguage\":\"fr-FR\",\"@id\":\"https:\\\/\\\/secure.gravatar.com\\\/avatar\\\/37d968a2e67a6fd04c169c4bdef102d0bc5d31b2546345219e348575eb80e9a0?s=96&d=mm&r=g\",\"url\":\"https:\\\/\\\/secure.gravatar.com\\\/avatar\\\/37d968a2e67a6fd04c169c4bdef102d0bc5d31b2546345219e348575eb80e9a0?s=96&d=mm&r=g\",\"contentUrl\":\"https:\\\/\\\/secure.gravatar.com\\\/avatar\\\/37d968a2e67a6fd04c169c4bdef102d0bc5d31b2546345219e348575eb80e9a0?s=96&d=mm&r=g\",\"caption\":\"redazione\"},\"sameAs\":[\"http:\\\/\\\/www.bellunopress.it\",\"https:\\\/\\\/x.com\\\/bellunopress\"],\"url\":\"https:\\\/\\\/www.bellunopress.it\\\/fr\\\/author\\\/redazione\\\/\"}]}<\/script>\n<!-- \/ Yoast SEO plugin. -->","yoast_head_json":{"title":"Dolomiti Unesco: la Regione non ha mai deliberato il supporto alla candidatura - Bellunopress - Dolomiti","robots":{"index":"index","follow":"follow","max-snippet":"max-snippet:-1","max-image-preview":"max-image-preview:large","max-video-preview":"max-video-preview:-1"},"canonical":"https:\/\/www.bellunopress.it\/fr\/2009\/03\/07\/dolomiti-unesco-la-regione-non-ha-mai-deliberato-il-supporto-alla-candidatura\/","og_locale":"fr_FR","og_type":"article","og_title":"Dolomiti Unesco: la Regione non ha mai deliberato il supporto alla candidatura - Bellunopress - Dolomiti","og_description":"Purtroppo la Regione Veneto non crede nell\u2019Unesco e nel riconoscimento delle Dolomiti a Patrimonio dell\u2019Umanit\u00e0. Le tante parole dell\u2019assessore De Bona in obbedienza ai polveroni sollevati dal presidente della Regione Galan sottolineano la mancanza di volont\u00e0 della Regione, non il suo coinvolgimento. Dal 2005 a oggi, nonostante i numerosi solleciti della Provincia di Belluno, la [&hellip;]","og_url":"https:\/\/www.bellunopress.it\/fr\/2009\/03\/07\/dolomiti-unesco-la-regione-non-ha-mai-deliberato-il-supporto-alla-candidatura\/","og_site_name":"Bellunopress - Dolomiti","article_publisher":"https:\/\/www.facebook.com\/profile.php?id=100008943462799","article_published_time":"2009-03-07T21:45:05+00:00","og_image":[{"url":"http:\/\/www.bellunopress.it\/wp-content\/uploads\/2009\/02\/provincia-80x80.jpg","type":"","width":"","height":""}],"author":"redazione","twitter_card":"summary_large_image","twitter_creator":"@bellunopress","twitter_site":"@bellunopress","twitter_misc":{"\u00c9crit par":"redazione","Dur\u00e9e de lecture estim\u00e9e":"1 minute"},"schema":{"@context":"https:\/\/schema.org","@graph":[{"@type":"Article","@id":"https:\/\/www.bellunopress.it\/2009\/03\/07\/dolomiti-unesco-la-regione-non-ha-mai-deliberato-il-supporto-alla-candidatura\/#article","isPartOf":{"@id":"https:\/\/www.bellunopress.it\/2009\/03\/07\/dolomiti-unesco-la-regione-non-ha-mai-deliberato-il-supporto-alla-candidatura\/"},"author":{"name":"redazione","@id":"https:\/\/www.bellunopress.it\/#\/schema\/person\/79bb06722b37ece1c03d3e94beb30d73"},"headline":"Dolomiti Unesco: la Regione non ha mai deliberato il supporto alla candidatura","datePublished":"2009-03-07T21:45:05+00:00","mainEntityOfPage":{"@id":"https:\/\/www.bellunopress.it\/2009\/03\/07\/dolomiti-unesco-la-regione-non-ha-mai-deliberato-il-supporto-alla-candidatura\/"},"wordCount":197,"publisher":{"@id":"https:\/\/www.bellunopress.it\/#organization"},"image":{"@id":"https:\/\/www.bellunopress.it\/2009\/03\/07\/dolomiti-unesco-la-regione-non-ha-mai-deliberato-il-supporto-alla-candidatura\/#primaryimage"},"thumbnailUrl":"http:\/\/www.bellunopress.it\/wp-content\/uploads\/2009\/02\/provincia-80x80.jpg","keywords":["Belluno","Cadore","Dolomiti"],"articleSection":["Prima Pagina"],"inLanguage":"fr-FR"},{"@type":"WebPage","@id":"https:\/\/www.bellunopress.it\/2009\/03\/07\/dolomiti-unesco-la-regione-non-ha-mai-deliberato-il-supporto-alla-candidatura\/","url":"https:\/\/www.bellunopress.it\/2009\/03\/07\/dolomiti-unesco-la-regione-non-ha-mai-deliberato-il-supporto-alla-candidatura\/","name":"Dolomiti Unesco: la Regione non ha mai deliberato il supporto alla candidatura - Bellunopress - Dolomiti","isPartOf":{"@id":"https:\/\/www.bellunopress.it\/#website"},"primaryImageOfPage":{"@id":"https:\/\/www.bellunopress.it\/2009\/03\/07\/dolomiti-unesco-la-regione-non-ha-mai-deliberato-il-supporto-alla-candidatura\/#primaryimage"},"image":{"@id":"https:\/\/www.bellunopress.it\/2009\/03\/07\/dolomiti-unesco-la-regione-non-ha-mai-deliberato-il-supporto-alla-candidatura\/#primaryimage"},"thumbnailUrl":"http:\/\/www.bellunopress.it\/wp-content\/uploads\/2009\/02\/provincia-80x80.jpg","datePublished":"2009-03-07T21:45:05+00:00","breadcrumb":{"@id":"https:\/\/www.bellunopress.it\/2009\/03\/07\/dolomiti-unesco-la-regione-non-ha-mai-deliberato-il-supporto-alla-candidatura\/#breadcrumb"},"inLanguage":"fr-FR","potentialAction":[{"@type":"ReadAction","target":["https:\/\/www.bellunopress.it\/2009\/03\/07\/dolomiti-unesco-la-regione-non-ha-mai-deliberato-il-supporto-alla-candidatura\/"]}]},{"@type":"ImageObject","inLanguage":"fr-FR","@id":"https:\/\/www.bellunopress.it\/2009\/03\/07\/dolomiti-unesco-la-regione-non-ha-mai-deliberato-il-supporto-alla-candidatura\/#primaryimage","url":"http:\/\/www.bellunopress.it\/wp-content\/uploads\/2009\/02\/provincia-80x80.jpg","contentUrl":"http:\/\/www.bellunopress.it\/wp-content\/uploads\/2009\/02\/provincia-80x80.jpg"},{"@type":"BreadcrumbList","@id":"https:\/\/www.bellunopress.it\/2009\/03\/07\/dolomiti-unesco-la-regione-non-ha-mai-deliberato-il-supporto-alla-candidatura\/#breadcrumb","itemListElement":[{"@type":"ListItem","position":1,"name":"Home","item":"https:\/\/www.bellunopress.it\/"},{"@type":"ListItem","position":2,"name":"Dolomiti Unesco: la Regione non ha mai deliberato il supporto alla candidatura"}]},{"@type":"WebSite","@id":"https:\/\/www.bellunopress.it\/#website","url":"https:\/\/www.bellunopress.it\/","name":"Bellunopress - Dolomiti","description":"e-mail: redazione@bellunopress.it","publisher":{"@id":"https:\/\/www.bellunopress.it\/#organization"},"potentialAction":[{"@type":"SearchAction","target":{"@type":"EntryPoint","urlTemplate":"https:\/\/www.bellunopress.it\/?s={search_term_string}"},"query-input":{"@type":"PropertyValueSpecification","valueRequired":true,"valueName":"search_term_string"}}],"inLanguage":"fr-FR"},{"@type":"Organization","@id":"https:\/\/www.bellunopress.it\/#organization","name":"Bellunopress","url":"https:\/\/www.bellunopress.it\/","logo":{"@type":"ImageObject","inLanguage":"fr-FR","@id":"https:\/\/www.bellunopress.it\/#\/schema\/logo\/image\/","url":"https:\/\/www.bellunopress.it\/wp-content\/uploads\/2011\/05\/cropped-logo-bellunopress-.jpg","contentUrl":"https:\/\/www.bellunopress.it\/wp-content\/uploads\/2011\/05\/cropped-logo-bellunopress-.jpg","width":512,"height":512,"caption":"Bellunopress"},"image":{"@id":"https:\/\/www.bellunopress.it\/#\/schema\/logo\/image\/"},"sameAs":["https:\/\/www.facebook.com\/profile.php?id=100008943462799","https:\/\/x.com\/bellunopress","https:\/\/www.linkedin.com\/hp\/?dnr=JBzUWaJfMUw8vbXJJ2tVW5-I3jZKvC4wsoxE&amp;amp;amp;amp;amp;amp;trk=nav_responsive_tab_home","https:\/\/www.youtube.com\/channel\/UCxL0wu1uN0_3_7hGG0306cw"]},{"@type":"Person","@id":"https:\/\/www.bellunopress.it\/#\/schema\/person\/79bb06722b37ece1c03d3e94beb30d73","name":"r\u00e9daction","image":{"@type":"ImageObject","inLanguage":"fr-FR","@id":"https:\/\/secure.gravatar.com\/avatar\/37d968a2e67a6fd04c169c4bdef102d0bc5d31b2546345219e348575eb80e9a0?s=96&d=mm&r=g","url":"https:\/\/secure.gravatar.com\/avatar\/37d968a2e67a6fd04c169c4bdef102d0bc5d31b2546345219e348575eb80e9a0?s=96&d=mm&r=g","contentUrl":"https:\/\/secure.gravatar.com\/avatar\/37d968a2e67a6fd04c169c4bdef102d0bc5d31b2546345219e348575eb80e9a0?s=96&d=mm&r=g","caption":"redazione"},"sameAs":["http:\/\/www.bellunopress.it","https:\/\/x.com\/bellunopress"],"url":"https:\/\/www.bellunopress.it\/fr\/author\/redazione\/"}]}},"_links":{"self":[{"href":"https:\/\/www.bellunopress.it\/fr\/wp-json\/wp\/v2\/posts\/1400","targetHints":{"allow":["GET"]}}],"collection":[{"href":"https:\/\/www.bellunopress.it\/fr\/wp-json\/wp\/v2\/posts"}],"about":[{"href":"https:\/\/www.bellunopress.it\/fr\/wp-json\/wp\/v2\/types\/post"}],"author":[{"embeddable":true,"href":"https:\/\/www.bellunopress.it\/fr\/wp-json\/wp\/v2\/users\/2"}],"replies":[{"embeddable":true,"href":"https:\/\/www.bellunopress.it\/fr\/wp-json\/wp\/v2\/comments?post=1400"}],"version-history":[{"count":1,"href":"https:\/\/www.bellunopress.it\/fr\/wp-json\/wp\/v2\/posts\/1400\/revisions"}],"predecessor-version":[{"id":1401,"href":"https:\/\/www.bellunopress.it\/fr\/wp-json\/wp\/v2\/posts\/1400\/revisions\/1401"}],"wp:attachment":[{"href":"https:\/\/www.bellunopress.it\/fr\/wp-json\/wp\/v2\/media?parent=1400"}],"wp:term":[{"taxonomy":"category","embeddable":true,"href":"https:\/\/www.bellunopress.it\/fr\/wp-json\/wp\/v2\/categories?post=1400"},{"taxonomy":"post_tag","embeddable":true,"href":"https:\/\/www.bellunopress.it\/fr\/wp-json\/wp\/v2\/tags?post=1400"}],"curies":[{"name":"wp","href":"https:\/\/api.w.org\/{rel}","templated":true}]}}