{"id":139572,"date":"2023-02-07T11:55:49","date_gmt":"2023-02-07T10:55:49","guid":{"rendered":"https:\/\/www.bellunopress.it\/?p=139572"},"modified":"2023-02-07T16:01:39","modified_gmt":"2023-02-07T15:01:39","slug":"interreg-italia-austria-conoscere-la-storia-e-i-beni-culturali-nellarea-dolomiti-live","status":"publish","type":"post","link":"https:\/\/www.bellunopress.it\/fr\/2023\/02\/07\/interreg-italia-austria-conoscere-la-storia-e-i-beni-culturali-nellarea-dolomiti-live\/","title":{"rendered":"Interreg Italia-Austria. Conoscere la storia e i beni culturali nell&#8217;area Dolomiti live."},"content":{"rendered":"<p><img loading=\"lazy\" decoding=\"async\" class=\"alignleft size-full wp-image-139573\" src=\"https:\/\/www.bellunopress.it\/wp-content\/uploads\/2023\/02\/laboratorio-al-museo_-Cadore.jpg\" alt=\"\" width=\"832\" height=\"1000\" srcset=\"https:\/\/www.bellunopress.it\/wp-content\/uploads\/2023\/02\/laboratorio-al-museo_-Cadore.jpg 832w, https:\/\/www.bellunopress.it\/wp-content\/uploads\/2023\/02\/laboratorio-al-museo_-Cadore-416x500.jpg 416w, https:\/\/www.bellunopress.it\/wp-content\/uploads\/2023\/02\/laboratorio-al-museo_-Cadore-696x837.jpg 696w, https:\/\/www.bellunopress.it\/wp-content\/uploads\/2023\/02\/laboratorio-al-museo_-Cadore-349x420.jpg 349w\" sizes=\"auto, (max-width: 832px) 100vw, 832px\" \/>Il programma di febbraio nei musei cadorini \u00e8 ricco e variegato: laboratori, dimostrazioni, concerti, escursioni consentiranno a bambini e adulti di imparare e approfondire in modo attivo e coinvolgente<\/p>\n<p>\u201cConoscere la storia e i beni culturali nell\u2019area Dolomiti Live\u201d \u00e8 il nome del Progetto Interreg IT-AU 2014-2020 finanziato nell&#8217;ambito della strategia nel CLLD Dolomiti Live, di cui \u00e8 partner il Gal Alto Bellunese: i due promotori del progetto, la Magnifica Comunit\u00e0 di Cadore e il Museumsverein Burg Heinfels, attraverso la realizzazione di attivit\u00e0 educativo &#8211; didattiche e di animazione si propongono di far conoscere il patrimonio dei musei del territorio in una maniera dinamica e le prime proposte sono gi\u00e0 state attivate con successo nel mese di gennaio.<\/p>\n<p>In febbraio il calendario delle iniziative in Cadore \u00e8 particolarmente ricco e variegato.<br \/>\nAl Museo Algudnei di Dosoledo mercoled\u00ec 8 e mercoled\u00ec 15 alle 20.30 grazie al Gruppo Folk dei L\u00e9gar si potranno riscoprire i balli tradizionali del Comelico e in particolare la Mazurka e la storia della musica e del ballo.<\/p>\n<p>Al Museo Al Pojat di Zopp\u00e8, invece, domenica 12 febbraio alle 17.00 si svolger\u00e0 il laboratorio sullo studio e sulla realizzazione della forma in legno degli \u201cscarpet\u201d a cura dell\u2019artigiano e artista Merino Mattiuzzi, mentre sabato 18 alle 17.00 febbraio \u00e8 in programma la rappresentazione teatrale di animazione museale \u201cIl Fil\u00f2\u201d, curata dall\u2019associazione Mont De Vie. Per concludere, domenica 26 febbraio alle 17.00 si potr\u00e0 partecipare ad un viaggio sonoro con Simone Pedron, che terr\u00e0 una conferenza sui suoni e sugli strumenti musicali della preistoria.<\/p>\n<p>Al Museo della Latteria di Lozzo luned\u00ec 20 febbraio sar\u00e0 realizzato un laboratorio artistico per bambini a cura di Marta Farina dal titolo \u201cLa magia del latte\u201d, alle 14.30 per il primo gruppo e alle 16.30 per il secondo; a seguire, venerd\u00ec 24 febbraio alle 18.00 Francesca Giopp organizzer\u00e0 l\u2019attivit\u00e0 educativa \u201cGiocare, cucinare, imparare. Il cibo come elemento di riconnessione di comunit\u00e0\u201d.<\/p>\n<p>Al Museo Palazzo Corte Metto di Auronzo domenica 26 febbraio alle 17.00 l\u2019appuntamento \u00e8 con la musica: Andrea Da Cort\u00e0, Annachiara Belli e Pina Sabatini proporranno \u201cAntiche radici e nuove foglie\u201d, uno spettacolo tra tradizione e innovazione.<\/p>\n<p>Al Museo Vittorino Cazzetta di Selva di Cadore saranno tre gli incontri da non perdere: sabato 11 febbraio alle 16.00 \u201cDalla terra al fuoco nei tempi antichi\u201d, dimostrazione e laboratorio didattico della lavorazione dell\u2019argilla a cura di Valeria Grazioli; domenica 19 febbraio alle 17.00 sar\u00e0 la volta del laboratorio didattico per bambini e ragazzi condotto da Annamaria Canepa sul tema del Carnevale.<\/p>\n<p>Infine, domenica 26 febbraio \u00e8 infine programmata un\u2019escursione con le \u201cciaspe\u201d della durata di circa 4 ore alla Muraglia del Giau, confine storico tra Cadore e Tirolo, con Irene De Pellegrini, sociologa, ricercatrice sociale e guida ambientale escursionista (il ritrovo \u00e8 previsto alle 9.30 al parcheggio nei pressi di Malga Giau).<\/p>\n<p>Per la maggior parte delle attivit\u00e0 \u00e8 necessaria la prenotazione.<br \/>\nPer informazioni: magnificacomunitadicadore.it<\/p>","protected":false},"excerpt":{"rendered":"<p>Il programma di febbraio nei musei cadorini \u00e8 ricco e variegato: laboratori, dimostrazioni, concerti, escursioni consentiranno a bambini e adulti di imparare e approfondire in modo attivo e coinvolgente \u201cConoscere la storia e i beni culturali nell\u2019area Dolomiti Live\u201d \u00e8 il nome del Progetto Interreg IT-AU 2014-2020 finanziato nell&#8217;ambito della strategia nel CLLD Dolomiti Live, [&hellip;]<\/p>\n","protected":false},"author":2,"featured_media":139573,"comment_status":"closed","ping_status":"open","sticky":false,"template":"","format":"standard","meta":{"footnotes":""},"categories":[3,15],"tags":[],"class_list":["post-139572","post","type-post","status-publish","format-standard","has-post-thumbnail","category-arte-cultura-spettacoli-scienza-archivi","category-scuola"],"yoast_head":"<!-- This site is optimized with the Yoast SEO plugin v28.4 - https:\/\/yoast.com\/product\/yoast-seo-wordpress\/ -->\n<title>Interreg Italia-Austria. Conoscere la storia e i beni culturali nell&#039;area Dolomiti live. - Bellunopress - Dolomiti<\/title>\n<meta name=\"robots\" content=\"index, follow, max-snippet:-1, max-image-preview:large, max-video-preview:-1\" \/>\n<link rel=\"canonical\" href=\"https:\/\/www.bellunopress.it\/fr\/2023\/02\/07\/interreg-italia-austria-conoscere-la-storia-e-i-beni-culturali-nellarea-dolomiti-live\/\" \/>\n<meta property=\"og:locale\" content=\"fr_FR\" \/>\n<meta property=\"og:type\" content=\"article\" \/>\n<meta property=\"og:title\" content=\"Interreg Italia-Austria. Conoscere la storia e i beni culturali nell&#039;area Dolomiti live. - Bellunopress - Dolomiti\" \/>\n<meta property=\"og:description\" content=\"Il programma di febbraio nei musei cadorini \u00e8 ricco e variegato: laboratori, dimostrazioni, concerti, escursioni consentiranno a bambini e adulti di imparare e approfondire in modo attivo e coinvolgente \u201cConoscere la storia e i beni culturali nell\u2019area Dolomiti Live\u201d \u00e8 il nome del Progetto Interreg IT-AU 2014-2020 finanziato nell&#8217;ambito della strategia nel CLLD Dolomiti Live, [&hellip;]\" \/>\n<meta property=\"og:url\" content=\"https:\/\/www.bellunopress.it\/fr\/2023\/02\/07\/interreg-italia-austria-conoscere-la-storia-e-i-beni-culturali-nellarea-dolomiti-live\/\" \/>\n<meta property=\"og:site_name\" content=\"Bellunopress - Dolomiti\" \/>\n<meta property=\"article:publisher\" content=\"https:\/\/www.facebook.com\/profile.php?id=100008943462799\" \/>\n<meta property=\"article:published_time\" content=\"2023-02-07T10:55:49+00:00\" \/>\n<meta property=\"article:modified_time\" content=\"2023-02-07T15:01:39+00:00\" \/>\n<meta property=\"og:image\" content=\"https:\/\/www.bellunopress.it\/wp-content\/uploads\/2023\/02\/laboratorio-al-museo_-Cadore.jpg\" \/>\n\t<meta property=\"og:image:width\" content=\"832\" \/>\n\t<meta property=\"og:image:height\" content=\"1000\" \/>\n\t<meta property=\"og:image:type\" content=\"image\/jpeg\" \/>\n<meta name=\"author\" content=\"redazione\" \/>\n<meta name=\"twitter:card\" content=\"summary_large_image\" \/>\n<meta name=\"twitter:creator\" content=\"@bellunopress\" \/>\n<meta name=\"twitter:site\" content=\"@bellunopress\" \/>\n<meta name=\"twitter:label1\" content=\"\u00c9crit par\" \/>\n\t<meta name=\"twitter:data1\" content=\"redazione\" \/>\n\t<meta name=\"twitter:label2\" content=\"Dur\u00e9e de lecture estim\u00e9e\" \/>\n\t<meta name=\"twitter:data2\" content=\"3 minutes\" \/>\n<script type=\"application\/ld+json\" class=\"yoast-schema-graph\">{\"@context\":\"https:\\\/\\\/schema.org\",\"@graph\":[{\"@type\":\"Article\",\"@id\":\"https:\\\/\\\/www.bellunopress.it\\\/2023\\\/02\\\/07\\\/interreg-italia-austria-conoscere-la-storia-e-i-beni-culturali-nellarea-dolomiti-live\\\/#article\",\"isPartOf\":{\"@id\":\"https:\\\/\\\/www.bellunopress.it\\\/2023\\\/02\\\/07\\\/interreg-italia-austria-conoscere-la-storia-e-i-beni-culturali-nellarea-dolomiti-live\\\/\"},\"author\":{\"name\":\"redazione\",\"@id\":\"https:\\\/\\\/www.bellunopress.it\\\/#\\\/schema\\\/person\\\/79bb06722b37ece1c03d3e94beb30d73\"},\"headline\":\"Interreg Italia-Austria. Conoscere la storia e i beni culturali nell&#8217;area Dolomiti live.\",\"datePublished\":\"2023-02-07T10:55:49+00:00\",\"dateModified\":\"2023-02-07T15:01:39+00:00\",\"mainEntityOfPage\":{\"@id\":\"https:\\\/\\\/www.bellunopress.it\\\/2023\\\/02\\\/07\\\/interreg-italia-austria-conoscere-la-storia-e-i-beni-culturali-nellarea-dolomiti-live\\\/\"},\"wordCount\":471,\"publisher\":{\"@id\":\"https:\\\/\\\/www.bellunopress.it\\\/#organization\"},\"image\":{\"@id\":\"https:\\\/\\\/www.bellunopress.it\\\/2023\\\/02\\\/07\\\/interreg-italia-austria-conoscere-la-storia-e-i-beni-culturali-nellarea-dolomiti-live\\\/#primaryimage\"},\"thumbnailUrl\":\"https:\\\/\\\/www.bellunopress.it\\\/wp-content\\\/uploads\\\/2023\\\/02\\\/laboratorio-al-museo_-Cadore.jpg\",\"articleSection\":[\"Arte, Cultura, Spettacoli, Scienza\",\"Scuola\"],\"inLanguage\":\"fr-FR\"},{\"@type\":\"WebPage\",\"@id\":\"https:\\\/\\\/www.bellunopress.it\\\/2023\\\/02\\\/07\\\/interreg-italia-austria-conoscere-la-storia-e-i-beni-culturali-nellarea-dolomiti-live\\\/\",\"url\":\"https:\\\/\\\/www.bellunopress.it\\\/2023\\\/02\\\/07\\\/interreg-italia-austria-conoscere-la-storia-e-i-beni-culturali-nellarea-dolomiti-live\\\/\",\"name\":\"Interreg Italia-Austria. Conoscere la storia e i beni culturali nell'area Dolomiti live. - Bellunopress - Dolomiti\",\"isPartOf\":{\"@id\":\"https:\\\/\\\/www.bellunopress.it\\\/#website\"},\"primaryImageOfPage\":{\"@id\":\"https:\\\/\\\/www.bellunopress.it\\\/2023\\\/02\\\/07\\\/interreg-italia-austria-conoscere-la-storia-e-i-beni-culturali-nellarea-dolomiti-live\\\/#primaryimage\"},\"image\":{\"@id\":\"https:\\\/\\\/www.bellunopress.it\\\/2023\\\/02\\\/07\\\/interreg-italia-austria-conoscere-la-storia-e-i-beni-culturali-nellarea-dolomiti-live\\\/#primaryimage\"},\"thumbnailUrl\":\"https:\\\/\\\/www.bellunopress.it\\\/wp-content\\\/uploads\\\/2023\\\/02\\\/laboratorio-al-museo_-Cadore.jpg\",\"datePublished\":\"2023-02-07T10:55:49+00:00\",\"dateModified\":\"2023-02-07T15:01:39+00:00\",\"breadcrumb\":{\"@id\":\"https:\\\/\\\/www.bellunopress.it\\\/2023\\\/02\\\/07\\\/interreg-italia-austria-conoscere-la-storia-e-i-beni-culturali-nellarea-dolomiti-live\\\/#breadcrumb\"},\"inLanguage\":\"fr-FR\",\"potentialAction\":[{\"@type\":\"ReadAction\",\"target\":[\"https:\\\/\\\/www.bellunopress.it\\\/2023\\\/02\\\/07\\\/interreg-italia-austria-conoscere-la-storia-e-i-beni-culturali-nellarea-dolomiti-live\\\/\"]}]},{\"@type\":\"ImageObject\",\"inLanguage\":\"fr-FR\",\"@id\":\"https:\\\/\\\/www.bellunopress.it\\\/2023\\\/02\\\/07\\\/interreg-italia-austria-conoscere-la-storia-e-i-beni-culturali-nellarea-dolomiti-live\\\/#primaryimage\",\"url\":\"https:\\\/\\\/www.bellunopress.it\\\/wp-content\\\/uploads\\\/2023\\\/02\\\/laboratorio-al-museo_-Cadore.jpg\",\"contentUrl\":\"https:\\\/\\\/www.bellunopress.it\\\/wp-content\\\/uploads\\\/2023\\\/02\\\/laboratorio-al-museo_-Cadore.jpg\",\"width\":832,\"height\":1000},{\"@type\":\"BreadcrumbList\",\"@id\":\"https:\\\/\\\/www.bellunopress.it\\\/2023\\\/02\\\/07\\\/interreg-italia-austria-conoscere-la-storia-e-i-beni-culturali-nellarea-dolomiti-live\\\/#breadcrumb\",\"itemListElement\":[{\"@type\":\"ListItem\",\"position\":1,\"name\":\"Home\",\"item\":\"https:\\\/\\\/www.bellunopress.it\\\/\"},{\"@type\":\"ListItem\",\"position\":2,\"name\":\"Interreg Italia-Austria. Conoscere la storia e i beni culturali nell&#8217;area Dolomiti live.\"}]},{\"@type\":\"WebSite\",\"@id\":\"https:\\\/\\\/www.bellunopress.it\\\/#website\",\"url\":\"https:\\\/\\\/www.bellunopress.it\\\/\",\"name\":\"Bellunopress - Dolomiti\",\"description\":\"e-mail: redazione@bellunopress.it\",\"publisher\":{\"@id\":\"https:\\\/\\\/www.bellunopress.it\\\/#organization\"},\"potentialAction\":[{\"@type\":\"SearchAction\",\"target\":{\"@type\":\"EntryPoint\",\"urlTemplate\":\"https:\\\/\\\/www.bellunopress.it\\\/?s={search_term_string}\"},\"query-input\":{\"@type\":\"PropertyValueSpecification\",\"valueRequired\":true,\"valueName\":\"search_term_string\"}}],\"inLanguage\":\"fr-FR\"},{\"@type\":\"Organization\",\"@id\":\"https:\\\/\\\/www.bellunopress.it\\\/#organization\",\"name\":\"Bellunopress\",\"url\":\"https:\\\/\\\/www.bellunopress.it\\\/\",\"logo\":{\"@type\":\"ImageObject\",\"inLanguage\":\"fr-FR\",\"@id\":\"https:\\\/\\\/www.bellunopress.it\\\/#\\\/schema\\\/logo\\\/image\\\/\",\"url\":\"https:\\\/\\\/www.bellunopress.it\\\/wp-content\\\/uploads\\\/2011\\\/05\\\/cropped-logo-bellunopress-.jpg\",\"contentUrl\":\"https:\\\/\\\/www.bellunopress.it\\\/wp-content\\\/uploads\\\/2011\\\/05\\\/cropped-logo-bellunopress-.jpg\",\"width\":512,\"height\":512,\"caption\":\"Bellunopress\"},\"image\":{\"@id\":\"https:\\\/\\\/www.bellunopress.it\\\/#\\\/schema\\\/logo\\\/image\\\/\"},\"sameAs\":[\"https:\\\/\\\/www.facebook.com\\\/profile.php?id=100008943462799\",\"https:\\\/\\\/x.com\\\/bellunopress\",\"https:\\\/\\\/www.linkedin.com\\\/hp\\\/?dnr=JBzUWaJfMUw8vbXJJ2tVW5-I3jZKvC4wsoxE&amp;amp;amp;amp;amp;amp;trk=nav_responsive_tab_home\",\"https:\\\/\\\/www.youtube.com\\\/channel\\\/UCxL0wu1uN0_3_7hGG0306cw\"]},{\"@type\":\"Person\",\"@id\":\"https:\\\/\\\/www.bellunopress.it\\\/#\\\/schema\\\/person\\\/79bb06722b37ece1c03d3e94beb30d73\",\"name\":\"redazione\",\"image\":{\"@type\":\"ImageObject\",\"inLanguage\":\"fr-FR\",\"@id\":\"https:\\\/\\\/secure.gravatar.com\\\/avatar\\\/37d968a2e67a6fd04c169c4bdef102d0bc5d31b2546345219e348575eb80e9a0?s=96&d=mm&r=g\",\"url\":\"https:\\\/\\\/secure.gravatar.com\\\/avatar\\\/37d968a2e67a6fd04c169c4bdef102d0bc5d31b2546345219e348575eb80e9a0?s=96&d=mm&r=g\",\"contentUrl\":\"https:\\\/\\\/secure.gravatar.com\\\/avatar\\\/37d968a2e67a6fd04c169c4bdef102d0bc5d31b2546345219e348575eb80e9a0?s=96&d=mm&r=g\",\"caption\":\"redazione\"},\"sameAs\":[\"http:\\\/\\\/www.bellunopress.it\",\"https:\\\/\\\/x.com\\\/bellunopress\"],\"url\":\"https:\\\/\\\/www.bellunopress.it\\\/fr\\\/author\\\/redazione\\\/\"}]}<\/script>\n<!-- \/ Yoast SEO plugin. -->","yoast_head_json":{"title":"Interreg Italia-Austria. Conoscere la storia e i beni culturali nell'area Dolomiti live. - Bellunopress - Dolomiti","robots":{"index":"index","follow":"follow","max-snippet":"max-snippet:-1","max-image-preview":"max-image-preview:large","max-video-preview":"max-video-preview:-1"},"canonical":"https:\/\/www.bellunopress.it\/fr\/2023\/02\/07\/interreg-italia-austria-conoscere-la-storia-e-i-beni-culturali-nellarea-dolomiti-live\/","og_locale":"fr_FR","og_type":"article","og_title":"Interreg Italia-Austria. Conoscere la storia e i beni culturali nell'area Dolomiti live. - Bellunopress - Dolomiti","og_description":"Il programma di febbraio nei musei cadorini \u00e8 ricco e variegato: laboratori, dimostrazioni, concerti, escursioni consentiranno a bambini e adulti di imparare e approfondire in modo attivo e coinvolgente \u201cConoscere la storia e i beni culturali nell\u2019area Dolomiti Live\u201d \u00e8 il nome del Progetto Interreg IT-AU 2014-2020 finanziato nell&#8217;ambito della strategia nel CLLD Dolomiti Live, [&hellip;]","og_url":"https:\/\/www.bellunopress.it\/fr\/2023\/02\/07\/interreg-italia-austria-conoscere-la-storia-e-i-beni-culturali-nellarea-dolomiti-live\/","og_site_name":"Bellunopress - Dolomiti","article_publisher":"https:\/\/www.facebook.com\/profile.php?id=100008943462799","article_published_time":"2023-02-07T10:55:49+00:00","article_modified_time":"2023-02-07T15:01:39+00:00","og_image":[{"width":832,"height":1000,"url":"https:\/\/www.bellunopress.it\/wp-content\/uploads\/2023\/02\/laboratorio-al-museo_-Cadore.jpg","type":"image\/jpeg"}],"author":"redazione","twitter_card":"summary_large_image","twitter_creator":"@bellunopress","twitter_site":"@bellunopress","twitter_misc":{"\u00c9crit par":"redazione","Dur\u00e9e de lecture estim\u00e9e":"3 minutes"},"schema":{"@context":"https:\/\/schema.org","@graph":[{"@type":"Article","@id":"https:\/\/www.bellunopress.it\/2023\/02\/07\/interreg-italia-austria-conoscere-la-storia-e-i-beni-culturali-nellarea-dolomiti-live\/#article","isPartOf":{"@id":"https:\/\/www.bellunopress.it\/2023\/02\/07\/interreg-italia-austria-conoscere-la-storia-e-i-beni-culturali-nellarea-dolomiti-live\/"},"author":{"name":"redazione","@id":"https:\/\/www.bellunopress.it\/#\/schema\/person\/79bb06722b37ece1c03d3e94beb30d73"},"headline":"Interreg Italia-Austria. Conoscere la storia e i beni culturali nell&#8217;area Dolomiti live.","datePublished":"2023-02-07T10:55:49+00:00","dateModified":"2023-02-07T15:01:39+00:00","mainEntityOfPage":{"@id":"https:\/\/www.bellunopress.it\/2023\/02\/07\/interreg-italia-austria-conoscere-la-storia-e-i-beni-culturali-nellarea-dolomiti-live\/"},"wordCount":471,"publisher":{"@id":"https:\/\/www.bellunopress.it\/#organization"},"image":{"@id":"https:\/\/www.bellunopress.it\/2023\/02\/07\/interreg-italia-austria-conoscere-la-storia-e-i-beni-culturali-nellarea-dolomiti-live\/#primaryimage"},"thumbnailUrl":"https:\/\/www.bellunopress.it\/wp-content\/uploads\/2023\/02\/laboratorio-al-museo_-Cadore.jpg","articleSection":["Arte, Cultura, Spettacoli, Scienza","Scuola"],"inLanguage":"fr-FR"},{"@type":"WebPage","@id":"https:\/\/www.bellunopress.it\/2023\/02\/07\/interreg-italia-austria-conoscere-la-storia-e-i-beni-culturali-nellarea-dolomiti-live\/","url":"https:\/\/www.bellunopress.it\/2023\/02\/07\/interreg-italia-austria-conoscere-la-storia-e-i-beni-culturali-nellarea-dolomiti-live\/","name":"Interreg Italia-Austria. Conoscere la storia e i beni culturali nell'area Dolomiti live. - Bellunopress - Dolomiti","isPartOf":{"@id":"https:\/\/www.bellunopress.it\/#website"},"primaryImageOfPage":{"@id":"https:\/\/www.bellunopress.it\/2023\/02\/07\/interreg-italia-austria-conoscere-la-storia-e-i-beni-culturali-nellarea-dolomiti-live\/#primaryimage"},"image":{"@id":"https:\/\/www.bellunopress.it\/2023\/02\/07\/interreg-italia-austria-conoscere-la-storia-e-i-beni-culturali-nellarea-dolomiti-live\/#primaryimage"},"thumbnailUrl":"https:\/\/www.bellunopress.it\/wp-content\/uploads\/2023\/02\/laboratorio-al-museo_-Cadore.jpg","datePublished":"2023-02-07T10:55:49+00:00","dateModified":"2023-02-07T15:01:39+00:00","breadcrumb":{"@id":"https:\/\/www.bellunopress.it\/2023\/02\/07\/interreg-italia-austria-conoscere-la-storia-e-i-beni-culturali-nellarea-dolomiti-live\/#breadcrumb"},"inLanguage":"fr-FR","potentialAction":[{"@type":"ReadAction","target":["https:\/\/www.bellunopress.it\/2023\/02\/07\/interreg-italia-austria-conoscere-la-storia-e-i-beni-culturali-nellarea-dolomiti-live\/"]}]},{"@type":"ImageObject","inLanguage":"fr-FR","@id":"https:\/\/www.bellunopress.it\/2023\/02\/07\/interreg-italia-austria-conoscere-la-storia-e-i-beni-culturali-nellarea-dolomiti-live\/#primaryimage","url":"https:\/\/www.bellunopress.it\/wp-content\/uploads\/2023\/02\/laboratorio-al-museo_-Cadore.jpg","contentUrl":"https:\/\/www.bellunopress.it\/wp-content\/uploads\/2023\/02\/laboratorio-al-museo_-Cadore.jpg","width":832,"height":1000},{"@type":"BreadcrumbList","@id":"https:\/\/www.bellunopress.it\/2023\/02\/07\/interreg-italia-austria-conoscere-la-storia-e-i-beni-culturali-nellarea-dolomiti-live\/#breadcrumb","itemListElement":[{"@type":"ListItem","position":1,"name":"Home","item":"https:\/\/www.bellunopress.it\/"},{"@type":"ListItem","position":2,"name":"Interreg Italia-Austria. Conoscere la storia e i beni culturali nell&#8217;area Dolomiti live."}]},{"@type":"WebSite","@id":"https:\/\/www.bellunopress.it\/#website","url":"https:\/\/www.bellunopress.it\/","name":"Bellunopress - Dolomiti","description":"e-mail: redazione@bellunopress.it","publisher":{"@id":"https:\/\/www.bellunopress.it\/#organization"},"potentialAction":[{"@type":"SearchAction","target":{"@type":"EntryPoint","urlTemplate":"https:\/\/www.bellunopress.it\/?s={search_term_string}"},"query-input":{"@type":"PropertyValueSpecification","valueRequired":true,"valueName":"search_term_string"}}],"inLanguage":"fr-FR"},{"@type":"Organization","@id":"https:\/\/www.bellunopress.it\/#organization","name":"Bellunopress","url":"https:\/\/www.bellunopress.it\/","logo":{"@type":"ImageObject","inLanguage":"fr-FR","@id":"https:\/\/www.bellunopress.it\/#\/schema\/logo\/image\/","url":"https:\/\/www.bellunopress.it\/wp-content\/uploads\/2011\/05\/cropped-logo-bellunopress-.jpg","contentUrl":"https:\/\/www.bellunopress.it\/wp-content\/uploads\/2011\/05\/cropped-logo-bellunopress-.jpg","width":512,"height":512,"caption":"Bellunopress"},"image":{"@id":"https:\/\/www.bellunopress.it\/#\/schema\/logo\/image\/"},"sameAs":["https:\/\/www.facebook.com\/profile.php?id=100008943462799","https:\/\/x.com\/bellunopress","https:\/\/www.linkedin.com\/hp\/?dnr=JBzUWaJfMUw8vbXJJ2tVW5-I3jZKvC4wsoxE&amp;amp;amp;amp;amp;amp;trk=nav_responsive_tab_home","https:\/\/www.youtube.com\/channel\/UCxL0wu1uN0_3_7hGG0306cw"]},{"@type":"Person","@id":"https:\/\/www.bellunopress.it\/#\/schema\/person\/79bb06722b37ece1c03d3e94beb30d73","name":"r\u00e9daction","image":{"@type":"ImageObject","inLanguage":"fr-FR","@id":"https:\/\/secure.gravatar.com\/avatar\/37d968a2e67a6fd04c169c4bdef102d0bc5d31b2546345219e348575eb80e9a0?s=96&d=mm&r=g","url":"https:\/\/secure.gravatar.com\/avatar\/37d968a2e67a6fd04c169c4bdef102d0bc5d31b2546345219e348575eb80e9a0?s=96&d=mm&r=g","contentUrl":"https:\/\/secure.gravatar.com\/avatar\/37d968a2e67a6fd04c169c4bdef102d0bc5d31b2546345219e348575eb80e9a0?s=96&d=mm&r=g","caption":"redazione"},"sameAs":["http:\/\/www.bellunopress.it","https:\/\/x.com\/bellunopress"],"url":"https:\/\/www.bellunopress.it\/fr\/author\/redazione\/"}]}},"_links":{"self":[{"href":"https:\/\/www.bellunopress.it\/fr\/wp-json\/wp\/v2\/posts\/139572","targetHints":{"allow":["GET"]}}],"collection":[{"href":"https:\/\/www.bellunopress.it\/fr\/wp-json\/wp\/v2\/posts"}],"about":[{"href":"https:\/\/www.bellunopress.it\/fr\/wp-json\/wp\/v2\/types\/post"}],"author":[{"embeddable":true,"href":"https:\/\/www.bellunopress.it\/fr\/wp-json\/wp\/v2\/users\/2"}],"replies":[{"embeddable":true,"href":"https:\/\/www.bellunopress.it\/fr\/wp-json\/wp\/v2\/comments?post=139572"}],"version-history":[{"count":1,"href":"https:\/\/www.bellunopress.it\/fr\/wp-json\/wp\/v2\/posts\/139572\/revisions"}],"predecessor-version":[{"id":139574,"href":"https:\/\/www.bellunopress.it\/fr\/wp-json\/wp\/v2\/posts\/139572\/revisions\/139574"}],"wp:featuredmedia":[{"embeddable":true,"href":"https:\/\/www.bellunopress.it\/fr\/wp-json\/wp\/v2\/media\/139573"}],"wp:attachment":[{"href":"https:\/\/www.bellunopress.it\/fr\/wp-json\/wp\/v2\/media?parent=139572"}],"wp:term":[{"taxonomy":"category","embeddable":true,"href":"https:\/\/www.bellunopress.it\/fr\/wp-json\/wp\/v2\/categories?post=139572"},{"taxonomy":"post_tag","embeddable":true,"href":"https:\/\/www.bellunopress.it\/fr\/wp-json\/wp\/v2\/tags?post=139572"}],"curies":[{"name":"wp","href":"https:\/\/api.w.org\/{rel}","templated":true}]}}