{"id":139569,"date":"2023-02-07T15:46:16","date_gmt":"2023-02-07T14:46:16","guid":{"rendered":"https:\/\/www.bellunopress.it\/?p=139569"},"modified":"2023-02-07T15:46:16","modified_gmt":"2023-02-07T14:46:16","slug":"il-lupo-della-sportful-dolomiti-race-domani-ulula-a-casa-sanremo","status":"publish","type":"post","link":"https:\/\/www.bellunopress.it\/fr\/2023\/02\/07\/il-lupo-della-sportful-dolomiti-race-domani-ulula-a-casa-sanremo\/","title":{"rendered":"Il lupo della Sportful Dolomiti Race domani ulula a Casa Sanremo\u00a0"},"content":{"rendered":"<div id=\"message-content\">\n<div role=\"region\" aria-labelledby=\"aria-label-messageattachments\"><img loading=\"lazy\" decoding=\"async\" class=\"alignleft size-full wp-image-139570\" src=\"https:\/\/www.bellunopress.it\/wp-content\/uploads\/2023\/02\/Dolomiti-Bellunesi-Territori-protagonisti.jpg\" alt=\"\" width=\"471\" height=\"402\" \/>Domani la Sportful Dolomiti Race sbarca a\u00a0&#8220;Casa Sanremo&#8221;, l&#8217;area ospitalit\u00e0 della famosa manifestazione canora.<\/div>\n<div role=\"region\" aria-labelledby=\"aria-label-messagebody\">\n<div id=\"messagebody\">\n<div id=\"message-htmlpart1\">\n<div>\n<div><\/div>\n<div>Il ciclismo in\u00a0provincia dii Belluno sar\u00e0 l&#8217;argomento della trasmissione\u00a0&#8220;Buongiorno Sanremo&#8221;\u00a0di domani,<\/div>\n<div>mercoled\u00ec 8 febbraio,<\/div>\n<div>dalle ore 10.30 alle ore 11.30<\/div>\n<div>in diretta dal profilo facebook di\u00a0CASA SANREMO<\/div>\n<div><a href=\"https:\/\/www.facebook.com\/CasaSanremoOfficial\" target=\"_blank\" rel=\"noopener noreferrer\">https:\/\/www.facebook.com\/CasaSanremoOfficial<\/a><\/div>\n<div><\/div>\n<div>Casa Sanremo \u00e8 l&#8217;area ospitalit\u00e0 del Festival di Sanremo in cui ha trovato spazio la\u00a0Provincia di Belluno\u00a0con tutte le sue peculiarit\u00e0 tra cui anche la granfondo Sportful Dolomiti Race.<\/div>\n<div><\/div>\n<div>Domani\u00a0dalle 10.30 alle 11.30\u00a0il nostro presidente\u00a0Ivan Piol\u00a0assieme al direttore del Giro d&#8217;Italia\u00a0Mauro Vegni\u00a0e a\u00a0Filippo Pozzato\u00a0(che nel 2006 trionf\u00f2 proprio alla Milano-Sanremo), parler\u00e0 del grande ciclismo\u00a0 che attende la provincia di Belluno in questo 2023.<\/div>\n<div><\/div>\n<div>E il 2023 sar\u00e0 molto ricco di ciclismo nel Bellunese: a fine maggio il\u00a0Giro d&#8217;Italia\u00a0transiter\u00e0 per il Bellunese con due tappe, il 9 e 10 giugno ci sar\u00e0 la 24 ore\u00a0&#8220;Castelli24h&#8221;, il 18 giugno spazio al lupo del Manghen con la\u00a028. Sportful Dolomiti Race, il 15 luglio si pedala con la\u00a0Sportful Dolomiti Gravel\u00a0e il 3 settembre si vola a Belluno e in Alpago con la\u00a0Granfondo del Dragone.<\/div>\n<\/div>\n<\/div>\n<\/div>\n<\/div>\n<\/div>","protected":false},"excerpt":{"rendered":"<p>Domani la Sportful Dolomiti Race sbarca a\u00a0&#8220;Casa Sanremo&#8221;, l&#8217;area ospitalit\u00e0 della famosa manifestazione canora. Il ciclismo in\u00a0provincia dii Belluno sar\u00e0 l&#8217;argomento della trasmissione\u00a0&#8220;Buongiorno Sanremo&#8221;\u00a0di domani, mercoled\u00ec 8 febbraio, dalle ore 10.30 alle ore 11.30 in diretta dal profilo facebook di\u00a0CASA SANREMO https:\/\/www.facebook.com\/CasaSanremoOfficial Casa Sanremo \u00e8 l&#8217;area ospitalit\u00e0 del Festival di Sanremo in cui ha trovato [&hellip;]<\/p>\n","protected":false},"author":2,"featured_media":139570,"comment_status":"closed","ping_status":"open","sticky":false,"template":"","format":"standard","meta":{"footnotes":""},"categories":[36],"tags":[],"class_list":["post-139569","post","type-post","status-publish","format-standard","has-post-thumbnail","category-lavoro-economia"],"yoast_head":"<!-- This site is optimized with the Yoast SEO plugin v28.4 - https:\/\/yoast.com\/product\/yoast-seo-wordpress\/ -->\n<title>Il lupo della Sportful Dolomiti Race domani ulula a Casa Sanremo\u00a0 - Bellunopress - Dolomiti<\/title>\n<meta name=\"robots\" content=\"index, follow, max-snippet:-1, max-image-preview:large, max-video-preview:-1\" \/>\n<link rel=\"canonical\" href=\"https:\/\/www.bellunopress.it\/fr\/2023\/02\/07\/il-lupo-della-sportful-dolomiti-race-domani-ulula-a-casa-sanremo\/\" \/>\n<meta property=\"og:locale\" content=\"fr_FR\" \/>\n<meta property=\"og:type\" content=\"article\" \/>\n<meta property=\"og:title\" content=\"Il lupo della Sportful Dolomiti Race domani ulula a Casa Sanremo\u00a0 - Bellunopress - Dolomiti\" \/>\n<meta property=\"og:description\" content=\"Domani la Sportful Dolomiti Race sbarca a\u00a0&#8220;Casa Sanremo&#8221;, l&#8217;area ospitalit\u00e0 della famosa manifestazione canora. Il ciclismo in\u00a0provincia dii Belluno sar\u00e0 l&#8217;argomento della trasmissione\u00a0&#8220;Buongiorno Sanremo&#8221;\u00a0di domani, mercoled\u00ec 8 febbraio, dalle ore 10.30 alle ore 11.30 in diretta dal profilo facebook di\u00a0CASA SANREMO https:\/\/www.facebook.com\/CasaSanremoOfficial Casa Sanremo \u00e8 l&#8217;area ospitalit\u00e0 del Festival di Sanremo in cui ha trovato [&hellip;]\" \/>\n<meta property=\"og:url\" content=\"https:\/\/www.bellunopress.it\/fr\/2023\/02\/07\/il-lupo-della-sportful-dolomiti-race-domani-ulula-a-casa-sanremo\/\" \/>\n<meta property=\"og:site_name\" content=\"Bellunopress - Dolomiti\" \/>\n<meta property=\"article:publisher\" content=\"https:\/\/www.facebook.com\/profile.php?id=100008943462799\" \/>\n<meta property=\"article:published_time\" content=\"2023-02-07T14:46:16+00:00\" \/>\n<meta property=\"og:image\" content=\"https:\/\/www.bellunopress.it\/wp-content\/uploads\/2023\/02\/Dolomiti-Bellunesi-Territori-protagonisti.jpg\" \/>\n\t<meta property=\"og:image:width\" content=\"471\" \/>\n\t<meta property=\"og:image:height\" content=\"402\" \/>\n\t<meta property=\"og:image:type\" content=\"image\/jpeg\" \/>\n<meta name=\"author\" content=\"redazione\" \/>\n<meta name=\"twitter:card\" content=\"summary_large_image\" \/>\n<meta name=\"twitter:creator\" content=\"@bellunopress\" \/>\n<meta name=\"twitter:site\" content=\"@bellunopress\" \/>\n<meta name=\"twitter:label1\" content=\"\u00c9crit par\" \/>\n\t<meta name=\"twitter:data1\" content=\"redazione\" \/>\n\t<meta name=\"twitter:label2\" content=\"Dur\u00e9e de lecture estim\u00e9e\" \/>\n\t<meta name=\"twitter:data2\" content=\"2 minutes\" \/>\n<script type=\"application\/ld+json\" class=\"yoast-schema-graph\">{\"@context\":\"https:\\\/\\\/schema.org\",\"@graph\":[{\"@type\":\"Article\",\"@id\":\"https:\\\/\\\/www.bellunopress.it\\\/2023\\\/02\\\/07\\\/il-lupo-della-sportful-dolomiti-race-domani-ulula-a-casa-sanremo\\\/#article\",\"isPartOf\":{\"@id\":\"https:\\\/\\\/www.bellunopress.it\\\/2023\\\/02\\\/07\\\/il-lupo-della-sportful-dolomiti-race-domani-ulula-a-casa-sanremo\\\/\"},\"author\":{\"name\":\"redazione\",\"@id\":\"https:\\\/\\\/www.bellunopress.it\\\/#\\\/schema\\\/person\\\/79bb06722b37ece1c03d3e94beb30d73\"},\"headline\":\"Il lupo della Sportful Dolomiti Race domani ulula a Casa Sanremo\u00a0\",\"datePublished\":\"2023-02-07T14:46:16+00:00\",\"mainEntityOfPage\":{\"@id\":\"https:\\\/\\\/www.bellunopress.it\\\/2023\\\/02\\\/07\\\/il-lupo-della-sportful-dolomiti-race-domani-ulula-a-casa-sanremo\\\/\"},\"wordCount\":199,\"publisher\":{\"@id\":\"https:\\\/\\\/www.bellunopress.it\\\/#organization\"},\"image\":{\"@id\":\"https:\\\/\\\/www.bellunopress.it\\\/2023\\\/02\\\/07\\\/il-lupo-della-sportful-dolomiti-race-domani-ulula-a-casa-sanremo\\\/#primaryimage\"},\"thumbnailUrl\":\"https:\\\/\\\/www.bellunopress.it\\\/wp-content\\\/uploads\\\/2023\\\/02\\\/Dolomiti-Bellunesi-Territori-protagonisti.jpg\",\"articleSection\":[\"Lavoro, Economia, Turismo\"],\"inLanguage\":\"fr-FR\"},{\"@type\":\"WebPage\",\"@id\":\"https:\\\/\\\/www.bellunopress.it\\\/2023\\\/02\\\/07\\\/il-lupo-della-sportful-dolomiti-race-domani-ulula-a-casa-sanremo\\\/\",\"url\":\"https:\\\/\\\/www.bellunopress.it\\\/2023\\\/02\\\/07\\\/il-lupo-della-sportful-dolomiti-race-domani-ulula-a-casa-sanremo\\\/\",\"name\":\"Il lupo della Sportful Dolomiti Race domani ulula a Casa Sanremo\u00a0 - Bellunopress - Dolomiti\",\"isPartOf\":{\"@id\":\"https:\\\/\\\/www.bellunopress.it\\\/#website\"},\"primaryImageOfPage\":{\"@id\":\"https:\\\/\\\/www.bellunopress.it\\\/2023\\\/02\\\/07\\\/il-lupo-della-sportful-dolomiti-race-domani-ulula-a-casa-sanremo\\\/#primaryimage\"},\"image\":{\"@id\":\"https:\\\/\\\/www.bellunopress.it\\\/2023\\\/02\\\/07\\\/il-lupo-della-sportful-dolomiti-race-domani-ulula-a-casa-sanremo\\\/#primaryimage\"},\"thumbnailUrl\":\"https:\\\/\\\/www.bellunopress.it\\\/wp-content\\\/uploads\\\/2023\\\/02\\\/Dolomiti-Bellunesi-Territori-protagonisti.jpg\",\"datePublished\":\"2023-02-07T14:46:16+00:00\",\"breadcrumb\":{\"@id\":\"https:\\\/\\\/www.bellunopress.it\\\/2023\\\/02\\\/07\\\/il-lupo-della-sportful-dolomiti-race-domani-ulula-a-casa-sanremo\\\/#breadcrumb\"},\"inLanguage\":\"fr-FR\",\"potentialAction\":[{\"@type\":\"ReadAction\",\"target\":[\"https:\\\/\\\/www.bellunopress.it\\\/2023\\\/02\\\/07\\\/il-lupo-della-sportful-dolomiti-race-domani-ulula-a-casa-sanremo\\\/\"]}]},{\"@type\":\"ImageObject\",\"inLanguage\":\"fr-FR\",\"@id\":\"https:\\\/\\\/www.bellunopress.it\\\/2023\\\/02\\\/07\\\/il-lupo-della-sportful-dolomiti-race-domani-ulula-a-casa-sanremo\\\/#primaryimage\",\"url\":\"https:\\\/\\\/www.bellunopress.it\\\/wp-content\\\/uploads\\\/2023\\\/02\\\/Dolomiti-Bellunesi-Territori-protagonisti.jpg\",\"contentUrl\":\"https:\\\/\\\/www.bellunopress.it\\\/wp-content\\\/uploads\\\/2023\\\/02\\\/Dolomiti-Bellunesi-Territori-protagonisti.jpg\",\"width\":471,\"height\":402},{\"@type\":\"BreadcrumbList\",\"@id\":\"https:\\\/\\\/www.bellunopress.it\\\/2023\\\/02\\\/07\\\/il-lupo-della-sportful-dolomiti-race-domani-ulula-a-casa-sanremo\\\/#breadcrumb\",\"itemListElement\":[{\"@type\":\"ListItem\",\"position\":1,\"name\":\"Home\",\"item\":\"https:\\\/\\\/www.bellunopress.it\\\/\"},{\"@type\":\"ListItem\",\"position\":2,\"name\":\"Il lupo della Sportful Dolomiti Race domani ulula a Casa Sanremo\u00a0\"}]},{\"@type\":\"WebSite\",\"@id\":\"https:\\\/\\\/www.bellunopress.it\\\/#website\",\"url\":\"https:\\\/\\\/www.bellunopress.it\\\/\",\"name\":\"Bellunopress - Dolomiti\",\"description\":\"e-mail: redazione@bellunopress.it\",\"publisher\":{\"@id\":\"https:\\\/\\\/www.bellunopress.it\\\/#organization\"},\"potentialAction\":[{\"@type\":\"SearchAction\",\"target\":{\"@type\":\"EntryPoint\",\"urlTemplate\":\"https:\\\/\\\/www.bellunopress.it\\\/?s={search_term_string}\"},\"query-input\":{\"@type\":\"PropertyValueSpecification\",\"valueRequired\":true,\"valueName\":\"search_term_string\"}}],\"inLanguage\":\"fr-FR\"},{\"@type\":\"Organization\",\"@id\":\"https:\\\/\\\/www.bellunopress.it\\\/#organization\",\"name\":\"Bellunopress\",\"url\":\"https:\\\/\\\/www.bellunopress.it\\\/\",\"logo\":{\"@type\":\"ImageObject\",\"inLanguage\":\"fr-FR\",\"@id\":\"https:\\\/\\\/www.bellunopress.it\\\/#\\\/schema\\\/logo\\\/image\\\/\",\"url\":\"https:\\\/\\\/www.bellunopress.it\\\/wp-content\\\/uploads\\\/2011\\\/05\\\/cropped-logo-bellunopress-.jpg\",\"contentUrl\":\"https:\\\/\\\/www.bellunopress.it\\\/wp-content\\\/uploads\\\/2011\\\/05\\\/cropped-logo-bellunopress-.jpg\",\"width\":512,\"height\":512,\"caption\":\"Bellunopress\"},\"image\":{\"@id\":\"https:\\\/\\\/www.bellunopress.it\\\/#\\\/schema\\\/logo\\\/image\\\/\"},\"sameAs\":[\"https:\\\/\\\/www.facebook.com\\\/profile.php?id=100008943462799\",\"https:\\\/\\\/x.com\\\/bellunopress\",\"https:\\\/\\\/www.linkedin.com\\\/hp\\\/?dnr=JBzUWaJfMUw8vbXJJ2tVW5-I3jZKvC4wsoxE&amp;amp;amp;amp;amp;amp;trk=nav_responsive_tab_home\",\"https:\\\/\\\/www.youtube.com\\\/channel\\\/UCxL0wu1uN0_3_7hGG0306cw\"]},{\"@type\":\"Person\",\"@id\":\"https:\\\/\\\/www.bellunopress.it\\\/#\\\/schema\\\/person\\\/79bb06722b37ece1c03d3e94beb30d73\",\"name\":\"redazione\",\"image\":{\"@type\":\"ImageObject\",\"inLanguage\":\"fr-FR\",\"@id\":\"https:\\\/\\\/secure.gravatar.com\\\/avatar\\\/37d968a2e67a6fd04c169c4bdef102d0bc5d31b2546345219e348575eb80e9a0?s=96&d=mm&r=g\",\"url\":\"https:\\\/\\\/secure.gravatar.com\\\/avatar\\\/37d968a2e67a6fd04c169c4bdef102d0bc5d31b2546345219e348575eb80e9a0?s=96&d=mm&r=g\",\"contentUrl\":\"https:\\\/\\\/secure.gravatar.com\\\/avatar\\\/37d968a2e67a6fd04c169c4bdef102d0bc5d31b2546345219e348575eb80e9a0?s=96&d=mm&r=g\",\"caption\":\"redazione\"},\"sameAs\":[\"http:\\\/\\\/www.bellunopress.it\",\"https:\\\/\\\/x.com\\\/bellunopress\"],\"url\":\"https:\\\/\\\/www.bellunopress.it\\\/fr\\\/author\\\/redazione\\\/\"}]}<\/script>\n<!-- \/ Yoast SEO plugin. -->","yoast_head_json":{"title":"Il lupo della Sportful Dolomiti Race domani ulula a Casa Sanremo\u00a0 - Bellunopress - Dolomiti","robots":{"index":"index","follow":"follow","max-snippet":"max-snippet:-1","max-image-preview":"max-image-preview:large","max-video-preview":"max-video-preview:-1"},"canonical":"https:\/\/www.bellunopress.it\/fr\/2023\/02\/07\/il-lupo-della-sportful-dolomiti-race-domani-ulula-a-casa-sanremo\/","og_locale":"fr_FR","og_type":"article","og_title":"Il lupo della Sportful Dolomiti Race domani ulula a Casa Sanremo\u00a0 - Bellunopress - Dolomiti","og_description":"Domani la Sportful Dolomiti Race sbarca a\u00a0&#8220;Casa Sanremo&#8221;, l&#8217;area ospitalit\u00e0 della famosa manifestazione canora. Il ciclismo in\u00a0provincia dii Belluno sar\u00e0 l&#8217;argomento della trasmissione\u00a0&#8220;Buongiorno Sanremo&#8221;\u00a0di domani, mercoled\u00ec 8 febbraio, dalle ore 10.30 alle ore 11.30 in diretta dal profilo facebook di\u00a0CASA SANREMO https:\/\/www.facebook.com\/CasaSanremoOfficial Casa Sanremo \u00e8 l&#8217;area ospitalit\u00e0 del Festival di Sanremo in cui ha trovato [&hellip;]","og_url":"https:\/\/www.bellunopress.it\/fr\/2023\/02\/07\/il-lupo-della-sportful-dolomiti-race-domani-ulula-a-casa-sanremo\/","og_site_name":"Bellunopress - Dolomiti","article_publisher":"https:\/\/www.facebook.com\/profile.php?id=100008943462799","article_published_time":"2023-02-07T14:46:16+00:00","og_image":[{"width":471,"height":402,"url":"https:\/\/www.bellunopress.it\/wp-content\/uploads\/2023\/02\/Dolomiti-Bellunesi-Territori-protagonisti.jpg","type":"image\/jpeg"}],"author":"redazione","twitter_card":"summary_large_image","twitter_creator":"@bellunopress","twitter_site":"@bellunopress","twitter_misc":{"\u00c9crit par":"redazione","Dur\u00e9e de lecture estim\u00e9e":"2 minutes"},"schema":{"@context":"https:\/\/schema.org","@graph":[{"@type":"Article","@id":"https:\/\/www.bellunopress.it\/2023\/02\/07\/il-lupo-della-sportful-dolomiti-race-domani-ulula-a-casa-sanremo\/#article","isPartOf":{"@id":"https:\/\/www.bellunopress.it\/2023\/02\/07\/il-lupo-della-sportful-dolomiti-race-domani-ulula-a-casa-sanremo\/"},"author":{"name":"redazione","@id":"https:\/\/www.bellunopress.it\/#\/schema\/person\/79bb06722b37ece1c03d3e94beb30d73"},"headline":"Il lupo della Sportful Dolomiti Race domani ulula a Casa Sanremo\u00a0","datePublished":"2023-02-07T14:46:16+00:00","mainEntityOfPage":{"@id":"https:\/\/www.bellunopress.it\/2023\/02\/07\/il-lupo-della-sportful-dolomiti-race-domani-ulula-a-casa-sanremo\/"},"wordCount":199,"publisher":{"@id":"https:\/\/www.bellunopress.it\/#organization"},"image":{"@id":"https:\/\/www.bellunopress.it\/2023\/02\/07\/il-lupo-della-sportful-dolomiti-race-domani-ulula-a-casa-sanremo\/#primaryimage"},"thumbnailUrl":"https:\/\/www.bellunopress.it\/wp-content\/uploads\/2023\/02\/Dolomiti-Bellunesi-Territori-protagonisti.jpg","articleSection":["Lavoro, Economia, Turismo"],"inLanguage":"fr-FR"},{"@type":"WebPage","@id":"https:\/\/www.bellunopress.it\/2023\/02\/07\/il-lupo-della-sportful-dolomiti-race-domani-ulula-a-casa-sanremo\/","url":"https:\/\/www.bellunopress.it\/2023\/02\/07\/il-lupo-della-sportful-dolomiti-race-domani-ulula-a-casa-sanremo\/","name":"Il lupo della Sportful Dolomiti Race domani ulula a Casa Sanremo\u00a0 - Bellunopress - Dolomiti","isPartOf":{"@id":"https:\/\/www.bellunopress.it\/#website"},"primaryImageOfPage":{"@id":"https:\/\/www.bellunopress.it\/2023\/02\/07\/il-lupo-della-sportful-dolomiti-race-domani-ulula-a-casa-sanremo\/#primaryimage"},"image":{"@id":"https:\/\/www.bellunopress.it\/2023\/02\/07\/il-lupo-della-sportful-dolomiti-race-domani-ulula-a-casa-sanremo\/#primaryimage"},"thumbnailUrl":"https:\/\/www.bellunopress.it\/wp-content\/uploads\/2023\/02\/Dolomiti-Bellunesi-Territori-protagonisti.jpg","datePublished":"2023-02-07T14:46:16+00:00","breadcrumb":{"@id":"https:\/\/www.bellunopress.it\/2023\/02\/07\/il-lupo-della-sportful-dolomiti-race-domani-ulula-a-casa-sanremo\/#breadcrumb"},"inLanguage":"fr-FR","potentialAction":[{"@type":"ReadAction","target":["https:\/\/www.bellunopress.it\/2023\/02\/07\/il-lupo-della-sportful-dolomiti-race-domani-ulula-a-casa-sanremo\/"]}]},{"@type":"ImageObject","inLanguage":"fr-FR","@id":"https:\/\/www.bellunopress.it\/2023\/02\/07\/il-lupo-della-sportful-dolomiti-race-domani-ulula-a-casa-sanremo\/#primaryimage","url":"https:\/\/www.bellunopress.it\/wp-content\/uploads\/2023\/02\/Dolomiti-Bellunesi-Territori-protagonisti.jpg","contentUrl":"https:\/\/www.bellunopress.it\/wp-content\/uploads\/2023\/02\/Dolomiti-Bellunesi-Territori-protagonisti.jpg","width":471,"height":402},{"@type":"BreadcrumbList","@id":"https:\/\/www.bellunopress.it\/2023\/02\/07\/il-lupo-della-sportful-dolomiti-race-domani-ulula-a-casa-sanremo\/#breadcrumb","itemListElement":[{"@type":"ListItem","position":1,"name":"Home","item":"https:\/\/www.bellunopress.it\/"},{"@type":"ListItem","position":2,"name":"Il lupo della Sportful Dolomiti Race domani ulula a Casa Sanremo\u00a0"}]},{"@type":"WebSite","@id":"https:\/\/www.bellunopress.it\/#website","url":"https:\/\/www.bellunopress.it\/","name":"Bellunopress - Dolomiti","description":"e-mail: redazione@bellunopress.it","publisher":{"@id":"https:\/\/www.bellunopress.it\/#organization"},"potentialAction":[{"@type":"SearchAction","target":{"@type":"EntryPoint","urlTemplate":"https:\/\/www.bellunopress.it\/?s={search_term_string}"},"query-input":{"@type":"PropertyValueSpecification","valueRequired":true,"valueName":"search_term_string"}}],"inLanguage":"fr-FR"},{"@type":"Organization","@id":"https:\/\/www.bellunopress.it\/#organization","name":"Bellunopress","url":"https:\/\/www.bellunopress.it\/","logo":{"@type":"ImageObject","inLanguage":"fr-FR","@id":"https:\/\/www.bellunopress.it\/#\/schema\/logo\/image\/","url":"https:\/\/www.bellunopress.it\/wp-content\/uploads\/2011\/05\/cropped-logo-bellunopress-.jpg","contentUrl":"https:\/\/www.bellunopress.it\/wp-content\/uploads\/2011\/05\/cropped-logo-bellunopress-.jpg","width":512,"height":512,"caption":"Bellunopress"},"image":{"@id":"https:\/\/www.bellunopress.it\/#\/schema\/logo\/image\/"},"sameAs":["https:\/\/www.facebook.com\/profile.php?id=100008943462799","https:\/\/x.com\/bellunopress","https:\/\/www.linkedin.com\/hp\/?dnr=JBzUWaJfMUw8vbXJJ2tVW5-I3jZKvC4wsoxE&amp;amp;amp;amp;amp;amp;trk=nav_responsive_tab_home","https:\/\/www.youtube.com\/channel\/UCxL0wu1uN0_3_7hGG0306cw"]},{"@type":"Person","@id":"https:\/\/www.bellunopress.it\/#\/schema\/person\/79bb06722b37ece1c03d3e94beb30d73","name":"r\u00e9daction","image":{"@type":"ImageObject","inLanguage":"fr-FR","@id":"https:\/\/secure.gravatar.com\/avatar\/37d968a2e67a6fd04c169c4bdef102d0bc5d31b2546345219e348575eb80e9a0?s=96&d=mm&r=g","url":"https:\/\/secure.gravatar.com\/avatar\/37d968a2e67a6fd04c169c4bdef102d0bc5d31b2546345219e348575eb80e9a0?s=96&d=mm&r=g","contentUrl":"https:\/\/secure.gravatar.com\/avatar\/37d968a2e67a6fd04c169c4bdef102d0bc5d31b2546345219e348575eb80e9a0?s=96&d=mm&r=g","caption":"redazione"},"sameAs":["http:\/\/www.bellunopress.it","https:\/\/x.com\/bellunopress"],"url":"https:\/\/www.bellunopress.it\/fr\/author\/redazione\/"}]}},"_links":{"self":[{"href":"https:\/\/www.bellunopress.it\/fr\/wp-json\/wp\/v2\/posts\/139569","targetHints":{"allow":["GET"]}}],"collection":[{"href":"https:\/\/www.bellunopress.it\/fr\/wp-json\/wp\/v2\/posts"}],"about":[{"href":"https:\/\/www.bellunopress.it\/fr\/wp-json\/wp\/v2\/types\/post"}],"author":[{"embeddable":true,"href":"https:\/\/www.bellunopress.it\/fr\/wp-json\/wp\/v2\/users\/2"}],"replies":[{"embeddable":true,"href":"https:\/\/www.bellunopress.it\/fr\/wp-json\/wp\/v2\/comments?post=139569"}],"version-history":[{"count":1,"href":"https:\/\/www.bellunopress.it\/fr\/wp-json\/wp\/v2\/posts\/139569\/revisions"}],"predecessor-version":[{"id":139571,"href":"https:\/\/www.bellunopress.it\/fr\/wp-json\/wp\/v2\/posts\/139569\/revisions\/139571"}],"wp:featuredmedia":[{"embeddable":true,"href":"https:\/\/www.bellunopress.it\/fr\/wp-json\/wp\/v2\/media\/139570"}],"wp:attachment":[{"href":"https:\/\/www.bellunopress.it\/fr\/wp-json\/wp\/v2\/media?parent=139569"}],"wp:term":[{"taxonomy":"category","embeddable":true,"href":"https:\/\/www.bellunopress.it\/fr\/wp-json\/wp\/v2\/categories?post=139569"},{"taxonomy":"post_tag","embeddable":true,"href":"https:\/\/www.bellunopress.it\/fr\/wp-json\/wp\/v2\/tags?post=139569"}],"curies":[{"name":"wp","href":"https:\/\/api.w.org\/{rel}","templated":true}]}}