{"id":139483,"date":"2023-02-04T11:41:16","date_gmt":"2023-02-04T10:41:16","guid":{"rendered":"https:\/\/www.bellunopress.it\/?p=139483"},"modified":"2023-02-03T20:48:16","modified_gmt":"2023-02-03T19:48:16","slug":"domenica-alle-12-alla-locanda-solagna-di-vas-carlo-catani-presenta-il-suo-libro-il-chilometro-consapevole","status":"publish","type":"post","link":"https:\/\/www.bellunopress.it\/fr\/2023\/02\/04\/domenica-alle-12-alla-locanda-solagna-di-vas-carlo-catani-presenta-il-suo-libro-il-chilometro-consapevole\/","title":{"rendered":"Domenica alle 12 alla Locanda Solagna di Vas Carlo Catani presenta il suo libro &#8220;Il chilometro consapevole&#8221;"},"content":{"rendered":"<figure id=\"attachment_134580\" aria-describedby=\"caption-attachment-134580\" style=\"width: 1000px\" class=\"wp-caption alignleft\"><img loading=\"lazy\" decoding=\"async\" class=\"size-full wp-image-134580\" src=\"https:\/\/www.bellunopress.it\/wp-content\/uploads\/2022\/06\/Orto-Sinergico-Locanda-Solagna-Vas_edited.jpg\" alt=\"\" width=\"1000\" height=\"750\" srcset=\"https:\/\/www.bellunopress.it\/wp-content\/uploads\/2022\/06\/Orto-Sinergico-Locanda-Solagna-Vas_edited.jpg 1000w, https:\/\/www.bellunopress.it\/wp-content\/uploads\/2022\/06\/Orto-Sinergico-Locanda-Solagna-Vas_edited-500x375.jpg 500w, https:\/\/www.bellunopress.it\/wp-content\/uploads\/2022\/06\/Orto-Sinergico-Locanda-Solagna-Vas_edited-696x522.jpg 696w, https:\/\/www.bellunopress.it\/wp-content\/uploads\/2022\/06\/Orto-Sinergico-Locanda-Solagna-Vas_edited-560x420.jpg 560w, https:\/\/www.bellunopress.it\/wp-content\/uploads\/2022\/06\/Orto-Sinergico-Locanda-Solagna-Vas_edited-80x60.jpg 80w, https:\/\/www.bellunopress.it\/wp-content\/uploads\/2022\/06\/Orto-Sinergico-Locanda-Solagna-Vas_edited-265x198.jpg 265w\" sizes=\"auto, (max-width: 1000px) 100vw, 1000px\" \/><figcaption id=\"caption-attachment-134580\" class=\"wp-caption-text\">Orto sinergico, Locanda Solagna, Vas (Belluno)<\/figcaption><\/figure>\n<p>Doppio appuntamento domenica 5 febbraio, con la consapevolezza alimentare e la lotta allo spreco: nella stessa data si celebrano infatti sia la Giornata nazionale di Prevenzione dello spreco alimentare, promossa con il patrocinio della Commissione Europea, del Ministero della Transizione Ecologica e del Ministero degli Affari Esteri e della Cooperazione internazionale, sia il giorno di apertura di Tempi di Recupero Week, evento che si svolge in tutto il mondo e quest\u2019anno parte proprio dal Veneto.<br \/>\nIn prima linea chef creativi, osti, gelatieri, artigiani, vignaioli, bartender da tutto il mondo, chiamati a proporre nei loro locali soluzioni di cucina circolare, come dei veri artigiani del cibo, guidati dal mantra \u201cnon si butta via niente\u201d.<\/p>\n<p>\u201cCi impegniamo da sempre non solo a fare piatti buoni, ma a fare cultura del cibo \u2013 dichiara Andrea Riboni, Locanda Solagna \u2013 \u00e8 un vero piacere, oltre che un onore, sapere che Tempi di Recupero ci ha scelti per aprire ufficialmente l\u2019evento. Ed \u00e8 un piacere altrettanto grande poter avere con noi Carlo Catani, che non solo ci presenter\u00e0 il suo libro, ma senza dubbio sar\u00e0 felice di confrontarsi con tutti coloro che hanno a cuore i tempi della consapevolezza alimentare, della salvaguardia delle specificit\u00e0 e della sovranit\u00e0 alimentare. Una bella occasione di crescita. \u00c8 un po\u2019 come avere la possibilit\u00e0 di avere a disposizione un esperto e fare un corso di approfondimento mentre si pranza\u201d.<\/p>\n<p>Il piatto speciale che Locanda Solagna propone per l\u2019occasione \u00e8 il Risotto circolare, dove protagonista sar\u00e0 il cavolo nero (che arriva direttamente dall\u2019orto sinergico della locanda) in abbinamento a ben due Presidi SlowFood: il riso Grumolo delle Abadesse e il Morlacco del Grappa. Tanto sapore, tantissima salvaguardia e zero spechi. Ma per i segreti della ricetta, dovete prenotare un posto a tavola.<\/p>\n<p>IL LIBRO<br \/>\n\u201cIl Chilometro Consapevole\u201d \u00e8 il libro uscito a settembre 2022, scritto a quattro mani da Carlo Catani e Carlo Perini per Slow Food Editore. Carlo Catani lo presenta cos\u00ec: \u201cIl chilometro zero \u00e8 stato spesso un\u2019identit\u00e0 nebulosa, il &#8220;chilometro consapevole&#8221; si pu\u00f2 costruire. Pezzo, pezzo, informandosi, conoscendo, prestando attenzione, capire se e quanto un prodotto che mangiamo sia &#8220;buono, pulito e giusto&#8221;. Possiamo armarci di uno strumento che consenta di chiarire pragmaticamente i dubbi su ci\u00f2 che acquistiamo? Il libro si propone di diventare uno strumento semplice e intuitivo, utilizzabile da tutta la filiera &#8211; dal seme fino all\u2019acquirente finale &#8211; attraverso cui avere risposta a qualche domanda e stimolare ulteriori approfondimenti. Pi\u00f9 in generale si propone di comunicare la complessit\u00e0 dietro ai gesti quotidiani, ovvero ad essere consapevoli.\u201d<\/p>","protected":false},"excerpt":{"rendered":"<p>Doppio appuntamento domenica 5 febbraio, con la consapevolezza alimentare e la lotta allo spreco: nella stessa data si celebrano infatti sia la Giornata nazionale di Prevenzione dello spreco alimentare, promossa con il patrocinio della Commissione Europea, del Ministero della Transizione Ecologica e del Ministero degli Affari Esteri e della Cooperazione internazionale, sia il giorno di [&hellip;]<\/p>\n","protected":false},"author":2,"featured_media":134580,"comment_status":"closed","ping_status":"open","sticky":false,"template":"","format":"standard","meta":{"footnotes":""},"categories":[3393],"tags":[],"class_list":["post-139483","post","type-post","status-publish","format-standard","has-post-thumbnail","category-eventi-enogastronomici"],"yoast_head":"<!-- This site is optimized with the Yoast SEO plugin v28.4 - https:\/\/yoast.com\/product\/yoast-seo-wordpress\/ -->\n<title>Domenica alle 12 alla Locanda Solagna di Vas Carlo Catani presenta il suo libro &quot;Il chilometro consapevole&quot; - Bellunopress - Dolomiti<\/title>\n<meta name=\"robots\" content=\"index, follow, max-snippet:-1, max-image-preview:large, max-video-preview:-1\" \/>\n<link rel=\"canonical\" href=\"https:\/\/www.bellunopress.it\/fr\/2023\/02\/04\/domenica-alle-12-alla-locanda-solagna-di-vas-carlo-catani-presenta-il-suo-libro-il-chilometro-consapevole\/\" \/>\n<meta property=\"og:locale\" content=\"fr_FR\" \/>\n<meta property=\"og:type\" content=\"article\" \/>\n<meta property=\"og:title\" content=\"Domenica alle 12 alla Locanda Solagna di Vas Carlo Catani presenta il suo libro &quot;Il chilometro consapevole&quot; - Bellunopress - Dolomiti\" \/>\n<meta property=\"og:description\" content=\"Doppio appuntamento domenica 5 febbraio, con la consapevolezza alimentare e la lotta allo spreco: nella stessa data si celebrano infatti sia la Giornata nazionale di Prevenzione dello spreco alimentare, promossa con il patrocinio della Commissione Europea, del Ministero della Transizione Ecologica e del Ministero degli Affari Esteri e della Cooperazione internazionale, sia il giorno di [&hellip;]\" \/>\n<meta property=\"og:url\" content=\"https:\/\/www.bellunopress.it\/fr\/2023\/02\/04\/domenica-alle-12-alla-locanda-solagna-di-vas-carlo-catani-presenta-il-suo-libro-il-chilometro-consapevole\/\" \/>\n<meta property=\"og:site_name\" content=\"Bellunopress - Dolomiti\" \/>\n<meta property=\"article:publisher\" content=\"https:\/\/www.facebook.com\/profile.php?id=100008943462799\" \/>\n<meta property=\"article:published_time\" content=\"2023-02-04T10:41:16+00:00\" \/>\n<meta property=\"og:image\" content=\"https:\/\/www.bellunopress.it\/wp-content\/uploads\/2022\/06\/Orto-Sinergico-Locanda-Solagna-Vas_edited.jpg\" \/>\n\t<meta property=\"og:image:width\" content=\"1000\" \/>\n\t<meta property=\"og:image:height\" content=\"750\" \/>\n\t<meta property=\"og:image:type\" content=\"image\/jpeg\" \/>\n<meta name=\"author\" content=\"redazione\" \/>\n<meta name=\"twitter:card\" content=\"summary_large_image\" \/>\n<meta name=\"twitter:creator\" content=\"@bellunopress\" \/>\n<meta name=\"twitter:site\" content=\"@bellunopress\" \/>\n<meta name=\"twitter:label1\" content=\"\u00c9crit par\" \/>\n\t<meta name=\"twitter:data1\" content=\"redazione\" \/>\n\t<meta name=\"twitter:label2\" content=\"Dur\u00e9e de lecture estim\u00e9e\" \/>\n\t<meta name=\"twitter:data2\" content=\"3 minutes\" \/>\n<script type=\"application\/ld+json\" class=\"yoast-schema-graph\">{\"@context\":\"https:\\\/\\\/schema.org\",\"@graph\":[{\"@type\":\"Article\",\"@id\":\"https:\\\/\\\/www.bellunopress.it\\\/2023\\\/02\\\/04\\\/domenica-alle-12-alla-locanda-solagna-di-vas-carlo-catani-presenta-il-suo-libro-il-chilometro-consapevole\\\/#article\",\"isPartOf\":{\"@id\":\"https:\\\/\\\/www.bellunopress.it\\\/2023\\\/02\\\/04\\\/domenica-alle-12-alla-locanda-solagna-di-vas-carlo-catani-presenta-il-suo-libro-il-chilometro-consapevole\\\/\"},\"author\":{\"name\":\"redazione\",\"@id\":\"https:\\\/\\\/www.bellunopress.it\\\/#\\\/schema\\\/person\\\/79bb06722b37ece1c03d3e94beb30d73\"},\"headline\":\"Domenica alle 12 alla Locanda Solagna di Vas Carlo Catani presenta il suo libro &#8220;Il chilometro consapevole&#8221;\",\"datePublished\":\"2023-02-04T10:41:16+00:00\",\"mainEntityOfPage\":{\"@id\":\"https:\\\/\\\/www.bellunopress.it\\\/2023\\\/02\\\/04\\\/domenica-alle-12-alla-locanda-solagna-di-vas-carlo-catani-presenta-il-suo-libro-il-chilometro-consapevole\\\/\"},\"wordCount\":448,\"publisher\":{\"@id\":\"https:\\\/\\\/www.bellunopress.it\\\/#organization\"},\"image\":{\"@id\":\"https:\\\/\\\/www.bellunopress.it\\\/2023\\\/02\\\/04\\\/domenica-alle-12-alla-locanda-solagna-di-vas-carlo-catani-presenta-il-suo-libro-il-chilometro-consapevole\\\/#primaryimage\"},\"thumbnailUrl\":\"https:\\\/\\\/www.bellunopress.it\\\/wp-content\\\/uploads\\\/2022\\\/06\\\/Orto-Sinergico-Locanda-Solagna-Vas_edited.jpg\",\"articleSection\":[\"Eventi enogastronomici\"],\"inLanguage\":\"fr-FR\"},{\"@type\":\"WebPage\",\"@id\":\"https:\\\/\\\/www.bellunopress.it\\\/2023\\\/02\\\/04\\\/domenica-alle-12-alla-locanda-solagna-di-vas-carlo-catani-presenta-il-suo-libro-il-chilometro-consapevole\\\/\",\"url\":\"https:\\\/\\\/www.bellunopress.it\\\/2023\\\/02\\\/04\\\/domenica-alle-12-alla-locanda-solagna-di-vas-carlo-catani-presenta-il-suo-libro-il-chilometro-consapevole\\\/\",\"name\":\"Domenica alle 12 alla Locanda Solagna di Vas Carlo Catani presenta il suo libro \\\"Il chilometro consapevole\\\" - Bellunopress - Dolomiti\",\"isPartOf\":{\"@id\":\"https:\\\/\\\/www.bellunopress.it\\\/#website\"},\"primaryImageOfPage\":{\"@id\":\"https:\\\/\\\/www.bellunopress.it\\\/2023\\\/02\\\/04\\\/domenica-alle-12-alla-locanda-solagna-di-vas-carlo-catani-presenta-il-suo-libro-il-chilometro-consapevole\\\/#primaryimage\"},\"image\":{\"@id\":\"https:\\\/\\\/www.bellunopress.it\\\/2023\\\/02\\\/04\\\/domenica-alle-12-alla-locanda-solagna-di-vas-carlo-catani-presenta-il-suo-libro-il-chilometro-consapevole\\\/#primaryimage\"},\"thumbnailUrl\":\"https:\\\/\\\/www.bellunopress.it\\\/wp-content\\\/uploads\\\/2022\\\/06\\\/Orto-Sinergico-Locanda-Solagna-Vas_edited.jpg\",\"datePublished\":\"2023-02-04T10:41:16+00:00\",\"breadcrumb\":{\"@id\":\"https:\\\/\\\/www.bellunopress.it\\\/2023\\\/02\\\/04\\\/domenica-alle-12-alla-locanda-solagna-di-vas-carlo-catani-presenta-il-suo-libro-il-chilometro-consapevole\\\/#breadcrumb\"},\"inLanguage\":\"fr-FR\",\"potentialAction\":[{\"@type\":\"ReadAction\",\"target\":[\"https:\\\/\\\/www.bellunopress.it\\\/2023\\\/02\\\/04\\\/domenica-alle-12-alla-locanda-solagna-di-vas-carlo-catani-presenta-il-suo-libro-il-chilometro-consapevole\\\/\"]}]},{\"@type\":\"ImageObject\",\"inLanguage\":\"fr-FR\",\"@id\":\"https:\\\/\\\/www.bellunopress.it\\\/2023\\\/02\\\/04\\\/domenica-alle-12-alla-locanda-solagna-di-vas-carlo-catani-presenta-il-suo-libro-il-chilometro-consapevole\\\/#primaryimage\",\"url\":\"https:\\\/\\\/www.bellunopress.it\\\/wp-content\\\/uploads\\\/2022\\\/06\\\/Orto-Sinergico-Locanda-Solagna-Vas_edited.jpg\",\"contentUrl\":\"https:\\\/\\\/www.bellunopress.it\\\/wp-content\\\/uploads\\\/2022\\\/06\\\/Orto-Sinergico-Locanda-Solagna-Vas_edited.jpg\",\"width\":1000,\"height\":750,\"caption\":\"Orto sinergico, Locanda Solagna, Vas (Belluno)\"},{\"@type\":\"BreadcrumbList\",\"@id\":\"https:\\\/\\\/www.bellunopress.it\\\/2023\\\/02\\\/04\\\/domenica-alle-12-alla-locanda-solagna-di-vas-carlo-catani-presenta-il-suo-libro-il-chilometro-consapevole\\\/#breadcrumb\",\"itemListElement\":[{\"@type\":\"ListItem\",\"position\":1,\"name\":\"Home\",\"item\":\"https:\\\/\\\/www.bellunopress.it\\\/\"},{\"@type\":\"ListItem\",\"position\":2,\"name\":\"Domenica alle 12 alla Locanda Solagna di Vas Carlo Catani presenta il suo libro &#8220;Il chilometro consapevole&#8221;\"}]},{\"@type\":\"WebSite\",\"@id\":\"https:\\\/\\\/www.bellunopress.it\\\/#website\",\"url\":\"https:\\\/\\\/www.bellunopress.it\\\/\",\"name\":\"Bellunopress - Dolomiti\",\"description\":\"e-mail: redazione@bellunopress.it\",\"publisher\":{\"@id\":\"https:\\\/\\\/www.bellunopress.it\\\/#organization\"},\"potentialAction\":[{\"@type\":\"SearchAction\",\"target\":{\"@type\":\"EntryPoint\",\"urlTemplate\":\"https:\\\/\\\/www.bellunopress.it\\\/?s={search_term_string}\"},\"query-input\":{\"@type\":\"PropertyValueSpecification\",\"valueRequired\":true,\"valueName\":\"search_term_string\"}}],\"inLanguage\":\"fr-FR\"},{\"@type\":\"Organization\",\"@id\":\"https:\\\/\\\/www.bellunopress.it\\\/#organization\",\"name\":\"Bellunopress\",\"url\":\"https:\\\/\\\/www.bellunopress.it\\\/\",\"logo\":{\"@type\":\"ImageObject\",\"inLanguage\":\"fr-FR\",\"@id\":\"https:\\\/\\\/www.bellunopress.it\\\/#\\\/schema\\\/logo\\\/image\\\/\",\"url\":\"https:\\\/\\\/www.bellunopress.it\\\/wp-content\\\/uploads\\\/2011\\\/05\\\/cropped-logo-bellunopress-.jpg\",\"contentUrl\":\"https:\\\/\\\/www.bellunopress.it\\\/wp-content\\\/uploads\\\/2011\\\/05\\\/cropped-logo-bellunopress-.jpg\",\"width\":512,\"height\":512,\"caption\":\"Bellunopress\"},\"image\":{\"@id\":\"https:\\\/\\\/www.bellunopress.it\\\/#\\\/schema\\\/logo\\\/image\\\/\"},\"sameAs\":[\"https:\\\/\\\/www.facebook.com\\\/profile.php?id=100008943462799\",\"https:\\\/\\\/x.com\\\/bellunopress\",\"https:\\\/\\\/www.linkedin.com\\\/hp\\\/?dnr=JBzUWaJfMUw8vbXJJ2tVW5-I3jZKvC4wsoxE&amp;amp;amp;amp;amp;amp;trk=nav_responsive_tab_home\",\"https:\\\/\\\/www.youtube.com\\\/channel\\\/UCxL0wu1uN0_3_7hGG0306cw\"]},{\"@type\":\"Person\",\"@id\":\"https:\\\/\\\/www.bellunopress.it\\\/#\\\/schema\\\/person\\\/79bb06722b37ece1c03d3e94beb30d73\",\"name\":\"redazione\",\"image\":{\"@type\":\"ImageObject\",\"inLanguage\":\"fr-FR\",\"@id\":\"https:\\\/\\\/secure.gravatar.com\\\/avatar\\\/37d968a2e67a6fd04c169c4bdef102d0bc5d31b2546345219e348575eb80e9a0?s=96&d=mm&r=g\",\"url\":\"https:\\\/\\\/secure.gravatar.com\\\/avatar\\\/37d968a2e67a6fd04c169c4bdef102d0bc5d31b2546345219e348575eb80e9a0?s=96&d=mm&r=g\",\"contentUrl\":\"https:\\\/\\\/secure.gravatar.com\\\/avatar\\\/37d968a2e67a6fd04c169c4bdef102d0bc5d31b2546345219e348575eb80e9a0?s=96&d=mm&r=g\",\"caption\":\"redazione\"},\"sameAs\":[\"http:\\\/\\\/www.bellunopress.it\",\"https:\\\/\\\/x.com\\\/bellunopress\"],\"url\":\"https:\\\/\\\/www.bellunopress.it\\\/fr\\\/author\\\/redazione\\\/\"}]}<\/script>\n<!-- \/ Yoast SEO plugin. -->","yoast_head_json":{"title":"Domenica alle 12 alla Locanda Solagna di Vas Carlo Catani presenta il suo libro \"Il chilometro consapevole\" - Bellunopress - Dolomiti","robots":{"index":"index","follow":"follow","max-snippet":"max-snippet:-1","max-image-preview":"max-image-preview:large","max-video-preview":"max-video-preview:-1"},"canonical":"https:\/\/www.bellunopress.it\/fr\/2023\/02\/04\/domenica-alle-12-alla-locanda-solagna-di-vas-carlo-catani-presenta-il-suo-libro-il-chilometro-consapevole\/","og_locale":"fr_FR","og_type":"article","og_title":"Domenica alle 12 alla Locanda Solagna di Vas Carlo Catani presenta il suo libro \"Il chilometro consapevole\" - Bellunopress - Dolomiti","og_description":"Doppio appuntamento domenica 5 febbraio, con la consapevolezza alimentare e la lotta allo spreco: nella stessa data si celebrano infatti sia la Giornata nazionale di Prevenzione dello spreco alimentare, promossa con il patrocinio della Commissione Europea, del Ministero della Transizione Ecologica e del Ministero degli Affari Esteri e della Cooperazione internazionale, sia il giorno di [&hellip;]","og_url":"https:\/\/www.bellunopress.it\/fr\/2023\/02\/04\/domenica-alle-12-alla-locanda-solagna-di-vas-carlo-catani-presenta-il-suo-libro-il-chilometro-consapevole\/","og_site_name":"Bellunopress - Dolomiti","article_publisher":"https:\/\/www.facebook.com\/profile.php?id=100008943462799","article_published_time":"2023-02-04T10:41:16+00:00","og_image":[{"width":1000,"height":750,"url":"https:\/\/www.bellunopress.it\/wp-content\/uploads\/2022\/06\/Orto-Sinergico-Locanda-Solagna-Vas_edited.jpg","type":"image\/jpeg"}],"author":"redazione","twitter_card":"summary_large_image","twitter_creator":"@bellunopress","twitter_site":"@bellunopress","twitter_misc":{"\u00c9crit par":"redazione","Dur\u00e9e de lecture estim\u00e9e":"3 minutes"},"schema":{"@context":"https:\/\/schema.org","@graph":[{"@type":"Article","@id":"https:\/\/www.bellunopress.it\/2023\/02\/04\/domenica-alle-12-alla-locanda-solagna-di-vas-carlo-catani-presenta-il-suo-libro-il-chilometro-consapevole\/#article","isPartOf":{"@id":"https:\/\/www.bellunopress.it\/2023\/02\/04\/domenica-alle-12-alla-locanda-solagna-di-vas-carlo-catani-presenta-il-suo-libro-il-chilometro-consapevole\/"},"author":{"name":"redazione","@id":"https:\/\/www.bellunopress.it\/#\/schema\/person\/79bb06722b37ece1c03d3e94beb30d73"},"headline":"Domenica alle 12 alla Locanda Solagna di Vas Carlo Catani presenta il suo libro &#8220;Il chilometro consapevole&#8221;","datePublished":"2023-02-04T10:41:16+00:00","mainEntityOfPage":{"@id":"https:\/\/www.bellunopress.it\/2023\/02\/04\/domenica-alle-12-alla-locanda-solagna-di-vas-carlo-catani-presenta-il-suo-libro-il-chilometro-consapevole\/"},"wordCount":448,"publisher":{"@id":"https:\/\/www.bellunopress.it\/#organization"},"image":{"@id":"https:\/\/www.bellunopress.it\/2023\/02\/04\/domenica-alle-12-alla-locanda-solagna-di-vas-carlo-catani-presenta-il-suo-libro-il-chilometro-consapevole\/#primaryimage"},"thumbnailUrl":"https:\/\/www.bellunopress.it\/wp-content\/uploads\/2022\/06\/Orto-Sinergico-Locanda-Solagna-Vas_edited.jpg","articleSection":["Eventi enogastronomici"],"inLanguage":"fr-FR"},{"@type":"WebPage","@id":"https:\/\/www.bellunopress.it\/2023\/02\/04\/domenica-alle-12-alla-locanda-solagna-di-vas-carlo-catani-presenta-il-suo-libro-il-chilometro-consapevole\/","url":"https:\/\/www.bellunopress.it\/2023\/02\/04\/domenica-alle-12-alla-locanda-solagna-di-vas-carlo-catani-presenta-il-suo-libro-il-chilometro-consapevole\/","name":"Domenica alle 12 alla Locanda Solagna di Vas Carlo Catani presenta il suo libro \"Il chilometro consapevole\" - Bellunopress - Dolomiti","isPartOf":{"@id":"https:\/\/www.bellunopress.it\/#website"},"primaryImageOfPage":{"@id":"https:\/\/www.bellunopress.it\/2023\/02\/04\/domenica-alle-12-alla-locanda-solagna-di-vas-carlo-catani-presenta-il-suo-libro-il-chilometro-consapevole\/#primaryimage"},"image":{"@id":"https:\/\/www.bellunopress.it\/2023\/02\/04\/domenica-alle-12-alla-locanda-solagna-di-vas-carlo-catani-presenta-il-suo-libro-il-chilometro-consapevole\/#primaryimage"},"thumbnailUrl":"https:\/\/www.bellunopress.it\/wp-content\/uploads\/2022\/06\/Orto-Sinergico-Locanda-Solagna-Vas_edited.jpg","datePublished":"2023-02-04T10:41:16+00:00","breadcrumb":{"@id":"https:\/\/www.bellunopress.it\/2023\/02\/04\/domenica-alle-12-alla-locanda-solagna-di-vas-carlo-catani-presenta-il-suo-libro-il-chilometro-consapevole\/#breadcrumb"},"inLanguage":"fr-FR","potentialAction":[{"@type":"ReadAction","target":["https:\/\/www.bellunopress.it\/2023\/02\/04\/domenica-alle-12-alla-locanda-solagna-di-vas-carlo-catani-presenta-il-suo-libro-il-chilometro-consapevole\/"]}]},{"@type":"ImageObject","inLanguage":"fr-FR","@id":"https:\/\/www.bellunopress.it\/2023\/02\/04\/domenica-alle-12-alla-locanda-solagna-di-vas-carlo-catani-presenta-il-suo-libro-il-chilometro-consapevole\/#primaryimage","url":"https:\/\/www.bellunopress.it\/wp-content\/uploads\/2022\/06\/Orto-Sinergico-Locanda-Solagna-Vas_edited.jpg","contentUrl":"https:\/\/www.bellunopress.it\/wp-content\/uploads\/2022\/06\/Orto-Sinergico-Locanda-Solagna-Vas_edited.jpg","width":1000,"height":750,"caption":"Orto sinergico, Locanda Solagna, Vas (Belluno)"},{"@type":"BreadcrumbList","@id":"https:\/\/www.bellunopress.it\/2023\/02\/04\/domenica-alle-12-alla-locanda-solagna-di-vas-carlo-catani-presenta-il-suo-libro-il-chilometro-consapevole\/#breadcrumb","itemListElement":[{"@type":"ListItem","position":1,"name":"Home","item":"https:\/\/www.bellunopress.it\/"},{"@type":"ListItem","position":2,"name":"Domenica alle 12 alla Locanda Solagna di Vas Carlo Catani presenta il suo libro &#8220;Il chilometro consapevole&#8221;"}]},{"@type":"WebSite","@id":"https:\/\/www.bellunopress.it\/#website","url":"https:\/\/www.bellunopress.it\/","name":"Bellunopress - Dolomiti","description":"e-mail: redazione@bellunopress.it","publisher":{"@id":"https:\/\/www.bellunopress.it\/#organization"},"potentialAction":[{"@type":"SearchAction","target":{"@type":"EntryPoint","urlTemplate":"https:\/\/www.bellunopress.it\/?s={search_term_string}"},"query-input":{"@type":"PropertyValueSpecification","valueRequired":true,"valueName":"search_term_string"}}],"inLanguage":"fr-FR"},{"@type":"Organization","@id":"https:\/\/www.bellunopress.it\/#organization","name":"Bellunopress","url":"https:\/\/www.bellunopress.it\/","logo":{"@type":"ImageObject","inLanguage":"fr-FR","@id":"https:\/\/www.bellunopress.it\/#\/schema\/logo\/image\/","url":"https:\/\/www.bellunopress.it\/wp-content\/uploads\/2011\/05\/cropped-logo-bellunopress-.jpg","contentUrl":"https:\/\/www.bellunopress.it\/wp-content\/uploads\/2011\/05\/cropped-logo-bellunopress-.jpg","width":512,"height":512,"caption":"Bellunopress"},"image":{"@id":"https:\/\/www.bellunopress.it\/#\/schema\/logo\/image\/"},"sameAs":["https:\/\/www.facebook.com\/profile.php?id=100008943462799","https:\/\/x.com\/bellunopress","https:\/\/www.linkedin.com\/hp\/?dnr=JBzUWaJfMUw8vbXJJ2tVW5-I3jZKvC4wsoxE&amp;amp;amp;amp;amp;amp;trk=nav_responsive_tab_home","https:\/\/www.youtube.com\/channel\/UCxL0wu1uN0_3_7hGG0306cw"]},{"@type":"Person","@id":"https:\/\/www.bellunopress.it\/#\/schema\/person\/79bb06722b37ece1c03d3e94beb30d73","name":"r\u00e9daction","image":{"@type":"ImageObject","inLanguage":"fr-FR","@id":"https:\/\/secure.gravatar.com\/avatar\/37d968a2e67a6fd04c169c4bdef102d0bc5d31b2546345219e348575eb80e9a0?s=96&d=mm&r=g","url":"https:\/\/secure.gravatar.com\/avatar\/37d968a2e67a6fd04c169c4bdef102d0bc5d31b2546345219e348575eb80e9a0?s=96&d=mm&r=g","contentUrl":"https:\/\/secure.gravatar.com\/avatar\/37d968a2e67a6fd04c169c4bdef102d0bc5d31b2546345219e348575eb80e9a0?s=96&d=mm&r=g","caption":"redazione"},"sameAs":["http:\/\/www.bellunopress.it","https:\/\/x.com\/bellunopress"],"url":"https:\/\/www.bellunopress.it\/fr\/author\/redazione\/"}]}},"_links":{"self":[{"href":"https:\/\/www.bellunopress.it\/fr\/wp-json\/wp\/v2\/posts\/139483","targetHints":{"allow":["GET"]}}],"collection":[{"href":"https:\/\/www.bellunopress.it\/fr\/wp-json\/wp\/v2\/posts"}],"about":[{"href":"https:\/\/www.bellunopress.it\/fr\/wp-json\/wp\/v2\/types\/post"}],"author":[{"embeddable":true,"href":"https:\/\/www.bellunopress.it\/fr\/wp-json\/wp\/v2\/users\/2"}],"replies":[{"embeddable":true,"href":"https:\/\/www.bellunopress.it\/fr\/wp-json\/wp\/v2\/comments?post=139483"}],"version-history":[{"count":1,"href":"https:\/\/www.bellunopress.it\/fr\/wp-json\/wp\/v2\/posts\/139483\/revisions"}],"predecessor-version":[{"id":139484,"href":"https:\/\/www.bellunopress.it\/fr\/wp-json\/wp\/v2\/posts\/139483\/revisions\/139484"}],"wp:featuredmedia":[{"embeddable":true,"href":"https:\/\/www.bellunopress.it\/fr\/wp-json\/wp\/v2\/media\/134580"}],"wp:attachment":[{"href":"https:\/\/www.bellunopress.it\/fr\/wp-json\/wp\/v2\/media?parent=139483"}],"wp:term":[{"taxonomy":"category","embeddable":true,"href":"https:\/\/www.bellunopress.it\/fr\/wp-json\/wp\/v2\/categories?post=139483"},{"taxonomy":"post_tag","embeddable":true,"href":"https:\/\/www.bellunopress.it\/fr\/wp-json\/wp\/v2\/tags?post=139483"}],"curies":[{"name":"wp","href":"https:\/\/api.w.org\/{rel}","templated":true}]}}