{"id":139218,"date":"2023-01-23T12:42:09","date_gmt":"2023-01-23T11:42:09","guid":{"rendered":"https:\/\/www.bellunopress.it\/?p=139218"},"modified":"2023-01-23T12:42:09","modified_gmt":"2023-01-23T11:42:09","slug":"le-iniziative-del-comune-di-feltre-nel-giorno-della-memoria","status":"publish","type":"post","link":"https:\/\/www.bellunopress.it\/fr\/2023\/01\/23\/le-iniziative-del-comune-di-feltre-nel-giorno-della-memoria\/","title":{"rendered":"Le iniziative del Comune di Feltre nel Giorno della Memoria"},"content":{"rendered":"<p><img loading=\"lazy\" decoding=\"async\" class=\"alignleft size-full wp-image-139219\" src=\"https:\/\/www.bellunopress.it\/wp-content\/uploads\/2023\/01\/giorno-della-memoria-olocausto-aushwitz_edited.jpg\" alt=\"\" width=\"1000\" height=\"566\" srcset=\"https:\/\/www.bellunopress.it\/wp-content\/uploads\/2023\/01\/giorno-della-memoria-olocausto-aushwitz_edited.jpg 1000w, https:\/\/www.bellunopress.it\/wp-content\/uploads\/2023\/01\/giorno-della-memoria-olocausto-aushwitz_edited-500x283.jpg 500w, https:\/\/www.bellunopress.it\/wp-content\/uploads\/2023\/01\/giorno-della-memoria-olocausto-aushwitz_edited-696x394.jpg 696w, https:\/\/www.bellunopress.it\/wp-content\/uploads\/2023\/01\/giorno-della-memoria-olocausto-aushwitz_edited-742x420.jpg 742w\" sizes=\"auto, (max-width: 1000px) 100vw, 1000px\" \/>Sono due gli appuntamenti che il Comune di Feltre promuove per venerd\u00ec 27 gennaio, in occasione della ricorrenza del Giorno della Memoria, istituito dal Parlamento italiano al fine di ricordare \u201cla Shoah, le leggi razziali, la persecuzione italiana dei cittadini ebrei, gli italiani che hanno subito la deportazione, la prigionia, la morte, nonch\u00e9 coloro che anche in campi e schieramenti diversi si sono opposti ai progetti di sterminio, ed a rischio della propria vita hanno salvato altre vite e protetto i perseguitati\u201d.<\/p>\n<figure id=\"attachment_131733\" aria-describedby=\"caption-attachment-131733\" style=\"width: 649px\" class=\"wp-caption alignleft\"><img loading=\"lazy\" decoding=\"async\" class=\"size-full wp-image-131733\" src=\"https:\/\/www.bellunopress.it\/wp-content\/uploads\/2022\/03\/istituto-canossiano-feltre_edited.jpg\" alt=\"\" width=\"649\" height=\"312\" srcset=\"https:\/\/www.bellunopress.it\/wp-content\/uploads\/2022\/03\/istituto-canossiano-feltre_edited.jpg 649w, https:\/\/www.bellunopress.it\/wp-content\/uploads\/2022\/03\/istituto-canossiano-feltre_edited-500x240.jpg 500w\" sizes=\"auto, (max-width: 649px) 100vw, 649px\" \/><figcaption id=\"caption-attachment-131733\" class=\"wp-caption-text\">Istituto Canossiano di Feltre<\/figcaption><\/figure>\n<p>Il primo incontro sar\u00e0 dedicato alle classi seconde e terze delle scuole secondarie di primo grado di Feltre e alle classi prime degli Istituti Scolastici di secondo grado (la partecipazione \u00e8 riservata alle classi che hanno dato conferma di adesione entro i termini comunicati alle scuole). L\u2019auditorium dell\u2019Istituto Canossiano ospiter\u00e0 lo spettacolo \u201cVivere ancora. Voci dal filo spinato\u201d, un racconto a due voci che si rafforza con intensi momenti musicali dal vivo e in cui le foto d\u2019epoca amplificano visivamente la narrazione. Si tratta di un percorso nella memoria, dai quaderni, dai diari, dalle tracce degli scritti, di donne e uomini sopravvissuti e no all\u2019inferno dei campi di concentramento.<\/p>\n<p>L\u2019Aula Magna del Colotti di Feltre ospiter\u00e0 invece alle 20.30 l\u2019appuntamento aperto alla cittadinanza, organizzato dal Comune in collaborazione con la sezione di Feltre dell\u2019Associazione Nazionale Partigiani d\u2019Italia e l\u2019Istituto Storico per la Resistenza e l\u2019Et\u00e0 contemporanea; qui sar\u00e0 presentato il film-documentario \u201cGli ultimi mesi. Il lager di Bolzano\u201d.<br \/>\nDopo la chiusura del campo di Fossoli, nell\u2019estate del 1944 fu aperto a Bolzano un Durchgangslager, ovvero un campo di transito nazista ove dovevano essere avviati tutti i deportati destinati ad un successivo trasferimento nei campi tedeschi del Reich. Pur non essendo uno dei Lager pi\u00f9 duri aperti dai nazisti, anche quello di Bolzano fu indubbiamente un luogo di sofferenza e dolore, dove vigeva lo sfruttamento sistematico del lavoro dei prigionieri e dove trovarono la morte alcune decine di persone.<br \/>\nVi passarono circa 8000 prigionieri, di cui un 10% provenienti dalla provincia di Belluno. Le vicende di questo Lager hanno dunque una particolare rilevanza per la storia della nostra terra durante il secondo conflitto mondiale e vale la pena ricordare come un numero consistente di deportati, ben superiore alle 100 unit\u00e0, giungesse proprio da Feltre. Tra costoro anche Gianni Faronato, uno dei testimoni che raccontano la propria esperienza ai registi del film, Dario Dalla Mura e Elena Peloso. Ma il documentario si avvale anche della collaborazione di storici ed esperti, quali Costantino di Sante, profondo conoscitore del tema della deportazione in Italia, e Carla Giacomozzi, responsabile dell\u2019Archivio storico della citt\u00e0 di Bolzano.<br \/>\nProdotto nel 2021 dalla Associazione Memoria Immagine, il documentario \u201cGli ultimi mesi. Il lager di Bolzano\u201d si offre dunque quale prezioso strumento per conoscere le dinamiche di funzionamento di un Lager, ossia il luogo ove pi\u00f9 chiaramente si manifestano le storture del nazismo.<\/p>","protected":false},"excerpt":{"rendered":"<p>Sono due gli appuntamenti che il Comune di Feltre promuove per venerd\u00ec 27 gennaio, in occasione della ricorrenza del Giorno della Memoria, istituito dal Parlamento italiano al fine di ricordare \u201cla Shoah, le leggi razziali, la persecuzione italiana dei cittadini ebrei, gli italiani che hanno subito la deportazione, la prigionia, la morte, nonch\u00e9 coloro che [&hellip;]<\/p>\n","protected":false},"author":2,"featured_media":139219,"comment_status":"closed","ping_status":"open","sticky":false,"template":"","format":"standard","meta":{"footnotes":""},"categories":[27],"tags":[],"class_list":["post-139218","post","type-post","status-publish","format-standard","has-post-thumbnail","category-appuntamenti"],"yoast_head":"<!-- This site is optimized with the Yoast SEO plugin v28.4 - https:\/\/yoast.com\/product\/yoast-seo-wordpress\/ -->\n<title>Le iniziative del Comune di Feltre nel Giorno della Memoria - Bellunopress - Dolomiti<\/title>\n<meta name=\"robots\" content=\"index, follow, max-snippet:-1, max-image-preview:large, max-video-preview:-1\" \/>\n<link rel=\"canonical\" href=\"https:\/\/www.bellunopress.it\/fr\/2023\/01\/23\/le-iniziative-del-comune-di-feltre-nel-giorno-della-memoria\/\" \/>\n<meta property=\"og:locale\" content=\"fr_FR\" \/>\n<meta property=\"og:type\" content=\"article\" \/>\n<meta property=\"og:title\" content=\"Le iniziative del Comune di Feltre nel Giorno della Memoria - Bellunopress - Dolomiti\" \/>\n<meta property=\"og:description\" content=\"Sono due gli appuntamenti che il Comune di Feltre promuove per venerd\u00ec 27 gennaio, in occasione della ricorrenza del Giorno della Memoria, istituito dal Parlamento italiano al fine di ricordare \u201cla Shoah, le leggi razziali, la persecuzione italiana dei cittadini ebrei, gli italiani che hanno subito la deportazione, la prigionia, la morte, nonch\u00e9 coloro che [&hellip;]\" \/>\n<meta property=\"og:url\" content=\"https:\/\/www.bellunopress.it\/fr\/2023\/01\/23\/le-iniziative-del-comune-di-feltre-nel-giorno-della-memoria\/\" \/>\n<meta property=\"og:site_name\" content=\"Bellunopress - Dolomiti\" \/>\n<meta property=\"article:publisher\" content=\"https:\/\/www.facebook.com\/profile.php?id=100008943462799\" \/>\n<meta property=\"article:published_time\" content=\"2023-01-23T11:42:09+00:00\" \/>\n<meta property=\"og:image\" content=\"https:\/\/www.bellunopress.it\/wp-content\/uploads\/2023\/01\/giorno-della-memoria-olocausto-aushwitz_edited.jpg\" \/>\n\t<meta property=\"og:image:width\" content=\"1000\" \/>\n\t<meta property=\"og:image:height\" content=\"566\" \/>\n\t<meta property=\"og:image:type\" content=\"image\/jpeg\" \/>\n<meta name=\"author\" content=\"redazione\" \/>\n<meta name=\"twitter:card\" content=\"summary_large_image\" \/>\n<meta name=\"twitter:creator\" content=\"@bellunopress\" \/>\n<meta name=\"twitter:site\" content=\"@bellunopress\" \/>\n<meta name=\"twitter:label1\" content=\"\u00c9crit par\" \/>\n\t<meta name=\"twitter:data1\" content=\"redazione\" \/>\n\t<meta name=\"twitter:label2\" content=\"Dur\u00e9e de lecture estim\u00e9e\" \/>\n\t<meta name=\"twitter:data2\" content=\"3 minutes\" \/>\n<script type=\"application\/ld+json\" class=\"yoast-schema-graph\">{\"@context\":\"https:\\\/\\\/schema.org\",\"@graph\":[{\"@type\":\"Article\",\"@id\":\"https:\\\/\\\/www.bellunopress.it\\\/2023\\\/01\\\/23\\\/le-iniziative-del-comune-di-feltre-nel-giorno-della-memoria\\\/#article\",\"isPartOf\":{\"@id\":\"https:\\\/\\\/www.bellunopress.it\\\/2023\\\/01\\\/23\\\/le-iniziative-del-comune-di-feltre-nel-giorno-della-memoria\\\/\"},\"author\":{\"name\":\"redazione\",\"@id\":\"https:\\\/\\\/www.bellunopress.it\\\/#\\\/schema\\\/person\\\/79bb06722b37ece1c03d3e94beb30d73\"},\"headline\":\"Le iniziative del Comune di Feltre nel Giorno della Memoria\",\"datePublished\":\"2023-01-23T11:42:09+00:00\",\"mainEntityOfPage\":{\"@id\":\"https:\\\/\\\/www.bellunopress.it\\\/2023\\\/01\\\/23\\\/le-iniziative-del-comune-di-feltre-nel-giorno-della-memoria\\\/\"},\"wordCount\":500,\"publisher\":{\"@id\":\"https:\\\/\\\/www.bellunopress.it\\\/#organization\"},\"image\":{\"@id\":\"https:\\\/\\\/www.bellunopress.it\\\/2023\\\/01\\\/23\\\/le-iniziative-del-comune-di-feltre-nel-giorno-della-memoria\\\/#primaryimage\"},\"thumbnailUrl\":\"https:\\\/\\\/www.bellunopress.it\\\/wp-content\\\/uploads\\\/2023\\\/01\\\/giorno-della-memoria-olocausto-aushwitz_edited.jpg\",\"articleSection\":[\"Appuntamenti, Eventi\"],\"inLanguage\":\"fr-FR\"},{\"@type\":\"WebPage\",\"@id\":\"https:\\\/\\\/www.bellunopress.it\\\/2023\\\/01\\\/23\\\/le-iniziative-del-comune-di-feltre-nel-giorno-della-memoria\\\/\",\"url\":\"https:\\\/\\\/www.bellunopress.it\\\/2023\\\/01\\\/23\\\/le-iniziative-del-comune-di-feltre-nel-giorno-della-memoria\\\/\",\"name\":\"Le iniziative del Comune di Feltre nel Giorno della Memoria - Bellunopress - Dolomiti\",\"isPartOf\":{\"@id\":\"https:\\\/\\\/www.bellunopress.it\\\/#website\"},\"primaryImageOfPage\":{\"@id\":\"https:\\\/\\\/www.bellunopress.it\\\/2023\\\/01\\\/23\\\/le-iniziative-del-comune-di-feltre-nel-giorno-della-memoria\\\/#primaryimage\"},\"image\":{\"@id\":\"https:\\\/\\\/www.bellunopress.it\\\/2023\\\/01\\\/23\\\/le-iniziative-del-comune-di-feltre-nel-giorno-della-memoria\\\/#primaryimage\"},\"thumbnailUrl\":\"https:\\\/\\\/www.bellunopress.it\\\/wp-content\\\/uploads\\\/2023\\\/01\\\/giorno-della-memoria-olocausto-aushwitz_edited.jpg\",\"datePublished\":\"2023-01-23T11:42:09+00:00\",\"breadcrumb\":{\"@id\":\"https:\\\/\\\/www.bellunopress.it\\\/2023\\\/01\\\/23\\\/le-iniziative-del-comune-di-feltre-nel-giorno-della-memoria\\\/#breadcrumb\"},\"inLanguage\":\"fr-FR\",\"potentialAction\":[{\"@type\":\"ReadAction\",\"target\":[\"https:\\\/\\\/www.bellunopress.it\\\/2023\\\/01\\\/23\\\/le-iniziative-del-comune-di-feltre-nel-giorno-della-memoria\\\/\"]}]},{\"@type\":\"ImageObject\",\"inLanguage\":\"fr-FR\",\"@id\":\"https:\\\/\\\/www.bellunopress.it\\\/2023\\\/01\\\/23\\\/le-iniziative-del-comune-di-feltre-nel-giorno-della-memoria\\\/#primaryimage\",\"url\":\"https:\\\/\\\/www.bellunopress.it\\\/wp-content\\\/uploads\\\/2023\\\/01\\\/giorno-della-memoria-olocausto-aushwitz_edited.jpg\",\"contentUrl\":\"https:\\\/\\\/www.bellunopress.it\\\/wp-content\\\/uploads\\\/2023\\\/01\\\/giorno-della-memoria-olocausto-aushwitz_edited.jpg\",\"width\":1000,\"height\":566},{\"@type\":\"BreadcrumbList\",\"@id\":\"https:\\\/\\\/www.bellunopress.it\\\/2023\\\/01\\\/23\\\/le-iniziative-del-comune-di-feltre-nel-giorno-della-memoria\\\/#breadcrumb\",\"itemListElement\":[{\"@type\":\"ListItem\",\"position\":1,\"name\":\"Home\",\"item\":\"https:\\\/\\\/www.bellunopress.it\\\/\"},{\"@type\":\"ListItem\",\"position\":2,\"name\":\"Le iniziative del Comune di Feltre nel Giorno della Memoria\"}]},{\"@type\":\"WebSite\",\"@id\":\"https:\\\/\\\/www.bellunopress.it\\\/#website\",\"url\":\"https:\\\/\\\/www.bellunopress.it\\\/\",\"name\":\"Bellunopress - Dolomiti\",\"description\":\"e-mail: redazione@bellunopress.it\",\"publisher\":{\"@id\":\"https:\\\/\\\/www.bellunopress.it\\\/#organization\"},\"potentialAction\":[{\"@type\":\"SearchAction\",\"target\":{\"@type\":\"EntryPoint\",\"urlTemplate\":\"https:\\\/\\\/www.bellunopress.it\\\/?s={search_term_string}\"},\"query-input\":{\"@type\":\"PropertyValueSpecification\",\"valueRequired\":true,\"valueName\":\"search_term_string\"}}],\"inLanguage\":\"fr-FR\"},{\"@type\":\"Organization\",\"@id\":\"https:\\\/\\\/www.bellunopress.it\\\/#organization\",\"name\":\"Bellunopress\",\"url\":\"https:\\\/\\\/www.bellunopress.it\\\/\",\"logo\":{\"@type\":\"ImageObject\",\"inLanguage\":\"fr-FR\",\"@id\":\"https:\\\/\\\/www.bellunopress.it\\\/#\\\/schema\\\/logo\\\/image\\\/\",\"url\":\"https:\\\/\\\/www.bellunopress.it\\\/wp-content\\\/uploads\\\/2011\\\/05\\\/cropped-logo-bellunopress-.jpg\",\"contentUrl\":\"https:\\\/\\\/www.bellunopress.it\\\/wp-content\\\/uploads\\\/2011\\\/05\\\/cropped-logo-bellunopress-.jpg\",\"width\":512,\"height\":512,\"caption\":\"Bellunopress\"},\"image\":{\"@id\":\"https:\\\/\\\/www.bellunopress.it\\\/#\\\/schema\\\/logo\\\/image\\\/\"},\"sameAs\":[\"https:\\\/\\\/www.facebook.com\\\/profile.php?id=100008943462799\",\"https:\\\/\\\/x.com\\\/bellunopress\",\"https:\\\/\\\/www.linkedin.com\\\/hp\\\/?dnr=JBzUWaJfMUw8vbXJJ2tVW5-I3jZKvC4wsoxE&amp;amp;amp;amp;amp;amp;trk=nav_responsive_tab_home\",\"https:\\\/\\\/www.youtube.com\\\/channel\\\/UCxL0wu1uN0_3_7hGG0306cw\"]},{\"@type\":\"Person\",\"@id\":\"https:\\\/\\\/www.bellunopress.it\\\/#\\\/schema\\\/person\\\/79bb06722b37ece1c03d3e94beb30d73\",\"name\":\"redazione\",\"image\":{\"@type\":\"ImageObject\",\"inLanguage\":\"fr-FR\",\"@id\":\"https:\\\/\\\/secure.gravatar.com\\\/avatar\\\/37d968a2e67a6fd04c169c4bdef102d0bc5d31b2546345219e348575eb80e9a0?s=96&d=mm&r=g\",\"url\":\"https:\\\/\\\/secure.gravatar.com\\\/avatar\\\/37d968a2e67a6fd04c169c4bdef102d0bc5d31b2546345219e348575eb80e9a0?s=96&d=mm&r=g\",\"contentUrl\":\"https:\\\/\\\/secure.gravatar.com\\\/avatar\\\/37d968a2e67a6fd04c169c4bdef102d0bc5d31b2546345219e348575eb80e9a0?s=96&d=mm&r=g\",\"caption\":\"redazione\"},\"sameAs\":[\"http:\\\/\\\/www.bellunopress.it\",\"https:\\\/\\\/x.com\\\/bellunopress\"],\"url\":\"https:\\\/\\\/www.bellunopress.it\\\/fr\\\/author\\\/redazione\\\/\"}]}<\/script>\n<!-- \/ Yoast SEO plugin. -->","yoast_head_json":{"title":"Le iniziative del Comune di Feltre nel Giorno della Memoria - Bellunopress - Dolomiti","robots":{"index":"index","follow":"follow","max-snippet":"max-snippet:-1","max-image-preview":"max-image-preview:large","max-video-preview":"max-video-preview:-1"},"canonical":"https:\/\/www.bellunopress.it\/fr\/2023\/01\/23\/le-iniziative-del-comune-di-feltre-nel-giorno-della-memoria\/","og_locale":"fr_FR","og_type":"article","og_title":"Le iniziative del Comune di Feltre nel Giorno della Memoria - Bellunopress - Dolomiti","og_description":"Sono due gli appuntamenti che il Comune di Feltre promuove per venerd\u00ec 27 gennaio, in occasione della ricorrenza del Giorno della Memoria, istituito dal Parlamento italiano al fine di ricordare \u201cla Shoah, le leggi razziali, la persecuzione italiana dei cittadini ebrei, gli italiani che hanno subito la deportazione, la prigionia, la morte, nonch\u00e9 coloro che [&hellip;]","og_url":"https:\/\/www.bellunopress.it\/fr\/2023\/01\/23\/le-iniziative-del-comune-di-feltre-nel-giorno-della-memoria\/","og_site_name":"Bellunopress - Dolomiti","article_publisher":"https:\/\/www.facebook.com\/profile.php?id=100008943462799","article_published_time":"2023-01-23T11:42:09+00:00","og_image":[{"width":1000,"height":566,"url":"https:\/\/www.bellunopress.it\/wp-content\/uploads\/2023\/01\/giorno-della-memoria-olocausto-aushwitz_edited.jpg","type":"image\/jpeg"}],"author":"redazione","twitter_card":"summary_large_image","twitter_creator":"@bellunopress","twitter_site":"@bellunopress","twitter_misc":{"\u00c9crit par":"redazione","Dur\u00e9e de lecture estim\u00e9e":"3 minutes"},"schema":{"@context":"https:\/\/schema.org","@graph":[{"@type":"Article","@id":"https:\/\/www.bellunopress.it\/2023\/01\/23\/le-iniziative-del-comune-di-feltre-nel-giorno-della-memoria\/#article","isPartOf":{"@id":"https:\/\/www.bellunopress.it\/2023\/01\/23\/le-iniziative-del-comune-di-feltre-nel-giorno-della-memoria\/"},"author":{"name":"redazione","@id":"https:\/\/www.bellunopress.it\/#\/schema\/person\/79bb06722b37ece1c03d3e94beb30d73"},"headline":"Le iniziative del Comune di Feltre nel Giorno della Memoria","datePublished":"2023-01-23T11:42:09+00:00","mainEntityOfPage":{"@id":"https:\/\/www.bellunopress.it\/2023\/01\/23\/le-iniziative-del-comune-di-feltre-nel-giorno-della-memoria\/"},"wordCount":500,"publisher":{"@id":"https:\/\/www.bellunopress.it\/#organization"},"image":{"@id":"https:\/\/www.bellunopress.it\/2023\/01\/23\/le-iniziative-del-comune-di-feltre-nel-giorno-della-memoria\/#primaryimage"},"thumbnailUrl":"https:\/\/www.bellunopress.it\/wp-content\/uploads\/2023\/01\/giorno-della-memoria-olocausto-aushwitz_edited.jpg","articleSection":["Appuntamenti, Eventi"],"inLanguage":"fr-FR"},{"@type":"WebPage","@id":"https:\/\/www.bellunopress.it\/2023\/01\/23\/le-iniziative-del-comune-di-feltre-nel-giorno-della-memoria\/","url":"https:\/\/www.bellunopress.it\/2023\/01\/23\/le-iniziative-del-comune-di-feltre-nel-giorno-della-memoria\/","name":"Le iniziative del Comune di Feltre nel Giorno della Memoria - Bellunopress - Dolomiti","isPartOf":{"@id":"https:\/\/www.bellunopress.it\/#website"},"primaryImageOfPage":{"@id":"https:\/\/www.bellunopress.it\/2023\/01\/23\/le-iniziative-del-comune-di-feltre-nel-giorno-della-memoria\/#primaryimage"},"image":{"@id":"https:\/\/www.bellunopress.it\/2023\/01\/23\/le-iniziative-del-comune-di-feltre-nel-giorno-della-memoria\/#primaryimage"},"thumbnailUrl":"https:\/\/www.bellunopress.it\/wp-content\/uploads\/2023\/01\/giorno-della-memoria-olocausto-aushwitz_edited.jpg","datePublished":"2023-01-23T11:42:09+00:00","breadcrumb":{"@id":"https:\/\/www.bellunopress.it\/2023\/01\/23\/le-iniziative-del-comune-di-feltre-nel-giorno-della-memoria\/#breadcrumb"},"inLanguage":"fr-FR","potentialAction":[{"@type":"ReadAction","target":["https:\/\/www.bellunopress.it\/2023\/01\/23\/le-iniziative-del-comune-di-feltre-nel-giorno-della-memoria\/"]}]},{"@type":"ImageObject","inLanguage":"fr-FR","@id":"https:\/\/www.bellunopress.it\/2023\/01\/23\/le-iniziative-del-comune-di-feltre-nel-giorno-della-memoria\/#primaryimage","url":"https:\/\/www.bellunopress.it\/wp-content\/uploads\/2023\/01\/giorno-della-memoria-olocausto-aushwitz_edited.jpg","contentUrl":"https:\/\/www.bellunopress.it\/wp-content\/uploads\/2023\/01\/giorno-della-memoria-olocausto-aushwitz_edited.jpg","width":1000,"height":566},{"@type":"BreadcrumbList","@id":"https:\/\/www.bellunopress.it\/2023\/01\/23\/le-iniziative-del-comune-di-feltre-nel-giorno-della-memoria\/#breadcrumb","itemListElement":[{"@type":"ListItem","position":1,"name":"Home","item":"https:\/\/www.bellunopress.it\/"},{"@type":"ListItem","position":2,"name":"Le iniziative del Comune di Feltre nel Giorno della Memoria"}]},{"@type":"WebSite","@id":"https:\/\/www.bellunopress.it\/#website","url":"https:\/\/www.bellunopress.it\/","name":"Bellunopress - Dolomiti","description":"e-mail: redazione@bellunopress.it","publisher":{"@id":"https:\/\/www.bellunopress.it\/#organization"},"potentialAction":[{"@type":"SearchAction","target":{"@type":"EntryPoint","urlTemplate":"https:\/\/www.bellunopress.it\/?s={search_term_string}"},"query-input":{"@type":"PropertyValueSpecification","valueRequired":true,"valueName":"search_term_string"}}],"inLanguage":"fr-FR"},{"@type":"Organization","@id":"https:\/\/www.bellunopress.it\/#organization","name":"Bellunopress","url":"https:\/\/www.bellunopress.it\/","logo":{"@type":"ImageObject","inLanguage":"fr-FR","@id":"https:\/\/www.bellunopress.it\/#\/schema\/logo\/image\/","url":"https:\/\/www.bellunopress.it\/wp-content\/uploads\/2011\/05\/cropped-logo-bellunopress-.jpg","contentUrl":"https:\/\/www.bellunopress.it\/wp-content\/uploads\/2011\/05\/cropped-logo-bellunopress-.jpg","width":512,"height":512,"caption":"Bellunopress"},"image":{"@id":"https:\/\/www.bellunopress.it\/#\/schema\/logo\/image\/"},"sameAs":["https:\/\/www.facebook.com\/profile.php?id=100008943462799","https:\/\/x.com\/bellunopress","https:\/\/www.linkedin.com\/hp\/?dnr=JBzUWaJfMUw8vbXJJ2tVW5-I3jZKvC4wsoxE&amp;amp;amp;amp;amp;amp;trk=nav_responsive_tab_home","https:\/\/www.youtube.com\/channel\/UCxL0wu1uN0_3_7hGG0306cw"]},{"@type":"Person","@id":"https:\/\/www.bellunopress.it\/#\/schema\/person\/79bb06722b37ece1c03d3e94beb30d73","name":"r\u00e9daction","image":{"@type":"ImageObject","inLanguage":"fr-FR","@id":"https:\/\/secure.gravatar.com\/avatar\/37d968a2e67a6fd04c169c4bdef102d0bc5d31b2546345219e348575eb80e9a0?s=96&d=mm&r=g","url":"https:\/\/secure.gravatar.com\/avatar\/37d968a2e67a6fd04c169c4bdef102d0bc5d31b2546345219e348575eb80e9a0?s=96&d=mm&r=g","contentUrl":"https:\/\/secure.gravatar.com\/avatar\/37d968a2e67a6fd04c169c4bdef102d0bc5d31b2546345219e348575eb80e9a0?s=96&d=mm&r=g","caption":"redazione"},"sameAs":["http:\/\/www.bellunopress.it","https:\/\/x.com\/bellunopress"],"url":"https:\/\/www.bellunopress.it\/fr\/author\/redazione\/"}]}},"_links":{"self":[{"href":"https:\/\/www.bellunopress.it\/fr\/wp-json\/wp\/v2\/posts\/139218","targetHints":{"allow":["GET"]}}],"collection":[{"href":"https:\/\/www.bellunopress.it\/fr\/wp-json\/wp\/v2\/posts"}],"about":[{"href":"https:\/\/www.bellunopress.it\/fr\/wp-json\/wp\/v2\/types\/post"}],"author":[{"embeddable":true,"href":"https:\/\/www.bellunopress.it\/fr\/wp-json\/wp\/v2\/users\/2"}],"replies":[{"embeddable":true,"href":"https:\/\/www.bellunopress.it\/fr\/wp-json\/wp\/v2\/comments?post=139218"}],"version-history":[{"count":1,"href":"https:\/\/www.bellunopress.it\/fr\/wp-json\/wp\/v2\/posts\/139218\/revisions"}],"predecessor-version":[{"id":139220,"href":"https:\/\/www.bellunopress.it\/fr\/wp-json\/wp\/v2\/posts\/139218\/revisions\/139220"}],"wp:featuredmedia":[{"embeddable":true,"href":"https:\/\/www.bellunopress.it\/fr\/wp-json\/wp\/v2\/media\/139219"}],"wp:attachment":[{"href":"https:\/\/www.bellunopress.it\/fr\/wp-json\/wp\/v2\/media?parent=139218"}],"wp:term":[{"taxonomy":"category","embeddable":true,"href":"https:\/\/www.bellunopress.it\/fr\/wp-json\/wp\/v2\/categories?post=139218"},{"taxonomy":"post_tag","embeddable":true,"href":"https:\/\/www.bellunopress.it\/fr\/wp-json\/wp\/v2\/tags?post=139218"}],"curies":[{"name":"wp","href":"https:\/\/api.w.org\/{rel}","templated":true}]}}