{"id":139190,"date":"2023-01-21T20:03:06","date_gmt":"2023-01-21T19:03:06","guid":{"rendered":"https:\/\/www.bellunopress.it\/?p=139190"},"modified":"2023-01-22T07:56:20","modified_gmt":"2023-01-22T06:56:20","slug":"139190","status":"publish","type":"post","link":"https:\/\/www.bellunopress.it\/fr\/2023\/01\/21\/139190\/","title":{"rendered":"Effetti avversi. La manifestazione e l&#8217;appuntamento di domani con &#8220;Invisibili&#8221; in Sala Bianchi"},"content":{"rendered":"<p><img loading=\"lazy\" decoding=\"async\" class=\"alignleft size-full wp-image-139191\" src=\"https:\/\/www.bellunopress.it\/wp-content\/uploads\/2023\/01\/effetti-avversi-manifestazione_edited.jpg\" alt=\"vittime morte improvvisa\" width=\"1000\" height=\"626\" srcset=\"https:\/\/www.bellunopress.it\/wp-content\/uploads\/2023\/01\/effetti-avversi-manifestazione_edited.jpg 1000w, https:\/\/www.bellunopress.it\/wp-content\/uploads\/2023\/01\/effetti-avversi-manifestazione_edited-500x313.jpg 500w, https:\/\/www.bellunopress.it\/wp-content\/uploads\/2023\/01\/effetti-avversi-manifestazione_edited-696x436.jpg 696w, https:\/\/www.bellunopress.it\/wp-content\/uploads\/2023\/01\/effetti-avversi-manifestazione_edited-671x420.jpg 671w\" sizes=\"auto, (max-width: 1000px) 100vw, 1000px\" \/>Belluno, 21 gennaio 2022 &#8211; \u201cSedotti e abbandonati. L\u2019esplosione delle reazioni avverse \u00e8 inarrestabile. La tua vita \u00e8 a rischio, rifletti\u201d. Con questi slogan si \u00e8 svolta oggi pomeriggio in piazza dei Martiri a Belluno la manifestazione e il corteo per porre all\u2019attenzione del pubblico i casi verificatisi di reazioni avverse da vaccino anticovid. Una serie di cartelli con le foto delle vittime di morte improvvisa sono stati esposti nell\u2019area pedonale a fianco ai giardini.<\/p>\n<div class=\"youtube-embed\" data-video_id=\"sVPLm36a6Yk\"><iframe loading=\"lazy\" title=\"Belluno 21 gennaio 2023 manifestazione effetti avversi vaccino covid\" width=\"696\" height=\"392\" src=\"https:\/\/www.youtube.com\/embed\/sVPLm36a6Yk?feature=oembed&#038;enablejsapi=1\" frameborder=\"0\" allow=\"accelerometer; autoplay; clipboard-write; encrypted-media; gyroscope; picture-in-picture; web-share\" allowfullscreen><\/iframe><\/div>\n<p>Nel corso della manifestazione \u00e8 stato annunciato l\u2019appuntamento di domani a Belluno per la proiezione del documentario \u201cInvisibili\u201d che denuncia le reazioni avverse da vaccino covid19. Un lavoro temuto e censurato dal mainstream, con la regia di Paolo Cassina e Alessandro Amori, musiche di Nicola Bottos, durata 91\u2019 e 46\u2019\u2019 produzione Playmastermovie.<\/p>\n<p><img loading=\"lazy\" decoding=\"async\" class=\"alignleft size-full wp-image-138986\" src=\"https:\/\/www.bellunopress.it\/wp-content\/uploads\/2023\/01\/invisibili-definitivo_edited.jpg\" alt=\"\" width=\"713\" height=\"1000\" srcset=\"https:\/\/www.bellunopress.it\/wp-content\/uploads\/2023\/01\/invisibili-definitivo_edited.jpg 713w, https:\/\/www.bellunopress.it\/wp-content\/uploads\/2023\/01\/invisibili-definitivo_edited-357x500.jpg 357w, https:\/\/www.bellunopress.it\/wp-content\/uploads\/2023\/01\/invisibili-definitivo_edited-696x976.jpg 696w, https:\/\/www.bellunopress.it\/wp-content\/uploads\/2023\/01\/invisibili-definitivo_edited-299x420.jpg 299w\" sizes=\"auto, (max-width: 713px) 100vw, 713px\" \/>Queste le date programmate: domenica 22 gennaio a Belluno in Sala Bianchi due proiezioni, la prima alle 14.30 e la seconda alle 20.00.<br \/>\nDomenica 22 a Calalzo di Cadore Sala eventi di Ente cooperativo alle ore 20:00.<br \/>\nLuned\u00ec 23 gennaio a Feltre Officinema, due proiezioni alle ore 18.00 e alle 20:30.<br \/>\nMarted\u00ec 24 gennaio ad Agordo alle ore 20.00 nella Sala della Comunit\u00e0 Agordina in via 27 aprile 1945.<\/p>\n<p>Saranno presenti in sala il regista Paolo Cassina, la presidente del comitato \u201d Ascoltami \u201d Federica Angelini in remoto, il rappresentante nazionale e provinciale dell\u2019associazione \u201cContiamoCi \u201d dottor Dario Giacomini, e altri ospiti del settore sanitario.<br \/>\nIl documentario, realizzato nel 2022, raccoglie le testimonianze delle persone che hanno subito gli effetti avversi del vaccino covid19 e dei medici e professionisti che alla vigilia di una possibile introduzione di una \u201cquarta dose\u201d obbligatoria per tutti lanciano un messaggio chiaro: non si pu\u00f2 forzare in nessun modo l\u2019essere umano all\u2019inoculazione o all\u2019assunzione di sostanze potenzialmente dannose e talvolta letali.<\/p>\n<p>Paolo Cassina \u00e8 un regista e filmmaker attivo da pi\u00f9 di 20 anni nel mondo della televisione e della comunicazione in generale. La sua passione sono i documentari e le inchieste giornalistiche. Nel 2014 la video inchiesta \u201cCon gli occhi della Neet Generation\u201d di cui \u00e8 co-realizzatore vince il Premio Ilaria Alpi. Nel 2017 il servizio \u201cIl racket nel ghetto islamico di San Siro\u201d con le sue immagini vince il premio Guido Vergani. Da sempre \u00e8 attento alle tematiche sociali e a dare voce alle persone che hanno poche possibilit\u00e0 di essere ascoltate.<\/p>\n<p>Alessandro Amori \u00e8 un regista, filmmaker e fondatore di Playmastermovie. Ha lavorato 20 anni come montatore per i maggiori network italiani per poi cimentarsi nella realizzazione di documentari come regista e filmmaker. Nel 2016 d\u00e0 vita al progetto di Playmastermovie che nel 2020 diventa anche una piattaforma online che produce contenuti di libera informazione in collaborazione con blogger, giornalisti, filmmaker e canali di informazione.<\/p>","protected":false},"excerpt":{"rendered":"<p>Belluno, 21 gennaio 2022 &#8211; \u201cSedotti e abbandonati. L\u2019esplosione delle reazioni avverse \u00e8 inarrestabile. La tua vita \u00e8 a rischio, rifletti\u201d. Con questi slogan si \u00e8 svolta oggi pomeriggio in piazza dei Martiri a Belluno la manifestazione e il corteo per porre all\u2019attenzione del pubblico i casi verificatisi di reazioni avverse da vaccino anticovid. Una [&hellip;]<\/p>\n","protected":false},"author":2,"featured_media":139191,"comment_status":"closed","ping_status":"open","sticky":false,"template":"","format":"standard","meta":{"footnotes":""},"categories":[5,26,17],"tags":[],"class_list":["post-139190","post","type-post","status-publish","format-standard","has-post-thumbnail","category-cronaca","category-prima-pagina","category-sanita"],"yoast_head":"<!-- This site is optimized with the Yoast SEO plugin v28.4 - https:\/\/yoast.com\/product\/yoast-seo-wordpress\/ -->\n<title>Effetti avversi. La manifestazione e l&#039;appuntamento di domani con &quot;Invisibili&quot; in Sala Bianchi - Bellunopress - Dolomiti<\/title>\n<meta name=\"robots\" content=\"index, follow, max-snippet:-1, max-image-preview:large, max-video-preview:-1\" \/>\n<link rel=\"canonical\" href=\"https:\/\/www.bellunopress.it\/fr\/2023\/01\/21\/139190\/\" \/>\n<meta property=\"og:locale\" content=\"fr_FR\" \/>\n<meta property=\"og:type\" content=\"article\" \/>\n<meta property=\"og:title\" content=\"Effetti avversi. La manifestazione e l&#039;appuntamento di domani con &quot;Invisibili&quot; in Sala Bianchi - Bellunopress - Dolomiti\" \/>\n<meta property=\"og:description\" content=\"Belluno, 21 gennaio 2022 &#8211; \u201cSedotti e abbandonati. L\u2019esplosione delle reazioni avverse \u00e8 inarrestabile. La tua vita \u00e8 a rischio, rifletti\u201d. Con questi slogan si \u00e8 svolta oggi pomeriggio in piazza dei Martiri a Belluno la manifestazione e il corteo per porre all\u2019attenzione del pubblico i casi verificatisi di reazioni avverse da vaccino anticovid. Una [&hellip;]\" \/>\n<meta property=\"og:url\" content=\"https:\/\/www.bellunopress.it\/fr\/2023\/01\/21\/139190\/\" \/>\n<meta property=\"og:site_name\" content=\"Bellunopress - Dolomiti\" \/>\n<meta property=\"article:publisher\" content=\"https:\/\/www.facebook.com\/profile.php?id=100008943462799\" \/>\n<meta property=\"article:published_time\" content=\"2023-01-21T19:03:06+00:00\" \/>\n<meta property=\"article:modified_time\" content=\"2023-01-22T06:56:20+00:00\" \/>\n<meta property=\"og:image\" content=\"https:\/\/www.bellunopress.it\/wp-content\/uploads\/2023\/01\/effetti-avversi-manifestazione_edited.jpg\" \/>\n\t<meta property=\"og:image:width\" content=\"1000\" \/>\n\t<meta property=\"og:image:height\" content=\"626\" \/>\n\t<meta property=\"og:image:type\" content=\"image\/jpeg\" \/>\n<meta name=\"author\" content=\"redazione\" \/>\n<meta name=\"twitter:card\" content=\"summary_large_image\" \/>\n<meta name=\"twitter:creator\" content=\"@bellunopress\" \/>\n<meta name=\"twitter:site\" content=\"@bellunopress\" \/>\n<meta name=\"twitter:label1\" content=\"\u00c9crit par\" \/>\n\t<meta name=\"twitter:data1\" content=\"redazione\" \/>\n\t<meta name=\"twitter:label2\" content=\"Dur\u00e9e de lecture estim\u00e9e\" \/>\n\t<meta name=\"twitter:data2\" content=\"3 minutes\" \/>\n<script type=\"application\/ld+json\" class=\"yoast-schema-graph\">{\"@context\":\"https:\\\/\\\/schema.org\",\"@graph\":[{\"@type\":\"Article\",\"@id\":\"https:\\\/\\\/www.bellunopress.it\\\/2023\\\/01\\\/21\\\/139190\\\/#article\",\"isPartOf\":{\"@id\":\"https:\\\/\\\/www.bellunopress.it\\\/2023\\\/01\\\/21\\\/139190\\\/\"},\"author\":{\"name\":\"redazione\",\"@id\":\"https:\\\/\\\/www.bellunopress.it\\\/#\\\/schema\\\/person\\\/79bb06722b37ece1c03d3e94beb30d73\"},\"headline\":\"Effetti avversi. La manifestazione e l&#8217;appuntamento di domani con &#8220;Invisibili&#8221; in Sala Bianchi\",\"datePublished\":\"2023-01-21T19:03:06+00:00\",\"dateModified\":\"2023-01-22T06:56:20+00:00\",\"mainEntityOfPage\":{\"@id\":\"https:\\\/\\\/www.bellunopress.it\\\/2023\\\/01\\\/21\\\/139190\\\/\"},\"wordCount\":447,\"publisher\":{\"@id\":\"https:\\\/\\\/www.bellunopress.it\\\/#organization\"},\"image\":{\"@id\":\"https:\\\/\\\/www.bellunopress.it\\\/2023\\\/01\\\/21\\\/139190\\\/#primaryimage\"},\"thumbnailUrl\":\"https:\\\/\\\/www.bellunopress.it\\\/wp-content\\\/uploads\\\/2023\\\/01\\\/effetti-avversi-manifestazione_edited.jpg\",\"articleSection\":[\"Cronaca\\\/Politica\",\"Prima Pagina\",\"Sanit\u00e0 Medicina\"],\"inLanguage\":\"fr-FR\"},{\"@type\":\"WebPage\",\"@id\":\"https:\\\/\\\/www.bellunopress.it\\\/2023\\\/01\\\/21\\\/139190\\\/\",\"url\":\"https:\\\/\\\/www.bellunopress.it\\\/2023\\\/01\\\/21\\\/139190\\\/\",\"name\":\"Effetti avversi. La manifestazione e l'appuntamento di domani con \\\"Invisibili\\\" in Sala Bianchi - Bellunopress - Dolomiti\",\"isPartOf\":{\"@id\":\"https:\\\/\\\/www.bellunopress.it\\\/#website\"},\"primaryImageOfPage\":{\"@id\":\"https:\\\/\\\/www.bellunopress.it\\\/2023\\\/01\\\/21\\\/139190\\\/#primaryimage\"},\"image\":{\"@id\":\"https:\\\/\\\/www.bellunopress.it\\\/2023\\\/01\\\/21\\\/139190\\\/#primaryimage\"},\"thumbnailUrl\":\"https:\\\/\\\/www.bellunopress.it\\\/wp-content\\\/uploads\\\/2023\\\/01\\\/effetti-avversi-manifestazione_edited.jpg\",\"datePublished\":\"2023-01-21T19:03:06+00:00\",\"dateModified\":\"2023-01-22T06:56:20+00:00\",\"breadcrumb\":{\"@id\":\"https:\\\/\\\/www.bellunopress.it\\\/2023\\\/01\\\/21\\\/139190\\\/#breadcrumb\"},\"inLanguage\":\"fr-FR\",\"potentialAction\":[{\"@type\":\"ReadAction\",\"target\":[\"https:\\\/\\\/www.bellunopress.it\\\/2023\\\/01\\\/21\\\/139190\\\/\"]}]},{\"@type\":\"ImageObject\",\"inLanguage\":\"fr-FR\",\"@id\":\"https:\\\/\\\/www.bellunopress.it\\\/2023\\\/01\\\/21\\\/139190\\\/#primaryimage\",\"url\":\"https:\\\/\\\/www.bellunopress.it\\\/wp-content\\\/uploads\\\/2023\\\/01\\\/effetti-avversi-manifestazione_edited.jpg\",\"contentUrl\":\"https:\\\/\\\/www.bellunopress.it\\\/wp-content\\\/uploads\\\/2023\\\/01\\\/effetti-avversi-manifestazione_edited.jpg\",\"width\":1000,\"height\":626,\"caption\":\"vittime morte improvvisa\"},{\"@type\":\"BreadcrumbList\",\"@id\":\"https:\\\/\\\/www.bellunopress.it\\\/2023\\\/01\\\/21\\\/139190\\\/#breadcrumb\",\"itemListElement\":[{\"@type\":\"ListItem\",\"position\":1,\"name\":\"Home\",\"item\":\"https:\\\/\\\/www.bellunopress.it\\\/\"},{\"@type\":\"ListItem\",\"position\":2,\"name\":\"Effetti avversi. La manifestazione e l&#8217;appuntamento di domani con &#8220;Invisibili&#8221; in Sala Bianchi\"}]},{\"@type\":\"WebSite\",\"@id\":\"https:\\\/\\\/www.bellunopress.it\\\/#website\",\"url\":\"https:\\\/\\\/www.bellunopress.it\\\/\",\"name\":\"Bellunopress - Dolomiti\",\"description\":\"e-mail: redazione@bellunopress.it\",\"publisher\":{\"@id\":\"https:\\\/\\\/www.bellunopress.it\\\/#organization\"},\"potentialAction\":[{\"@type\":\"SearchAction\",\"target\":{\"@type\":\"EntryPoint\",\"urlTemplate\":\"https:\\\/\\\/www.bellunopress.it\\\/?s={search_term_string}\"},\"query-input\":{\"@type\":\"PropertyValueSpecification\",\"valueRequired\":true,\"valueName\":\"search_term_string\"}}],\"inLanguage\":\"fr-FR\"},{\"@type\":\"Organization\",\"@id\":\"https:\\\/\\\/www.bellunopress.it\\\/#organization\",\"name\":\"Bellunopress\",\"url\":\"https:\\\/\\\/www.bellunopress.it\\\/\",\"logo\":{\"@type\":\"ImageObject\",\"inLanguage\":\"fr-FR\",\"@id\":\"https:\\\/\\\/www.bellunopress.it\\\/#\\\/schema\\\/logo\\\/image\\\/\",\"url\":\"https:\\\/\\\/www.bellunopress.it\\\/wp-content\\\/uploads\\\/2011\\\/05\\\/cropped-logo-bellunopress-.jpg\",\"contentUrl\":\"https:\\\/\\\/www.bellunopress.it\\\/wp-content\\\/uploads\\\/2011\\\/05\\\/cropped-logo-bellunopress-.jpg\",\"width\":512,\"height\":512,\"caption\":\"Bellunopress\"},\"image\":{\"@id\":\"https:\\\/\\\/www.bellunopress.it\\\/#\\\/schema\\\/logo\\\/image\\\/\"},\"sameAs\":[\"https:\\\/\\\/www.facebook.com\\\/profile.php?id=100008943462799\",\"https:\\\/\\\/x.com\\\/bellunopress\",\"https:\\\/\\\/www.linkedin.com\\\/hp\\\/?dnr=JBzUWaJfMUw8vbXJJ2tVW5-I3jZKvC4wsoxE&amp;amp;amp;amp;amp;amp;trk=nav_responsive_tab_home\",\"https:\\\/\\\/www.youtube.com\\\/channel\\\/UCxL0wu1uN0_3_7hGG0306cw\"]},{\"@type\":\"Person\",\"@id\":\"https:\\\/\\\/www.bellunopress.it\\\/#\\\/schema\\\/person\\\/79bb06722b37ece1c03d3e94beb30d73\",\"name\":\"redazione\",\"image\":{\"@type\":\"ImageObject\",\"inLanguage\":\"fr-FR\",\"@id\":\"https:\\\/\\\/secure.gravatar.com\\\/avatar\\\/37d968a2e67a6fd04c169c4bdef102d0bc5d31b2546345219e348575eb80e9a0?s=96&d=mm&r=g\",\"url\":\"https:\\\/\\\/secure.gravatar.com\\\/avatar\\\/37d968a2e67a6fd04c169c4bdef102d0bc5d31b2546345219e348575eb80e9a0?s=96&d=mm&r=g\",\"contentUrl\":\"https:\\\/\\\/secure.gravatar.com\\\/avatar\\\/37d968a2e67a6fd04c169c4bdef102d0bc5d31b2546345219e348575eb80e9a0?s=96&d=mm&r=g\",\"caption\":\"redazione\"},\"sameAs\":[\"http:\\\/\\\/www.bellunopress.it\",\"https:\\\/\\\/x.com\\\/bellunopress\"],\"url\":\"https:\\\/\\\/www.bellunopress.it\\\/fr\\\/author\\\/redazione\\\/\"}]}<\/script>\n<!-- \/ Yoast SEO plugin. -->","yoast_head_json":{"title":"Effetti avversi. La manifestazione e l'appuntamento di domani con \"Invisibili\" in Sala Bianchi - Bellunopress - Dolomiti","robots":{"index":"index","follow":"follow","max-snippet":"max-snippet:-1","max-image-preview":"max-image-preview:large","max-video-preview":"max-video-preview:-1"},"canonical":"https:\/\/www.bellunopress.it\/fr\/2023\/01\/21\/139190\/","og_locale":"fr_FR","og_type":"article","og_title":"Effetti avversi. La manifestazione e l'appuntamento di domani con \"Invisibili\" in Sala Bianchi - Bellunopress - Dolomiti","og_description":"Belluno, 21 gennaio 2022 &#8211; \u201cSedotti e abbandonati. L\u2019esplosione delle reazioni avverse \u00e8 inarrestabile. La tua vita \u00e8 a rischio, rifletti\u201d. Con questi slogan si \u00e8 svolta oggi pomeriggio in piazza dei Martiri a Belluno la manifestazione e il corteo per porre all\u2019attenzione del pubblico i casi verificatisi di reazioni avverse da vaccino anticovid. Una [&hellip;]","og_url":"https:\/\/www.bellunopress.it\/fr\/2023\/01\/21\/139190\/","og_site_name":"Bellunopress - Dolomiti","article_publisher":"https:\/\/www.facebook.com\/profile.php?id=100008943462799","article_published_time":"2023-01-21T19:03:06+00:00","article_modified_time":"2023-01-22T06:56:20+00:00","og_image":[{"width":1000,"height":626,"url":"https:\/\/www.bellunopress.it\/wp-content\/uploads\/2023\/01\/effetti-avversi-manifestazione_edited.jpg","type":"image\/jpeg"}],"author":"redazione","twitter_card":"summary_large_image","twitter_creator":"@bellunopress","twitter_site":"@bellunopress","twitter_misc":{"\u00c9crit par":"redazione","Dur\u00e9e de lecture estim\u00e9e":"3 minutes"},"schema":{"@context":"https:\/\/schema.org","@graph":[{"@type":"Article","@id":"https:\/\/www.bellunopress.it\/2023\/01\/21\/139190\/#article","isPartOf":{"@id":"https:\/\/www.bellunopress.it\/2023\/01\/21\/139190\/"},"author":{"name":"redazione","@id":"https:\/\/www.bellunopress.it\/#\/schema\/person\/79bb06722b37ece1c03d3e94beb30d73"},"headline":"Effetti avversi. La manifestazione e l&#8217;appuntamento di domani con &#8220;Invisibili&#8221; in Sala Bianchi","datePublished":"2023-01-21T19:03:06+00:00","dateModified":"2023-01-22T06:56:20+00:00","mainEntityOfPage":{"@id":"https:\/\/www.bellunopress.it\/2023\/01\/21\/139190\/"},"wordCount":447,"publisher":{"@id":"https:\/\/www.bellunopress.it\/#organization"},"image":{"@id":"https:\/\/www.bellunopress.it\/2023\/01\/21\/139190\/#primaryimage"},"thumbnailUrl":"https:\/\/www.bellunopress.it\/wp-content\/uploads\/2023\/01\/effetti-avversi-manifestazione_edited.jpg","articleSection":["Cronaca\/Politica","Prima Pagina","Sanit\u00e0 Medicina"],"inLanguage":"fr-FR"},{"@type":"WebPage","@id":"https:\/\/www.bellunopress.it\/2023\/01\/21\/139190\/","url":"https:\/\/www.bellunopress.it\/2023\/01\/21\/139190\/","name":"Effetti avversi. La manifestazione e l'appuntamento di domani con \"Invisibili\" in Sala Bianchi - Bellunopress - Dolomiti","isPartOf":{"@id":"https:\/\/www.bellunopress.it\/#website"},"primaryImageOfPage":{"@id":"https:\/\/www.bellunopress.it\/2023\/01\/21\/139190\/#primaryimage"},"image":{"@id":"https:\/\/www.bellunopress.it\/2023\/01\/21\/139190\/#primaryimage"},"thumbnailUrl":"https:\/\/www.bellunopress.it\/wp-content\/uploads\/2023\/01\/effetti-avversi-manifestazione_edited.jpg","datePublished":"2023-01-21T19:03:06+00:00","dateModified":"2023-01-22T06:56:20+00:00","breadcrumb":{"@id":"https:\/\/www.bellunopress.it\/2023\/01\/21\/139190\/#breadcrumb"},"inLanguage":"fr-FR","potentialAction":[{"@type":"ReadAction","target":["https:\/\/www.bellunopress.it\/2023\/01\/21\/139190\/"]}]},{"@type":"ImageObject","inLanguage":"fr-FR","@id":"https:\/\/www.bellunopress.it\/2023\/01\/21\/139190\/#primaryimage","url":"https:\/\/www.bellunopress.it\/wp-content\/uploads\/2023\/01\/effetti-avversi-manifestazione_edited.jpg","contentUrl":"https:\/\/www.bellunopress.it\/wp-content\/uploads\/2023\/01\/effetti-avversi-manifestazione_edited.jpg","width":1000,"height":626,"caption":"vittime morte improvvisa"},{"@type":"BreadcrumbList","@id":"https:\/\/www.bellunopress.it\/2023\/01\/21\/139190\/#breadcrumb","itemListElement":[{"@type":"ListItem","position":1,"name":"Home","item":"https:\/\/www.bellunopress.it\/"},{"@type":"ListItem","position":2,"name":"Effetti avversi. La manifestazione e l&#8217;appuntamento di domani con &#8220;Invisibili&#8221; in Sala Bianchi"}]},{"@type":"WebSite","@id":"https:\/\/www.bellunopress.it\/#website","url":"https:\/\/www.bellunopress.it\/","name":"Bellunopress - Dolomiti","description":"e-mail: redazione@bellunopress.it","publisher":{"@id":"https:\/\/www.bellunopress.it\/#organization"},"potentialAction":[{"@type":"SearchAction","target":{"@type":"EntryPoint","urlTemplate":"https:\/\/www.bellunopress.it\/?s={search_term_string}"},"query-input":{"@type":"PropertyValueSpecification","valueRequired":true,"valueName":"search_term_string"}}],"inLanguage":"fr-FR"},{"@type":"Organization","@id":"https:\/\/www.bellunopress.it\/#organization","name":"Bellunopress","url":"https:\/\/www.bellunopress.it\/","logo":{"@type":"ImageObject","inLanguage":"fr-FR","@id":"https:\/\/www.bellunopress.it\/#\/schema\/logo\/image\/","url":"https:\/\/www.bellunopress.it\/wp-content\/uploads\/2011\/05\/cropped-logo-bellunopress-.jpg","contentUrl":"https:\/\/www.bellunopress.it\/wp-content\/uploads\/2011\/05\/cropped-logo-bellunopress-.jpg","width":512,"height":512,"caption":"Bellunopress"},"image":{"@id":"https:\/\/www.bellunopress.it\/#\/schema\/logo\/image\/"},"sameAs":["https:\/\/www.facebook.com\/profile.php?id=100008943462799","https:\/\/x.com\/bellunopress","https:\/\/www.linkedin.com\/hp\/?dnr=JBzUWaJfMUw8vbXJJ2tVW5-I3jZKvC4wsoxE&amp;amp;amp;amp;amp;amp;trk=nav_responsive_tab_home","https:\/\/www.youtube.com\/channel\/UCxL0wu1uN0_3_7hGG0306cw"]},{"@type":"Person","@id":"https:\/\/www.bellunopress.it\/#\/schema\/person\/79bb06722b37ece1c03d3e94beb30d73","name":"r\u00e9daction","image":{"@type":"ImageObject","inLanguage":"fr-FR","@id":"https:\/\/secure.gravatar.com\/avatar\/37d968a2e67a6fd04c169c4bdef102d0bc5d31b2546345219e348575eb80e9a0?s=96&d=mm&r=g","url":"https:\/\/secure.gravatar.com\/avatar\/37d968a2e67a6fd04c169c4bdef102d0bc5d31b2546345219e348575eb80e9a0?s=96&d=mm&r=g","contentUrl":"https:\/\/secure.gravatar.com\/avatar\/37d968a2e67a6fd04c169c4bdef102d0bc5d31b2546345219e348575eb80e9a0?s=96&d=mm&r=g","caption":"redazione"},"sameAs":["http:\/\/www.bellunopress.it","https:\/\/x.com\/bellunopress"],"url":"https:\/\/www.bellunopress.it\/fr\/author\/redazione\/"}]}},"_links":{"self":[{"href":"https:\/\/www.bellunopress.it\/fr\/wp-json\/wp\/v2\/posts\/139190","targetHints":{"allow":["GET"]}}],"collection":[{"href":"https:\/\/www.bellunopress.it\/fr\/wp-json\/wp\/v2\/posts"}],"about":[{"href":"https:\/\/www.bellunopress.it\/fr\/wp-json\/wp\/v2\/types\/post"}],"author":[{"embeddable":true,"href":"https:\/\/www.bellunopress.it\/fr\/wp-json\/wp\/v2\/users\/2"}],"replies":[{"embeddable":true,"href":"https:\/\/www.bellunopress.it\/fr\/wp-json\/wp\/v2\/comments?post=139190"}],"version-history":[{"count":3,"href":"https:\/\/www.bellunopress.it\/fr\/wp-json\/wp\/v2\/posts\/139190\/revisions"}],"predecessor-version":[{"id":139194,"href":"https:\/\/www.bellunopress.it\/fr\/wp-json\/wp\/v2\/posts\/139190\/revisions\/139194"}],"wp:featuredmedia":[{"embeddable":true,"href":"https:\/\/www.bellunopress.it\/fr\/wp-json\/wp\/v2\/media\/139191"}],"wp:attachment":[{"href":"https:\/\/www.bellunopress.it\/fr\/wp-json\/wp\/v2\/media?parent=139190"}],"wp:term":[{"taxonomy":"category","embeddable":true,"href":"https:\/\/www.bellunopress.it\/fr\/wp-json\/wp\/v2\/categories?post=139190"},{"taxonomy":"post_tag","embeddable":true,"href":"https:\/\/www.bellunopress.it\/fr\/wp-json\/wp\/v2\/tags?post=139190"}],"curies":[{"name":"wp","href":"https:\/\/api.w.org\/{rel}","templated":true}]}}