{"id":139145,"date":"2023-01-22T09:45:14","date_gmt":"2023-01-22T08:45:14","guid":{"rendered":"https:\/\/www.bellunopress.it\/?p=139145"},"modified":"2023-01-19T07:51:59","modified_gmt":"2023-01-19T06:51:59","slug":"ogni-cosa-e-illuminata-giovedi-26-gennaio-alle-2045-nella-sala-emigranti-di-canale-dagordo-lo-spettacolo-teatrale","status":"publish","type":"post","link":"https:\/\/www.bellunopress.it\/fr\/2023\/01\/22\/ogni-cosa-e-illuminata-giovedi-26-gennaio-alle-2045-nella-sala-emigranti-di-canale-dagordo-lo-spettacolo-teatrale\/","title":{"rendered":"Ogni cosa \u00e8 illuminata. Gioved\u00ec 26 gennaio alle 20:45 nella Sala Emigranti di Canale d&#8217;Agordo lo spettacolo teatrale"},"content":{"rendered":"<p><img loading=\"lazy\" decoding=\"async\" class=\"alignleft size-full wp-image-139146\" src=\"https:\/\/www.bellunopress.it\/wp-content\/uploads\/2023\/01\/ogni-cosa-e-illuminata_edited.jpg\" alt=\"\" width=\"707\" height=\"1000\" srcset=\"https:\/\/www.bellunopress.it\/wp-content\/uploads\/2023\/01\/ogni-cosa-e-illuminata_edited.jpg 707w, https:\/\/www.bellunopress.it\/wp-content\/uploads\/2023\/01\/ogni-cosa-e-illuminata_edited-354x500.jpg 354w, https:\/\/www.bellunopress.it\/wp-content\/uploads\/2023\/01\/ogni-cosa-e-illuminata_edited-696x984.jpg 696w, https:\/\/www.bellunopress.it\/wp-content\/uploads\/2023\/01\/ogni-cosa-e-illuminata_edited-297x420.jpg 297w\" sizes=\"auto, (max-width: 707px) 100vw, 707px\" \/>Organizzato dal Comune di Canale d&#8217;Agordo in collaborazione con Luisa Trevisi \u2013 Idee che danno spettacolo in occasione della Giornata della Memoria 2023, reading &#8220;Ogni cosa \u00e8 illuminata&#8221; di Mat\u00e0z Teatro con Marco Artusi e Giovanni Frison.<\/p>\n<p>Il racconto \u00e8 tratto dall&#8217;omonimo libro di Jonathan Safran Foer, autore di Molto forte, incredibilmente vicino.<\/p>\n<p>Il libro Ogni cosa \u00e8 illuminata ha vinto il premio National Jewish Book Award e un Guardian First Book Award. Nel 2005 \u00e8 stato tratto anche l&#8217;omonimo film.<\/p>\n<p>La riduzione ad opera dell&#8217;attore, regista e drammaturgo Marco Artusi \u00e8 attenta a collegare tutti i fili narrativi &#8211; e di memoria &#8211; permettendo alla storia di svolgersi nei suoi aspetti esilaranti e a tratti strazianti.<\/p>\n<p>Le musiche del compositore, musicista e sound designer Giovanni Frison, eseguite dal vivo, tra sonorit\u00e0 acustiche popolari e sperimentali, portano gli ascoltatori in un viaggio sonoro immersivo ed evocativo.<\/p>\n<p><strong>STORIA<\/strong><\/p>\n<p>Dove c&#8217;era Trachimbrod ora ci sono girasoli. I campi infiniti di girasoli dell&#8217;Ucraina. Nulla sembra segnalare la lontana presenza di un paese. Non la geografia fisica e nemmeno quella umana, perch\u00e9 semplicemente Trachimbrod \u00e8 stato distrutto.<\/p>\n<p>Prima dai nazisti, nello svolgersi della soluzione finale, e infine &#8211; dopo la guerra &#8211; da un incendio, quasi a porre fine a poco meno di due secoli di antisemitismo.<\/p>\n<p>Ma se nulla segnala la presenza degli edifici, non significa che non ci siano segni di memoria di come era fatto e soprattutto di chi lo abitava.<\/p>\n<p>Con una vecchia fotografia in mano, Jonathan, giovane studente ebreo americano, intraprende un viaggio in Ucraina alla ricerca di una donna che (forse) ha salvato suo nonno dai nazisti.<\/p>\n<p>Ad accompagnarlo sono il coetaneo Alex, della locale agenzia &#8220;Viaggi Tradizione&#8221;, suo nonno &#8211; affetto da una cecit\u00e0 psicosomatica ma sempre al volante della loro auto &#8211; e un cane-guida puzzolente, Sammy Davis Junior Junior.<\/p>\n<p>Il racconto del loro itinerario &#8211; un viaggio aggrappato ai fili della memoria, fili impregnati di vita vera, storie d&#8217;amore, vicende tragiche e farsesche &#8211; giunger\u00e0 infine al campo di girasoli dov&#8217;era Trachimbrod e a una casa abitata da una donna che conserva, archiviati in scatole, i ricordi di chi abitava quel paese.<\/p>\n<p>Si chiuder\u00e0 allora il cerchio per Jonathan e anche per il nonno di Alex, mentre per Alex, che all&#8217;inizio \u00e8 tutto concentrato in un effimero qui e ora per cui \u00abil passato \u00e8 passato [e] come tutto quello che non \u00e8 di ora dovrebbe rimanere sepolto lungo il fianco dei nostri ricordi\u00bb, emerge una vita mediata dalla consapevolezza delle proprie radici. Una vita nella quale il passato non &#8220;nientifica&#8221; il presente ma gli infonde nuova linfa e nuova sostanza.<\/p>\n<p>Un&#8217;idea del tempo per la quale \u00abogni cosa \u00e8 illuminata dalla luce del passato. \u00c8 sempre lungo il nostro fianco. Dall&#8217;interno guarda l&#8217;esterno\u00bb.<\/p>\n<p>&nbsp;<\/p>\n<p><strong>CURRICULUM ARTISTI:<\/strong><\/p>\n<p>MARCO ARTUSI<\/p>\n<p>Inizia il proprio percorso artistico con la danza, lavorando in seguito con diverse compagnie, tra le quali: compagnia Comini, compagnia ErAcquario, Tanzprojekt di M\u00fcnchen.<\/p>\n<p>Si diploma nel 1992 alla scuola del Teatro stabile di Genova.<\/p>\n<p>Da allora entra in pianta stabile nella compagnia La Piccionaia \u2013 i Carrara, lavorando con registi quali Armando Carrara, Marcello Bar- toli, Enrico Bonavera, Mirko Artuso, Tonino Conte, Antonella Cirigliano, Flavio Albanese, Maril Van den Broek.<\/p>\n<p>Sua la regia de &#8220;La seconda sorella&#8221; su testo di F. Bertozzi che vince il premio Palcoscenico 2004 di Bassano Operaestate 2004.<\/p>\n<p>Dal 2002 al 2005 collabora, in qualit\u00e0 di regista e direttore artistico, con il gruppo sloveno di teatrodanza Skysma col quale nel 2005 vince il premio \u017dupancic con lo spettacolo &#8220;Pogon&#8221; di cui cura la regia.<\/p>\n<p>Lo spettacolo &#8220;Corpo in affitto&#8221; \u00e8 finalista del &#8220;Premio Off del Teatro Stabile del Veneto&#8221;, sua la regia.<\/p>\n<p>Nel 2017 debutta con &#8220;Cappuccetto rosso, il lupo e altre assurdit\u00e0&#8221;, vincitore del Premio In-Box Verde, primo classificato a Briciole di Fiabe Arezzo 2017, finalista del Premio Otello Sarzi di Montegranaro nel 2019 e secondo classificato al Festival di Teatro Ragazzi di Padova.<\/p>\n<p>Nel 2014 fonda Mat\u00e0z Teatro di cui \u00e8 direttore artistico..<\/p>\n<p>GIOVANNI FRISON<\/p>\n<p>Compositore, sound designer e musicista.<\/p>\n<p>Si diploma in Conservatorio in Musica Elettronica col massimo dei voti e in Composizione, studiando a Vicenza, L&#8217;Aia (Olanda) e Milano.<\/p>\n<p>Si specializza nella composizione di musica per l&#8217;immagine e cura musiche e sonoro di decine di progetti audiovisivi (album di canzoni, musiche per il teatro, per ensemble, radiodrammi, live electronics, film, serie e spot).<\/p>\n<p>Lavora per Fornace Srl componendo musiche originali e come foley artist e sound designer di spot pubblicitari di Aia, Pam, Nims.<\/p>\n<p>A teatro collabora come compositore e sound designer con il Teatro Stabile del Veneto, il Teatro Metastasio di Prato, il Centro Teatrale Bresciano e con compagnie teatrali come Stivalaccio e Servomuto. Come arrangiatore con Giorgio Gobbo e Andrea Pennacchi.<\/p>\n<p>Ha composto paesaggi sonori e musiche originali, lavorando anche alla post-produzione, di radiodrammi per Rai Radio 3.<\/p>\n<p>Insegna pianoforte dal 2009 e tiene masterclass sulla creativit\u00e0 presso il Conservatorio di L&#8217;Aia e di Rotterdam.<\/p>\n<p>&nbsp;<\/p>\n<p><strong>Organizzazione a cura di Luisa Trevisi \u2013 Idee che danno spettacolo<\/strong><\/p>\n<p>LUISA TREVISI<\/p>\n<p>Sono un Artist Manager e un organizzatore di eventi.<\/p>\n<p>Mi dedico alla diffusione della musica e del teatro attraverso la distribuzione di spettacoli, letture, concerti, e l&#8217;organizzazione di festival e rassegne.<\/p>\n<p>Rappresentando e occupandomi trasversalmente delle carriere degli artisti, sono una figura che gode della loro fiducia e che sa guadagnarsi quella dei potenziali clienti grazie alla qualit\u00e0 che contraddistingue la mia offerta artistica.<\/p>\n<p>Sono convinta che il teatro e la musica debbano invadere lo spazio, non solo quello scenico. Scuole, sale consiliari, case di riposo, biblioteche, piazze, teatri, navi e spiagge tropicali rappresentano solo alcune delle cornici raggiunte dagli oltre 500 eventi organizzati attualmente al mio attivo.<\/p>\n<p>www.luisatrevisi.com<\/p>\n<p>&nbsp;<\/p>\n<p>&nbsp;<\/p>\n","protected":false},"excerpt":{"rendered":"<p>Organizzato dal Comune di Canale d&#8217;Agordo in collaborazione con Luisa Trevisi \u2013 Idee che danno spettacolo in occasione della Giornata della Memoria 2023, reading &#8220;Ogni cosa \u00e8 illuminata&#8221; di Mat\u00e0z Teatro con Marco Artusi e Giovanni Frison. Il racconto \u00e8 tratto dall&#8217;omonimo libro di Jonathan Safran Foer, autore di Molto forte, incredibilmente vicino. Il libro [&hellip;]<\/p>\n","protected":false},"author":2,"featured_media":139146,"comment_status":"closed","ping_status":"open","sticky":false,"template":"","format":"standard","meta":{"footnotes":""},"categories":[27,3,25],"tags":[],"class_list":["post-139145","post","type-post","status-publish","format-standard","has-post-thumbnail","category-appuntamenti","category-arte-cultura-spettacoli-scienza-archivi","category-pausa-caffe"],"yoast_head":"<!-- This site is optimized with the Yoast SEO plugin v28.4 - https:\/\/yoast.com\/product\/yoast-seo-wordpress\/ -->\n<title>Ogni cosa \u00e8 illuminata. Gioved\u00ec 26 gennaio alle 20:45 nella Sala Emigranti di Canale d&#039;Agordo lo spettacolo teatrale - Bellunopress - Dolomiti<\/title>\n<meta name=\"robots\" content=\"index, follow, max-snippet:-1, max-image-preview:large, max-video-preview:-1\" \/>\n<link rel=\"canonical\" href=\"https:\/\/www.bellunopress.it\/fr\/2023\/01\/22\/ogni-cosa-e-illuminata-giovedi-26-gennaio-alle-2045-nella-sala-emigranti-di-canale-dagordo-lo-spettacolo-teatrale\/\" \/>\n<meta property=\"og:locale\" content=\"fr_FR\" \/>\n<meta property=\"og:type\" content=\"article\" \/>\n<meta property=\"og:title\" content=\"Ogni cosa \u00e8 illuminata. Gioved\u00ec 26 gennaio alle 20:45 nella Sala Emigranti di Canale d&#039;Agordo lo spettacolo teatrale - Bellunopress - Dolomiti\" \/>\n<meta property=\"og:description\" content=\"Organizzato dal Comune di Canale d&#8217;Agordo in collaborazione con Luisa Trevisi \u2013 Idee che danno spettacolo in occasione della Giornata della Memoria 2023, reading &#8220;Ogni cosa \u00e8 illuminata&#8221; di Mat\u00e0z Teatro con Marco Artusi e Giovanni Frison. Il racconto \u00e8 tratto dall&#8217;omonimo libro di Jonathan Safran Foer, autore di Molto forte, incredibilmente vicino. Il libro [&hellip;]\" \/>\n<meta property=\"og:url\" content=\"https:\/\/www.bellunopress.it\/fr\/2023\/01\/22\/ogni-cosa-e-illuminata-giovedi-26-gennaio-alle-2045-nella-sala-emigranti-di-canale-dagordo-lo-spettacolo-teatrale\/\" \/>\n<meta property=\"og:site_name\" content=\"Bellunopress - Dolomiti\" \/>\n<meta property=\"article:publisher\" content=\"https:\/\/www.facebook.com\/profile.php?id=100008943462799\" \/>\n<meta property=\"article:published_time\" content=\"2023-01-22T08:45:14+00:00\" \/>\n<meta property=\"og:image\" content=\"https:\/\/www.bellunopress.it\/wp-content\/uploads\/2023\/01\/ogni-cosa-e-illuminata_edited.jpg\" \/>\n\t<meta property=\"og:image:width\" content=\"707\" \/>\n\t<meta property=\"og:image:height\" content=\"1000\" \/>\n\t<meta property=\"og:image:type\" content=\"image\/jpeg\" \/>\n<meta name=\"author\" content=\"redazione\" \/>\n<meta name=\"twitter:card\" content=\"summary_large_image\" \/>\n<meta name=\"twitter:creator\" content=\"@bellunopress\" \/>\n<meta name=\"twitter:site\" content=\"@bellunopress\" \/>\n<meta name=\"twitter:label1\" content=\"\u00c9crit par\" \/>\n\t<meta name=\"twitter:data1\" content=\"redazione\" \/>\n\t<meta name=\"twitter:label2\" content=\"Dur\u00e9e de lecture estim\u00e9e\" \/>\n\t<meta name=\"twitter:data2\" content=\"6 minutes\" \/>\n<script type=\"application\/ld+json\" class=\"yoast-schema-graph\">{\"@context\":\"https:\\\/\\\/schema.org\",\"@graph\":[{\"@type\":\"Article\",\"@id\":\"https:\\\/\\\/www.bellunopress.it\\\/2023\\\/01\\\/22\\\/ogni-cosa-e-illuminata-giovedi-26-gennaio-alle-2045-nella-sala-emigranti-di-canale-dagordo-lo-spettacolo-teatrale\\\/#article\",\"isPartOf\":{\"@id\":\"https:\\\/\\\/www.bellunopress.it\\\/2023\\\/01\\\/22\\\/ogni-cosa-e-illuminata-giovedi-26-gennaio-alle-2045-nella-sala-emigranti-di-canale-dagordo-lo-spettacolo-teatrale\\\/\"},\"author\":{\"name\":\"redazione\",\"@id\":\"https:\\\/\\\/www.bellunopress.it\\\/#\\\/schema\\\/person\\\/79bb06722b37ece1c03d3e94beb30d73\"},\"headline\":\"Ogni cosa \u00e8 illuminata. Gioved\u00ec 26 gennaio alle 20:45 nella Sala Emigranti di Canale d&#8217;Agordo lo spettacolo teatrale\",\"datePublished\":\"2023-01-22T08:45:14+00:00\",\"mainEntityOfPage\":{\"@id\":\"https:\\\/\\\/www.bellunopress.it\\\/2023\\\/01\\\/22\\\/ogni-cosa-e-illuminata-giovedi-26-gennaio-alle-2045-nella-sala-emigranti-di-canale-dagordo-lo-spettacolo-teatrale\\\/\"},\"wordCount\":951,\"publisher\":{\"@id\":\"https:\\\/\\\/www.bellunopress.it\\\/#organization\"},\"image\":{\"@id\":\"https:\\\/\\\/www.bellunopress.it\\\/2023\\\/01\\\/22\\\/ogni-cosa-e-illuminata-giovedi-26-gennaio-alle-2045-nella-sala-emigranti-di-canale-dagordo-lo-spettacolo-teatrale\\\/#primaryimage\"},\"thumbnailUrl\":\"https:\\\/\\\/www.bellunopress.it\\\/wp-content\\\/uploads\\\/2023\\\/01\\\/ogni-cosa-e-illuminata_edited.jpg\",\"articleSection\":[\"Appuntamenti, Eventi\",\"Arte, Cultura, Spettacoli, Scienza\",\"Pausa Caff\u00e8\"],\"inLanguage\":\"fr-FR\"},{\"@type\":\"WebPage\",\"@id\":\"https:\\\/\\\/www.bellunopress.it\\\/2023\\\/01\\\/22\\\/ogni-cosa-e-illuminata-giovedi-26-gennaio-alle-2045-nella-sala-emigranti-di-canale-dagordo-lo-spettacolo-teatrale\\\/\",\"url\":\"https:\\\/\\\/www.bellunopress.it\\\/2023\\\/01\\\/22\\\/ogni-cosa-e-illuminata-giovedi-26-gennaio-alle-2045-nella-sala-emigranti-di-canale-dagordo-lo-spettacolo-teatrale\\\/\",\"name\":\"Ogni cosa \u00e8 illuminata. Gioved\u00ec 26 gennaio alle 20:45 nella Sala Emigranti di Canale d'Agordo lo spettacolo teatrale - Bellunopress - Dolomiti\",\"isPartOf\":{\"@id\":\"https:\\\/\\\/www.bellunopress.it\\\/#website\"},\"primaryImageOfPage\":{\"@id\":\"https:\\\/\\\/www.bellunopress.it\\\/2023\\\/01\\\/22\\\/ogni-cosa-e-illuminata-giovedi-26-gennaio-alle-2045-nella-sala-emigranti-di-canale-dagordo-lo-spettacolo-teatrale\\\/#primaryimage\"},\"image\":{\"@id\":\"https:\\\/\\\/www.bellunopress.it\\\/2023\\\/01\\\/22\\\/ogni-cosa-e-illuminata-giovedi-26-gennaio-alle-2045-nella-sala-emigranti-di-canale-dagordo-lo-spettacolo-teatrale\\\/#primaryimage\"},\"thumbnailUrl\":\"https:\\\/\\\/www.bellunopress.it\\\/wp-content\\\/uploads\\\/2023\\\/01\\\/ogni-cosa-e-illuminata_edited.jpg\",\"datePublished\":\"2023-01-22T08:45:14+00:00\",\"breadcrumb\":{\"@id\":\"https:\\\/\\\/www.bellunopress.it\\\/2023\\\/01\\\/22\\\/ogni-cosa-e-illuminata-giovedi-26-gennaio-alle-2045-nella-sala-emigranti-di-canale-dagordo-lo-spettacolo-teatrale\\\/#breadcrumb\"},\"inLanguage\":\"fr-FR\",\"potentialAction\":[{\"@type\":\"ReadAction\",\"target\":[\"https:\\\/\\\/www.bellunopress.it\\\/2023\\\/01\\\/22\\\/ogni-cosa-e-illuminata-giovedi-26-gennaio-alle-2045-nella-sala-emigranti-di-canale-dagordo-lo-spettacolo-teatrale\\\/\"]}]},{\"@type\":\"ImageObject\",\"inLanguage\":\"fr-FR\",\"@id\":\"https:\\\/\\\/www.bellunopress.it\\\/2023\\\/01\\\/22\\\/ogni-cosa-e-illuminata-giovedi-26-gennaio-alle-2045-nella-sala-emigranti-di-canale-dagordo-lo-spettacolo-teatrale\\\/#primaryimage\",\"url\":\"https:\\\/\\\/www.bellunopress.it\\\/wp-content\\\/uploads\\\/2023\\\/01\\\/ogni-cosa-e-illuminata_edited.jpg\",\"contentUrl\":\"https:\\\/\\\/www.bellunopress.it\\\/wp-content\\\/uploads\\\/2023\\\/01\\\/ogni-cosa-e-illuminata_edited.jpg\",\"width\":707,\"height\":1000},{\"@type\":\"BreadcrumbList\",\"@id\":\"https:\\\/\\\/www.bellunopress.it\\\/2023\\\/01\\\/22\\\/ogni-cosa-e-illuminata-giovedi-26-gennaio-alle-2045-nella-sala-emigranti-di-canale-dagordo-lo-spettacolo-teatrale\\\/#breadcrumb\",\"itemListElement\":[{\"@type\":\"ListItem\",\"position\":1,\"name\":\"Home\",\"item\":\"https:\\\/\\\/www.bellunopress.it\\\/\"},{\"@type\":\"ListItem\",\"position\":2,\"name\":\"Ogni cosa \u00e8 illuminata. Gioved\u00ec 26 gennaio alle 20:45 nella Sala Emigranti di Canale d&#8217;Agordo lo spettacolo teatrale\"}]},{\"@type\":\"WebSite\",\"@id\":\"https:\\\/\\\/www.bellunopress.it\\\/#website\",\"url\":\"https:\\\/\\\/www.bellunopress.it\\\/\",\"name\":\"Bellunopress - Dolomiti\",\"description\":\"e-mail: redazione@bellunopress.it\",\"publisher\":{\"@id\":\"https:\\\/\\\/www.bellunopress.it\\\/#organization\"},\"potentialAction\":[{\"@type\":\"SearchAction\",\"target\":{\"@type\":\"EntryPoint\",\"urlTemplate\":\"https:\\\/\\\/www.bellunopress.it\\\/?s={search_term_string}\"},\"query-input\":{\"@type\":\"PropertyValueSpecification\",\"valueRequired\":true,\"valueName\":\"search_term_string\"}}],\"inLanguage\":\"fr-FR\"},{\"@type\":\"Organization\",\"@id\":\"https:\\\/\\\/www.bellunopress.it\\\/#organization\",\"name\":\"Bellunopress\",\"url\":\"https:\\\/\\\/www.bellunopress.it\\\/\",\"logo\":{\"@type\":\"ImageObject\",\"inLanguage\":\"fr-FR\",\"@id\":\"https:\\\/\\\/www.bellunopress.it\\\/#\\\/schema\\\/logo\\\/image\\\/\",\"url\":\"https:\\\/\\\/www.bellunopress.it\\\/wp-content\\\/uploads\\\/2011\\\/05\\\/cropped-logo-bellunopress-.jpg\",\"contentUrl\":\"https:\\\/\\\/www.bellunopress.it\\\/wp-content\\\/uploads\\\/2011\\\/05\\\/cropped-logo-bellunopress-.jpg\",\"width\":512,\"height\":512,\"caption\":\"Bellunopress\"},\"image\":{\"@id\":\"https:\\\/\\\/www.bellunopress.it\\\/#\\\/schema\\\/logo\\\/image\\\/\"},\"sameAs\":[\"https:\\\/\\\/www.facebook.com\\\/profile.php?id=100008943462799\",\"https:\\\/\\\/x.com\\\/bellunopress\",\"https:\\\/\\\/www.linkedin.com\\\/hp\\\/?dnr=JBzUWaJfMUw8vbXJJ2tVW5-I3jZKvC4wsoxE&amp;amp;amp;amp;amp;amp;trk=nav_responsive_tab_home\",\"https:\\\/\\\/www.youtube.com\\\/channel\\\/UCxL0wu1uN0_3_7hGG0306cw\"]},{\"@type\":\"Person\",\"@id\":\"https:\\\/\\\/www.bellunopress.it\\\/#\\\/schema\\\/person\\\/79bb06722b37ece1c03d3e94beb30d73\",\"name\":\"redazione\",\"image\":{\"@type\":\"ImageObject\",\"inLanguage\":\"fr-FR\",\"@id\":\"https:\\\/\\\/secure.gravatar.com\\\/avatar\\\/37d968a2e67a6fd04c169c4bdef102d0bc5d31b2546345219e348575eb80e9a0?s=96&d=mm&r=g\",\"url\":\"https:\\\/\\\/secure.gravatar.com\\\/avatar\\\/37d968a2e67a6fd04c169c4bdef102d0bc5d31b2546345219e348575eb80e9a0?s=96&d=mm&r=g\",\"contentUrl\":\"https:\\\/\\\/secure.gravatar.com\\\/avatar\\\/37d968a2e67a6fd04c169c4bdef102d0bc5d31b2546345219e348575eb80e9a0?s=96&d=mm&r=g\",\"caption\":\"redazione\"},\"sameAs\":[\"http:\\\/\\\/www.bellunopress.it\",\"https:\\\/\\\/x.com\\\/bellunopress\"],\"url\":\"https:\\\/\\\/www.bellunopress.it\\\/fr\\\/author\\\/redazione\\\/\"}]}<\/script>\n<!-- \/ Yoast SEO plugin. -->","yoast_head_json":{"title":"Ogni cosa \u00e8 illuminata. Gioved\u00ec 26 gennaio alle 20:45 nella Sala Emigranti di Canale d'Agordo lo spettacolo teatrale - Bellunopress - Dolomiti","robots":{"index":"index","follow":"follow","max-snippet":"max-snippet:-1","max-image-preview":"max-image-preview:large","max-video-preview":"max-video-preview:-1"},"canonical":"https:\/\/www.bellunopress.it\/fr\/2023\/01\/22\/ogni-cosa-e-illuminata-giovedi-26-gennaio-alle-2045-nella-sala-emigranti-di-canale-dagordo-lo-spettacolo-teatrale\/","og_locale":"fr_FR","og_type":"article","og_title":"Ogni cosa \u00e8 illuminata. Gioved\u00ec 26 gennaio alle 20:45 nella Sala Emigranti di Canale d'Agordo lo spettacolo teatrale - Bellunopress - Dolomiti","og_description":"Organizzato dal Comune di Canale d&#8217;Agordo in collaborazione con Luisa Trevisi \u2013 Idee che danno spettacolo in occasione della Giornata della Memoria 2023, reading &#8220;Ogni cosa \u00e8 illuminata&#8221; di Mat\u00e0z Teatro con Marco Artusi e Giovanni Frison. Il racconto \u00e8 tratto dall&#8217;omonimo libro di Jonathan Safran Foer, autore di Molto forte, incredibilmente vicino. Il libro [&hellip;]","og_url":"https:\/\/www.bellunopress.it\/fr\/2023\/01\/22\/ogni-cosa-e-illuminata-giovedi-26-gennaio-alle-2045-nella-sala-emigranti-di-canale-dagordo-lo-spettacolo-teatrale\/","og_site_name":"Bellunopress - Dolomiti","article_publisher":"https:\/\/www.facebook.com\/profile.php?id=100008943462799","article_published_time":"2023-01-22T08:45:14+00:00","og_image":[{"width":707,"height":1000,"url":"https:\/\/www.bellunopress.it\/wp-content\/uploads\/2023\/01\/ogni-cosa-e-illuminata_edited.jpg","type":"image\/jpeg"}],"author":"redazione","twitter_card":"summary_large_image","twitter_creator":"@bellunopress","twitter_site":"@bellunopress","twitter_misc":{"\u00c9crit par":"redazione","Dur\u00e9e de lecture estim\u00e9e":"6 minutes"},"schema":{"@context":"https:\/\/schema.org","@graph":[{"@type":"Article","@id":"https:\/\/www.bellunopress.it\/2023\/01\/22\/ogni-cosa-e-illuminata-giovedi-26-gennaio-alle-2045-nella-sala-emigranti-di-canale-dagordo-lo-spettacolo-teatrale\/#article","isPartOf":{"@id":"https:\/\/www.bellunopress.it\/2023\/01\/22\/ogni-cosa-e-illuminata-giovedi-26-gennaio-alle-2045-nella-sala-emigranti-di-canale-dagordo-lo-spettacolo-teatrale\/"},"author":{"name":"redazione","@id":"https:\/\/www.bellunopress.it\/#\/schema\/person\/79bb06722b37ece1c03d3e94beb30d73"},"headline":"Ogni cosa \u00e8 illuminata. Gioved\u00ec 26 gennaio alle 20:45 nella Sala Emigranti di Canale d&#8217;Agordo lo spettacolo teatrale","datePublished":"2023-01-22T08:45:14+00:00","mainEntityOfPage":{"@id":"https:\/\/www.bellunopress.it\/2023\/01\/22\/ogni-cosa-e-illuminata-giovedi-26-gennaio-alle-2045-nella-sala-emigranti-di-canale-dagordo-lo-spettacolo-teatrale\/"},"wordCount":951,"publisher":{"@id":"https:\/\/www.bellunopress.it\/#organization"},"image":{"@id":"https:\/\/www.bellunopress.it\/2023\/01\/22\/ogni-cosa-e-illuminata-giovedi-26-gennaio-alle-2045-nella-sala-emigranti-di-canale-dagordo-lo-spettacolo-teatrale\/#primaryimage"},"thumbnailUrl":"https:\/\/www.bellunopress.it\/wp-content\/uploads\/2023\/01\/ogni-cosa-e-illuminata_edited.jpg","articleSection":["Appuntamenti, Eventi","Arte, Cultura, Spettacoli, Scienza","Pausa Caff\u00e8"],"inLanguage":"fr-FR"},{"@type":"WebPage","@id":"https:\/\/www.bellunopress.it\/2023\/01\/22\/ogni-cosa-e-illuminata-giovedi-26-gennaio-alle-2045-nella-sala-emigranti-di-canale-dagordo-lo-spettacolo-teatrale\/","url":"https:\/\/www.bellunopress.it\/2023\/01\/22\/ogni-cosa-e-illuminata-giovedi-26-gennaio-alle-2045-nella-sala-emigranti-di-canale-dagordo-lo-spettacolo-teatrale\/","name":"Ogni cosa \u00e8 illuminata. Gioved\u00ec 26 gennaio alle 20:45 nella Sala Emigranti di Canale d'Agordo lo spettacolo teatrale - Bellunopress - Dolomiti","isPartOf":{"@id":"https:\/\/www.bellunopress.it\/#website"},"primaryImageOfPage":{"@id":"https:\/\/www.bellunopress.it\/2023\/01\/22\/ogni-cosa-e-illuminata-giovedi-26-gennaio-alle-2045-nella-sala-emigranti-di-canale-dagordo-lo-spettacolo-teatrale\/#primaryimage"},"image":{"@id":"https:\/\/www.bellunopress.it\/2023\/01\/22\/ogni-cosa-e-illuminata-giovedi-26-gennaio-alle-2045-nella-sala-emigranti-di-canale-dagordo-lo-spettacolo-teatrale\/#primaryimage"},"thumbnailUrl":"https:\/\/www.bellunopress.it\/wp-content\/uploads\/2023\/01\/ogni-cosa-e-illuminata_edited.jpg","datePublished":"2023-01-22T08:45:14+00:00","breadcrumb":{"@id":"https:\/\/www.bellunopress.it\/2023\/01\/22\/ogni-cosa-e-illuminata-giovedi-26-gennaio-alle-2045-nella-sala-emigranti-di-canale-dagordo-lo-spettacolo-teatrale\/#breadcrumb"},"inLanguage":"fr-FR","potentialAction":[{"@type":"ReadAction","target":["https:\/\/www.bellunopress.it\/2023\/01\/22\/ogni-cosa-e-illuminata-giovedi-26-gennaio-alle-2045-nella-sala-emigranti-di-canale-dagordo-lo-spettacolo-teatrale\/"]}]},{"@type":"ImageObject","inLanguage":"fr-FR","@id":"https:\/\/www.bellunopress.it\/2023\/01\/22\/ogni-cosa-e-illuminata-giovedi-26-gennaio-alle-2045-nella-sala-emigranti-di-canale-dagordo-lo-spettacolo-teatrale\/#primaryimage","url":"https:\/\/www.bellunopress.it\/wp-content\/uploads\/2023\/01\/ogni-cosa-e-illuminata_edited.jpg","contentUrl":"https:\/\/www.bellunopress.it\/wp-content\/uploads\/2023\/01\/ogni-cosa-e-illuminata_edited.jpg","width":707,"height":1000},{"@type":"BreadcrumbList","@id":"https:\/\/www.bellunopress.it\/2023\/01\/22\/ogni-cosa-e-illuminata-giovedi-26-gennaio-alle-2045-nella-sala-emigranti-di-canale-dagordo-lo-spettacolo-teatrale\/#breadcrumb","itemListElement":[{"@type":"ListItem","position":1,"name":"Home","item":"https:\/\/www.bellunopress.it\/"},{"@type":"ListItem","position":2,"name":"Ogni cosa \u00e8 illuminata. Gioved\u00ec 26 gennaio alle 20:45 nella Sala Emigranti di Canale d&#8217;Agordo lo spettacolo teatrale"}]},{"@type":"WebSite","@id":"https:\/\/www.bellunopress.it\/#website","url":"https:\/\/www.bellunopress.it\/","name":"Bellunopress - Dolomiti","description":"e-mail: redazione@bellunopress.it","publisher":{"@id":"https:\/\/www.bellunopress.it\/#organization"},"potentialAction":[{"@type":"SearchAction","target":{"@type":"EntryPoint","urlTemplate":"https:\/\/www.bellunopress.it\/?s={search_term_string}"},"query-input":{"@type":"PropertyValueSpecification","valueRequired":true,"valueName":"search_term_string"}}],"inLanguage":"fr-FR"},{"@type":"Organization","@id":"https:\/\/www.bellunopress.it\/#organization","name":"Bellunopress","url":"https:\/\/www.bellunopress.it\/","logo":{"@type":"ImageObject","inLanguage":"fr-FR","@id":"https:\/\/www.bellunopress.it\/#\/schema\/logo\/image\/","url":"https:\/\/www.bellunopress.it\/wp-content\/uploads\/2011\/05\/cropped-logo-bellunopress-.jpg","contentUrl":"https:\/\/www.bellunopress.it\/wp-content\/uploads\/2011\/05\/cropped-logo-bellunopress-.jpg","width":512,"height":512,"caption":"Bellunopress"},"image":{"@id":"https:\/\/www.bellunopress.it\/#\/schema\/logo\/image\/"},"sameAs":["https:\/\/www.facebook.com\/profile.php?id=100008943462799","https:\/\/x.com\/bellunopress","https:\/\/www.linkedin.com\/hp\/?dnr=JBzUWaJfMUw8vbXJJ2tVW5-I3jZKvC4wsoxE&amp;amp;amp;amp;amp;amp;trk=nav_responsive_tab_home","https:\/\/www.youtube.com\/channel\/UCxL0wu1uN0_3_7hGG0306cw"]},{"@type":"Person","@id":"https:\/\/www.bellunopress.it\/#\/schema\/person\/79bb06722b37ece1c03d3e94beb30d73","name":"r\u00e9daction","image":{"@type":"ImageObject","inLanguage":"fr-FR","@id":"https:\/\/secure.gravatar.com\/avatar\/37d968a2e67a6fd04c169c4bdef102d0bc5d31b2546345219e348575eb80e9a0?s=96&d=mm&r=g","url":"https:\/\/secure.gravatar.com\/avatar\/37d968a2e67a6fd04c169c4bdef102d0bc5d31b2546345219e348575eb80e9a0?s=96&d=mm&r=g","contentUrl":"https:\/\/secure.gravatar.com\/avatar\/37d968a2e67a6fd04c169c4bdef102d0bc5d31b2546345219e348575eb80e9a0?s=96&d=mm&r=g","caption":"redazione"},"sameAs":["http:\/\/www.bellunopress.it","https:\/\/x.com\/bellunopress"],"url":"https:\/\/www.bellunopress.it\/fr\/author\/redazione\/"}]}},"_links":{"self":[{"href":"https:\/\/www.bellunopress.it\/fr\/wp-json\/wp\/v2\/posts\/139145","targetHints":{"allow":["GET"]}}],"collection":[{"href":"https:\/\/www.bellunopress.it\/fr\/wp-json\/wp\/v2\/posts"}],"about":[{"href":"https:\/\/www.bellunopress.it\/fr\/wp-json\/wp\/v2\/types\/post"}],"author":[{"embeddable":true,"href":"https:\/\/www.bellunopress.it\/fr\/wp-json\/wp\/v2\/users\/2"}],"replies":[{"embeddable":true,"href":"https:\/\/www.bellunopress.it\/fr\/wp-json\/wp\/v2\/comments?post=139145"}],"version-history":[{"count":1,"href":"https:\/\/www.bellunopress.it\/fr\/wp-json\/wp\/v2\/posts\/139145\/revisions"}],"predecessor-version":[{"id":139147,"href":"https:\/\/www.bellunopress.it\/fr\/wp-json\/wp\/v2\/posts\/139145\/revisions\/139147"}],"wp:featuredmedia":[{"embeddable":true,"href":"https:\/\/www.bellunopress.it\/fr\/wp-json\/wp\/v2\/media\/139146"}],"wp:attachment":[{"href":"https:\/\/www.bellunopress.it\/fr\/wp-json\/wp\/v2\/media?parent=139145"}],"wp:term":[{"taxonomy":"category","embeddable":true,"href":"https:\/\/www.bellunopress.it\/fr\/wp-json\/wp\/v2\/categories?post=139145"},{"taxonomy":"post_tag","embeddable":true,"href":"https:\/\/www.bellunopress.it\/fr\/wp-json\/wp\/v2\/tags?post=139145"}],"curies":[{"name":"wp","href":"https:\/\/api.w.org\/{rel}","templated":true}]}}