{"id":138899,"date":"2023-01-08T10:54:01","date_gmt":"2023-01-08T09:54:01","guid":{"rendered":"https:\/\/www.bellunopress.it\/?p=138899"},"modified":"2023-01-08T10:54:01","modified_gmt":"2023-01-08T09:54:01","slug":"amici-del-museo-martedi-al-fulcis-la-conferenza-di-benedetta-fanciulli-sul-pittore-paris-bordon","status":"publish","type":"post","link":"https:\/\/www.bellunopress.it\/fr\/2023\/01\/08\/amici-del-museo-martedi-al-fulcis-la-conferenza-di-benedetta-fanciulli-sul-pittore-paris-bordon\/","title":{"rendered":"Amici del Museo. Marted\u00ec al Fulcis la conferenza di Benedetta Fanciulli sul pittore Paris Bordon"},"content":{"rendered":"<figure id=\"attachment_112879\" aria-describedby=\"caption-attachment-112879\" style=\"width: 800px\" class=\"wp-caption alignleft\"><img loading=\"lazy\" decoding=\"async\" class=\"size-full wp-image-112879\" src=\"https:\/\/www.bellunopress.it\/wp-content\/uploads\/2020\/03\/museo-Fulcis-facciata-esterna.jpg\" alt=\"\" width=\"800\" height=\"772\" srcset=\"https:\/\/www.bellunopress.it\/wp-content\/uploads\/2020\/03\/museo-Fulcis-facciata-esterna.jpg 800w, https:\/\/www.bellunopress.it\/wp-content\/uploads\/2020\/03\/museo-Fulcis-facciata-esterna-500x483.jpg 500w, https:\/\/www.bellunopress.it\/wp-content\/uploads\/2020\/03\/museo-Fulcis-facciata-esterna-696x672.jpg 696w, https:\/\/www.bellunopress.it\/wp-content\/uploads\/2020\/03\/museo-Fulcis-facciata-esterna-435x420.jpg 435w\" sizes=\"auto, (max-width: 800px) 100vw, 800px\" \/><figcaption id=\"caption-attachment-112879\" class=\"wp-caption-text\">Museo Fulcis &#8211; Belluno<\/figcaption><\/figure>\n<p>Al pittore Paris Bordon (1500-1571), in mostra a Treviso sua citt\u00e0 natale, gli Amici del Museo dedicano due appuntamenti: il primo al Museo Fulcis di Belluno (gentilmente concesso) avr\u00e0 luogo mercoled\u00ec 11 gennaio alle ore 17 con una conferenza di Benedetta Fanciulli, il secondo domenica 15 gennaio con una visita al Museo di Santa Caterina in Treviso dove \u00e8 allestita la mostra del \u201cDivin Pitor\u201d.<\/p>\n<p>Cos\u00ec infatti \u00e8 stato definito nel corso del Seicento questo dotatissimo allievo del grande Tiziano caro anche al Vasari, le cui opere visibili in mostra sono esposte nei pi\u00f9 grandi musei del mondo, in qualche caso restaurate proprio in funzione di questo straordinario evento.<\/p>\n<p>La mostra che si dispiega nella suggestiva cornice del Museo di Santa Caterina testimonia la straordinaria creativit\u00e0 e qualit\u00e0 di pittura del Bordon, di cui nel territorio bellunese restano vari esempi sotto forma di affresco: nella chiesa di San Simon a Vallada Agordina, in quella di Sant\u2019Aronne a Cusighe e in quella della Santa Croce a Pialdier di Trichiana. All\u2019elenco manca la magnifica Pala d\u2019Altare di Madonna con Bambino e Santi, un tempo nella Chiesa di Santa Maria dei Battuti e ora a Berlino.<br \/>\nA questi e ad altri capolavori far\u00e0 sicuramente riferimento Benedetta Fanciulli nella citata conferenza su Paris Bordon di mercoled\u00ec 11 al Fulcis, anche in riferimento alle numerose committenze di vari centri italiani ed europei.<\/p>\n<p>Quanto alla relatrice Benedetta Fanciulli, tutti ricordiamo la sua competenza, la ricchezza e al tempo stesso la semplicit\u00e0 del suo esporre, capace di raggiungere e coinvolgere tutti gli ascoltatori, qualit\u00e0 emerse anche nel suo ultimo intervento di dicembre a Belluno in preparazione alla visita degli Amici del Museo a Venezia per ammirare l\u2019Assunta, la pala d\u2019altare di Tiziano della Chiesa dei Frari dopo il restauro. Benedetta Fanciulli vanta la specializzazione in Storia dell\u2019Arte e in Beni Storico-Artistici, qualifiche che le consentono di abbracciare pi\u00f9 momenti dell\u2019espressione artistica nel tempo.<\/p>\n<p>Nel sito dell\u2019Associazione si possono trovare ulteriori notizie sulle prossime iniziative degli Amici del Museo: www.amicidelmuseobelluno.it<\/p>","protected":false},"excerpt":{"rendered":"<p>Al pittore Paris Bordon (1500-1571), in mostra a Treviso sua citt\u00e0 natale, gli Amici del Museo dedicano due appuntamenti: il primo al Museo Fulcis di Belluno (gentilmente concesso) avr\u00e0 luogo mercoled\u00ec 11 gennaio alle ore 17 con una conferenza di Benedetta Fanciulli, il secondo domenica 15 gennaio con una visita al Museo di Santa Caterina [&hellip;]<\/p>\n","protected":false},"author":2,"featured_media":112879,"comment_status":"closed","ping_status":"open","sticky":false,"template":"","format":"standard","meta":{"footnotes":""},"categories":[27,3,25],"tags":[],"class_list":["post-138899","post","type-post","status-publish","format-standard","has-post-thumbnail","category-appuntamenti","category-arte-cultura-spettacoli-scienza-archivi","category-pausa-caffe"],"yoast_head":"<!-- This site is optimized with the Yoast SEO plugin v28.4 - https:\/\/yoast.com\/product\/yoast-seo-wordpress\/ -->\n<title>Amici del Museo. Marted\u00ec al Fulcis la conferenza di Benedetta Fanciulli sul pittore Paris Bordon - Bellunopress - Dolomiti<\/title>\n<meta name=\"robots\" content=\"index, follow, max-snippet:-1, max-image-preview:large, max-video-preview:-1\" \/>\n<link rel=\"canonical\" href=\"https:\/\/www.bellunopress.it\/fr\/2023\/01\/08\/amici-del-museo-martedi-al-fulcis-la-conferenza-di-benedetta-fanciulli-sul-pittore-paris-bordon\/\" \/>\n<meta property=\"og:locale\" content=\"fr_FR\" \/>\n<meta property=\"og:type\" content=\"article\" \/>\n<meta property=\"og:title\" content=\"Amici del Museo. Marted\u00ec al Fulcis la conferenza di Benedetta Fanciulli sul pittore Paris Bordon - Bellunopress - Dolomiti\" \/>\n<meta property=\"og:description\" content=\"Al pittore Paris Bordon (1500-1571), in mostra a Treviso sua citt\u00e0 natale, gli Amici del Museo dedicano due appuntamenti: il primo al Museo Fulcis di Belluno (gentilmente concesso) avr\u00e0 luogo mercoled\u00ec 11 gennaio alle ore 17 con una conferenza di Benedetta Fanciulli, il secondo domenica 15 gennaio con una visita al Museo di Santa Caterina [&hellip;]\" \/>\n<meta property=\"og:url\" content=\"https:\/\/www.bellunopress.it\/fr\/2023\/01\/08\/amici-del-museo-martedi-al-fulcis-la-conferenza-di-benedetta-fanciulli-sul-pittore-paris-bordon\/\" \/>\n<meta property=\"og:site_name\" content=\"Bellunopress - Dolomiti\" \/>\n<meta property=\"article:publisher\" content=\"https:\/\/www.facebook.com\/profile.php?id=100008943462799\" \/>\n<meta property=\"article:published_time\" content=\"2023-01-08T09:54:01+00:00\" \/>\n<meta property=\"og:image\" content=\"https:\/\/www.bellunopress.it\/wp-content\/uploads\/2020\/03\/museo-Fulcis-facciata-esterna.jpg\" \/>\n\t<meta property=\"og:image:width\" content=\"800\" \/>\n\t<meta property=\"og:image:height\" content=\"772\" \/>\n\t<meta property=\"og:image:type\" content=\"image\/jpeg\" \/>\n<meta name=\"author\" content=\"redazione\" \/>\n<meta name=\"twitter:card\" content=\"summary_large_image\" \/>\n<meta name=\"twitter:creator\" content=\"@bellunopress\" \/>\n<meta name=\"twitter:site\" content=\"@bellunopress\" \/>\n<meta name=\"twitter:label1\" content=\"\u00c9crit par\" \/>\n\t<meta name=\"twitter:data1\" content=\"redazione\" \/>\n\t<meta name=\"twitter:label2\" content=\"Dur\u00e9e de lecture estim\u00e9e\" \/>\n\t<meta name=\"twitter:data2\" content=\"3 minutes\" \/>\n<script type=\"application\/ld+json\" class=\"yoast-schema-graph\">{\"@context\":\"https:\\\/\\\/schema.org\",\"@graph\":[{\"@type\":\"Article\",\"@id\":\"https:\\\/\\\/www.bellunopress.it\\\/2023\\\/01\\\/08\\\/amici-del-museo-martedi-al-fulcis-la-conferenza-di-benedetta-fanciulli-sul-pittore-paris-bordon\\\/#article\",\"isPartOf\":{\"@id\":\"https:\\\/\\\/www.bellunopress.it\\\/2023\\\/01\\\/08\\\/amici-del-museo-martedi-al-fulcis-la-conferenza-di-benedetta-fanciulli-sul-pittore-paris-bordon\\\/\"},\"author\":{\"name\":\"redazione\",\"@id\":\"https:\\\/\\\/www.bellunopress.it\\\/#\\\/schema\\\/person\\\/79bb06722b37ece1c03d3e94beb30d73\"},\"headline\":\"Amici del Museo. Marted\u00ec al Fulcis la conferenza di Benedetta Fanciulli sul pittore Paris Bordon\",\"datePublished\":\"2023-01-08T09:54:01+00:00\",\"mainEntityOfPage\":{\"@id\":\"https:\\\/\\\/www.bellunopress.it\\\/2023\\\/01\\\/08\\\/amici-del-museo-martedi-al-fulcis-la-conferenza-di-benedetta-fanciulli-sul-pittore-paris-bordon\\\/\"},\"wordCount\":362,\"publisher\":{\"@id\":\"https:\\\/\\\/www.bellunopress.it\\\/#organization\"},\"image\":{\"@id\":\"https:\\\/\\\/www.bellunopress.it\\\/2023\\\/01\\\/08\\\/amici-del-museo-martedi-al-fulcis-la-conferenza-di-benedetta-fanciulli-sul-pittore-paris-bordon\\\/#primaryimage\"},\"thumbnailUrl\":\"https:\\\/\\\/www.bellunopress.it\\\/wp-content\\\/uploads\\\/2020\\\/03\\\/museo-Fulcis-facciata-esterna.jpg\",\"articleSection\":[\"Appuntamenti, Eventi\",\"Arte, Cultura, Spettacoli, Scienza\",\"Pausa Caff\u00e8\"],\"inLanguage\":\"fr-FR\"},{\"@type\":\"WebPage\",\"@id\":\"https:\\\/\\\/www.bellunopress.it\\\/2023\\\/01\\\/08\\\/amici-del-museo-martedi-al-fulcis-la-conferenza-di-benedetta-fanciulli-sul-pittore-paris-bordon\\\/\",\"url\":\"https:\\\/\\\/www.bellunopress.it\\\/2023\\\/01\\\/08\\\/amici-del-museo-martedi-al-fulcis-la-conferenza-di-benedetta-fanciulli-sul-pittore-paris-bordon\\\/\",\"name\":\"Amici del Museo. Marted\u00ec al Fulcis la conferenza di Benedetta Fanciulli sul pittore Paris Bordon - Bellunopress - Dolomiti\",\"isPartOf\":{\"@id\":\"https:\\\/\\\/www.bellunopress.it\\\/#website\"},\"primaryImageOfPage\":{\"@id\":\"https:\\\/\\\/www.bellunopress.it\\\/2023\\\/01\\\/08\\\/amici-del-museo-martedi-al-fulcis-la-conferenza-di-benedetta-fanciulli-sul-pittore-paris-bordon\\\/#primaryimage\"},\"image\":{\"@id\":\"https:\\\/\\\/www.bellunopress.it\\\/2023\\\/01\\\/08\\\/amici-del-museo-martedi-al-fulcis-la-conferenza-di-benedetta-fanciulli-sul-pittore-paris-bordon\\\/#primaryimage\"},\"thumbnailUrl\":\"https:\\\/\\\/www.bellunopress.it\\\/wp-content\\\/uploads\\\/2020\\\/03\\\/museo-Fulcis-facciata-esterna.jpg\",\"datePublished\":\"2023-01-08T09:54:01+00:00\",\"breadcrumb\":{\"@id\":\"https:\\\/\\\/www.bellunopress.it\\\/2023\\\/01\\\/08\\\/amici-del-museo-martedi-al-fulcis-la-conferenza-di-benedetta-fanciulli-sul-pittore-paris-bordon\\\/#breadcrumb\"},\"inLanguage\":\"fr-FR\",\"potentialAction\":[{\"@type\":\"ReadAction\",\"target\":[\"https:\\\/\\\/www.bellunopress.it\\\/2023\\\/01\\\/08\\\/amici-del-museo-martedi-al-fulcis-la-conferenza-di-benedetta-fanciulli-sul-pittore-paris-bordon\\\/\"]}]},{\"@type\":\"ImageObject\",\"inLanguage\":\"fr-FR\",\"@id\":\"https:\\\/\\\/www.bellunopress.it\\\/2023\\\/01\\\/08\\\/amici-del-museo-martedi-al-fulcis-la-conferenza-di-benedetta-fanciulli-sul-pittore-paris-bordon\\\/#primaryimage\",\"url\":\"https:\\\/\\\/www.bellunopress.it\\\/wp-content\\\/uploads\\\/2020\\\/03\\\/museo-Fulcis-facciata-esterna.jpg\",\"contentUrl\":\"https:\\\/\\\/www.bellunopress.it\\\/wp-content\\\/uploads\\\/2020\\\/03\\\/museo-Fulcis-facciata-esterna.jpg\",\"width\":800,\"height\":772,\"caption\":\"Museo Fulcis - Belluno\"},{\"@type\":\"BreadcrumbList\",\"@id\":\"https:\\\/\\\/www.bellunopress.it\\\/2023\\\/01\\\/08\\\/amici-del-museo-martedi-al-fulcis-la-conferenza-di-benedetta-fanciulli-sul-pittore-paris-bordon\\\/#breadcrumb\",\"itemListElement\":[{\"@type\":\"ListItem\",\"position\":1,\"name\":\"Home\",\"item\":\"https:\\\/\\\/www.bellunopress.it\\\/\"},{\"@type\":\"ListItem\",\"position\":2,\"name\":\"Amici del Museo. Marted\u00ec al Fulcis la conferenza di Benedetta Fanciulli sul pittore Paris Bordon\"}]},{\"@type\":\"WebSite\",\"@id\":\"https:\\\/\\\/www.bellunopress.it\\\/#website\",\"url\":\"https:\\\/\\\/www.bellunopress.it\\\/\",\"name\":\"Bellunopress - Dolomiti\",\"description\":\"e-mail: redazione@bellunopress.it\",\"publisher\":{\"@id\":\"https:\\\/\\\/www.bellunopress.it\\\/#organization\"},\"potentialAction\":[{\"@type\":\"SearchAction\",\"target\":{\"@type\":\"EntryPoint\",\"urlTemplate\":\"https:\\\/\\\/www.bellunopress.it\\\/?s={search_term_string}\"},\"query-input\":{\"@type\":\"PropertyValueSpecification\",\"valueRequired\":true,\"valueName\":\"search_term_string\"}}],\"inLanguage\":\"fr-FR\"},{\"@type\":\"Organization\",\"@id\":\"https:\\\/\\\/www.bellunopress.it\\\/#organization\",\"name\":\"Bellunopress\",\"url\":\"https:\\\/\\\/www.bellunopress.it\\\/\",\"logo\":{\"@type\":\"ImageObject\",\"inLanguage\":\"fr-FR\",\"@id\":\"https:\\\/\\\/www.bellunopress.it\\\/#\\\/schema\\\/logo\\\/image\\\/\",\"url\":\"https:\\\/\\\/www.bellunopress.it\\\/wp-content\\\/uploads\\\/2011\\\/05\\\/cropped-logo-bellunopress-.jpg\",\"contentUrl\":\"https:\\\/\\\/www.bellunopress.it\\\/wp-content\\\/uploads\\\/2011\\\/05\\\/cropped-logo-bellunopress-.jpg\",\"width\":512,\"height\":512,\"caption\":\"Bellunopress\"},\"image\":{\"@id\":\"https:\\\/\\\/www.bellunopress.it\\\/#\\\/schema\\\/logo\\\/image\\\/\"},\"sameAs\":[\"https:\\\/\\\/www.facebook.com\\\/profile.php?id=100008943462799\",\"https:\\\/\\\/x.com\\\/bellunopress\",\"https:\\\/\\\/www.linkedin.com\\\/hp\\\/?dnr=JBzUWaJfMUw8vbXJJ2tVW5-I3jZKvC4wsoxE&amp;amp;amp;amp;amp;amp;trk=nav_responsive_tab_home\",\"https:\\\/\\\/www.youtube.com\\\/channel\\\/UCxL0wu1uN0_3_7hGG0306cw\"]},{\"@type\":\"Person\",\"@id\":\"https:\\\/\\\/www.bellunopress.it\\\/#\\\/schema\\\/person\\\/79bb06722b37ece1c03d3e94beb30d73\",\"name\":\"redazione\",\"image\":{\"@type\":\"ImageObject\",\"inLanguage\":\"fr-FR\",\"@id\":\"https:\\\/\\\/secure.gravatar.com\\\/avatar\\\/37d968a2e67a6fd04c169c4bdef102d0bc5d31b2546345219e348575eb80e9a0?s=96&d=mm&r=g\",\"url\":\"https:\\\/\\\/secure.gravatar.com\\\/avatar\\\/37d968a2e67a6fd04c169c4bdef102d0bc5d31b2546345219e348575eb80e9a0?s=96&d=mm&r=g\",\"contentUrl\":\"https:\\\/\\\/secure.gravatar.com\\\/avatar\\\/37d968a2e67a6fd04c169c4bdef102d0bc5d31b2546345219e348575eb80e9a0?s=96&d=mm&r=g\",\"caption\":\"redazione\"},\"sameAs\":[\"http:\\\/\\\/www.bellunopress.it\",\"https:\\\/\\\/x.com\\\/bellunopress\"],\"url\":\"https:\\\/\\\/www.bellunopress.it\\\/fr\\\/author\\\/redazione\\\/\"}]}<\/script>\n<!-- \/ Yoast SEO plugin. -->","yoast_head_json":{"title":"Amici del Museo. Marted\u00ec al Fulcis la conferenza di Benedetta Fanciulli sul pittore Paris Bordon - Bellunopress - Dolomiti","robots":{"index":"index","follow":"follow","max-snippet":"max-snippet:-1","max-image-preview":"max-image-preview:large","max-video-preview":"max-video-preview:-1"},"canonical":"https:\/\/www.bellunopress.it\/fr\/2023\/01\/08\/amici-del-museo-martedi-al-fulcis-la-conferenza-di-benedetta-fanciulli-sul-pittore-paris-bordon\/","og_locale":"fr_FR","og_type":"article","og_title":"Amici del Museo. Marted\u00ec al Fulcis la conferenza di Benedetta Fanciulli sul pittore Paris Bordon - Bellunopress - Dolomiti","og_description":"Al pittore Paris Bordon (1500-1571), in mostra a Treviso sua citt\u00e0 natale, gli Amici del Museo dedicano due appuntamenti: il primo al Museo Fulcis di Belluno (gentilmente concesso) avr\u00e0 luogo mercoled\u00ec 11 gennaio alle ore 17 con una conferenza di Benedetta Fanciulli, il secondo domenica 15 gennaio con una visita al Museo di Santa Caterina [&hellip;]","og_url":"https:\/\/www.bellunopress.it\/fr\/2023\/01\/08\/amici-del-museo-martedi-al-fulcis-la-conferenza-di-benedetta-fanciulli-sul-pittore-paris-bordon\/","og_site_name":"Bellunopress - Dolomiti","article_publisher":"https:\/\/www.facebook.com\/profile.php?id=100008943462799","article_published_time":"2023-01-08T09:54:01+00:00","og_image":[{"width":800,"height":772,"url":"https:\/\/www.bellunopress.it\/wp-content\/uploads\/2020\/03\/museo-Fulcis-facciata-esterna.jpg","type":"image\/jpeg"}],"author":"redazione","twitter_card":"summary_large_image","twitter_creator":"@bellunopress","twitter_site":"@bellunopress","twitter_misc":{"\u00c9crit par":"redazione","Dur\u00e9e de lecture estim\u00e9e":"3 minutes"},"schema":{"@context":"https:\/\/schema.org","@graph":[{"@type":"Article","@id":"https:\/\/www.bellunopress.it\/2023\/01\/08\/amici-del-museo-martedi-al-fulcis-la-conferenza-di-benedetta-fanciulli-sul-pittore-paris-bordon\/#article","isPartOf":{"@id":"https:\/\/www.bellunopress.it\/2023\/01\/08\/amici-del-museo-martedi-al-fulcis-la-conferenza-di-benedetta-fanciulli-sul-pittore-paris-bordon\/"},"author":{"name":"redazione","@id":"https:\/\/www.bellunopress.it\/#\/schema\/person\/79bb06722b37ece1c03d3e94beb30d73"},"headline":"Amici del Museo. Marted\u00ec al Fulcis la conferenza di Benedetta Fanciulli sul pittore Paris Bordon","datePublished":"2023-01-08T09:54:01+00:00","mainEntityOfPage":{"@id":"https:\/\/www.bellunopress.it\/2023\/01\/08\/amici-del-museo-martedi-al-fulcis-la-conferenza-di-benedetta-fanciulli-sul-pittore-paris-bordon\/"},"wordCount":362,"publisher":{"@id":"https:\/\/www.bellunopress.it\/#organization"},"image":{"@id":"https:\/\/www.bellunopress.it\/2023\/01\/08\/amici-del-museo-martedi-al-fulcis-la-conferenza-di-benedetta-fanciulli-sul-pittore-paris-bordon\/#primaryimage"},"thumbnailUrl":"https:\/\/www.bellunopress.it\/wp-content\/uploads\/2020\/03\/museo-Fulcis-facciata-esterna.jpg","articleSection":["Appuntamenti, Eventi","Arte, Cultura, Spettacoli, Scienza","Pausa Caff\u00e8"],"inLanguage":"fr-FR"},{"@type":"WebPage","@id":"https:\/\/www.bellunopress.it\/2023\/01\/08\/amici-del-museo-martedi-al-fulcis-la-conferenza-di-benedetta-fanciulli-sul-pittore-paris-bordon\/","url":"https:\/\/www.bellunopress.it\/2023\/01\/08\/amici-del-museo-martedi-al-fulcis-la-conferenza-di-benedetta-fanciulli-sul-pittore-paris-bordon\/","name":"Amici del Museo. Marted\u00ec al Fulcis la conferenza di Benedetta Fanciulli sul pittore Paris Bordon - Bellunopress - Dolomiti","isPartOf":{"@id":"https:\/\/www.bellunopress.it\/#website"},"primaryImageOfPage":{"@id":"https:\/\/www.bellunopress.it\/2023\/01\/08\/amici-del-museo-martedi-al-fulcis-la-conferenza-di-benedetta-fanciulli-sul-pittore-paris-bordon\/#primaryimage"},"image":{"@id":"https:\/\/www.bellunopress.it\/2023\/01\/08\/amici-del-museo-martedi-al-fulcis-la-conferenza-di-benedetta-fanciulli-sul-pittore-paris-bordon\/#primaryimage"},"thumbnailUrl":"https:\/\/www.bellunopress.it\/wp-content\/uploads\/2020\/03\/museo-Fulcis-facciata-esterna.jpg","datePublished":"2023-01-08T09:54:01+00:00","breadcrumb":{"@id":"https:\/\/www.bellunopress.it\/2023\/01\/08\/amici-del-museo-martedi-al-fulcis-la-conferenza-di-benedetta-fanciulli-sul-pittore-paris-bordon\/#breadcrumb"},"inLanguage":"fr-FR","potentialAction":[{"@type":"ReadAction","target":["https:\/\/www.bellunopress.it\/2023\/01\/08\/amici-del-museo-martedi-al-fulcis-la-conferenza-di-benedetta-fanciulli-sul-pittore-paris-bordon\/"]}]},{"@type":"ImageObject","inLanguage":"fr-FR","@id":"https:\/\/www.bellunopress.it\/2023\/01\/08\/amici-del-museo-martedi-al-fulcis-la-conferenza-di-benedetta-fanciulli-sul-pittore-paris-bordon\/#primaryimage","url":"https:\/\/www.bellunopress.it\/wp-content\/uploads\/2020\/03\/museo-Fulcis-facciata-esterna.jpg","contentUrl":"https:\/\/www.bellunopress.it\/wp-content\/uploads\/2020\/03\/museo-Fulcis-facciata-esterna.jpg","width":800,"height":772,"caption":"Museo Fulcis - Belluno"},{"@type":"BreadcrumbList","@id":"https:\/\/www.bellunopress.it\/2023\/01\/08\/amici-del-museo-martedi-al-fulcis-la-conferenza-di-benedetta-fanciulli-sul-pittore-paris-bordon\/#breadcrumb","itemListElement":[{"@type":"ListItem","position":1,"name":"Home","item":"https:\/\/www.bellunopress.it\/"},{"@type":"ListItem","position":2,"name":"Amici del Museo. Marted\u00ec al Fulcis la conferenza di Benedetta Fanciulli sul pittore Paris Bordon"}]},{"@type":"WebSite","@id":"https:\/\/www.bellunopress.it\/#website","url":"https:\/\/www.bellunopress.it\/","name":"Bellunopress - Dolomiti","description":"e-mail: redazione@bellunopress.it","publisher":{"@id":"https:\/\/www.bellunopress.it\/#organization"},"potentialAction":[{"@type":"SearchAction","target":{"@type":"EntryPoint","urlTemplate":"https:\/\/www.bellunopress.it\/?s={search_term_string}"},"query-input":{"@type":"PropertyValueSpecification","valueRequired":true,"valueName":"search_term_string"}}],"inLanguage":"fr-FR"},{"@type":"Organization","@id":"https:\/\/www.bellunopress.it\/#organization","name":"Bellunopress","url":"https:\/\/www.bellunopress.it\/","logo":{"@type":"ImageObject","inLanguage":"fr-FR","@id":"https:\/\/www.bellunopress.it\/#\/schema\/logo\/image\/","url":"https:\/\/www.bellunopress.it\/wp-content\/uploads\/2011\/05\/cropped-logo-bellunopress-.jpg","contentUrl":"https:\/\/www.bellunopress.it\/wp-content\/uploads\/2011\/05\/cropped-logo-bellunopress-.jpg","width":512,"height":512,"caption":"Bellunopress"},"image":{"@id":"https:\/\/www.bellunopress.it\/#\/schema\/logo\/image\/"},"sameAs":["https:\/\/www.facebook.com\/profile.php?id=100008943462799","https:\/\/x.com\/bellunopress","https:\/\/www.linkedin.com\/hp\/?dnr=JBzUWaJfMUw8vbXJJ2tVW5-I3jZKvC4wsoxE&amp;amp;amp;amp;amp;amp;trk=nav_responsive_tab_home","https:\/\/www.youtube.com\/channel\/UCxL0wu1uN0_3_7hGG0306cw"]},{"@type":"Person","@id":"https:\/\/www.bellunopress.it\/#\/schema\/person\/79bb06722b37ece1c03d3e94beb30d73","name":"r\u00e9daction","image":{"@type":"ImageObject","inLanguage":"fr-FR","@id":"https:\/\/secure.gravatar.com\/avatar\/37d968a2e67a6fd04c169c4bdef102d0bc5d31b2546345219e348575eb80e9a0?s=96&d=mm&r=g","url":"https:\/\/secure.gravatar.com\/avatar\/37d968a2e67a6fd04c169c4bdef102d0bc5d31b2546345219e348575eb80e9a0?s=96&d=mm&r=g","contentUrl":"https:\/\/secure.gravatar.com\/avatar\/37d968a2e67a6fd04c169c4bdef102d0bc5d31b2546345219e348575eb80e9a0?s=96&d=mm&r=g","caption":"redazione"},"sameAs":["http:\/\/www.bellunopress.it","https:\/\/x.com\/bellunopress"],"url":"https:\/\/www.bellunopress.it\/fr\/author\/redazione\/"}]}},"_links":{"self":[{"href":"https:\/\/www.bellunopress.it\/fr\/wp-json\/wp\/v2\/posts\/138899","targetHints":{"allow":["GET"]}}],"collection":[{"href":"https:\/\/www.bellunopress.it\/fr\/wp-json\/wp\/v2\/posts"}],"about":[{"href":"https:\/\/www.bellunopress.it\/fr\/wp-json\/wp\/v2\/types\/post"}],"author":[{"embeddable":true,"href":"https:\/\/www.bellunopress.it\/fr\/wp-json\/wp\/v2\/users\/2"}],"replies":[{"embeddable":true,"href":"https:\/\/www.bellunopress.it\/fr\/wp-json\/wp\/v2\/comments?post=138899"}],"version-history":[{"count":1,"href":"https:\/\/www.bellunopress.it\/fr\/wp-json\/wp\/v2\/posts\/138899\/revisions"}],"predecessor-version":[{"id":138900,"href":"https:\/\/www.bellunopress.it\/fr\/wp-json\/wp\/v2\/posts\/138899\/revisions\/138900"}],"wp:featuredmedia":[{"embeddable":true,"href":"https:\/\/www.bellunopress.it\/fr\/wp-json\/wp\/v2\/media\/112879"}],"wp:attachment":[{"href":"https:\/\/www.bellunopress.it\/fr\/wp-json\/wp\/v2\/media?parent=138899"}],"wp:term":[{"taxonomy":"category","embeddable":true,"href":"https:\/\/www.bellunopress.it\/fr\/wp-json\/wp\/v2\/categories?post=138899"},{"taxonomy":"post_tag","embeddable":true,"href":"https:\/\/www.bellunopress.it\/fr\/wp-json\/wp\/v2\/tags?post=138899"}],"curies":[{"name":"wp","href":"https:\/\/api.w.org\/{rel}","templated":true}]}}