{"id":138894,"date":"2023-01-07T21:56:59","date_gmt":"2023-01-07T20:56:59","guid":{"rendered":"https:\/\/www.bellunopress.it\/?p=138894"},"modified":"2023-01-12T07:35:52","modified_gmt":"2023-01-12T06:35:52","slug":"invisibili-il-documentario-che-testimonia-le-reazioni-avverse-da-vaccino-covid-19-a-belluno-feltre-e-agordo","status":"publish","type":"post","link":"https:\/\/www.bellunopress.it\/fr\/2023\/01\/07\/invisibili-il-documentario-che-testimonia-le-reazioni-avverse-da-vaccino-covid-19-a-belluno-feltre-e-agordo\/","title":{"rendered":"Invisibili, il documentario che testimonia le reazioni avverse da vaccino covid 19 a Belluno, Calalzo, Feltre e Agordo"},"content":{"rendered":"<p><img loading=\"lazy\" decoding=\"async\" class=\"alignleft size-full wp-image-138986\" src=\"https:\/\/www.bellunopress.it\/wp-content\/uploads\/2023\/01\/invisibili-definitivo_edited.jpg\" alt=\"\" width=\"713\" height=\"1000\" srcset=\"https:\/\/www.bellunopress.it\/wp-content\/uploads\/2023\/01\/invisibili-definitivo_edited.jpg 713w, https:\/\/www.bellunopress.it\/wp-content\/uploads\/2023\/01\/invisibili-definitivo_edited-357x500.jpg 357w, https:\/\/www.bellunopress.it\/wp-content\/uploads\/2023\/01\/invisibili-definitivo_edited-696x976.jpg 696w, https:\/\/www.bellunopress.it\/wp-content\/uploads\/2023\/01\/invisibili-definitivo_edited-299x420.jpg 299w\" sizes=\"auto, (max-width: 713px) 100vw, 713px\" \/>Arriva in provincia di Belluno il documentario \u201cInvisibili\u201d che denuncia le reazioni avverse da vaccino covid19. Un lavoro temuto e censurato dal mainstream, con la regia di Paolo Cassina e Alessandro Amori, musiche di Nicola Bottos, durata 91\u2019 e 46\u2019\u2019 produzione Playmastermovie.<\/p>\n<p>Al momento sono tre le date in programma nel Bellunese:\u00a0 domenica 22 gennaio a Belluno in Sala Bianchi due proiezioni, la prima alle 14.30 e la seconda alle 20.00. Domenica 22 a Calalzo di Cadore Sala eventi di Ente cooperativo alle ore 20:00. Luned\u00ec 23 gennaio a Feltre Officinema, due proiezioni alle ore 18.00 e alle 20:30. Marted\u00ec 24 gennaio ad Agordo alle ore 20.00 nella Sala della Comunit\u00e0 Agordina in via 27 aprile 1945.<\/p>\n<p>Saranno presenti in sala \u00a0il regista Paolo Cassina, la presidente del comitato\u00a0 &#8221; Ascoltami &#8221; Federica Angelini in remoto, il rappresentante nazionale e provinciale dell&#8217;associazione &#8220;ContiamoCi &#8221; \u00a0dottor Dario Giacomini, e altri ospiti del settore sanitario.<\/p>\n<p>Il documentario, realizzato nel 2022, raccoglie le testimonianze delle persone che hanno subito gli effetti avversi del vaccino covid19 e dei medici e professionisti che alla vigilia di una possibile introduzione di una \u201cquarta dose\u201d obbligatoria per tutti lanciano un messaggio chiaro: non si pu\u00f2 forzare in nessun modo l\u2019essere umano all\u2019inoculazione o all\u2019assunzione di sostanze potenzialmente dannose e talvolta letali.<\/p>\n<p>Paolo Cassina \u00e8 un regista e filmmaker attivo da pi\u00f9 di 20 anni nel mondo della televisione e della comunicazione in generale. La sua passione sono i documentari e le inchieste giornalistiche. Nel 2014 la video inchiesta \u201cCon gli occhi della Neet Generation\u201d di cui \u00e8 co-realizzatore vince il Premio Ilaria Alpi. Nel 2017 il servizio \u201cIl racket nel ghetto islamico di San Siro\u201d con le sue immagini vince il premio Guido Vergani. Da sempre \u00e8 attento alle tematiche sociali e a dare voce alle persone che hanno poche possibilit\u00e0 di essere ascoltate.<\/p>\n<p>Alessandro Amori \u00e8 un regista, filmmaker e fondatore di Playmastermovie. Ha lavorato 20 anni come montatore per i maggiori network italiani per poi cimentarsi nella realizzazione di documentari come regista e filmmaker. Nel 2016 d\u00e0 vita al progetto di Playmastermovie che nel 2020 diventa anche una piattaforma online che produce contenuti di libera informazione in collaborazione con blogger, giornalisti, filmmaker e canali di informazione.<\/p>\n<p>Per prenotazioni:<\/p>\n<p><a href=\"https:\/\/docs.google.com\/forms\/d\/1qha-DtplR746YIPTfVzGnX6Znw0hvy48g22Y3qe9OIE\/viewform?fbclid=IwAR2TSRXHKJQaASPt3VdBW1Sxww_VGgurbID3gc7S442gGiAezj_hA9XQkU8&amp;edit_requested=true\">https:\/\/docs.google.com\/forms\/d\/1qha-DtplR746YIPTfVzGnX6Znw0hvy48g22Y3qe9OIE\/viewform?fbclid=IwAR2TSRXHKJQaASPt3VdBW1Sxww_VGgurbID3gc7S442gGiAezj_hA9XQkU8&amp;edit_requested=true<\/a><\/p>\n<p><img loading=\"lazy\" decoding=\"async\" class=\"alignleft size-full wp-image-138897\" src=\"https:\/\/www.bellunopress.it\/wp-content\/uploads\/2023\/01\/QR-invisibili-per-prenotazione.jpeg\" alt=\"\" width=\"275\" height=\"275\" \/><\/p>\n<p>&nbsp;<\/p>","protected":false},"excerpt":{"rendered":"<p>Arriva in provincia di Belluno il documentario \u201cInvisibili\u201d che denuncia le reazioni avverse da vaccino covid19. Un lavoro temuto e censurato dal mainstream, con la regia di Paolo Cassina e Alessandro Amori, musiche di Nicola Bottos, durata 91\u2019 e 46\u2019\u2019 produzione Playmastermovie. Al momento sono tre le date in programma nel Bellunese:\u00a0 domenica 22 gennaio [&hellip;]<\/p>\n","protected":false},"author":2,"featured_media":138986,"comment_status":"closed","ping_status":"open","sticky":false,"template":"","format":"standard","meta":{"footnotes":""},"categories":[27,3,3446,25,17],"tags":[],"class_list":["post-138894","post","type-post","status-publish","format-standard","has-post-thumbnail","category-appuntamenti","category-arte-cultura-spettacoli-scienza-archivi","category-featured","category-pausa-caffe","category-sanita"],"yoast_head":"<!-- This site is optimized with the Yoast SEO plugin v28.4 - https:\/\/yoast.com\/product\/yoast-seo-wordpress\/ -->\n<title>Invisibili, il documentario che testimonia le reazioni avverse da vaccino covid 19 a Belluno, Calalzo, Feltre e Agordo - Bellunopress - Dolomiti<\/title>\n<meta name=\"robots\" content=\"index, follow, max-snippet:-1, max-image-preview:large, max-video-preview:-1\" \/>\n<link rel=\"canonical\" href=\"https:\/\/www.bellunopress.it\/fr\/2023\/01\/07\/invisibili-il-documentario-che-testimonia-le-reazioni-avverse-da-vaccino-covid-19-a-belluno-feltre-e-agordo\/\" \/>\n<meta property=\"og:locale\" content=\"fr_FR\" \/>\n<meta property=\"og:type\" content=\"article\" \/>\n<meta property=\"og:title\" content=\"Invisibili, il documentario che testimonia le reazioni avverse da vaccino covid 19 a Belluno, Calalzo, Feltre e Agordo - Bellunopress - Dolomiti\" \/>\n<meta property=\"og:description\" content=\"Arriva in provincia di Belluno il documentario \u201cInvisibili\u201d che denuncia le reazioni avverse da vaccino covid19. Un lavoro temuto e censurato dal mainstream, con la regia di Paolo Cassina e Alessandro Amori, musiche di Nicola Bottos, durata 91\u2019 e 46\u2019\u2019 produzione Playmastermovie. Al momento sono tre le date in programma nel Bellunese:\u00a0 domenica 22 gennaio [&hellip;]\" \/>\n<meta property=\"og:url\" content=\"https:\/\/www.bellunopress.it\/fr\/2023\/01\/07\/invisibili-il-documentario-che-testimonia-le-reazioni-avverse-da-vaccino-covid-19-a-belluno-feltre-e-agordo\/\" \/>\n<meta property=\"og:site_name\" content=\"Bellunopress - Dolomiti\" \/>\n<meta property=\"article:publisher\" content=\"https:\/\/www.facebook.com\/profile.php?id=100008943462799\" \/>\n<meta property=\"article:published_time\" content=\"2023-01-07T20:56:59+00:00\" \/>\n<meta property=\"article:modified_time\" content=\"2023-01-12T06:35:52+00:00\" \/>\n<meta property=\"og:image\" content=\"https:\/\/www.bellunopress.it\/wp-content\/uploads\/2023\/01\/invisibili-definitivo_edited.jpg\" \/>\n\t<meta property=\"og:image:width\" content=\"713\" \/>\n\t<meta property=\"og:image:height\" content=\"1000\" \/>\n\t<meta property=\"og:image:type\" content=\"image\/jpeg\" \/>\n<meta name=\"author\" content=\"redazione\" \/>\n<meta name=\"twitter:card\" content=\"summary_large_image\" \/>\n<meta name=\"twitter:creator\" content=\"@bellunopress\" \/>\n<meta name=\"twitter:site\" content=\"@bellunopress\" \/>\n<meta name=\"twitter:label1\" content=\"\u00c9crit par\" \/>\n\t<meta name=\"twitter:data1\" content=\"redazione\" \/>\n\t<meta name=\"twitter:label2\" content=\"Dur\u00e9e de lecture estim\u00e9e\" \/>\n\t<meta name=\"twitter:data2\" content=\"3 minutes\" \/>\n<script type=\"application\/ld+json\" class=\"yoast-schema-graph\">{\"@context\":\"https:\\\/\\\/schema.org\",\"@graph\":[{\"@type\":\"Article\",\"@id\":\"https:\\\/\\\/www.bellunopress.it\\\/2023\\\/01\\\/07\\\/invisibili-il-documentario-che-testimonia-le-reazioni-avverse-da-vaccino-covid-19-a-belluno-feltre-e-agordo\\\/#article\",\"isPartOf\":{\"@id\":\"https:\\\/\\\/www.bellunopress.it\\\/2023\\\/01\\\/07\\\/invisibili-il-documentario-che-testimonia-le-reazioni-avverse-da-vaccino-covid-19-a-belluno-feltre-e-agordo\\\/\"},\"author\":{\"name\":\"redazione\",\"@id\":\"https:\\\/\\\/www.bellunopress.it\\\/#\\\/schema\\\/person\\\/79bb06722b37ece1c03d3e94beb30d73\"},\"headline\":\"Invisibili, il documentario che testimonia le reazioni avverse da vaccino covid 19 a Belluno, Calalzo, Feltre e Agordo\",\"datePublished\":\"2023-01-07T20:56:59+00:00\",\"dateModified\":\"2023-01-12T06:35:52+00:00\",\"mainEntityOfPage\":{\"@id\":\"https:\\\/\\\/www.bellunopress.it\\\/2023\\\/01\\\/07\\\/invisibili-il-documentario-che-testimonia-le-reazioni-avverse-da-vaccino-covid-19-a-belluno-feltre-e-agordo\\\/\"},\"wordCount\":397,\"publisher\":{\"@id\":\"https:\\\/\\\/www.bellunopress.it\\\/#organization\"},\"image\":{\"@id\":\"https:\\\/\\\/www.bellunopress.it\\\/2023\\\/01\\\/07\\\/invisibili-il-documentario-che-testimonia-le-reazioni-avverse-da-vaccino-covid-19-a-belluno-feltre-e-agordo\\\/#primaryimage\"},\"thumbnailUrl\":\"https:\\\/\\\/www.bellunopress.it\\\/wp-content\\\/uploads\\\/2023\\\/01\\\/invisibili-definitivo_edited.jpg\",\"articleSection\":[\"Appuntamenti, Eventi\",\"Arte, Cultura, Spettacoli, Scienza\",\"Featured\",\"Pausa Caff\u00e8\",\"Sanit\u00e0 Medicina\"],\"inLanguage\":\"fr-FR\"},{\"@type\":\"WebPage\",\"@id\":\"https:\\\/\\\/www.bellunopress.it\\\/2023\\\/01\\\/07\\\/invisibili-il-documentario-che-testimonia-le-reazioni-avverse-da-vaccino-covid-19-a-belluno-feltre-e-agordo\\\/\",\"url\":\"https:\\\/\\\/www.bellunopress.it\\\/2023\\\/01\\\/07\\\/invisibili-il-documentario-che-testimonia-le-reazioni-avverse-da-vaccino-covid-19-a-belluno-feltre-e-agordo\\\/\",\"name\":\"Invisibili, il documentario che testimonia le reazioni avverse da vaccino covid 19 a Belluno, Calalzo, Feltre e Agordo - Bellunopress - Dolomiti\",\"isPartOf\":{\"@id\":\"https:\\\/\\\/www.bellunopress.it\\\/#website\"},\"primaryImageOfPage\":{\"@id\":\"https:\\\/\\\/www.bellunopress.it\\\/2023\\\/01\\\/07\\\/invisibili-il-documentario-che-testimonia-le-reazioni-avverse-da-vaccino-covid-19-a-belluno-feltre-e-agordo\\\/#primaryimage\"},\"image\":{\"@id\":\"https:\\\/\\\/www.bellunopress.it\\\/2023\\\/01\\\/07\\\/invisibili-il-documentario-che-testimonia-le-reazioni-avverse-da-vaccino-covid-19-a-belluno-feltre-e-agordo\\\/#primaryimage\"},\"thumbnailUrl\":\"https:\\\/\\\/www.bellunopress.it\\\/wp-content\\\/uploads\\\/2023\\\/01\\\/invisibili-definitivo_edited.jpg\",\"datePublished\":\"2023-01-07T20:56:59+00:00\",\"dateModified\":\"2023-01-12T06:35:52+00:00\",\"breadcrumb\":{\"@id\":\"https:\\\/\\\/www.bellunopress.it\\\/2023\\\/01\\\/07\\\/invisibili-il-documentario-che-testimonia-le-reazioni-avverse-da-vaccino-covid-19-a-belluno-feltre-e-agordo\\\/#breadcrumb\"},\"inLanguage\":\"fr-FR\",\"potentialAction\":[{\"@type\":\"ReadAction\",\"target\":[\"https:\\\/\\\/www.bellunopress.it\\\/2023\\\/01\\\/07\\\/invisibili-il-documentario-che-testimonia-le-reazioni-avverse-da-vaccino-covid-19-a-belluno-feltre-e-agordo\\\/\"]}]},{\"@type\":\"ImageObject\",\"inLanguage\":\"fr-FR\",\"@id\":\"https:\\\/\\\/www.bellunopress.it\\\/2023\\\/01\\\/07\\\/invisibili-il-documentario-che-testimonia-le-reazioni-avverse-da-vaccino-covid-19-a-belluno-feltre-e-agordo\\\/#primaryimage\",\"url\":\"https:\\\/\\\/www.bellunopress.it\\\/wp-content\\\/uploads\\\/2023\\\/01\\\/invisibili-definitivo_edited.jpg\",\"contentUrl\":\"https:\\\/\\\/www.bellunopress.it\\\/wp-content\\\/uploads\\\/2023\\\/01\\\/invisibili-definitivo_edited.jpg\",\"width\":713,\"height\":1000},{\"@type\":\"BreadcrumbList\",\"@id\":\"https:\\\/\\\/www.bellunopress.it\\\/2023\\\/01\\\/07\\\/invisibili-il-documentario-che-testimonia-le-reazioni-avverse-da-vaccino-covid-19-a-belluno-feltre-e-agordo\\\/#breadcrumb\",\"itemListElement\":[{\"@type\":\"ListItem\",\"position\":1,\"name\":\"Home\",\"item\":\"https:\\\/\\\/www.bellunopress.it\\\/\"},{\"@type\":\"ListItem\",\"position\":2,\"name\":\"Invisibili, il documentario che testimonia le reazioni avverse da vaccino covid 19 a Belluno, Calalzo, Feltre e Agordo\"}]},{\"@type\":\"WebSite\",\"@id\":\"https:\\\/\\\/www.bellunopress.it\\\/#website\",\"url\":\"https:\\\/\\\/www.bellunopress.it\\\/\",\"name\":\"Bellunopress - Dolomiti\",\"description\":\"e-mail: redazione@bellunopress.it\",\"publisher\":{\"@id\":\"https:\\\/\\\/www.bellunopress.it\\\/#organization\"},\"potentialAction\":[{\"@type\":\"SearchAction\",\"target\":{\"@type\":\"EntryPoint\",\"urlTemplate\":\"https:\\\/\\\/www.bellunopress.it\\\/?s={search_term_string}\"},\"query-input\":{\"@type\":\"PropertyValueSpecification\",\"valueRequired\":true,\"valueName\":\"search_term_string\"}}],\"inLanguage\":\"fr-FR\"},{\"@type\":\"Organization\",\"@id\":\"https:\\\/\\\/www.bellunopress.it\\\/#organization\",\"name\":\"Bellunopress\",\"url\":\"https:\\\/\\\/www.bellunopress.it\\\/\",\"logo\":{\"@type\":\"ImageObject\",\"inLanguage\":\"fr-FR\",\"@id\":\"https:\\\/\\\/www.bellunopress.it\\\/#\\\/schema\\\/logo\\\/image\\\/\",\"url\":\"https:\\\/\\\/www.bellunopress.it\\\/wp-content\\\/uploads\\\/2011\\\/05\\\/cropped-logo-bellunopress-.jpg\",\"contentUrl\":\"https:\\\/\\\/www.bellunopress.it\\\/wp-content\\\/uploads\\\/2011\\\/05\\\/cropped-logo-bellunopress-.jpg\",\"width\":512,\"height\":512,\"caption\":\"Bellunopress\"},\"image\":{\"@id\":\"https:\\\/\\\/www.bellunopress.it\\\/#\\\/schema\\\/logo\\\/image\\\/\"},\"sameAs\":[\"https:\\\/\\\/www.facebook.com\\\/profile.php?id=100008943462799\",\"https:\\\/\\\/x.com\\\/bellunopress\",\"https:\\\/\\\/www.linkedin.com\\\/hp\\\/?dnr=JBzUWaJfMUw8vbXJJ2tVW5-I3jZKvC4wsoxE&amp;amp;amp;amp;amp;amp;trk=nav_responsive_tab_home\",\"https:\\\/\\\/www.youtube.com\\\/channel\\\/UCxL0wu1uN0_3_7hGG0306cw\"]},{\"@type\":\"Person\",\"@id\":\"https:\\\/\\\/www.bellunopress.it\\\/#\\\/schema\\\/person\\\/79bb06722b37ece1c03d3e94beb30d73\",\"name\":\"redazione\",\"image\":{\"@type\":\"ImageObject\",\"inLanguage\":\"fr-FR\",\"@id\":\"https:\\\/\\\/secure.gravatar.com\\\/avatar\\\/37d968a2e67a6fd04c169c4bdef102d0bc5d31b2546345219e348575eb80e9a0?s=96&d=mm&r=g\",\"url\":\"https:\\\/\\\/secure.gravatar.com\\\/avatar\\\/37d968a2e67a6fd04c169c4bdef102d0bc5d31b2546345219e348575eb80e9a0?s=96&d=mm&r=g\",\"contentUrl\":\"https:\\\/\\\/secure.gravatar.com\\\/avatar\\\/37d968a2e67a6fd04c169c4bdef102d0bc5d31b2546345219e348575eb80e9a0?s=96&d=mm&r=g\",\"caption\":\"redazione\"},\"sameAs\":[\"http:\\\/\\\/www.bellunopress.it\",\"https:\\\/\\\/x.com\\\/bellunopress\"],\"url\":\"https:\\\/\\\/www.bellunopress.it\\\/fr\\\/author\\\/redazione\\\/\"}]}<\/script>\n<!-- \/ Yoast SEO plugin. -->","yoast_head_json":{"title":"Invisibili, il documentario che testimonia le reazioni avverse da vaccino covid 19 a Belluno, Calalzo, Feltre e Agordo - Bellunopress - Dolomiti","robots":{"index":"index","follow":"follow","max-snippet":"max-snippet:-1","max-image-preview":"max-image-preview:large","max-video-preview":"max-video-preview:-1"},"canonical":"https:\/\/www.bellunopress.it\/fr\/2023\/01\/07\/invisibili-il-documentario-che-testimonia-le-reazioni-avverse-da-vaccino-covid-19-a-belluno-feltre-e-agordo\/","og_locale":"fr_FR","og_type":"article","og_title":"Invisibili, il documentario che testimonia le reazioni avverse da vaccino covid 19 a Belluno, Calalzo, Feltre e Agordo - Bellunopress - Dolomiti","og_description":"Arriva in provincia di Belluno il documentario \u201cInvisibili\u201d che denuncia le reazioni avverse da vaccino covid19. Un lavoro temuto e censurato dal mainstream, con la regia di Paolo Cassina e Alessandro Amori, musiche di Nicola Bottos, durata 91\u2019 e 46\u2019\u2019 produzione Playmastermovie. Al momento sono tre le date in programma nel Bellunese:\u00a0 domenica 22 gennaio [&hellip;]","og_url":"https:\/\/www.bellunopress.it\/fr\/2023\/01\/07\/invisibili-il-documentario-che-testimonia-le-reazioni-avverse-da-vaccino-covid-19-a-belluno-feltre-e-agordo\/","og_site_name":"Bellunopress - Dolomiti","article_publisher":"https:\/\/www.facebook.com\/profile.php?id=100008943462799","article_published_time":"2023-01-07T20:56:59+00:00","article_modified_time":"2023-01-12T06:35:52+00:00","og_image":[{"width":713,"height":1000,"url":"https:\/\/www.bellunopress.it\/wp-content\/uploads\/2023\/01\/invisibili-definitivo_edited.jpg","type":"image\/jpeg"}],"author":"redazione","twitter_card":"summary_large_image","twitter_creator":"@bellunopress","twitter_site":"@bellunopress","twitter_misc":{"\u00c9crit par":"redazione","Dur\u00e9e de lecture estim\u00e9e":"3 minutes"},"schema":{"@context":"https:\/\/schema.org","@graph":[{"@type":"Article","@id":"https:\/\/www.bellunopress.it\/2023\/01\/07\/invisibili-il-documentario-che-testimonia-le-reazioni-avverse-da-vaccino-covid-19-a-belluno-feltre-e-agordo\/#article","isPartOf":{"@id":"https:\/\/www.bellunopress.it\/2023\/01\/07\/invisibili-il-documentario-che-testimonia-le-reazioni-avverse-da-vaccino-covid-19-a-belluno-feltre-e-agordo\/"},"author":{"name":"redazione","@id":"https:\/\/www.bellunopress.it\/#\/schema\/person\/79bb06722b37ece1c03d3e94beb30d73"},"headline":"Invisibili, il documentario che testimonia le reazioni avverse da vaccino covid 19 a Belluno, Calalzo, Feltre e Agordo","datePublished":"2023-01-07T20:56:59+00:00","dateModified":"2023-01-12T06:35:52+00:00","mainEntityOfPage":{"@id":"https:\/\/www.bellunopress.it\/2023\/01\/07\/invisibili-il-documentario-che-testimonia-le-reazioni-avverse-da-vaccino-covid-19-a-belluno-feltre-e-agordo\/"},"wordCount":397,"publisher":{"@id":"https:\/\/www.bellunopress.it\/#organization"},"image":{"@id":"https:\/\/www.bellunopress.it\/2023\/01\/07\/invisibili-il-documentario-che-testimonia-le-reazioni-avverse-da-vaccino-covid-19-a-belluno-feltre-e-agordo\/#primaryimage"},"thumbnailUrl":"https:\/\/www.bellunopress.it\/wp-content\/uploads\/2023\/01\/invisibili-definitivo_edited.jpg","articleSection":["Appuntamenti, Eventi","Arte, Cultura, Spettacoli, Scienza","Featured","Pausa Caff\u00e8","Sanit\u00e0 Medicina"],"inLanguage":"fr-FR"},{"@type":"WebPage","@id":"https:\/\/www.bellunopress.it\/2023\/01\/07\/invisibili-il-documentario-che-testimonia-le-reazioni-avverse-da-vaccino-covid-19-a-belluno-feltre-e-agordo\/","url":"https:\/\/www.bellunopress.it\/2023\/01\/07\/invisibili-il-documentario-che-testimonia-le-reazioni-avverse-da-vaccino-covid-19-a-belluno-feltre-e-agordo\/","name":"Invisibili, il documentario che testimonia le reazioni avverse da vaccino covid 19 a Belluno, Calalzo, Feltre e Agordo - Bellunopress - Dolomiti","isPartOf":{"@id":"https:\/\/www.bellunopress.it\/#website"},"primaryImageOfPage":{"@id":"https:\/\/www.bellunopress.it\/2023\/01\/07\/invisibili-il-documentario-che-testimonia-le-reazioni-avverse-da-vaccino-covid-19-a-belluno-feltre-e-agordo\/#primaryimage"},"image":{"@id":"https:\/\/www.bellunopress.it\/2023\/01\/07\/invisibili-il-documentario-che-testimonia-le-reazioni-avverse-da-vaccino-covid-19-a-belluno-feltre-e-agordo\/#primaryimage"},"thumbnailUrl":"https:\/\/www.bellunopress.it\/wp-content\/uploads\/2023\/01\/invisibili-definitivo_edited.jpg","datePublished":"2023-01-07T20:56:59+00:00","dateModified":"2023-01-12T06:35:52+00:00","breadcrumb":{"@id":"https:\/\/www.bellunopress.it\/2023\/01\/07\/invisibili-il-documentario-che-testimonia-le-reazioni-avverse-da-vaccino-covid-19-a-belluno-feltre-e-agordo\/#breadcrumb"},"inLanguage":"fr-FR","potentialAction":[{"@type":"ReadAction","target":["https:\/\/www.bellunopress.it\/2023\/01\/07\/invisibili-il-documentario-che-testimonia-le-reazioni-avverse-da-vaccino-covid-19-a-belluno-feltre-e-agordo\/"]}]},{"@type":"ImageObject","inLanguage":"fr-FR","@id":"https:\/\/www.bellunopress.it\/2023\/01\/07\/invisibili-il-documentario-che-testimonia-le-reazioni-avverse-da-vaccino-covid-19-a-belluno-feltre-e-agordo\/#primaryimage","url":"https:\/\/www.bellunopress.it\/wp-content\/uploads\/2023\/01\/invisibili-definitivo_edited.jpg","contentUrl":"https:\/\/www.bellunopress.it\/wp-content\/uploads\/2023\/01\/invisibili-definitivo_edited.jpg","width":713,"height":1000},{"@type":"BreadcrumbList","@id":"https:\/\/www.bellunopress.it\/2023\/01\/07\/invisibili-il-documentario-che-testimonia-le-reazioni-avverse-da-vaccino-covid-19-a-belluno-feltre-e-agordo\/#breadcrumb","itemListElement":[{"@type":"ListItem","position":1,"name":"Home","item":"https:\/\/www.bellunopress.it\/"},{"@type":"ListItem","position":2,"name":"Invisibili, il documentario che testimonia le reazioni avverse da vaccino covid 19 a Belluno, Calalzo, Feltre e Agordo"}]},{"@type":"WebSite","@id":"https:\/\/www.bellunopress.it\/#website","url":"https:\/\/www.bellunopress.it\/","name":"Bellunopress - Dolomiti","description":"e-mail: redazione@bellunopress.it","publisher":{"@id":"https:\/\/www.bellunopress.it\/#organization"},"potentialAction":[{"@type":"SearchAction","target":{"@type":"EntryPoint","urlTemplate":"https:\/\/www.bellunopress.it\/?s={search_term_string}"},"query-input":{"@type":"PropertyValueSpecification","valueRequired":true,"valueName":"search_term_string"}}],"inLanguage":"fr-FR"},{"@type":"Organization","@id":"https:\/\/www.bellunopress.it\/#organization","name":"Bellunopress","url":"https:\/\/www.bellunopress.it\/","logo":{"@type":"ImageObject","inLanguage":"fr-FR","@id":"https:\/\/www.bellunopress.it\/#\/schema\/logo\/image\/","url":"https:\/\/www.bellunopress.it\/wp-content\/uploads\/2011\/05\/cropped-logo-bellunopress-.jpg","contentUrl":"https:\/\/www.bellunopress.it\/wp-content\/uploads\/2011\/05\/cropped-logo-bellunopress-.jpg","width":512,"height":512,"caption":"Bellunopress"},"image":{"@id":"https:\/\/www.bellunopress.it\/#\/schema\/logo\/image\/"},"sameAs":["https:\/\/www.facebook.com\/profile.php?id=100008943462799","https:\/\/x.com\/bellunopress","https:\/\/www.linkedin.com\/hp\/?dnr=JBzUWaJfMUw8vbXJJ2tVW5-I3jZKvC4wsoxE&amp;amp;amp;amp;amp;amp;trk=nav_responsive_tab_home","https:\/\/www.youtube.com\/channel\/UCxL0wu1uN0_3_7hGG0306cw"]},{"@type":"Person","@id":"https:\/\/www.bellunopress.it\/#\/schema\/person\/79bb06722b37ece1c03d3e94beb30d73","name":"r\u00e9daction","image":{"@type":"ImageObject","inLanguage":"fr-FR","@id":"https:\/\/secure.gravatar.com\/avatar\/37d968a2e67a6fd04c169c4bdef102d0bc5d31b2546345219e348575eb80e9a0?s=96&d=mm&r=g","url":"https:\/\/secure.gravatar.com\/avatar\/37d968a2e67a6fd04c169c4bdef102d0bc5d31b2546345219e348575eb80e9a0?s=96&d=mm&r=g","contentUrl":"https:\/\/secure.gravatar.com\/avatar\/37d968a2e67a6fd04c169c4bdef102d0bc5d31b2546345219e348575eb80e9a0?s=96&d=mm&r=g","caption":"redazione"},"sameAs":["http:\/\/www.bellunopress.it","https:\/\/x.com\/bellunopress"],"url":"https:\/\/www.bellunopress.it\/fr\/author\/redazione\/"}]}},"_links":{"self":[{"href":"https:\/\/www.bellunopress.it\/fr\/wp-json\/wp\/v2\/posts\/138894","targetHints":{"allow":["GET"]}}],"collection":[{"href":"https:\/\/www.bellunopress.it\/fr\/wp-json\/wp\/v2\/posts"}],"about":[{"href":"https:\/\/www.bellunopress.it\/fr\/wp-json\/wp\/v2\/types\/post"}],"author":[{"embeddable":true,"href":"https:\/\/www.bellunopress.it\/fr\/wp-json\/wp\/v2\/users\/2"}],"replies":[{"embeddable":true,"href":"https:\/\/www.bellunopress.it\/fr\/wp-json\/wp\/v2\/comments?post=138894"}],"version-history":[{"count":5,"href":"https:\/\/www.bellunopress.it\/fr\/wp-json\/wp\/v2\/posts\/138894\/revisions"}],"predecessor-version":[{"id":138989,"href":"https:\/\/www.bellunopress.it\/fr\/wp-json\/wp\/v2\/posts\/138894\/revisions\/138989"}],"wp:featuredmedia":[{"embeddable":true,"href":"https:\/\/www.bellunopress.it\/fr\/wp-json\/wp\/v2\/media\/138986"}],"wp:attachment":[{"href":"https:\/\/www.bellunopress.it\/fr\/wp-json\/wp\/v2\/media?parent=138894"}],"wp:term":[{"taxonomy":"category","embeddable":true,"href":"https:\/\/www.bellunopress.it\/fr\/wp-json\/wp\/v2\/categories?post=138894"},{"taxonomy":"post_tag","embeddable":true,"href":"https:\/\/www.bellunopress.it\/fr\/wp-json\/wp\/v2\/tags?post=138894"}],"curies":[{"name":"wp","href":"https:\/\/api.w.org\/{rel}","templated":true}]}}