{"id":138881,"date":"2023-01-07T14:20:16","date_gmt":"2023-01-07T13:20:16","guid":{"rendered":"https:\/\/www.bellunopress.it\/?p=138881"},"modified":"2023-01-07T14:21:19","modified_gmt":"2023-01-07T13:21:19","slug":"138881","status":"publish","type":"post","link":"https:\/\/www.bellunopress.it\/fr\/2023\/01\/07\/138881\/","title":{"rendered":"La ballerina di tango di Battiston al punto vendita vini Casere di Cavarzano"},"content":{"rendered":"<figure id=\"attachment_138882\" aria-describedby=\"caption-attachment-138882\" style=\"width: 1000px\" class=\"wp-caption alignleft\"><img loading=\"lazy\" decoding=\"async\" class=\"size-full wp-image-138882\" src=\"https:\/\/www.bellunopress.it\/wp-content\/uploads\/2023\/01\/tiziano-battiston-ballerina-di-tango.jpg\" alt=\"\" width=\"1000\" height=\"687\" srcset=\"https:\/\/www.bellunopress.it\/wp-content\/uploads\/2023\/01\/tiziano-battiston-ballerina-di-tango.jpg 1000w, https:\/\/www.bellunopress.it\/wp-content\/uploads\/2023\/01\/tiziano-battiston-ballerina-di-tango-500x344.jpg 500w, https:\/\/www.bellunopress.it\/wp-content\/uploads\/2023\/01\/tiziano-battiston-ballerina-di-tango-218x150.jpg 218w, https:\/\/www.bellunopress.it\/wp-content\/uploads\/2023\/01\/tiziano-battiston-ballerina-di-tango-696x478.jpg 696w, https:\/\/www.bellunopress.it\/wp-content\/uploads\/2023\/01\/tiziano-battiston-ballerina-di-tango-611x420.jpg 611w, https:\/\/www.bellunopress.it\/wp-content\/uploads\/2023\/01\/tiziano-battiston-ballerina-di-tango-100x70.jpg 100w\" sizes=\"auto, (max-width: 1000px) 100vw, 1000px\" \/><figcaption id=\"caption-attachment-138882\" class=\"wp-caption-text\">Tiziano Battiston con la sua opera La ballerina di tango<\/figcaption><\/figure>\n<p>Belluno, 7 gennaio 2023 &#8211; &#8220;Non so quale sia la chiave del successo, sono certo per\u00f2 che la chiave per il fallimento sia quella di cercare di accontentare tutti&#8221;. A dirlo \u00e8 l&#8217;artista bellunese Tiziano Battiston, che oggi ha presentato la sua recente opera &#8220;La ballerina di tango&#8221; nel negozio di Belluno, a Cavarzano in via Pietro Trois, 59, punto vendita dei vini \u201cCasere\u201d. La ballerina di Battiston rimarr\u00e0 esposta come di consueto per un mese, grazie alla felice e consolidata iniziativa di Robi e Luci, che accoglie con un festoso brindisi gli artisti bellunesi.<\/p>\n<p>Tiziano Battiston \u00e8 nato a Belluno nel 1956, \u00e8 pittore autodidatta. La passione per la pittura l&#8217;ha avuta fin da piccolo. Ha partecipato a diversi concorsi e collettive di pittura distinguendosi per il suo stile. Da diversi anni ha fatto della sua passione la professione della sua vita, sempre libero da schemi e convenzioni. I suoi quadri sono delle finestre sulla realt\u00e0, lontana nel tempo, che l&#8217;artista vive ed interpreta. I suoi sentimenti insomma, vanno oltre il muro della semplice analisi della tela.<\/p>\n<p>&nbsp;<\/p>\n<p>&nbsp;<\/p>","protected":false},"excerpt":{"rendered":"<p>Belluno, 7 gennaio 2023 &#8211; &#8220;Non so quale sia la chiave del successo, sono certo per\u00f2 che la chiave per il fallimento sia quella di cercare di accontentare tutti&#8221;. A dirlo \u00e8 l&#8217;artista bellunese Tiziano Battiston, che oggi ha presentato la sua recente opera &#8220;La ballerina di tango&#8221; nel negozio di Belluno, a Cavarzano in [&hellip;]<\/p>\n","protected":false},"author":2,"featured_media":138882,"comment_status":"closed","ping_status":"open","sticky":false,"template":"","format":"standard","meta":{"footnotes":""},"categories":[3,25],"tags":[],"class_list":["post-138881","post","type-post","status-publish","format-standard","has-post-thumbnail","category-arte-cultura-spettacoli-scienza-archivi","category-pausa-caffe"],"yoast_head":"<!-- This site is optimized with the Yoast SEO plugin v28.4 - https:\/\/yoast.com\/product\/yoast-seo-wordpress\/ -->\n<title>La ballerina di tango di Battiston al punto vendita vini Casere di Cavarzano - Bellunopress - Dolomiti<\/title>\n<meta name=\"robots\" content=\"index, follow, max-snippet:-1, max-image-preview:large, max-video-preview:-1\" \/>\n<link rel=\"canonical\" href=\"https:\/\/www.bellunopress.it\/fr\/2023\/01\/07\/138881\/\" \/>\n<meta property=\"og:locale\" content=\"fr_FR\" \/>\n<meta property=\"og:type\" content=\"article\" \/>\n<meta property=\"og:title\" content=\"La ballerina di tango di Battiston al punto vendita vini Casere di Cavarzano - Bellunopress - Dolomiti\" \/>\n<meta property=\"og:description\" content=\"Belluno, 7 gennaio 2023 &#8211; &#8220;Non so quale sia la chiave del successo, sono certo per\u00f2 che la chiave per il fallimento sia quella di cercare di accontentare tutti&#8221;. A dirlo \u00e8 l&#8217;artista bellunese Tiziano Battiston, che oggi ha presentato la sua recente opera &#8220;La ballerina di tango&#8221; nel negozio di Belluno, a Cavarzano in [&hellip;]\" \/>\n<meta property=\"og:url\" content=\"https:\/\/www.bellunopress.it\/fr\/2023\/01\/07\/138881\/\" \/>\n<meta property=\"og:site_name\" content=\"Bellunopress - Dolomiti\" \/>\n<meta property=\"article:publisher\" content=\"https:\/\/www.facebook.com\/profile.php?id=100008943462799\" \/>\n<meta property=\"article:published_time\" content=\"2023-01-07T13:20:16+00:00\" \/>\n<meta property=\"article:modified_time\" content=\"2023-01-07T13:21:19+00:00\" \/>\n<meta property=\"og:image\" content=\"https:\/\/www.bellunopress.it\/wp-content\/uploads\/2023\/01\/tiziano-battiston-ballerina-di-tango.jpg\" \/>\n\t<meta property=\"og:image:width\" content=\"1000\" \/>\n\t<meta property=\"og:image:height\" content=\"687\" \/>\n\t<meta property=\"og:image:type\" content=\"image\/jpeg\" \/>\n<meta name=\"author\" content=\"redazione\" \/>\n<meta name=\"twitter:card\" content=\"summary_large_image\" \/>\n<meta name=\"twitter:creator\" content=\"@bellunopress\" \/>\n<meta name=\"twitter:site\" content=\"@bellunopress\" \/>\n<meta name=\"twitter:label1\" content=\"\u00c9crit par\" \/>\n\t<meta name=\"twitter:data1\" content=\"redazione\" \/>\n\t<meta name=\"twitter:label2\" content=\"Dur\u00e9e de lecture estim\u00e9e\" \/>\n\t<meta name=\"twitter:data2\" content=\"2 minutes\" \/>\n<script type=\"application\/ld+json\" class=\"yoast-schema-graph\">{\"@context\":\"https:\\\/\\\/schema.org\",\"@graph\":[{\"@type\":\"Article\",\"@id\":\"https:\\\/\\\/www.bellunopress.it\\\/2023\\\/01\\\/07\\\/138881\\\/#article\",\"isPartOf\":{\"@id\":\"https:\\\/\\\/www.bellunopress.it\\\/2023\\\/01\\\/07\\\/138881\\\/\"},\"author\":{\"name\":\"redazione\",\"@id\":\"https:\\\/\\\/www.bellunopress.it\\\/#\\\/schema\\\/person\\\/79bb06722b37ece1c03d3e94beb30d73\"},\"headline\":\"La ballerina di tango di Battiston al punto vendita vini Casere di Cavarzano\",\"datePublished\":\"2023-01-07T13:20:16+00:00\",\"dateModified\":\"2023-01-07T13:21:19+00:00\",\"mainEntityOfPage\":{\"@id\":\"https:\\\/\\\/www.bellunopress.it\\\/2023\\\/01\\\/07\\\/138881\\\/\"},\"wordCount\":206,\"publisher\":{\"@id\":\"https:\\\/\\\/www.bellunopress.it\\\/#organization\"},\"image\":{\"@id\":\"https:\\\/\\\/www.bellunopress.it\\\/2023\\\/01\\\/07\\\/138881\\\/#primaryimage\"},\"thumbnailUrl\":\"https:\\\/\\\/www.bellunopress.it\\\/wp-content\\\/uploads\\\/2023\\\/01\\\/tiziano-battiston-ballerina-di-tango.jpg\",\"articleSection\":[\"Arte, Cultura, Spettacoli, Scienza\",\"Pausa Caff\u00e8\"],\"inLanguage\":\"fr-FR\"},{\"@type\":\"WebPage\",\"@id\":\"https:\\\/\\\/www.bellunopress.it\\\/2023\\\/01\\\/07\\\/138881\\\/\",\"url\":\"https:\\\/\\\/www.bellunopress.it\\\/2023\\\/01\\\/07\\\/138881\\\/\",\"name\":\"La ballerina di tango di Battiston al punto vendita vini Casere di Cavarzano - Bellunopress - Dolomiti\",\"isPartOf\":{\"@id\":\"https:\\\/\\\/www.bellunopress.it\\\/#website\"},\"primaryImageOfPage\":{\"@id\":\"https:\\\/\\\/www.bellunopress.it\\\/2023\\\/01\\\/07\\\/138881\\\/#primaryimage\"},\"image\":{\"@id\":\"https:\\\/\\\/www.bellunopress.it\\\/2023\\\/01\\\/07\\\/138881\\\/#primaryimage\"},\"thumbnailUrl\":\"https:\\\/\\\/www.bellunopress.it\\\/wp-content\\\/uploads\\\/2023\\\/01\\\/tiziano-battiston-ballerina-di-tango.jpg\",\"datePublished\":\"2023-01-07T13:20:16+00:00\",\"dateModified\":\"2023-01-07T13:21:19+00:00\",\"breadcrumb\":{\"@id\":\"https:\\\/\\\/www.bellunopress.it\\\/2023\\\/01\\\/07\\\/138881\\\/#breadcrumb\"},\"inLanguage\":\"fr-FR\",\"potentialAction\":[{\"@type\":\"ReadAction\",\"target\":[\"https:\\\/\\\/www.bellunopress.it\\\/2023\\\/01\\\/07\\\/138881\\\/\"]}]},{\"@type\":\"ImageObject\",\"inLanguage\":\"fr-FR\",\"@id\":\"https:\\\/\\\/www.bellunopress.it\\\/2023\\\/01\\\/07\\\/138881\\\/#primaryimage\",\"url\":\"https:\\\/\\\/www.bellunopress.it\\\/wp-content\\\/uploads\\\/2023\\\/01\\\/tiziano-battiston-ballerina-di-tango.jpg\",\"contentUrl\":\"https:\\\/\\\/www.bellunopress.it\\\/wp-content\\\/uploads\\\/2023\\\/01\\\/tiziano-battiston-ballerina-di-tango.jpg\",\"width\":1000,\"height\":687,\"caption\":\"Tiziano Battiston con la sua opera La ballerina di tango\"},{\"@type\":\"BreadcrumbList\",\"@id\":\"https:\\\/\\\/www.bellunopress.it\\\/2023\\\/01\\\/07\\\/138881\\\/#breadcrumb\",\"itemListElement\":[{\"@type\":\"ListItem\",\"position\":1,\"name\":\"Home\",\"item\":\"https:\\\/\\\/www.bellunopress.it\\\/\"},{\"@type\":\"ListItem\",\"position\":2,\"name\":\"La ballerina di tango di Battiston al punto vendita vini Casere di Cavarzano\"}]},{\"@type\":\"WebSite\",\"@id\":\"https:\\\/\\\/www.bellunopress.it\\\/#website\",\"url\":\"https:\\\/\\\/www.bellunopress.it\\\/\",\"name\":\"Bellunopress - Dolomiti\",\"description\":\"e-mail: redazione@bellunopress.it\",\"publisher\":{\"@id\":\"https:\\\/\\\/www.bellunopress.it\\\/#organization\"},\"potentialAction\":[{\"@type\":\"SearchAction\",\"target\":{\"@type\":\"EntryPoint\",\"urlTemplate\":\"https:\\\/\\\/www.bellunopress.it\\\/?s={search_term_string}\"},\"query-input\":{\"@type\":\"PropertyValueSpecification\",\"valueRequired\":true,\"valueName\":\"search_term_string\"}}],\"inLanguage\":\"fr-FR\"},{\"@type\":\"Organization\",\"@id\":\"https:\\\/\\\/www.bellunopress.it\\\/#organization\",\"name\":\"Bellunopress\",\"url\":\"https:\\\/\\\/www.bellunopress.it\\\/\",\"logo\":{\"@type\":\"ImageObject\",\"inLanguage\":\"fr-FR\",\"@id\":\"https:\\\/\\\/www.bellunopress.it\\\/#\\\/schema\\\/logo\\\/image\\\/\",\"url\":\"https:\\\/\\\/www.bellunopress.it\\\/wp-content\\\/uploads\\\/2011\\\/05\\\/cropped-logo-bellunopress-.jpg\",\"contentUrl\":\"https:\\\/\\\/www.bellunopress.it\\\/wp-content\\\/uploads\\\/2011\\\/05\\\/cropped-logo-bellunopress-.jpg\",\"width\":512,\"height\":512,\"caption\":\"Bellunopress\"},\"image\":{\"@id\":\"https:\\\/\\\/www.bellunopress.it\\\/#\\\/schema\\\/logo\\\/image\\\/\"},\"sameAs\":[\"https:\\\/\\\/www.facebook.com\\\/profile.php?id=100008943462799\",\"https:\\\/\\\/x.com\\\/bellunopress\",\"https:\\\/\\\/www.linkedin.com\\\/hp\\\/?dnr=JBzUWaJfMUw8vbXJJ2tVW5-I3jZKvC4wsoxE&amp;amp;amp;amp;amp;amp;trk=nav_responsive_tab_home\",\"https:\\\/\\\/www.youtube.com\\\/channel\\\/UCxL0wu1uN0_3_7hGG0306cw\"]},{\"@type\":\"Person\",\"@id\":\"https:\\\/\\\/www.bellunopress.it\\\/#\\\/schema\\\/person\\\/79bb06722b37ece1c03d3e94beb30d73\",\"name\":\"redazione\",\"image\":{\"@type\":\"ImageObject\",\"inLanguage\":\"fr-FR\",\"@id\":\"https:\\\/\\\/secure.gravatar.com\\\/avatar\\\/37d968a2e67a6fd04c169c4bdef102d0bc5d31b2546345219e348575eb80e9a0?s=96&d=mm&r=g\",\"url\":\"https:\\\/\\\/secure.gravatar.com\\\/avatar\\\/37d968a2e67a6fd04c169c4bdef102d0bc5d31b2546345219e348575eb80e9a0?s=96&d=mm&r=g\",\"contentUrl\":\"https:\\\/\\\/secure.gravatar.com\\\/avatar\\\/37d968a2e67a6fd04c169c4bdef102d0bc5d31b2546345219e348575eb80e9a0?s=96&d=mm&r=g\",\"caption\":\"redazione\"},\"sameAs\":[\"http:\\\/\\\/www.bellunopress.it\",\"https:\\\/\\\/x.com\\\/bellunopress\"],\"url\":\"https:\\\/\\\/www.bellunopress.it\\\/fr\\\/author\\\/redazione\\\/\"}]}<\/script>\n<!-- \/ Yoast SEO plugin. -->","yoast_head_json":{"title":"La ballerina di tango di Battiston al punto vendita vini Casere di Cavarzano - Bellunopress - Dolomiti","robots":{"index":"index","follow":"follow","max-snippet":"max-snippet:-1","max-image-preview":"max-image-preview:large","max-video-preview":"max-video-preview:-1"},"canonical":"https:\/\/www.bellunopress.it\/fr\/2023\/01\/07\/138881\/","og_locale":"fr_FR","og_type":"article","og_title":"La ballerina di tango di Battiston al punto vendita vini Casere di Cavarzano - Bellunopress - Dolomiti","og_description":"Belluno, 7 gennaio 2023 &#8211; &#8220;Non so quale sia la chiave del successo, sono certo per\u00f2 che la chiave per il fallimento sia quella di cercare di accontentare tutti&#8221;. A dirlo \u00e8 l&#8217;artista bellunese Tiziano Battiston, che oggi ha presentato la sua recente opera &#8220;La ballerina di tango&#8221; nel negozio di Belluno, a Cavarzano in [&hellip;]","og_url":"https:\/\/www.bellunopress.it\/fr\/2023\/01\/07\/138881\/","og_site_name":"Bellunopress - Dolomiti","article_publisher":"https:\/\/www.facebook.com\/profile.php?id=100008943462799","article_published_time":"2023-01-07T13:20:16+00:00","article_modified_time":"2023-01-07T13:21:19+00:00","og_image":[{"width":1000,"height":687,"url":"https:\/\/www.bellunopress.it\/wp-content\/uploads\/2023\/01\/tiziano-battiston-ballerina-di-tango.jpg","type":"image\/jpeg"}],"author":"redazione","twitter_card":"summary_large_image","twitter_creator":"@bellunopress","twitter_site":"@bellunopress","twitter_misc":{"\u00c9crit par":"redazione","Dur\u00e9e de lecture estim\u00e9e":"2 minutes"},"schema":{"@context":"https:\/\/schema.org","@graph":[{"@type":"Article","@id":"https:\/\/www.bellunopress.it\/2023\/01\/07\/138881\/#article","isPartOf":{"@id":"https:\/\/www.bellunopress.it\/2023\/01\/07\/138881\/"},"author":{"name":"redazione","@id":"https:\/\/www.bellunopress.it\/#\/schema\/person\/79bb06722b37ece1c03d3e94beb30d73"},"headline":"La ballerina di tango di Battiston al punto vendita vini Casere di Cavarzano","datePublished":"2023-01-07T13:20:16+00:00","dateModified":"2023-01-07T13:21:19+00:00","mainEntityOfPage":{"@id":"https:\/\/www.bellunopress.it\/2023\/01\/07\/138881\/"},"wordCount":206,"publisher":{"@id":"https:\/\/www.bellunopress.it\/#organization"},"image":{"@id":"https:\/\/www.bellunopress.it\/2023\/01\/07\/138881\/#primaryimage"},"thumbnailUrl":"https:\/\/www.bellunopress.it\/wp-content\/uploads\/2023\/01\/tiziano-battiston-ballerina-di-tango.jpg","articleSection":["Arte, Cultura, Spettacoli, Scienza","Pausa Caff\u00e8"],"inLanguage":"fr-FR"},{"@type":"WebPage","@id":"https:\/\/www.bellunopress.it\/2023\/01\/07\/138881\/","url":"https:\/\/www.bellunopress.it\/2023\/01\/07\/138881\/","name":"La ballerina di tango di Battiston al punto vendita vini Casere di Cavarzano - Bellunopress - Dolomiti","isPartOf":{"@id":"https:\/\/www.bellunopress.it\/#website"},"primaryImageOfPage":{"@id":"https:\/\/www.bellunopress.it\/2023\/01\/07\/138881\/#primaryimage"},"image":{"@id":"https:\/\/www.bellunopress.it\/2023\/01\/07\/138881\/#primaryimage"},"thumbnailUrl":"https:\/\/www.bellunopress.it\/wp-content\/uploads\/2023\/01\/tiziano-battiston-ballerina-di-tango.jpg","datePublished":"2023-01-07T13:20:16+00:00","dateModified":"2023-01-07T13:21:19+00:00","breadcrumb":{"@id":"https:\/\/www.bellunopress.it\/2023\/01\/07\/138881\/#breadcrumb"},"inLanguage":"fr-FR","potentialAction":[{"@type":"ReadAction","target":["https:\/\/www.bellunopress.it\/2023\/01\/07\/138881\/"]}]},{"@type":"ImageObject","inLanguage":"fr-FR","@id":"https:\/\/www.bellunopress.it\/2023\/01\/07\/138881\/#primaryimage","url":"https:\/\/www.bellunopress.it\/wp-content\/uploads\/2023\/01\/tiziano-battiston-ballerina-di-tango.jpg","contentUrl":"https:\/\/www.bellunopress.it\/wp-content\/uploads\/2023\/01\/tiziano-battiston-ballerina-di-tango.jpg","width":1000,"height":687,"caption":"Tiziano Battiston con la sua opera La ballerina di tango"},{"@type":"BreadcrumbList","@id":"https:\/\/www.bellunopress.it\/2023\/01\/07\/138881\/#breadcrumb","itemListElement":[{"@type":"ListItem","position":1,"name":"Home","item":"https:\/\/www.bellunopress.it\/"},{"@type":"ListItem","position":2,"name":"La ballerina di tango di Battiston al punto vendita vini Casere di Cavarzano"}]},{"@type":"WebSite","@id":"https:\/\/www.bellunopress.it\/#website","url":"https:\/\/www.bellunopress.it\/","name":"Bellunopress - Dolomiti","description":"e-mail: redazione@bellunopress.it","publisher":{"@id":"https:\/\/www.bellunopress.it\/#organization"},"potentialAction":[{"@type":"SearchAction","target":{"@type":"EntryPoint","urlTemplate":"https:\/\/www.bellunopress.it\/?s={search_term_string}"},"query-input":{"@type":"PropertyValueSpecification","valueRequired":true,"valueName":"search_term_string"}}],"inLanguage":"fr-FR"},{"@type":"Organization","@id":"https:\/\/www.bellunopress.it\/#organization","name":"Bellunopress","url":"https:\/\/www.bellunopress.it\/","logo":{"@type":"ImageObject","inLanguage":"fr-FR","@id":"https:\/\/www.bellunopress.it\/#\/schema\/logo\/image\/","url":"https:\/\/www.bellunopress.it\/wp-content\/uploads\/2011\/05\/cropped-logo-bellunopress-.jpg","contentUrl":"https:\/\/www.bellunopress.it\/wp-content\/uploads\/2011\/05\/cropped-logo-bellunopress-.jpg","width":512,"height":512,"caption":"Bellunopress"},"image":{"@id":"https:\/\/www.bellunopress.it\/#\/schema\/logo\/image\/"},"sameAs":["https:\/\/www.facebook.com\/profile.php?id=100008943462799","https:\/\/x.com\/bellunopress","https:\/\/www.linkedin.com\/hp\/?dnr=JBzUWaJfMUw8vbXJJ2tVW5-I3jZKvC4wsoxE&amp;amp;amp;amp;amp;amp;trk=nav_responsive_tab_home","https:\/\/www.youtube.com\/channel\/UCxL0wu1uN0_3_7hGG0306cw"]},{"@type":"Person","@id":"https:\/\/www.bellunopress.it\/#\/schema\/person\/79bb06722b37ece1c03d3e94beb30d73","name":"r\u00e9daction","image":{"@type":"ImageObject","inLanguage":"fr-FR","@id":"https:\/\/secure.gravatar.com\/avatar\/37d968a2e67a6fd04c169c4bdef102d0bc5d31b2546345219e348575eb80e9a0?s=96&d=mm&r=g","url":"https:\/\/secure.gravatar.com\/avatar\/37d968a2e67a6fd04c169c4bdef102d0bc5d31b2546345219e348575eb80e9a0?s=96&d=mm&r=g","contentUrl":"https:\/\/secure.gravatar.com\/avatar\/37d968a2e67a6fd04c169c4bdef102d0bc5d31b2546345219e348575eb80e9a0?s=96&d=mm&r=g","caption":"redazione"},"sameAs":["http:\/\/www.bellunopress.it","https:\/\/x.com\/bellunopress"],"url":"https:\/\/www.bellunopress.it\/fr\/author\/redazione\/"}]}},"_links":{"self":[{"href":"https:\/\/www.bellunopress.it\/fr\/wp-json\/wp\/v2\/posts\/138881","targetHints":{"allow":["GET"]}}],"collection":[{"href":"https:\/\/www.bellunopress.it\/fr\/wp-json\/wp\/v2\/posts"}],"about":[{"href":"https:\/\/www.bellunopress.it\/fr\/wp-json\/wp\/v2\/types\/post"}],"author":[{"embeddable":true,"href":"https:\/\/www.bellunopress.it\/fr\/wp-json\/wp\/v2\/users\/2"}],"replies":[{"embeddable":true,"href":"https:\/\/www.bellunopress.it\/fr\/wp-json\/wp\/v2\/comments?post=138881"}],"version-history":[{"count":2,"href":"https:\/\/www.bellunopress.it\/fr\/wp-json\/wp\/v2\/posts\/138881\/revisions"}],"predecessor-version":[{"id":138884,"href":"https:\/\/www.bellunopress.it\/fr\/wp-json\/wp\/v2\/posts\/138881\/revisions\/138884"}],"wp:featuredmedia":[{"embeddable":true,"href":"https:\/\/www.bellunopress.it\/fr\/wp-json\/wp\/v2\/media\/138882"}],"wp:attachment":[{"href":"https:\/\/www.bellunopress.it\/fr\/wp-json\/wp\/v2\/media?parent=138881"}],"wp:term":[{"taxonomy":"category","embeddable":true,"href":"https:\/\/www.bellunopress.it\/fr\/wp-json\/wp\/v2\/categories?post=138881"},{"taxonomy":"post_tag","embeddable":true,"href":"https:\/\/www.bellunopress.it\/fr\/wp-json\/wp\/v2\/tags?post=138881"}],"curies":[{"name":"wp","href":"https:\/\/api.w.org\/{rel}","templated":true}]}}