{"id":138878,"date":"2023-01-07T06:59:47","date_gmt":"2023-01-07T05:59:47","guid":{"rendered":"https:\/\/www.bellunopress.it\/?p=138878"},"modified":"2023-01-07T06:59:47","modified_gmt":"2023-01-07T05:59:47","slug":"calendario-prossimi-eventi-a-sospirolo","status":"publish","type":"post","link":"https:\/\/www.bellunopress.it\/fr\/2023\/01\/07\/calendario-prossimi-eventi-a-sospirolo\/","title":{"rendered":"Calendario prossimi eventi a Sospirolo"},"content":{"rendered":"<figure id=\"attachment_126736\" aria-describedby=\"caption-attachment-126736\" style=\"width: 683px\" class=\"wp-caption alignleft\"><img loading=\"lazy\" decoding=\"async\" class=\"size-full wp-image-126736\" src=\"https:\/\/www.bellunopress.it\/wp-content\/uploads\/2021\/08\/biblioteca-civica-sospirolo_edited.jpg\" alt=\"\" width=\"683\" height=\"800\" srcset=\"https:\/\/www.bellunopress.it\/wp-content\/uploads\/2021\/08\/biblioteca-civica-sospirolo_edited.jpg 683w, https:\/\/www.bellunopress.it\/wp-content\/uploads\/2021\/08\/biblioteca-civica-sospirolo_edited-427x500.jpg 427w, https:\/\/www.bellunopress.it\/wp-content\/uploads\/2021\/08\/biblioteca-civica-sospirolo_edited-359x420.jpg 359w\" sizes=\"auto, (max-width: 683px) 100vw, 683px\" \/><figcaption id=\"caption-attachment-126736\" class=\"wp-caption-text\">Biblioteca Civica di Sospirolo<\/figcaption><\/figure>\n<p>Domenica 8 gennaio alle 17.00 al Centro civico di Sospirolo \u201cStorie di gatti, rane e di persone strane\u201d.<br \/>\nPomeriggio divertente per bambini e famiglie con letture animate e intermezzi musicali.<br \/>\nCon la partecipazione di: Giovanni Trimeri, Eugenia Caldart, Rino Budel, Francesco Scarf\u00f2, Antonella Tafner, Silvana Vignaga e GianAntonio Cecchin.<\/p>\n<p>Evento conclusivo della Mostra delle tavole del libro \u201cLa favolosa storia della rana del lago di Vedana\u201d.<br \/>\nIngresso Libero<\/p>\n<p>\u00b0\u00b0\u00b0\u00b0\u00b0\u00b0\u00b0\u00b0\u00b0\u00b0\u00b0\u00b0\u00b0\u00b0\u00b0\u00b0\u00b0\u00b0\u00b0\u00b0\u00b0\u00b0\u00b0\u00b0\u00b0\u00b0\u00b0\u00b0\u00b0\u00b0\u00b0\u00b0\u00b0\u00b0\u00b0\u00b0\u00b0\u00b0\u00b0\u00b0\u00b0\u00b0\u00b0\u00b0\u00b0\u00b0\u00b0\u00b0\u00b0\u00b0\u00b0\u00b0\u00b0\u00b0\u00b0\u00b0\u00b0\u00b0\u00b0\u00b0\u00b0\u00b0\u00b0\u00b0<\/p>\n<p>Marted\u00ec 17 gennaio alle 20.30 al Centro civico di Sospirolo spettacolo teatrale \u201cSe no i \u00e9 mat no i volon\u201d tratto da \u201cSe no i Xe mati, no li volemo\u201d di Gino Rocca in 3 atti dell\u2019Ass. Culturale Anfibi Spaiati.<br \/>\nPer la giornata nazionale del Dialetto e delle Lingue parlate.<\/p>\n<p>E&#8217; senza dubbio il capolavoro teatrale di Gino Rocca. Il testo fu rappresentato nel 1926. E\u2019 una commedia amara, un impietoso ritratto del mondo di provincia, un testo sorprendente che liquida il mito della provincia bonaria e ne svela, invece, senza piet\u00e0, la faccia torbida e violenta. Una provincia di falliti non ancora rassegnati, di uomini vendicativi, di anime invelenite, di uomini e donne fragili. Personaggi che appartengono alla schiera dei vinti, le cui azioni sono destinate a inevitabili fallimenti.<br \/>\nTutta la commedia \u00e8 dominata da un fondo melanconico e nostalgico, tuttavia la dolente poesia di Rocca \u00e8 spesso mitigata da gustose pennellate umoristiche. Grande \u00e8 la sua capacit\u00e0 di bilanciare momenti comici a momenti drammatici. Un testo asciutto, privo di retorica, da recitare con grande \u201cverit\u00e0\u201d; un linguaggio concreto e colorato, il veneto di terraferma, ben lontano da quello lagunare di Goldoni; un dialetto dotato di immediatezza, spontaneit\u00e0, fedelt\u00e0 alla vita.<\/p>\n<p>Ingresso Libero<\/p>\n<p>\u00b0\u00b0\u00b0\u00b0\u00b0\u00b0\u00b0\u00b0\u00b0\u00b0\u00b0\u00b0\u00b0\u00b0\u00b0\u00b0\u00b0\u00b0\u00b0\u00b0\u00b0\u00b0\u00b0\u00b0\u00b0\u00b0\u00b0\u00b0\u00b0\u00b0\u00b0\u00b0\u00b0\u00b0\u00b0\u00b0\u00b0\u00b0\u00b0\u00b0\u00b0\u00b0\u00b0\u00b0\u00b0\u00b0\u00b0\u00b0\u00b0\u00b0\u00b0\u00b0\u00b0\u00b0\u00b0\u00b0\u00b0\u00b0\u00b0\u00b0\u00b0\u00b0\u00b0\u00b0<\/p>\n<p>Gioved\u00ec 19 gennaio ore 20.30 al Centro civico di Sospirolo proiezione del film \u201cInsostenibile. Un viaggio lungo l\u2019Alta via Dolomiti Bellunesi\u201d<br \/>\ncon Diego Toigo e Santi Padr\u00f2s.<\/p>\n<p>Film documentario realizzato da Ruggero Arena e Pietro Bagnara con la collaborazione di Lorenzo Barutta.<\/p>\n<p>Ingresso Libero.<\/p>\n<p>\u00b0\u00b0\u00b0\u00b0\u00b0\u00b0\u00b0\u00b0\u00b0\u00b0\u00b0\u00b0\u00b0\u00b0\u00b0\u00b0\u00b0\u00b0\u00b0\u00b0\u00b0\u00b0\u00b0\u00b0\u00b0\u00b0\u00b0\u00b0\u00b0\u00b0\u00b0\u00b0\u00b0\u00b0\u00b0\u00b0\u00b0\u00b0\u00b0\u00b0\u00b0\u00b0\u00b0\u00b0\u00b0\u00b0\u00b0\u00b0\u00b0\u00b0\u00b0\u00b0\u00b0\u00b0\u00b0\u00b0\u00b0\u00b0\u00b0\u00b0\u00b0\u00b0\u00b0\u00b0<\/p>\n<p>Richiedete il libretto per Bambini\u00a0\u201cLa favolosa storia della rana del lago di Vedana\u201d<\/p>\n<p>Un simpaticissimo regalo &#8211; da leggere in compagnia e in famiglia<\/p>\n<p>Info: proloco@sospirolo.net; 320 334 2082<\/p>\n<p>&nbsp;<\/p>","protected":false},"excerpt":{"rendered":"<p>Domenica 8 gennaio alle 17.00 al Centro civico di Sospirolo \u201cStorie di gatti, rane e di persone strane\u201d. Pomeriggio divertente per bambini e famiglie con letture animate e intermezzi musicali. Con la partecipazione di: Giovanni Trimeri, Eugenia Caldart, Rino Budel, Francesco Scarf\u00f2, Antonella Tafner, Silvana Vignaga e GianAntonio Cecchin. Evento conclusivo della Mostra delle tavole [&hellip;]<\/p>\n","protected":false},"author":2,"featured_media":126736,"comment_status":"closed","ping_status":"open","sticky":false,"template":"","format":"standard","meta":{"footnotes":""},"categories":[27,3,25],"tags":[],"class_list":["post-138878","post","type-post","status-publish","format-standard","has-post-thumbnail","category-appuntamenti","category-arte-cultura-spettacoli-scienza-archivi","category-pausa-caffe"],"yoast_head":"<!-- This site is optimized with the Yoast SEO plugin v28.4 - https:\/\/yoast.com\/product\/yoast-seo-wordpress\/ -->\n<title>Calendario prossimi eventi a Sospirolo - Bellunopress - Dolomiti<\/title>\n<meta name=\"robots\" content=\"index, follow, max-snippet:-1, max-image-preview:large, max-video-preview:-1\" \/>\n<link rel=\"canonical\" href=\"https:\/\/www.bellunopress.it\/fr\/2023\/01\/07\/calendario-prossimi-eventi-a-sospirolo\/\" \/>\n<meta property=\"og:locale\" content=\"fr_FR\" \/>\n<meta property=\"og:type\" content=\"article\" \/>\n<meta property=\"og:title\" content=\"Calendario prossimi eventi a Sospirolo - Bellunopress - Dolomiti\" \/>\n<meta property=\"og:description\" content=\"Domenica 8 gennaio alle 17.00 al Centro civico di Sospirolo \u201cStorie di gatti, rane e di persone strane\u201d. Pomeriggio divertente per bambini e famiglie con letture animate e intermezzi musicali. Con la partecipazione di: Giovanni Trimeri, Eugenia Caldart, Rino Budel, Francesco Scarf\u00f2, Antonella Tafner, Silvana Vignaga e GianAntonio Cecchin. Evento conclusivo della Mostra delle tavole [&hellip;]\" \/>\n<meta property=\"og:url\" content=\"https:\/\/www.bellunopress.it\/fr\/2023\/01\/07\/calendario-prossimi-eventi-a-sospirolo\/\" \/>\n<meta property=\"og:site_name\" content=\"Bellunopress - Dolomiti\" \/>\n<meta property=\"article:publisher\" content=\"https:\/\/www.facebook.com\/profile.php?id=100008943462799\" \/>\n<meta property=\"article:published_time\" content=\"2023-01-07T05:59:47+00:00\" \/>\n<meta property=\"og:image\" content=\"https:\/\/www.bellunopress.it\/wp-content\/uploads\/2021\/08\/biblioteca-civica-sospirolo_edited.jpg\" \/>\n\t<meta property=\"og:image:width\" content=\"683\" \/>\n\t<meta property=\"og:image:height\" content=\"800\" \/>\n\t<meta property=\"og:image:type\" content=\"image\/jpeg\" \/>\n<meta name=\"author\" content=\"redazione\" \/>\n<meta name=\"twitter:card\" content=\"summary_large_image\" \/>\n<meta name=\"twitter:creator\" content=\"@bellunopress\" \/>\n<meta name=\"twitter:site\" content=\"@bellunopress\" \/>\n<meta name=\"twitter:label1\" content=\"\u00c9crit par\" \/>\n\t<meta name=\"twitter:data1\" content=\"redazione\" \/>\n\t<meta name=\"twitter:label2\" content=\"Dur\u00e9e de lecture estim\u00e9e\" \/>\n\t<meta name=\"twitter:data2\" content=\"3 minutes\" \/>\n<script type=\"application\/ld+json\" class=\"yoast-schema-graph\">{\"@context\":\"https:\\\/\\\/schema.org\",\"@graph\":[{\"@type\":\"Article\",\"@id\":\"https:\\\/\\\/www.bellunopress.it\\\/2023\\\/01\\\/07\\\/calendario-prossimi-eventi-a-sospirolo\\\/#article\",\"isPartOf\":{\"@id\":\"https:\\\/\\\/www.bellunopress.it\\\/2023\\\/01\\\/07\\\/calendario-prossimi-eventi-a-sospirolo\\\/\"},\"author\":{\"name\":\"redazione\",\"@id\":\"https:\\\/\\\/www.bellunopress.it\\\/#\\\/schema\\\/person\\\/79bb06722b37ece1c03d3e94beb30d73\"},\"headline\":\"Calendario prossimi eventi a Sospirolo\",\"datePublished\":\"2023-01-07T05:59:47+00:00\",\"mainEntityOfPage\":{\"@id\":\"https:\\\/\\\/www.bellunopress.it\\\/2023\\\/01\\\/07\\\/calendario-prossimi-eventi-a-sospirolo\\\/\"},\"wordCount\":353,\"publisher\":{\"@id\":\"https:\\\/\\\/www.bellunopress.it\\\/#organization\"},\"image\":{\"@id\":\"https:\\\/\\\/www.bellunopress.it\\\/2023\\\/01\\\/07\\\/calendario-prossimi-eventi-a-sospirolo\\\/#primaryimage\"},\"thumbnailUrl\":\"https:\\\/\\\/www.bellunopress.it\\\/wp-content\\\/uploads\\\/2021\\\/08\\\/biblioteca-civica-sospirolo_edited.jpg\",\"articleSection\":[\"Appuntamenti, Eventi\",\"Arte, Cultura, Spettacoli, Scienza\",\"Pausa Caff\u00e8\"],\"inLanguage\":\"fr-FR\"},{\"@type\":\"WebPage\",\"@id\":\"https:\\\/\\\/www.bellunopress.it\\\/2023\\\/01\\\/07\\\/calendario-prossimi-eventi-a-sospirolo\\\/\",\"url\":\"https:\\\/\\\/www.bellunopress.it\\\/2023\\\/01\\\/07\\\/calendario-prossimi-eventi-a-sospirolo\\\/\",\"name\":\"Calendario prossimi eventi a Sospirolo - Bellunopress - Dolomiti\",\"isPartOf\":{\"@id\":\"https:\\\/\\\/www.bellunopress.it\\\/#website\"},\"primaryImageOfPage\":{\"@id\":\"https:\\\/\\\/www.bellunopress.it\\\/2023\\\/01\\\/07\\\/calendario-prossimi-eventi-a-sospirolo\\\/#primaryimage\"},\"image\":{\"@id\":\"https:\\\/\\\/www.bellunopress.it\\\/2023\\\/01\\\/07\\\/calendario-prossimi-eventi-a-sospirolo\\\/#primaryimage\"},\"thumbnailUrl\":\"https:\\\/\\\/www.bellunopress.it\\\/wp-content\\\/uploads\\\/2021\\\/08\\\/biblioteca-civica-sospirolo_edited.jpg\",\"datePublished\":\"2023-01-07T05:59:47+00:00\",\"breadcrumb\":{\"@id\":\"https:\\\/\\\/www.bellunopress.it\\\/2023\\\/01\\\/07\\\/calendario-prossimi-eventi-a-sospirolo\\\/#breadcrumb\"},\"inLanguage\":\"fr-FR\",\"potentialAction\":[{\"@type\":\"ReadAction\",\"target\":[\"https:\\\/\\\/www.bellunopress.it\\\/2023\\\/01\\\/07\\\/calendario-prossimi-eventi-a-sospirolo\\\/\"]}]},{\"@type\":\"ImageObject\",\"inLanguage\":\"fr-FR\",\"@id\":\"https:\\\/\\\/www.bellunopress.it\\\/2023\\\/01\\\/07\\\/calendario-prossimi-eventi-a-sospirolo\\\/#primaryimage\",\"url\":\"https:\\\/\\\/www.bellunopress.it\\\/wp-content\\\/uploads\\\/2021\\\/08\\\/biblioteca-civica-sospirolo_edited.jpg\",\"contentUrl\":\"https:\\\/\\\/www.bellunopress.it\\\/wp-content\\\/uploads\\\/2021\\\/08\\\/biblioteca-civica-sospirolo_edited.jpg\",\"width\":683,\"height\":800,\"caption\":\"Biblioteca Civica di Sospirolo\"},{\"@type\":\"BreadcrumbList\",\"@id\":\"https:\\\/\\\/www.bellunopress.it\\\/2023\\\/01\\\/07\\\/calendario-prossimi-eventi-a-sospirolo\\\/#breadcrumb\",\"itemListElement\":[{\"@type\":\"ListItem\",\"position\":1,\"name\":\"Home\",\"item\":\"https:\\\/\\\/www.bellunopress.it\\\/\"},{\"@type\":\"ListItem\",\"position\":2,\"name\":\"Calendario prossimi eventi a Sospirolo\"}]},{\"@type\":\"WebSite\",\"@id\":\"https:\\\/\\\/www.bellunopress.it\\\/#website\",\"url\":\"https:\\\/\\\/www.bellunopress.it\\\/\",\"name\":\"Bellunopress - Dolomiti\",\"description\":\"e-mail: redazione@bellunopress.it\",\"publisher\":{\"@id\":\"https:\\\/\\\/www.bellunopress.it\\\/#organization\"},\"potentialAction\":[{\"@type\":\"SearchAction\",\"target\":{\"@type\":\"EntryPoint\",\"urlTemplate\":\"https:\\\/\\\/www.bellunopress.it\\\/?s={search_term_string}\"},\"query-input\":{\"@type\":\"PropertyValueSpecification\",\"valueRequired\":true,\"valueName\":\"search_term_string\"}}],\"inLanguage\":\"fr-FR\"},{\"@type\":\"Organization\",\"@id\":\"https:\\\/\\\/www.bellunopress.it\\\/#organization\",\"name\":\"Bellunopress\",\"url\":\"https:\\\/\\\/www.bellunopress.it\\\/\",\"logo\":{\"@type\":\"ImageObject\",\"inLanguage\":\"fr-FR\",\"@id\":\"https:\\\/\\\/www.bellunopress.it\\\/#\\\/schema\\\/logo\\\/image\\\/\",\"url\":\"https:\\\/\\\/www.bellunopress.it\\\/wp-content\\\/uploads\\\/2011\\\/05\\\/cropped-logo-bellunopress-.jpg\",\"contentUrl\":\"https:\\\/\\\/www.bellunopress.it\\\/wp-content\\\/uploads\\\/2011\\\/05\\\/cropped-logo-bellunopress-.jpg\",\"width\":512,\"height\":512,\"caption\":\"Bellunopress\"},\"image\":{\"@id\":\"https:\\\/\\\/www.bellunopress.it\\\/#\\\/schema\\\/logo\\\/image\\\/\"},\"sameAs\":[\"https:\\\/\\\/www.facebook.com\\\/profile.php?id=100008943462799\",\"https:\\\/\\\/x.com\\\/bellunopress\",\"https:\\\/\\\/www.linkedin.com\\\/hp\\\/?dnr=JBzUWaJfMUw8vbXJJ2tVW5-I3jZKvC4wsoxE&amp;amp;amp;amp;amp;amp;trk=nav_responsive_tab_home\",\"https:\\\/\\\/www.youtube.com\\\/channel\\\/UCxL0wu1uN0_3_7hGG0306cw\"]},{\"@type\":\"Person\",\"@id\":\"https:\\\/\\\/www.bellunopress.it\\\/#\\\/schema\\\/person\\\/79bb06722b37ece1c03d3e94beb30d73\",\"name\":\"redazione\",\"image\":{\"@type\":\"ImageObject\",\"inLanguage\":\"fr-FR\",\"@id\":\"https:\\\/\\\/secure.gravatar.com\\\/avatar\\\/37d968a2e67a6fd04c169c4bdef102d0bc5d31b2546345219e348575eb80e9a0?s=96&d=mm&r=g\",\"url\":\"https:\\\/\\\/secure.gravatar.com\\\/avatar\\\/37d968a2e67a6fd04c169c4bdef102d0bc5d31b2546345219e348575eb80e9a0?s=96&d=mm&r=g\",\"contentUrl\":\"https:\\\/\\\/secure.gravatar.com\\\/avatar\\\/37d968a2e67a6fd04c169c4bdef102d0bc5d31b2546345219e348575eb80e9a0?s=96&d=mm&r=g\",\"caption\":\"redazione\"},\"sameAs\":[\"http:\\\/\\\/www.bellunopress.it\",\"https:\\\/\\\/x.com\\\/bellunopress\"],\"url\":\"https:\\\/\\\/www.bellunopress.it\\\/fr\\\/author\\\/redazione\\\/\"}]}<\/script>\n<!-- \/ Yoast SEO plugin. -->","yoast_head_json":{"title":"Calendario prossimi eventi a Sospirolo - Bellunopress - Dolomiti","robots":{"index":"index","follow":"follow","max-snippet":"max-snippet:-1","max-image-preview":"max-image-preview:large","max-video-preview":"max-video-preview:-1"},"canonical":"https:\/\/www.bellunopress.it\/fr\/2023\/01\/07\/calendario-prossimi-eventi-a-sospirolo\/","og_locale":"fr_FR","og_type":"article","og_title":"Calendario prossimi eventi a Sospirolo - Bellunopress - Dolomiti","og_description":"Domenica 8 gennaio alle 17.00 al Centro civico di Sospirolo \u201cStorie di gatti, rane e di persone strane\u201d. Pomeriggio divertente per bambini e famiglie con letture animate e intermezzi musicali. Con la partecipazione di: Giovanni Trimeri, Eugenia Caldart, Rino Budel, Francesco Scarf\u00f2, Antonella Tafner, Silvana Vignaga e GianAntonio Cecchin. Evento conclusivo della Mostra delle tavole [&hellip;]","og_url":"https:\/\/www.bellunopress.it\/fr\/2023\/01\/07\/calendario-prossimi-eventi-a-sospirolo\/","og_site_name":"Bellunopress - Dolomiti","article_publisher":"https:\/\/www.facebook.com\/profile.php?id=100008943462799","article_published_time":"2023-01-07T05:59:47+00:00","og_image":[{"width":683,"height":800,"url":"https:\/\/www.bellunopress.it\/wp-content\/uploads\/2021\/08\/biblioteca-civica-sospirolo_edited.jpg","type":"image\/jpeg"}],"author":"redazione","twitter_card":"summary_large_image","twitter_creator":"@bellunopress","twitter_site":"@bellunopress","twitter_misc":{"\u00c9crit par":"redazione","Dur\u00e9e de lecture estim\u00e9e":"3 minutes"},"schema":{"@context":"https:\/\/schema.org","@graph":[{"@type":"Article","@id":"https:\/\/www.bellunopress.it\/2023\/01\/07\/calendario-prossimi-eventi-a-sospirolo\/#article","isPartOf":{"@id":"https:\/\/www.bellunopress.it\/2023\/01\/07\/calendario-prossimi-eventi-a-sospirolo\/"},"author":{"name":"redazione","@id":"https:\/\/www.bellunopress.it\/#\/schema\/person\/79bb06722b37ece1c03d3e94beb30d73"},"headline":"Calendario prossimi eventi a Sospirolo","datePublished":"2023-01-07T05:59:47+00:00","mainEntityOfPage":{"@id":"https:\/\/www.bellunopress.it\/2023\/01\/07\/calendario-prossimi-eventi-a-sospirolo\/"},"wordCount":353,"publisher":{"@id":"https:\/\/www.bellunopress.it\/#organization"},"image":{"@id":"https:\/\/www.bellunopress.it\/2023\/01\/07\/calendario-prossimi-eventi-a-sospirolo\/#primaryimage"},"thumbnailUrl":"https:\/\/www.bellunopress.it\/wp-content\/uploads\/2021\/08\/biblioteca-civica-sospirolo_edited.jpg","articleSection":["Appuntamenti, Eventi","Arte, Cultura, Spettacoli, Scienza","Pausa Caff\u00e8"],"inLanguage":"fr-FR"},{"@type":"WebPage","@id":"https:\/\/www.bellunopress.it\/2023\/01\/07\/calendario-prossimi-eventi-a-sospirolo\/","url":"https:\/\/www.bellunopress.it\/2023\/01\/07\/calendario-prossimi-eventi-a-sospirolo\/","name":"Calendario prossimi eventi a Sospirolo - Bellunopress - Dolomiti","isPartOf":{"@id":"https:\/\/www.bellunopress.it\/#website"},"primaryImageOfPage":{"@id":"https:\/\/www.bellunopress.it\/2023\/01\/07\/calendario-prossimi-eventi-a-sospirolo\/#primaryimage"},"image":{"@id":"https:\/\/www.bellunopress.it\/2023\/01\/07\/calendario-prossimi-eventi-a-sospirolo\/#primaryimage"},"thumbnailUrl":"https:\/\/www.bellunopress.it\/wp-content\/uploads\/2021\/08\/biblioteca-civica-sospirolo_edited.jpg","datePublished":"2023-01-07T05:59:47+00:00","breadcrumb":{"@id":"https:\/\/www.bellunopress.it\/2023\/01\/07\/calendario-prossimi-eventi-a-sospirolo\/#breadcrumb"},"inLanguage":"fr-FR","potentialAction":[{"@type":"ReadAction","target":["https:\/\/www.bellunopress.it\/2023\/01\/07\/calendario-prossimi-eventi-a-sospirolo\/"]}]},{"@type":"ImageObject","inLanguage":"fr-FR","@id":"https:\/\/www.bellunopress.it\/2023\/01\/07\/calendario-prossimi-eventi-a-sospirolo\/#primaryimage","url":"https:\/\/www.bellunopress.it\/wp-content\/uploads\/2021\/08\/biblioteca-civica-sospirolo_edited.jpg","contentUrl":"https:\/\/www.bellunopress.it\/wp-content\/uploads\/2021\/08\/biblioteca-civica-sospirolo_edited.jpg","width":683,"height":800,"caption":"Biblioteca Civica di Sospirolo"},{"@type":"BreadcrumbList","@id":"https:\/\/www.bellunopress.it\/2023\/01\/07\/calendario-prossimi-eventi-a-sospirolo\/#breadcrumb","itemListElement":[{"@type":"ListItem","position":1,"name":"Home","item":"https:\/\/www.bellunopress.it\/"},{"@type":"ListItem","position":2,"name":"Calendario prossimi eventi a Sospirolo"}]},{"@type":"WebSite","@id":"https:\/\/www.bellunopress.it\/#website","url":"https:\/\/www.bellunopress.it\/","name":"Bellunopress - Dolomiti","description":"e-mail: redazione@bellunopress.it","publisher":{"@id":"https:\/\/www.bellunopress.it\/#organization"},"potentialAction":[{"@type":"SearchAction","target":{"@type":"EntryPoint","urlTemplate":"https:\/\/www.bellunopress.it\/?s={search_term_string}"},"query-input":{"@type":"PropertyValueSpecification","valueRequired":true,"valueName":"search_term_string"}}],"inLanguage":"fr-FR"},{"@type":"Organization","@id":"https:\/\/www.bellunopress.it\/#organization","name":"Bellunopress","url":"https:\/\/www.bellunopress.it\/","logo":{"@type":"ImageObject","inLanguage":"fr-FR","@id":"https:\/\/www.bellunopress.it\/#\/schema\/logo\/image\/","url":"https:\/\/www.bellunopress.it\/wp-content\/uploads\/2011\/05\/cropped-logo-bellunopress-.jpg","contentUrl":"https:\/\/www.bellunopress.it\/wp-content\/uploads\/2011\/05\/cropped-logo-bellunopress-.jpg","width":512,"height":512,"caption":"Bellunopress"},"image":{"@id":"https:\/\/www.bellunopress.it\/#\/schema\/logo\/image\/"},"sameAs":["https:\/\/www.facebook.com\/profile.php?id=100008943462799","https:\/\/x.com\/bellunopress","https:\/\/www.linkedin.com\/hp\/?dnr=JBzUWaJfMUw8vbXJJ2tVW5-I3jZKvC4wsoxE&amp;amp;amp;amp;amp;amp;trk=nav_responsive_tab_home","https:\/\/www.youtube.com\/channel\/UCxL0wu1uN0_3_7hGG0306cw"]},{"@type":"Person","@id":"https:\/\/www.bellunopress.it\/#\/schema\/person\/79bb06722b37ece1c03d3e94beb30d73","name":"r\u00e9daction","image":{"@type":"ImageObject","inLanguage":"fr-FR","@id":"https:\/\/secure.gravatar.com\/avatar\/37d968a2e67a6fd04c169c4bdef102d0bc5d31b2546345219e348575eb80e9a0?s=96&d=mm&r=g","url":"https:\/\/secure.gravatar.com\/avatar\/37d968a2e67a6fd04c169c4bdef102d0bc5d31b2546345219e348575eb80e9a0?s=96&d=mm&r=g","contentUrl":"https:\/\/secure.gravatar.com\/avatar\/37d968a2e67a6fd04c169c4bdef102d0bc5d31b2546345219e348575eb80e9a0?s=96&d=mm&r=g","caption":"redazione"},"sameAs":["http:\/\/www.bellunopress.it","https:\/\/x.com\/bellunopress"],"url":"https:\/\/www.bellunopress.it\/fr\/author\/redazione\/"}]}},"_links":{"self":[{"href":"https:\/\/www.bellunopress.it\/fr\/wp-json\/wp\/v2\/posts\/138878","targetHints":{"allow":["GET"]}}],"collection":[{"href":"https:\/\/www.bellunopress.it\/fr\/wp-json\/wp\/v2\/posts"}],"about":[{"href":"https:\/\/www.bellunopress.it\/fr\/wp-json\/wp\/v2\/types\/post"}],"author":[{"embeddable":true,"href":"https:\/\/www.bellunopress.it\/fr\/wp-json\/wp\/v2\/users\/2"}],"replies":[{"embeddable":true,"href":"https:\/\/www.bellunopress.it\/fr\/wp-json\/wp\/v2\/comments?post=138878"}],"version-history":[{"count":1,"href":"https:\/\/www.bellunopress.it\/fr\/wp-json\/wp\/v2\/posts\/138878\/revisions"}],"predecessor-version":[{"id":138879,"href":"https:\/\/www.bellunopress.it\/fr\/wp-json\/wp\/v2\/posts\/138878\/revisions\/138879"}],"wp:featuredmedia":[{"embeddable":true,"href":"https:\/\/www.bellunopress.it\/fr\/wp-json\/wp\/v2\/media\/126736"}],"wp:attachment":[{"href":"https:\/\/www.bellunopress.it\/fr\/wp-json\/wp\/v2\/media?parent=138878"}],"wp:term":[{"taxonomy":"category","embeddable":true,"href":"https:\/\/www.bellunopress.it\/fr\/wp-json\/wp\/v2\/categories?post=138878"},{"taxonomy":"post_tag","embeddable":true,"href":"https:\/\/www.bellunopress.it\/fr\/wp-json\/wp\/v2\/tags?post=138878"}],"curies":[{"name":"wp","href":"https:\/\/api.w.org\/{rel}","templated":true}]}}