{"id":138809,"date":"2023-01-03T21:36:17","date_gmt":"2023-01-03T20:36:17","guid":{"rendered":"https:\/\/www.bellunopress.it\/?p=138809"},"modified":"2023-01-03T21:36:17","modified_gmt":"2023-01-03T20:36:17","slug":"giovedi-a-mel-il-saten-saxophone-quartet-in-concerto","status":"publish","type":"post","link":"https:\/\/www.bellunopress.it\/fr\/2023\/01\/03\/giovedi-a-mel-il-saten-saxophone-quartet-in-concerto\/","title":{"rendered":"Gioved\u00ec a Mel il Sat\u00e8n Saxophone Quartet in concerto"},"content":{"rendered":"<p><img loading=\"lazy\" decoding=\"async\" class=\"alignleft size-full wp-image-138810\" src=\"https:\/\/www.bellunopress.it\/wp-content\/uploads\/2023\/01\/Saten-Saxophone-Quartet_edited.jpg\" alt=\"\" width=\"1000\" height=\"723\" srcset=\"https:\/\/www.bellunopress.it\/wp-content\/uploads\/2023\/01\/Saten-Saxophone-Quartet_edited.jpg 1000w, https:\/\/www.bellunopress.it\/wp-content\/uploads\/2023\/01\/Saten-Saxophone-Quartet_edited-500x362.jpg 500w, https:\/\/www.bellunopress.it\/wp-content\/uploads\/2023\/01\/Saten-Saxophone-Quartet_edited-696x503.jpg 696w, https:\/\/www.bellunopress.it\/wp-content\/uploads\/2023\/01\/Saten-Saxophone-Quartet_edited-581x420.jpg 581w, https:\/\/www.bellunopress.it\/wp-content\/uploads\/2023\/01\/Saten-Saxophone-Quartet_edited-324x235.jpg 324w\" sizes=\"auto, (max-width: 1000px) 100vw, 1000px\" \/>Secondo appuntamento per &#8216;I concerti nel borgo&#8217; gioved\u00ec 5 gennaio alle ore 20,45 nell&#8217;auditorium San Pietro a Mel di Borgo Valbelluna con il Sat\u00e8n Saxophone Quartet, vincitori del primo premio assoluto del Concorso Musicale Nazionale citt\u00e0 di Belluno edizione 2022.<\/p>\n<p>Il maestro Manolo Da Rold, direttore artistico della rassegna, esprime particolare gioia e soddisfazione nel presentare questo quartetto vincitore del concorso musicale del capoluogo e proveniente dal Conservatorio G. Frescobaldi di Ferrara dove lo stesso Da Rold insegna.<\/p>\n<p>Il quartetto di sax, composto da Enrico Leonarduzzi (sax tenore), Alessandro Salaroli (sax baritono), Andrea Ba\u00f9 (sax soprano) e Andrea Biasotto (sax contralto), siamo certi sapr\u00e0 incantare il pubblico con un repertorio molto variegato ed interessante; si passer\u00e0 infatti dal Cuarteto Latinoamenricano, alla danza ungherese al tango virtuoso fino a Gioacchino Rossini.<\/p>\n<p>L&#8217;evento \u00e8 organizzato dal Comune di Borgo Valbelluna in collaborazione con la Corale Zumellese. Quest&#8217;anno la rassegna da estiva \u00e8 diventata invernale ma dal prossimo anno l&#8217;intenzione degli organizzatori \u00e8 di ritornare alla versione estiva dei concerti nel borgo.<\/p>\n<p>L&#8217;obiettivo della rassegna \u00e8 promuovere l&#8217;ascolto della musica pienamente convinti che la musica sia uno strumento di crescita individuale e collettiva, una potente espressione culturale, grazie alla sua componente emozionale.<\/p>\n<p>Delle tre serate in calendario ben due sono state dedicati ai vincitori del Concorso Musicale della citt\u00e0 di Belluno per dare spazio alle giovani promesse, mentre il terzo appuntamento sar\u00e0 con le fisarmoniche del Duo Dissonance che si esibiranno il 10 febbraio a Lentiai.<\/p>\n<p>Manuela Selvestrel, presidente dell&#8217;associazione di promozione sociale Gocce di Sole organizzatrice del Concorso Musicale citt\u00e0 di Belluno, esprime un particolare ringraziamento al Comune di Borgo Valbelluna, alla Corale Zumellese e al M\u00b0 Da Rold per l&#8217;interesse e l&#8217;impegno dimostrato nella promozione dei giovani talenti favorendone la crescita artistica.<\/p>\n<p>&nbsp;<\/p>","protected":false},"excerpt":{"rendered":"<p>Secondo appuntamento per &#8216;I concerti nel borgo&#8217; gioved\u00ec 5 gennaio alle ore 20,45 nell&#8217;auditorium San Pietro a Mel di Borgo Valbelluna con il Sat\u00e8n Saxophone Quartet, vincitori del primo premio assoluto del Concorso Musicale Nazionale citt\u00e0 di Belluno edizione 2022. Il maestro Manolo Da Rold, direttore artistico della rassegna, esprime particolare gioia e soddisfazione nel [&hellip;]<\/p>\n","protected":false},"author":2,"featured_media":138810,"comment_status":"closed","ping_status":"open","sticky":false,"template":"","format":"standard","meta":{"footnotes":""},"categories":[27,3,25],"tags":[],"class_list":["post-138809","post","type-post","status-publish","format-standard","has-post-thumbnail","category-appuntamenti","category-arte-cultura-spettacoli-scienza-archivi","category-pausa-caffe"],"yoast_head":"<!-- This site is optimized with the Yoast SEO plugin v28.4 - https:\/\/yoast.com\/product\/yoast-seo-wordpress\/ -->\n<title>Gioved\u00ec a Mel il Sat\u00e8n Saxophone Quartet in concerto - Bellunopress - Dolomiti<\/title>\n<meta name=\"robots\" content=\"index, follow, max-snippet:-1, max-image-preview:large, max-video-preview:-1\" \/>\n<link rel=\"canonical\" href=\"https:\/\/www.bellunopress.it\/fr\/2023\/01\/03\/giovedi-a-mel-il-saten-saxophone-quartet-in-concerto\/\" \/>\n<meta property=\"og:locale\" content=\"fr_FR\" \/>\n<meta property=\"og:type\" content=\"article\" \/>\n<meta property=\"og:title\" content=\"Gioved\u00ec a Mel il Sat\u00e8n Saxophone Quartet in concerto - Bellunopress - Dolomiti\" \/>\n<meta property=\"og:description\" content=\"Secondo appuntamento per &#8216;I concerti nel borgo&#8217; gioved\u00ec 5 gennaio alle ore 20,45 nell&#8217;auditorium San Pietro a Mel di Borgo Valbelluna con il Sat\u00e8n Saxophone Quartet, vincitori del primo premio assoluto del Concorso Musicale Nazionale citt\u00e0 di Belluno edizione 2022. Il maestro Manolo Da Rold, direttore artistico della rassegna, esprime particolare gioia e soddisfazione nel [&hellip;]\" \/>\n<meta property=\"og:url\" content=\"https:\/\/www.bellunopress.it\/fr\/2023\/01\/03\/giovedi-a-mel-il-saten-saxophone-quartet-in-concerto\/\" \/>\n<meta property=\"og:site_name\" content=\"Bellunopress - Dolomiti\" \/>\n<meta property=\"article:publisher\" content=\"https:\/\/www.facebook.com\/profile.php?id=100008943462799\" \/>\n<meta property=\"article:published_time\" content=\"2023-01-03T20:36:17+00:00\" \/>\n<meta property=\"og:image\" content=\"https:\/\/www.bellunopress.it\/wp-content\/uploads\/2023\/01\/Saten-Saxophone-Quartet_edited.jpg\" \/>\n\t<meta property=\"og:image:width\" content=\"1000\" \/>\n\t<meta property=\"og:image:height\" content=\"723\" \/>\n\t<meta property=\"og:image:type\" content=\"image\/jpeg\" \/>\n<meta name=\"author\" content=\"redazione\" \/>\n<meta name=\"twitter:card\" content=\"summary_large_image\" \/>\n<meta name=\"twitter:creator\" content=\"@bellunopress\" \/>\n<meta name=\"twitter:site\" content=\"@bellunopress\" \/>\n<meta name=\"twitter:label1\" content=\"\u00c9crit par\" \/>\n\t<meta name=\"twitter:data1\" content=\"redazione\" \/>\n\t<meta name=\"twitter:label2\" content=\"Dur\u00e9e de lecture estim\u00e9e\" \/>\n\t<meta name=\"twitter:data2\" content=\"2 minutes\" \/>\n<script type=\"application\/ld+json\" class=\"yoast-schema-graph\">{\"@context\":\"https:\\\/\\\/schema.org\",\"@graph\":[{\"@type\":\"Article\",\"@id\":\"https:\\\/\\\/www.bellunopress.it\\\/2023\\\/01\\\/03\\\/giovedi-a-mel-il-saten-saxophone-quartet-in-concerto\\\/#article\",\"isPartOf\":{\"@id\":\"https:\\\/\\\/www.bellunopress.it\\\/2023\\\/01\\\/03\\\/giovedi-a-mel-il-saten-saxophone-quartet-in-concerto\\\/\"},\"author\":{\"name\":\"redazione\",\"@id\":\"https:\\\/\\\/www.bellunopress.it\\\/#\\\/schema\\\/person\\\/79bb06722b37ece1c03d3e94beb30d73\"},\"headline\":\"Gioved\u00ec a Mel il Sat\u00e8n Saxophone Quartet in concerto\",\"datePublished\":\"2023-01-03T20:36:17+00:00\",\"mainEntityOfPage\":{\"@id\":\"https:\\\/\\\/www.bellunopress.it\\\/2023\\\/01\\\/03\\\/giovedi-a-mel-il-saten-saxophone-quartet-in-concerto\\\/\"},\"wordCount\":304,\"publisher\":{\"@id\":\"https:\\\/\\\/www.bellunopress.it\\\/#organization\"},\"image\":{\"@id\":\"https:\\\/\\\/www.bellunopress.it\\\/2023\\\/01\\\/03\\\/giovedi-a-mel-il-saten-saxophone-quartet-in-concerto\\\/#primaryimage\"},\"thumbnailUrl\":\"https:\\\/\\\/www.bellunopress.it\\\/wp-content\\\/uploads\\\/2023\\\/01\\\/Saten-Saxophone-Quartet_edited.jpg\",\"articleSection\":[\"Appuntamenti, Eventi\",\"Arte, Cultura, Spettacoli, Scienza\",\"Pausa Caff\u00e8\"],\"inLanguage\":\"fr-FR\"},{\"@type\":\"WebPage\",\"@id\":\"https:\\\/\\\/www.bellunopress.it\\\/2023\\\/01\\\/03\\\/giovedi-a-mel-il-saten-saxophone-quartet-in-concerto\\\/\",\"url\":\"https:\\\/\\\/www.bellunopress.it\\\/2023\\\/01\\\/03\\\/giovedi-a-mel-il-saten-saxophone-quartet-in-concerto\\\/\",\"name\":\"Gioved\u00ec a Mel il Sat\u00e8n Saxophone Quartet in concerto - Bellunopress - Dolomiti\",\"isPartOf\":{\"@id\":\"https:\\\/\\\/www.bellunopress.it\\\/#website\"},\"primaryImageOfPage\":{\"@id\":\"https:\\\/\\\/www.bellunopress.it\\\/2023\\\/01\\\/03\\\/giovedi-a-mel-il-saten-saxophone-quartet-in-concerto\\\/#primaryimage\"},\"image\":{\"@id\":\"https:\\\/\\\/www.bellunopress.it\\\/2023\\\/01\\\/03\\\/giovedi-a-mel-il-saten-saxophone-quartet-in-concerto\\\/#primaryimage\"},\"thumbnailUrl\":\"https:\\\/\\\/www.bellunopress.it\\\/wp-content\\\/uploads\\\/2023\\\/01\\\/Saten-Saxophone-Quartet_edited.jpg\",\"datePublished\":\"2023-01-03T20:36:17+00:00\",\"breadcrumb\":{\"@id\":\"https:\\\/\\\/www.bellunopress.it\\\/2023\\\/01\\\/03\\\/giovedi-a-mel-il-saten-saxophone-quartet-in-concerto\\\/#breadcrumb\"},\"inLanguage\":\"fr-FR\",\"potentialAction\":[{\"@type\":\"ReadAction\",\"target\":[\"https:\\\/\\\/www.bellunopress.it\\\/2023\\\/01\\\/03\\\/giovedi-a-mel-il-saten-saxophone-quartet-in-concerto\\\/\"]}]},{\"@type\":\"ImageObject\",\"inLanguage\":\"fr-FR\",\"@id\":\"https:\\\/\\\/www.bellunopress.it\\\/2023\\\/01\\\/03\\\/giovedi-a-mel-il-saten-saxophone-quartet-in-concerto\\\/#primaryimage\",\"url\":\"https:\\\/\\\/www.bellunopress.it\\\/wp-content\\\/uploads\\\/2023\\\/01\\\/Saten-Saxophone-Quartet_edited.jpg\",\"contentUrl\":\"https:\\\/\\\/www.bellunopress.it\\\/wp-content\\\/uploads\\\/2023\\\/01\\\/Saten-Saxophone-Quartet_edited.jpg\",\"width\":1000,\"height\":723},{\"@type\":\"BreadcrumbList\",\"@id\":\"https:\\\/\\\/www.bellunopress.it\\\/2023\\\/01\\\/03\\\/giovedi-a-mel-il-saten-saxophone-quartet-in-concerto\\\/#breadcrumb\",\"itemListElement\":[{\"@type\":\"ListItem\",\"position\":1,\"name\":\"Home\",\"item\":\"https:\\\/\\\/www.bellunopress.it\\\/\"},{\"@type\":\"ListItem\",\"position\":2,\"name\":\"Gioved\u00ec a Mel il Sat\u00e8n Saxophone Quartet in concerto\"}]},{\"@type\":\"WebSite\",\"@id\":\"https:\\\/\\\/www.bellunopress.it\\\/#website\",\"url\":\"https:\\\/\\\/www.bellunopress.it\\\/\",\"name\":\"Bellunopress - Dolomiti\",\"description\":\"e-mail: redazione@bellunopress.it\",\"publisher\":{\"@id\":\"https:\\\/\\\/www.bellunopress.it\\\/#organization\"},\"potentialAction\":[{\"@type\":\"SearchAction\",\"target\":{\"@type\":\"EntryPoint\",\"urlTemplate\":\"https:\\\/\\\/www.bellunopress.it\\\/?s={search_term_string}\"},\"query-input\":{\"@type\":\"PropertyValueSpecification\",\"valueRequired\":true,\"valueName\":\"search_term_string\"}}],\"inLanguage\":\"fr-FR\"},{\"@type\":\"Organization\",\"@id\":\"https:\\\/\\\/www.bellunopress.it\\\/#organization\",\"name\":\"Bellunopress\",\"url\":\"https:\\\/\\\/www.bellunopress.it\\\/\",\"logo\":{\"@type\":\"ImageObject\",\"inLanguage\":\"fr-FR\",\"@id\":\"https:\\\/\\\/www.bellunopress.it\\\/#\\\/schema\\\/logo\\\/image\\\/\",\"url\":\"https:\\\/\\\/www.bellunopress.it\\\/wp-content\\\/uploads\\\/2011\\\/05\\\/cropped-logo-bellunopress-.jpg\",\"contentUrl\":\"https:\\\/\\\/www.bellunopress.it\\\/wp-content\\\/uploads\\\/2011\\\/05\\\/cropped-logo-bellunopress-.jpg\",\"width\":512,\"height\":512,\"caption\":\"Bellunopress\"},\"image\":{\"@id\":\"https:\\\/\\\/www.bellunopress.it\\\/#\\\/schema\\\/logo\\\/image\\\/\"},\"sameAs\":[\"https:\\\/\\\/www.facebook.com\\\/profile.php?id=100008943462799\",\"https:\\\/\\\/x.com\\\/bellunopress\",\"https:\\\/\\\/www.linkedin.com\\\/hp\\\/?dnr=JBzUWaJfMUw8vbXJJ2tVW5-I3jZKvC4wsoxE&amp;amp;amp;amp;amp;amp;trk=nav_responsive_tab_home\",\"https:\\\/\\\/www.youtube.com\\\/channel\\\/UCxL0wu1uN0_3_7hGG0306cw\"]},{\"@type\":\"Person\",\"@id\":\"https:\\\/\\\/www.bellunopress.it\\\/#\\\/schema\\\/person\\\/79bb06722b37ece1c03d3e94beb30d73\",\"name\":\"redazione\",\"image\":{\"@type\":\"ImageObject\",\"inLanguage\":\"fr-FR\",\"@id\":\"https:\\\/\\\/secure.gravatar.com\\\/avatar\\\/37d968a2e67a6fd04c169c4bdef102d0bc5d31b2546345219e348575eb80e9a0?s=96&d=mm&r=g\",\"url\":\"https:\\\/\\\/secure.gravatar.com\\\/avatar\\\/37d968a2e67a6fd04c169c4bdef102d0bc5d31b2546345219e348575eb80e9a0?s=96&d=mm&r=g\",\"contentUrl\":\"https:\\\/\\\/secure.gravatar.com\\\/avatar\\\/37d968a2e67a6fd04c169c4bdef102d0bc5d31b2546345219e348575eb80e9a0?s=96&d=mm&r=g\",\"caption\":\"redazione\"},\"sameAs\":[\"http:\\\/\\\/www.bellunopress.it\",\"https:\\\/\\\/x.com\\\/bellunopress\"],\"url\":\"https:\\\/\\\/www.bellunopress.it\\\/fr\\\/author\\\/redazione\\\/\"}]}<\/script>\n<!-- \/ Yoast SEO plugin. -->","yoast_head_json":{"title":"Gioved\u00ec a Mel il Sat\u00e8n Saxophone Quartet in concerto - Bellunopress - Dolomiti","robots":{"index":"index","follow":"follow","max-snippet":"max-snippet:-1","max-image-preview":"max-image-preview:large","max-video-preview":"max-video-preview:-1"},"canonical":"https:\/\/www.bellunopress.it\/fr\/2023\/01\/03\/giovedi-a-mel-il-saten-saxophone-quartet-in-concerto\/","og_locale":"fr_FR","og_type":"article","og_title":"Gioved\u00ec a Mel il Sat\u00e8n Saxophone Quartet in concerto - Bellunopress - Dolomiti","og_description":"Secondo appuntamento per &#8216;I concerti nel borgo&#8217; gioved\u00ec 5 gennaio alle ore 20,45 nell&#8217;auditorium San Pietro a Mel di Borgo Valbelluna con il Sat\u00e8n Saxophone Quartet, vincitori del primo premio assoluto del Concorso Musicale Nazionale citt\u00e0 di Belluno edizione 2022. Il maestro Manolo Da Rold, direttore artistico della rassegna, esprime particolare gioia e soddisfazione nel [&hellip;]","og_url":"https:\/\/www.bellunopress.it\/fr\/2023\/01\/03\/giovedi-a-mel-il-saten-saxophone-quartet-in-concerto\/","og_site_name":"Bellunopress - Dolomiti","article_publisher":"https:\/\/www.facebook.com\/profile.php?id=100008943462799","article_published_time":"2023-01-03T20:36:17+00:00","og_image":[{"width":1000,"height":723,"url":"https:\/\/www.bellunopress.it\/wp-content\/uploads\/2023\/01\/Saten-Saxophone-Quartet_edited.jpg","type":"image\/jpeg"}],"author":"redazione","twitter_card":"summary_large_image","twitter_creator":"@bellunopress","twitter_site":"@bellunopress","twitter_misc":{"\u00c9crit par":"redazione","Dur\u00e9e de lecture estim\u00e9e":"2 minutes"},"schema":{"@context":"https:\/\/schema.org","@graph":[{"@type":"Article","@id":"https:\/\/www.bellunopress.it\/2023\/01\/03\/giovedi-a-mel-il-saten-saxophone-quartet-in-concerto\/#article","isPartOf":{"@id":"https:\/\/www.bellunopress.it\/2023\/01\/03\/giovedi-a-mel-il-saten-saxophone-quartet-in-concerto\/"},"author":{"name":"redazione","@id":"https:\/\/www.bellunopress.it\/#\/schema\/person\/79bb06722b37ece1c03d3e94beb30d73"},"headline":"Gioved\u00ec a Mel il Sat\u00e8n Saxophone Quartet in concerto","datePublished":"2023-01-03T20:36:17+00:00","mainEntityOfPage":{"@id":"https:\/\/www.bellunopress.it\/2023\/01\/03\/giovedi-a-mel-il-saten-saxophone-quartet-in-concerto\/"},"wordCount":304,"publisher":{"@id":"https:\/\/www.bellunopress.it\/#organization"},"image":{"@id":"https:\/\/www.bellunopress.it\/2023\/01\/03\/giovedi-a-mel-il-saten-saxophone-quartet-in-concerto\/#primaryimage"},"thumbnailUrl":"https:\/\/www.bellunopress.it\/wp-content\/uploads\/2023\/01\/Saten-Saxophone-Quartet_edited.jpg","articleSection":["Appuntamenti, Eventi","Arte, Cultura, Spettacoli, Scienza","Pausa Caff\u00e8"],"inLanguage":"fr-FR"},{"@type":"WebPage","@id":"https:\/\/www.bellunopress.it\/2023\/01\/03\/giovedi-a-mel-il-saten-saxophone-quartet-in-concerto\/","url":"https:\/\/www.bellunopress.it\/2023\/01\/03\/giovedi-a-mel-il-saten-saxophone-quartet-in-concerto\/","name":"Gioved\u00ec a Mel il Sat\u00e8n Saxophone Quartet in concerto - Bellunopress - Dolomiti","isPartOf":{"@id":"https:\/\/www.bellunopress.it\/#website"},"primaryImageOfPage":{"@id":"https:\/\/www.bellunopress.it\/2023\/01\/03\/giovedi-a-mel-il-saten-saxophone-quartet-in-concerto\/#primaryimage"},"image":{"@id":"https:\/\/www.bellunopress.it\/2023\/01\/03\/giovedi-a-mel-il-saten-saxophone-quartet-in-concerto\/#primaryimage"},"thumbnailUrl":"https:\/\/www.bellunopress.it\/wp-content\/uploads\/2023\/01\/Saten-Saxophone-Quartet_edited.jpg","datePublished":"2023-01-03T20:36:17+00:00","breadcrumb":{"@id":"https:\/\/www.bellunopress.it\/2023\/01\/03\/giovedi-a-mel-il-saten-saxophone-quartet-in-concerto\/#breadcrumb"},"inLanguage":"fr-FR","potentialAction":[{"@type":"ReadAction","target":["https:\/\/www.bellunopress.it\/2023\/01\/03\/giovedi-a-mel-il-saten-saxophone-quartet-in-concerto\/"]}]},{"@type":"ImageObject","inLanguage":"fr-FR","@id":"https:\/\/www.bellunopress.it\/2023\/01\/03\/giovedi-a-mel-il-saten-saxophone-quartet-in-concerto\/#primaryimage","url":"https:\/\/www.bellunopress.it\/wp-content\/uploads\/2023\/01\/Saten-Saxophone-Quartet_edited.jpg","contentUrl":"https:\/\/www.bellunopress.it\/wp-content\/uploads\/2023\/01\/Saten-Saxophone-Quartet_edited.jpg","width":1000,"height":723},{"@type":"BreadcrumbList","@id":"https:\/\/www.bellunopress.it\/2023\/01\/03\/giovedi-a-mel-il-saten-saxophone-quartet-in-concerto\/#breadcrumb","itemListElement":[{"@type":"ListItem","position":1,"name":"Home","item":"https:\/\/www.bellunopress.it\/"},{"@type":"ListItem","position":2,"name":"Gioved\u00ec a Mel il Sat\u00e8n Saxophone Quartet in concerto"}]},{"@type":"WebSite","@id":"https:\/\/www.bellunopress.it\/#website","url":"https:\/\/www.bellunopress.it\/","name":"Bellunopress - Dolomiti","description":"e-mail: redazione@bellunopress.it","publisher":{"@id":"https:\/\/www.bellunopress.it\/#organization"},"potentialAction":[{"@type":"SearchAction","target":{"@type":"EntryPoint","urlTemplate":"https:\/\/www.bellunopress.it\/?s={search_term_string}"},"query-input":{"@type":"PropertyValueSpecification","valueRequired":true,"valueName":"search_term_string"}}],"inLanguage":"fr-FR"},{"@type":"Organization","@id":"https:\/\/www.bellunopress.it\/#organization","name":"Bellunopress","url":"https:\/\/www.bellunopress.it\/","logo":{"@type":"ImageObject","inLanguage":"fr-FR","@id":"https:\/\/www.bellunopress.it\/#\/schema\/logo\/image\/","url":"https:\/\/www.bellunopress.it\/wp-content\/uploads\/2011\/05\/cropped-logo-bellunopress-.jpg","contentUrl":"https:\/\/www.bellunopress.it\/wp-content\/uploads\/2011\/05\/cropped-logo-bellunopress-.jpg","width":512,"height":512,"caption":"Bellunopress"},"image":{"@id":"https:\/\/www.bellunopress.it\/#\/schema\/logo\/image\/"},"sameAs":["https:\/\/www.facebook.com\/profile.php?id=100008943462799","https:\/\/x.com\/bellunopress","https:\/\/www.linkedin.com\/hp\/?dnr=JBzUWaJfMUw8vbXJJ2tVW5-I3jZKvC4wsoxE&amp;amp;amp;amp;amp;amp;trk=nav_responsive_tab_home","https:\/\/www.youtube.com\/channel\/UCxL0wu1uN0_3_7hGG0306cw"]},{"@type":"Person","@id":"https:\/\/www.bellunopress.it\/#\/schema\/person\/79bb06722b37ece1c03d3e94beb30d73","name":"r\u00e9daction","image":{"@type":"ImageObject","inLanguage":"fr-FR","@id":"https:\/\/secure.gravatar.com\/avatar\/37d968a2e67a6fd04c169c4bdef102d0bc5d31b2546345219e348575eb80e9a0?s=96&d=mm&r=g","url":"https:\/\/secure.gravatar.com\/avatar\/37d968a2e67a6fd04c169c4bdef102d0bc5d31b2546345219e348575eb80e9a0?s=96&d=mm&r=g","contentUrl":"https:\/\/secure.gravatar.com\/avatar\/37d968a2e67a6fd04c169c4bdef102d0bc5d31b2546345219e348575eb80e9a0?s=96&d=mm&r=g","caption":"redazione"},"sameAs":["http:\/\/www.bellunopress.it","https:\/\/x.com\/bellunopress"],"url":"https:\/\/www.bellunopress.it\/fr\/author\/redazione\/"}]}},"_links":{"self":[{"href":"https:\/\/www.bellunopress.it\/fr\/wp-json\/wp\/v2\/posts\/138809","targetHints":{"allow":["GET"]}}],"collection":[{"href":"https:\/\/www.bellunopress.it\/fr\/wp-json\/wp\/v2\/posts"}],"about":[{"href":"https:\/\/www.bellunopress.it\/fr\/wp-json\/wp\/v2\/types\/post"}],"author":[{"embeddable":true,"href":"https:\/\/www.bellunopress.it\/fr\/wp-json\/wp\/v2\/users\/2"}],"replies":[{"embeddable":true,"href":"https:\/\/www.bellunopress.it\/fr\/wp-json\/wp\/v2\/comments?post=138809"}],"version-history":[{"count":1,"href":"https:\/\/www.bellunopress.it\/fr\/wp-json\/wp\/v2\/posts\/138809\/revisions"}],"predecessor-version":[{"id":138811,"href":"https:\/\/www.bellunopress.it\/fr\/wp-json\/wp\/v2\/posts\/138809\/revisions\/138811"}],"wp:featuredmedia":[{"embeddable":true,"href":"https:\/\/www.bellunopress.it\/fr\/wp-json\/wp\/v2\/media\/138810"}],"wp:attachment":[{"href":"https:\/\/www.bellunopress.it\/fr\/wp-json\/wp\/v2\/media?parent=138809"}],"wp:term":[{"taxonomy":"category","embeddable":true,"href":"https:\/\/www.bellunopress.it\/fr\/wp-json\/wp\/v2\/categories?post=138809"},{"taxonomy":"post_tag","embeddable":true,"href":"https:\/\/www.bellunopress.it\/fr\/wp-json\/wp\/v2\/tags?post=138809"}],"curies":[{"name":"wp","href":"https:\/\/api.w.org\/{rel}","templated":true}]}}