{"id":138800,"date":"2023-01-03T15:40:58","date_gmt":"2023-01-03T14:40:58","guid":{"rendered":"https:\/\/www.bellunopress.it\/?p=138800"},"modified":"2023-01-03T15:40:58","modified_gmt":"2023-01-03T14:40:58","slug":"firmata-la-convenzione-provincia-regione-e-anas-la-societa-nazionale-mettera-i-soldi-la-programmazione-degli-interventi-resta-in-capo-alla-provincia","status":"publish","type":"post","link":"https:\/\/www.bellunopress.it\/fr\/2023\/01\/03\/firmata-la-convenzione-provincia-regione-e-anas-la-societa-nazionale-mettera-i-soldi-la-programmazione-degli-interventi-resta-in-capo-alla-provincia\/","title":{"rendered":"Firmata la convenzione Provincia, Regione e Anas.\u00a0La societ\u00e0 nazionale metter\u00e0 i soldi, la programmazione degli interventi resta in capo alla Provincia"},"content":{"rendered":"<p><em><strong>Padrin: \u00abCos\u00ec sblocchiamo risorse importanti da riversare sul territorio\u00bb<\/strong><\/em><\/p>\n<figure id=\"attachment_129131\" aria-describedby=\"caption-attachment-129131\" style=\"width: 800px\" class=\"wp-caption alignleft\"><img loading=\"lazy\" decoding=\"async\" class=\"size-full wp-image-129131\" src=\"https:\/\/www.bellunopress.it\/wp-content\/uploads\/2021\/11\/Palazzo-PIloni-sede-Provincia_edited.jpg\" alt=\"\" width=\"800\" height=\"515\" srcset=\"https:\/\/www.bellunopress.it\/wp-content\/uploads\/2021\/11\/Palazzo-PIloni-sede-Provincia_edited.jpg 800w, https:\/\/www.bellunopress.it\/wp-content\/uploads\/2021\/11\/Palazzo-PIloni-sede-Provincia_edited-500x322.jpg 500w, https:\/\/www.bellunopress.it\/wp-content\/uploads\/2021\/11\/Palazzo-PIloni-sede-Provincia_edited-696x448.jpg 696w, https:\/\/www.bellunopress.it\/wp-content\/uploads\/2021\/11\/Palazzo-PIloni-sede-Provincia_edited-652x420.jpg 652w\" sizes=\"auto, (max-width: 800px) 100vw, 800px\" \/><figcaption id=\"caption-attachment-129131\" class=\"wp-caption-text\">Palazzo Piloni, sede della Provincia<\/figcaption><\/figure>\n<p>\u00abFinalmente vediamo la soluzione di un problema che ha tenuto ingessato il bilancio provinciale negli ultimi tre anni\u00bb. Cos\u00ec il presidente della Provincia di Belluno Roberto Padrin in merito all&#8217;accordo con Regione e Anas per la gestione della viabilit\u00e0 cosiddetta &#8220;di rientro&#8221;. A fine anno, infatti, \u00e8 stato approvato lo schema di convenzione per la gestione unitaria della rete stradale, compresa quella oggetto di riclassificazione.<\/p>\n<p><strong>LA CONVENZIONE<\/strong><\/p>\n<p>Lo schema di convenzione \u00e8 il primo tassello della cosiddetta &#8220;riclassificazione delle strade&#8221; e interviene a normare la gestione della viabilit\u00e0 che da regionale e provinciale torna sotto la propriet\u00e0 di Anas. Di fatto, prevede che Anas trasferisca alla Regione e alla Provincia di Belluno le risorse individuate come necessarie alla manutenzione e al finanziamento delle opere, come da programmazione. Una volta assicurata la copertura finanziaria, gli interventi saranno realizzati da Regione e Provincia attraverso Veneto Strade.<\/p>\n<p>\u00abIn questo modo non solo non verr\u00e0 meno la continuit\u00e0 di gestione assicurata in questi anni da Veneto Strade, ma rimane in capo alla Provincia l&#8217;aspetto strategico di pianificazione degli interventi e delle opere di manutenzione\u00bb commenta il presidente della Provincia, Roberto Padrin. \u00ab\u00c8 uno degli aspetti chiave dell&#8217;autonomia praticata dai territori. Ringrazio la struttura regionale e la vicepresidente Elisa De Berti per aver portato avanti con convinzione questo aspetto. Per la Provincia di Belluno \u00e8 un passo importante, perch\u00e9 libera il bilancio provinciale da risorse che potremo riversare sul territorio, a beneficio delle comunit\u00e0 locali\u00bb.<\/p>\n<p>La Provincia infatti ha tra le competenze fondamentali quella della gestione della viabilit\u00e0. Oltre 700 chilometri affidati alle cure di Veneto Strade a fronte di una convenzione piuttosto onerosa, che era coperta fino al 2014 da trasferimenti statali. \u00abSi trattava di 15 milioni di euro l&#8217;anno, che sono stati progressivamente tagliati, fino all&#8217;azzeramento completo\u00bb spiega il presidente Padrin. \u00abNegli ultimi dieci anni abbiamo dovuto rinunciare a circa 140 milioni, pur continuando a occuparci della rete stradale, molta parte della quale \u00e8 costituita da viabilit\u00e0 di montagna. Questo ovviamente ha costretto l&#8217;ente a dover reperire risorse, anche togliendole ad altre esigenze provinciali. E il problema \u00e8 stato piuttosto complesso soprattutto negli ultimi tre anni. Ora, a seguito della convenzione, risolviamo il tema della manutenzione. Nelle prossime settimane avremo contezza della quantificazione economica dell&#8217;accordo con Anas, ma fin d&#8217;ora sappiamo che potremo sbloccare risorse per il territorio\u00bb.<\/p>\n<p><strong>LE STRADE DA RICLASSIFICARE<\/strong><\/p>\n<p>La riclassificazione delle strade che tornano all&#8217;Anas riguarda circa 300 chilometri di viabilit\u00e0 oggi provinciale e regionale del territorio bellunese. Tratti della 48 delle Dolomiti e della 48 bis; la 203 Agordina, compresa la variante di Agordo; una cinquantina di chilometri della Sp251 della Val di Zoldo (nel tratto da Longarone all&#8217;innesto con la 203); il Passo San Pellegrino; un tratto della 347 e alcuni tratti della Feltrina (compresa la variante di Anz\u00f9); pezzi extraurbani della Sp1 della Sinistra Piave, la variante Lentiai-Bardies e la variante del Col Cavalier.<\/p>","protected":false},"excerpt":{"rendered":"<p>Padrin: \u00abCos\u00ec sblocchiamo risorse importanti da riversare sul territorio\u00bb \u00abFinalmente vediamo la soluzione di un problema che ha tenuto ingessato il bilancio provinciale negli ultimi tre anni\u00bb. Cos\u00ec il presidente della Provincia di Belluno Roberto Padrin in merito all&#8217;accordo con Regione e Anas per la gestione della viabilit\u00e0 cosiddetta &#8220;di rientro&#8221;. A fine anno, infatti, [&hellip;]<\/p>\n","protected":false},"author":2,"featured_media":129131,"comment_status":"closed","ping_status":"open","sticky":false,"template":"","format":"standard","meta":{"footnotes":""},"categories":[5,26,8],"tags":[],"class_list":["post-138800","post","type-post","status-publish","format-standard","has-post-thumbnail","category-cronaca","category-prima-pagina","category-societa-istituzioni"],"yoast_head":"<!-- This site is optimized with the Yoast SEO plugin v28.4 - https:\/\/yoast.com\/product\/yoast-seo-wordpress\/ -->\n<title>Firmata la convenzione Provincia, Regione e Anas.\u00a0La societ\u00e0 nazionale metter\u00e0 i soldi, la programmazione degli interventi resta in capo alla Provincia - Bellunopress - Dolomiti<\/title>\n<meta name=\"robots\" content=\"index, follow, max-snippet:-1, max-image-preview:large, max-video-preview:-1\" \/>\n<link rel=\"canonical\" href=\"https:\/\/www.bellunopress.it\/fr\/2023\/01\/03\/firmata-la-convenzione-provincia-regione-e-anas-la-societa-nazionale-mettera-i-soldi-la-programmazione-degli-interventi-resta-in-capo-alla-provincia\/\" \/>\n<meta property=\"og:locale\" content=\"fr_FR\" \/>\n<meta property=\"og:type\" content=\"article\" \/>\n<meta property=\"og:title\" content=\"Firmata la convenzione Provincia, Regione e Anas.\u00a0La societ\u00e0 nazionale metter\u00e0 i soldi, la programmazione degli interventi resta in capo alla Provincia - Bellunopress - Dolomiti\" \/>\n<meta property=\"og:description\" content=\"Padrin: \u00abCos\u00ec sblocchiamo risorse importanti da riversare sul territorio\u00bb \u00abFinalmente vediamo la soluzione di un problema che ha tenuto ingessato il bilancio provinciale negli ultimi tre anni\u00bb. Cos\u00ec il presidente della Provincia di Belluno Roberto Padrin in merito all&#8217;accordo con Regione e Anas per la gestione della viabilit\u00e0 cosiddetta &#8220;di rientro&#8221;. A fine anno, infatti, [&hellip;]\" \/>\n<meta property=\"og:url\" content=\"https:\/\/www.bellunopress.it\/fr\/2023\/01\/03\/firmata-la-convenzione-provincia-regione-e-anas-la-societa-nazionale-mettera-i-soldi-la-programmazione-degli-interventi-resta-in-capo-alla-provincia\/\" \/>\n<meta property=\"og:site_name\" content=\"Bellunopress - Dolomiti\" \/>\n<meta property=\"article:publisher\" content=\"https:\/\/www.facebook.com\/profile.php?id=100008943462799\" \/>\n<meta property=\"article:published_time\" content=\"2023-01-03T14:40:58+00:00\" \/>\n<meta property=\"og:image\" content=\"https:\/\/www.bellunopress.it\/wp-content\/uploads\/2021\/11\/Palazzo-PIloni-sede-Provincia_edited.jpg\" \/>\n\t<meta property=\"og:image:width\" content=\"800\" \/>\n\t<meta property=\"og:image:height\" content=\"515\" \/>\n\t<meta property=\"og:image:type\" content=\"image\/jpeg\" \/>\n<meta name=\"author\" content=\"redazione\" \/>\n<meta name=\"twitter:card\" content=\"summary_large_image\" \/>\n<meta name=\"twitter:creator\" content=\"@bellunopress\" \/>\n<meta name=\"twitter:site\" content=\"@bellunopress\" \/>\n<meta name=\"twitter:label1\" content=\"\u00c9crit par\" \/>\n\t<meta name=\"twitter:data1\" content=\"redazione\" \/>\n\t<meta name=\"twitter:label2\" content=\"Dur\u00e9e de lecture estim\u00e9e\" \/>\n\t<meta name=\"twitter:data2\" content=\"3 minutes\" \/>\n<script type=\"application\/ld+json\" class=\"yoast-schema-graph\">{\"@context\":\"https:\\\/\\\/schema.org\",\"@graph\":[{\"@type\":\"Article\",\"@id\":\"https:\\\/\\\/www.bellunopress.it\\\/2023\\\/01\\\/03\\\/firmata-la-convenzione-provincia-regione-e-anas-la-societa-nazionale-mettera-i-soldi-la-programmazione-degli-interventi-resta-in-capo-alla-provincia\\\/#article\",\"isPartOf\":{\"@id\":\"https:\\\/\\\/www.bellunopress.it\\\/2023\\\/01\\\/03\\\/firmata-la-convenzione-provincia-regione-e-anas-la-societa-nazionale-mettera-i-soldi-la-programmazione-degli-interventi-resta-in-capo-alla-provincia\\\/\"},\"author\":{\"name\":\"redazione\",\"@id\":\"https:\\\/\\\/www.bellunopress.it\\\/#\\\/schema\\\/person\\\/79bb06722b37ece1c03d3e94beb30d73\"},\"headline\":\"Firmata la convenzione Provincia, Regione e Anas.\u00a0La societ\u00e0 nazionale metter\u00e0 i soldi, la programmazione degli interventi resta in capo alla Provincia\",\"datePublished\":\"2023-01-03T14:40:58+00:00\",\"mainEntityOfPage\":{\"@id\":\"https:\\\/\\\/www.bellunopress.it\\\/2023\\\/01\\\/03\\\/firmata-la-convenzione-provincia-regione-e-anas-la-societa-nazionale-mettera-i-soldi-la-programmazione-degli-interventi-resta-in-capo-alla-provincia\\\/\"},\"wordCount\":515,\"publisher\":{\"@id\":\"https:\\\/\\\/www.bellunopress.it\\\/#organization\"},\"image\":{\"@id\":\"https:\\\/\\\/www.bellunopress.it\\\/2023\\\/01\\\/03\\\/firmata-la-convenzione-provincia-regione-e-anas-la-societa-nazionale-mettera-i-soldi-la-programmazione-degli-interventi-resta-in-capo-alla-provincia\\\/#primaryimage\"},\"thumbnailUrl\":\"https:\\\/\\\/www.bellunopress.it\\\/wp-content\\\/uploads\\\/2021\\\/11\\\/Palazzo-PIloni-sede-Provincia_edited.jpg\",\"articleSection\":[\"Cronaca\\\/Politica\",\"Prima Pagina\",\"Societ\u00e0, Associazioni, Istituzioni\"],\"inLanguage\":\"fr-FR\"},{\"@type\":\"WebPage\",\"@id\":\"https:\\\/\\\/www.bellunopress.it\\\/2023\\\/01\\\/03\\\/firmata-la-convenzione-provincia-regione-e-anas-la-societa-nazionale-mettera-i-soldi-la-programmazione-degli-interventi-resta-in-capo-alla-provincia\\\/\",\"url\":\"https:\\\/\\\/www.bellunopress.it\\\/2023\\\/01\\\/03\\\/firmata-la-convenzione-provincia-regione-e-anas-la-societa-nazionale-mettera-i-soldi-la-programmazione-degli-interventi-resta-in-capo-alla-provincia\\\/\",\"name\":\"Firmata la convenzione Provincia, Regione e Anas.\u00a0La societ\u00e0 nazionale metter\u00e0 i soldi, la programmazione degli interventi resta in capo alla Provincia - Bellunopress - Dolomiti\",\"isPartOf\":{\"@id\":\"https:\\\/\\\/www.bellunopress.it\\\/#website\"},\"primaryImageOfPage\":{\"@id\":\"https:\\\/\\\/www.bellunopress.it\\\/2023\\\/01\\\/03\\\/firmata-la-convenzione-provincia-regione-e-anas-la-societa-nazionale-mettera-i-soldi-la-programmazione-degli-interventi-resta-in-capo-alla-provincia\\\/#primaryimage\"},\"image\":{\"@id\":\"https:\\\/\\\/www.bellunopress.it\\\/2023\\\/01\\\/03\\\/firmata-la-convenzione-provincia-regione-e-anas-la-societa-nazionale-mettera-i-soldi-la-programmazione-degli-interventi-resta-in-capo-alla-provincia\\\/#primaryimage\"},\"thumbnailUrl\":\"https:\\\/\\\/www.bellunopress.it\\\/wp-content\\\/uploads\\\/2021\\\/11\\\/Palazzo-PIloni-sede-Provincia_edited.jpg\",\"datePublished\":\"2023-01-03T14:40:58+00:00\",\"breadcrumb\":{\"@id\":\"https:\\\/\\\/www.bellunopress.it\\\/2023\\\/01\\\/03\\\/firmata-la-convenzione-provincia-regione-e-anas-la-societa-nazionale-mettera-i-soldi-la-programmazione-degli-interventi-resta-in-capo-alla-provincia\\\/#breadcrumb\"},\"inLanguage\":\"fr-FR\",\"potentialAction\":[{\"@type\":\"ReadAction\",\"target\":[\"https:\\\/\\\/www.bellunopress.it\\\/2023\\\/01\\\/03\\\/firmata-la-convenzione-provincia-regione-e-anas-la-societa-nazionale-mettera-i-soldi-la-programmazione-degli-interventi-resta-in-capo-alla-provincia\\\/\"]}]},{\"@type\":\"ImageObject\",\"inLanguage\":\"fr-FR\",\"@id\":\"https:\\\/\\\/www.bellunopress.it\\\/2023\\\/01\\\/03\\\/firmata-la-convenzione-provincia-regione-e-anas-la-societa-nazionale-mettera-i-soldi-la-programmazione-degli-interventi-resta-in-capo-alla-provincia\\\/#primaryimage\",\"url\":\"https:\\\/\\\/www.bellunopress.it\\\/wp-content\\\/uploads\\\/2021\\\/11\\\/Palazzo-PIloni-sede-Provincia_edited.jpg\",\"contentUrl\":\"https:\\\/\\\/www.bellunopress.it\\\/wp-content\\\/uploads\\\/2021\\\/11\\\/Palazzo-PIloni-sede-Provincia_edited.jpg\",\"width\":800,\"height\":515,\"caption\":\"Palazzo Piloni, sede della Provincia\"},{\"@type\":\"BreadcrumbList\",\"@id\":\"https:\\\/\\\/www.bellunopress.it\\\/2023\\\/01\\\/03\\\/firmata-la-convenzione-provincia-regione-e-anas-la-societa-nazionale-mettera-i-soldi-la-programmazione-degli-interventi-resta-in-capo-alla-provincia\\\/#breadcrumb\",\"itemListElement\":[{\"@type\":\"ListItem\",\"position\":1,\"name\":\"Home\",\"item\":\"https:\\\/\\\/www.bellunopress.it\\\/\"},{\"@type\":\"ListItem\",\"position\":2,\"name\":\"Firmata la convenzione Provincia, Regione e Anas.\u00a0La societ\u00e0 nazionale metter\u00e0 i soldi, la programmazione degli interventi resta in capo alla Provincia\"}]},{\"@type\":\"WebSite\",\"@id\":\"https:\\\/\\\/www.bellunopress.it\\\/#website\",\"url\":\"https:\\\/\\\/www.bellunopress.it\\\/\",\"name\":\"Bellunopress - Dolomiti\",\"description\":\"e-mail: redazione@bellunopress.it\",\"publisher\":{\"@id\":\"https:\\\/\\\/www.bellunopress.it\\\/#organization\"},\"potentialAction\":[{\"@type\":\"SearchAction\",\"target\":{\"@type\":\"EntryPoint\",\"urlTemplate\":\"https:\\\/\\\/www.bellunopress.it\\\/?s={search_term_string}\"},\"query-input\":{\"@type\":\"PropertyValueSpecification\",\"valueRequired\":true,\"valueName\":\"search_term_string\"}}],\"inLanguage\":\"fr-FR\"},{\"@type\":\"Organization\",\"@id\":\"https:\\\/\\\/www.bellunopress.it\\\/#organization\",\"name\":\"Bellunopress\",\"url\":\"https:\\\/\\\/www.bellunopress.it\\\/\",\"logo\":{\"@type\":\"ImageObject\",\"inLanguage\":\"fr-FR\",\"@id\":\"https:\\\/\\\/www.bellunopress.it\\\/#\\\/schema\\\/logo\\\/image\\\/\",\"url\":\"https:\\\/\\\/www.bellunopress.it\\\/wp-content\\\/uploads\\\/2011\\\/05\\\/cropped-logo-bellunopress-.jpg\",\"contentUrl\":\"https:\\\/\\\/www.bellunopress.it\\\/wp-content\\\/uploads\\\/2011\\\/05\\\/cropped-logo-bellunopress-.jpg\",\"width\":512,\"height\":512,\"caption\":\"Bellunopress\"},\"image\":{\"@id\":\"https:\\\/\\\/www.bellunopress.it\\\/#\\\/schema\\\/logo\\\/image\\\/\"},\"sameAs\":[\"https:\\\/\\\/www.facebook.com\\\/profile.php?id=100008943462799\",\"https:\\\/\\\/x.com\\\/bellunopress\",\"https:\\\/\\\/www.linkedin.com\\\/hp\\\/?dnr=JBzUWaJfMUw8vbXJJ2tVW5-I3jZKvC4wsoxE&amp;amp;amp;amp;amp;amp;trk=nav_responsive_tab_home\",\"https:\\\/\\\/www.youtube.com\\\/channel\\\/UCxL0wu1uN0_3_7hGG0306cw\"]},{\"@type\":\"Person\",\"@id\":\"https:\\\/\\\/www.bellunopress.it\\\/#\\\/schema\\\/person\\\/79bb06722b37ece1c03d3e94beb30d73\",\"name\":\"redazione\",\"image\":{\"@type\":\"ImageObject\",\"inLanguage\":\"fr-FR\",\"@id\":\"https:\\\/\\\/secure.gravatar.com\\\/avatar\\\/37d968a2e67a6fd04c169c4bdef102d0bc5d31b2546345219e348575eb80e9a0?s=96&d=mm&r=g\",\"url\":\"https:\\\/\\\/secure.gravatar.com\\\/avatar\\\/37d968a2e67a6fd04c169c4bdef102d0bc5d31b2546345219e348575eb80e9a0?s=96&d=mm&r=g\",\"contentUrl\":\"https:\\\/\\\/secure.gravatar.com\\\/avatar\\\/37d968a2e67a6fd04c169c4bdef102d0bc5d31b2546345219e348575eb80e9a0?s=96&d=mm&r=g\",\"caption\":\"redazione\"},\"sameAs\":[\"http:\\\/\\\/www.bellunopress.it\",\"https:\\\/\\\/x.com\\\/bellunopress\"],\"url\":\"https:\\\/\\\/www.bellunopress.it\\\/fr\\\/author\\\/redazione\\\/\"}]}<\/script>\n<!-- \/ Yoast SEO plugin. -->","yoast_head_json":{"title":"Firmata la convenzione Provincia, Regione e Anas.\u00a0La societ\u00e0 nazionale metter\u00e0 i soldi, la programmazione degli interventi resta in capo alla Provincia - Bellunopress - Dolomiti","robots":{"index":"index","follow":"follow","max-snippet":"max-snippet:-1","max-image-preview":"max-image-preview:large","max-video-preview":"max-video-preview:-1"},"canonical":"https:\/\/www.bellunopress.it\/fr\/2023\/01\/03\/firmata-la-convenzione-provincia-regione-e-anas-la-societa-nazionale-mettera-i-soldi-la-programmazione-degli-interventi-resta-in-capo-alla-provincia\/","og_locale":"fr_FR","og_type":"article","og_title":"Firmata la convenzione Provincia, Regione e Anas.\u00a0La societ\u00e0 nazionale metter\u00e0 i soldi, la programmazione degli interventi resta in capo alla Provincia - Bellunopress - Dolomiti","og_description":"Padrin: \u00abCos\u00ec sblocchiamo risorse importanti da riversare sul territorio\u00bb \u00abFinalmente vediamo la soluzione di un problema che ha tenuto ingessato il bilancio provinciale negli ultimi tre anni\u00bb. Cos\u00ec il presidente della Provincia di Belluno Roberto Padrin in merito all&#8217;accordo con Regione e Anas per la gestione della viabilit\u00e0 cosiddetta &#8220;di rientro&#8221;. A fine anno, infatti, [&hellip;]","og_url":"https:\/\/www.bellunopress.it\/fr\/2023\/01\/03\/firmata-la-convenzione-provincia-regione-e-anas-la-societa-nazionale-mettera-i-soldi-la-programmazione-degli-interventi-resta-in-capo-alla-provincia\/","og_site_name":"Bellunopress - Dolomiti","article_publisher":"https:\/\/www.facebook.com\/profile.php?id=100008943462799","article_published_time":"2023-01-03T14:40:58+00:00","og_image":[{"width":800,"height":515,"url":"https:\/\/www.bellunopress.it\/wp-content\/uploads\/2021\/11\/Palazzo-PIloni-sede-Provincia_edited.jpg","type":"image\/jpeg"}],"author":"redazione","twitter_card":"summary_large_image","twitter_creator":"@bellunopress","twitter_site":"@bellunopress","twitter_misc":{"\u00c9crit par":"redazione","Dur\u00e9e de lecture estim\u00e9e":"3 minutes"},"schema":{"@context":"https:\/\/schema.org","@graph":[{"@type":"Article","@id":"https:\/\/www.bellunopress.it\/2023\/01\/03\/firmata-la-convenzione-provincia-regione-e-anas-la-societa-nazionale-mettera-i-soldi-la-programmazione-degli-interventi-resta-in-capo-alla-provincia\/#article","isPartOf":{"@id":"https:\/\/www.bellunopress.it\/2023\/01\/03\/firmata-la-convenzione-provincia-regione-e-anas-la-societa-nazionale-mettera-i-soldi-la-programmazione-degli-interventi-resta-in-capo-alla-provincia\/"},"author":{"name":"redazione","@id":"https:\/\/www.bellunopress.it\/#\/schema\/person\/79bb06722b37ece1c03d3e94beb30d73"},"headline":"Firmata la convenzione Provincia, Regione e Anas.\u00a0La societ\u00e0 nazionale metter\u00e0 i soldi, la programmazione degli interventi resta in capo alla Provincia","datePublished":"2023-01-03T14:40:58+00:00","mainEntityOfPage":{"@id":"https:\/\/www.bellunopress.it\/2023\/01\/03\/firmata-la-convenzione-provincia-regione-e-anas-la-societa-nazionale-mettera-i-soldi-la-programmazione-degli-interventi-resta-in-capo-alla-provincia\/"},"wordCount":515,"publisher":{"@id":"https:\/\/www.bellunopress.it\/#organization"},"image":{"@id":"https:\/\/www.bellunopress.it\/2023\/01\/03\/firmata-la-convenzione-provincia-regione-e-anas-la-societa-nazionale-mettera-i-soldi-la-programmazione-degli-interventi-resta-in-capo-alla-provincia\/#primaryimage"},"thumbnailUrl":"https:\/\/www.bellunopress.it\/wp-content\/uploads\/2021\/11\/Palazzo-PIloni-sede-Provincia_edited.jpg","articleSection":["Cronaca\/Politica","Prima Pagina","Societ\u00e0, Associazioni, Istituzioni"],"inLanguage":"fr-FR"},{"@type":"WebPage","@id":"https:\/\/www.bellunopress.it\/2023\/01\/03\/firmata-la-convenzione-provincia-regione-e-anas-la-societa-nazionale-mettera-i-soldi-la-programmazione-degli-interventi-resta-in-capo-alla-provincia\/","url":"https:\/\/www.bellunopress.it\/2023\/01\/03\/firmata-la-convenzione-provincia-regione-e-anas-la-societa-nazionale-mettera-i-soldi-la-programmazione-degli-interventi-resta-in-capo-alla-provincia\/","name":"Firmata la convenzione Provincia, Regione e Anas.\u00a0La societ\u00e0 nazionale metter\u00e0 i soldi, la programmazione degli interventi resta in capo alla Provincia - Bellunopress - Dolomiti","isPartOf":{"@id":"https:\/\/www.bellunopress.it\/#website"},"primaryImageOfPage":{"@id":"https:\/\/www.bellunopress.it\/2023\/01\/03\/firmata-la-convenzione-provincia-regione-e-anas-la-societa-nazionale-mettera-i-soldi-la-programmazione-degli-interventi-resta-in-capo-alla-provincia\/#primaryimage"},"image":{"@id":"https:\/\/www.bellunopress.it\/2023\/01\/03\/firmata-la-convenzione-provincia-regione-e-anas-la-societa-nazionale-mettera-i-soldi-la-programmazione-degli-interventi-resta-in-capo-alla-provincia\/#primaryimage"},"thumbnailUrl":"https:\/\/www.bellunopress.it\/wp-content\/uploads\/2021\/11\/Palazzo-PIloni-sede-Provincia_edited.jpg","datePublished":"2023-01-03T14:40:58+00:00","breadcrumb":{"@id":"https:\/\/www.bellunopress.it\/2023\/01\/03\/firmata-la-convenzione-provincia-regione-e-anas-la-societa-nazionale-mettera-i-soldi-la-programmazione-degli-interventi-resta-in-capo-alla-provincia\/#breadcrumb"},"inLanguage":"fr-FR","potentialAction":[{"@type":"ReadAction","target":["https:\/\/www.bellunopress.it\/2023\/01\/03\/firmata-la-convenzione-provincia-regione-e-anas-la-societa-nazionale-mettera-i-soldi-la-programmazione-degli-interventi-resta-in-capo-alla-provincia\/"]}]},{"@type":"ImageObject","inLanguage":"fr-FR","@id":"https:\/\/www.bellunopress.it\/2023\/01\/03\/firmata-la-convenzione-provincia-regione-e-anas-la-societa-nazionale-mettera-i-soldi-la-programmazione-degli-interventi-resta-in-capo-alla-provincia\/#primaryimage","url":"https:\/\/www.bellunopress.it\/wp-content\/uploads\/2021\/11\/Palazzo-PIloni-sede-Provincia_edited.jpg","contentUrl":"https:\/\/www.bellunopress.it\/wp-content\/uploads\/2021\/11\/Palazzo-PIloni-sede-Provincia_edited.jpg","width":800,"height":515,"caption":"Palazzo Piloni, sede della Provincia"},{"@type":"BreadcrumbList","@id":"https:\/\/www.bellunopress.it\/2023\/01\/03\/firmata-la-convenzione-provincia-regione-e-anas-la-societa-nazionale-mettera-i-soldi-la-programmazione-degli-interventi-resta-in-capo-alla-provincia\/#breadcrumb","itemListElement":[{"@type":"ListItem","position":1,"name":"Home","item":"https:\/\/www.bellunopress.it\/"},{"@type":"ListItem","position":2,"name":"Firmata la convenzione Provincia, Regione e Anas.\u00a0La societ\u00e0 nazionale metter\u00e0 i soldi, la programmazione degli interventi resta in capo alla Provincia"}]},{"@type":"WebSite","@id":"https:\/\/www.bellunopress.it\/#website","url":"https:\/\/www.bellunopress.it\/","name":"Bellunopress - Dolomiti","description":"e-mail: redazione@bellunopress.it","publisher":{"@id":"https:\/\/www.bellunopress.it\/#organization"},"potentialAction":[{"@type":"SearchAction","target":{"@type":"EntryPoint","urlTemplate":"https:\/\/www.bellunopress.it\/?s={search_term_string}"},"query-input":{"@type":"PropertyValueSpecification","valueRequired":true,"valueName":"search_term_string"}}],"inLanguage":"fr-FR"},{"@type":"Organization","@id":"https:\/\/www.bellunopress.it\/#organization","name":"Bellunopress","url":"https:\/\/www.bellunopress.it\/","logo":{"@type":"ImageObject","inLanguage":"fr-FR","@id":"https:\/\/www.bellunopress.it\/#\/schema\/logo\/image\/","url":"https:\/\/www.bellunopress.it\/wp-content\/uploads\/2011\/05\/cropped-logo-bellunopress-.jpg","contentUrl":"https:\/\/www.bellunopress.it\/wp-content\/uploads\/2011\/05\/cropped-logo-bellunopress-.jpg","width":512,"height":512,"caption":"Bellunopress"},"image":{"@id":"https:\/\/www.bellunopress.it\/#\/schema\/logo\/image\/"},"sameAs":["https:\/\/www.facebook.com\/profile.php?id=100008943462799","https:\/\/x.com\/bellunopress","https:\/\/www.linkedin.com\/hp\/?dnr=JBzUWaJfMUw8vbXJJ2tVW5-I3jZKvC4wsoxE&amp;amp;amp;amp;amp;amp;trk=nav_responsive_tab_home","https:\/\/www.youtube.com\/channel\/UCxL0wu1uN0_3_7hGG0306cw"]},{"@type":"Person","@id":"https:\/\/www.bellunopress.it\/#\/schema\/person\/79bb06722b37ece1c03d3e94beb30d73","name":"r\u00e9daction","image":{"@type":"ImageObject","inLanguage":"fr-FR","@id":"https:\/\/secure.gravatar.com\/avatar\/37d968a2e67a6fd04c169c4bdef102d0bc5d31b2546345219e348575eb80e9a0?s=96&d=mm&r=g","url":"https:\/\/secure.gravatar.com\/avatar\/37d968a2e67a6fd04c169c4bdef102d0bc5d31b2546345219e348575eb80e9a0?s=96&d=mm&r=g","contentUrl":"https:\/\/secure.gravatar.com\/avatar\/37d968a2e67a6fd04c169c4bdef102d0bc5d31b2546345219e348575eb80e9a0?s=96&d=mm&r=g","caption":"redazione"},"sameAs":["http:\/\/www.bellunopress.it","https:\/\/x.com\/bellunopress"],"url":"https:\/\/www.bellunopress.it\/fr\/author\/redazione\/"}]}},"_links":{"self":[{"href":"https:\/\/www.bellunopress.it\/fr\/wp-json\/wp\/v2\/posts\/138800","targetHints":{"allow":["GET"]}}],"collection":[{"href":"https:\/\/www.bellunopress.it\/fr\/wp-json\/wp\/v2\/posts"}],"about":[{"href":"https:\/\/www.bellunopress.it\/fr\/wp-json\/wp\/v2\/types\/post"}],"author":[{"embeddable":true,"href":"https:\/\/www.bellunopress.it\/fr\/wp-json\/wp\/v2\/users\/2"}],"replies":[{"embeddable":true,"href":"https:\/\/www.bellunopress.it\/fr\/wp-json\/wp\/v2\/comments?post=138800"}],"version-history":[{"count":1,"href":"https:\/\/www.bellunopress.it\/fr\/wp-json\/wp\/v2\/posts\/138800\/revisions"}],"predecessor-version":[{"id":138801,"href":"https:\/\/www.bellunopress.it\/fr\/wp-json\/wp\/v2\/posts\/138800\/revisions\/138801"}],"wp:featuredmedia":[{"embeddable":true,"href":"https:\/\/www.bellunopress.it\/fr\/wp-json\/wp\/v2\/media\/129131"}],"wp:attachment":[{"href":"https:\/\/www.bellunopress.it\/fr\/wp-json\/wp\/v2\/media?parent=138800"}],"wp:term":[{"taxonomy":"category","embeddable":true,"href":"https:\/\/www.bellunopress.it\/fr\/wp-json\/wp\/v2\/categories?post=138800"},{"taxonomy":"post_tag","embeddable":true,"href":"https:\/\/www.bellunopress.it\/fr\/wp-json\/wp\/v2\/tags?post=138800"}],"curies":[{"name":"wp","href":"https:\/\/api.w.org\/{rel}","templated":true}]}}