{"id":138660,"date":"2022-12-27T15:10:02","date_gmt":"2022-12-27T14:10:02","guid":{"rendered":"https:\/\/www.bellunopress.it\/?p=138660"},"modified":"2022-12-27T15:12:04","modified_gmt":"2022-12-27T14:12:04","slug":"dolomiti-hub-a-fonzaso-chiude-il-2022-allinsegna-del-cinema","status":"publish","type":"post","link":"https:\/\/www.bellunopress.it\/fr\/2022\/12\/27\/dolomiti-hub-a-fonzaso-chiude-il-2022-allinsegna-del-cinema\/","title":{"rendered":"Dolomiti Hub a Fonzaso chiude il 2022 all&#8217;insegna del cinema"},"content":{"rendered":"<p><em><img loading=\"lazy\" decoding=\"async\" class=\"alignleft size-full wp-image-137475\" src=\"https:\/\/www.bellunopress.it\/wp-content\/uploads\/2022\/11\/Dolomiti-Hub-spazio-culturale.jpg\" alt=\"\" width=\"781\" height=\"393\" srcset=\"https:\/\/www.bellunopress.it\/wp-content\/uploads\/2022\/11\/Dolomiti-Hub-spazio-culturale.jpg 781w, https:\/\/www.bellunopress.it\/wp-content\/uploads\/2022\/11\/Dolomiti-Hub-spazio-culturale-500x252.jpg 500w, https:\/\/www.bellunopress.it\/wp-content\/uploads\/2022\/11\/Dolomiti-Hub-spazio-culturale-696x350.jpg 696w\" sizes=\"auto, (max-width: 781px) 100vw, 781px\" \/>Gioved\u00ec 29 e venerd\u00ec 30 dicembre un film per adulti e uno per bambini<\/em><\/p>\n<p>Dolomiti Hub saluta la fine del 2022 proponendo dando appuntamento nella nuova sala visioni con due eventi cinematografici rivolti a grandi e piccoli. Gioved\u00ec 29 dicembre alle ore 20:30, verr\u00e0 proiettato il film &#8220;Altri cannibali&#8221;, del giovane regista feltrino Francesco Sossai. Potente debutto nel lungometraggio, opera che ha conquistato i festival d&#8217;Italia e d&#8217;Europa incassando diversi premi<\/p>\n<p>\u00c8 possibile non pensare a niente? La faccia assente di Fausto, operaio metalmeccanico, davanti alla macchina alla quale lavora sembra suggerirlo. Quando per\u00f2 Ivan lo interroga, scopriamo che nella sua testa si \u00e8 infiltrato un pensiero. \u00c8 quel pensiero violento l&#8217;origine dell&#8217;incontro tra Fausto e Ivan. In una remota valle divorata da citt\u00e0 industriali, i due si confrontano con l&#8217;impossibilit\u00e0 di scappare dalle loro vite. Il verso di Baudelaire &#8220;Un&#8217;oasi d&#8217;orrore in un deserto di noia!&#8221; \u00e8 lo spunto di partenza per descrivere la relazione tra due uomini e il paesaggio in cui vivono: una piccola zona industriale nelle Dolomiti dove le montagne possono essere delle prigioni e dove \u00e8 possibile coltivare pensieri estremi, oscuri, oltre gli standard umani.<\/p>\n<p>Creatura ibrida, met\u00e0 orso e met\u00e0 bufalo, il Gruffal\u00f2 \u00e8 il protagonista di un celeberrimo libro per bambini uscito alla fine degli anni Novanta. La storia dell&#8217;incontro di questo strano essere mostruoso con uno scaltro topolino e gli altri animali di una frondosa e coloratissima foresta \u00e8 rapidamente diventato un classico della letteratura per l&#8217;infanzia con milioni di copie vendute in tutto il mondo e traduzioni in oltre cinquanta lingue. Il Gruffal\u00f2 e il suo seguito, Gruffal\u00f2 e la sua piccolina, sono diventati grazie al talento dello Studio Soi due divertenti e pluripremiati film d&#8217;animazione (il primo \u00e8 stato candidato all&#8217;Oscar) che uniscono la tradizionale tecnica d&#8217;animazione a passo uno con la computer grafica.<\/p>\n<p>Dopo l&#8217;apertura del bar bistrot, a Dolomiti Hub, spazio rigenerato nella zona industriale di Fonzaso, \u00e8 entrata in funzione la Sala Visioni, uno spazio cinema dotato di proiettore cinematografico e impianto audio professionale, che ospiter\u00e0 proiezioni e rassegne di film, insieme a laboratori dedicati a bambini e ragazzi.<\/p>\n<p>Con una originale programmazione cinematografica, la sala vuol essere un luogo di incontro e di crescita culturale e sociale della comunit\u00e0 e un&#8217;opportunit\u00e0 trasversale alle generazioni e alle organizzazioni locali. Le attivit\u00e0 proposte avranno diverse finalit\u00e0: dalla formazione alla crescita culturale dell&#8217;ambiente sociale e della comunit\u00e0 di riferimento, fino all&#8217;intrattenimento, con l&#8217;intento sempre presente di stimolare la partecipazione attiva del pubblico attraverso la creazione di dibattiti e incontri con gli autori.<\/p>\n<p>L&#8217;apertura al territorio rimane una delle cifre distintive di Dolomiti Hub, che d\u00e0 l&#8217;opportunit\u00e0 a enti e imprese di co-progettare specifiche rassegne. Le attivit\u00e0 cinematografiche mirano infatti a interagire con il pubblico di riferimento e con il territorio, attraverso la variet\u00e0 di contenuto proposto e la partecipazione attiva anche nella scelta futura delle proposte, perch\u00e9 lo spazio sia un luogo attivo, aperto e di dialogo.<\/p>\n<p>Le tematiche identificate per la costruzione dei contenuti sono di aspetto sociale e culturale, con una forte attenzione alle produzioni locali di qualit\u00e0 e al coinvolgimento di registi e professionisti del cinema.<\/p>\n<p>Un ruolo di prim&#8217;ordine \u00e8 infine giocato da Piattaforma Lago, network che dal 2005 organizza il Lago Film Fest \u2013 festival internazionale di cortometraggi, e che ha la regia e la curatela della programmazione cinematografica di Dolomiti Hub, che prevede vari ambiti d&#8217;azione:<\/p>\n<p>il &#8220;cinemino&#8221;, ovvero un cineforum per bambini accompagnato da microlaboratori legati all&#8217;immagine in movimento per approfondire le tematiche dei film e gli aspetti tecnici;<\/p>\n<p>i laboratori di alta formazione per ragazzi, con artisti, registi e creativi sempre legati al mondo dell&#8217;immagine in movimento e alle tematiche del film selezionati;<\/p>\n<p>cinema e incontro per adulti, con la selezione di film nazionali e internazionali con collegamenti locali e la possibilit\u00e0 di incontrare i protagonisti, registi, attori e sceneggiatori;<\/p>\n<p>rassegne ed eventi tematici legati a temi d&#8217;attualit\u00e0 o di rilevanza locale come l&#8217;ambiente, il paesaggio, la natura, lo sport, l&#8217;architettura, l&#8217;arte e l&#8217;enogastronomia.<\/p>\n<p>Tutti gli appuntamenti sono promossi con il patrocinio del Comune di Fonzaso e il sostegno economico della Fondazione Cariverona. L&#8217;ingresso \u00e8 a pagamento, con un biglietto di 7 euro.<\/p>\n<p>&nbsp;<\/p>","protected":false},"excerpt":{"rendered":"<p>Gioved\u00ec 29 e venerd\u00ec 30 dicembre un film per adulti e uno per bambini Dolomiti Hub saluta la fine del 2022 proponendo dando appuntamento nella nuova sala visioni con due eventi cinematografici rivolti a grandi e piccoli. Gioved\u00ec 29 dicembre alle ore 20:30, verr\u00e0 proiettato il film &#8220;Altri cannibali&#8221;, del giovane regista feltrino Francesco Sossai. [&hellip;]<\/p>\n","protected":false},"author":2,"featured_media":137475,"comment_status":"closed","ping_status":"open","sticky":false,"template":"","format":"standard","meta":{"footnotes":""},"categories":[27,3,25],"tags":[],"class_list":["post-138660","post","type-post","status-publish","format-standard","has-post-thumbnail","category-appuntamenti","category-arte-cultura-spettacoli-scienza-archivi","category-pausa-caffe"],"yoast_head":"<!-- This site is optimized with the Yoast SEO plugin v28.4 - https:\/\/yoast.com\/product\/yoast-seo-wordpress\/ -->\n<title>Dolomiti Hub a Fonzaso chiude il 2022 all&#039;insegna del cinema - Bellunopress - Dolomiti<\/title>\n<meta name=\"robots\" content=\"index, follow, max-snippet:-1, max-image-preview:large, max-video-preview:-1\" \/>\n<link rel=\"canonical\" href=\"https:\/\/www.bellunopress.it\/fr\/2022\/12\/27\/dolomiti-hub-a-fonzaso-chiude-il-2022-allinsegna-del-cinema\/\" \/>\n<meta property=\"og:locale\" content=\"fr_FR\" \/>\n<meta property=\"og:type\" content=\"article\" \/>\n<meta property=\"og:title\" content=\"Dolomiti Hub a Fonzaso chiude il 2022 all&#039;insegna del cinema - Bellunopress - Dolomiti\" \/>\n<meta property=\"og:description\" content=\"Gioved\u00ec 29 e venerd\u00ec 30 dicembre un film per adulti e uno per bambini Dolomiti Hub saluta la fine del 2022 proponendo dando appuntamento nella nuova sala visioni con due eventi cinematografici rivolti a grandi e piccoli. Gioved\u00ec 29 dicembre alle ore 20:30, verr\u00e0 proiettato il film &#8220;Altri cannibali&#8221;, del giovane regista feltrino Francesco Sossai. [&hellip;]\" \/>\n<meta property=\"og:url\" content=\"https:\/\/www.bellunopress.it\/fr\/2022\/12\/27\/dolomiti-hub-a-fonzaso-chiude-il-2022-allinsegna-del-cinema\/\" \/>\n<meta property=\"og:site_name\" content=\"Bellunopress - Dolomiti\" \/>\n<meta property=\"article:publisher\" content=\"https:\/\/www.facebook.com\/profile.php?id=100008943462799\" \/>\n<meta property=\"article:published_time\" content=\"2022-12-27T14:10:02+00:00\" \/>\n<meta property=\"article:modified_time\" content=\"2022-12-27T14:12:04+00:00\" \/>\n<meta property=\"og:image\" content=\"https:\/\/www.bellunopress.it\/wp-content\/uploads\/2022\/11\/Dolomiti-Hub-spazio-culturale.jpg\" \/>\n\t<meta property=\"og:image:width\" content=\"781\" \/>\n\t<meta property=\"og:image:height\" content=\"393\" \/>\n\t<meta property=\"og:image:type\" content=\"image\/jpeg\" \/>\n<meta name=\"author\" content=\"redazione\" \/>\n<meta name=\"twitter:card\" content=\"summary_large_image\" \/>\n<meta name=\"twitter:creator\" content=\"@bellunopress\" \/>\n<meta name=\"twitter:site\" content=\"@bellunopress\" \/>\n<meta name=\"twitter:label1\" content=\"\u00c9crit par\" \/>\n\t<meta name=\"twitter:data1\" content=\"redazione\" \/>\n\t<meta name=\"twitter:label2\" content=\"Dur\u00e9e de lecture estim\u00e9e\" \/>\n\t<meta name=\"twitter:data2\" content=\"4 minutes\" \/>\n<script type=\"application\/ld+json\" class=\"yoast-schema-graph\">{\"@context\":\"https:\\\/\\\/schema.org\",\"@graph\":[{\"@type\":\"Article\",\"@id\":\"https:\\\/\\\/www.bellunopress.it\\\/2022\\\/12\\\/27\\\/dolomiti-hub-a-fonzaso-chiude-il-2022-allinsegna-del-cinema\\\/#article\",\"isPartOf\":{\"@id\":\"https:\\\/\\\/www.bellunopress.it\\\/2022\\\/12\\\/27\\\/dolomiti-hub-a-fonzaso-chiude-il-2022-allinsegna-del-cinema\\\/\"},\"author\":{\"name\":\"redazione\",\"@id\":\"https:\\\/\\\/www.bellunopress.it\\\/#\\\/schema\\\/person\\\/79bb06722b37ece1c03d3e94beb30d73\"},\"headline\":\"Dolomiti Hub a Fonzaso chiude il 2022 all&#8217;insegna del cinema\",\"datePublished\":\"2022-12-27T14:10:02+00:00\",\"dateModified\":\"2022-12-27T14:12:04+00:00\",\"mainEntityOfPage\":{\"@id\":\"https:\\\/\\\/www.bellunopress.it\\\/2022\\\/12\\\/27\\\/dolomiti-hub-a-fonzaso-chiude-il-2022-allinsegna-del-cinema\\\/\"},\"wordCount\":713,\"publisher\":{\"@id\":\"https:\\\/\\\/www.bellunopress.it\\\/#organization\"},\"image\":{\"@id\":\"https:\\\/\\\/www.bellunopress.it\\\/2022\\\/12\\\/27\\\/dolomiti-hub-a-fonzaso-chiude-il-2022-allinsegna-del-cinema\\\/#primaryimage\"},\"thumbnailUrl\":\"https:\\\/\\\/www.bellunopress.it\\\/wp-content\\\/uploads\\\/2022\\\/11\\\/Dolomiti-Hub-spazio-culturale.jpg\",\"articleSection\":[\"Appuntamenti, Eventi\",\"Arte, Cultura, Spettacoli, Scienza\",\"Pausa Caff\u00e8\"],\"inLanguage\":\"fr-FR\"},{\"@type\":\"WebPage\",\"@id\":\"https:\\\/\\\/www.bellunopress.it\\\/2022\\\/12\\\/27\\\/dolomiti-hub-a-fonzaso-chiude-il-2022-allinsegna-del-cinema\\\/\",\"url\":\"https:\\\/\\\/www.bellunopress.it\\\/2022\\\/12\\\/27\\\/dolomiti-hub-a-fonzaso-chiude-il-2022-allinsegna-del-cinema\\\/\",\"name\":\"Dolomiti Hub a Fonzaso chiude il 2022 all'insegna del cinema - Bellunopress - Dolomiti\",\"isPartOf\":{\"@id\":\"https:\\\/\\\/www.bellunopress.it\\\/#website\"},\"primaryImageOfPage\":{\"@id\":\"https:\\\/\\\/www.bellunopress.it\\\/2022\\\/12\\\/27\\\/dolomiti-hub-a-fonzaso-chiude-il-2022-allinsegna-del-cinema\\\/#primaryimage\"},\"image\":{\"@id\":\"https:\\\/\\\/www.bellunopress.it\\\/2022\\\/12\\\/27\\\/dolomiti-hub-a-fonzaso-chiude-il-2022-allinsegna-del-cinema\\\/#primaryimage\"},\"thumbnailUrl\":\"https:\\\/\\\/www.bellunopress.it\\\/wp-content\\\/uploads\\\/2022\\\/11\\\/Dolomiti-Hub-spazio-culturale.jpg\",\"datePublished\":\"2022-12-27T14:10:02+00:00\",\"dateModified\":\"2022-12-27T14:12:04+00:00\",\"breadcrumb\":{\"@id\":\"https:\\\/\\\/www.bellunopress.it\\\/2022\\\/12\\\/27\\\/dolomiti-hub-a-fonzaso-chiude-il-2022-allinsegna-del-cinema\\\/#breadcrumb\"},\"inLanguage\":\"fr-FR\",\"potentialAction\":[{\"@type\":\"ReadAction\",\"target\":[\"https:\\\/\\\/www.bellunopress.it\\\/2022\\\/12\\\/27\\\/dolomiti-hub-a-fonzaso-chiude-il-2022-allinsegna-del-cinema\\\/\"]}]},{\"@type\":\"ImageObject\",\"inLanguage\":\"fr-FR\",\"@id\":\"https:\\\/\\\/www.bellunopress.it\\\/2022\\\/12\\\/27\\\/dolomiti-hub-a-fonzaso-chiude-il-2022-allinsegna-del-cinema\\\/#primaryimage\",\"url\":\"https:\\\/\\\/www.bellunopress.it\\\/wp-content\\\/uploads\\\/2022\\\/11\\\/Dolomiti-Hub-spazio-culturale.jpg\",\"contentUrl\":\"https:\\\/\\\/www.bellunopress.it\\\/wp-content\\\/uploads\\\/2022\\\/11\\\/Dolomiti-Hub-spazio-culturale.jpg\",\"width\":781,\"height\":393},{\"@type\":\"BreadcrumbList\",\"@id\":\"https:\\\/\\\/www.bellunopress.it\\\/2022\\\/12\\\/27\\\/dolomiti-hub-a-fonzaso-chiude-il-2022-allinsegna-del-cinema\\\/#breadcrumb\",\"itemListElement\":[{\"@type\":\"ListItem\",\"position\":1,\"name\":\"Home\",\"item\":\"https:\\\/\\\/www.bellunopress.it\\\/\"},{\"@type\":\"ListItem\",\"position\":2,\"name\":\"Dolomiti Hub a Fonzaso chiude il 2022 all&#8217;insegna del cinema\"}]},{\"@type\":\"WebSite\",\"@id\":\"https:\\\/\\\/www.bellunopress.it\\\/#website\",\"url\":\"https:\\\/\\\/www.bellunopress.it\\\/\",\"name\":\"Bellunopress - Dolomiti\",\"description\":\"e-mail: redazione@bellunopress.it\",\"publisher\":{\"@id\":\"https:\\\/\\\/www.bellunopress.it\\\/#organization\"},\"potentialAction\":[{\"@type\":\"SearchAction\",\"target\":{\"@type\":\"EntryPoint\",\"urlTemplate\":\"https:\\\/\\\/www.bellunopress.it\\\/?s={search_term_string}\"},\"query-input\":{\"@type\":\"PropertyValueSpecification\",\"valueRequired\":true,\"valueName\":\"search_term_string\"}}],\"inLanguage\":\"fr-FR\"},{\"@type\":\"Organization\",\"@id\":\"https:\\\/\\\/www.bellunopress.it\\\/#organization\",\"name\":\"Bellunopress\",\"url\":\"https:\\\/\\\/www.bellunopress.it\\\/\",\"logo\":{\"@type\":\"ImageObject\",\"inLanguage\":\"fr-FR\",\"@id\":\"https:\\\/\\\/www.bellunopress.it\\\/#\\\/schema\\\/logo\\\/image\\\/\",\"url\":\"https:\\\/\\\/www.bellunopress.it\\\/wp-content\\\/uploads\\\/2011\\\/05\\\/cropped-logo-bellunopress-.jpg\",\"contentUrl\":\"https:\\\/\\\/www.bellunopress.it\\\/wp-content\\\/uploads\\\/2011\\\/05\\\/cropped-logo-bellunopress-.jpg\",\"width\":512,\"height\":512,\"caption\":\"Bellunopress\"},\"image\":{\"@id\":\"https:\\\/\\\/www.bellunopress.it\\\/#\\\/schema\\\/logo\\\/image\\\/\"},\"sameAs\":[\"https:\\\/\\\/www.facebook.com\\\/profile.php?id=100008943462799\",\"https:\\\/\\\/x.com\\\/bellunopress\",\"https:\\\/\\\/www.linkedin.com\\\/hp\\\/?dnr=JBzUWaJfMUw8vbXJJ2tVW5-I3jZKvC4wsoxE&amp;amp;amp;amp;amp;amp;trk=nav_responsive_tab_home\",\"https:\\\/\\\/www.youtube.com\\\/channel\\\/UCxL0wu1uN0_3_7hGG0306cw\"]},{\"@type\":\"Person\",\"@id\":\"https:\\\/\\\/www.bellunopress.it\\\/#\\\/schema\\\/person\\\/79bb06722b37ece1c03d3e94beb30d73\",\"name\":\"redazione\",\"image\":{\"@type\":\"ImageObject\",\"inLanguage\":\"fr-FR\",\"@id\":\"https:\\\/\\\/secure.gravatar.com\\\/avatar\\\/37d968a2e67a6fd04c169c4bdef102d0bc5d31b2546345219e348575eb80e9a0?s=96&d=mm&r=g\",\"url\":\"https:\\\/\\\/secure.gravatar.com\\\/avatar\\\/37d968a2e67a6fd04c169c4bdef102d0bc5d31b2546345219e348575eb80e9a0?s=96&d=mm&r=g\",\"contentUrl\":\"https:\\\/\\\/secure.gravatar.com\\\/avatar\\\/37d968a2e67a6fd04c169c4bdef102d0bc5d31b2546345219e348575eb80e9a0?s=96&d=mm&r=g\",\"caption\":\"redazione\"},\"sameAs\":[\"http:\\\/\\\/www.bellunopress.it\",\"https:\\\/\\\/x.com\\\/bellunopress\"],\"url\":\"https:\\\/\\\/www.bellunopress.it\\\/fr\\\/author\\\/redazione\\\/\"}]}<\/script>\n<!-- \/ Yoast SEO plugin. -->","yoast_head_json":{"title":"Dolomiti Hub a Fonzaso chiude il 2022 all'insegna del cinema - Bellunopress - Dolomiti","robots":{"index":"index","follow":"follow","max-snippet":"max-snippet:-1","max-image-preview":"max-image-preview:large","max-video-preview":"max-video-preview:-1"},"canonical":"https:\/\/www.bellunopress.it\/fr\/2022\/12\/27\/dolomiti-hub-a-fonzaso-chiude-il-2022-allinsegna-del-cinema\/","og_locale":"fr_FR","og_type":"article","og_title":"Dolomiti Hub a Fonzaso chiude il 2022 all'insegna del cinema - Bellunopress - Dolomiti","og_description":"Gioved\u00ec 29 e venerd\u00ec 30 dicembre un film per adulti e uno per bambini Dolomiti Hub saluta la fine del 2022 proponendo dando appuntamento nella nuova sala visioni con due eventi cinematografici rivolti a grandi e piccoli. Gioved\u00ec 29 dicembre alle ore 20:30, verr\u00e0 proiettato il film &#8220;Altri cannibali&#8221;, del giovane regista feltrino Francesco Sossai. [&hellip;]","og_url":"https:\/\/www.bellunopress.it\/fr\/2022\/12\/27\/dolomiti-hub-a-fonzaso-chiude-il-2022-allinsegna-del-cinema\/","og_site_name":"Bellunopress - Dolomiti","article_publisher":"https:\/\/www.facebook.com\/profile.php?id=100008943462799","article_published_time":"2022-12-27T14:10:02+00:00","article_modified_time":"2022-12-27T14:12:04+00:00","og_image":[{"width":781,"height":393,"url":"https:\/\/www.bellunopress.it\/wp-content\/uploads\/2022\/11\/Dolomiti-Hub-spazio-culturale.jpg","type":"image\/jpeg"}],"author":"redazione","twitter_card":"summary_large_image","twitter_creator":"@bellunopress","twitter_site":"@bellunopress","twitter_misc":{"\u00c9crit par":"redazione","Dur\u00e9e de lecture estim\u00e9e":"4 minutes"},"schema":{"@context":"https:\/\/schema.org","@graph":[{"@type":"Article","@id":"https:\/\/www.bellunopress.it\/2022\/12\/27\/dolomiti-hub-a-fonzaso-chiude-il-2022-allinsegna-del-cinema\/#article","isPartOf":{"@id":"https:\/\/www.bellunopress.it\/2022\/12\/27\/dolomiti-hub-a-fonzaso-chiude-il-2022-allinsegna-del-cinema\/"},"author":{"name":"redazione","@id":"https:\/\/www.bellunopress.it\/#\/schema\/person\/79bb06722b37ece1c03d3e94beb30d73"},"headline":"Dolomiti Hub a Fonzaso chiude il 2022 all&#8217;insegna del cinema","datePublished":"2022-12-27T14:10:02+00:00","dateModified":"2022-12-27T14:12:04+00:00","mainEntityOfPage":{"@id":"https:\/\/www.bellunopress.it\/2022\/12\/27\/dolomiti-hub-a-fonzaso-chiude-il-2022-allinsegna-del-cinema\/"},"wordCount":713,"publisher":{"@id":"https:\/\/www.bellunopress.it\/#organization"},"image":{"@id":"https:\/\/www.bellunopress.it\/2022\/12\/27\/dolomiti-hub-a-fonzaso-chiude-il-2022-allinsegna-del-cinema\/#primaryimage"},"thumbnailUrl":"https:\/\/www.bellunopress.it\/wp-content\/uploads\/2022\/11\/Dolomiti-Hub-spazio-culturale.jpg","articleSection":["Appuntamenti, Eventi","Arte, Cultura, Spettacoli, Scienza","Pausa Caff\u00e8"],"inLanguage":"fr-FR"},{"@type":"WebPage","@id":"https:\/\/www.bellunopress.it\/2022\/12\/27\/dolomiti-hub-a-fonzaso-chiude-il-2022-allinsegna-del-cinema\/","url":"https:\/\/www.bellunopress.it\/2022\/12\/27\/dolomiti-hub-a-fonzaso-chiude-il-2022-allinsegna-del-cinema\/","name":"Dolomiti Hub a Fonzaso chiude il 2022 all'insegna del cinema - Bellunopress - Dolomiti","isPartOf":{"@id":"https:\/\/www.bellunopress.it\/#website"},"primaryImageOfPage":{"@id":"https:\/\/www.bellunopress.it\/2022\/12\/27\/dolomiti-hub-a-fonzaso-chiude-il-2022-allinsegna-del-cinema\/#primaryimage"},"image":{"@id":"https:\/\/www.bellunopress.it\/2022\/12\/27\/dolomiti-hub-a-fonzaso-chiude-il-2022-allinsegna-del-cinema\/#primaryimage"},"thumbnailUrl":"https:\/\/www.bellunopress.it\/wp-content\/uploads\/2022\/11\/Dolomiti-Hub-spazio-culturale.jpg","datePublished":"2022-12-27T14:10:02+00:00","dateModified":"2022-12-27T14:12:04+00:00","breadcrumb":{"@id":"https:\/\/www.bellunopress.it\/2022\/12\/27\/dolomiti-hub-a-fonzaso-chiude-il-2022-allinsegna-del-cinema\/#breadcrumb"},"inLanguage":"fr-FR","potentialAction":[{"@type":"ReadAction","target":["https:\/\/www.bellunopress.it\/2022\/12\/27\/dolomiti-hub-a-fonzaso-chiude-il-2022-allinsegna-del-cinema\/"]}]},{"@type":"ImageObject","inLanguage":"fr-FR","@id":"https:\/\/www.bellunopress.it\/2022\/12\/27\/dolomiti-hub-a-fonzaso-chiude-il-2022-allinsegna-del-cinema\/#primaryimage","url":"https:\/\/www.bellunopress.it\/wp-content\/uploads\/2022\/11\/Dolomiti-Hub-spazio-culturale.jpg","contentUrl":"https:\/\/www.bellunopress.it\/wp-content\/uploads\/2022\/11\/Dolomiti-Hub-spazio-culturale.jpg","width":781,"height":393},{"@type":"BreadcrumbList","@id":"https:\/\/www.bellunopress.it\/2022\/12\/27\/dolomiti-hub-a-fonzaso-chiude-il-2022-allinsegna-del-cinema\/#breadcrumb","itemListElement":[{"@type":"ListItem","position":1,"name":"Home","item":"https:\/\/www.bellunopress.it\/"},{"@type":"ListItem","position":2,"name":"Dolomiti Hub a Fonzaso chiude il 2022 all&#8217;insegna del cinema"}]},{"@type":"WebSite","@id":"https:\/\/www.bellunopress.it\/#website","url":"https:\/\/www.bellunopress.it\/","name":"Bellunopress - Dolomiti","description":"e-mail: redazione@bellunopress.it","publisher":{"@id":"https:\/\/www.bellunopress.it\/#organization"},"potentialAction":[{"@type":"SearchAction","target":{"@type":"EntryPoint","urlTemplate":"https:\/\/www.bellunopress.it\/?s={search_term_string}"},"query-input":{"@type":"PropertyValueSpecification","valueRequired":true,"valueName":"search_term_string"}}],"inLanguage":"fr-FR"},{"@type":"Organization","@id":"https:\/\/www.bellunopress.it\/#organization","name":"Bellunopress","url":"https:\/\/www.bellunopress.it\/","logo":{"@type":"ImageObject","inLanguage":"fr-FR","@id":"https:\/\/www.bellunopress.it\/#\/schema\/logo\/image\/","url":"https:\/\/www.bellunopress.it\/wp-content\/uploads\/2011\/05\/cropped-logo-bellunopress-.jpg","contentUrl":"https:\/\/www.bellunopress.it\/wp-content\/uploads\/2011\/05\/cropped-logo-bellunopress-.jpg","width":512,"height":512,"caption":"Bellunopress"},"image":{"@id":"https:\/\/www.bellunopress.it\/#\/schema\/logo\/image\/"},"sameAs":["https:\/\/www.facebook.com\/profile.php?id=100008943462799","https:\/\/x.com\/bellunopress","https:\/\/www.linkedin.com\/hp\/?dnr=JBzUWaJfMUw8vbXJJ2tVW5-I3jZKvC4wsoxE&amp;amp;amp;amp;amp;amp;trk=nav_responsive_tab_home","https:\/\/www.youtube.com\/channel\/UCxL0wu1uN0_3_7hGG0306cw"]},{"@type":"Person","@id":"https:\/\/www.bellunopress.it\/#\/schema\/person\/79bb06722b37ece1c03d3e94beb30d73","name":"r\u00e9daction","image":{"@type":"ImageObject","inLanguage":"fr-FR","@id":"https:\/\/secure.gravatar.com\/avatar\/37d968a2e67a6fd04c169c4bdef102d0bc5d31b2546345219e348575eb80e9a0?s=96&d=mm&r=g","url":"https:\/\/secure.gravatar.com\/avatar\/37d968a2e67a6fd04c169c4bdef102d0bc5d31b2546345219e348575eb80e9a0?s=96&d=mm&r=g","contentUrl":"https:\/\/secure.gravatar.com\/avatar\/37d968a2e67a6fd04c169c4bdef102d0bc5d31b2546345219e348575eb80e9a0?s=96&d=mm&r=g","caption":"redazione"},"sameAs":["http:\/\/www.bellunopress.it","https:\/\/x.com\/bellunopress"],"url":"https:\/\/www.bellunopress.it\/fr\/author\/redazione\/"}]}},"_links":{"self":[{"href":"https:\/\/www.bellunopress.it\/fr\/wp-json\/wp\/v2\/posts\/138660","targetHints":{"allow":["GET"]}}],"collection":[{"href":"https:\/\/www.bellunopress.it\/fr\/wp-json\/wp\/v2\/posts"}],"about":[{"href":"https:\/\/www.bellunopress.it\/fr\/wp-json\/wp\/v2\/types\/post"}],"author":[{"embeddable":true,"href":"https:\/\/www.bellunopress.it\/fr\/wp-json\/wp\/v2\/users\/2"}],"replies":[{"embeddable":true,"href":"https:\/\/www.bellunopress.it\/fr\/wp-json\/wp\/v2\/comments?post=138660"}],"version-history":[{"count":2,"href":"https:\/\/www.bellunopress.it\/fr\/wp-json\/wp\/v2\/posts\/138660\/revisions"}],"predecessor-version":[{"id":138662,"href":"https:\/\/www.bellunopress.it\/fr\/wp-json\/wp\/v2\/posts\/138660\/revisions\/138662"}],"wp:featuredmedia":[{"embeddable":true,"href":"https:\/\/www.bellunopress.it\/fr\/wp-json\/wp\/v2\/media\/137475"}],"wp:attachment":[{"href":"https:\/\/www.bellunopress.it\/fr\/wp-json\/wp\/v2\/media?parent=138660"}],"wp:term":[{"taxonomy":"category","embeddable":true,"href":"https:\/\/www.bellunopress.it\/fr\/wp-json\/wp\/v2\/categories?post=138660"},{"taxonomy":"post_tag","embeddable":true,"href":"https:\/\/www.bellunopress.it\/fr\/wp-json\/wp\/v2\/tags?post=138660"}],"curies":[{"name":"wp","href":"https:\/\/api.w.org\/{rel}","templated":true}]}}