{"id":138657,"date":"2022-12-27T15:05:59","date_gmt":"2022-12-27T14:05:59","guid":{"rendered":"https:\/\/www.bellunopress.it\/?p=138657"},"modified":"2022-12-27T15:05:59","modified_gmt":"2022-12-27T14:05:59","slug":"fine-anno-in-rosa-per-auronzo-di-cadore","status":"publish","type":"post","link":"https:\/\/www.bellunopress.it\/fr\/2022\/12\/27\/fine-anno-in-rosa-per-auronzo-di-cadore\/","title":{"rendered":"Fine anno&#8230; in rosa per Auronzo di Cadore"},"content":{"rendered":"<p><em><img loading=\"lazy\" decoding=\"async\" class=\"alignleft size-full wp-image-138658\" src=\"https:\/\/www.bellunopress.it\/wp-content\/uploads\/2022\/12\/giro-italia-auronzo-2023-presentazione_edited.jpg\" alt=\"\" width=\"712\" height=\"1000\" srcset=\"https:\/\/www.bellunopress.it\/wp-content\/uploads\/2022\/12\/giro-italia-auronzo-2023-presentazione_edited.jpg 712w, https:\/\/www.bellunopress.it\/wp-content\/uploads\/2022\/12\/giro-italia-auronzo-2023-presentazione_edited-356x500.jpg 356w, https:\/\/www.bellunopress.it\/wp-content\/uploads\/2022\/12\/giro-italia-auronzo-2023-presentazione_edited-696x978.jpg 696w, https:\/\/www.bellunopress.it\/wp-content\/uploads\/2022\/12\/giro-italia-auronzo-2023-presentazione_edited-299x420.jpg 299w\" sizes=\"auto, (max-width: 712px) 100vw, 712px\" \/>Il 30 dicembre la presentazione del logo Citt\u00e0 di Tappa, in vista del Giro d&#8217;Italia 2023, la fiaccolata a tema e la presentazione degli eventi collaterali legati alle due ruote<\/em><\/p>\n<p>Auronzo di Cadore (Belluno), 27 dicembre 2022 \u2013 Sar\u00e0 un fine d&#8217;anno &#8230; in rosa per Auronzo di Cadore. Per il paese delle Tre Cime di Lavaredo e il suo territorio dolomitico, patrimonio mondiale dell&#8217;Unesco, non si tratter\u00e0 solamente del suggestivo e quotidiano spettacolo dell&#8217;enrosadira (il fenomeno che &#8220;colora&#8221; le Dolomiti all&#8217;alba e al tramonto), bens\u00ec del rosa del Giro d&#8217;Italia, l&#8217;evento ciclistico pi\u00f9 importante d&#8217;Italia e uno degli eventi sportivi di maggior tradizione, prestigio e seguito nel Bel Paese.<\/p>\n<p>Il Giro d&#8217;Italia torner\u00e0 ad Auronzo il 26 maggio prossimo, in occasione della diciannovesima tappa, la Longarone-Tre Cime di Lavaredo. Lo far\u00e0 a distanza di dieci anni dall&#8217;ultima volta (era il 25 maggio 2013), quando Vincenzo Nibali in maglia rosa si impose sotto una fitta nevicata sul traguardo del rifugio Auronzo. E proprio il rifugio Auronzo, posto a 2.333 metri di altitudine, ai piedi delle Tre Cime di Lavaredo, sar\u00e0 teatro, venerd\u00ec 30 dicembre, della presentazione del logo Citt\u00e0 di Tappa. Una location esclusiva per dare il la alle iniziative che riguarderanno la &#8220;tappa regina&#8221; del Giro numero 106, una frazione 182 chilometri e 5.400 metri di dislivello che porter\u00e0 al corsa rosa per l&#8217;ottava volta ai piedi di una delle montagne pi\u00f9 iconiche delle Dolomiti. La presentazione al rifugio (la struttura \u00e8 aperta tutti i giorni fino all&#8217;8 gennaio e raggiungibile a piedi oppure con il servizio di motoslitta) avverr\u00e0 alle 12.<\/p>\n<p>In serata, invece, l&#8217;appuntamento \u00e8 ad Auronzo, alla base degli impianti di risalita di Monte Agudo, in localit\u00e0 Taiarezze. Alle 18.30 ci sar\u00e0 la tradizionale fiaccolata a cura della Scuola Sci Auronzo-Misurina, una fiaccolata che per l&#8217;occasione si tinger\u00e0 di rosa, per uno spettacolo che coinvolger\u00e0 i maestri ma anche turisti e residenti. Al termine della fiaccolata, ci sar\u00e0 la presentazione degli eventi che il locale Comitato di Tappa sta predisponendo per gli appassionati della bicicletta. Si tratta, in particolare, degli appuntamenti con &#8220;3Epic Tre Cime di Lavaredo&#8221;: il 21 maggio la cronoscalata Auronzo-Tre Cime di Lavaredo con l&#8217;obiettivo di battere il tempo di Google Maps (32 km in 3h32&#8242;), mentre il 2, 3 e 4 giugno il Giro delle Tre Cime di Lavaredo, toccando Cortina d&#8217;Ampezzo, citt\u00e0 olimpica, i paesi della Val Pusteria, il Comelico. Un evento innovativo, quest&#8217;ultimo, con da vivere in modalit\u00e0 unbound, cio\u00e8 libero, con due tracce GPX studiate per le biciclette da strada e per il mondo off-road. Al termine di fiaccolata e presentazione, il Ribotta Art Bar proporr\u00e0 un momento conviviale, offrendo a tutti i presenti panettone e vin brul\u00e9. In pi\u00f9, ci sar\u00e0 la musica delle fisarmoniche di Isabella e Gianluigi e del basso di Fabio.<\/p>","protected":false},"excerpt":{"rendered":"<p>Il 30 dicembre la presentazione del logo Citt\u00e0 di Tappa, in vista del Giro d&#8217;Italia 2023, la fiaccolata a tema e la presentazione degli eventi collaterali legati alle due ruote Auronzo di Cadore (Belluno), 27 dicembre 2022 \u2013 Sar\u00e0 un fine d&#8217;anno &#8230; in rosa per Auronzo di Cadore. Per il paese delle Tre Cime [&hellip;]<\/p>\n","protected":false},"author":2,"featured_media":138658,"comment_status":"closed","ping_status":"open","sticky":false,"template":"","format":"standard","meta":{"footnotes":""},"categories":[27,25],"tags":[],"class_list":["post-138657","post","type-post","status-publish","format-standard","has-post-thumbnail","category-appuntamenti","category-pausa-caffe"],"yoast_head":"<!-- This site is optimized with the Yoast SEO plugin v28.4 - https:\/\/yoast.com\/product\/yoast-seo-wordpress\/ -->\n<title>Fine anno... in rosa per Auronzo di Cadore - Bellunopress - Dolomiti<\/title>\n<meta name=\"robots\" content=\"index, follow, max-snippet:-1, max-image-preview:large, max-video-preview:-1\" \/>\n<link rel=\"canonical\" href=\"https:\/\/www.bellunopress.it\/fr\/2022\/12\/27\/fine-anno-in-rosa-per-auronzo-di-cadore\/\" \/>\n<meta property=\"og:locale\" content=\"fr_FR\" \/>\n<meta property=\"og:type\" content=\"article\" \/>\n<meta property=\"og:title\" content=\"Fine anno... in rosa per Auronzo di Cadore - Bellunopress - Dolomiti\" \/>\n<meta property=\"og:description\" content=\"Il 30 dicembre la presentazione del logo Citt\u00e0 di Tappa, in vista del Giro d&#8217;Italia 2023, la fiaccolata a tema e la presentazione degli eventi collaterali legati alle due ruote Auronzo di Cadore (Belluno), 27 dicembre 2022 \u2013 Sar\u00e0 un fine d&#8217;anno &#8230; in rosa per Auronzo di Cadore. Per il paese delle Tre Cime [&hellip;]\" \/>\n<meta property=\"og:url\" content=\"https:\/\/www.bellunopress.it\/fr\/2022\/12\/27\/fine-anno-in-rosa-per-auronzo-di-cadore\/\" \/>\n<meta property=\"og:site_name\" content=\"Bellunopress - Dolomiti\" \/>\n<meta property=\"article:publisher\" content=\"https:\/\/www.facebook.com\/profile.php?id=100008943462799\" \/>\n<meta property=\"article:published_time\" content=\"2022-12-27T14:05:59+00:00\" \/>\n<meta property=\"og:image\" content=\"https:\/\/www.bellunopress.it\/wp-content\/uploads\/2022\/12\/giro-italia-auronzo-2023-presentazione_edited.jpg\" \/>\n\t<meta property=\"og:image:width\" content=\"712\" \/>\n\t<meta property=\"og:image:height\" content=\"1000\" \/>\n\t<meta property=\"og:image:type\" content=\"image\/jpeg\" \/>\n<meta name=\"author\" content=\"redazione\" \/>\n<meta name=\"twitter:card\" content=\"summary_large_image\" \/>\n<meta name=\"twitter:creator\" content=\"@bellunopress\" \/>\n<meta name=\"twitter:site\" content=\"@bellunopress\" \/>\n<meta name=\"twitter:label1\" content=\"\u00c9crit par\" \/>\n\t<meta name=\"twitter:data1\" content=\"redazione\" \/>\n\t<meta name=\"twitter:label2\" content=\"Dur\u00e9e de lecture estim\u00e9e\" \/>\n\t<meta name=\"twitter:data2\" content=\"3 minutes\" \/>\n<script type=\"application\/ld+json\" class=\"yoast-schema-graph\">{\"@context\":\"https:\\\/\\\/schema.org\",\"@graph\":[{\"@type\":\"Article\",\"@id\":\"https:\\\/\\\/www.bellunopress.it\\\/2022\\\/12\\\/27\\\/fine-anno-in-rosa-per-auronzo-di-cadore\\\/#article\",\"isPartOf\":{\"@id\":\"https:\\\/\\\/www.bellunopress.it\\\/2022\\\/12\\\/27\\\/fine-anno-in-rosa-per-auronzo-di-cadore\\\/\"},\"author\":{\"name\":\"redazione\",\"@id\":\"https:\\\/\\\/www.bellunopress.it\\\/#\\\/schema\\\/person\\\/79bb06722b37ece1c03d3e94beb30d73\"},\"headline\":\"Fine anno&#8230; in rosa per Auronzo di Cadore\",\"datePublished\":\"2022-12-27T14:05:59+00:00\",\"mainEntityOfPage\":{\"@id\":\"https:\\\/\\\/www.bellunopress.it\\\/2022\\\/12\\\/27\\\/fine-anno-in-rosa-per-auronzo-di-cadore\\\/\"},\"wordCount\":467,\"publisher\":{\"@id\":\"https:\\\/\\\/www.bellunopress.it\\\/#organization\"},\"image\":{\"@id\":\"https:\\\/\\\/www.bellunopress.it\\\/2022\\\/12\\\/27\\\/fine-anno-in-rosa-per-auronzo-di-cadore\\\/#primaryimage\"},\"thumbnailUrl\":\"https:\\\/\\\/www.bellunopress.it\\\/wp-content\\\/uploads\\\/2022\\\/12\\\/giro-italia-auronzo-2023-presentazione_edited.jpg\",\"articleSection\":[\"Appuntamenti, Eventi\",\"Pausa Caff\u00e8\"],\"inLanguage\":\"fr-FR\"},{\"@type\":\"WebPage\",\"@id\":\"https:\\\/\\\/www.bellunopress.it\\\/2022\\\/12\\\/27\\\/fine-anno-in-rosa-per-auronzo-di-cadore\\\/\",\"url\":\"https:\\\/\\\/www.bellunopress.it\\\/2022\\\/12\\\/27\\\/fine-anno-in-rosa-per-auronzo-di-cadore\\\/\",\"name\":\"Fine anno... in rosa per Auronzo di Cadore - Bellunopress - Dolomiti\",\"isPartOf\":{\"@id\":\"https:\\\/\\\/www.bellunopress.it\\\/#website\"},\"primaryImageOfPage\":{\"@id\":\"https:\\\/\\\/www.bellunopress.it\\\/2022\\\/12\\\/27\\\/fine-anno-in-rosa-per-auronzo-di-cadore\\\/#primaryimage\"},\"image\":{\"@id\":\"https:\\\/\\\/www.bellunopress.it\\\/2022\\\/12\\\/27\\\/fine-anno-in-rosa-per-auronzo-di-cadore\\\/#primaryimage\"},\"thumbnailUrl\":\"https:\\\/\\\/www.bellunopress.it\\\/wp-content\\\/uploads\\\/2022\\\/12\\\/giro-italia-auronzo-2023-presentazione_edited.jpg\",\"datePublished\":\"2022-12-27T14:05:59+00:00\",\"breadcrumb\":{\"@id\":\"https:\\\/\\\/www.bellunopress.it\\\/2022\\\/12\\\/27\\\/fine-anno-in-rosa-per-auronzo-di-cadore\\\/#breadcrumb\"},\"inLanguage\":\"fr-FR\",\"potentialAction\":[{\"@type\":\"ReadAction\",\"target\":[\"https:\\\/\\\/www.bellunopress.it\\\/2022\\\/12\\\/27\\\/fine-anno-in-rosa-per-auronzo-di-cadore\\\/\"]}]},{\"@type\":\"ImageObject\",\"inLanguage\":\"fr-FR\",\"@id\":\"https:\\\/\\\/www.bellunopress.it\\\/2022\\\/12\\\/27\\\/fine-anno-in-rosa-per-auronzo-di-cadore\\\/#primaryimage\",\"url\":\"https:\\\/\\\/www.bellunopress.it\\\/wp-content\\\/uploads\\\/2022\\\/12\\\/giro-italia-auronzo-2023-presentazione_edited.jpg\",\"contentUrl\":\"https:\\\/\\\/www.bellunopress.it\\\/wp-content\\\/uploads\\\/2022\\\/12\\\/giro-italia-auronzo-2023-presentazione_edited.jpg\",\"width\":712,\"height\":1000},{\"@type\":\"BreadcrumbList\",\"@id\":\"https:\\\/\\\/www.bellunopress.it\\\/2022\\\/12\\\/27\\\/fine-anno-in-rosa-per-auronzo-di-cadore\\\/#breadcrumb\",\"itemListElement\":[{\"@type\":\"ListItem\",\"position\":1,\"name\":\"Home\",\"item\":\"https:\\\/\\\/www.bellunopress.it\\\/\"},{\"@type\":\"ListItem\",\"position\":2,\"name\":\"Fine anno&#8230; in rosa per Auronzo di Cadore\"}]},{\"@type\":\"WebSite\",\"@id\":\"https:\\\/\\\/www.bellunopress.it\\\/#website\",\"url\":\"https:\\\/\\\/www.bellunopress.it\\\/\",\"name\":\"Bellunopress - Dolomiti\",\"description\":\"e-mail: redazione@bellunopress.it\",\"publisher\":{\"@id\":\"https:\\\/\\\/www.bellunopress.it\\\/#organization\"},\"potentialAction\":[{\"@type\":\"SearchAction\",\"target\":{\"@type\":\"EntryPoint\",\"urlTemplate\":\"https:\\\/\\\/www.bellunopress.it\\\/?s={search_term_string}\"},\"query-input\":{\"@type\":\"PropertyValueSpecification\",\"valueRequired\":true,\"valueName\":\"search_term_string\"}}],\"inLanguage\":\"fr-FR\"},{\"@type\":\"Organization\",\"@id\":\"https:\\\/\\\/www.bellunopress.it\\\/#organization\",\"name\":\"Bellunopress\",\"url\":\"https:\\\/\\\/www.bellunopress.it\\\/\",\"logo\":{\"@type\":\"ImageObject\",\"inLanguage\":\"fr-FR\",\"@id\":\"https:\\\/\\\/www.bellunopress.it\\\/#\\\/schema\\\/logo\\\/image\\\/\",\"url\":\"https:\\\/\\\/www.bellunopress.it\\\/wp-content\\\/uploads\\\/2011\\\/05\\\/cropped-logo-bellunopress-.jpg\",\"contentUrl\":\"https:\\\/\\\/www.bellunopress.it\\\/wp-content\\\/uploads\\\/2011\\\/05\\\/cropped-logo-bellunopress-.jpg\",\"width\":512,\"height\":512,\"caption\":\"Bellunopress\"},\"image\":{\"@id\":\"https:\\\/\\\/www.bellunopress.it\\\/#\\\/schema\\\/logo\\\/image\\\/\"},\"sameAs\":[\"https:\\\/\\\/www.facebook.com\\\/profile.php?id=100008943462799\",\"https:\\\/\\\/x.com\\\/bellunopress\",\"https:\\\/\\\/www.linkedin.com\\\/hp\\\/?dnr=JBzUWaJfMUw8vbXJJ2tVW5-I3jZKvC4wsoxE&amp;amp;amp;amp;amp;amp;trk=nav_responsive_tab_home\",\"https:\\\/\\\/www.youtube.com\\\/channel\\\/UCxL0wu1uN0_3_7hGG0306cw\"]},{\"@type\":\"Person\",\"@id\":\"https:\\\/\\\/www.bellunopress.it\\\/#\\\/schema\\\/person\\\/79bb06722b37ece1c03d3e94beb30d73\",\"name\":\"redazione\",\"image\":{\"@type\":\"ImageObject\",\"inLanguage\":\"fr-FR\",\"@id\":\"https:\\\/\\\/secure.gravatar.com\\\/avatar\\\/37d968a2e67a6fd04c169c4bdef102d0bc5d31b2546345219e348575eb80e9a0?s=96&d=mm&r=g\",\"url\":\"https:\\\/\\\/secure.gravatar.com\\\/avatar\\\/37d968a2e67a6fd04c169c4bdef102d0bc5d31b2546345219e348575eb80e9a0?s=96&d=mm&r=g\",\"contentUrl\":\"https:\\\/\\\/secure.gravatar.com\\\/avatar\\\/37d968a2e67a6fd04c169c4bdef102d0bc5d31b2546345219e348575eb80e9a0?s=96&d=mm&r=g\",\"caption\":\"redazione\"},\"sameAs\":[\"http:\\\/\\\/www.bellunopress.it\",\"https:\\\/\\\/x.com\\\/bellunopress\"],\"url\":\"https:\\\/\\\/www.bellunopress.it\\\/fr\\\/author\\\/redazione\\\/\"}]}<\/script>\n<!-- \/ Yoast SEO plugin. -->","yoast_head_json":{"title":"Fine anno... in rosa per Auronzo di Cadore - Bellunopress - Dolomiti","robots":{"index":"index","follow":"follow","max-snippet":"max-snippet:-1","max-image-preview":"max-image-preview:large","max-video-preview":"max-video-preview:-1"},"canonical":"https:\/\/www.bellunopress.it\/fr\/2022\/12\/27\/fine-anno-in-rosa-per-auronzo-di-cadore\/","og_locale":"fr_FR","og_type":"article","og_title":"Fine anno... in rosa per Auronzo di Cadore - Bellunopress - Dolomiti","og_description":"Il 30 dicembre la presentazione del logo Citt\u00e0 di Tappa, in vista del Giro d&#8217;Italia 2023, la fiaccolata a tema e la presentazione degli eventi collaterali legati alle due ruote Auronzo di Cadore (Belluno), 27 dicembre 2022 \u2013 Sar\u00e0 un fine d&#8217;anno &#8230; in rosa per Auronzo di Cadore. Per il paese delle Tre Cime [&hellip;]","og_url":"https:\/\/www.bellunopress.it\/fr\/2022\/12\/27\/fine-anno-in-rosa-per-auronzo-di-cadore\/","og_site_name":"Bellunopress - Dolomiti","article_publisher":"https:\/\/www.facebook.com\/profile.php?id=100008943462799","article_published_time":"2022-12-27T14:05:59+00:00","og_image":[{"width":712,"height":1000,"url":"https:\/\/www.bellunopress.it\/wp-content\/uploads\/2022\/12\/giro-italia-auronzo-2023-presentazione_edited.jpg","type":"image\/jpeg"}],"author":"redazione","twitter_card":"summary_large_image","twitter_creator":"@bellunopress","twitter_site":"@bellunopress","twitter_misc":{"\u00c9crit par":"redazione","Dur\u00e9e de lecture estim\u00e9e":"3 minutes"},"schema":{"@context":"https:\/\/schema.org","@graph":[{"@type":"Article","@id":"https:\/\/www.bellunopress.it\/2022\/12\/27\/fine-anno-in-rosa-per-auronzo-di-cadore\/#article","isPartOf":{"@id":"https:\/\/www.bellunopress.it\/2022\/12\/27\/fine-anno-in-rosa-per-auronzo-di-cadore\/"},"author":{"name":"redazione","@id":"https:\/\/www.bellunopress.it\/#\/schema\/person\/79bb06722b37ece1c03d3e94beb30d73"},"headline":"Fine anno&#8230; in rosa per Auronzo di Cadore","datePublished":"2022-12-27T14:05:59+00:00","mainEntityOfPage":{"@id":"https:\/\/www.bellunopress.it\/2022\/12\/27\/fine-anno-in-rosa-per-auronzo-di-cadore\/"},"wordCount":467,"publisher":{"@id":"https:\/\/www.bellunopress.it\/#organization"},"image":{"@id":"https:\/\/www.bellunopress.it\/2022\/12\/27\/fine-anno-in-rosa-per-auronzo-di-cadore\/#primaryimage"},"thumbnailUrl":"https:\/\/www.bellunopress.it\/wp-content\/uploads\/2022\/12\/giro-italia-auronzo-2023-presentazione_edited.jpg","articleSection":["Appuntamenti, Eventi","Pausa Caff\u00e8"],"inLanguage":"fr-FR"},{"@type":"WebPage","@id":"https:\/\/www.bellunopress.it\/2022\/12\/27\/fine-anno-in-rosa-per-auronzo-di-cadore\/","url":"https:\/\/www.bellunopress.it\/2022\/12\/27\/fine-anno-in-rosa-per-auronzo-di-cadore\/","name":"Fine anno... in rosa per Auronzo di Cadore - Bellunopress - Dolomiti","isPartOf":{"@id":"https:\/\/www.bellunopress.it\/#website"},"primaryImageOfPage":{"@id":"https:\/\/www.bellunopress.it\/2022\/12\/27\/fine-anno-in-rosa-per-auronzo-di-cadore\/#primaryimage"},"image":{"@id":"https:\/\/www.bellunopress.it\/2022\/12\/27\/fine-anno-in-rosa-per-auronzo-di-cadore\/#primaryimage"},"thumbnailUrl":"https:\/\/www.bellunopress.it\/wp-content\/uploads\/2022\/12\/giro-italia-auronzo-2023-presentazione_edited.jpg","datePublished":"2022-12-27T14:05:59+00:00","breadcrumb":{"@id":"https:\/\/www.bellunopress.it\/2022\/12\/27\/fine-anno-in-rosa-per-auronzo-di-cadore\/#breadcrumb"},"inLanguage":"fr-FR","potentialAction":[{"@type":"ReadAction","target":["https:\/\/www.bellunopress.it\/2022\/12\/27\/fine-anno-in-rosa-per-auronzo-di-cadore\/"]}]},{"@type":"ImageObject","inLanguage":"fr-FR","@id":"https:\/\/www.bellunopress.it\/2022\/12\/27\/fine-anno-in-rosa-per-auronzo-di-cadore\/#primaryimage","url":"https:\/\/www.bellunopress.it\/wp-content\/uploads\/2022\/12\/giro-italia-auronzo-2023-presentazione_edited.jpg","contentUrl":"https:\/\/www.bellunopress.it\/wp-content\/uploads\/2022\/12\/giro-italia-auronzo-2023-presentazione_edited.jpg","width":712,"height":1000},{"@type":"BreadcrumbList","@id":"https:\/\/www.bellunopress.it\/2022\/12\/27\/fine-anno-in-rosa-per-auronzo-di-cadore\/#breadcrumb","itemListElement":[{"@type":"ListItem","position":1,"name":"Home","item":"https:\/\/www.bellunopress.it\/"},{"@type":"ListItem","position":2,"name":"Fine anno&#8230; in rosa per Auronzo di Cadore"}]},{"@type":"WebSite","@id":"https:\/\/www.bellunopress.it\/#website","url":"https:\/\/www.bellunopress.it\/","name":"Bellunopress - Dolomiti","description":"e-mail: redazione@bellunopress.it","publisher":{"@id":"https:\/\/www.bellunopress.it\/#organization"},"potentialAction":[{"@type":"SearchAction","target":{"@type":"EntryPoint","urlTemplate":"https:\/\/www.bellunopress.it\/?s={search_term_string}"},"query-input":{"@type":"PropertyValueSpecification","valueRequired":true,"valueName":"search_term_string"}}],"inLanguage":"fr-FR"},{"@type":"Organization","@id":"https:\/\/www.bellunopress.it\/#organization","name":"Bellunopress","url":"https:\/\/www.bellunopress.it\/","logo":{"@type":"ImageObject","inLanguage":"fr-FR","@id":"https:\/\/www.bellunopress.it\/#\/schema\/logo\/image\/","url":"https:\/\/www.bellunopress.it\/wp-content\/uploads\/2011\/05\/cropped-logo-bellunopress-.jpg","contentUrl":"https:\/\/www.bellunopress.it\/wp-content\/uploads\/2011\/05\/cropped-logo-bellunopress-.jpg","width":512,"height":512,"caption":"Bellunopress"},"image":{"@id":"https:\/\/www.bellunopress.it\/#\/schema\/logo\/image\/"},"sameAs":["https:\/\/www.facebook.com\/profile.php?id=100008943462799","https:\/\/x.com\/bellunopress","https:\/\/www.linkedin.com\/hp\/?dnr=JBzUWaJfMUw8vbXJJ2tVW5-I3jZKvC4wsoxE&amp;amp;amp;amp;amp;amp;trk=nav_responsive_tab_home","https:\/\/www.youtube.com\/channel\/UCxL0wu1uN0_3_7hGG0306cw"]},{"@type":"Person","@id":"https:\/\/www.bellunopress.it\/#\/schema\/person\/79bb06722b37ece1c03d3e94beb30d73","name":"r\u00e9daction","image":{"@type":"ImageObject","inLanguage":"fr-FR","@id":"https:\/\/secure.gravatar.com\/avatar\/37d968a2e67a6fd04c169c4bdef102d0bc5d31b2546345219e348575eb80e9a0?s=96&d=mm&r=g","url":"https:\/\/secure.gravatar.com\/avatar\/37d968a2e67a6fd04c169c4bdef102d0bc5d31b2546345219e348575eb80e9a0?s=96&d=mm&r=g","contentUrl":"https:\/\/secure.gravatar.com\/avatar\/37d968a2e67a6fd04c169c4bdef102d0bc5d31b2546345219e348575eb80e9a0?s=96&d=mm&r=g","caption":"redazione"},"sameAs":["http:\/\/www.bellunopress.it","https:\/\/x.com\/bellunopress"],"url":"https:\/\/www.bellunopress.it\/fr\/author\/redazione\/"}]}},"_links":{"self":[{"href":"https:\/\/www.bellunopress.it\/fr\/wp-json\/wp\/v2\/posts\/138657","targetHints":{"allow":["GET"]}}],"collection":[{"href":"https:\/\/www.bellunopress.it\/fr\/wp-json\/wp\/v2\/posts"}],"about":[{"href":"https:\/\/www.bellunopress.it\/fr\/wp-json\/wp\/v2\/types\/post"}],"author":[{"embeddable":true,"href":"https:\/\/www.bellunopress.it\/fr\/wp-json\/wp\/v2\/users\/2"}],"replies":[{"embeddable":true,"href":"https:\/\/www.bellunopress.it\/fr\/wp-json\/wp\/v2\/comments?post=138657"}],"version-history":[{"count":1,"href":"https:\/\/www.bellunopress.it\/fr\/wp-json\/wp\/v2\/posts\/138657\/revisions"}],"predecessor-version":[{"id":138659,"href":"https:\/\/www.bellunopress.it\/fr\/wp-json\/wp\/v2\/posts\/138657\/revisions\/138659"}],"wp:featuredmedia":[{"embeddable":true,"href":"https:\/\/www.bellunopress.it\/fr\/wp-json\/wp\/v2\/media\/138658"}],"wp:attachment":[{"href":"https:\/\/www.bellunopress.it\/fr\/wp-json\/wp\/v2\/media?parent=138657"}],"wp:term":[{"taxonomy":"category","embeddable":true,"href":"https:\/\/www.bellunopress.it\/fr\/wp-json\/wp\/v2\/categories?post=138657"},{"taxonomy":"post_tag","embeddable":true,"href":"https:\/\/www.bellunopress.it\/fr\/wp-json\/wp\/v2\/tags?post=138657"}],"curies":[{"name":"wp","href":"https:\/\/api.w.org\/{rel}","templated":true}]}}