{"id":138651,"date":"2022-12-27T07:08:45","date_gmt":"2022-12-27T06:08:45","guid":{"rendered":"https:\/\/www.bellunopress.it\/?p=138651"},"modified":"2022-12-27T09:39:26","modified_gmt":"2022-12-27T08:39:26","slug":"lamberto-pietropoli-un-alpino-ad-honorem-il-ricordo-della-sorella-rosaprile","status":"publish","type":"post","link":"https:\/\/www.bellunopress.it\/fr\/2022\/12\/27\/lamberto-pietropoli-un-alpino-ad-honorem-il-ricordo-della-sorella-rosaprile\/","title":{"rendered":"Lamberto Pietropoli, un alpino ad honorem. Il ricordo della sorella Rosaprile\u00a0"},"content":{"rendered":"<figure id=\"attachment_138652\" aria-describedby=\"caption-attachment-138652\" style=\"width: 836px\" class=\"wp-caption alignleft\"><img loading=\"lazy\" decoding=\"async\" class=\"size-full wp-image-138652\" src=\"https:\/\/www.bellunopress.it\/wp-content\/uploads\/2022\/12\/lamberto_pietropoli_edited.jpg\" alt=\"\" width=\"836\" height=\"1000\" srcset=\"https:\/\/www.bellunopress.it\/wp-content\/uploads\/2022\/12\/lamberto_pietropoli_edited.jpg 836w, https:\/\/www.bellunopress.it\/wp-content\/uploads\/2022\/12\/lamberto_pietropoli_edited-418x500.jpg 418w, https:\/\/www.bellunopress.it\/wp-content\/uploads\/2022\/12\/lamberto_pietropoli_edited-696x833.jpg 696w, https:\/\/www.bellunopress.it\/wp-content\/uploads\/2022\/12\/lamberto_pietropoli_edited-351x420.jpg 351w\" sizes=\"auto, (max-width: 836px) 100vw, 836px\" \/><figcaption id=\"caption-attachment-138652\" class=\"wp-caption-text\">Lamberto Pietropoli<\/figcaption><\/figure>\n<p>Gli amici dell&#8217;Associazione alpini di Roma l&#8217;avevano soprannominato <em>Alpino ad honorem<\/em>\u00a0per le sue armonizzazioni di canti alpini e per non esser mai mancato a una adunata.<\/p>\n<p>&#8220;Prima di lui, Belluno e nemmeno Roma avevano un coro dedicato al canto popolare-alpino&#8221;. A parlare \u00e8 Rosaprile, sorella di Lamberto Pietropoli, maestro, compositore e musicista. Nato ad Adria (Rovigo) il 22 giugno del 1936 da padre polesano e madre di Domegge di Cadore, Lamberto Pietropoli muore il 27 ottobre del 1994 a Belluno lasciando un patrimonio di oltre 800 brani, composizioni, armonizzazioni per cori. Tutta la sua produzione ora \u00e8 in corso di pubblicazione in un\u2019opera omnia grazie all\u2019impegno del maestro Natalino Brugiolo (e-mal: natbrugi@virgilio.it), fondatore del coro Sanvito.<\/p>\n<p>\u201cCamminava appena \u2013 prosegue la maestra Rosaprile Pietropoli \u2013 quando con una trombetta giocattolo ricevuta in regalo, che riproduceva tre sole note, mio fratello intonava delle melodie\u201d.<\/p>\n<p>Le note musicali sono dunque il filo conduttore della vita del maestro Lamberto Pietropoli. La sua forte inclinazione per la musica diventa inarrestabile. A cinque anni \u00e8 un ragazzino autodidatta, che prima ancora di studiare musica, impara autonomamente e suona la fisarmonica nei cortili e nel bar di Laggio di Cadore dove trascorre l\u2019infanzia. A Belluno, dopo il diploma intraprende la professione di insegnante di educazione fisica, che perfezioner\u00e0 poi a Roma frequentando l\u2019Isef. Incontra il maestro Nino Prosdocimi grazie al quale diventa polistrumentista, suona l\u2019organo nelle chiese, la tromba nella banda cittadina, il violoncello e il contrabbasso nelle orchestre da ballo. Al Caff\u00e8 Vapore in piazza Santo Stefano a Belluno Lamberto Pietropoli si trova con gli amici ed \u00e8 qui che nel 1961 fonda il Coro Minimo Bellunese. In questo periodo il maestro Pietropoli insieme al suo amico Loris De Moliner, del Coro Minimo, girano la provincia ad intervistare gli anziani per recuperare le vecchie canzoni che poi elabora in brani per cori a 4 voci, 1\u00b0 tenore, 2\u00b0 tenore, baritono e basso.<\/p>\n<p>\u201cUn giorno passando per Agordo sente cantare \u2013 racconta la sorella Rosaprile \u2013 si ferma incuriosito e conosce il maestro Santomaso. Il giorno dopo aveva gi\u00e0 realizzato e consegnato l\u2019armonizzazione del brano \u201cLe zime de l\u2019Auta\u201d, che segna l\u2019inizio di una lunga collaborazione con il Coro Agordo. Negli anni \u201960 erano di moda i cori di voci maschili \u2013 prosegue Rosaprile &#8211; sar\u00e0 lui ad aprire al coro misto, che offriva maggiori possibilit\u00e0 di armonie. Avvia cos\u00ec una produzione di armonizzazioni per canto misto, un centinaio delle quali per il Coro Agordo. Nel 1963 a Roma, dove si trova per motivi di lavoro, fonda il Coro ANA-Roma che diresse fino al 1985, con il quale incide dischi di canzoni popolari. Ed \u00e8 a Roma, in Campidoglio che nel 1984 gli viene assegnato un importante riconoscimento, il Premio \u201cPersonalit\u00e0 Europea\u201d.<\/p>\n<p>Il 14 settembre 1991 ad Agordo, gli sar\u00e0 consegnato il Premio Agordino d\u2019Oro. E il premio Rigo Musicale ad Adria. Oltre ai quattro gi\u00e0 citati, Coro Sanvito, Coro Minimo Bellunese, Coro Agordo, Coro Ana Roma, il maestro Pietropoli ha collaborato anche con il Coro Peralba di Campolongo di Cadore. Oltre ai canti alpini e di montagna si \u00e8 occupato anche di arrangiamenti corali di noti pezzi classici di autori e cantautori italiani, come Rascel, Morricone, Celentano, De Andr\u00e9, Baglioni; dei nostri Belumat, e anche dei Beatles, Sinatra, B\u00e9caud. E ancora, musica sacra, musica celtica, irlandese, musica classica come l\u2019Adagio di Albinoni. Ha trascritto canti regionali romani, napoletani, calabresi. Gli \u00e8 stato intitolato il Premio \u201cLamberto Pietropoli\u201d che tra l\u2019altro, \u00e8 stato assegnato al maestro Bepi De Marzi nel 2016 e al maestro Natalino Brugiolo nel 2017. C\u2019\u00e8 anche una tesi di laurea in etnomusicologia a suo nome \u201cIl canto di tradizione orale nelle elaborazioni corali di Lamberto Pietropoli\u201d che Giuseppina Antonucci, maestra del Coro Cai di Frosinone ha presentato nell\u2019anno accademico 2009-2010 alla Facolt\u00e0 di Lettere e Filosofia dell\u2019Universit\u00e0 Tor Vergata di Roma.<\/p>\n<p>Di lui, il maestro Bepi De Marzi, fondatore del gruppo corale maschile &#8220;I Crodaioli&#8221; di Arzignano, ha scritto: \u201cHa inventato un coro e uno stile\u201d, riferendosi al Coro Agordo e al Pietropoli armonizzatore.<\/p>\n<p>\u201cMi fa sempre sorridere\u00a0 &#8211; conclude la sorella Rosaprile &#8211; ripensare a quella scena surreale di Lamberto e del suo amico tenore Adriano Faustini, fermi sulla strada di Longarone all\u2019una di notte. Adriano a cantare un brano sconosciuto a Lamberto, che sotto la luce di un lampione appoggiato al cofano dell\u2019auto ne riportava le note su un pezzo di carta da macelleria recuperata. Due giorni dopo da Roma, Lamberto gli invi\u00f2 lo spartito realizzato sulla tonalit\u00e0 dell&#8217;amico tenore. Si trattava di Serenade\u201d.<\/p>","protected":false},"excerpt":{"rendered":"<p>Gli amici dell&#8217;Associazione alpini di Roma l&#8217;avevano soprannominato Alpino ad honorem\u00a0per le sue armonizzazioni di canti alpini e per non esser mai mancato a una adunata. &#8220;Prima di lui, Belluno e nemmeno Roma avevano un coro dedicato al canto popolare-alpino&#8221;. A parlare \u00e8 Rosaprile, sorella di Lamberto Pietropoli, maestro, compositore e musicista. Nato ad Adria [&hellip;]<\/p>\n","protected":false},"author":2,"featured_media":138652,"comment_status":"closed","ping_status":"open","sticky":false,"template":"","format":"standard","meta":{"footnotes":""},"categories":[26,8],"tags":[3559],"class_list":["post-138651","post","type-post","status-publish","format-standard","has-post-thumbnail","category-prima-pagina","category-societa-istituzioni","tag-lamberto-pietropoli"],"yoast_head":"<!-- This site is optimized with the Yoast SEO plugin v28.4 - https:\/\/yoast.com\/product\/yoast-seo-wordpress\/ -->\n<title>Lamberto Pietropoli, un alpino ad honorem. Il ricordo della sorella Rosaprile\u00a0 - Bellunopress - Dolomiti<\/title>\n<meta name=\"robots\" content=\"index, follow, max-snippet:-1, max-image-preview:large, max-video-preview:-1\" \/>\n<link rel=\"canonical\" href=\"https:\/\/www.bellunopress.it\/fr\/2022\/12\/27\/lamberto-pietropoli-un-alpino-ad-honorem-il-ricordo-della-sorella-rosaprile\/\" \/>\n<meta property=\"og:locale\" content=\"fr_FR\" \/>\n<meta property=\"og:type\" content=\"article\" \/>\n<meta property=\"og:title\" content=\"Lamberto Pietropoli, un alpino ad honorem. Il ricordo della sorella Rosaprile\u00a0 - Bellunopress - Dolomiti\" \/>\n<meta property=\"og:description\" content=\"Gli amici dell&#8217;Associazione alpini di Roma l&#8217;avevano soprannominato Alpino ad honorem\u00a0per le sue armonizzazioni di canti alpini e per non esser mai mancato a una adunata. &#8220;Prima di lui, Belluno e nemmeno Roma avevano un coro dedicato al canto popolare-alpino&#8221;. A parlare \u00e8 Rosaprile, sorella di Lamberto Pietropoli, maestro, compositore e musicista. Nato ad Adria [&hellip;]\" \/>\n<meta property=\"og:url\" content=\"https:\/\/www.bellunopress.it\/fr\/2022\/12\/27\/lamberto-pietropoli-un-alpino-ad-honorem-il-ricordo-della-sorella-rosaprile\/\" \/>\n<meta property=\"og:site_name\" content=\"Bellunopress - Dolomiti\" \/>\n<meta property=\"article:publisher\" content=\"https:\/\/www.facebook.com\/profile.php?id=100008943462799\" \/>\n<meta property=\"article:published_time\" content=\"2022-12-27T06:08:45+00:00\" \/>\n<meta property=\"article:modified_time\" content=\"2022-12-27T08:39:26+00:00\" \/>\n<meta property=\"og:image\" content=\"https:\/\/www.bellunopress.it\/wp-content\/uploads\/2022\/12\/lamberto_pietropoli_edited.jpg\" \/>\n\t<meta property=\"og:image:width\" content=\"836\" \/>\n\t<meta property=\"og:image:height\" content=\"1000\" \/>\n\t<meta property=\"og:image:type\" content=\"image\/jpeg\" \/>\n<meta name=\"author\" content=\"redazione\" \/>\n<meta name=\"twitter:card\" content=\"summary_large_image\" \/>\n<meta name=\"twitter:creator\" content=\"@bellunopress\" \/>\n<meta name=\"twitter:site\" content=\"@bellunopress\" \/>\n<meta name=\"twitter:label1\" content=\"\u00c9crit par\" \/>\n\t<meta name=\"twitter:data1\" content=\"redazione\" \/>\n\t<meta name=\"twitter:label2\" content=\"Dur\u00e9e de lecture estim\u00e9e\" \/>\n\t<meta name=\"twitter:data2\" content=\"5 minutes\" \/>\n<script type=\"application\/ld+json\" class=\"yoast-schema-graph\">{\"@context\":\"https:\\\/\\\/schema.org\",\"@graph\":[{\"@type\":\"Article\",\"@id\":\"https:\\\/\\\/www.bellunopress.it\\\/2022\\\/12\\\/27\\\/lamberto-pietropoli-un-alpino-ad-honorem-il-ricordo-della-sorella-rosaprile\\\/#article\",\"isPartOf\":{\"@id\":\"https:\\\/\\\/www.bellunopress.it\\\/2022\\\/12\\\/27\\\/lamberto-pietropoli-un-alpino-ad-honorem-il-ricordo-della-sorella-rosaprile\\\/\"},\"author\":{\"name\":\"redazione\",\"@id\":\"https:\\\/\\\/www.bellunopress.it\\\/#\\\/schema\\\/person\\\/79bb06722b37ece1c03d3e94beb30d73\"},\"headline\":\"Lamberto Pietropoli, un alpino ad honorem. Il ricordo della sorella Rosaprile\u00a0\",\"datePublished\":\"2022-12-27T06:08:45+00:00\",\"dateModified\":\"2022-12-27T08:39:26+00:00\",\"mainEntityOfPage\":{\"@id\":\"https:\\\/\\\/www.bellunopress.it\\\/2022\\\/12\\\/27\\\/lamberto-pietropoli-un-alpino-ad-honorem-il-ricordo-della-sorella-rosaprile\\\/\"},\"wordCount\":766,\"publisher\":{\"@id\":\"https:\\\/\\\/www.bellunopress.it\\\/#organization\"},\"image\":{\"@id\":\"https:\\\/\\\/www.bellunopress.it\\\/2022\\\/12\\\/27\\\/lamberto-pietropoli-un-alpino-ad-honorem-il-ricordo-della-sorella-rosaprile\\\/#primaryimage\"},\"thumbnailUrl\":\"https:\\\/\\\/www.bellunopress.it\\\/wp-content\\\/uploads\\\/2022\\\/12\\\/lamberto_pietropoli_edited.jpg\",\"keywords\":[\"Lamberto Pietropoli\"],\"articleSection\":[\"Prima Pagina\",\"Societ\u00e0, Associazioni, Istituzioni\"],\"inLanguage\":\"fr-FR\"},{\"@type\":\"WebPage\",\"@id\":\"https:\\\/\\\/www.bellunopress.it\\\/2022\\\/12\\\/27\\\/lamberto-pietropoli-un-alpino-ad-honorem-il-ricordo-della-sorella-rosaprile\\\/\",\"url\":\"https:\\\/\\\/www.bellunopress.it\\\/2022\\\/12\\\/27\\\/lamberto-pietropoli-un-alpino-ad-honorem-il-ricordo-della-sorella-rosaprile\\\/\",\"name\":\"Lamberto Pietropoli, un alpino ad honorem. Il ricordo della sorella Rosaprile\u00a0 - Bellunopress - Dolomiti\",\"isPartOf\":{\"@id\":\"https:\\\/\\\/www.bellunopress.it\\\/#website\"},\"primaryImageOfPage\":{\"@id\":\"https:\\\/\\\/www.bellunopress.it\\\/2022\\\/12\\\/27\\\/lamberto-pietropoli-un-alpino-ad-honorem-il-ricordo-della-sorella-rosaprile\\\/#primaryimage\"},\"image\":{\"@id\":\"https:\\\/\\\/www.bellunopress.it\\\/2022\\\/12\\\/27\\\/lamberto-pietropoli-un-alpino-ad-honorem-il-ricordo-della-sorella-rosaprile\\\/#primaryimage\"},\"thumbnailUrl\":\"https:\\\/\\\/www.bellunopress.it\\\/wp-content\\\/uploads\\\/2022\\\/12\\\/lamberto_pietropoli_edited.jpg\",\"datePublished\":\"2022-12-27T06:08:45+00:00\",\"dateModified\":\"2022-12-27T08:39:26+00:00\",\"breadcrumb\":{\"@id\":\"https:\\\/\\\/www.bellunopress.it\\\/2022\\\/12\\\/27\\\/lamberto-pietropoli-un-alpino-ad-honorem-il-ricordo-della-sorella-rosaprile\\\/#breadcrumb\"},\"inLanguage\":\"fr-FR\",\"potentialAction\":[{\"@type\":\"ReadAction\",\"target\":[\"https:\\\/\\\/www.bellunopress.it\\\/2022\\\/12\\\/27\\\/lamberto-pietropoli-un-alpino-ad-honorem-il-ricordo-della-sorella-rosaprile\\\/\"]}]},{\"@type\":\"ImageObject\",\"inLanguage\":\"fr-FR\",\"@id\":\"https:\\\/\\\/www.bellunopress.it\\\/2022\\\/12\\\/27\\\/lamberto-pietropoli-un-alpino-ad-honorem-il-ricordo-della-sorella-rosaprile\\\/#primaryimage\",\"url\":\"https:\\\/\\\/www.bellunopress.it\\\/wp-content\\\/uploads\\\/2022\\\/12\\\/lamberto_pietropoli_edited.jpg\",\"contentUrl\":\"https:\\\/\\\/www.bellunopress.it\\\/wp-content\\\/uploads\\\/2022\\\/12\\\/lamberto_pietropoli_edited.jpg\",\"width\":836,\"height\":1000,\"caption\":\"Lamberto Pietropoli\"},{\"@type\":\"BreadcrumbList\",\"@id\":\"https:\\\/\\\/www.bellunopress.it\\\/2022\\\/12\\\/27\\\/lamberto-pietropoli-un-alpino-ad-honorem-il-ricordo-della-sorella-rosaprile\\\/#breadcrumb\",\"itemListElement\":[{\"@type\":\"ListItem\",\"position\":1,\"name\":\"Home\",\"item\":\"https:\\\/\\\/www.bellunopress.it\\\/\"},{\"@type\":\"ListItem\",\"position\":2,\"name\":\"Lamberto Pietropoli, un alpino ad honorem. Il ricordo della sorella Rosaprile\u00a0\"}]},{\"@type\":\"WebSite\",\"@id\":\"https:\\\/\\\/www.bellunopress.it\\\/#website\",\"url\":\"https:\\\/\\\/www.bellunopress.it\\\/\",\"name\":\"Bellunopress - Dolomiti\",\"description\":\"e-mail: redazione@bellunopress.it\",\"publisher\":{\"@id\":\"https:\\\/\\\/www.bellunopress.it\\\/#organization\"},\"potentialAction\":[{\"@type\":\"SearchAction\",\"target\":{\"@type\":\"EntryPoint\",\"urlTemplate\":\"https:\\\/\\\/www.bellunopress.it\\\/?s={search_term_string}\"},\"query-input\":{\"@type\":\"PropertyValueSpecification\",\"valueRequired\":true,\"valueName\":\"search_term_string\"}}],\"inLanguage\":\"fr-FR\"},{\"@type\":\"Organization\",\"@id\":\"https:\\\/\\\/www.bellunopress.it\\\/#organization\",\"name\":\"Bellunopress\",\"url\":\"https:\\\/\\\/www.bellunopress.it\\\/\",\"logo\":{\"@type\":\"ImageObject\",\"inLanguage\":\"fr-FR\",\"@id\":\"https:\\\/\\\/www.bellunopress.it\\\/#\\\/schema\\\/logo\\\/image\\\/\",\"url\":\"https:\\\/\\\/www.bellunopress.it\\\/wp-content\\\/uploads\\\/2011\\\/05\\\/cropped-logo-bellunopress-.jpg\",\"contentUrl\":\"https:\\\/\\\/www.bellunopress.it\\\/wp-content\\\/uploads\\\/2011\\\/05\\\/cropped-logo-bellunopress-.jpg\",\"width\":512,\"height\":512,\"caption\":\"Bellunopress\"},\"image\":{\"@id\":\"https:\\\/\\\/www.bellunopress.it\\\/#\\\/schema\\\/logo\\\/image\\\/\"},\"sameAs\":[\"https:\\\/\\\/www.facebook.com\\\/profile.php?id=100008943462799\",\"https:\\\/\\\/x.com\\\/bellunopress\",\"https:\\\/\\\/www.linkedin.com\\\/hp\\\/?dnr=JBzUWaJfMUw8vbXJJ2tVW5-I3jZKvC4wsoxE&amp;amp;amp;amp;amp;amp;trk=nav_responsive_tab_home\",\"https:\\\/\\\/www.youtube.com\\\/channel\\\/UCxL0wu1uN0_3_7hGG0306cw\"]},{\"@type\":\"Person\",\"@id\":\"https:\\\/\\\/www.bellunopress.it\\\/#\\\/schema\\\/person\\\/79bb06722b37ece1c03d3e94beb30d73\",\"name\":\"redazione\",\"image\":{\"@type\":\"ImageObject\",\"inLanguage\":\"fr-FR\",\"@id\":\"https:\\\/\\\/secure.gravatar.com\\\/avatar\\\/37d968a2e67a6fd04c169c4bdef102d0bc5d31b2546345219e348575eb80e9a0?s=96&d=mm&r=g\",\"url\":\"https:\\\/\\\/secure.gravatar.com\\\/avatar\\\/37d968a2e67a6fd04c169c4bdef102d0bc5d31b2546345219e348575eb80e9a0?s=96&d=mm&r=g\",\"contentUrl\":\"https:\\\/\\\/secure.gravatar.com\\\/avatar\\\/37d968a2e67a6fd04c169c4bdef102d0bc5d31b2546345219e348575eb80e9a0?s=96&d=mm&r=g\",\"caption\":\"redazione\"},\"sameAs\":[\"http:\\\/\\\/www.bellunopress.it\",\"https:\\\/\\\/x.com\\\/bellunopress\"],\"url\":\"https:\\\/\\\/www.bellunopress.it\\\/fr\\\/author\\\/redazione\\\/\"}]}<\/script>\n<!-- \/ Yoast SEO plugin. -->","yoast_head_json":{"title":"Lamberto Pietropoli, un alpino ad honorem. Il ricordo della sorella Rosaprile\u00a0 - Bellunopress - Dolomiti","robots":{"index":"index","follow":"follow","max-snippet":"max-snippet:-1","max-image-preview":"max-image-preview:large","max-video-preview":"max-video-preview:-1"},"canonical":"https:\/\/www.bellunopress.it\/fr\/2022\/12\/27\/lamberto-pietropoli-un-alpino-ad-honorem-il-ricordo-della-sorella-rosaprile\/","og_locale":"fr_FR","og_type":"article","og_title":"Lamberto Pietropoli, un alpino ad honorem. Il ricordo della sorella Rosaprile\u00a0 - Bellunopress - Dolomiti","og_description":"Gli amici dell&#8217;Associazione alpini di Roma l&#8217;avevano soprannominato Alpino ad honorem\u00a0per le sue armonizzazioni di canti alpini e per non esser mai mancato a una adunata. &#8220;Prima di lui, Belluno e nemmeno Roma avevano un coro dedicato al canto popolare-alpino&#8221;. A parlare \u00e8 Rosaprile, sorella di Lamberto Pietropoli, maestro, compositore e musicista. Nato ad Adria [&hellip;]","og_url":"https:\/\/www.bellunopress.it\/fr\/2022\/12\/27\/lamberto-pietropoli-un-alpino-ad-honorem-il-ricordo-della-sorella-rosaprile\/","og_site_name":"Bellunopress - Dolomiti","article_publisher":"https:\/\/www.facebook.com\/profile.php?id=100008943462799","article_published_time":"2022-12-27T06:08:45+00:00","article_modified_time":"2022-12-27T08:39:26+00:00","og_image":[{"width":836,"height":1000,"url":"https:\/\/www.bellunopress.it\/wp-content\/uploads\/2022\/12\/lamberto_pietropoli_edited.jpg","type":"image\/jpeg"}],"author":"redazione","twitter_card":"summary_large_image","twitter_creator":"@bellunopress","twitter_site":"@bellunopress","twitter_misc":{"\u00c9crit par":"redazione","Dur\u00e9e de lecture estim\u00e9e":"5 minutes"},"schema":{"@context":"https:\/\/schema.org","@graph":[{"@type":"Article","@id":"https:\/\/www.bellunopress.it\/2022\/12\/27\/lamberto-pietropoli-un-alpino-ad-honorem-il-ricordo-della-sorella-rosaprile\/#article","isPartOf":{"@id":"https:\/\/www.bellunopress.it\/2022\/12\/27\/lamberto-pietropoli-un-alpino-ad-honorem-il-ricordo-della-sorella-rosaprile\/"},"author":{"name":"redazione","@id":"https:\/\/www.bellunopress.it\/#\/schema\/person\/79bb06722b37ece1c03d3e94beb30d73"},"headline":"Lamberto Pietropoli, un alpino ad honorem. Il ricordo della sorella Rosaprile\u00a0","datePublished":"2022-12-27T06:08:45+00:00","dateModified":"2022-12-27T08:39:26+00:00","mainEntityOfPage":{"@id":"https:\/\/www.bellunopress.it\/2022\/12\/27\/lamberto-pietropoli-un-alpino-ad-honorem-il-ricordo-della-sorella-rosaprile\/"},"wordCount":766,"publisher":{"@id":"https:\/\/www.bellunopress.it\/#organization"},"image":{"@id":"https:\/\/www.bellunopress.it\/2022\/12\/27\/lamberto-pietropoli-un-alpino-ad-honorem-il-ricordo-della-sorella-rosaprile\/#primaryimage"},"thumbnailUrl":"https:\/\/www.bellunopress.it\/wp-content\/uploads\/2022\/12\/lamberto_pietropoli_edited.jpg","keywords":["Lamberto Pietropoli"],"articleSection":["Prima Pagina","Societ\u00e0, Associazioni, Istituzioni"],"inLanguage":"fr-FR"},{"@type":"WebPage","@id":"https:\/\/www.bellunopress.it\/2022\/12\/27\/lamberto-pietropoli-un-alpino-ad-honorem-il-ricordo-della-sorella-rosaprile\/","url":"https:\/\/www.bellunopress.it\/2022\/12\/27\/lamberto-pietropoli-un-alpino-ad-honorem-il-ricordo-della-sorella-rosaprile\/","name":"Lamberto Pietropoli, un alpino ad honorem. Il ricordo della sorella Rosaprile\u00a0 - Bellunopress - Dolomiti","isPartOf":{"@id":"https:\/\/www.bellunopress.it\/#website"},"primaryImageOfPage":{"@id":"https:\/\/www.bellunopress.it\/2022\/12\/27\/lamberto-pietropoli-un-alpino-ad-honorem-il-ricordo-della-sorella-rosaprile\/#primaryimage"},"image":{"@id":"https:\/\/www.bellunopress.it\/2022\/12\/27\/lamberto-pietropoli-un-alpino-ad-honorem-il-ricordo-della-sorella-rosaprile\/#primaryimage"},"thumbnailUrl":"https:\/\/www.bellunopress.it\/wp-content\/uploads\/2022\/12\/lamberto_pietropoli_edited.jpg","datePublished":"2022-12-27T06:08:45+00:00","dateModified":"2022-12-27T08:39:26+00:00","breadcrumb":{"@id":"https:\/\/www.bellunopress.it\/2022\/12\/27\/lamberto-pietropoli-un-alpino-ad-honorem-il-ricordo-della-sorella-rosaprile\/#breadcrumb"},"inLanguage":"fr-FR","potentialAction":[{"@type":"ReadAction","target":["https:\/\/www.bellunopress.it\/2022\/12\/27\/lamberto-pietropoli-un-alpino-ad-honorem-il-ricordo-della-sorella-rosaprile\/"]}]},{"@type":"ImageObject","inLanguage":"fr-FR","@id":"https:\/\/www.bellunopress.it\/2022\/12\/27\/lamberto-pietropoli-un-alpino-ad-honorem-il-ricordo-della-sorella-rosaprile\/#primaryimage","url":"https:\/\/www.bellunopress.it\/wp-content\/uploads\/2022\/12\/lamberto_pietropoli_edited.jpg","contentUrl":"https:\/\/www.bellunopress.it\/wp-content\/uploads\/2022\/12\/lamberto_pietropoli_edited.jpg","width":836,"height":1000,"caption":"Lamberto Pietropoli"},{"@type":"BreadcrumbList","@id":"https:\/\/www.bellunopress.it\/2022\/12\/27\/lamberto-pietropoli-un-alpino-ad-honorem-il-ricordo-della-sorella-rosaprile\/#breadcrumb","itemListElement":[{"@type":"ListItem","position":1,"name":"Home","item":"https:\/\/www.bellunopress.it\/"},{"@type":"ListItem","position":2,"name":"Lamberto Pietropoli, un alpino ad honorem. Il ricordo della sorella Rosaprile\u00a0"}]},{"@type":"WebSite","@id":"https:\/\/www.bellunopress.it\/#website","url":"https:\/\/www.bellunopress.it\/","name":"Bellunopress - Dolomiti","description":"e-mail: redazione@bellunopress.it","publisher":{"@id":"https:\/\/www.bellunopress.it\/#organization"},"potentialAction":[{"@type":"SearchAction","target":{"@type":"EntryPoint","urlTemplate":"https:\/\/www.bellunopress.it\/?s={search_term_string}"},"query-input":{"@type":"PropertyValueSpecification","valueRequired":true,"valueName":"search_term_string"}}],"inLanguage":"fr-FR"},{"@type":"Organization","@id":"https:\/\/www.bellunopress.it\/#organization","name":"Bellunopress","url":"https:\/\/www.bellunopress.it\/","logo":{"@type":"ImageObject","inLanguage":"fr-FR","@id":"https:\/\/www.bellunopress.it\/#\/schema\/logo\/image\/","url":"https:\/\/www.bellunopress.it\/wp-content\/uploads\/2011\/05\/cropped-logo-bellunopress-.jpg","contentUrl":"https:\/\/www.bellunopress.it\/wp-content\/uploads\/2011\/05\/cropped-logo-bellunopress-.jpg","width":512,"height":512,"caption":"Bellunopress"},"image":{"@id":"https:\/\/www.bellunopress.it\/#\/schema\/logo\/image\/"},"sameAs":["https:\/\/www.facebook.com\/profile.php?id=100008943462799","https:\/\/x.com\/bellunopress","https:\/\/www.linkedin.com\/hp\/?dnr=JBzUWaJfMUw8vbXJJ2tVW5-I3jZKvC4wsoxE&amp;amp;amp;amp;amp;amp;trk=nav_responsive_tab_home","https:\/\/www.youtube.com\/channel\/UCxL0wu1uN0_3_7hGG0306cw"]},{"@type":"Person","@id":"https:\/\/www.bellunopress.it\/#\/schema\/person\/79bb06722b37ece1c03d3e94beb30d73","name":"r\u00e9daction","image":{"@type":"ImageObject","inLanguage":"fr-FR","@id":"https:\/\/secure.gravatar.com\/avatar\/37d968a2e67a6fd04c169c4bdef102d0bc5d31b2546345219e348575eb80e9a0?s=96&d=mm&r=g","url":"https:\/\/secure.gravatar.com\/avatar\/37d968a2e67a6fd04c169c4bdef102d0bc5d31b2546345219e348575eb80e9a0?s=96&d=mm&r=g","contentUrl":"https:\/\/secure.gravatar.com\/avatar\/37d968a2e67a6fd04c169c4bdef102d0bc5d31b2546345219e348575eb80e9a0?s=96&d=mm&r=g","caption":"redazione"},"sameAs":["http:\/\/www.bellunopress.it","https:\/\/x.com\/bellunopress"],"url":"https:\/\/www.bellunopress.it\/fr\/author\/redazione\/"}]}},"_links":{"self":[{"href":"https:\/\/www.bellunopress.it\/fr\/wp-json\/wp\/v2\/posts\/138651","targetHints":{"allow":["GET"]}}],"collection":[{"href":"https:\/\/www.bellunopress.it\/fr\/wp-json\/wp\/v2\/posts"}],"about":[{"href":"https:\/\/www.bellunopress.it\/fr\/wp-json\/wp\/v2\/types\/post"}],"author":[{"embeddable":true,"href":"https:\/\/www.bellunopress.it\/fr\/wp-json\/wp\/v2\/users\/2"}],"replies":[{"embeddable":true,"href":"https:\/\/www.bellunopress.it\/fr\/wp-json\/wp\/v2\/comments?post=138651"}],"version-history":[{"count":3,"href":"https:\/\/www.bellunopress.it\/fr\/wp-json\/wp\/v2\/posts\/138651\/revisions"}],"predecessor-version":[{"id":138656,"href":"https:\/\/www.bellunopress.it\/fr\/wp-json\/wp\/v2\/posts\/138651\/revisions\/138656"}],"wp:featuredmedia":[{"embeddable":true,"href":"https:\/\/www.bellunopress.it\/fr\/wp-json\/wp\/v2\/media\/138652"}],"wp:attachment":[{"href":"https:\/\/www.bellunopress.it\/fr\/wp-json\/wp\/v2\/media?parent=138651"}],"wp:term":[{"taxonomy":"category","embeddable":true,"href":"https:\/\/www.bellunopress.it\/fr\/wp-json\/wp\/v2\/categories?post=138651"},{"taxonomy":"post_tag","embeddable":true,"href":"https:\/\/www.bellunopress.it\/fr\/wp-json\/wp\/v2\/tags?post=138651"}],"curies":[{"name":"wp","href":"https:\/\/api.w.org\/{rel}","templated":true}]}}