{"id":138633,"date":"2022-12-24T22:40:04","date_gmt":"2022-12-24T21:40:04","guid":{"rendered":"https:\/\/www.bellunopress.it\/?p=138633"},"modified":"2022-12-25T06:46:58","modified_gmt":"2022-12-25T05:46:58","slug":"imposta-di-soggiorno-da-mussolini-alla-meloni-di-enzo-de-biasi","status":"publish","type":"post","link":"https:\/\/www.bellunopress.it\/fr\/2022\/12\/24\/imposta-di-soggiorno-da-mussolini-alla-meloni-di-enzo-de-biasi\/","title":{"rendered":"Imposta di soggiorno: da Mussolini alla Meloni  * di Enzo De Biasi"},"content":{"rendered":"<p><img loading=\"lazy\" decoding=\"async\" class=\"alignleft size-full wp-image-117756\" src=\"https:\/\/www.bellunopress.it\/wp-content\/uploads\/2020\/09\/Parlamento_edited.jpg\" alt=\"\" width=\"800\" height=\"600\" srcset=\"https:\/\/www.bellunopress.it\/wp-content\/uploads\/2020\/09\/Parlamento_edited.jpg 800w, https:\/\/www.bellunopress.it\/wp-content\/uploads\/2020\/09\/Parlamento_edited-500x375.jpg 500w, https:\/\/www.bellunopress.it\/wp-content\/uploads\/2020\/09\/Parlamento_edited-696x522.jpg 696w, https:\/\/www.bellunopress.it\/wp-content\/uploads\/2020\/09\/Parlamento_edited-560x420.jpg 560w, https:\/\/www.bellunopress.it\/wp-content\/uploads\/2020\/09\/Parlamento_edited-80x60.jpg 80w, https:\/\/www.bellunopress.it\/wp-content\/uploads\/2020\/09\/Parlamento_edited-265x198.jpg 265w\" sizes=\"auto, (max-width: 800px) 100vw, 800px\" \/>Ieri il Parlamento ha approvato la legge di Bilancio che d\u00e0 facolt\u00e0 ai Comuni con un numero di turisti pari ad oltre 20 volte le presenze di poter incrementare fino a 10 \u20ac per persona e per notte il pernottamento nella citt\u00e0 di Venezia.<\/p>\n<p>MOVIMENTO TURISTICO A VENEZIA\u00a0 (Fonte Regione del Veneto)<\/p>\n<p><strong>FOCUS SULL&#8217;INTERO COMUNE<\/strong><\/p>\n<p><strong>ARRIVI<\/strong><\/p>\n<p>Anno 2021<\/p>\n<p>Selezionare nella tabella o nel grafico la tipologia di struttura<\/p>\n<table>\n<tbody>\n<tr>\n<td width=\"188\"><strong>\u00a0<\/strong><\/td>\n<td width=\"188\"><strong>Arrivi<\/strong><\/td>\n<td width=\"188\"><strong>var % (\u00b0)<\/strong><\/td>\n<\/tr>\n<tr>\n<td>\u00a0<a href=\"https:\/\/statistica.regione.veneto.it\/jsp\/venezia_dettaglio.jsp?comune=Venezia&amp;mov=A&amp;periodo=202112&amp;struttura=Alberghieri\">Alberghieri<\/a><\/td>\n<td>1.323.704<\/td>\n<td>49,4<\/td>\n<\/tr>\n<tr>\n<td>\u00a0<a href=\"https:\/\/statistica.regione.veneto.it\/jsp\/venezia_dettaglio.jsp?comune=Venezia&amp;mov=A&amp;periodo=202112&amp;struttura=Extralberghieri\">Extralberghieri<\/a><\/td>\n<td>797.190<\/td>\n<td>76,6<\/td>\n<\/tr>\n<tr>\n<td>\u00a0<a href=\"https:\/\/statistica.regione.veneto.it\/jsp\/venezia_dettaglio.jsp?comune=Venezia&amp;mov=A&amp;periodo=202112&amp;struttura=Totale\">Totale<\/a><\/td>\n<td>2.120.894<\/td>\n<td>58,6<\/td>\n<\/tr>\n<\/tbody>\n<\/table>\n<p>(\u00b0) Rispetto all&#8217;anno precedente<\/p>\n<p>&nbsp;<\/p>\n<p><strong>PRESENZE<\/strong><\/p>\n<p><strong>Anno 2021<\/strong><\/p>\n<p>&nbsp;<\/p>\n<table>\n<tbody>\n<tr>\n<td width=\"188\"><strong>\u00a0<\/strong><\/td>\n<td width=\"188\"><strong>Presenze<\/strong><\/td>\n<td width=\"188\"><strong>var % (\u00b0)<\/strong><\/td>\n<\/tr>\n<tr>\n<td>\u00a0<a href=\"https:\/\/statistica.regione.veneto.it\/jsp\/venezia_dettaglio.jsp?comune=Venezia&amp;mov=P&amp;periodo=202112&amp;struttura=Alberghieri\">Alberghieri<\/a><\/td>\n<td>3.172.209<\/td>\n<td>60,7<\/td>\n<\/tr>\n<tr>\n<td>\u00a0<a href=\"https:\/\/statistica.regione.veneto.it\/jsp\/venezia_dettaglio.jsp?comune=Venezia&amp;mov=P&amp;periodo=202112&amp;struttura=Extralberghieri\">Extralberghieri<\/a><\/td>\n<td>2.555.678<\/td>\n<td>61,5<\/td>\n<\/tr>\n<tr>\n<td>\u00a0<a href=\"https:\/\/statistica.regione.veneto.it\/jsp\/venezia_dettaglio.jsp?comune=Venezia&amp;mov=P&amp;periodo=202112&amp;struttura=Totale\">Totale<\/a><\/td>\n<td><strong>5.727.887<\/strong><\/td>\n<td>61,0<\/td>\n<\/tr>\n<\/tbody>\n<\/table>\n<p>(\u00b0) Rispetto all&#8217;anno precedente<\/p>\n<p><strong>ARRIVI Comune di\u00a0 Venezia\u00a0 (fonte Regione del Veneto)<\/strong><\/p>\n<p>Anno 2021<\/p>\n<p>Selezionare nella tabella o nel grafico la tipologia di struttura<\/p>\n<table>\n<tbody>\n<tr>\n<td width=\"188\"><strong>\u00a0<\/strong><\/td>\n<td width=\"188\"><strong>Arrivi<\/strong><\/td>\n<td width=\"188\"><strong>var % (\u00b0)<\/strong><\/td>\n<\/tr>\n<tr>\n<td>\u00a0<a href=\"https:\/\/statistica.regione.veneto.it\/jsp\/venezia_dettaglio.jsp?comune=Venezia&amp;mov=A&amp;periodo=202112&amp;struttura=Alberghieri\">Alberghieri<\/a><\/td>\n<td>1.323.704<\/td>\n<td>49,4<\/td>\n<\/tr>\n<tr>\n<td>\u00a0<a href=\"https:\/\/statistica.regione.veneto.it\/jsp\/venezia_dettaglio.jsp?comune=Venezia&amp;mov=A&amp;periodo=202112&amp;struttura=Extralberghieri\">Extralberghieri<\/a><\/td>\n<td>797.190<\/td>\n<td>76,6<\/td>\n<\/tr>\n<tr>\n<td>\u00a0<a href=\"https:\/\/statistica.regione.veneto.it\/jsp\/venezia_dettaglio.jsp?comune=Venezia&amp;mov=A&amp;periodo=202112&amp;struttura=Totale\">Totale<\/a><\/td>\n<td><strong>2.120.894<\/strong><\/td>\n<td><strong>58,6<\/strong><\/td>\n<\/tr>\n<\/tbody>\n<\/table>\n<p>(\u00b0) Rispetto all&#8217;anno precedente<\/p>\n<p><strong>PRESENZE<\/strong><\/p>\n<p>Anno 2021<\/p>\n<p>&nbsp;<\/p>\n<p>Selezionare nella tabella o nel grafico la tipologia di struttura<\/p>\n<table>\n<tbody>\n<tr>\n<td width=\"188\"><strong>\u00a0<\/strong><\/td>\n<td width=\"188\"><strong>Presenze<\/strong><\/td>\n<td width=\"188\"><strong>var % (\u00b0)<\/strong><\/td>\n<\/tr>\n<tr>\n<td>\u00a0<a href=\"https:\/\/statistica.regione.veneto.it\/jsp\/venezia_dettaglio.jsp?comune=Venezia&amp;mov=P&amp;periodo=202112&amp;struttura=Alberghieri\">Alberghieri<\/a><\/td>\n<td>3.172.209<\/td>\n<td>60,7<\/td>\n<\/tr>\n<tr>\n<td>\u00a0<a href=\"https:\/\/statistica.regione.veneto.it\/jsp\/venezia_dettaglio.jsp?comune=Venezia&amp;mov=P&amp;periodo=202112&amp;struttura=Extralberghieri\">Extralberghieri<\/a><\/td>\n<td>2.555.678<\/td>\n<td>61,5<\/td>\n<\/tr>\n<\/tbody>\n<\/table>\n<p>&nbsp;<\/p>\n<p>A tarda notte e come succede nelle migliori trattative tra le parti, \u00e8 stata varata la legge finanziaria che sar\u00e0 sottoposta, per dovere costituzionale al Senato della Repubblica, la prossima settimana. Tra le norme bizzarre di un esecutivo la cui compagine si era esplicitamente e pi\u00f9 volte dichiarata contro l\u2019aumento delle tasse, si annota l\u2019introduzione di un possibile aumento dell\u2019imposta di soggiorno per quei capoluoghi di provincia che superano di ben 20 volte il numero di presenze registrate mediamente nel triennio precedente nei rispettivi territori.<\/p>\n<p>La pensata \u00e8 stata proposta dal PD, partito di solito dormiente ma stavolta risvegliatosi; anche se il primato nell&#8217;averla introdotta spetta, ad onor del vero, a Benito Mussolini. Il regolamento del Regio decreto-legge n. 765 del 15 aprile 1926 recava infatti, disposizioni utili per sviluppare il turismo del nostro Bel Paese. Giusto annotare che trascorsi quasi cento anni, nulla \u00e8 cambiato; davvero buffo. \u00a0\u00a0A dir il vero, la tassa di soggiorno per 3 anni venne abolita, ci\u00f2 accadde nel 1990, in occasioni dei Mondiali di Calcio a seguito di una richiesta di aiuto proveniente dal Governo verso gli imprenditori rappresentati a Milano unitariamente da Giovanni Colombo. Ma poich\u00e9 da noi tutto dura poco, specie le decisioni del Governo in carica, venne re-introdotta poich\u00e9 le promesse fatte dalla componente pubblica in termini di maggiori trasferimenti di risorse alle realt\u00e0 locali non erano state mantenute. Cose che capitano, come dice chi \u00e8 uomo di mondo.<\/p>\n<p>Venendo all\u2019argomento nello specifico, un emendamento del PD sul punto \u00e8 stato accettato, cosi che una volta accertato la somma nel triennio precedente delle due componenti in Venezia (alberghiero ed extra-alberghiero) che \u00a0\u00e8 pari a 5.727.887 base di confronto per verificare se sono sopra o sotto il fatidico \u201c20 volte\u201d, risultando positivo il dato mediamente si andr\u00e0 al raddoppio. I primi a gioire saranno soprattutto gli albergatori del Centro Storico, i pi\u00f9 generosi verso lo Stato contribuendo con un loro gettito pi\u00f9 consistente e generoso rispetto all\u2019attuale, mentre quelli della terraferma avranno aliquote pi\u00f9 modeste. In ogni caso tutti applaudiranno i loro rappresentanti nazionali, regionali e locali, perch\u00e9 il limite massimo \u00e8 di 10 \u20ac per persona per notte. Gli applausi pi\u00f9 calorosi andranno &#8211; senza dubbio- agli esponenti governativi e alla maggioranza che li sostiene, mentre la sinistra -more solito &#8211; ha avuto 30 anni di governo cittadino e 10 per quello nazionale, ma si sa Venezia \u00e8 un piccolo paese lungo la costa adriatica. \u00a0Chiss\u00e0 diventer\u00e0 (o lo \u00e8 gi\u00e0?) il prossimo Gardaland gestito \u00a0\u00a0in termini di efficacia ed efficienza mai viste prima? Basta attendere.<\/p>\n<p>Tornando al tema, soprattutto a Mestre e Marghera andr\u00e0 avanti l\u2019edificazione alberghiera, in parte gi\u00e0 realizzata, ora si tratta di dare una spinta alla percentuale di occupazione dei posti letto. I turisti che saranno (sono) ospiti di questi nuovi alberghi con mezz\u2019ora di mezzo pubblico arriveranno (arrivano) nella citt\u00e0 lagunare e potranno (possono) gustarsi in dieci ore tutto il centro storico, poi verso sera torneranno ai loro domicili temporanei.<\/p>\n<p>Inoltre, per rendere pi\u00f9 appetibile la destinazione Venezia sullo scenario nazionale ed internazionale, Il settore dei voli aerei continua ad essere al centro dell\u2019attenzione, non solo per i\u00a0rincari dei voli. Ogni volta che si compra un\u00a0biglietto aereo, compreso nel prezzo c\u2019\u00e8 anche la\u00a0tassa d\u2019imbarco, come viene chiamata comunemente l\u2019addizionale comunale sui diritti d\u2019imbarco. Si tratta di un balzello che conoscono in pochi, pagato dai passeggeri italiani e che l\u2019aeroporto di partenza del volo deve poi destinare alle casse dello Stato.<\/p>\n<p>Nel 2023 le cose cambieranno, ma non in meglio. E\u2019 infatti in\u00a0previsione\u00a0un aumento dell\u2019imposta di imbarco\u00a0per il prossimo anno, che andr\u00e0 cos\u00ec a gravare ulteriormente sul costo dei biglietti. Il classico esempio di danno oltre la beffa, dato che nell\u2019ultimo periodo i prezzi dei biglietti sono rincarati in maniera esponenziale per colpa della guerra e del caro energia. A tutto poi, si aggiunge l\u2019aumento per dormire nella citt\u00e0 storica.<\/p>\n<p>Provvedimenti per fare cassa, senza alcuna prospettiva, tantomeno per il futuro della citt\u00e0 storica. Infatti, la pressione sul Centro Storico aumenter\u00e0 e dato che questo Governo strizza l\u2019occhio agli evasori molti \u201cimprenditori alberghieri ed extra\u201d saranno inevitabilmente tentati a farlo. Di suo la Destra quando arriva al potere, pur non indicando strategie e piani di sviluppo e men che meno accettando confronti democratici e realmente aperti, ha un pregio: decide per mano e testa di un cittadino residente a Mogliano Veneto, ma che comanda la Serenissima. Allo stesso tempo, i cittadini veneziani come i sudditi di un tempo, aspettano l\u2019editto municipale quando sar\u00e0 dato alle stampe dopo il 01.01.2023. Il Senato della Repubblica sar\u00e0 un semplice passacarte? o batter\u00e0 un colpo? Basta attendere: Buon Natale e con l\u2019occasione Buon Capodanno.<\/p>\n<p>Enzo De Biasi<\/p>\n<p>&nbsp;<\/p>","protected":false},"excerpt":{"rendered":"<p>Ieri il Parlamento ha approvato la legge di Bilancio che d\u00e0 facolt\u00e0 ai Comuni con un numero di turisti pari ad oltre 20 volte le presenze di poter incrementare fino a 10 \u20ac per persona e per notte il pernottamento nella citt\u00e0 di Venezia. MOVIMENTO TURISTICO A VENEZIA\u00a0 (Fonte Regione del Veneto) FOCUS SULL&#8217;INTERO COMUNE [&hellip;]<\/p>\n","protected":false},"author":2,"featured_media":117756,"comment_status":"closed","ping_status":"open","sticky":false,"template":"","format":"standard","meta":{"footnotes":""},"categories":[36,26],"tags":[],"class_list":["post-138633","post","type-post","status-publish","format-standard","has-post-thumbnail","category-lavoro-economia","category-prima-pagina"],"yoast_head":"<!-- This site is optimized with the Yoast SEO plugin v28.4 - https:\/\/yoast.com\/product\/yoast-seo-wordpress\/ -->\n<title>Imposta di soggiorno: da Mussolini alla Meloni * di Enzo De Biasi - Bellunopress - Dolomiti<\/title>\n<meta name=\"robots\" content=\"index, follow, max-snippet:-1, max-image-preview:large, max-video-preview:-1\" \/>\n<link rel=\"canonical\" href=\"https:\/\/www.bellunopress.it\/fr\/2022\/12\/24\/imposta-di-soggiorno-da-mussolini-alla-meloni-di-enzo-de-biasi\/\" \/>\n<meta property=\"og:locale\" content=\"fr_FR\" \/>\n<meta property=\"og:type\" content=\"article\" \/>\n<meta property=\"og:title\" content=\"Imposta di soggiorno: da Mussolini alla Meloni * di Enzo De Biasi - Bellunopress - Dolomiti\" \/>\n<meta property=\"og:description\" content=\"Ieri il Parlamento ha approvato la legge di Bilancio che d\u00e0 facolt\u00e0 ai Comuni con un numero di turisti pari ad oltre 20 volte le presenze di poter incrementare fino a 10 \u20ac per persona e per notte il pernottamento nella citt\u00e0 di Venezia. MOVIMENTO TURISTICO A VENEZIA\u00a0 (Fonte Regione del Veneto) FOCUS SULL&#8217;INTERO COMUNE [&hellip;]\" \/>\n<meta property=\"og:url\" content=\"https:\/\/www.bellunopress.it\/fr\/2022\/12\/24\/imposta-di-soggiorno-da-mussolini-alla-meloni-di-enzo-de-biasi\/\" \/>\n<meta property=\"og:site_name\" content=\"Bellunopress - Dolomiti\" \/>\n<meta property=\"article:publisher\" content=\"https:\/\/www.facebook.com\/profile.php?id=100008943462799\" \/>\n<meta property=\"article:published_time\" content=\"2022-12-24T21:40:04+00:00\" \/>\n<meta property=\"article:modified_time\" content=\"2022-12-25T05:46:58+00:00\" \/>\n<meta property=\"og:image\" content=\"https:\/\/www.bellunopress.it\/wp-content\/uploads\/2020\/09\/Parlamento_edited.jpg\" \/>\n\t<meta property=\"og:image:width\" content=\"800\" \/>\n\t<meta property=\"og:image:height\" content=\"600\" \/>\n\t<meta property=\"og:image:type\" content=\"image\/jpeg\" \/>\n<meta name=\"author\" content=\"redazione\" \/>\n<meta name=\"twitter:card\" content=\"summary_large_image\" \/>\n<meta name=\"twitter:creator\" content=\"@bellunopress\" \/>\n<meta name=\"twitter:site\" content=\"@bellunopress\" \/>\n<meta name=\"twitter:label1\" content=\"\u00c9crit par\" \/>\n\t<meta name=\"twitter:data1\" content=\"redazione\" \/>\n\t<meta name=\"twitter:label2\" content=\"Dur\u00e9e de lecture estim\u00e9e\" \/>\n\t<meta name=\"twitter:data2\" content=\"6 minutes\" \/>\n<script type=\"application\/ld+json\" class=\"yoast-schema-graph\">{\"@context\":\"https:\\\/\\\/schema.org\",\"@graph\":[{\"@type\":\"Article\",\"@id\":\"https:\\\/\\\/www.bellunopress.it\\\/2022\\\/12\\\/24\\\/imposta-di-soggiorno-da-mussolini-alla-meloni-di-enzo-de-biasi\\\/#article\",\"isPartOf\":{\"@id\":\"https:\\\/\\\/www.bellunopress.it\\\/2022\\\/12\\\/24\\\/imposta-di-soggiorno-da-mussolini-alla-meloni-di-enzo-de-biasi\\\/\"},\"author\":{\"name\":\"redazione\",\"@id\":\"https:\\\/\\\/www.bellunopress.it\\\/#\\\/schema\\\/person\\\/79bb06722b37ece1c03d3e94beb30d73\"},\"headline\":\"Imposta di soggiorno: da Mussolini alla Meloni * di Enzo De Biasi\",\"datePublished\":\"2022-12-24T21:40:04+00:00\",\"dateModified\":\"2022-12-25T05:46:58+00:00\",\"mainEntityOfPage\":{\"@id\":\"https:\\\/\\\/www.bellunopress.it\\\/2022\\\/12\\\/24\\\/imposta-di-soggiorno-da-mussolini-alla-meloni-di-enzo-de-biasi\\\/\"},\"wordCount\":923,\"publisher\":{\"@id\":\"https:\\\/\\\/www.bellunopress.it\\\/#organization\"},\"image\":{\"@id\":\"https:\\\/\\\/www.bellunopress.it\\\/2022\\\/12\\\/24\\\/imposta-di-soggiorno-da-mussolini-alla-meloni-di-enzo-de-biasi\\\/#primaryimage\"},\"thumbnailUrl\":\"https:\\\/\\\/www.bellunopress.it\\\/wp-content\\\/uploads\\\/2020\\\/09\\\/Parlamento_edited.jpg\",\"articleSection\":[\"Lavoro, Economia, Turismo\",\"Prima Pagina\"],\"inLanguage\":\"fr-FR\"},{\"@type\":\"WebPage\",\"@id\":\"https:\\\/\\\/www.bellunopress.it\\\/2022\\\/12\\\/24\\\/imposta-di-soggiorno-da-mussolini-alla-meloni-di-enzo-de-biasi\\\/\",\"url\":\"https:\\\/\\\/www.bellunopress.it\\\/2022\\\/12\\\/24\\\/imposta-di-soggiorno-da-mussolini-alla-meloni-di-enzo-de-biasi\\\/\",\"name\":\"Imposta di soggiorno: da Mussolini alla Meloni * di Enzo De Biasi - Bellunopress - Dolomiti\",\"isPartOf\":{\"@id\":\"https:\\\/\\\/www.bellunopress.it\\\/#website\"},\"primaryImageOfPage\":{\"@id\":\"https:\\\/\\\/www.bellunopress.it\\\/2022\\\/12\\\/24\\\/imposta-di-soggiorno-da-mussolini-alla-meloni-di-enzo-de-biasi\\\/#primaryimage\"},\"image\":{\"@id\":\"https:\\\/\\\/www.bellunopress.it\\\/2022\\\/12\\\/24\\\/imposta-di-soggiorno-da-mussolini-alla-meloni-di-enzo-de-biasi\\\/#primaryimage\"},\"thumbnailUrl\":\"https:\\\/\\\/www.bellunopress.it\\\/wp-content\\\/uploads\\\/2020\\\/09\\\/Parlamento_edited.jpg\",\"datePublished\":\"2022-12-24T21:40:04+00:00\",\"dateModified\":\"2022-12-25T05:46:58+00:00\",\"breadcrumb\":{\"@id\":\"https:\\\/\\\/www.bellunopress.it\\\/2022\\\/12\\\/24\\\/imposta-di-soggiorno-da-mussolini-alla-meloni-di-enzo-de-biasi\\\/#breadcrumb\"},\"inLanguage\":\"fr-FR\",\"potentialAction\":[{\"@type\":\"ReadAction\",\"target\":[\"https:\\\/\\\/www.bellunopress.it\\\/2022\\\/12\\\/24\\\/imposta-di-soggiorno-da-mussolini-alla-meloni-di-enzo-de-biasi\\\/\"]}]},{\"@type\":\"ImageObject\",\"inLanguage\":\"fr-FR\",\"@id\":\"https:\\\/\\\/www.bellunopress.it\\\/2022\\\/12\\\/24\\\/imposta-di-soggiorno-da-mussolini-alla-meloni-di-enzo-de-biasi\\\/#primaryimage\",\"url\":\"https:\\\/\\\/www.bellunopress.it\\\/wp-content\\\/uploads\\\/2020\\\/09\\\/Parlamento_edited.jpg\",\"contentUrl\":\"https:\\\/\\\/www.bellunopress.it\\\/wp-content\\\/uploads\\\/2020\\\/09\\\/Parlamento_edited.jpg\",\"width\":800,\"height\":600},{\"@type\":\"BreadcrumbList\",\"@id\":\"https:\\\/\\\/www.bellunopress.it\\\/2022\\\/12\\\/24\\\/imposta-di-soggiorno-da-mussolini-alla-meloni-di-enzo-de-biasi\\\/#breadcrumb\",\"itemListElement\":[{\"@type\":\"ListItem\",\"position\":1,\"name\":\"Home\",\"item\":\"https:\\\/\\\/www.bellunopress.it\\\/\"},{\"@type\":\"ListItem\",\"position\":2,\"name\":\"Imposta di soggiorno: da Mussolini alla Meloni * di Enzo De Biasi\"}]},{\"@type\":\"WebSite\",\"@id\":\"https:\\\/\\\/www.bellunopress.it\\\/#website\",\"url\":\"https:\\\/\\\/www.bellunopress.it\\\/\",\"name\":\"Bellunopress - Dolomiti\",\"description\":\"e-mail: redazione@bellunopress.it\",\"publisher\":{\"@id\":\"https:\\\/\\\/www.bellunopress.it\\\/#organization\"},\"potentialAction\":[{\"@type\":\"SearchAction\",\"target\":{\"@type\":\"EntryPoint\",\"urlTemplate\":\"https:\\\/\\\/www.bellunopress.it\\\/?s={search_term_string}\"},\"query-input\":{\"@type\":\"PropertyValueSpecification\",\"valueRequired\":true,\"valueName\":\"search_term_string\"}}],\"inLanguage\":\"fr-FR\"},{\"@type\":\"Organization\",\"@id\":\"https:\\\/\\\/www.bellunopress.it\\\/#organization\",\"name\":\"Bellunopress\",\"url\":\"https:\\\/\\\/www.bellunopress.it\\\/\",\"logo\":{\"@type\":\"ImageObject\",\"inLanguage\":\"fr-FR\",\"@id\":\"https:\\\/\\\/www.bellunopress.it\\\/#\\\/schema\\\/logo\\\/image\\\/\",\"url\":\"https:\\\/\\\/www.bellunopress.it\\\/wp-content\\\/uploads\\\/2011\\\/05\\\/cropped-logo-bellunopress-.jpg\",\"contentUrl\":\"https:\\\/\\\/www.bellunopress.it\\\/wp-content\\\/uploads\\\/2011\\\/05\\\/cropped-logo-bellunopress-.jpg\",\"width\":512,\"height\":512,\"caption\":\"Bellunopress\"},\"image\":{\"@id\":\"https:\\\/\\\/www.bellunopress.it\\\/#\\\/schema\\\/logo\\\/image\\\/\"},\"sameAs\":[\"https:\\\/\\\/www.facebook.com\\\/profile.php?id=100008943462799\",\"https:\\\/\\\/x.com\\\/bellunopress\",\"https:\\\/\\\/www.linkedin.com\\\/hp\\\/?dnr=JBzUWaJfMUw8vbXJJ2tVW5-I3jZKvC4wsoxE&amp;amp;amp;amp;amp;amp;trk=nav_responsive_tab_home\",\"https:\\\/\\\/www.youtube.com\\\/channel\\\/UCxL0wu1uN0_3_7hGG0306cw\"]},{\"@type\":\"Person\",\"@id\":\"https:\\\/\\\/www.bellunopress.it\\\/#\\\/schema\\\/person\\\/79bb06722b37ece1c03d3e94beb30d73\",\"name\":\"redazione\",\"image\":{\"@type\":\"ImageObject\",\"inLanguage\":\"fr-FR\",\"@id\":\"https:\\\/\\\/secure.gravatar.com\\\/avatar\\\/37d968a2e67a6fd04c169c4bdef102d0bc5d31b2546345219e348575eb80e9a0?s=96&d=mm&r=g\",\"url\":\"https:\\\/\\\/secure.gravatar.com\\\/avatar\\\/37d968a2e67a6fd04c169c4bdef102d0bc5d31b2546345219e348575eb80e9a0?s=96&d=mm&r=g\",\"contentUrl\":\"https:\\\/\\\/secure.gravatar.com\\\/avatar\\\/37d968a2e67a6fd04c169c4bdef102d0bc5d31b2546345219e348575eb80e9a0?s=96&d=mm&r=g\",\"caption\":\"redazione\"},\"sameAs\":[\"http:\\\/\\\/www.bellunopress.it\",\"https:\\\/\\\/x.com\\\/bellunopress\"],\"url\":\"https:\\\/\\\/www.bellunopress.it\\\/fr\\\/author\\\/redazione\\\/\"}]}<\/script>\n<!-- \/ Yoast SEO plugin. -->","yoast_head_json":{"title":"Imposta di soggiorno: da Mussolini alla Meloni * di Enzo De Biasi - Bellunopress - Dolomiti","robots":{"index":"index","follow":"follow","max-snippet":"max-snippet:-1","max-image-preview":"max-image-preview:large","max-video-preview":"max-video-preview:-1"},"canonical":"https:\/\/www.bellunopress.it\/fr\/2022\/12\/24\/imposta-di-soggiorno-da-mussolini-alla-meloni-di-enzo-de-biasi\/","og_locale":"fr_FR","og_type":"article","og_title":"Imposta di soggiorno: da Mussolini alla Meloni * di Enzo De Biasi - Bellunopress - Dolomiti","og_description":"Ieri il Parlamento ha approvato la legge di Bilancio che d\u00e0 facolt\u00e0 ai Comuni con un numero di turisti pari ad oltre 20 volte le presenze di poter incrementare fino a 10 \u20ac per persona e per notte il pernottamento nella citt\u00e0 di Venezia. MOVIMENTO TURISTICO A VENEZIA\u00a0 (Fonte Regione del Veneto) FOCUS SULL&#8217;INTERO COMUNE [&hellip;]","og_url":"https:\/\/www.bellunopress.it\/fr\/2022\/12\/24\/imposta-di-soggiorno-da-mussolini-alla-meloni-di-enzo-de-biasi\/","og_site_name":"Bellunopress - Dolomiti","article_publisher":"https:\/\/www.facebook.com\/profile.php?id=100008943462799","article_published_time":"2022-12-24T21:40:04+00:00","article_modified_time":"2022-12-25T05:46:58+00:00","og_image":[{"width":800,"height":600,"url":"https:\/\/www.bellunopress.it\/wp-content\/uploads\/2020\/09\/Parlamento_edited.jpg","type":"image\/jpeg"}],"author":"redazione","twitter_card":"summary_large_image","twitter_creator":"@bellunopress","twitter_site":"@bellunopress","twitter_misc":{"\u00c9crit par":"redazione","Dur\u00e9e de lecture estim\u00e9e":"6 minutes"},"schema":{"@context":"https:\/\/schema.org","@graph":[{"@type":"Article","@id":"https:\/\/www.bellunopress.it\/2022\/12\/24\/imposta-di-soggiorno-da-mussolini-alla-meloni-di-enzo-de-biasi\/#article","isPartOf":{"@id":"https:\/\/www.bellunopress.it\/2022\/12\/24\/imposta-di-soggiorno-da-mussolini-alla-meloni-di-enzo-de-biasi\/"},"author":{"name":"redazione","@id":"https:\/\/www.bellunopress.it\/#\/schema\/person\/79bb06722b37ece1c03d3e94beb30d73"},"headline":"Imposta di soggiorno: da Mussolini alla Meloni * di Enzo De Biasi","datePublished":"2022-12-24T21:40:04+00:00","dateModified":"2022-12-25T05:46:58+00:00","mainEntityOfPage":{"@id":"https:\/\/www.bellunopress.it\/2022\/12\/24\/imposta-di-soggiorno-da-mussolini-alla-meloni-di-enzo-de-biasi\/"},"wordCount":923,"publisher":{"@id":"https:\/\/www.bellunopress.it\/#organization"},"image":{"@id":"https:\/\/www.bellunopress.it\/2022\/12\/24\/imposta-di-soggiorno-da-mussolini-alla-meloni-di-enzo-de-biasi\/#primaryimage"},"thumbnailUrl":"https:\/\/www.bellunopress.it\/wp-content\/uploads\/2020\/09\/Parlamento_edited.jpg","articleSection":["Lavoro, Economia, Turismo","Prima Pagina"],"inLanguage":"fr-FR"},{"@type":"WebPage","@id":"https:\/\/www.bellunopress.it\/2022\/12\/24\/imposta-di-soggiorno-da-mussolini-alla-meloni-di-enzo-de-biasi\/","url":"https:\/\/www.bellunopress.it\/2022\/12\/24\/imposta-di-soggiorno-da-mussolini-alla-meloni-di-enzo-de-biasi\/","name":"Imposta di soggiorno: da Mussolini alla Meloni * di Enzo De Biasi - Bellunopress - Dolomiti","isPartOf":{"@id":"https:\/\/www.bellunopress.it\/#website"},"primaryImageOfPage":{"@id":"https:\/\/www.bellunopress.it\/2022\/12\/24\/imposta-di-soggiorno-da-mussolini-alla-meloni-di-enzo-de-biasi\/#primaryimage"},"image":{"@id":"https:\/\/www.bellunopress.it\/2022\/12\/24\/imposta-di-soggiorno-da-mussolini-alla-meloni-di-enzo-de-biasi\/#primaryimage"},"thumbnailUrl":"https:\/\/www.bellunopress.it\/wp-content\/uploads\/2020\/09\/Parlamento_edited.jpg","datePublished":"2022-12-24T21:40:04+00:00","dateModified":"2022-12-25T05:46:58+00:00","breadcrumb":{"@id":"https:\/\/www.bellunopress.it\/2022\/12\/24\/imposta-di-soggiorno-da-mussolini-alla-meloni-di-enzo-de-biasi\/#breadcrumb"},"inLanguage":"fr-FR","potentialAction":[{"@type":"ReadAction","target":["https:\/\/www.bellunopress.it\/2022\/12\/24\/imposta-di-soggiorno-da-mussolini-alla-meloni-di-enzo-de-biasi\/"]}]},{"@type":"ImageObject","inLanguage":"fr-FR","@id":"https:\/\/www.bellunopress.it\/2022\/12\/24\/imposta-di-soggiorno-da-mussolini-alla-meloni-di-enzo-de-biasi\/#primaryimage","url":"https:\/\/www.bellunopress.it\/wp-content\/uploads\/2020\/09\/Parlamento_edited.jpg","contentUrl":"https:\/\/www.bellunopress.it\/wp-content\/uploads\/2020\/09\/Parlamento_edited.jpg","width":800,"height":600},{"@type":"BreadcrumbList","@id":"https:\/\/www.bellunopress.it\/2022\/12\/24\/imposta-di-soggiorno-da-mussolini-alla-meloni-di-enzo-de-biasi\/#breadcrumb","itemListElement":[{"@type":"ListItem","position":1,"name":"Home","item":"https:\/\/www.bellunopress.it\/"},{"@type":"ListItem","position":2,"name":"Imposta di soggiorno: da Mussolini alla Meloni * di Enzo De Biasi"}]},{"@type":"WebSite","@id":"https:\/\/www.bellunopress.it\/#website","url":"https:\/\/www.bellunopress.it\/","name":"Bellunopress - Dolomiti","description":"e-mail: redazione@bellunopress.it","publisher":{"@id":"https:\/\/www.bellunopress.it\/#organization"},"potentialAction":[{"@type":"SearchAction","target":{"@type":"EntryPoint","urlTemplate":"https:\/\/www.bellunopress.it\/?s={search_term_string}"},"query-input":{"@type":"PropertyValueSpecification","valueRequired":true,"valueName":"search_term_string"}}],"inLanguage":"fr-FR"},{"@type":"Organization","@id":"https:\/\/www.bellunopress.it\/#organization","name":"Bellunopress","url":"https:\/\/www.bellunopress.it\/","logo":{"@type":"ImageObject","inLanguage":"fr-FR","@id":"https:\/\/www.bellunopress.it\/#\/schema\/logo\/image\/","url":"https:\/\/www.bellunopress.it\/wp-content\/uploads\/2011\/05\/cropped-logo-bellunopress-.jpg","contentUrl":"https:\/\/www.bellunopress.it\/wp-content\/uploads\/2011\/05\/cropped-logo-bellunopress-.jpg","width":512,"height":512,"caption":"Bellunopress"},"image":{"@id":"https:\/\/www.bellunopress.it\/#\/schema\/logo\/image\/"},"sameAs":["https:\/\/www.facebook.com\/profile.php?id=100008943462799","https:\/\/x.com\/bellunopress","https:\/\/www.linkedin.com\/hp\/?dnr=JBzUWaJfMUw8vbXJJ2tVW5-I3jZKvC4wsoxE&amp;amp;amp;amp;amp;amp;trk=nav_responsive_tab_home","https:\/\/www.youtube.com\/channel\/UCxL0wu1uN0_3_7hGG0306cw"]},{"@type":"Person","@id":"https:\/\/www.bellunopress.it\/#\/schema\/person\/79bb06722b37ece1c03d3e94beb30d73","name":"r\u00e9daction","image":{"@type":"ImageObject","inLanguage":"fr-FR","@id":"https:\/\/secure.gravatar.com\/avatar\/37d968a2e67a6fd04c169c4bdef102d0bc5d31b2546345219e348575eb80e9a0?s=96&d=mm&r=g","url":"https:\/\/secure.gravatar.com\/avatar\/37d968a2e67a6fd04c169c4bdef102d0bc5d31b2546345219e348575eb80e9a0?s=96&d=mm&r=g","contentUrl":"https:\/\/secure.gravatar.com\/avatar\/37d968a2e67a6fd04c169c4bdef102d0bc5d31b2546345219e348575eb80e9a0?s=96&d=mm&r=g","caption":"redazione"},"sameAs":["http:\/\/www.bellunopress.it","https:\/\/x.com\/bellunopress"],"url":"https:\/\/www.bellunopress.it\/fr\/author\/redazione\/"}]}},"_links":{"self":[{"href":"https:\/\/www.bellunopress.it\/fr\/wp-json\/wp\/v2\/posts\/138633","targetHints":{"allow":["GET"]}}],"collection":[{"href":"https:\/\/www.bellunopress.it\/fr\/wp-json\/wp\/v2\/posts"}],"about":[{"href":"https:\/\/www.bellunopress.it\/fr\/wp-json\/wp\/v2\/types\/post"}],"author":[{"embeddable":true,"href":"https:\/\/www.bellunopress.it\/fr\/wp-json\/wp\/v2\/users\/2"}],"replies":[{"embeddable":true,"href":"https:\/\/www.bellunopress.it\/fr\/wp-json\/wp\/v2\/comments?post=138633"}],"version-history":[{"count":3,"href":"https:\/\/www.bellunopress.it\/fr\/wp-json\/wp\/v2\/posts\/138633\/revisions"}],"predecessor-version":[{"id":138636,"href":"https:\/\/www.bellunopress.it\/fr\/wp-json\/wp\/v2\/posts\/138633\/revisions\/138636"}],"wp:featuredmedia":[{"embeddable":true,"href":"https:\/\/www.bellunopress.it\/fr\/wp-json\/wp\/v2\/media\/117756"}],"wp:attachment":[{"href":"https:\/\/www.bellunopress.it\/fr\/wp-json\/wp\/v2\/media?parent=138633"}],"wp:term":[{"taxonomy":"category","embeddable":true,"href":"https:\/\/www.bellunopress.it\/fr\/wp-json\/wp\/v2\/categories?post=138633"},{"taxonomy":"post_tag","embeddable":true,"href":"https:\/\/www.bellunopress.it\/fr\/wp-json\/wp\/v2\/tags?post=138633"}],"curies":[{"name":"wp","href":"https:\/\/api.w.org\/{rel}","templated":true}]}}